{"id":1076,"date":"2018-05-11T16:36:18","date_gmt":"2018-05-11T15:36:18","guid":{"rendered":"http:\/\/obeirao.pt\/online\/?p=1076"},"modified":"2018-05-11T16:57:34","modified_gmt":"2018-05-11T15:57:34","slug":"molelos-acolhe-feira-antiga-e-soenga","status":"publish","type":"post","link":"http:\/\/obeirao.pt\/online\/2018\/05\/11\/molelos-acolhe-feira-antiga-e-soenga\/","title":{"rendered":"MOLELOS ACOLHE FEIRA ANTIGA E SOENGA"},"content":{"rendered":"<span class=\"span-reading-time rt-reading-time\" style=\"display: block;\"><span class=\"rt-label rt-prefix\">tempo de leitura:<\/span> <span class=\"rt-time\"> 2<\/span> <span class=\"rt-label rt-postfix\">minutos<\/span><\/span><p><span style=\"color: #000000;font-size: 24pt\"><strong><img loading=\"lazy\" decoding=\"async\" class=\"alignnone  wp-image-1077 alignleft\" src=\"http:\/\/obeirao.pt\/online\/wp-content\/uploads\/2018\/05\/soenga-300x137.jpg\" alt=\"\" width=\"460\" height=\"210\" srcset=\"http:\/\/obeirao.pt\/online\/wp-content\/uploads\/2018\/05\/soenga-300x137.jpg 300w, http:\/\/obeirao.pt\/online\/wp-content\/uploads\/2018\/05\/soenga-768x350.jpg 768w, http:\/\/obeirao.pt\/online\/wp-content\/uploads\/2018\/05\/soenga.jpg 1024w\" sizes=\"(max-width: 460px) 100vw, 460px\" \/><\/strong><\/span><span style=\"color: #000000;font-family: georgia,palatino,serif;font-size: 14pt\"><strong><em>O Munic\u00edpio de Tondela, em colabora\u00e7\u00e3o com a Junta de Freguesia de Molelos, est\u00e1 a preparar a Feira Antiga e Soenga, para os dias 19 e 20 de Maio. Estes eventos ter\u00e3o lugar no Alto das Raposeiras, em Molelos.<\/em><\/strong><!--more--><\/span><\/p>\n<p><span style=\"color: #000000;font-family: georgia,palatino,serif;font-size: 14pt\"><img loading=\"lazy\" decoding=\"async\" class=\"alignnone size-medium wp-image-984 alignright\" src=\"http:\/\/obeirao.pt\/online\/wp-content\/uploads\/2018\/04\/ceramica-300x226.jpg\" alt=\"\" width=\"300\" height=\"226\" srcset=\"http:\/\/obeirao.pt\/online\/wp-content\/uploads\/2018\/04\/ceramica-300x226.jpg 300w, http:\/\/obeirao.pt\/online\/wp-content\/uploads\/2018\/04\/ceramica-768x578.jpg 768w, http:\/\/obeirao.pt\/online\/wp-content\/uploads\/2018\/04\/ceramica.jpg 1024w\" sizes=\"(max-width: 300px) 100vw, 300px\" \/>Depois de ter relan\u00e7ado no ano passado a Soenga, o Munic\u00edpio de Tondela entendeu juntar esta iniciativa \u00e0 Feira Antiga, \u201c<strong>de forma a dar-lhe escala\u201d.<\/strong><\/span><\/p>\n<p><span style=\"color: #000000;font-family: georgia,palatino,serif;font-size: 14pt\"><img loading=\"lazy\" decoding=\"async\" class=\"alignnone size-medium wp-image-1080 alignleft\" src=\"http:\/\/obeirao.pt\/online\/wp-content\/uploads\/2018\/05\/soenga-molelos.jpg\" alt=\"\" width=\"1\" height=\"1\" \/> <img loading=\"lazy\" decoding=\"async\" class=\"alignnone  wp-image-1083 alignleft\" src=\"http:\/\/obeirao.pt\/online\/wp-content\/uploads\/2018\/05\/5-4-300x199.jpg\" alt=\"\" width=\"450\" height=\"299\" srcset=\"http:\/\/obeirao.pt\/online\/wp-content\/uploads\/2018\/05\/5-4-300x199.jpg 300w, http:\/\/obeirao.pt\/online\/wp-content\/uploads\/2018\/05\/5-4-768x510.jpg 768w, http:\/\/obeirao.pt\/online\/wp-content\/uploads\/2018\/05\/5-4.jpg 838w\" sizes=\"(max-width: 450px) 100vw, 450px\" \/>A soenga \u00e9 o m\u00e9todo tradicional de cozer lou\u00e7a de barro negro, que nos dias de hoje praticamente j\u00e1 n\u00e3o se usa. Actualmente, os oleiros substitu\u00edram esta pr\u00e1tica pela cozedura das pe\u00e7as em modernos fornos a lenha ou a g\u00e1s.<\/span><\/p>\n<p><span style=\"color: #000000;font-family: georgia,palatino,serif;font-size: 14pt\">Esta \u00e9 a oportunidade de assistir a um dos m\u00e9todos mais antigos de cozer cer\u00e2mica, iniciando-se o processo por volta das 14h00 do dia 19 de Maio, altura em que arranca tamb\u00e9m a Feira Antiga. A desenforma das pe\u00e7as ter\u00e1 lugar \u00e0 mesma hora do dia seguinte.<\/span><\/p>\n<p><span style=\"color: #000000;font-family: georgia,palatino,serif;font-size: 14pt\">O evento junta oleiros do concelho de Tondela e prop\u00f5e v\u00e1rios workshops, exposi\u00e7\u00f5es, feira de artesanato, onde n\u00e3o faltar\u00e1 gastronomia e anima\u00e7\u00e3o, a cargo do Grupo de Cavaquinhos de Castel\u00f5es, Rancho Folcl\u00f3rico Infantil &#8220;Velhos Costumes de Molelos&#8221;, Grupo de Cavaquinhos de Nandufe, Grupo de Cavaquinhos de Vilar de Besteiros e do Rancho Folcl\u00f3rico \u201cAs Cantarinhas de Molelos\u201d.<\/span><\/p>\n<p>&nbsp;<\/p>\n","protected":false},"excerpt":{"rendered":"<div class=\"mh-excerpt\"><span class=\"span-reading-time rt-reading-time\" style=\"display: block;\"><span class=\"rt-label rt-prefix\">tempo de leitura:<\/span> <span class=\"rt-time\"> 2<\/span> <span class=\"rt-label rt-postfix\">minutos<\/span><\/span>O Munic\u00edpio de Tondela, em colabora\u00e7\u00e3o com a Junta de Freguesia de Molelos, est\u00e1 a preparar a Feira Antiga e Soenga, para os dias 19 <a class=\"mh-excerpt-more\" href=\"http:\/\/obeirao.pt\/online\/2018\/05\/11\/molelos-acolhe-feira-antiga-e-soenga\/\" title=\"MOLELOS ACOLHE FEIRA ANTIGA E SOENGA\">[&#8230;]<\/a><\/div>\n","protected":false},"author":2,"featured_media":1077,"comment_status":"open","ping_status":"open","sticky":false,"template":"","format":"standard","meta":{"footnotes":""},"categories":[2,4,63],"tags":[],"class_list":["post-1076","post","type-post","status-publish","format-standard","has-post-thumbnail","hentry","category-principal","category-regiao","category-tondela"],"yoast_head":"<!-- This site is optimized with the Yoast SEO plugin v27.4 - https:\/\/yoast.com\/product\/yoast-seo-wordpress\/ -->\n<title>MOLELOS ACOLHE FEIRA ANTIGA E SOENGA - Beir\u00e3o Online<\/title>\n<meta name=\"robots\" content=\"index, follow, max-snippet:-1, max-image-preview:large, max-video-preview:-1\" \/>\n<link rel=\"canonical\" href=\"http:\/\/obeirao.pt\/online\/2018\/05\/11\/molelos-acolhe-feira-antiga-e-soenga\/\" \/>\n<meta property=\"og:locale\" content=\"pt_PT\" \/>\n<meta property=\"og:type\" content=\"article\" \/>\n<meta property=\"og:title\" content=\"MOLELOS ACOLHE FEIRA ANTIGA E SOENGA - Beir\u00e3o Online\" \/>\n<meta property=\"og:description\" content=\"tempo de leitura: 2 minutosO Munic\u00edpio de Tondela, em colabora\u00e7\u00e3o com a Junta de Freguesia de Molelos, est\u00e1 a preparar a Feira Antiga e Soenga, para os dias 19 [...]\" \/>\n<meta property=\"og:url\" content=\"http:\/\/obeirao.pt\/online\/2018\/05\/11\/molelos-acolhe-feira-antiga-e-soenga\/\" \/>\n<meta property=\"og:site_name\" content=\"Beir\u00e3o Online\" \/>\n<meta property=\"article:publisher\" content=\"https:\/\/pt-br.facebook.com\/pages\/Amigos-de-Tondela\/273620439973877\" \/>\n<meta property=\"article:published_time\" content=\"2018-05-11T15:36:18+00:00\" \/>\n<meta property=\"article:modified_time\" content=\"2018-05-11T15:57:34+00:00\" \/>\n<meta property=\"og:image\" content=\"http:\/\/obeirao.pt\/online\/wp-content\/uploads\/2018\/05\/soenga.jpg\" \/>\n\t<meta property=\"og:image:width\" content=\"1024\" \/>\n\t<meta property=\"og:image:height\" content=\"467\" \/>\n\t<meta property=\"og:image:type\" content=\"image\/jpeg\" \/>\n<meta name=\"author\" content=\"Z\u00e9 Beir\u00e3o\" \/>\n<meta name=\"twitter:card\" content=\"summary_large_image\" \/>\n<meta name=\"twitter:creator\" content=\"@JoaquimDuarteP2\" \/>\n<meta name=\"twitter:site\" content=\"@JoaquimDuarteP2\" \/>\n<meta name=\"twitter:label1\" content=\"Escrito por\" \/>\n\t<meta name=\"twitter:data1\" content=\"Z\u00e9 Beir\u00e3o\" \/>\n\t<meta name=\"twitter:label2\" content=\"Tempo estimado de leitura\" \/>\n\t<meta name=\"twitter:data2\" content=\"1 minuto\" \/>\n<script type=\"application\/ld+json\" class=\"yoast-schema-graph\">{\"@context\":\"https:\\\/\\\/schema.org\",\"@graph\":[{\"@type\":\"Article\",\"@id\":\"http:\\\/\\\/obeirao.pt\\\/online\\\/2018\\\/05\\\/11\\\/molelos-acolhe-feira-antiga-e-soenga\\\/#article\",\"isPartOf\":{\"@id\":\"http:\\\/\\\/obeirao.pt\\\/online\\\/2018\\\/05\\\/11\\\/molelos-acolhe-feira-antiga-e-soenga\\\/\"},\"author\":{\"name\":\"Z\u00e9 Beir\u00e3o\",\"@id\":\"http:\\\/\\\/obeirao.pt\\\/online\\\/#\\\/schema\\\/person\\\/efac69bb5a33873e1c1bb9c1165ff38c\"},\"headline\":\"MOLELOS ACOLHE FEIRA ANTIGA E SOENGA\",\"datePublished\":\"2018-05-11T15:36:18+00:00\",\"dateModified\":\"2018-05-11T15:57:34+00:00\",\"mainEntityOfPage\":{\"@id\":\"http:\\\/\\\/obeirao.pt\\\/online\\\/2018\\\/05\\\/11\\\/molelos-acolhe-feira-antiga-e-soenga\\\/\"},\"wordCount\":232,\"commentCount\":0,\"image\":{\"@id\":\"http:\\\/\\\/obeirao.pt\\\/online\\\/2018\\\/05\\\/11\\\/molelos-acolhe-feira-antiga-e-soenga\\\/#primaryimage\"},\"thumbnailUrl\":\"http:\\\/\\\/obeirao.pt\\\/online\\\/wp-content\\\/uploads\\\/2018\\\/05\\\/soenga.jpg\",\"articleSection\":[\"_Principal\",\"Regi\u00e3o\",\"Tondela\"],\"inLanguage\":\"pt-PT\"},{\"@type\":\"WebPage\",\"@id\":\"http:\\\/\\\/obeirao.pt\\\/online\\\/2018\\\/05\\\/11\\\/molelos-acolhe-feira-antiga-e-soenga\\\/\",\"url\":\"http:\\\/\\\/obeirao.pt\\\/online\\\/2018\\\/05\\\/11\\\/molelos-acolhe-feira-antiga-e-soenga\\\/\",\"name\":\"MOLELOS ACOLHE FEIRA ANTIGA E SOENGA - Beir\u00e3o Online\",\"isPartOf\":{\"@id\":\"http:\\\/\\\/obeirao.pt\\\/online\\\/#website\"},\"primaryImageOfPage\":{\"@id\":\"http:\\\/\\\/obeirao.pt\\\/online\\\/2018\\\/05\\\/11\\\/molelos-acolhe-feira-antiga-e-soenga\\\/#primaryimage\"},\"image\":{\"@id\":\"http:\\\/\\\/obeirao.pt\\\/online\\\/2018\\\/05\\\/11\\\/molelos-acolhe-feira-antiga-e-soenga\\\/#primaryimage\"},\"thumbnailUrl\":\"http:\\\/\\\/obeirao.pt\\\/online\\\/wp-content\\\/uploads\\\/2018\\\/05\\\/soenga.jpg\",\"datePublished\":\"2018-05-11T15:36:18+00:00\",\"dateModified\":\"2018-05-11T15:57:34+00:00\",\"author\":{\"@id\":\"http:\\\/\\\/obeirao.pt\\\/online\\\/#\\\/schema\\\/person\\\/efac69bb5a33873e1c1bb9c1165ff38c\"},\"breadcrumb\":{\"@id\":\"http:\\\/\\\/obeirao.pt\\\/online\\\/2018\\\/05\\\/11\\\/molelos-acolhe-feira-antiga-e-soenga\\\/#breadcrumb\"},\"inLanguage\":\"pt-PT\",\"potentialAction\":[{\"@type\":\"ReadAction\",\"target\":[\"http:\\\/\\\/obeirao.pt\\\/online\\\/2018\\\/05\\\/11\\\/molelos-acolhe-feira-antiga-e-soenga\\\/\"]}]},{\"@type\":\"ImageObject\",\"inLanguage\":\"pt-PT\",\"@id\":\"http:\\\/\\\/obeirao.pt\\\/online\\\/2018\\\/05\\\/11\\\/molelos-acolhe-feira-antiga-e-soenga\\\/#primaryimage\",\"url\":\"http:\\\/\\\/obeirao.pt\\\/online\\\/wp-content\\\/uploads\\\/2018\\\/05\\\/soenga.jpg\",\"contentUrl\":\"http:\\\/\\\/obeirao.pt\\\/online\\\/wp-content\\\/uploads\\\/2018\\\/05\\\/soenga.jpg\",\"width\":1024,\"height\":467},{\"@type\":\"BreadcrumbList\",\"@id\":\"http:\\\/\\\/obeirao.pt\\\/online\\\/2018\\\/05\\\/11\\\/molelos-acolhe-feira-antiga-e-soenga\\\/#breadcrumb\",\"itemListElement\":[{\"@type\":\"ListItem\",\"position\":1,\"name\":\"Home\",\"item\":\"http:\\\/\\\/obeirao.pt\\\/online\\\/\"},{\"@type\":\"ListItem\",\"position\":2,\"name\":\"MOLELOS ACOLHE FEIRA ANTIGA E SOENGA\"}]},{\"@type\":\"WebSite\",\"@id\":\"http:\\\/\\\/obeirao.pt\\\/online\\\/#website\",\"url\":\"http:\\\/\\\/obeirao.pt\\\/online\\\/\",\"name\":\"Beir\u00e3o Online\",\"description\":\"www.obeirao.pt\",\"potentialAction\":[{\"@type\":\"SearchAction\",\"target\":{\"@type\":\"EntryPoint\",\"urlTemplate\":\"http:\\\/\\\/obeirao.pt\\\/online\\\/?s={search_term_string}\"},\"query-input\":{\"@type\":\"PropertyValueSpecification\",\"valueRequired\":true,\"valueName\":\"search_term_string\"}}],\"inLanguage\":\"pt-PT\"},{\"@type\":\"Person\",\"@id\":\"http:\\\/\\\/obeirao.pt\\\/online\\\/#\\\/schema\\\/person\\\/efac69bb5a33873e1c1bb9c1165ff38c\",\"name\":\"Z\u00e9 Beir\u00e3o\",\"image\":{\"@type\":\"ImageObject\",\"inLanguage\":\"pt-PT\",\"@id\":\"http:\\\/\\\/0.gravatar.com\\\/avatar\\\/c8c44d1f9327baa4d27e9b1149cd71b3?s=96&d=mm&r=g\",\"url\":\"http:\\\/\\\/0.gravatar.com\\\/avatar\\\/c8c44d1f9327baa4d27e9b1149cd71b3?s=96&d=mm&r=g\",\"contentUrl\":\"http:\\\/\\\/0.gravatar.com\\\/avatar\\\/c8c44d1f9327baa4d27e9b1149cd71b3?s=96&d=mm&r=g\",\"caption\":\"Z\u00e9 Beir\u00e3o\"},\"url\":\"http:\\\/\\\/obeirao.pt\\\/online\\\/author\\\/zebeirao\\\/\"}]}<\/script>\n<!-- \/ Yoast SEO plugin. -->","yoast_head_json":{"title":"MOLELOS ACOLHE FEIRA ANTIGA E SOENGA - Beir\u00e3o Online","robots":{"index":"index","follow":"follow","max-snippet":"max-snippet:-1","max-image-preview":"max-image-preview:large","max-video-preview":"max-video-preview:-1"},"canonical":"http:\/\/obeirao.pt\/online\/2018\/05\/11\/molelos-acolhe-feira-antiga-e-soenga\/","og_locale":"pt_PT","og_type":"article","og_title":"MOLELOS ACOLHE FEIRA ANTIGA E SOENGA - Beir\u00e3o Online","og_description":"tempo de leitura: 2 minutosO Munic\u00edpio de Tondela, em colabora\u00e7\u00e3o com a Junta de Freguesia de Molelos, est\u00e1 a preparar a Feira Antiga e Soenga, para os dias 19 [...]","og_url":"http:\/\/obeirao.pt\/online\/2018\/05\/11\/molelos-acolhe-feira-antiga-e-soenga\/","og_site_name":"Beir\u00e3o Online","article_publisher":"https:\/\/pt-br.facebook.com\/pages\/Amigos-de-Tondela\/273620439973877","article_published_time":"2018-05-11T15:36:18+00:00","article_modified_time":"2018-05-11T15:57:34+00:00","og_image":[{"width":1024,"height":467,"url":"http:\/\/obeirao.pt\/online\/wp-content\/uploads\/2018\/05\/soenga.jpg","type":"image\/jpeg"}],"author":"Z\u00e9 Beir\u00e3o","twitter_card":"summary_large_image","twitter_creator":"@JoaquimDuarteP2","twitter_site":"@JoaquimDuarteP2","twitter_misc":{"Escrito por":"Z\u00e9 Beir\u00e3o","Tempo estimado de leitura":"1 minuto"},"schema":{"@context":"https:\/\/schema.org","@graph":[{"@type":"Article","@id":"http:\/\/obeirao.pt\/online\/2018\/05\/11\/molelos-acolhe-feira-antiga-e-soenga\/#article","isPartOf":{"@id":"http:\/\/obeirao.pt\/online\/2018\/05\/11\/molelos-acolhe-feira-antiga-e-soenga\/"},"author":{"name":"Z\u00e9 Beir\u00e3o","@id":"http:\/\/obeirao.pt\/online\/#\/schema\/person\/efac69bb5a33873e1c1bb9c1165ff38c"},"headline":"MOLELOS ACOLHE FEIRA ANTIGA E SOENGA","datePublished":"2018-05-11T15:36:18+00:00","dateModified":"2018-05-11T15:57:34+00:00","mainEntityOfPage":{"@id":"http:\/\/obeirao.pt\/online\/2018\/05\/11\/molelos-acolhe-feira-antiga-e-soenga\/"},"wordCount":232,"commentCount":0,"image":{"@id":"http:\/\/obeirao.pt\/online\/2018\/05\/11\/molelos-acolhe-feira-antiga-e-soenga\/#primaryimage"},"thumbnailUrl":"http:\/\/obeirao.pt\/online\/wp-content\/uploads\/2018\/05\/soenga.jpg","articleSection":["_Principal","Regi\u00e3o","Tondela"],"inLanguage":"pt-PT"},{"@type":"WebPage","@id":"http:\/\/obeirao.pt\/online\/2018\/05\/11\/molelos-acolhe-feira-antiga-e-soenga\/","url":"http:\/\/obeirao.pt\/online\/2018\/05\/11\/molelos-acolhe-feira-antiga-e-soenga\/","name":"MOLELOS ACOLHE FEIRA ANTIGA E SOENGA - Beir\u00e3o Online","isPartOf":{"@id":"http:\/\/obeirao.pt\/online\/#website"},"primaryImageOfPage":{"@id":"http:\/\/obeirao.pt\/online\/2018\/05\/11\/molelos-acolhe-feira-antiga-e-soenga\/#primaryimage"},"image":{"@id":"http:\/\/obeirao.pt\/online\/2018\/05\/11\/molelos-acolhe-feira-antiga-e-soenga\/#primaryimage"},"thumbnailUrl":"http:\/\/obeirao.pt\/online\/wp-content\/uploads\/2018\/05\/soenga.jpg","datePublished":"2018-05-11T15:36:18+00:00","dateModified":"2018-05-11T15:57:34+00:00","author":{"@id":"http:\/\/obeirao.pt\/online\/#\/schema\/person\/efac69bb5a33873e1c1bb9c1165ff38c"},"breadcrumb":{"@id":"http:\/\/obeirao.pt\/online\/2018\/05\/11\/molelos-acolhe-feira-antiga-e-soenga\/#breadcrumb"},"inLanguage":"pt-PT","potentialAction":[{"@type":"ReadAction","target":["http:\/\/obeirao.pt\/online\/2018\/05\/11\/molelos-acolhe-feira-antiga-e-soenga\/"]}]},{"@type":"ImageObject","inLanguage":"pt-PT","@id":"http:\/\/obeirao.pt\/online\/2018\/05\/11\/molelos-acolhe-feira-antiga-e-soenga\/#primaryimage","url":"http:\/\/obeirao.pt\/online\/wp-content\/uploads\/2018\/05\/soenga.jpg","contentUrl":"http:\/\/obeirao.pt\/online\/wp-content\/uploads\/2018\/05\/soenga.jpg","width":1024,"height":467},{"@type":"BreadcrumbList","@id":"http:\/\/obeirao.pt\/online\/2018\/05\/11\/molelos-acolhe-feira-antiga-e-soenga\/#breadcrumb","itemListElement":[{"@type":"ListItem","position":1,"name":"Home","item":"http:\/\/obeirao.pt\/online\/"},{"@type":"ListItem","position":2,"name":"MOLELOS ACOLHE FEIRA ANTIGA E SOENGA"}]},{"@type":"WebSite","@id":"http:\/\/obeirao.pt\/online\/#website","url":"http:\/\/obeirao.pt\/online\/","name":"Beir\u00e3o Online","description":"www.obeirao.pt","potentialAction":[{"@type":"SearchAction","target":{"@type":"EntryPoint","urlTemplate":"http:\/\/obeirao.pt\/online\/?s={search_term_string}"},"query-input":{"@type":"PropertyValueSpecification","valueRequired":true,"valueName":"search_term_string"}}],"inLanguage":"pt-PT"},{"@type":"Person","@id":"http:\/\/obeirao.pt\/online\/#\/schema\/person\/efac69bb5a33873e1c1bb9c1165ff38c","name":"Z\u00e9 Beir\u00e3o","image":{"@type":"ImageObject","inLanguage":"pt-PT","@id":"http:\/\/0.gravatar.com\/avatar\/c8c44d1f9327baa4d27e9b1149cd71b3?s=96&d=mm&r=g","url":"http:\/\/0.gravatar.com\/avatar\/c8c44d1f9327baa4d27e9b1149cd71b3?s=96&d=mm&r=g","contentUrl":"http:\/\/0.gravatar.com\/avatar\/c8c44d1f9327baa4d27e9b1149cd71b3?s=96&d=mm&r=g","caption":"Z\u00e9 Beir\u00e3o"},"url":"http:\/\/obeirao.pt\/online\/author\/zebeirao\/"}]}},"_links":{"self":[{"href":"http:\/\/obeirao.pt\/online\/wp-json\/wp\/v2\/posts\/1076"}],"collection":[{"href":"http:\/\/obeirao.pt\/online\/wp-json\/wp\/v2\/posts"}],"about":[{"href":"http:\/\/obeirao.pt\/online\/wp-json\/wp\/v2\/types\/post"}],"author":[{"embeddable":true,"href":"http:\/\/obeirao.pt\/online\/wp-json\/wp\/v2\/users\/2"}],"replies":[{"embeddable":true,"href":"http:\/\/obeirao.pt\/online\/wp-json\/wp\/v2\/comments?post=1076"}],"version-history":[{"count":4,"href":"http:\/\/obeirao.pt\/online\/wp-json\/wp\/v2\/posts\/1076\/revisions"}],"predecessor-version":[{"id":1084,"href":"http:\/\/obeirao.pt\/online\/wp-json\/wp\/v2\/posts\/1076\/revisions\/1084"}],"wp:featuredmedia":[{"embeddable":true,"href":"http:\/\/obeirao.pt\/online\/wp-json\/wp\/v2\/media\/1077"}],"wp:attachment":[{"href":"http:\/\/obeirao.pt\/online\/wp-json\/wp\/v2\/media?parent=1076"}],"wp:term":[{"taxonomy":"category","embeddable":true,"href":"http:\/\/obeirao.pt\/online\/wp-json\/wp\/v2\/categories?post=1076"},{"taxonomy":"post_tag","embeddable":true,"href":"http:\/\/obeirao.pt\/online\/wp-json\/wp\/v2\/tags?post=1076"}],"curies":[{"name":"wp","href":"https:\/\/api.w.org\/{rel}","templated":true}]}}