{"id":1181,"date":"2018-05-23T16:40:57","date_gmt":"2018-05-23T15:40:57","guid":{"rendered":"http:\/\/obeirao.pt\/online\/?p=1181"},"modified":"2018-05-23T16:41:08","modified_gmt":"2018-05-23T15:41:08","slug":"cozedura-em-soenga-juntou-todos-os-oleiros-do-concelho-de-tondela","status":"publish","type":"post","link":"http:\/\/obeirao.pt\/online\/2018\/05\/23\/cozedura-em-soenga-juntou-todos-os-oleiros-do-concelho-de-tondela\/","title":{"rendered":"COZEDURA EM SOENGA juntou todos os oleiros do concelho de Tondela"},"content":{"rendered":"<span class=\"span-reading-time rt-reading-time\" style=\"display: block;\"><span class=\"rt-label rt-prefix\">tempo de leitura:<\/span> <span class=\"rt-time\"> 2<\/span> <span class=\"rt-label rt-postfix\">minutos<\/span><\/span><p><span style=\"color: #000000;font-family: georgia,palatino,serif;font-size: 24pt\"><strong><img loading=\"lazy\" decoding=\"async\" class=\"alignnone size-medium wp-image-1182 alignleft\" src=\"http:\/\/obeirao.pt\/online\/wp-content\/uploads\/2018\/05\/oleiros-300x204.jpg\" alt=\"\" width=\"300\" height=\"204\" srcset=\"http:\/\/obeirao.pt\/online\/wp-content\/uploads\/2018\/05\/oleiros-300x204.jpg 300w, http:\/\/obeirao.pt\/online\/wp-content\/uploads\/2018\/05\/oleiros-768x523.jpg 768w, http:\/\/obeirao.pt\/online\/wp-content\/uploads\/2018\/05\/oleiros.jpg 1008w\" sizes=\"(max-width: 300px) 100vw, 300px\" \/><\/strong><\/span><span style=\"color: #000000;font-family: georgia,palatino,serif;font-size: 14pt\"><strong><em>O Munic\u00edpio de Tondela, em colabora\u00e7\u00e3o com a Junta de Freguesia de Molelos, decidiu replicar o m\u00e9todo mais antigo de cozer lou\u00e7a de barro negro \u2013 a soenga \u2013 o que veio a acontecer no passado fim-de-semana (19 e 20 de Maio).<\/em><\/strong><\/span><!--more--><\/p>\n<p><span style=\"color: #000000;font-family: georgia,palatino,serif;font-size: 14pt\">O evento decorreu no Alto das Raposeiras, em Molelos, e juntou todos os oleiros do concelho de Tondela, os herdeiros e continuadores de uma arte milenar, que tem resistido ao longo dos anos, n\u00e3o obstante os tempos de mudan\u00e7a que se v\u00e3o operando no mundo da cer\u00e2mica utilit\u00e1ria e decorativa.<\/span><\/p>\n<p><span style=\"color: #000000;font-family: georgia,palatino,serif;font-size: 14pt\">Os oleiros \u2013 Ant\u00f3nio Marques, Ant\u00f3nio Sim\u00f5es, Carlos Lima, Jos\u00e9 Lourosa, Lu\u00eds Lourosa, Maria Fernanda Marques e Xana Monteiro \u2013 deram in\u00edcio aos trabalhos, na tarde do \u00faltimo s\u00e1bado, tendo a desenforma das pe\u00e7as acontecido no dia seguinte.<\/span><\/p>\n<p><span style=\"color: #000000;font-family: georgia,palatino,serif;font-size: 14pt\">De acordo com uma nota da autarquia, \u201c<em>deste processo milenar resultaram cerca de 200 pe\u00e7as de barro negro, que acabaram por ser vendidas ao p\u00fablico presente\u201d.<\/em><\/span><\/p>\n<p><span style=\"color: #000000;font-family: georgia,palatino,serif;font-size: 14pt\">A soenga \u00e9 o m\u00e9todo tradicional de cozer lou\u00e7a de barro negro, que nos dias de hoje praticamente j\u00e1 n\u00e3o se usa. Actualmente, os oleiros substitu\u00edram esta pr\u00e1tica pela cozedura das pe\u00e7as em modernos fornos a lenha e a g\u00e1s, evitando, desta forma, o imenso trabalho que teriam com aquela maneira de trabalhar, hoje, nada pr\u00e1tica, embora genuina.<\/span><\/p>\n<p><span style=\"color: #000000;font-family: georgia,palatino,serif;font-size: 14pt\">Esta iniciativa decorreu enquadrada na Feira Antiga de Molelos, que contou, tamb\u00e9m, com o apoio do movimento associativo daquela vasta freguesia integrada na generosa \u00e1rea da cidade e que, naturalmente, sempre foi ciosa das suas tradi\u00e7\u00f5es ancestrais.<\/span><\/p>\n","protected":false},"excerpt":{"rendered":"<div class=\"mh-excerpt\"><span class=\"span-reading-time rt-reading-time\" style=\"display: block;\"><span class=\"rt-label rt-prefix\">tempo de leitura:<\/span> <span class=\"rt-time\"> 2<\/span> <span class=\"rt-label rt-postfix\">minutos<\/span><\/span>O Munic\u00edpio de Tondela, em colabora\u00e7\u00e3o com a Junta de Freguesia de Molelos, decidiu replicar o m\u00e9todo mais antigo de cozer lou\u00e7a de barro negro <a class=\"mh-excerpt-more\" href=\"http:\/\/obeirao.pt\/online\/2018\/05\/23\/cozedura-em-soenga-juntou-todos-os-oleiros-do-concelho-de-tondela\/\" title=\"COZEDURA EM SOENGA juntou todos os oleiros do concelho de Tondela\">[&#8230;]<\/a><\/div>\n","protected":false},"author":2,"featured_media":1182,"comment_status":"open","ping_status":"open","sticky":false,"template":"","format":"standard","meta":{"footnotes":""},"categories":[2,4,63],"tags":[],"class_list":["post-1181","post","type-post","status-publish","format-standard","has-post-thumbnail","hentry","category-principal","category-regiao","category-tondela"],"yoast_head":"<!-- This site is optimized with the Yoast SEO plugin v27.4 - https:\/\/yoast.com\/product\/yoast-seo-wordpress\/ -->\n<title>COZEDURA EM SOENGA juntou todos os oleiros do concelho de Tondela - Beir\u00e3o Online<\/title>\n<meta name=\"robots\" content=\"index, follow, max-snippet:-1, max-image-preview:large, max-video-preview:-1\" \/>\n<link rel=\"canonical\" href=\"http:\/\/obeirao.pt\/online\/2018\/05\/23\/cozedura-em-soenga-juntou-todos-os-oleiros-do-concelho-de-tondela\/\" \/>\n<meta property=\"og:locale\" content=\"pt_PT\" \/>\n<meta property=\"og:type\" content=\"article\" \/>\n<meta property=\"og:title\" content=\"COZEDURA EM SOENGA juntou todos os oleiros do concelho de Tondela - Beir\u00e3o Online\" \/>\n<meta property=\"og:description\" content=\"tempo de leitura: 2 minutosO Munic\u00edpio de Tondela, em colabora\u00e7\u00e3o com a Junta de Freguesia de Molelos, decidiu replicar o m\u00e9todo mais antigo de cozer lou\u00e7a de barro negro [...]\" \/>\n<meta property=\"og:url\" content=\"http:\/\/obeirao.pt\/online\/2018\/05\/23\/cozedura-em-soenga-juntou-todos-os-oleiros-do-concelho-de-tondela\/\" \/>\n<meta property=\"og:site_name\" content=\"Beir\u00e3o Online\" \/>\n<meta property=\"article:publisher\" content=\"https:\/\/pt-br.facebook.com\/pages\/Amigos-de-Tondela\/273620439973877\" \/>\n<meta property=\"article:published_time\" content=\"2018-05-23T15:40:57+00:00\" \/>\n<meta property=\"article:modified_time\" content=\"2018-05-23T15:41:08+00:00\" \/>\n<meta property=\"og:image\" content=\"http:\/\/obeirao.pt\/online\/wp-content\/uploads\/2018\/05\/oleiros.jpg\" \/>\n\t<meta property=\"og:image:width\" content=\"1008\" \/>\n\t<meta property=\"og:image:height\" content=\"686\" \/>\n\t<meta property=\"og:image:type\" content=\"image\/jpeg\" \/>\n<meta name=\"author\" content=\"Z\u00e9 Beir\u00e3o\" \/>\n<meta name=\"twitter:card\" content=\"summary_large_image\" \/>\n<meta name=\"twitter:creator\" content=\"@JoaquimDuarteP2\" \/>\n<meta name=\"twitter:site\" content=\"@JoaquimDuarteP2\" \/>\n<meta name=\"twitter:label1\" content=\"Escrito por\" \/>\n\t<meta name=\"twitter:data1\" content=\"Z\u00e9 Beir\u00e3o\" \/>\n\t<meta name=\"twitter:label2\" content=\"Tempo estimado de leitura\" \/>\n\t<meta name=\"twitter:data2\" content=\"1 minuto\" \/>\n<script type=\"application\/ld+json\" class=\"yoast-schema-graph\">{\"@context\":\"https:\\\/\\\/schema.org\",\"@graph\":[{\"@type\":\"Article\",\"@id\":\"http:\\\/\\\/obeirao.pt\\\/online\\\/2018\\\/05\\\/23\\\/cozedura-em-soenga-juntou-todos-os-oleiros-do-concelho-de-tondela\\\/#article\",\"isPartOf\":{\"@id\":\"http:\\\/\\\/obeirao.pt\\\/online\\\/2018\\\/05\\\/23\\\/cozedura-em-soenga-juntou-todos-os-oleiros-do-concelho-de-tondela\\\/\"},\"author\":{\"name\":\"Z\u00e9 Beir\u00e3o\",\"@id\":\"http:\\\/\\\/obeirao.pt\\\/online\\\/#\\\/schema\\\/person\\\/efac69bb5a33873e1c1bb9c1165ff38c\"},\"headline\":\"COZEDURA EM SOENGA juntou todos os oleiros do concelho de Tondela\",\"datePublished\":\"2018-05-23T15:40:57+00:00\",\"dateModified\":\"2018-05-23T15:41:08+00:00\",\"mainEntityOfPage\":{\"@id\":\"http:\\\/\\\/obeirao.pt\\\/online\\\/2018\\\/05\\\/23\\\/cozedura-em-soenga-juntou-todos-os-oleiros-do-concelho-de-tondela\\\/\"},\"wordCount\":282,\"commentCount\":0,\"image\":{\"@id\":\"http:\\\/\\\/obeirao.pt\\\/online\\\/2018\\\/05\\\/23\\\/cozedura-em-soenga-juntou-todos-os-oleiros-do-concelho-de-tondela\\\/#primaryimage\"},\"thumbnailUrl\":\"http:\\\/\\\/obeirao.pt\\\/online\\\/wp-content\\\/uploads\\\/2018\\\/05\\\/oleiros.jpg\",\"articleSection\":[\"_Principal\",\"Regi\u00e3o\",\"Tondela\"],\"inLanguage\":\"pt-PT\"},{\"@type\":\"WebPage\",\"@id\":\"http:\\\/\\\/obeirao.pt\\\/online\\\/2018\\\/05\\\/23\\\/cozedura-em-soenga-juntou-todos-os-oleiros-do-concelho-de-tondela\\\/\",\"url\":\"http:\\\/\\\/obeirao.pt\\\/online\\\/2018\\\/05\\\/23\\\/cozedura-em-soenga-juntou-todos-os-oleiros-do-concelho-de-tondela\\\/\",\"name\":\"COZEDURA EM SOENGA juntou todos os oleiros do concelho de Tondela - Beir\u00e3o Online\",\"isPartOf\":{\"@id\":\"http:\\\/\\\/obeirao.pt\\\/online\\\/#website\"},\"primaryImageOfPage\":{\"@id\":\"http:\\\/\\\/obeirao.pt\\\/online\\\/2018\\\/05\\\/23\\\/cozedura-em-soenga-juntou-todos-os-oleiros-do-concelho-de-tondela\\\/#primaryimage\"},\"image\":{\"@id\":\"http:\\\/\\\/obeirao.pt\\\/online\\\/2018\\\/05\\\/23\\\/cozedura-em-soenga-juntou-todos-os-oleiros-do-concelho-de-tondela\\\/#primaryimage\"},\"thumbnailUrl\":\"http:\\\/\\\/obeirao.pt\\\/online\\\/wp-content\\\/uploads\\\/2018\\\/05\\\/oleiros.jpg\",\"datePublished\":\"2018-05-23T15:40:57+00:00\",\"dateModified\":\"2018-05-23T15:41:08+00:00\",\"author\":{\"@id\":\"http:\\\/\\\/obeirao.pt\\\/online\\\/#\\\/schema\\\/person\\\/efac69bb5a33873e1c1bb9c1165ff38c\"},\"breadcrumb\":{\"@id\":\"http:\\\/\\\/obeirao.pt\\\/online\\\/2018\\\/05\\\/23\\\/cozedura-em-soenga-juntou-todos-os-oleiros-do-concelho-de-tondela\\\/#breadcrumb\"},\"inLanguage\":\"pt-PT\",\"potentialAction\":[{\"@type\":\"ReadAction\",\"target\":[\"http:\\\/\\\/obeirao.pt\\\/online\\\/2018\\\/05\\\/23\\\/cozedura-em-soenga-juntou-todos-os-oleiros-do-concelho-de-tondela\\\/\"]}]},{\"@type\":\"ImageObject\",\"inLanguage\":\"pt-PT\",\"@id\":\"http:\\\/\\\/obeirao.pt\\\/online\\\/2018\\\/05\\\/23\\\/cozedura-em-soenga-juntou-todos-os-oleiros-do-concelho-de-tondela\\\/#primaryimage\",\"url\":\"http:\\\/\\\/obeirao.pt\\\/online\\\/wp-content\\\/uploads\\\/2018\\\/05\\\/oleiros.jpg\",\"contentUrl\":\"http:\\\/\\\/obeirao.pt\\\/online\\\/wp-content\\\/uploads\\\/2018\\\/05\\\/oleiros.jpg\",\"width\":\"1008\",\"height\":\"686\"},{\"@type\":\"BreadcrumbList\",\"@id\":\"http:\\\/\\\/obeirao.pt\\\/online\\\/2018\\\/05\\\/23\\\/cozedura-em-soenga-juntou-todos-os-oleiros-do-concelho-de-tondela\\\/#breadcrumb\",\"itemListElement\":[{\"@type\":\"ListItem\",\"position\":1,\"name\":\"Home\",\"item\":\"http:\\\/\\\/obeirao.pt\\\/online\\\/\"},{\"@type\":\"ListItem\",\"position\":2,\"name\":\"COZEDURA EM SOENGA juntou todos os oleiros do concelho de Tondela\"}]},{\"@type\":\"WebSite\",\"@id\":\"http:\\\/\\\/obeirao.pt\\\/online\\\/#website\",\"url\":\"http:\\\/\\\/obeirao.pt\\\/online\\\/\",\"name\":\"Beir\u00e3o Online\",\"description\":\"www.obeirao.pt\",\"potentialAction\":[{\"@type\":\"SearchAction\",\"target\":{\"@type\":\"EntryPoint\",\"urlTemplate\":\"http:\\\/\\\/obeirao.pt\\\/online\\\/?s={search_term_string}\"},\"query-input\":{\"@type\":\"PropertyValueSpecification\",\"valueRequired\":true,\"valueName\":\"search_term_string\"}}],\"inLanguage\":\"pt-PT\"},{\"@type\":\"Person\",\"@id\":\"http:\\\/\\\/obeirao.pt\\\/online\\\/#\\\/schema\\\/person\\\/efac69bb5a33873e1c1bb9c1165ff38c\",\"name\":\"Z\u00e9 Beir\u00e3o\",\"image\":{\"@type\":\"ImageObject\",\"inLanguage\":\"pt-PT\",\"@id\":\"http:\\\/\\\/0.gravatar.com\\\/avatar\\\/c8c44d1f9327baa4d27e9b1149cd71b3?s=96&d=mm&r=g\",\"url\":\"http:\\\/\\\/0.gravatar.com\\\/avatar\\\/c8c44d1f9327baa4d27e9b1149cd71b3?s=96&d=mm&r=g\",\"contentUrl\":\"http:\\\/\\\/0.gravatar.com\\\/avatar\\\/c8c44d1f9327baa4d27e9b1149cd71b3?s=96&d=mm&r=g\",\"caption\":\"Z\u00e9 Beir\u00e3o\"},\"url\":\"http:\\\/\\\/obeirao.pt\\\/online\\\/author\\\/zebeirao\\\/\"}]}<\/script>\n<!-- \/ Yoast SEO plugin. -->","yoast_head_json":{"title":"COZEDURA EM SOENGA juntou todos os oleiros do concelho de Tondela - Beir\u00e3o Online","robots":{"index":"index","follow":"follow","max-snippet":"max-snippet:-1","max-image-preview":"max-image-preview:large","max-video-preview":"max-video-preview:-1"},"canonical":"http:\/\/obeirao.pt\/online\/2018\/05\/23\/cozedura-em-soenga-juntou-todos-os-oleiros-do-concelho-de-tondela\/","og_locale":"pt_PT","og_type":"article","og_title":"COZEDURA EM SOENGA juntou todos os oleiros do concelho de Tondela - Beir\u00e3o Online","og_description":"tempo de leitura: 2 minutosO Munic\u00edpio de Tondela, em colabora\u00e7\u00e3o com a Junta de Freguesia de Molelos, decidiu replicar o m\u00e9todo mais antigo de cozer lou\u00e7a de barro negro [...]","og_url":"http:\/\/obeirao.pt\/online\/2018\/05\/23\/cozedura-em-soenga-juntou-todos-os-oleiros-do-concelho-de-tondela\/","og_site_name":"Beir\u00e3o Online","article_publisher":"https:\/\/pt-br.facebook.com\/pages\/Amigos-de-Tondela\/273620439973877","article_published_time":"2018-05-23T15:40:57+00:00","article_modified_time":"2018-05-23T15:41:08+00:00","og_image":[{"width":1008,"height":686,"url":"http:\/\/obeirao.pt\/online\/wp-content\/uploads\/2018\/05\/oleiros.jpg","type":"image\/jpeg"}],"author":"Z\u00e9 Beir\u00e3o","twitter_card":"summary_large_image","twitter_creator":"@JoaquimDuarteP2","twitter_site":"@JoaquimDuarteP2","twitter_misc":{"Escrito por":"Z\u00e9 Beir\u00e3o","Tempo estimado de leitura":"1 minuto"},"schema":{"@context":"https:\/\/schema.org","@graph":[{"@type":"Article","@id":"http:\/\/obeirao.pt\/online\/2018\/05\/23\/cozedura-em-soenga-juntou-todos-os-oleiros-do-concelho-de-tondela\/#article","isPartOf":{"@id":"http:\/\/obeirao.pt\/online\/2018\/05\/23\/cozedura-em-soenga-juntou-todos-os-oleiros-do-concelho-de-tondela\/"},"author":{"name":"Z\u00e9 Beir\u00e3o","@id":"http:\/\/obeirao.pt\/online\/#\/schema\/person\/efac69bb5a33873e1c1bb9c1165ff38c"},"headline":"COZEDURA EM SOENGA juntou todos os oleiros do concelho de Tondela","datePublished":"2018-05-23T15:40:57+00:00","dateModified":"2018-05-23T15:41:08+00:00","mainEntityOfPage":{"@id":"http:\/\/obeirao.pt\/online\/2018\/05\/23\/cozedura-em-soenga-juntou-todos-os-oleiros-do-concelho-de-tondela\/"},"wordCount":282,"commentCount":0,"image":{"@id":"http:\/\/obeirao.pt\/online\/2018\/05\/23\/cozedura-em-soenga-juntou-todos-os-oleiros-do-concelho-de-tondela\/#primaryimage"},"thumbnailUrl":"http:\/\/obeirao.pt\/online\/wp-content\/uploads\/2018\/05\/oleiros.jpg","articleSection":["_Principal","Regi\u00e3o","Tondela"],"inLanguage":"pt-PT"},{"@type":"WebPage","@id":"http:\/\/obeirao.pt\/online\/2018\/05\/23\/cozedura-em-soenga-juntou-todos-os-oleiros-do-concelho-de-tondela\/","url":"http:\/\/obeirao.pt\/online\/2018\/05\/23\/cozedura-em-soenga-juntou-todos-os-oleiros-do-concelho-de-tondela\/","name":"COZEDURA EM SOENGA juntou todos os oleiros do concelho de Tondela - Beir\u00e3o Online","isPartOf":{"@id":"http:\/\/obeirao.pt\/online\/#website"},"primaryImageOfPage":{"@id":"http:\/\/obeirao.pt\/online\/2018\/05\/23\/cozedura-em-soenga-juntou-todos-os-oleiros-do-concelho-de-tondela\/#primaryimage"},"image":{"@id":"http:\/\/obeirao.pt\/online\/2018\/05\/23\/cozedura-em-soenga-juntou-todos-os-oleiros-do-concelho-de-tondela\/#primaryimage"},"thumbnailUrl":"http:\/\/obeirao.pt\/online\/wp-content\/uploads\/2018\/05\/oleiros.jpg","datePublished":"2018-05-23T15:40:57+00:00","dateModified":"2018-05-23T15:41:08+00:00","author":{"@id":"http:\/\/obeirao.pt\/online\/#\/schema\/person\/efac69bb5a33873e1c1bb9c1165ff38c"},"breadcrumb":{"@id":"http:\/\/obeirao.pt\/online\/2018\/05\/23\/cozedura-em-soenga-juntou-todos-os-oleiros-do-concelho-de-tondela\/#breadcrumb"},"inLanguage":"pt-PT","potentialAction":[{"@type":"ReadAction","target":["http:\/\/obeirao.pt\/online\/2018\/05\/23\/cozedura-em-soenga-juntou-todos-os-oleiros-do-concelho-de-tondela\/"]}]},{"@type":"ImageObject","inLanguage":"pt-PT","@id":"http:\/\/obeirao.pt\/online\/2018\/05\/23\/cozedura-em-soenga-juntou-todos-os-oleiros-do-concelho-de-tondela\/#primaryimage","url":"http:\/\/obeirao.pt\/online\/wp-content\/uploads\/2018\/05\/oleiros.jpg","contentUrl":"http:\/\/obeirao.pt\/online\/wp-content\/uploads\/2018\/05\/oleiros.jpg","width":"1008","height":"686"},{"@type":"BreadcrumbList","@id":"http:\/\/obeirao.pt\/online\/2018\/05\/23\/cozedura-em-soenga-juntou-todos-os-oleiros-do-concelho-de-tondela\/#breadcrumb","itemListElement":[{"@type":"ListItem","position":1,"name":"Home","item":"http:\/\/obeirao.pt\/online\/"},{"@type":"ListItem","position":2,"name":"COZEDURA EM SOENGA juntou todos os oleiros do concelho de Tondela"}]},{"@type":"WebSite","@id":"http:\/\/obeirao.pt\/online\/#website","url":"http:\/\/obeirao.pt\/online\/","name":"Beir\u00e3o Online","description":"www.obeirao.pt","potentialAction":[{"@type":"SearchAction","target":{"@type":"EntryPoint","urlTemplate":"http:\/\/obeirao.pt\/online\/?s={search_term_string}"},"query-input":{"@type":"PropertyValueSpecification","valueRequired":true,"valueName":"search_term_string"}}],"inLanguage":"pt-PT"},{"@type":"Person","@id":"http:\/\/obeirao.pt\/online\/#\/schema\/person\/efac69bb5a33873e1c1bb9c1165ff38c","name":"Z\u00e9 Beir\u00e3o","image":{"@type":"ImageObject","inLanguage":"pt-PT","@id":"http:\/\/0.gravatar.com\/avatar\/c8c44d1f9327baa4d27e9b1149cd71b3?s=96&d=mm&r=g","url":"http:\/\/0.gravatar.com\/avatar\/c8c44d1f9327baa4d27e9b1149cd71b3?s=96&d=mm&r=g","contentUrl":"http:\/\/0.gravatar.com\/avatar\/c8c44d1f9327baa4d27e9b1149cd71b3?s=96&d=mm&r=g","caption":"Z\u00e9 Beir\u00e3o"},"url":"http:\/\/obeirao.pt\/online\/author\/zebeirao\/"}]}},"_links":{"self":[{"href":"http:\/\/obeirao.pt\/online\/wp-json\/wp\/v2\/posts\/1181"}],"collection":[{"href":"http:\/\/obeirao.pt\/online\/wp-json\/wp\/v2\/posts"}],"about":[{"href":"http:\/\/obeirao.pt\/online\/wp-json\/wp\/v2\/types\/post"}],"author":[{"embeddable":true,"href":"http:\/\/obeirao.pt\/online\/wp-json\/wp\/v2\/users\/2"}],"replies":[{"embeddable":true,"href":"http:\/\/obeirao.pt\/online\/wp-json\/wp\/v2\/comments?post=1181"}],"version-history":[{"count":1,"href":"http:\/\/obeirao.pt\/online\/wp-json\/wp\/v2\/posts\/1181\/revisions"}],"predecessor-version":[{"id":1183,"href":"http:\/\/obeirao.pt\/online\/wp-json\/wp\/v2\/posts\/1181\/revisions\/1183"}],"wp:featuredmedia":[{"embeddable":true,"href":"http:\/\/obeirao.pt\/online\/wp-json\/wp\/v2\/media\/1182"}],"wp:attachment":[{"href":"http:\/\/obeirao.pt\/online\/wp-json\/wp\/v2\/media?parent=1181"}],"wp:term":[{"taxonomy":"category","embeddable":true,"href":"http:\/\/obeirao.pt\/online\/wp-json\/wp\/v2\/categories?post=1181"},{"taxonomy":"post_tag","embeddable":true,"href":"http:\/\/obeirao.pt\/online\/wp-json\/wp\/v2\/tags?post=1181"}],"curies":[{"name":"wp","href":"https:\/\/api.w.org\/{rel}","templated":true}]}}