{"id":1311,"date":"2018-06-07T18:17:11","date_gmt":"2018-06-07T17:17:11","guid":{"rendered":"http:\/\/obeirao.pt\/online\/?p=1311"},"modified":"2018-06-07T18:46:50","modified_gmt":"2018-06-07T17:46:50","slug":"assinado-protocolo-para-reabilitacao-de-habitacoes-e-anexos-agricolas-destruidos-pelos-incendios","status":"publish","type":"post","link":"http:\/\/obeirao.pt\/online\/2018\/06\/07\/assinado-protocolo-para-reabilitacao-de-habitacoes-e-anexos-agricolas-destruidos-pelos-incendios\/","title":{"rendered":"ASSINADO PROTOCOLO PARA REABILITA\u00c7\u00c3O DE HABITA\u00c7\u00d5ES e anexos agr\u00edcolas destru\u00eddos pelos inc\u00eandios"},"content":{"rendered":"<span class=\"span-reading-time rt-reading-time\" style=\"display: block;\"><span class=\"rt-label rt-prefix\">tempo de leitura:<\/span> <span class=\"rt-time\"> 2<\/span> <span class=\"rt-label rt-postfix\">minutos<\/span><\/span><p><span style=\"color: #000000;font-family: georgia,palatino,serif;font-size: 24pt\"><strong><img loading=\"lazy\" decoding=\"async\" class=\"alignnone wp-image-1312 alignleft\" src=\"http:\/\/obeirao.pt\/online\/wp-content\/uploads\/2018\/06\/22552860_1455697487831941_1051926926582811436_n-300x210.jpg\" alt=\"\" width=\"416\" height=\"291\" srcset=\"http:\/\/obeirao.pt\/online\/wp-content\/uploads\/2018\/06\/22552860_1455697487831941_1051926926582811436_n-300x210.jpg 300w, http:\/\/obeirao.pt\/online\/wp-content\/uploads\/2018\/06\/22552860_1455697487831941_1051926926582811436_n-768x537.jpg 768w, http:\/\/obeirao.pt\/online\/wp-content\/uploads\/2018\/06\/22552860_1455697487831941_1051926926582811436_n.jpg 960w\" sizes=\"(max-width: 416px) 100vw, 416px\" \/><\/strong><\/span><span style=\"color: #000000;font-family: georgia,palatino,serif\"><span style=\"font-size: 14pt\"><strong><em>A C\u00e2mara Municipal de Tondela assinou esta semana, um protocolo que junta a Funda\u00e7\u00e3o Am\u00e9lia da Silva de Mello, a Jos\u00e9 Mello Sa\u00fade SA e a Associa\u00e7\u00e3o Just a Change.<\/em><\/strong><\/span><!--more--><\/span><\/p>\n<p><span style=\"color: #000000;font-family: georgia,palatino,serif;font-size: 12pt\">Este protocolo procura viabilizar, atrav\u00e9s de fundos angariados, a recupera\u00e7\u00e3o de habita\u00e7\u00f5es e barrac\u00f5es nos concelhos de Tondela e Santa Comba D\u00e3o, cuja execu\u00e7\u00e3o ficar\u00e1 a cargo da Associa\u00e7\u00e3o Just a Change. \u00c9 central no trabalho desta associa\u00e7\u00e3o <strong>\u201creabilitar a casa\u201d<\/strong>, porque a casa \u00e9 o centro da fam\u00edlia e reabilitando a casa, d\u00e1-se o primeiro passo para reabilitar a fam\u00edlia.<\/span><\/p>\n<p><span style=\"color: #000000;font-family: georgia,palatino,serif;font-size: 12pt\">Tal protocolo deve-se, da parte do Grupo Jos\u00e9 de Mello Sa\u00fade e Funda\u00e7\u00e3o Am\u00e9lia de Mell<span style=\"color: #000000;font-family: georgia,palatino,serif\"><img loading=\"lazy\" decoding=\"async\" class=\"alignnone wp-image-1314 alignleft\" src=\"http:\/\/obeirao.pt\/online\/wp-content\/uploads\/2018\/06\/IMG-20180604-WA0007-300x176.jpg\" alt=\"\" width=\"421\" height=\"247\" srcset=\"http:\/\/obeirao.pt\/online\/wp-content\/uploads\/2018\/06\/IMG-20180604-WA0007-300x176.jpg 300w, http:\/\/obeirao.pt\/online\/wp-content\/uploads\/2018\/06\/IMG-20180604-WA0007-768x450.jpg 768w, http:\/\/obeirao.pt\/online\/wp-content\/uploads\/2018\/06\/IMG-20180604-WA0007.jpg 1024w\" sizes=\"(max-width: 421px) 100vw, 421px\" \/><\/span>o, ao facto de acreditarem que a responsabilidade para com as pessoas vai al\u00e9m da presta\u00e7\u00e3o dos cuidados de sa\u00fade, promovendo deste modo a cria\u00e7\u00e3o de valor para o desenvolvimento do pa\u00eds, contribuindo para um pa\u00eds mais equilibrado, ap\u00f3s os inc\u00eandios de 2017 que despoletaram estes apoios.<\/span><\/p>\n<p style=\"text-align: center\"><span style=\"color: #ff0000;font-family: georgia,palatino,serif;font-size: 18pt;background-color: #ffff00\"><strong><em>N\u00e3o h\u00e1 sobreposi\u00e7\u00e3o de apoios<\/em><\/strong><\/span><\/p>\n<p><span style=\"color: #000000;font-family: georgia,palatino,serif;font-size: 12pt\">Na sua interven\u00e7\u00e3o, o presidente da C\u00e2mara Municipal de Tondela, Jos\u00e9 Ant\u00f3nio de Jesus, destacou o modelo e trabalho e coopera\u00e7\u00e3o estabelecido entre estes parceiros, que <strong><em>\u201cassenta no princ\u00edpio<\/em><\/strong> <strong><em>da complementaridade, n\u00e3o havendo por isso sobreposi\u00e7\u00e3o de apoios\u201d. <\/em><\/strong><\/span><\/p>\n<p><span style=\"color: #000000;font-family: georgia,palatino,serif;font-size: 12pt\"><strong><em>\u201cO voluntariado afigura-se determinante neste processo e um exemplo para o pa\u00eds, pela import\u00e2ncia que pode assumir, neste caso concreto, na recupera\u00e7\u00e3o das habita\u00e7\u00f5es\u201d<\/em><\/strong><strong>, <\/strong>referiu.<\/span><\/p>\n<p>&nbsp;<\/p>\n","protected":false},"excerpt":{"rendered":"<div class=\"mh-excerpt\"><span class=\"span-reading-time rt-reading-time\" style=\"display: block;\"><span class=\"rt-label rt-prefix\">tempo de leitura:<\/span> <span class=\"rt-time\"> 2<\/span> <span class=\"rt-label rt-postfix\">minutos<\/span><\/span>A C\u00e2mara Municipal de Tondela assinou esta semana, um protocolo que junta a Funda\u00e7\u00e3o Am\u00e9lia da Silva de Mello, a Jos\u00e9 Mello Sa\u00fade SA e <a class=\"mh-excerpt-more\" href=\"http:\/\/obeirao.pt\/online\/2018\/06\/07\/assinado-protocolo-para-reabilitacao-de-habitacoes-e-anexos-agricolas-destruidos-pelos-incendios\/\" title=\"ASSINADO PROTOCOLO PARA REABILITA\u00c7\u00c3O DE HABITA\u00c7\u00d5ES e anexos agr\u00edcolas destru\u00eddos pelos inc\u00eandios\">[&#8230;]<\/a><\/div>\n","protected":false},"author":2,"featured_media":1312,"comment_status":"open","ping_status":"open","sticky":false,"template":"","format":"standard","meta":{"footnotes":""},"categories":[2,4,63],"tags":[],"class_list":["post-1311","post","type-post","status-publish","format-standard","has-post-thumbnail","hentry","category-principal","category-regiao","category-tondela"],"yoast_head":"<!-- This site is optimized with the Yoast SEO plugin v27.4 - https:\/\/yoast.com\/product\/yoast-seo-wordpress\/ -->\n<title>ASSINADO PROTOCOLO PARA REABILITA\u00c7\u00c3O DE HABITA\u00c7\u00d5ES e anexos agr\u00edcolas destru\u00eddos pelos inc\u00eandios - Beir\u00e3o Online<\/title>\n<meta name=\"robots\" content=\"index, follow, max-snippet:-1, max-image-preview:large, max-video-preview:-1\" \/>\n<link rel=\"canonical\" href=\"http:\/\/obeirao.pt\/online\/2018\/06\/07\/assinado-protocolo-para-reabilitacao-de-habitacoes-e-anexos-agricolas-destruidos-pelos-incendios\/\" \/>\n<meta property=\"og:locale\" content=\"pt_PT\" \/>\n<meta property=\"og:type\" content=\"article\" \/>\n<meta property=\"og:title\" content=\"ASSINADO PROTOCOLO PARA REABILITA\u00c7\u00c3O DE HABITA\u00c7\u00d5ES e anexos agr\u00edcolas destru\u00eddos pelos inc\u00eandios - Beir\u00e3o Online\" \/>\n<meta property=\"og:description\" content=\"tempo de leitura: 2 minutosA C\u00e2mara Municipal de Tondela assinou esta semana, um protocolo que junta a Funda\u00e7\u00e3o Am\u00e9lia da Silva de Mello, a Jos\u00e9 Mello Sa\u00fade SA e [...]\" \/>\n<meta property=\"og:url\" content=\"http:\/\/obeirao.pt\/online\/2018\/06\/07\/assinado-protocolo-para-reabilitacao-de-habitacoes-e-anexos-agricolas-destruidos-pelos-incendios\/\" \/>\n<meta property=\"og:site_name\" content=\"Beir\u00e3o Online\" \/>\n<meta property=\"article:publisher\" content=\"https:\/\/pt-br.facebook.com\/pages\/Amigos-de-Tondela\/273620439973877\" \/>\n<meta property=\"article:published_time\" content=\"2018-06-07T17:17:11+00:00\" \/>\n<meta property=\"article:modified_time\" content=\"2018-06-07T17:46:50+00:00\" \/>\n<meta property=\"og:image\" content=\"http:\/\/obeirao.pt\/online\/wp-content\/uploads\/2018\/06\/22552860_1455697487831941_1051926926582811436_n.jpg\" \/>\n\t<meta property=\"og:image:width\" content=\"960\" \/>\n\t<meta property=\"og:image:height\" content=\"671\" \/>\n\t<meta property=\"og:image:type\" content=\"image\/jpeg\" \/>\n<meta name=\"author\" content=\"Z\u00e9 Beir\u00e3o\" \/>\n<meta name=\"twitter:card\" content=\"summary_large_image\" \/>\n<meta name=\"twitter:creator\" content=\"@JoaquimDuarteP2\" \/>\n<meta name=\"twitter:site\" content=\"@JoaquimDuarteP2\" \/>\n<meta name=\"twitter:label1\" content=\"Escrito por\" \/>\n\t<meta name=\"twitter:data1\" content=\"Z\u00e9 Beir\u00e3o\" \/>\n\t<meta name=\"twitter:label2\" content=\"Tempo estimado de leitura\" \/>\n\t<meta name=\"twitter:data2\" content=\"1 minuto\" \/>\n<script type=\"application\/ld+json\" class=\"yoast-schema-graph\">{\"@context\":\"https:\\\/\\\/schema.org\",\"@graph\":[{\"@type\":\"Article\",\"@id\":\"http:\\\/\\\/obeirao.pt\\\/online\\\/2018\\\/06\\\/07\\\/assinado-protocolo-para-reabilitacao-de-habitacoes-e-anexos-agricolas-destruidos-pelos-incendios\\\/#article\",\"isPartOf\":{\"@id\":\"http:\\\/\\\/obeirao.pt\\\/online\\\/2018\\\/06\\\/07\\\/assinado-protocolo-para-reabilitacao-de-habitacoes-e-anexos-agricolas-destruidos-pelos-incendios\\\/\"},\"author\":{\"name\":\"Z\u00e9 Beir\u00e3o\",\"@id\":\"http:\\\/\\\/obeirao.pt\\\/online\\\/#\\\/schema\\\/person\\\/efac69bb5a33873e1c1bb9c1165ff38c\"},\"headline\":\"ASSINADO PROTOCOLO PARA REABILITA\u00c7\u00c3O DE HABITA\u00c7\u00d5ES e anexos agr\u00edcolas destru\u00eddos pelos inc\u00eandios\",\"datePublished\":\"2018-06-07T17:17:11+00:00\",\"dateModified\":\"2018-06-07T17:46:50+00:00\",\"mainEntityOfPage\":{\"@id\":\"http:\\\/\\\/obeirao.pt\\\/online\\\/2018\\\/06\\\/07\\\/assinado-protocolo-para-reabilitacao-de-habitacoes-e-anexos-agricolas-destruidos-pelos-incendios\\\/\"},\"wordCount\":277,\"commentCount\":0,\"image\":{\"@id\":\"http:\\\/\\\/obeirao.pt\\\/online\\\/2018\\\/06\\\/07\\\/assinado-protocolo-para-reabilitacao-de-habitacoes-e-anexos-agricolas-destruidos-pelos-incendios\\\/#primaryimage\"},\"thumbnailUrl\":\"http:\\\/\\\/obeirao.pt\\\/online\\\/wp-content\\\/uploads\\\/2018\\\/06\\\/22552860_1455697487831941_1051926926582811436_n.jpg\",\"articleSection\":[\"_Principal\",\"Regi\u00e3o\",\"Tondela\"],\"inLanguage\":\"pt-PT\"},{\"@type\":\"WebPage\",\"@id\":\"http:\\\/\\\/obeirao.pt\\\/online\\\/2018\\\/06\\\/07\\\/assinado-protocolo-para-reabilitacao-de-habitacoes-e-anexos-agricolas-destruidos-pelos-incendios\\\/\",\"url\":\"http:\\\/\\\/obeirao.pt\\\/online\\\/2018\\\/06\\\/07\\\/assinado-protocolo-para-reabilitacao-de-habitacoes-e-anexos-agricolas-destruidos-pelos-incendios\\\/\",\"name\":\"ASSINADO PROTOCOLO PARA REABILITA\u00c7\u00c3O DE HABITA\u00c7\u00d5ES e anexos agr\u00edcolas destru\u00eddos pelos inc\u00eandios - Beir\u00e3o Online\",\"isPartOf\":{\"@id\":\"http:\\\/\\\/obeirao.pt\\\/online\\\/#website\"},\"primaryImageOfPage\":{\"@id\":\"http:\\\/\\\/obeirao.pt\\\/online\\\/2018\\\/06\\\/07\\\/assinado-protocolo-para-reabilitacao-de-habitacoes-e-anexos-agricolas-destruidos-pelos-incendios\\\/#primaryimage\"},\"image\":{\"@id\":\"http:\\\/\\\/obeirao.pt\\\/online\\\/2018\\\/06\\\/07\\\/assinado-protocolo-para-reabilitacao-de-habitacoes-e-anexos-agricolas-destruidos-pelos-incendios\\\/#primaryimage\"},\"thumbnailUrl\":\"http:\\\/\\\/obeirao.pt\\\/online\\\/wp-content\\\/uploads\\\/2018\\\/06\\\/22552860_1455697487831941_1051926926582811436_n.jpg\",\"datePublished\":\"2018-06-07T17:17:11+00:00\",\"dateModified\":\"2018-06-07T17:46:50+00:00\",\"author\":{\"@id\":\"http:\\\/\\\/obeirao.pt\\\/online\\\/#\\\/schema\\\/person\\\/efac69bb5a33873e1c1bb9c1165ff38c\"},\"breadcrumb\":{\"@id\":\"http:\\\/\\\/obeirao.pt\\\/online\\\/2018\\\/06\\\/07\\\/assinado-protocolo-para-reabilitacao-de-habitacoes-e-anexos-agricolas-destruidos-pelos-incendios\\\/#breadcrumb\"},\"inLanguage\":\"pt-PT\",\"potentialAction\":[{\"@type\":\"ReadAction\",\"target\":[\"http:\\\/\\\/obeirao.pt\\\/online\\\/2018\\\/06\\\/07\\\/assinado-protocolo-para-reabilitacao-de-habitacoes-e-anexos-agricolas-destruidos-pelos-incendios\\\/\"]}]},{\"@type\":\"ImageObject\",\"inLanguage\":\"pt-PT\",\"@id\":\"http:\\\/\\\/obeirao.pt\\\/online\\\/2018\\\/06\\\/07\\\/assinado-protocolo-para-reabilitacao-de-habitacoes-e-anexos-agricolas-destruidos-pelos-incendios\\\/#primaryimage\",\"url\":\"http:\\\/\\\/obeirao.pt\\\/online\\\/wp-content\\\/uploads\\\/2018\\\/06\\\/22552860_1455697487831941_1051926926582811436_n.jpg\",\"contentUrl\":\"http:\\\/\\\/obeirao.pt\\\/online\\\/wp-content\\\/uploads\\\/2018\\\/06\\\/22552860_1455697487831941_1051926926582811436_n.jpg\",\"width\":\"960\",\"height\":\"671\"},{\"@type\":\"BreadcrumbList\",\"@id\":\"http:\\\/\\\/obeirao.pt\\\/online\\\/2018\\\/06\\\/07\\\/assinado-protocolo-para-reabilitacao-de-habitacoes-e-anexos-agricolas-destruidos-pelos-incendios\\\/#breadcrumb\",\"itemListElement\":[{\"@type\":\"ListItem\",\"position\":1,\"name\":\"Home\",\"item\":\"http:\\\/\\\/obeirao.pt\\\/online\\\/\"},{\"@type\":\"ListItem\",\"position\":2,\"name\":\"ASSINADO PROTOCOLO PARA REABILITA\u00c7\u00c3O DE HABITA\u00c7\u00d5ES e anexos agr\u00edcolas destru\u00eddos pelos inc\u00eandios\"}]},{\"@type\":\"WebSite\",\"@id\":\"http:\\\/\\\/obeirao.pt\\\/online\\\/#website\",\"url\":\"http:\\\/\\\/obeirao.pt\\\/online\\\/\",\"name\":\"Beir\u00e3o Online\",\"description\":\"www.obeirao.pt\",\"potentialAction\":[{\"@type\":\"SearchAction\",\"target\":{\"@type\":\"EntryPoint\",\"urlTemplate\":\"http:\\\/\\\/obeirao.pt\\\/online\\\/?s={search_term_string}\"},\"query-input\":{\"@type\":\"PropertyValueSpecification\",\"valueRequired\":true,\"valueName\":\"search_term_string\"}}],\"inLanguage\":\"pt-PT\"},{\"@type\":\"Person\",\"@id\":\"http:\\\/\\\/obeirao.pt\\\/online\\\/#\\\/schema\\\/person\\\/efac69bb5a33873e1c1bb9c1165ff38c\",\"name\":\"Z\u00e9 Beir\u00e3o\",\"image\":{\"@type\":\"ImageObject\",\"inLanguage\":\"pt-PT\",\"@id\":\"http:\\\/\\\/0.gravatar.com\\\/avatar\\\/c8c44d1f9327baa4d27e9b1149cd71b3?s=96&d=mm&r=g\",\"url\":\"http:\\\/\\\/0.gravatar.com\\\/avatar\\\/c8c44d1f9327baa4d27e9b1149cd71b3?s=96&d=mm&r=g\",\"contentUrl\":\"http:\\\/\\\/0.gravatar.com\\\/avatar\\\/c8c44d1f9327baa4d27e9b1149cd71b3?s=96&d=mm&r=g\",\"caption\":\"Z\u00e9 Beir\u00e3o\"},\"url\":\"http:\\\/\\\/obeirao.pt\\\/online\\\/author\\\/zebeirao\\\/\"}]}<\/script>\n<!-- \/ Yoast SEO plugin. -->","yoast_head_json":{"title":"ASSINADO PROTOCOLO PARA REABILITA\u00c7\u00c3O DE HABITA\u00c7\u00d5ES e anexos agr\u00edcolas destru\u00eddos pelos inc\u00eandios - Beir\u00e3o Online","robots":{"index":"index","follow":"follow","max-snippet":"max-snippet:-1","max-image-preview":"max-image-preview:large","max-video-preview":"max-video-preview:-1"},"canonical":"http:\/\/obeirao.pt\/online\/2018\/06\/07\/assinado-protocolo-para-reabilitacao-de-habitacoes-e-anexos-agricolas-destruidos-pelos-incendios\/","og_locale":"pt_PT","og_type":"article","og_title":"ASSINADO PROTOCOLO PARA REABILITA\u00c7\u00c3O DE HABITA\u00c7\u00d5ES e anexos agr\u00edcolas destru\u00eddos pelos inc\u00eandios - Beir\u00e3o Online","og_description":"tempo de leitura: 2 minutosA C\u00e2mara Municipal de Tondela assinou esta semana, um protocolo que junta a Funda\u00e7\u00e3o Am\u00e9lia da Silva de Mello, a Jos\u00e9 Mello Sa\u00fade SA e [...]","og_url":"http:\/\/obeirao.pt\/online\/2018\/06\/07\/assinado-protocolo-para-reabilitacao-de-habitacoes-e-anexos-agricolas-destruidos-pelos-incendios\/","og_site_name":"Beir\u00e3o Online","article_publisher":"https:\/\/pt-br.facebook.com\/pages\/Amigos-de-Tondela\/273620439973877","article_published_time":"2018-06-07T17:17:11+00:00","article_modified_time":"2018-06-07T17:46:50+00:00","og_image":[{"width":960,"height":671,"url":"http:\/\/obeirao.pt\/online\/wp-content\/uploads\/2018\/06\/22552860_1455697487831941_1051926926582811436_n.jpg","type":"image\/jpeg"}],"author":"Z\u00e9 Beir\u00e3o","twitter_card":"summary_large_image","twitter_creator":"@JoaquimDuarteP2","twitter_site":"@JoaquimDuarteP2","twitter_misc":{"Escrito por":"Z\u00e9 Beir\u00e3o","Tempo estimado de leitura":"1 minuto"},"schema":{"@context":"https:\/\/schema.org","@graph":[{"@type":"Article","@id":"http:\/\/obeirao.pt\/online\/2018\/06\/07\/assinado-protocolo-para-reabilitacao-de-habitacoes-e-anexos-agricolas-destruidos-pelos-incendios\/#article","isPartOf":{"@id":"http:\/\/obeirao.pt\/online\/2018\/06\/07\/assinado-protocolo-para-reabilitacao-de-habitacoes-e-anexos-agricolas-destruidos-pelos-incendios\/"},"author":{"name":"Z\u00e9 Beir\u00e3o","@id":"http:\/\/obeirao.pt\/online\/#\/schema\/person\/efac69bb5a33873e1c1bb9c1165ff38c"},"headline":"ASSINADO PROTOCOLO PARA REABILITA\u00c7\u00c3O DE HABITA\u00c7\u00d5ES e anexos agr\u00edcolas destru\u00eddos pelos inc\u00eandios","datePublished":"2018-06-07T17:17:11+00:00","dateModified":"2018-06-07T17:46:50+00:00","mainEntityOfPage":{"@id":"http:\/\/obeirao.pt\/online\/2018\/06\/07\/assinado-protocolo-para-reabilitacao-de-habitacoes-e-anexos-agricolas-destruidos-pelos-incendios\/"},"wordCount":277,"commentCount":0,"image":{"@id":"http:\/\/obeirao.pt\/online\/2018\/06\/07\/assinado-protocolo-para-reabilitacao-de-habitacoes-e-anexos-agricolas-destruidos-pelos-incendios\/#primaryimage"},"thumbnailUrl":"http:\/\/obeirao.pt\/online\/wp-content\/uploads\/2018\/06\/22552860_1455697487831941_1051926926582811436_n.jpg","articleSection":["_Principal","Regi\u00e3o","Tondela"],"inLanguage":"pt-PT"},{"@type":"WebPage","@id":"http:\/\/obeirao.pt\/online\/2018\/06\/07\/assinado-protocolo-para-reabilitacao-de-habitacoes-e-anexos-agricolas-destruidos-pelos-incendios\/","url":"http:\/\/obeirao.pt\/online\/2018\/06\/07\/assinado-protocolo-para-reabilitacao-de-habitacoes-e-anexos-agricolas-destruidos-pelos-incendios\/","name":"ASSINADO PROTOCOLO PARA REABILITA\u00c7\u00c3O DE HABITA\u00c7\u00d5ES e anexos agr\u00edcolas destru\u00eddos pelos inc\u00eandios - Beir\u00e3o Online","isPartOf":{"@id":"http:\/\/obeirao.pt\/online\/#website"},"primaryImageOfPage":{"@id":"http:\/\/obeirao.pt\/online\/2018\/06\/07\/assinado-protocolo-para-reabilitacao-de-habitacoes-e-anexos-agricolas-destruidos-pelos-incendios\/#primaryimage"},"image":{"@id":"http:\/\/obeirao.pt\/online\/2018\/06\/07\/assinado-protocolo-para-reabilitacao-de-habitacoes-e-anexos-agricolas-destruidos-pelos-incendios\/#primaryimage"},"thumbnailUrl":"http:\/\/obeirao.pt\/online\/wp-content\/uploads\/2018\/06\/22552860_1455697487831941_1051926926582811436_n.jpg","datePublished":"2018-06-07T17:17:11+00:00","dateModified":"2018-06-07T17:46:50+00:00","author":{"@id":"http:\/\/obeirao.pt\/online\/#\/schema\/person\/efac69bb5a33873e1c1bb9c1165ff38c"},"breadcrumb":{"@id":"http:\/\/obeirao.pt\/online\/2018\/06\/07\/assinado-protocolo-para-reabilitacao-de-habitacoes-e-anexos-agricolas-destruidos-pelos-incendios\/#breadcrumb"},"inLanguage":"pt-PT","potentialAction":[{"@type":"ReadAction","target":["http:\/\/obeirao.pt\/online\/2018\/06\/07\/assinado-protocolo-para-reabilitacao-de-habitacoes-e-anexos-agricolas-destruidos-pelos-incendios\/"]}]},{"@type":"ImageObject","inLanguage":"pt-PT","@id":"http:\/\/obeirao.pt\/online\/2018\/06\/07\/assinado-protocolo-para-reabilitacao-de-habitacoes-e-anexos-agricolas-destruidos-pelos-incendios\/#primaryimage","url":"http:\/\/obeirao.pt\/online\/wp-content\/uploads\/2018\/06\/22552860_1455697487831941_1051926926582811436_n.jpg","contentUrl":"http:\/\/obeirao.pt\/online\/wp-content\/uploads\/2018\/06\/22552860_1455697487831941_1051926926582811436_n.jpg","width":"960","height":"671"},{"@type":"BreadcrumbList","@id":"http:\/\/obeirao.pt\/online\/2018\/06\/07\/assinado-protocolo-para-reabilitacao-de-habitacoes-e-anexos-agricolas-destruidos-pelos-incendios\/#breadcrumb","itemListElement":[{"@type":"ListItem","position":1,"name":"Home","item":"http:\/\/obeirao.pt\/online\/"},{"@type":"ListItem","position":2,"name":"ASSINADO PROTOCOLO PARA REABILITA\u00c7\u00c3O DE HABITA\u00c7\u00d5ES e anexos agr\u00edcolas destru\u00eddos pelos inc\u00eandios"}]},{"@type":"WebSite","@id":"http:\/\/obeirao.pt\/online\/#website","url":"http:\/\/obeirao.pt\/online\/","name":"Beir\u00e3o Online","description":"www.obeirao.pt","potentialAction":[{"@type":"SearchAction","target":{"@type":"EntryPoint","urlTemplate":"http:\/\/obeirao.pt\/online\/?s={search_term_string}"},"query-input":{"@type":"PropertyValueSpecification","valueRequired":true,"valueName":"search_term_string"}}],"inLanguage":"pt-PT"},{"@type":"Person","@id":"http:\/\/obeirao.pt\/online\/#\/schema\/person\/efac69bb5a33873e1c1bb9c1165ff38c","name":"Z\u00e9 Beir\u00e3o","image":{"@type":"ImageObject","inLanguage":"pt-PT","@id":"http:\/\/0.gravatar.com\/avatar\/c8c44d1f9327baa4d27e9b1149cd71b3?s=96&d=mm&r=g","url":"http:\/\/0.gravatar.com\/avatar\/c8c44d1f9327baa4d27e9b1149cd71b3?s=96&d=mm&r=g","contentUrl":"http:\/\/0.gravatar.com\/avatar\/c8c44d1f9327baa4d27e9b1149cd71b3?s=96&d=mm&r=g","caption":"Z\u00e9 Beir\u00e3o"},"url":"http:\/\/obeirao.pt\/online\/author\/zebeirao\/"}]}},"_links":{"self":[{"href":"http:\/\/obeirao.pt\/online\/wp-json\/wp\/v2\/posts\/1311"}],"collection":[{"href":"http:\/\/obeirao.pt\/online\/wp-json\/wp\/v2\/posts"}],"about":[{"href":"http:\/\/obeirao.pt\/online\/wp-json\/wp\/v2\/types\/post"}],"author":[{"embeddable":true,"href":"http:\/\/obeirao.pt\/online\/wp-json\/wp\/v2\/users\/2"}],"replies":[{"embeddable":true,"href":"http:\/\/obeirao.pt\/online\/wp-json\/wp\/v2\/comments?post=1311"}],"version-history":[{"count":4,"href":"http:\/\/obeirao.pt\/online\/wp-json\/wp\/v2\/posts\/1311\/revisions"}],"predecessor-version":[{"id":1317,"href":"http:\/\/obeirao.pt\/online\/wp-json\/wp\/v2\/posts\/1311\/revisions\/1317"}],"wp:featuredmedia":[{"embeddable":true,"href":"http:\/\/obeirao.pt\/online\/wp-json\/wp\/v2\/media\/1312"}],"wp:attachment":[{"href":"http:\/\/obeirao.pt\/online\/wp-json\/wp\/v2\/media?parent=1311"}],"wp:term":[{"taxonomy":"category","embeddable":true,"href":"http:\/\/obeirao.pt\/online\/wp-json\/wp\/v2\/categories?post=1311"},{"taxonomy":"post_tag","embeddable":true,"href":"http:\/\/obeirao.pt\/online\/wp-json\/wp\/v2\/tags?post=1311"}],"curies":[{"name":"wp","href":"https:\/\/api.w.org\/{rel}","templated":true}]}}