{"id":1388,"date":"2018-06-19T19:24:59","date_gmt":"2018-06-19T18:24:59","guid":{"rendered":"http:\/\/obeirao.pt\/online\/?p=1388"},"modified":"2018-12-23T11:45:03","modified_gmt":"2018-12-23T11:45:03","slug":"passeio-dos-classicos-da-escola-profissional-de-tondela-animou-as-estradas-e-recantos-da-regiao","status":"publish","type":"post","link":"http:\/\/obeirao.pt\/online\/2018\/06\/19\/passeio-dos-classicos-da-escola-profissional-de-tondela-animou-as-estradas-e-recantos-da-regiao\/","title":{"rendered":"PASSEIO DOS CL\u00c1SSICOS DA ESCOLA PROFISSIONAL DE TONDELA animou as estradas e recantos da regi\u00e3o"},"content":{"rendered":"<span class=\"span-reading-time rt-reading-time\" style=\"display: block;\"><span class=\"rt-label rt-prefix\">tempo de leitura:<\/span> <span class=\"rt-time\"> 2<\/span> <span class=\"rt-label rt-postfix\">minutos<\/span><\/span><p><span style=\"color: #000000;font-family: georgia,palatino,serif;font-size: 24pt\"><strong><img loading=\"lazy\" decoding=\"async\" class=\"alignnone wp-image-1389 alignleft\" src=\"http:\/\/obeirao.pt\/online\/wp-content\/uploads\/2018\/06\/DSC_0088-300x146.jpg\" alt=\"\" width=\"448\" height=\"218\" srcset=\"http:\/\/obeirao.pt\/online\/wp-content\/uploads\/2018\/06\/DSC_0088-300x146.jpg 300w, http:\/\/obeirao.pt\/online\/wp-content\/uploads\/2018\/06\/DSC_0088-768x374.jpg 768w, http:\/\/obeirao.pt\/online\/wp-content\/uploads\/2018\/06\/DSC_0088.jpg 1024w\" sizes=\"(max-width: 448px) 100vw, 448px\" \/><span style=\"font-size: 14pt\"><em>C<\/em><\/span><\/strong><\/span><span style=\"font-size: 14pt\"><strong><em><span style=\"color: #000000;font-family: georgia,palatino,serif\">omo fora largamente anunciado, realizou-se, no passado domingo, dia 17 de Junho, o 8.\u00ba Passeio dos Cl\u00e1ssicos, da Escola Profissional de Tondela (EPT) que, como sempre, se salda por um grande sucesso.<\/span><\/em><\/strong><\/span><!--more--><\/p>\n<p><span style=\"color: #000000;font-family: georgia,palatino,serif;font-size: 14pt\">Com a concentra\u00e7\u00e3o junto ao Pal\u00e1cio da Justi\u00e7a, o arranque da prova deu-se por volta das 10h00, seguindo rumo ao IP3, em direc\u00e7\u00e3o a Viseu, com paragem em Vila Ch\u00e3 de S\u00e1, onde foi visitado o Eco-Museu local e pequeno lanche.<\/span><\/p>\n<p><span style=\"color: #000000;font-family: georgia,palatino,serif;font-size: 14pt\"><img loading=\"lazy\" decoding=\"async\" class=\"alignnone size-medium wp-image-1390 alignright\" src=\"http:\/\/obeirao.pt\/online\/wp-content\/uploads\/2018\/06\/DSC_0086-300x174.jpg\" alt=\"\" width=\"300\" height=\"174\" srcset=\"http:\/\/obeirao.pt\/online\/wp-content\/uploads\/2018\/06\/DSC_0086-300x174.jpg 300w, http:\/\/obeirao.pt\/online\/wp-content\/uploads\/2018\/06\/DSC_0086-768x445.jpg 768w, http:\/\/obeirao.pt\/online\/wp-content\/uploads\/2018\/06\/DSC_0086.jpg 1024w\" sizes=\"(max-width: 300px) 100vw, 300px\" \/>A partir daqui, a marcha seguiu em direc\u00e7\u00e3o a Castro Daire, com visita ao Museu do Linho da Casa da Lavoura, no Almargem e, dali, a caravana partiu em direc\u00e7\u00e3o a Tondela e a Treixedo, onde foi servido o almo\u00e7o no D\u00e3o Catering.<\/span><\/p>\n<p><span style=\"color: #000000;font-family: georgia,palatino,serif;font-size: 14pt\">Ap\u00f3s o repasto, sa\u00edda pela EN 2 em direc\u00e7\u00e3o a Santa Comba D\u00e3o e, pelo IP3, a sa\u00edda para T\u00e1bua, por dentro da vila e rumo, depois, a Carregal do Sal, pela P\u00f3voa de Mid\u00f5es, com visita ao Penedo C\u2019Abana e retoma da estrada com direc\u00e7\u00e3o a Carregal do Sal.<\/span><\/p>\n<p><span style=\"color: #000000;font-family: georgia,palatino,serif;font-size: 14pt\"><img loading=\"lazy\" decoding=\"async\" class=\"alignnone size-medium wp-image-1392 alignleft\" src=\"http:\/\/obeirao.pt\/online\/wp-content\/uploads\/2018\/06\/DSC_0091-300x155.jpg\" alt=\"\" width=\"300\" height=\"155\" srcset=\"http:\/\/obeirao.pt\/online\/wp-content\/uploads\/2018\/06\/DSC_0091-300x155.jpg 300w, http:\/\/obeirao.pt\/online\/wp-content\/uploads\/2018\/06\/DSC_0091-768x397.jpg 768w, http:\/\/obeirao.pt\/online\/wp-content\/uploads\/2018\/06\/DSC_0091.jpg 1024w\" sizes=\"(max-width: 300px) 100vw, 300px\" \/>Finalmente, na Quinta do Cabriz, foi a \u00faltima paragem do circuito do 8.\u00ba Passeio dos Cl\u00e1ssicos da EPT, onde houve nova confraterniza\u00e7\u00e3o e o descanso desejado.<\/span><\/p>\n<p><span style=\"color: #000000;font-family: georgia,palatino,serif;font-size: 14pt\">A partir dali, foi o regresso pelos locais que, cada um dos participantes e seus acompanhantes, quiseram tomar, na plena certeza de que foi um dia bem passado e isso mesmo, como o referiu antes do passeio, o director da EPT, Miguel Rodrigues.<\/span><\/p>\n","protected":false},"excerpt":{"rendered":"<div class=\"mh-excerpt\"><span class=\"span-reading-time rt-reading-time\" style=\"display: block;\"><span class=\"rt-label rt-prefix\">tempo de leitura:<\/span> <span class=\"rt-time\"> 2<\/span> <span class=\"rt-label rt-postfix\">minutos<\/span><\/span>Como fora largamente anunciado, realizou-se, no passado domingo, dia 17 de Junho, o 8.\u00ba Passeio dos Cl\u00e1ssicos, da Escola Profissional de Tondela (EPT) que, como <a class=\"mh-excerpt-more\" href=\"http:\/\/obeirao.pt\/online\/2018\/06\/19\/passeio-dos-classicos-da-escola-profissional-de-tondela-animou-as-estradas-e-recantos-da-regiao\/\" title=\"PASSEIO DOS CL\u00c1SSICOS DA ESCOLA PROFISSIONAL DE TONDELA animou as estradas e recantos da regi\u00e3o\">[&#8230;]<\/a><\/div>\n","protected":false},"author":2,"featured_media":1389,"comment_status":"open","ping_status":"open","sticky":false,"template":"","format":"standard","meta":{"footnotes":""},"categories":[2,4,63],"tags":[124,125],"class_list":["post-1388","post","type-post","status-publish","format-standard","has-post-thumbnail","hentry","category-principal","category-regiao","category-tondela","tag-eptondela","tag-escola-profissional-de-tondela"],"yoast_head":"<!-- This site is optimized with the Yoast SEO plugin v27.4 - https:\/\/yoast.com\/product\/yoast-seo-wordpress\/ -->\n<title>PASSEIO DOS CL\u00c1SSICOS DA ESCOLA PROFISSIONAL DE TONDELA animou as estradas e recantos da regi\u00e3o - Beir\u00e3o Online<\/title>\n<meta name=\"robots\" content=\"index, follow, max-snippet:-1, max-image-preview:large, max-video-preview:-1\" \/>\n<link rel=\"canonical\" href=\"http:\/\/obeirao.pt\/online\/2018\/06\/19\/passeio-dos-classicos-da-escola-profissional-de-tondela-animou-as-estradas-e-recantos-da-regiao\/\" \/>\n<meta property=\"og:locale\" content=\"pt_PT\" \/>\n<meta property=\"og:type\" content=\"article\" \/>\n<meta property=\"og:title\" content=\"PASSEIO DOS CL\u00c1SSICOS DA ESCOLA PROFISSIONAL DE TONDELA animou as estradas e recantos da regi\u00e3o - Beir\u00e3o Online\" \/>\n<meta property=\"og:description\" content=\"tempo de leitura: 2 minutosComo fora largamente anunciado, realizou-se, no passado domingo, dia 17 de Junho, o 8.\u00ba Passeio dos Cl\u00e1ssicos, da Escola Profissional de Tondela (EPT) que, como [...]\" \/>\n<meta property=\"og:url\" content=\"http:\/\/obeirao.pt\/online\/2018\/06\/19\/passeio-dos-classicos-da-escola-profissional-de-tondela-animou-as-estradas-e-recantos-da-regiao\/\" \/>\n<meta property=\"og:site_name\" content=\"Beir\u00e3o Online\" \/>\n<meta property=\"article:publisher\" content=\"https:\/\/pt-br.facebook.com\/pages\/Amigos-de-Tondela\/273620439973877\" \/>\n<meta property=\"article:published_time\" content=\"2018-06-19T18:24:59+00:00\" \/>\n<meta property=\"article:modified_time\" content=\"2018-12-23T11:45:03+00:00\" \/>\n<meta property=\"og:image\" content=\"http:\/\/obeirao.pt\/online\/wp-content\/uploads\/2018\/06\/DSC_0088.jpg\" \/>\n\t<meta property=\"og:image:width\" content=\"1024\" \/>\n\t<meta property=\"og:image:height\" content=\"499\" \/>\n\t<meta property=\"og:image:type\" content=\"image\/jpeg\" \/>\n<meta name=\"author\" content=\"Z\u00e9 Beir\u00e3o\" \/>\n<meta name=\"twitter:card\" content=\"summary_large_image\" \/>\n<meta name=\"twitter:creator\" content=\"@JoaquimDuarteP2\" \/>\n<meta name=\"twitter:site\" content=\"@JoaquimDuarteP2\" \/>\n<meta name=\"twitter:label1\" content=\"Escrito por\" \/>\n\t<meta name=\"twitter:data1\" content=\"Z\u00e9 Beir\u00e3o\" \/>\n\t<meta name=\"twitter:label2\" content=\"Tempo estimado de leitura\" \/>\n\t<meta name=\"twitter:data2\" content=\"1 minuto\" \/>\n<script type=\"application\/ld+json\" class=\"yoast-schema-graph\">{\"@context\":\"https:\\\/\\\/schema.org\",\"@graph\":[{\"@type\":\"Article\",\"@id\":\"http:\\\/\\\/obeirao.pt\\\/online\\\/2018\\\/06\\\/19\\\/passeio-dos-classicos-da-escola-profissional-de-tondela-animou-as-estradas-e-recantos-da-regiao\\\/#article\",\"isPartOf\":{\"@id\":\"http:\\\/\\\/obeirao.pt\\\/online\\\/2018\\\/06\\\/19\\\/passeio-dos-classicos-da-escola-profissional-de-tondela-animou-as-estradas-e-recantos-da-regiao\\\/\"},\"author\":{\"name\":\"Z\u00e9 Beir\u00e3o\",\"@id\":\"http:\\\/\\\/obeirao.pt\\\/online\\\/#\\\/schema\\\/person\\\/efac69bb5a33873e1c1bb9c1165ff38c\"},\"headline\":\"PASSEIO DOS CL\u00c1SSICOS DA ESCOLA PROFISSIONAL DE TONDELA animou as estradas e recantos da regi\u00e3o\",\"datePublished\":\"2018-06-19T18:24:59+00:00\",\"dateModified\":\"2018-12-23T11:45:03+00:00\",\"mainEntityOfPage\":{\"@id\":\"http:\\\/\\\/obeirao.pt\\\/online\\\/2018\\\/06\\\/19\\\/passeio-dos-classicos-da-escola-profissional-de-tondela-animou-as-estradas-e-recantos-da-regiao\\\/\"},\"wordCount\":270,\"commentCount\":0,\"image\":{\"@id\":\"http:\\\/\\\/obeirao.pt\\\/online\\\/2018\\\/06\\\/19\\\/passeio-dos-classicos-da-escola-profissional-de-tondela-animou-as-estradas-e-recantos-da-regiao\\\/#primaryimage\"},\"thumbnailUrl\":\"http:\\\/\\\/obeirao.pt\\\/online\\\/wp-content\\\/uploads\\\/2018\\\/06\\\/DSC_0088.jpg\",\"keywords\":[\"eptondela\",\"escola profissional de tondela\"],\"articleSection\":[\"_Principal\",\"Regi\u00e3o\",\"Tondela\"],\"inLanguage\":\"pt-PT\"},{\"@type\":\"WebPage\",\"@id\":\"http:\\\/\\\/obeirao.pt\\\/online\\\/2018\\\/06\\\/19\\\/passeio-dos-classicos-da-escola-profissional-de-tondela-animou-as-estradas-e-recantos-da-regiao\\\/\",\"url\":\"http:\\\/\\\/obeirao.pt\\\/online\\\/2018\\\/06\\\/19\\\/passeio-dos-classicos-da-escola-profissional-de-tondela-animou-as-estradas-e-recantos-da-regiao\\\/\",\"name\":\"PASSEIO DOS CL\u00c1SSICOS DA ESCOLA PROFISSIONAL DE TONDELA animou as estradas e recantos da regi\u00e3o - Beir\u00e3o Online\",\"isPartOf\":{\"@id\":\"http:\\\/\\\/obeirao.pt\\\/online\\\/#website\"},\"primaryImageOfPage\":{\"@id\":\"http:\\\/\\\/obeirao.pt\\\/online\\\/2018\\\/06\\\/19\\\/passeio-dos-classicos-da-escola-profissional-de-tondela-animou-as-estradas-e-recantos-da-regiao\\\/#primaryimage\"},\"image\":{\"@id\":\"http:\\\/\\\/obeirao.pt\\\/online\\\/2018\\\/06\\\/19\\\/passeio-dos-classicos-da-escola-profissional-de-tondela-animou-as-estradas-e-recantos-da-regiao\\\/#primaryimage\"},\"thumbnailUrl\":\"http:\\\/\\\/obeirao.pt\\\/online\\\/wp-content\\\/uploads\\\/2018\\\/06\\\/DSC_0088.jpg\",\"datePublished\":\"2018-06-19T18:24:59+00:00\",\"dateModified\":\"2018-12-23T11:45:03+00:00\",\"author\":{\"@id\":\"http:\\\/\\\/obeirao.pt\\\/online\\\/#\\\/schema\\\/person\\\/efac69bb5a33873e1c1bb9c1165ff38c\"},\"breadcrumb\":{\"@id\":\"http:\\\/\\\/obeirao.pt\\\/online\\\/2018\\\/06\\\/19\\\/passeio-dos-classicos-da-escola-profissional-de-tondela-animou-as-estradas-e-recantos-da-regiao\\\/#breadcrumb\"},\"inLanguage\":\"pt-PT\",\"potentialAction\":[{\"@type\":\"ReadAction\",\"target\":[\"http:\\\/\\\/obeirao.pt\\\/online\\\/2018\\\/06\\\/19\\\/passeio-dos-classicos-da-escola-profissional-de-tondela-animou-as-estradas-e-recantos-da-regiao\\\/\"]}]},{\"@type\":\"ImageObject\",\"inLanguage\":\"pt-PT\",\"@id\":\"http:\\\/\\\/obeirao.pt\\\/online\\\/2018\\\/06\\\/19\\\/passeio-dos-classicos-da-escola-profissional-de-tondela-animou-as-estradas-e-recantos-da-regiao\\\/#primaryimage\",\"url\":\"http:\\\/\\\/obeirao.pt\\\/online\\\/wp-content\\\/uploads\\\/2018\\\/06\\\/DSC_0088.jpg\",\"contentUrl\":\"http:\\\/\\\/obeirao.pt\\\/online\\\/wp-content\\\/uploads\\\/2018\\\/06\\\/DSC_0088.jpg\",\"width\":1024,\"height\":499},{\"@type\":\"BreadcrumbList\",\"@id\":\"http:\\\/\\\/obeirao.pt\\\/online\\\/2018\\\/06\\\/19\\\/passeio-dos-classicos-da-escola-profissional-de-tondela-animou-as-estradas-e-recantos-da-regiao\\\/#breadcrumb\",\"itemListElement\":[{\"@type\":\"ListItem\",\"position\":1,\"name\":\"Home\",\"item\":\"http:\\\/\\\/obeirao.pt\\\/online\\\/\"},{\"@type\":\"ListItem\",\"position\":2,\"name\":\"PASSEIO DOS CL\u00c1SSICOS DA ESCOLA PROFISSIONAL DE TONDELA animou as estradas e recantos da regi\u00e3o\"}]},{\"@type\":\"WebSite\",\"@id\":\"http:\\\/\\\/obeirao.pt\\\/online\\\/#website\",\"url\":\"http:\\\/\\\/obeirao.pt\\\/online\\\/\",\"name\":\"Beir\u00e3o Online\",\"description\":\"www.obeirao.pt\",\"potentialAction\":[{\"@type\":\"SearchAction\",\"target\":{\"@type\":\"EntryPoint\",\"urlTemplate\":\"http:\\\/\\\/obeirao.pt\\\/online\\\/?s={search_term_string}\"},\"query-input\":{\"@type\":\"PropertyValueSpecification\",\"valueRequired\":true,\"valueName\":\"search_term_string\"}}],\"inLanguage\":\"pt-PT\"},{\"@type\":\"Person\",\"@id\":\"http:\\\/\\\/obeirao.pt\\\/online\\\/#\\\/schema\\\/person\\\/efac69bb5a33873e1c1bb9c1165ff38c\",\"name\":\"Z\u00e9 Beir\u00e3o\",\"image\":{\"@type\":\"ImageObject\",\"inLanguage\":\"pt-PT\",\"@id\":\"http:\\\/\\\/0.gravatar.com\\\/avatar\\\/c8c44d1f9327baa4d27e9b1149cd71b3?s=96&d=mm&r=g\",\"url\":\"http:\\\/\\\/0.gravatar.com\\\/avatar\\\/c8c44d1f9327baa4d27e9b1149cd71b3?s=96&d=mm&r=g\",\"contentUrl\":\"http:\\\/\\\/0.gravatar.com\\\/avatar\\\/c8c44d1f9327baa4d27e9b1149cd71b3?s=96&d=mm&r=g\",\"caption\":\"Z\u00e9 Beir\u00e3o\"},\"url\":\"http:\\\/\\\/obeirao.pt\\\/online\\\/author\\\/zebeirao\\\/\"}]}<\/script>\n<!-- \/ Yoast SEO plugin. -->","yoast_head_json":{"title":"PASSEIO DOS CL\u00c1SSICOS DA ESCOLA PROFISSIONAL DE TONDELA animou as estradas e recantos da regi\u00e3o - Beir\u00e3o Online","robots":{"index":"index","follow":"follow","max-snippet":"max-snippet:-1","max-image-preview":"max-image-preview:large","max-video-preview":"max-video-preview:-1"},"canonical":"http:\/\/obeirao.pt\/online\/2018\/06\/19\/passeio-dos-classicos-da-escola-profissional-de-tondela-animou-as-estradas-e-recantos-da-regiao\/","og_locale":"pt_PT","og_type":"article","og_title":"PASSEIO DOS CL\u00c1SSICOS DA ESCOLA PROFISSIONAL DE TONDELA animou as estradas e recantos da regi\u00e3o - Beir\u00e3o Online","og_description":"tempo de leitura: 2 minutosComo fora largamente anunciado, realizou-se, no passado domingo, dia 17 de Junho, o 8.\u00ba Passeio dos Cl\u00e1ssicos, da Escola Profissional de Tondela (EPT) que, como [...]","og_url":"http:\/\/obeirao.pt\/online\/2018\/06\/19\/passeio-dos-classicos-da-escola-profissional-de-tondela-animou-as-estradas-e-recantos-da-regiao\/","og_site_name":"Beir\u00e3o Online","article_publisher":"https:\/\/pt-br.facebook.com\/pages\/Amigos-de-Tondela\/273620439973877","article_published_time":"2018-06-19T18:24:59+00:00","article_modified_time":"2018-12-23T11:45:03+00:00","og_image":[{"width":1024,"height":499,"url":"http:\/\/obeirao.pt\/online\/wp-content\/uploads\/2018\/06\/DSC_0088.jpg","type":"image\/jpeg"}],"author":"Z\u00e9 Beir\u00e3o","twitter_card":"summary_large_image","twitter_creator":"@JoaquimDuarteP2","twitter_site":"@JoaquimDuarteP2","twitter_misc":{"Escrito por":"Z\u00e9 Beir\u00e3o","Tempo estimado de leitura":"1 minuto"},"schema":{"@context":"https:\/\/schema.org","@graph":[{"@type":"Article","@id":"http:\/\/obeirao.pt\/online\/2018\/06\/19\/passeio-dos-classicos-da-escola-profissional-de-tondela-animou-as-estradas-e-recantos-da-regiao\/#article","isPartOf":{"@id":"http:\/\/obeirao.pt\/online\/2018\/06\/19\/passeio-dos-classicos-da-escola-profissional-de-tondela-animou-as-estradas-e-recantos-da-regiao\/"},"author":{"name":"Z\u00e9 Beir\u00e3o","@id":"http:\/\/obeirao.pt\/online\/#\/schema\/person\/efac69bb5a33873e1c1bb9c1165ff38c"},"headline":"PASSEIO DOS CL\u00c1SSICOS DA ESCOLA PROFISSIONAL DE TONDELA animou as estradas e recantos da regi\u00e3o","datePublished":"2018-06-19T18:24:59+00:00","dateModified":"2018-12-23T11:45:03+00:00","mainEntityOfPage":{"@id":"http:\/\/obeirao.pt\/online\/2018\/06\/19\/passeio-dos-classicos-da-escola-profissional-de-tondela-animou-as-estradas-e-recantos-da-regiao\/"},"wordCount":270,"commentCount":0,"image":{"@id":"http:\/\/obeirao.pt\/online\/2018\/06\/19\/passeio-dos-classicos-da-escola-profissional-de-tondela-animou-as-estradas-e-recantos-da-regiao\/#primaryimage"},"thumbnailUrl":"http:\/\/obeirao.pt\/online\/wp-content\/uploads\/2018\/06\/DSC_0088.jpg","keywords":["eptondela","escola profissional de tondela"],"articleSection":["_Principal","Regi\u00e3o","Tondela"],"inLanguage":"pt-PT"},{"@type":"WebPage","@id":"http:\/\/obeirao.pt\/online\/2018\/06\/19\/passeio-dos-classicos-da-escola-profissional-de-tondela-animou-as-estradas-e-recantos-da-regiao\/","url":"http:\/\/obeirao.pt\/online\/2018\/06\/19\/passeio-dos-classicos-da-escola-profissional-de-tondela-animou-as-estradas-e-recantos-da-regiao\/","name":"PASSEIO DOS CL\u00c1SSICOS DA ESCOLA PROFISSIONAL DE TONDELA animou as estradas e recantos da regi\u00e3o - Beir\u00e3o Online","isPartOf":{"@id":"http:\/\/obeirao.pt\/online\/#website"},"primaryImageOfPage":{"@id":"http:\/\/obeirao.pt\/online\/2018\/06\/19\/passeio-dos-classicos-da-escola-profissional-de-tondela-animou-as-estradas-e-recantos-da-regiao\/#primaryimage"},"image":{"@id":"http:\/\/obeirao.pt\/online\/2018\/06\/19\/passeio-dos-classicos-da-escola-profissional-de-tondela-animou-as-estradas-e-recantos-da-regiao\/#primaryimage"},"thumbnailUrl":"http:\/\/obeirao.pt\/online\/wp-content\/uploads\/2018\/06\/DSC_0088.jpg","datePublished":"2018-06-19T18:24:59+00:00","dateModified":"2018-12-23T11:45:03+00:00","author":{"@id":"http:\/\/obeirao.pt\/online\/#\/schema\/person\/efac69bb5a33873e1c1bb9c1165ff38c"},"breadcrumb":{"@id":"http:\/\/obeirao.pt\/online\/2018\/06\/19\/passeio-dos-classicos-da-escola-profissional-de-tondela-animou-as-estradas-e-recantos-da-regiao\/#breadcrumb"},"inLanguage":"pt-PT","potentialAction":[{"@type":"ReadAction","target":["http:\/\/obeirao.pt\/online\/2018\/06\/19\/passeio-dos-classicos-da-escola-profissional-de-tondela-animou-as-estradas-e-recantos-da-regiao\/"]}]},{"@type":"ImageObject","inLanguage":"pt-PT","@id":"http:\/\/obeirao.pt\/online\/2018\/06\/19\/passeio-dos-classicos-da-escola-profissional-de-tondela-animou-as-estradas-e-recantos-da-regiao\/#primaryimage","url":"http:\/\/obeirao.pt\/online\/wp-content\/uploads\/2018\/06\/DSC_0088.jpg","contentUrl":"http:\/\/obeirao.pt\/online\/wp-content\/uploads\/2018\/06\/DSC_0088.jpg","width":1024,"height":499},{"@type":"BreadcrumbList","@id":"http:\/\/obeirao.pt\/online\/2018\/06\/19\/passeio-dos-classicos-da-escola-profissional-de-tondela-animou-as-estradas-e-recantos-da-regiao\/#breadcrumb","itemListElement":[{"@type":"ListItem","position":1,"name":"Home","item":"http:\/\/obeirao.pt\/online\/"},{"@type":"ListItem","position":2,"name":"PASSEIO DOS CL\u00c1SSICOS DA ESCOLA PROFISSIONAL DE TONDELA animou as estradas e recantos da regi\u00e3o"}]},{"@type":"WebSite","@id":"http:\/\/obeirao.pt\/online\/#website","url":"http:\/\/obeirao.pt\/online\/","name":"Beir\u00e3o Online","description":"www.obeirao.pt","potentialAction":[{"@type":"SearchAction","target":{"@type":"EntryPoint","urlTemplate":"http:\/\/obeirao.pt\/online\/?s={search_term_string}"},"query-input":{"@type":"PropertyValueSpecification","valueRequired":true,"valueName":"search_term_string"}}],"inLanguage":"pt-PT"},{"@type":"Person","@id":"http:\/\/obeirao.pt\/online\/#\/schema\/person\/efac69bb5a33873e1c1bb9c1165ff38c","name":"Z\u00e9 Beir\u00e3o","image":{"@type":"ImageObject","inLanguage":"pt-PT","@id":"http:\/\/0.gravatar.com\/avatar\/c8c44d1f9327baa4d27e9b1149cd71b3?s=96&d=mm&r=g","url":"http:\/\/0.gravatar.com\/avatar\/c8c44d1f9327baa4d27e9b1149cd71b3?s=96&d=mm&r=g","contentUrl":"http:\/\/0.gravatar.com\/avatar\/c8c44d1f9327baa4d27e9b1149cd71b3?s=96&d=mm&r=g","caption":"Z\u00e9 Beir\u00e3o"},"url":"http:\/\/obeirao.pt\/online\/author\/zebeirao\/"}]}},"_links":{"self":[{"href":"http:\/\/obeirao.pt\/online\/wp-json\/wp\/v2\/posts\/1388"}],"collection":[{"href":"http:\/\/obeirao.pt\/online\/wp-json\/wp\/v2\/posts"}],"about":[{"href":"http:\/\/obeirao.pt\/online\/wp-json\/wp\/v2\/types\/post"}],"author":[{"embeddable":true,"href":"http:\/\/obeirao.pt\/online\/wp-json\/wp\/v2\/users\/2"}],"replies":[{"embeddable":true,"href":"http:\/\/obeirao.pt\/online\/wp-json\/wp\/v2\/comments?post=1388"}],"version-history":[{"count":1,"href":"http:\/\/obeirao.pt\/online\/wp-json\/wp\/v2\/posts\/1388\/revisions"}],"predecessor-version":[{"id":1393,"href":"http:\/\/obeirao.pt\/online\/wp-json\/wp\/v2\/posts\/1388\/revisions\/1393"}],"wp:featuredmedia":[{"embeddable":true,"href":"http:\/\/obeirao.pt\/online\/wp-json\/wp\/v2\/media\/1389"}],"wp:attachment":[{"href":"http:\/\/obeirao.pt\/online\/wp-json\/wp\/v2\/media?parent=1388"}],"wp:term":[{"taxonomy":"category","embeddable":true,"href":"http:\/\/obeirao.pt\/online\/wp-json\/wp\/v2\/categories?post=1388"},{"taxonomy":"post_tag","embeddable":true,"href":"http:\/\/obeirao.pt\/online\/wp-json\/wp\/v2\/tags?post=1388"}],"curies":[{"name":"wp","href":"https:\/\/api.w.org\/{rel}","templated":true}]}}