{"id":1440,"date":"2018-06-23T18:42:24","date_gmt":"2018-06-23T17:42:24","guid":{"rendered":"http:\/\/obeirao.pt\/online\/?p=1440"},"modified":"2018-06-23T18:45:45","modified_gmt":"2018-06-23T17:45:45","slug":"municipio-de-tondela-quer-potenciar-o-parque-habitacional-da-cidade","status":"publish","type":"post","link":"http:\/\/obeirao.pt\/online\/2018\/06\/23\/municipio-de-tondela-quer-potenciar-o-parque-habitacional-da-cidade\/","title":{"rendered":"MUNIC\u00cdPIO DE TONDELA QUER POTENCIAR o parque habitacional da cidade"},"content":{"rendered":"<span class=\"span-reading-time rt-reading-time\" style=\"display: block;\"><span class=\"rt-label rt-prefix\">tempo de leitura:<\/span> <span class=\"rt-time\"> 4<\/span> <span class=\"rt-label rt-postfix\">minutos<\/span><\/span><p><span style=\"font-size: 24pt\"><strong><img loading=\"lazy\" decoding=\"async\" class=\"alignnone wp-image-1441 alignleft\" src=\"http:\/\/obeirao.pt\/online\/wp-content\/uploads\/2018\/06\/DSC_20-300x107.jpg\" alt=\"\" width=\"370\" height=\"132\" srcset=\"http:\/\/obeirao.pt\/online\/wp-content\/uploads\/2018\/06\/DSC_20-300x107.jpg 300w, http:\/\/obeirao.pt\/online\/wp-content\/uploads\/2018\/06\/DSC_20-768x274.jpg 768w, http:\/\/obeirao.pt\/online\/wp-content\/uploads\/2018\/06\/DSC_20.jpg 1024w\" sizes=\"(max-width: 370px) 100vw, 370px\" \/><\/strong><\/span><span style=\"font-family: georgia,palatino,serif;font-size: 14pt\"><strong><em>O presidente da C\u00e2mara de Tondela, Jos\u00e9 Ant\u00f3nio de Jesus, esteve reunido em confer\u00eancia de imprensa com a comunica\u00e7\u00e3o social, no in\u00edcio desta semana, no Sal\u00e3o Nobre dos Pa\u00e7os do Concelho.<\/em><\/strong><\/span><!--more--><\/p>\n<p><span style=\"color: #000000;font-family: georgia,palatino,serif;font-size: 12pt\">O autarca fez um exaustivo balan\u00e7o da reconstru\u00e7\u00e3o do concelho, nas diferentes vertentes, depois dos inc\u00eandios de Outubro do ano passado, dando a conhecer, ainda, a estrat\u00e9gia desenhada para potenciar a oferta municipal do parque habitacional na cidade.<\/span><\/p>\n<p><span style=\"color: #000000;font-family: georgia,palatino,serif;font-size: 12pt\">Relativamente \u00e0 reconstru\u00e7\u00e3o das casas ardidas, a empreitada concebida pela CCRDC, ronda os 12 milh\u00f5es de euros e abrange 94 habita\u00e7\u00f5es, sendo que 74 s\u00e3o de raiz e, as demais, grandes repara\u00e7\u00f5es, saldando-se como o maior volume de constru\u00e7\u00e3o de toda a regi\u00e3o afectada.<\/span><\/p>\n<p><span style=\"color: #000000;font-family: georgia,palatino,serif;font-size: 12pt\">Em 18 destas constru\u00e7\u00f5es, j\u00e1 se conclu\u00edram os trabalhos ou est\u00e3o a decorrer, ou mesmo iniciada a recupera\u00e7\u00e3o, assim sendo de forma sequencial, ap\u00f3s terem sido aprovados a grande maioria dos estudos pr\u00e9vios, de ter sido analisada a viabilidade urban\u00edstica e, naturalmente, se iniciarem os projectos de execu\u00e7\u00e3o, n\u00e3o obstante a morosidade e o formalismo a que estes procedimentos est\u00e3o sujeitos.<\/span><\/p>\n<p><span style=\"color: #000000;font-family: georgia,palatino,serif;font-size: 12pt\">Al\u00e9m disso, j\u00e1 foram apoiadas cerca de outras 48 fam\u00edlias em repara\u00e7\u00f5es de menor escala e de valor mais reduzido, num valor global superior a 140.000 euros, com o apoio directo do Munic\u00edpio na gest\u00e3o e controlo dos processos.<\/span><\/p>\n<p><span style=\"color: #000000;font-family: georgia,palatino,serif;font-size: 12pt\">Segundo o autarca, ainda decorrem estudos para que se inicie outro concurso, que se dever\u00e1 aproximar de 1 milh\u00e3o de euros, para obras que surgiram em data que n\u00e3o permitiu englobar no grande concurso e que agora integra outra opera\u00e7\u00e3o.<\/span><\/p>\n<p><span style=\"color: #ff0000;font-family: georgia,palatino,serif;font-size: 18pt;background-color: #ffff99\"><strong><em>OUTROS APOIOS EXTERIORES<\/em><\/strong><\/span><\/p>\n<p><span style=\"color: #000000;font-family: georgia,palatino,serif;font-size: 12pt\">Por este facto, est\u00e3o garantidos outros apoios, quer atrav\u00e9s da conta solid\u00e1ria, quer com o apoio da CUF\/Funda\u00e7\u00e3o Am\u00e9lia de Mello e dos mais de 100 volunt\u00e1rios que, a partir de 5 de Julho e at\u00e9 ao fim de Setembro, estar\u00e3o no concelho no \u00e2mbito do Projecto Just a Change.<\/span><\/p>\n<p><span style=\"color: #000000;font-family: georgia,palatino,serif;font-size: 12pt\">A isto, acresce o apoio a cerca de 200 fam\u00edlias, realizado pela Funda\u00e7\u00e3o Tzu Chi, para ajuda na aquisi\u00e7\u00e3o de equipamentos agr\u00edcolas, de montante superior a 100.000 euros, sem esquecer outros apoios de grupos de emigrantes ou de empresas do sector da constru\u00e7\u00e3o civil.<\/span><\/p>\n<p><span style=\"color: #000000;font-family: georgia,palatino,serif;font-size: 12pt\">O Munic\u00edpio espera, ainda que, ap\u00f3s o apoio a todas as primeiras habita\u00e7\u00f5es, desenvolver alguns apoios a quem mais precise no dom\u00ednio de barrac\u00f5es ou anexos para a actividade agr\u00edcola.<\/span><\/p>\n<p><span style=\"color: #ff0000;font-family: georgia,palatino,serif;font-size: 18pt;background-color: #ffff99\"><strong><em>INFRAESTRUTURAS MUNICIPAIS<\/em><\/strong><\/span><\/p>\n<p><span style=\"color: #000000;font-family: georgia,palatino,serif;font-size: 12pt\">Se, at\u00e9 agora, o Munic\u00edpio tem prestado a maior aten\u00e7\u00e3o \u00e0s fam\u00edlias atingidas pela calamidade, tamb\u00e9m \u00e9 verdade que necessita de recuperar muitas infraesttururas e equipamentos municipais.<\/span><\/p>\n<p><span style=\"color: #000000;font-family: georgia,palatino,serif;font-size: 12pt\">Deste modo, a autarquia sinalizou ao Fundo de Emerg\u00eancia Municipal, sempre accionado pelo Governo quando se verificam cat\u00e1strofes desta natureza, a verba de 2,5 milh\u00f5es de euros, para concretiza\u00e7\u00e3o de trabalhos inadi\u00e1veis.<\/span><\/p>\n<p><span style=\"color: #000000;font-family: georgia,palatino,serif;font-size: 12pt\">Esses trabalhos t\u00eam a ver com a reabilita\u00e7\u00e3o de estradas municipais, seguran\u00e7a rodovi\u00e1ria em termos de sinaliza\u00e7\u00e3o, equipamentos municipais em monumentos rupestres, percursos pedestres, zonas de lazer, capta\u00e7\u00f5es de \u00e1gua, patrim\u00f3nio edificado, equipamentos de recolha de res\u00edduos s\u00f3lidos urbanos, protec\u00e7\u00e3o civil e reabilita\u00e7\u00e3o de vias destru\u00eddas, reabilita\u00e7\u00e3o de espa\u00e7os verdes e insfraestruturas danificadas e equipamento urbano.<\/span><\/p>\n<p><span style=\"color: #000000;font-family: georgia,palatino,serif;font-size: 12pt\">Para toda esta destrui\u00e7\u00e3o, o Munic\u00edpio queixa-se de que, at\u00e9 \u00e0 data, \u201cnenhum apoio se concretizou\u201d, ao contr\u00e1rio dos apoios para os inc\u00eandios de 2013, uma vez que, nos meados de Setembro (menos de dois meses ap\u00f3s os fogos), j\u00e1 estavam definidos e, na mesma medida, como aconteceu em Pedr\u00f3g\u00e3o Grande.<\/span><\/p>\n<p><span style=\"color: #000000;font-family: georgia,palatino,serif;font-size: 12pt\"><em>\u201cPorqu\u00ea esta situa\u00e7\u00e3o? Porque o Estado Portugu\u00eas, para estes inc\u00eandios de Outubro, pretende que sejam os recursos do fundo de solidariedade da Uni\u00e3o Europeia a apoiar estes trabalhos<\/em>\u201d, denuncia Jos\u00e9 Ant\u00f3nio de Jesus.<\/span><\/p>\n<p><span style=\"color: #000000;font-family: georgia,palatino,serif;font-size: 12pt\">S\u00f3 que, at\u00e9 esta data, apesar de se saber que Bruxelas vai apoiar, n\u00e3o est\u00e1 publicado modelo de acesso, nem se podem submeter candidaturas a respectivas despesas. E, face \u201c<em>\u00e0 gravidade da situa\u00e7\u00e3o<\/em>\u201d faz com que o Munic\u00edpio tenha de tomar op\u00e7\u00f5es, iniciando a reposi\u00e7\u00e3o de sinal\u00e9tica, por se considerar priorit\u00e1ria, explicou.<\/span><\/p>\n<p><span style=\"color: #ff0000;font-family: georgia,palatino,serif;font-size: 18pt;background-color: #ffff99\"><strong><em>ECOPISTA DEVER\u00c1 SER RECUPARADA PELO MUNIC\u00cdPIO<\/em><\/strong><\/span><\/p>\n<p><span style=\"color: #000000;font-family: georgia,palatino,serif;font-size: 12pt\">Tamb\u00e9m a Ecopista do D\u00e3o, com muita destrui\u00e7\u00e3o, n\u00e3o viu, tamb\u00e9m, definida qualquer verba, estando comprometida a sua recupera\u00e7\u00e3o.<\/span><\/p>\n<p><span style=\"color: #000000;font-family: georgia,palatino,serif;font-size: 12pt\">A situa\u00e7\u00e3o da Ecopista tem sofrido v\u00e1rios impasses e, quando era suposto que a sua elegibilidade em sede de FEM, os munic\u00edpios de Tondela e de Santa Comba D\u00e3o, delegaram na CIM a condu\u00e7\u00e3o da candidatura, cujo montante rondava os 850.000 euros, contudo, tal candidatura n\u00e3o pode ser submetida por esta entidade e, desta forma, cada munic\u00edpio a dever\u00e1 fazer autonomamente.<\/span><\/p>\n<p><span style=\"color: #000000;font-family: georgia,palatino,serif;font-size: 12pt\">Face \u00e0 gravidade dos estragos da Ecopista e sua degrada\u00e7\u00e3o acentuada, o Munic\u00edpio de Tondela, vai avan\u00e7ar com a sua requalifica\u00e7\u00e3o na \u00e1rea do concelho, com recursos pr\u00f3prios e num montante superior a 430.000 euros.<\/span><\/p>\n<p><span style=\"color: #000000;font-family: georgia,palatino,serif;font-size: 12pt\">A revis\u00e3o or\u00e7amental prevista na sess\u00e3o da Assembleia Municipal desta sexta-feira, prev\u00ea que o executivo meta ombros \u00e0 obra.<\/span><\/p>\n<p><span style=\"color: #ff0000;font-family: georgia,palatino,serif;font-size: 18pt;background-color: #ffff99\"><strong><em>HABITA\u00c7\u00c3O PARA QUEM AQUI TRABALHA<\/em><\/strong><\/span><\/p>\n<p><span style=\"color: #000000;font-family: georgia,palatino,serif;font-size: 12pt\">Segundo Jos\u00e9 Ant\u00f3nio de Jesus, a revis\u00e3o or\u00e7amental inclui uma op\u00e7\u00e3o estrat\u00e9gica para o concelho de Tondela e, em particular, para a cidade, no cap\u00edtulo da habita\u00e7\u00e3o para acolher quem se est\u00e1 a deslocar para Tondela, em consequ\u00eancia da forte e determinada oferta de trabalho.<\/span><\/p>\n<p><span style=\"color: #000000;font-family: georgia,palatino,serif;font-size: 12pt\">De forma a complementar a oferta da iniciativa privada, o Munic\u00edpio ir\u00e1 desenvolver uma ac\u00e7\u00e3o que concretize a oferta de habita\u00e7\u00e3o a custos controlados, seja na reabilita\u00e7\u00e3o de um edif\u00edcio de grandes dimens\u00f5es em avan\u00e7ado estado de degrada\u00e7\u00e3o, seja em novas \u00e1reas de crescimento.<\/span><\/p>\n<p><span style=\"color: #000000;font-family: georgia,palatino,serif;font-size: 12pt\">Numa 1.\u00aa fase, a op\u00e7\u00e3o poder\u00e1 envolver mais 2,5 milh\u00f5es de euros, importando chamar todos os conterr\u00e2neos que emigraram e que queiram regressar a Portugal e a Tondela.<\/span><\/p>\n<p><span style=\"color: #000000;font-family: georgia,palatino,serif;font-size: 12pt\">Noutros aspectos, porque lhe foi pedido, o presidente da C\u00e2mara Municipal de Tondela reiterou a ideia de que a requalifica\u00e7\u00e3o da Frente Ribeirinha e a reconvers\u00e3o do velho armaz\u00e9m da Federa\u00e7\u00e3o dos Vinicultores do D\u00e3o, ainda n\u00e3o arrancou, porque o Munic\u00edpio n\u00e3o tem tido tempo para avan\u00e7ar com o empreendimento, uma vez que todo o tempo est\u00e1 a ser consumido pela resolu\u00e7\u00e3o do problema de instalar as fam\u00edlias que ficaram sem a sua primeira habita\u00e7\u00e3o.<\/span><\/p>\n<p>&nbsp;<\/p>\n<p>&nbsp;<\/p>\n","protected":false},"excerpt":{"rendered":"<div class=\"mh-excerpt\"><span class=\"span-reading-time rt-reading-time\" style=\"display: block;\"><span class=\"rt-label rt-prefix\">tempo de leitura:<\/span> <span class=\"rt-time\"> 4<\/span> <span class=\"rt-label rt-postfix\">minutos<\/span><\/span>O presidente da C\u00e2mara de Tondela, Jos\u00e9 Ant\u00f3nio de Jesus, esteve reunido em confer\u00eancia de imprensa com a comunica\u00e7\u00e3o social, no in\u00edcio desta semana, no <a class=\"mh-excerpt-more\" href=\"http:\/\/obeirao.pt\/online\/2018\/06\/23\/municipio-de-tondela-quer-potenciar-o-parque-habitacional-da-cidade\/\" title=\"MUNIC\u00cdPIO DE TONDELA QUER POTENCIAR o parque habitacional da cidade\">[&#8230;]<\/a><\/div>\n","protected":false},"author":2,"featured_media":1441,"comment_status":"open","ping_status":"open","sticky":false,"template":"","format":"standard","meta":{"footnotes":""},"categories":[2,4,63],"tags":[],"class_list":["post-1440","post","type-post","status-publish","format-standard","has-post-thumbnail","hentry","category-principal","category-regiao","category-tondela"],"yoast_head":"<!-- This site is optimized with the Yoast SEO plugin v27.4 - https:\/\/yoast.com\/product\/yoast-seo-wordpress\/ -->\n<title>MUNIC\u00cdPIO DE TONDELA QUER POTENCIAR o parque habitacional da cidade - Beir\u00e3o Online<\/title>\n<meta name=\"robots\" content=\"index, follow, max-snippet:-1, max-image-preview:large, max-video-preview:-1\" \/>\n<link rel=\"canonical\" href=\"https:\/\/obeirao.pt\/online\/2018\/06\/23\/municipio-de-tondela-quer-potenciar-o-parque-habitacional-da-cidade\/\" \/>\n<meta property=\"og:locale\" content=\"pt_PT\" \/>\n<meta property=\"og:type\" content=\"article\" \/>\n<meta property=\"og:title\" content=\"MUNIC\u00cdPIO DE TONDELA QUER POTENCIAR o parque habitacional da cidade - Beir\u00e3o Online\" \/>\n<meta property=\"og:description\" content=\"tempo de leitura: 4 minutosO presidente da C\u00e2mara de Tondela, Jos\u00e9 Ant\u00f3nio de Jesus, esteve reunido em confer\u00eancia de imprensa com a comunica\u00e7\u00e3o social, no in\u00edcio desta semana, no [...]\" \/>\n<meta property=\"og:url\" content=\"https:\/\/obeirao.pt\/online\/2018\/06\/23\/municipio-de-tondela-quer-potenciar-o-parque-habitacional-da-cidade\/\" \/>\n<meta property=\"og:site_name\" content=\"Beir\u00e3o Online\" \/>\n<meta property=\"article:publisher\" content=\"https:\/\/pt-br.facebook.com\/pages\/Amigos-de-Tondela\/273620439973877\" \/>\n<meta property=\"article:published_time\" content=\"2018-06-23T17:42:24+00:00\" \/>\n<meta property=\"article:modified_time\" content=\"2018-06-23T17:45:45+00:00\" \/>\n<meta property=\"og:image\" content=\"https:\/\/obeirao.pt\/online\/wp-content\/uploads\/2018\/06\/DSC_20.jpg\" \/>\n\t<meta property=\"og:image:width\" content=\"1024\" \/>\n\t<meta property=\"og:image:height\" content=\"366\" \/>\n\t<meta property=\"og:image:type\" content=\"image\/jpeg\" \/>\n<meta name=\"author\" content=\"Z\u00e9 Beir\u00e3o\" \/>\n<meta name=\"twitter:card\" content=\"summary_large_image\" \/>\n<meta name=\"twitter:creator\" content=\"@JoaquimDuarteP2\" \/>\n<meta name=\"twitter:site\" content=\"@JoaquimDuarteP2\" \/>\n<meta name=\"twitter:label1\" content=\"Escrito por\" \/>\n\t<meta name=\"twitter:data1\" content=\"Z\u00e9 Beir\u00e3o\" \/>\n\t<meta name=\"twitter:label2\" content=\"Tempo estimado de leitura\" \/>\n\t<meta name=\"twitter:data2\" content=\"6 minutos\" \/>\n<script type=\"application\/ld+json\" class=\"yoast-schema-graph\">{\"@context\":\"https:\\\/\\\/schema.org\",\"@graph\":[{\"@type\":\"Article\",\"@id\":\"https:\\\/\\\/obeirao.pt\\\/online\\\/2018\\\/06\\\/23\\\/municipio-de-tondela-quer-potenciar-o-parque-habitacional-da-cidade\\\/#article\",\"isPartOf\":{\"@id\":\"https:\\\/\\\/obeirao.pt\\\/online\\\/2018\\\/06\\\/23\\\/municipio-de-tondela-quer-potenciar-o-parque-habitacional-da-cidade\\\/\"},\"author\":{\"name\":\"Z\u00e9 Beir\u00e3o\",\"@id\":\"https:\\\/\\\/obeirao.pt\\\/online\\\/#\\\/schema\\\/person\\\/efac69bb5a33873e1c1bb9c1165ff38c\"},\"headline\":\"MUNIC\u00cdPIO DE TONDELA QUER POTENCIAR o parque habitacional da cidade\",\"datePublished\":\"2018-06-23T17:42:24+00:00\",\"dateModified\":\"2018-06-23T17:45:45+00:00\",\"mainEntityOfPage\":{\"@id\":\"https:\\\/\\\/obeirao.pt\\\/online\\\/2018\\\/06\\\/23\\\/municipio-de-tondela-quer-potenciar-o-parque-habitacional-da-cidade\\\/\"},\"wordCount\":1112,\"commentCount\":0,\"image\":{\"@id\":\"https:\\\/\\\/obeirao.pt\\\/online\\\/2018\\\/06\\\/23\\\/municipio-de-tondela-quer-potenciar-o-parque-habitacional-da-cidade\\\/#primaryimage\"},\"thumbnailUrl\":\"http:\\\/\\\/obeirao.pt\\\/online\\\/wp-content\\\/uploads\\\/2018\\\/06\\\/DSC_20.jpg\",\"articleSection\":[\"_Principal\",\"Regi\u00e3o\",\"Tondela\"],\"inLanguage\":\"pt-PT\"},{\"@type\":\"WebPage\",\"@id\":\"https:\\\/\\\/obeirao.pt\\\/online\\\/2018\\\/06\\\/23\\\/municipio-de-tondela-quer-potenciar-o-parque-habitacional-da-cidade\\\/\",\"url\":\"https:\\\/\\\/obeirao.pt\\\/online\\\/2018\\\/06\\\/23\\\/municipio-de-tondela-quer-potenciar-o-parque-habitacional-da-cidade\\\/\",\"name\":\"MUNIC\u00cdPIO DE TONDELA QUER POTENCIAR o parque habitacional da cidade - Beir\u00e3o Online\",\"isPartOf\":{\"@id\":\"https:\\\/\\\/obeirao.pt\\\/online\\\/#website\"},\"primaryImageOfPage\":{\"@id\":\"https:\\\/\\\/obeirao.pt\\\/online\\\/2018\\\/06\\\/23\\\/municipio-de-tondela-quer-potenciar-o-parque-habitacional-da-cidade\\\/#primaryimage\"},\"image\":{\"@id\":\"https:\\\/\\\/obeirao.pt\\\/online\\\/2018\\\/06\\\/23\\\/municipio-de-tondela-quer-potenciar-o-parque-habitacional-da-cidade\\\/#primaryimage\"},\"thumbnailUrl\":\"http:\\\/\\\/obeirao.pt\\\/online\\\/wp-content\\\/uploads\\\/2018\\\/06\\\/DSC_20.jpg\",\"datePublished\":\"2018-06-23T17:42:24+00:00\",\"dateModified\":\"2018-06-23T17:45:45+00:00\",\"author\":{\"@id\":\"https:\\\/\\\/obeirao.pt\\\/online\\\/#\\\/schema\\\/person\\\/efac69bb5a33873e1c1bb9c1165ff38c\"},\"breadcrumb\":{\"@id\":\"https:\\\/\\\/obeirao.pt\\\/online\\\/2018\\\/06\\\/23\\\/municipio-de-tondela-quer-potenciar-o-parque-habitacional-da-cidade\\\/#breadcrumb\"},\"inLanguage\":\"pt-PT\",\"potentialAction\":[{\"@type\":\"ReadAction\",\"target\":[\"https:\\\/\\\/obeirao.pt\\\/online\\\/2018\\\/06\\\/23\\\/municipio-de-tondela-quer-potenciar-o-parque-habitacional-da-cidade\\\/\"]}]},{\"@type\":\"ImageObject\",\"inLanguage\":\"pt-PT\",\"@id\":\"https:\\\/\\\/obeirao.pt\\\/online\\\/2018\\\/06\\\/23\\\/municipio-de-tondela-quer-potenciar-o-parque-habitacional-da-cidade\\\/#primaryimage\",\"url\":\"http:\\\/\\\/obeirao.pt\\\/online\\\/wp-content\\\/uploads\\\/2018\\\/06\\\/DSC_20.jpg\",\"contentUrl\":\"http:\\\/\\\/obeirao.pt\\\/online\\\/wp-content\\\/uploads\\\/2018\\\/06\\\/DSC_20.jpg\",\"width\":1024,\"height\":366},{\"@type\":\"BreadcrumbList\",\"@id\":\"https:\\\/\\\/obeirao.pt\\\/online\\\/2018\\\/06\\\/23\\\/municipio-de-tondela-quer-potenciar-o-parque-habitacional-da-cidade\\\/#breadcrumb\",\"itemListElement\":[{\"@type\":\"ListItem\",\"position\":1,\"name\":\"Home\",\"item\":\"http:\\\/\\\/obeirao.pt\\\/online\\\/\"},{\"@type\":\"ListItem\",\"position\":2,\"name\":\"MUNIC\u00cdPIO DE TONDELA QUER POTENCIAR o parque habitacional da cidade\"}]},{\"@type\":\"WebSite\",\"@id\":\"https:\\\/\\\/obeirao.pt\\\/online\\\/#website\",\"url\":\"https:\\\/\\\/obeirao.pt\\\/online\\\/\",\"name\":\"Beir\u00e3o Online\",\"description\":\"www.obeirao.pt\",\"potentialAction\":[{\"@type\":\"SearchAction\",\"target\":{\"@type\":\"EntryPoint\",\"urlTemplate\":\"https:\\\/\\\/obeirao.pt\\\/online\\\/?s={search_term_string}\"},\"query-input\":{\"@type\":\"PropertyValueSpecification\",\"valueRequired\":true,\"valueName\":\"search_term_string\"}}],\"inLanguage\":\"pt-PT\"},{\"@type\":\"Person\",\"@id\":\"https:\\\/\\\/obeirao.pt\\\/online\\\/#\\\/schema\\\/person\\\/efac69bb5a33873e1c1bb9c1165ff38c\",\"name\":\"Z\u00e9 Beir\u00e3o\",\"image\":{\"@type\":\"ImageObject\",\"inLanguage\":\"pt-PT\",\"@id\":\"http:\\\/\\\/0.gravatar.com\\\/avatar\\\/c8c44d1f9327baa4d27e9b1149cd71b3?s=96&d=mm&r=g\",\"url\":\"http:\\\/\\\/0.gravatar.com\\\/avatar\\\/c8c44d1f9327baa4d27e9b1149cd71b3?s=96&d=mm&r=g\",\"contentUrl\":\"http:\\\/\\\/0.gravatar.com\\\/avatar\\\/c8c44d1f9327baa4d27e9b1149cd71b3?s=96&d=mm&r=g\",\"caption\":\"Z\u00e9 Beir\u00e3o\"},\"url\":\"http:\\\/\\\/obeirao.pt\\\/online\\\/author\\\/zebeirao\\\/\"}]}<\/script>\n<!-- \/ Yoast SEO plugin. -->","yoast_head_json":{"title":"MUNIC\u00cdPIO DE TONDELA QUER POTENCIAR o parque habitacional da cidade - Beir\u00e3o Online","robots":{"index":"index","follow":"follow","max-snippet":"max-snippet:-1","max-image-preview":"max-image-preview:large","max-video-preview":"max-video-preview:-1"},"canonical":"https:\/\/obeirao.pt\/online\/2018\/06\/23\/municipio-de-tondela-quer-potenciar-o-parque-habitacional-da-cidade\/","og_locale":"pt_PT","og_type":"article","og_title":"MUNIC\u00cdPIO DE TONDELA QUER POTENCIAR o parque habitacional da cidade - Beir\u00e3o Online","og_description":"tempo de leitura: 4 minutosO presidente da C\u00e2mara de Tondela, Jos\u00e9 Ant\u00f3nio de Jesus, esteve reunido em confer\u00eancia de imprensa com a comunica\u00e7\u00e3o social, no in\u00edcio desta semana, no [...]","og_url":"https:\/\/obeirao.pt\/online\/2018\/06\/23\/municipio-de-tondela-quer-potenciar-o-parque-habitacional-da-cidade\/","og_site_name":"Beir\u00e3o Online","article_publisher":"https:\/\/pt-br.facebook.com\/pages\/Amigos-de-Tondela\/273620439973877","article_published_time":"2018-06-23T17:42:24+00:00","article_modified_time":"2018-06-23T17:45:45+00:00","og_image":[{"width":1024,"height":366,"url":"https:\/\/obeirao.pt\/online\/wp-content\/uploads\/2018\/06\/DSC_20.jpg","type":"image\/jpeg"}],"author":"Z\u00e9 Beir\u00e3o","twitter_card":"summary_large_image","twitter_creator":"@JoaquimDuarteP2","twitter_site":"@JoaquimDuarteP2","twitter_misc":{"Escrito por":"Z\u00e9 Beir\u00e3o","Tempo estimado de leitura":"6 minutos"},"schema":{"@context":"https:\/\/schema.org","@graph":[{"@type":"Article","@id":"https:\/\/obeirao.pt\/online\/2018\/06\/23\/municipio-de-tondela-quer-potenciar-o-parque-habitacional-da-cidade\/#article","isPartOf":{"@id":"https:\/\/obeirao.pt\/online\/2018\/06\/23\/municipio-de-tondela-quer-potenciar-o-parque-habitacional-da-cidade\/"},"author":{"name":"Z\u00e9 Beir\u00e3o","@id":"https:\/\/obeirao.pt\/online\/#\/schema\/person\/efac69bb5a33873e1c1bb9c1165ff38c"},"headline":"MUNIC\u00cdPIO DE TONDELA QUER POTENCIAR o parque habitacional da cidade","datePublished":"2018-06-23T17:42:24+00:00","dateModified":"2018-06-23T17:45:45+00:00","mainEntityOfPage":{"@id":"https:\/\/obeirao.pt\/online\/2018\/06\/23\/municipio-de-tondela-quer-potenciar-o-parque-habitacional-da-cidade\/"},"wordCount":1112,"commentCount":0,"image":{"@id":"https:\/\/obeirao.pt\/online\/2018\/06\/23\/municipio-de-tondela-quer-potenciar-o-parque-habitacional-da-cidade\/#primaryimage"},"thumbnailUrl":"http:\/\/obeirao.pt\/online\/wp-content\/uploads\/2018\/06\/DSC_20.jpg","articleSection":["_Principal","Regi\u00e3o","Tondela"],"inLanguage":"pt-PT"},{"@type":"WebPage","@id":"https:\/\/obeirao.pt\/online\/2018\/06\/23\/municipio-de-tondela-quer-potenciar-o-parque-habitacional-da-cidade\/","url":"https:\/\/obeirao.pt\/online\/2018\/06\/23\/municipio-de-tondela-quer-potenciar-o-parque-habitacional-da-cidade\/","name":"MUNIC\u00cdPIO DE TONDELA QUER POTENCIAR o parque habitacional da cidade - Beir\u00e3o Online","isPartOf":{"@id":"https:\/\/obeirao.pt\/online\/#website"},"primaryImageOfPage":{"@id":"https:\/\/obeirao.pt\/online\/2018\/06\/23\/municipio-de-tondela-quer-potenciar-o-parque-habitacional-da-cidade\/#primaryimage"},"image":{"@id":"https:\/\/obeirao.pt\/online\/2018\/06\/23\/municipio-de-tondela-quer-potenciar-o-parque-habitacional-da-cidade\/#primaryimage"},"thumbnailUrl":"http:\/\/obeirao.pt\/online\/wp-content\/uploads\/2018\/06\/DSC_20.jpg","datePublished":"2018-06-23T17:42:24+00:00","dateModified":"2018-06-23T17:45:45+00:00","author":{"@id":"https:\/\/obeirao.pt\/online\/#\/schema\/person\/efac69bb5a33873e1c1bb9c1165ff38c"},"breadcrumb":{"@id":"https:\/\/obeirao.pt\/online\/2018\/06\/23\/municipio-de-tondela-quer-potenciar-o-parque-habitacional-da-cidade\/#breadcrumb"},"inLanguage":"pt-PT","potentialAction":[{"@type":"ReadAction","target":["https:\/\/obeirao.pt\/online\/2018\/06\/23\/municipio-de-tondela-quer-potenciar-o-parque-habitacional-da-cidade\/"]}]},{"@type":"ImageObject","inLanguage":"pt-PT","@id":"https:\/\/obeirao.pt\/online\/2018\/06\/23\/municipio-de-tondela-quer-potenciar-o-parque-habitacional-da-cidade\/#primaryimage","url":"http:\/\/obeirao.pt\/online\/wp-content\/uploads\/2018\/06\/DSC_20.jpg","contentUrl":"http:\/\/obeirao.pt\/online\/wp-content\/uploads\/2018\/06\/DSC_20.jpg","width":1024,"height":366},{"@type":"BreadcrumbList","@id":"https:\/\/obeirao.pt\/online\/2018\/06\/23\/municipio-de-tondela-quer-potenciar-o-parque-habitacional-da-cidade\/#breadcrumb","itemListElement":[{"@type":"ListItem","position":1,"name":"Home","item":"http:\/\/obeirao.pt\/online\/"},{"@type":"ListItem","position":2,"name":"MUNIC\u00cdPIO DE TONDELA QUER POTENCIAR o parque habitacional da cidade"}]},{"@type":"WebSite","@id":"https:\/\/obeirao.pt\/online\/#website","url":"https:\/\/obeirao.pt\/online\/","name":"Beir\u00e3o Online","description":"www.obeirao.pt","potentialAction":[{"@type":"SearchAction","target":{"@type":"EntryPoint","urlTemplate":"https:\/\/obeirao.pt\/online\/?s={search_term_string}"},"query-input":{"@type":"PropertyValueSpecification","valueRequired":true,"valueName":"search_term_string"}}],"inLanguage":"pt-PT"},{"@type":"Person","@id":"https:\/\/obeirao.pt\/online\/#\/schema\/person\/efac69bb5a33873e1c1bb9c1165ff38c","name":"Z\u00e9 Beir\u00e3o","image":{"@type":"ImageObject","inLanguage":"pt-PT","@id":"http:\/\/0.gravatar.com\/avatar\/c8c44d1f9327baa4d27e9b1149cd71b3?s=96&d=mm&r=g","url":"http:\/\/0.gravatar.com\/avatar\/c8c44d1f9327baa4d27e9b1149cd71b3?s=96&d=mm&r=g","contentUrl":"http:\/\/0.gravatar.com\/avatar\/c8c44d1f9327baa4d27e9b1149cd71b3?s=96&d=mm&r=g","caption":"Z\u00e9 Beir\u00e3o"},"url":"http:\/\/obeirao.pt\/online\/author\/zebeirao\/"}]}},"_links":{"self":[{"href":"http:\/\/obeirao.pt\/online\/wp-json\/wp\/v2\/posts\/1440"}],"collection":[{"href":"http:\/\/obeirao.pt\/online\/wp-json\/wp\/v2\/posts"}],"about":[{"href":"http:\/\/obeirao.pt\/online\/wp-json\/wp\/v2\/types\/post"}],"author":[{"embeddable":true,"href":"http:\/\/obeirao.pt\/online\/wp-json\/wp\/v2\/users\/2"}],"replies":[{"embeddable":true,"href":"http:\/\/obeirao.pt\/online\/wp-json\/wp\/v2\/comments?post=1440"}],"version-history":[{"count":3,"href":"http:\/\/obeirao.pt\/online\/wp-json\/wp\/v2\/posts\/1440\/revisions"}],"predecessor-version":[{"id":1444,"href":"http:\/\/obeirao.pt\/online\/wp-json\/wp\/v2\/posts\/1440\/revisions\/1444"}],"wp:featuredmedia":[{"embeddable":true,"href":"http:\/\/obeirao.pt\/online\/wp-json\/wp\/v2\/media\/1441"}],"wp:attachment":[{"href":"http:\/\/obeirao.pt\/online\/wp-json\/wp\/v2\/media?parent=1440"}],"wp:term":[{"taxonomy":"category","embeddable":true,"href":"http:\/\/obeirao.pt\/online\/wp-json\/wp\/v2\/categories?post=1440"},{"taxonomy":"post_tag","embeddable":true,"href":"http:\/\/obeirao.pt\/online\/wp-json\/wp\/v2\/tags?post=1440"}],"curies":[{"name":"wp","href":"https:\/\/api.w.org\/{rel}","templated":true}]}}