{"id":1445,"date":"2018-06-25T15:25:28","date_gmt":"2018-06-25T14:25:28","guid":{"rendered":"http:\/\/obeirao.pt\/online\/?p=1445"},"modified":"2018-06-25T15:28:07","modified_gmt":"2018-06-25T14:28:07","slug":"eleitos-da-assembleia-municipal-de-tondela-visitaram-locais-atingidos-pelos-incendios-de-outubro","status":"publish","type":"post","link":"http:\/\/obeirao.pt\/online\/2018\/06\/25\/eleitos-da-assembleia-municipal-de-tondela-visitaram-locais-atingidos-pelos-incendios-de-outubro\/","title":{"rendered":"ELEITOS DA ASSEMBLEIA MUNICIPAL DE TONDELA visitaram locais atingidos pelos inc\u00eandios de Outubro"},"content":{"rendered":"<span class=\"span-reading-time rt-reading-time\" style=\"display: block;\"><span class=\"rt-label rt-prefix\">tempo de leitura:<\/span> <span class=\"rt-time\"> 2<\/span> <span class=\"rt-label rt-postfix\">minutos<\/span><\/span><p><span style=\"color: #000000;font-family: georgia,palatino,serif;font-size: 24pt\"><strong><img loading=\"lazy\" decoding=\"async\" class=\"alignnone wp-image-1446 alignleft\" src=\"http:\/\/obeirao.pt\/online\/wp-content\/uploads\/2018\/06\/casas-7-300x160.jpg\" alt=\"\" width=\"366\" height=\"195\" srcset=\"http:\/\/obeirao.pt\/online\/wp-content\/uploads\/2018\/06\/casas-7-300x160.jpg 300w, http:\/\/obeirao.pt\/online\/wp-content\/uploads\/2018\/06\/casas-7-768x408.jpg 768w, http:\/\/obeirao.pt\/online\/wp-content\/uploads\/2018\/06\/casas-7.jpg 959w\" sizes=\"(max-width: 366px) 100vw, 366px\" \/><\/strong><\/span><span style=\"color: #000000;font-family: georgia,palatino,serif\"><span style=\"font-size: 14pt\"><strong><em>Os eleitos da Assembleia Municipal de Tondela visitaram na passada sexta-feira (22 de Junho), a convite da C\u00e2mara Municipal, alguns pontos do concelho atingidos pelos inc\u00eandios de Outubro do ano passado, que se encontram a ser intervencionados.<\/em><\/strong><\/span><!--more--><\/span><\/p>\n<p><span style=\"color: #000000;font-family: georgia,palatino,serif;font-size: 14pt\">A comitiva teve oportunidade de visitar o aterro sanit\u00e1rio do Planalto Beir\u00e3o, que trata anualmente cerca de 120 mil toneladas de res\u00edduos de 19 munic\u00edpios de tr\u00eas distritos.<\/span><br \/>\n<span style=\"color: #000000;font-family: georgia,palatino,serif;font-size: 14pt\">Nesta ocasi\u00e3o foi poss\u00edvel explicar aos presentes que as chamas consumiram todo o per\u00edmetro da \u00e1rea de deposi\u00e7\u00e3o e que a estrutura de produ\u00e7\u00e3o de biog\u00e1s foi destru\u00edda, assim como a \u00e1rea de recolha selectiva.<\/span><br \/>\n<span style=\"color: #000000;font-family: georgia,palatino,serif;font-size: 14pt\">De acordo com o presidente da C\u00e2mara de Tondela, Jos\u00e9 Ant\u00f3nio de Jesus, o aterro sanit\u00e1rio est\u00e1 a ser alvo de uma interven\u00e7\u00e3o de recupera\u00e7\u00e3o e moderniza\u00e7\u00e3o que ir\u00e1 custar v\u00e1rios milh\u00f5es de euros, mobilizando tr\u00eas instrumentos financeiros: POSEUR, Fundo Ambiental e Programa Repor.\u00a0<\/span><\/p>\n<p><span style=\"color: #ff0000;font-family: georgia,palatino,serif;font-size: 18pt;background-color: #ffff99\"><strong><em>ATERRO SANIT\u00c1RIO: 18 milh\u00f5es de euros<\/em><\/strong><\/span><\/p>\n<p><span style=\"color: #000000;font-family: georgia,palatino,serif;font-size: 14pt\"><em>\u201cOcorrem aqui investimentos na casa dos 18 milh\u00f5es euros, incidindo grande parte desse investimento, na optimiza\u00e7\u00e3o da recolha selectiva<\/em>\u201d, informou.<\/span><br \/>\n<span style=\"color: #000000;font-family: georgia,palatino,serif;font-size: 14pt\">Os eleitos na Assembleia Municipal de Tondela visitaram ainda a Zona Industrial Municipal de Tondela (ZIM Adi\u00e7a), onde as chamas destru\u00edram totalmente grandes empresas, observando que a Valouro j\u00e1 est\u00e1 reerguida.<\/span><br \/>\n<span style=\"color: #000000;font-family: georgia,palatino,serif;font-size: 14pt\">A \u00faltima visita da manh\u00e3 permitiu verificar que j\u00e1 se encontram a ser reconstru\u00eddas v\u00e1rias primeiras habita\u00e7\u00f5es na localidade de Alvarim, freguesia de Dardavaz, uma das mais afectada pelos fogos de Outubro.<\/span><br \/>\n<span style=\"color: #000000;font-family: georgia,palatino,serif;font-size: 14pt\">A sess\u00e3o ordin\u00e1ria da Assembleia Municipal continuou durante a tarde, na Associa\u00e7\u00e3o Recreativa e Cultural de Alvarim (ARCA).<\/span><\/p>\n<p>&nbsp;<\/p>\n","protected":false},"excerpt":{"rendered":"<div class=\"mh-excerpt\"><span class=\"span-reading-time rt-reading-time\" style=\"display: block;\"><span class=\"rt-label rt-prefix\">tempo de leitura:<\/span> <span class=\"rt-time\"> 2<\/span> <span class=\"rt-label rt-postfix\">minutos<\/span><\/span>Os eleitos da Assembleia Municipal de Tondela visitaram na passada sexta-feira (22 de Junho), a convite da C\u00e2mara Municipal, alguns pontos do concelho atingidos pelos <a class=\"mh-excerpt-more\" href=\"http:\/\/obeirao.pt\/online\/2018\/06\/25\/eleitos-da-assembleia-municipal-de-tondela-visitaram-locais-atingidos-pelos-incendios-de-outubro\/\" title=\"ELEITOS DA ASSEMBLEIA MUNICIPAL DE TONDELA visitaram locais atingidos pelos inc\u00eandios de Outubro\">[&#8230;]<\/a><\/div>\n","protected":false},"author":2,"featured_media":1446,"comment_status":"open","ping_status":"open","sticky":false,"template":"","format":"standard","meta":{"footnotes":""},"categories":[2,4,63],"tags":[],"class_list":["post-1445","post","type-post","status-publish","format-standard","has-post-thumbnail","hentry","category-principal","category-regiao","category-tondela"],"yoast_head":"<!-- This site is optimized with the Yoast SEO plugin v27.4 - https:\/\/yoast.com\/product\/yoast-seo-wordpress\/ -->\n<title>ELEITOS DA ASSEMBLEIA MUNICIPAL DE TONDELA visitaram locais atingidos pelos inc\u00eandios de Outubro - Beir\u00e3o Online<\/title>\n<meta name=\"robots\" content=\"index, follow, max-snippet:-1, max-image-preview:large, max-video-preview:-1\" \/>\n<link rel=\"canonical\" href=\"http:\/\/obeirao.pt\/online\/2018\/06\/25\/eleitos-da-assembleia-municipal-de-tondela-visitaram-locais-atingidos-pelos-incendios-de-outubro\/\" \/>\n<meta property=\"og:locale\" content=\"pt_PT\" \/>\n<meta property=\"og:type\" content=\"article\" \/>\n<meta property=\"og:title\" content=\"ELEITOS DA ASSEMBLEIA MUNICIPAL DE TONDELA visitaram locais atingidos pelos inc\u00eandios de Outubro - Beir\u00e3o Online\" \/>\n<meta property=\"og:description\" content=\"tempo de leitura: 2 minutosOs eleitos da Assembleia Municipal de Tondela visitaram na passada sexta-feira (22 de Junho), a convite da C\u00e2mara Municipal, alguns pontos do concelho atingidos pelos [...]\" \/>\n<meta property=\"og:url\" content=\"http:\/\/obeirao.pt\/online\/2018\/06\/25\/eleitos-da-assembleia-municipal-de-tondela-visitaram-locais-atingidos-pelos-incendios-de-outubro\/\" \/>\n<meta property=\"og:site_name\" content=\"Beir\u00e3o Online\" \/>\n<meta property=\"article:publisher\" content=\"https:\/\/pt-br.facebook.com\/pages\/Amigos-de-Tondela\/273620439973877\" \/>\n<meta property=\"article:published_time\" content=\"2018-06-25T14:25:28+00:00\" \/>\n<meta property=\"article:modified_time\" content=\"2018-06-25T14:28:07+00:00\" \/>\n<meta property=\"og:image\" content=\"http:\/\/obeirao.pt\/online\/wp-content\/uploads\/2018\/06\/casas-7.jpg\" \/>\n\t<meta property=\"og:image:width\" content=\"959\" \/>\n\t<meta property=\"og:image:height\" content=\"510\" \/>\n\t<meta property=\"og:image:type\" content=\"image\/jpeg\" \/>\n<meta name=\"author\" content=\"Z\u00e9 Beir\u00e3o\" \/>\n<meta name=\"twitter:card\" content=\"summary_large_image\" \/>\n<meta name=\"twitter:creator\" content=\"@JoaquimDuarteP2\" \/>\n<meta name=\"twitter:site\" content=\"@JoaquimDuarteP2\" \/>\n<meta name=\"twitter:label1\" content=\"Escrito por\" \/>\n\t<meta name=\"twitter:data1\" content=\"Z\u00e9 Beir\u00e3o\" \/>\n\t<meta name=\"twitter:label2\" content=\"Tempo estimado de leitura\" \/>\n\t<meta name=\"twitter:data2\" content=\"1 minuto\" \/>\n<script type=\"application\/ld+json\" class=\"yoast-schema-graph\">{\"@context\":\"https:\\\/\\\/schema.org\",\"@graph\":[{\"@type\":\"Article\",\"@id\":\"http:\\\/\\\/obeirao.pt\\\/online\\\/2018\\\/06\\\/25\\\/eleitos-da-assembleia-municipal-de-tondela-visitaram-locais-atingidos-pelos-incendios-de-outubro\\\/#article\",\"isPartOf\":{\"@id\":\"http:\\\/\\\/obeirao.pt\\\/online\\\/2018\\\/06\\\/25\\\/eleitos-da-assembleia-municipal-de-tondela-visitaram-locais-atingidos-pelos-incendios-de-outubro\\\/\"},\"author\":{\"name\":\"Z\u00e9 Beir\u00e3o\",\"@id\":\"https:\\\/\\\/obeirao.pt\\\/online\\\/#\\\/schema\\\/person\\\/efac69bb5a33873e1c1bb9c1165ff38c\"},\"headline\":\"ELEITOS DA ASSEMBLEIA MUNICIPAL DE TONDELA visitaram locais atingidos pelos inc\u00eandios de Outubro\",\"datePublished\":\"2018-06-25T14:25:28+00:00\",\"dateModified\":\"2018-06-25T14:28:07+00:00\",\"mainEntityOfPage\":{\"@id\":\"http:\\\/\\\/obeirao.pt\\\/online\\\/2018\\\/06\\\/25\\\/eleitos-da-assembleia-municipal-de-tondela-visitaram-locais-atingidos-pelos-incendios-de-outubro\\\/\"},\"wordCount\":296,\"commentCount\":0,\"image\":{\"@id\":\"http:\\\/\\\/obeirao.pt\\\/online\\\/2018\\\/06\\\/25\\\/eleitos-da-assembleia-municipal-de-tondela-visitaram-locais-atingidos-pelos-incendios-de-outubro\\\/#primaryimage\"},\"thumbnailUrl\":\"http:\\\/\\\/obeirao.pt\\\/online\\\/wp-content\\\/uploads\\\/2018\\\/06\\\/casas-7.jpg\",\"articleSection\":[\"_Principal\",\"Regi\u00e3o\",\"Tondela\"],\"inLanguage\":\"pt-PT\"},{\"@type\":\"WebPage\",\"@id\":\"http:\\\/\\\/obeirao.pt\\\/online\\\/2018\\\/06\\\/25\\\/eleitos-da-assembleia-municipal-de-tondela-visitaram-locais-atingidos-pelos-incendios-de-outubro\\\/\",\"url\":\"http:\\\/\\\/obeirao.pt\\\/online\\\/2018\\\/06\\\/25\\\/eleitos-da-assembleia-municipal-de-tondela-visitaram-locais-atingidos-pelos-incendios-de-outubro\\\/\",\"name\":\"ELEITOS DA ASSEMBLEIA MUNICIPAL DE TONDELA visitaram locais atingidos pelos inc\u00eandios de Outubro - Beir\u00e3o Online\",\"isPartOf\":{\"@id\":\"https:\\\/\\\/obeirao.pt\\\/online\\\/#website\"},\"primaryImageOfPage\":{\"@id\":\"http:\\\/\\\/obeirao.pt\\\/online\\\/2018\\\/06\\\/25\\\/eleitos-da-assembleia-municipal-de-tondela-visitaram-locais-atingidos-pelos-incendios-de-outubro\\\/#primaryimage\"},\"image\":{\"@id\":\"http:\\\/\\\/obeirao.pt\\\/online\\\/2018\\\/06\\\/25\\\/eleitos-da-assembleia-municipal-de-tondela-visitaram-locais-atingidos-pelos-incendios-de-outubro\\\/#primaryimage\"},\"thumbnailUrl\":\"http:\\\/\\\/obeirao.pt\\\/online\\\/wp-content\\\/uploads\\\/2018\\\/06\\\/casas-7.jpg\",\"datePublished\":\"2018-06-25T14:25:28+00:00\",\"dateModified\":\"2018-06-25T14:28:07+00:00\",\"author\":{\"@id\":\"https:\\\/\\\/obeirao.pt\\\/online\\\/#\\\/schema\\\/person\\\/efac69bb5a33873e1c1bb9c1165ff38c\"},\"breadcrumb\":{\"@id\":\"http:\\\/\\\/obeirao.pt\\\/online\\\/2018\\\/06\\\/25\\\/eleitos-da-assembleia-municipal-de-tondela-visitaram-locais-atingidos-pelos-incendios-de-outubro\\\/#breadcrumb\"},\"inLanguage\":\"pt-PT\",\"potentialAction\":[{\"@type\":\"ReadAction\",\"target\":[\"http:\\\/\\\/obeirao.pt\\\/online\\\/2018\\\/06\\\/25\\\/eleitos-da-assembleia-municipal-de-tondela-visitaram-locais-atingidos-pelos-incendios-de-outubro\\\/\"]}]},{\"@type\":\"ImageObject\",\"inLanguage\":\"pt-PT\",\"@id\":\"http:\\\/\\\/obeirao.pt\\\/online\\\/2018\\\/06\\\/25\\\/eleitos-da-assembleia-municipal-de-tondela-visitaram-locais-atingidos-pelos-incendios-de-outubro\\\/#primaryimage\",\"url\":\"http:\\\/\\\/obeirao.pt\\\/online\\\/wp-content\\\/uploads\\\/2018\\\/06\\\/casas-7.jpg\",\"contentUrl\":\"http:\\\/\\\/obeirao.pt\\\/online\\\/wp-content\\\/uploads\\\/2018\\\/06\\\/casas-7.jpg\",\"width\":\"959\",\"height\":\"510\"},{\"@type\":\"BreadcrumbList\",\"@id\":\"http:\\\/\\\/obeirao.pt\\\/online\\\/2018\\\/06\\\/25\\\/eleitos-da-assembleia-municipal-de-tondela-visitaram-locais-atingidos-pelos-incendios-de-outubro\\\/#breadcrumb\",\"itemListElement\":[{\"@type\":\"ListItem\",\"position\":1,\"name\":\"Home\",\"item\":\"http:\\\/\\\/obeirao.pt\\\/online\\\/\"},{\"@type\":\"ListItem\",\"position\":2,\"name\":\"ELEITOS DA ASSEMBLEIA MUNICIPAL DE TONDELA visitaram locais atingidos pelos inc\u00eandios de Outubro\"}]},{\"@type\":\"WebSite\",\"@id\":\"https:\\\/\\\/obeirao.pt\\\/online\\\/#website\",\"url\":\"https:\\\/\\\/obeirao.pt\\\/online\\\/\",\"name\":\"Beir\u00e3o Online\",\"description\":\"www.obeirao.pt\",\"potentialAction\":[{\"@type\":\"SearchAction\",\"target\":{\"@type\":\"EntryPoint\",\"urlTemplate\":\"https:\\\/\\\/obeirao.pt\\\/online\\\/?s={search_term_string}\"},\"query-input\":{\"@type\":\"PropertyValueSpecification\",\"valueRequired\":true,\"valueName\":\"search_term_string\"}}],\"inLanguage\":\"pt-PT\"},{\"@type\":\"Person\",\"@id\":\"https:\\\/\\\/obeirao.pt\\\/online\\\/#\\\/schema\\\/person\\\/efac69bb5a33873e1c1bb9c1165ff38c\",\"name\":\"Z\u00e9 Beir\u00e3o\",\"image\":{\"@type\":\"ImageObject\",\"inLanguage\":\"pt-PT\",\"@id\":\"http:\\\/\\\/0.gravatar.com\\\/avatar\\\/c8c44d1f9327baa4d27e9b1149cd71b3?s=96&d=mm&r=g\",\"url\":\"http:\\\/\\\/0.gravatar.com\\\/avatar\\\/c8c44d1f9327baa4d27e9b1149cd71b3?s=96&d=mm&r=g\",\"contentUrl\":\"http:\\\/\\\/0.gravatar.com\\\/avatar\\\/c8c44d1f9327baa4d27e9b1149cd71b3?s=96&d=mm&r=g\",\"caption\":\"Z\u00e9 Beir\u00e3o\"},\"url\":\"http:\\\/\\\/obeirao.pt\\\/online\\\/author\\\/zebeirao\\\/\"}]}<\/script>\n<!-- \/ Yoast SEO plugin. -->","yoast_head_json":{"title":"ELEITOS DA ASSEMBLEIA MUNICIPAL DE TONDELA visitaram locais atingidos pelos inc\u00eandios de Outubro - Beir\u00e3o Online","robots":{"index":"index","follow":"follow","max-snippet":"max-snippet:-1","max-image-preview":"max-image-preview:large","max-video-preview":"max-video-preview:-1"},"canonical":"http:\/\/obeirao.pt\/online\/2018\/06\/25\/eleitos-da-assembleia-municipal-de-tondela-visitaram-locais-atingidos-pelos-incendios-de-outubro\/","og_locale":"pt_PT","og_type":"article","og_title":"ELEITOS DA ASSEMBLEIA MUNICIPAL DE TONDELA visitaram locais atingidos pelos inc\u00eandios de Outubro - Beir\u00e3o Online","og_description":"tempo de leitura: 2 minutosOs eleitos da Assembleia Municipal de Tondela visitaram na passada sexta-feira (22 de Junho), a convite da C\u00e2mara Municipal, alguns pontos do concelho atingidos pelos [...]","og_url":"http:\/\/obeirao.pt\/online\/2018\/06\/25\/eleitos-da-assembleia-municipal-de-tondela-visitaram-locais-atingidos-pelos-incendios-de-outubro\/","og_site_name":"Beir\u00e3o Online","article_publisher":"https:\/\/pt-br.facebook.com\/pages\/Amigos-de-Tondela\/273620439973877","article_published_time":"2018-06-25T14:25:28+00:00","article_modified_time":"2018-06-25T14:28:07+00:00","og_image":[{"width":959,"height":510,"url":"http:\/\/obeirao.pt\/online\/wp-content\/uploads\/2018\/06\/casas-7.jpg","type":"image\/jpeg"}],"author":"Z\u00e9 Beir\u00e3o","twitter_card":"summary_large_image","twitter_creator":"@JoaquimDuarteP2","twitter_site":"@JoaquimDuarteP2","twitter_misc":{"Escrito por":"Z\u00e9 Beir\u00e3o","Tempo estimado de leitura":"1 minuto"},"schema":{"@context":"https:\/\/schema.org","@graph":[{"@type":"Article","@id":"http:\/\/obeirao.pt\/online\/2018\/06\/25\/eleitos-da-assembleia-municipal-de-tondela-visitaram-locais-atingidos-pelos-incendios-de-outubro\/#article","isPartOf":{"@id":"http:\/\/obeirao.pt\/online\/2018\/06\/25\/eleitos-da-assembleia-municipal-de-tondela-visitaram-locais-atingidos-pelos-incendios-de-outubro\/"},"author":{"name":"Z\u00e9 Beir\u00e3o","@id":"https:\/\/obeirao.pt\/online\/#\/schema\/person\/efac69bb5a33873e1c1bb9c1165ff38c"},"headline":"ELEITOS DA ASSEMBLEIA MUNICIPAL DE TONDELA visitaram locais atingidos pelos inc\u00eandios de Outubro","datePublished":"2018-06-25T14:25:28+00:00","dateModified":"2018-06-25T14:28:07+00:00","mainEntityOfPage":{"@id":"http:\/\/obeirao.pt\/online\/2018\/06\/25\/eleitos-da-assembleia-municipal-de-tondela-visitaram-locais-atingidos-pelos-incendios-de-outubro\/"},"wordCount":296,"commentCount":0,"image":{"@id":"http:\/\/obeirao.pt\/online\/2018\/06\/25\/eleitos-da-assembleia-municipal-de-tondela-visitaram-locais-atingidos-pelos-incendios-de-outubro\/#primaryimage"},"thumbnailUrl":"http:\/\/obeirao.pt\/online\/wp-content\/uploads\/2018\/06\/casas-7.jpg","articleSection":["_Principal","Regi\u00e3o","Tondela"],"inLanguage":"pt-PT"},{"@type":"WebPage","@id":"http:\/\/obeirao.pt\/online\/2018\/06\/25\/eleitos-da-assembleia-municipal-de-tondela-visitaram-locais-atingidos-pelos-incendios-de-outubro\/","url":"http:\/\/obeirao.pt\/online\/2018\/06\/25\/eleitos-da-assembleia-municipal-de-tondela-visitaram-locais-atingidos-pelos-incendios-de-outubro\/","name":"ELEITOS DA ASSEMBLEIA MUNICIPAL DE TONDELA visitaram locais atingidos pelos inc\u00eandios de Outubro - Beir\u00e3o Online","isPartOf":{"@id":"https:\/\/obeirao.pt\/online\/#website"},"primaryImageOfPage":{"@id":"http:\/\/obeirao.pt\/online\/2018\/06\/25\/eleitos-da-assembleia-municipal-de-tondela-visitaram-locais-atingidos-pelos-incendios-de-outubro\/#primaryimage"},"image":{"@id":"http:\/\/obeirao.pt\/online\/2018\/06\/25\/eleitos-da-assembleia-municipal-de-tondela-visitaram-locais-atingidos-pelos-incendios-de-outubro\/#primaryimage"},"thumbnailUrl":"http:\/\/obeirao.pt\/online\/wp-content\/uploads\/2018\/06\/casas-7.jpg","datePublished":"2018-06-25T14:25:28+00:00","dateModified":"2018-06-25T14:28:07+00:00","author":{"@id":"https:\/\/obeirao.pt\/online\/#\/schema\/person\/efac69bb5a33873e1c1bb9c1165ff38c"},"breadcrumb":{"@id":"http:\/\/obeirao.pt\/online\/2018\/06\/25\/eleitos-da-assembleia-municipal-de-tondela-visitaram-locais-atingidos-pelos-incendios-de-outubro\/#breadcrumb"},"inLanguage":"pt-PT","potentialAction":[{"@type":"ReadAction","target":["http:\/\/obeirao.pt\/online\/2018\/06\/25\/eleitos-da-assembleia-municipal-de-tondela-visitaram-locais-atingidos-pelos-incendios-de-outubro\/"]}]},{"@type":"ImageObject","inLanguage":"pt-PT","@id":"http:\/\/obeirao.pt\/online\/2018\/06\/25\/eleitos-da-assembleia-municipal-de-tondela-visitaram-locais-atingidos-pelos-incendios-de-outubro\/#primaryimage","url":"http:\/\/obeirao.pt\/online\/wp-content\/uploads\/2018\/06\/casas-7.jpg","contentUrl":"http:\/\/obeirao.pt\/online\/wp-content\/uploads\/2018\/06\/casas-7.jpg","width":"959","height":"510"},{"@type":"BreadcrumbList","@id":"http:\/\/obeirao.pt\/online\/2018\/06\/25\/eleitos-da-assembleia-municipal-de-tondela-visitaram-locais-atingidos-pelos-incendios-de-outubro\/#breadcrumb","itemListElement":[{"@type":"ListItem","position":1,"name":"Home","item":"http:\/\/obeirao.pt\/online\/"},{"@type":"ListItem","position":2,"name":"ELEITOS DA ASSEMBLEIA MUNICIPAL DE TONDELA visitaram locais atingidos pelos inc\u00eandios de Outubro"}]},{"@type":"WebSite","@id":"https:\/\/obeirao.pt\/online\/#website","url":"https:\/\/obeirao.pt\/online\/","name":"Beir\u00e3o Online","description":"www.obeirao.pt","potentialAction":[{"@type":"SearchAction","target":{"@type":"EntryPoint","urlTemplate":"https:\/\/obeirao.pt\/online\/?s={search_term_string}"},"query-input":{"@type":"PropertyValueSpecification","valueRequired":true,"valueName":"search_term_string"}}],"inLanguage":"pt-PT"},{"@type":"Person","@id":"https:\/\/obeirao.pt\/online\/#\/schema\/person\/efac69bb5a33873e1c1bb9c1165ff38c","name":"Z\u00e9 Beir\u00e3o","image":{"@type":"ImageObject","inLanguage":"pt-PT","@id":"http:\/\/0.gravatar.com\/avatar\/c8c44d1f9327baa4d27e9b1149cd71b3?s=96&d=mm&r=g","url":"http:\/\/0.gravatar.com\/avatar\/c8c44d1f9327baa4d27e9b1149cd71b3?s=96&d=mm&r=g","contentUrl":"http:\/\/0.gravatar.com\/avatar\/c8c44d1f9327baa4d27e9b1149cd71b3?s=96&d=mm&r=g","caption":"Z\u00e9 Beir\u00e3o"},"url":"http:\/\/obeirao.pt\/online\/author\/zebeirao\/"}]}},"_links":{"self":[{"href":"http:\/\/obeirao.pt\/online\/wp-json\/wp\/v2\/posts\/1445"}],"collection":[{"href":"http:\/\/obeirao.pt\/online\/wp-json\/wp\/v2\/posts"}],"about":[{"href":"http:\/\/obeirao.pt\/online\/wp-json\/wp\/v2\/types\/post"}],"author":[{"embeddable":true,"href":"http:\/\/obeirao.pt\/online\/wp-json\/wp\/v2\/users\/2"}],"replies":[{"embeddable":true,"href":"http:\/\/obeirao.pt\/online\/wp-json\/wp\/v2\/comments?post=1445"}],"version-history":[{"count":2,"href":"http:\/\/obeirao.pt\/online\/wp-json\/wp\/v2\/posts\/1445\/revisions"}],"predecessor-version":[{"id":1448,"href":"http:\/\/obeirao.pt\/online\/wp-json\/wp\/v2\/posts\/1445\/revisions\/1448"}],"wp:featuredmedia":[{"embeddable":true,"href":"http:\/\/obeirao.pt\/online\/wp-json\/wp\/v2\/media\/1446"}],"wp:attachment":[{"href":"http:\/\/obeirao.pt\/online\/wp-json\/wp\/v2\/media?parent=1445"}],"wp:term":[{"taxonomy":"category","embeddable":true,"href":"http:\/\/obeirao.pt\/online\/wp-json\/wp\/v2\/categories?post=1445"},{"taxonomy":"post_tag","embeddable":true,"href":"http:\/\/obeirao.pt\/online\/wp-json\/wp\/v2\/tags?post=1445"}],"curies":[{"name":"wp","href":"https:\/\/api.w.org\/{rel}","templated":true}]}}