{"id":1450,"date":"2018-06-26T18:07:50","date_gmt":"2018-06-26T17:07:50","guid":{"rendered":"http:\/\/obeirao.pt\/online\/?p=1450"},"modified":"2018-06-26T18:19:17","modified_gmt":"2018-06-26T17:19:17","slug":"caminhada-saude-em-dia-contou-com-cerca-de-600-participantes","status":"publish","type":"post","link":"http:\/\/obeirao.pt\/online\/2018\/06\/26\/caminhada-saude-em-dia-contou-com-cerca-de-600-participantes\/","title":{"rendered":"CAMINHADA \u201cSA\u00daDE EM DIA\u201d contou com cerca de 600 participantes"},"content":{"rendered":"<span class=\"span-reading-time rt-reading-time\" style=\"display: block;\"><span class=\"rt-label rt-prefix\">tempo de leitura:<\/span> <span class=\"rt-time\"> 2<\/span> <span class=\"rt-label rt-postfix\">minutos<\/span><\/span><p><span style=\"color: #000000;font-family: georgia,palatino,serif;font-size: 24pt\"><strong><img loading=\"lazy\" decoding=\"async\" class=\"alignnone wp-image-1451 alignleft\" src=\"http:\/\/obeirao.pt\/online\/wp-content\/uploads\/2018\/06\/IMG_5423-300x175.jpg\" alt=\"\" width=\"353\" height=\"206\" srcset=\"http:\/\/obeirao.pt\/online\/wp-content\/uploads\/2018\/06\/IMG_5423-300x175.jpg 300w, http:\/\/obeirao.pt\/online\/wp-content\/uploads\/2018\/06\/IMG_5423-768x448.jpg 768w, http:\/\/obeirao.pt\/online\/wp-content\/uploads\/2018\/06\/IMG_5423.jpg 1024w\" sizes=\"(max-width: 353px) 100vw, 353px\" \/><\/strong><\/span><span style=\"color: #000000;font-family: georgia,palatino,serif\"><span style=\"font-size: 14pt\"><strong><em>A cidade de Tondela acolheu, no passado dia 24 de Junho, a caminhada \u201cSa\u00fade em Dia\u201d, que contou com cerca de 600 participantes.<\/em><\/strong><\/span><!--more--><\/span><\/p>\n<p><span style=\"color: #000000;font-family: georgia,palatino,serif;font-size: 12pt\"><img loading=\"lazy\" decoding=\"async\" class=\"alignnone size-medium wp-image-1453 alignleft\" src=\"http:\/\/obeirao.pt\/online\/wp-content\/uploads\/2018\/06\/IMG_5378-300x185.jpg\" alt=\"\" width=\"300\" height=\"185\" srcset=\"http:\/\/obeirao.pt\/online\/wp-content\/uploads\/2018\/06\/IMG_5378-300x185.jpg 300w, http:\/\/obeirao.pt\/online\/wp-content\/uploads\/2018\/06\/IMG_5378-768x474.jpg 768w, http:\/\/obeirao.pt\/online\/wp-content\/uploads\/2018\/06\/IMG_5378.jpg 1024w\" sizes=\"(max-width: 300px) 100vw, 300px\" \/><img loading=\"lazy\" decoding=\"async\" class=\"size-medium wp-image-1455 alignright\" src=\"http:\/\/obeirao.pt\/online\/wp-content\/uploads\/2018\/06\/IMG_5526-300x176.jpg\" alt=\"\" width=\"300\" height=\"176\" srcset=\"http:\/\/obeirao.pt\/online\/wp-content\/uploads\/2018\/06\/IMG_5526-300x176.jpg 300w, http:\/\/obeirao.pt\/online\/wp-content\/uploads\/2018\/06\/IMG_5526-768x450.jpg 768w, http:\/\/obeirao.pt\/online\/wp-content\/uploads\/2018\/06\/IMG_5526.jpg 1024w\" sizes=\"(max-width: 300px) 100vw, 300px\" \/>O percurso, que ultrapassou os 10 quil\u00f3metros, teve a participa\u00e7\u00e3o do presidente da C\u00e2mara Municipal de Tondela, Jos\u00e9 Ant\u00f3nio de Jesus, vereadores Pedro Ad\u00e3o e Sofia Ferreira e de pedestrianistas de todas as freguesias do concelho e de todos os projectos locais &#8220;Sa\u00fade em Dia&#8221;, Centro Municipal de Marcha e Corrida de Tondela, bem como de outros concelhos de outros distritos.<\/span><\/p>\n<p><span style=\"color: #000000;font-family: georgia,palatino,serif;font-size: 12pt\">Nesta ocasi\u00e3o, as enfermeiras da UCC &#8211; Unidade de Cuidados Continuados de Tondela \u2013 levaram a cabo testes de sa\u00fade (Glic\u00e9mia, Colesterol, TA e IMC) \u2013 antes dos participantes arrancarem para um itiner\u00e1rio diversificado, que serviu para mostrar v\u00e1rias realidades do territ\u00f3rio.<\/span><\/p>\n<p><span style=\"color: #000000;font-family: georgia,palatino,serif;font-size: 12pt\"><img loading=\"lazy\" decoding=\"async\" class=\"alignnone size-medium wp-image-1456 alignright\" src=\"http:\/\/obeirao.pt\/online\/wp-content\/uploads\/2018\/06\/IMG_5406-300x183.jpg\" alt=\"\" width=\"300\" height=\"183\" srcset=\"http:\/\/obeirao.pt\/online\/wp-content\/uploads\/2018\/06\/IMG_5406-300x183.jpg 300w, http:\/\/obeirao.pt\/online\/wp-content\/uploads\/2018\/06\/IMG_5406-768x468.jpg 768w, http:\/\/obeirao.pt\/online\/wp-content\/uploads\/2018\/06\/IMG_5406.jpg 1024w\" sizes=\"(max-width: 300px) 100vw, 300px\" \/><img loading=\"lazy\" decoding=\"async\" class=\"size-medium wp-image-1457 alignleft\" src=\"http:\/\/obeirao.pt\/online\/wp-content\/uploads\/2018\/06\/IMG_5568-300x158.jpg\" alt=\"\" width=\"300\" height=\"158\" srcset=\"http:\/\/obeirao.pt\/online\/wp-content\/uploads\/2018\/06\/IMG_5568-300x158.jpg 300w, http:\/\/obeirao.pt\/online\/wp-content\/uploads\/2018\/06\/IMG_5568-768x404.jpg 768w, http:\/\/obeirao.pt\/online\/wp-content\/uploads\/2018\/06\/IMG_5568.jpg 1024w\" sizes=\"(max-width: 300px) 100vw, 300px\" \/>A meio do trajecto, os participantes tiveram direito a um refor\u00e7o alimentar, composto por produtos locais: tortas, broa de milho, mel, laranjas, azeite e oferta de mirtilos.<\/span><\/p>\n<p><span style=\"color: #000000;font-family: georgia,palatino,serif;font-size: 12pt\">Na Quinta do Vale Minhoto foi poss\u00edvel desfrutar da sonoridade melodiosa dos instrumentos tradicionais e das vozes afinadas do Grupo de Cantares Terras de Tomaz Ribeiro, de Parada de Gonta.<\/span><\/p>\n<p><span style=\"color: #000000;font-family: georgia,palatino,serif;font-size: 12pt\">J\u00e1 a tarde foi dedicada \u00e0 dan\u00e7a, com workshops orientados por especialistas, terminando com um mergulho na piscina exterior de Tondela.<\/span><\/p>\n<p><span style=\"color: #000000;font-family: georgia,palatino,serif;font-size: 12pt\">A caminhada \u201cSa\u00fade em Dia\u201d \u00e9 uma iniciativa que o Munic\u00edpio desenvolve em parceria com as juntas\/uni\u00f5es de freguesia e com o movimento associativo do concelho.<\/span><\/p>\n<p>&nbsp;<\/p>\n<p>&nbsp;<\/p>\n","protected":false},"excerpt":{"rendered":"<div class=\"mh-excerpt\"><span class=\"span-reading-time rt-reading-time\" style=\"display: block;\"><span class=\"rt-label rt-prefix\">tempo de leitura:<\/span> <span class=\"rt-time\"> 2<\/span> <span class=\"rt-label rt-postfix\">minutos<\/span><\/span>A cidade de Tondela acolheu, no passado dia 24 de Junho, a caminhada \u201cSa\u00fade em Dia\u201d, que contou com cerca de 600 participantes.<\/div>\n","protected":false},"author":2,"featured_media":1451,"comment_status":"open","ping_status":"open","sticky":false,"template":"","format":"standard","meta":{"footnotes":""},"categories":[2,4,63],"tags":[],"class_list":["post-1450","post","type-post","status-publish","format-standard","has-post-thumbnail","hentry","category-principal","category-regiao","category-tondela"],"yoast_head":"<!-- This site is optimized with the Yoast SEO plugin v27.4 - https:\/\/yoast.com\/product\/yoast-seo-wordpress\/ -->\n<title>CAMINHADA \u201cSA\u00daDE EM DIA\u201d contou com cerca de 600 participantes - Beir\u00e3o Online<\/title>\n<meta name=\"robots\" content=\"index, follow, max-snippet:-1, max-image-preview:large, max-video-preview:-1\" \/>\n<link rel=\"canonical\" href=\"http:\/\/obeirao.pt\/online\/2018\/06\/26\/caminhada-saude-em-dia-contou-com-cerca-de-600-participantes\/\" \/>\n<meta property=\"og:locale\" content=\"pt_PT\" \/>\n<meta property=\"og:type\" content=\"article\" \/>\n<meta property=\"og:title\" content=\"CAMINHADA \u201cSA\u00daDE EM DIA\u201d contou com cerca de 600 participantes - Beir\u00e3o Online\" \/>\n<meta property=\"og:description\" content=\"tempo de leitura: 2 minutosA cidade de Tondela acolheu, no passado dia 24 de Junho, a caminhada \u201cSa\u00fade em Dia\u201d, que contou com cerca de 600 participantes.\" \/>\n<meta property=\"og:url\" content=\"http:\/\/obeirao.pt\/online\/2018\/06\/26\/caminhada-saude-em-dia-contou-com-cerca-de-600-participantes\/\" \/>\n<meta property=\"og:site_name\" content=\"Beir\u00e3o Online\" \/>\n<meta property=\"article:publisher\" content=\"https:\/\/pt-br.facebook.com\/pages\/Amigos-de-Tondela\/273620439973877\" \/>\n<meta property=\"article:published_time\" content=\"2018-06-26T17:07:50+00:00\" \/>\n<meta property=\"article:modified_time\" content=\"2018-06-26T17:19:17+00:00\" \/>\n<meta property=\"og:image\" content=\"http:\/\/obeirao.pt\/online\/wp-content\/uploads\/2018\/06\/IMG_5423.jpg\" \/>\n\t<meta property=\"og:image:width\" content=\"1024\" \/>\n\t<meta property=\"og:image:height\" content=\"597\" \/>\n\t<meta property=\"og:image:type\" content=\"image\/jpeg\" \/>\n<meta name=\"author\" content=\"Z\u00e9 Beir\u00e3o\" \/>\n<meta name=\"twitter:card\" content=\"summary_large_image\" \/>\n<meta name=\"twitter:creator\" content=\"@JoaquimDuarteP2\" \/>\n<meta name=\"twitter:site\" content=\"@JoaquimDuarteP2\" \/>\n<meta name=\"twitter:label1\" content=\"Escrito por\" \/>\n\t<meta name=\"twitter:data1\" content=\"Z\u00e9 Beir\u00e3o\" \/>\n\t<meta name=\"twitter:label2\" content=\"Tempo estimado de leitura\" \/>\n\t<meta name=\"twitter:data2\" content=\"1 minuto\" \/>\n<script type=\"application\/ld+json\" class=\"yoast-schema-graph\">{\"@context\":\"https:\\\/\\\/schema.org\",\"@graph\":[{\"@type\":\"Article\",\"@id\":\"http:\\\/\\\/obeirao.pt\\\/online\\\/2018\\\/06\\\/26\\\/caminhada-saude-em-dia-contou-com-cerca-de-600-participantes\\\/#article\",\"isPartOf\":{\"@id\":\"http:\\\/\\\/obeirao.pt\\\/online\\\/2018\\\/06\\\/26\\\/caminhada-saude-em-dia-contou-com-cerca-de-600-participantes\\\/\"},\"author\":{\"name\":\"Z\u00e9 Beir\u00e3o\",\"@id\":\"http:\\\/\\\/obeirao.pt\\\/online\\\/#\\\/schema\\\/person\\\/efac69bb5a33873e1c1bb9c1165ff38c\"},\"headline\":\"CAMINHADA \u201cSA\u00daDE EM DIA\u201d contou com cerca de 600 participantes\",\"datePublished\":\"2018-06-26T17:07:50+00:00\",\"dateModified\":\"2018-06-26T17:19:17+00:00\",\"mainEntityOfPage\":{\"@id\":\"http:\\\/\\\/obeirao.pt\\\/online\\\/2018\\\/06\\\/26\\\/caminhada-saude-em-dia-contou-com-cerca-de-600-participantes\\\/\"},\"wordCount\":255,\"commentCount\":0,\"image\":{\"@id\":\"http:\\\/\\\/obeirao.pt\\\/online\\\/2018\\\/06\\\/26\\\/caminhada-saude-em-dia-contou-com-cerca-de-600-participantes\\\/#primaryimage\"},\"thumbnailUrl\":\"http:\\\/\\\/obeirao.pt\\\/online\\\/wp-content\\\/uploads\\\/2018\\\/06\\\/IMG_5423.jpg\",\"articleSection\":[\"_Principal\",\"Regi\u00e3o\",\"Tondela\"],\"inLanguage\":\"pt-PT\"},{\"@type\":\"WebPage\",\"@id\":\"http:\\\/\\\/obeirao.pt\\\/online\\\/2018\\\/06\\\/26\\\/caminhada-saude-em-dia-contou-com-cerca-de-600-participantes\\\/\",\"url\":\"http:\\\/\\\/obeirao.pt\\\/online\\\/2018\\\/06\\\/26\\\/caminhada-saude-em-dia-contou-com-cerca-de-600-participantes\\\/\",\"name\":\"CAMINHADA \u201cSA\u00daDE EM DIA\u201d contou com cerca de 600 participantes - Beir\u00e3o Online\",\"isPartOf\":{\"@id\":\"http:\\\/\\\/obeirao.pt\\\/online\\\/#website\"},\"primaryImageOfPage\":{\"@id\":\"http:\\\/\\\/obeirao.pt\\\/online\\\/2018\\\/06\\\/26\\\/caminhada-saude-em-dia-contou-com-cerca-de-600-participantes\\\/#primaryimage\"},\"image\":{\"@id\":\"http:\\\/\\\/obeirao.pt\\\/online\\\/2018\\\/06\\\/26\\\/caminhada-saude-em-dia-contou-com-cerca-de-600-participantes\\\/#primaryimage\"},\"thumbnailUrl\":\"http:\\\/\\\/obeirao.pt\\\/online\\\/wp-content\\\/uploads\\\/2018\\\/06\\\/IMG_5423.jpg\",\"datePublished\":\"2018-06-26T17:07:50+00:00\",\"dateModified\":\"2018-06-26T17:19:17+00:00\",\"author\":{\"@id\":\"http:\\\/\\\/obeirao.pt\\\/online\\\/#\\\/schema\\\/person\\\/efac69bb5a33873e1c1bb9c1165ff38c\"},\"breadcrumb\":{\"@id\":\"http:\\\/\\\/obeirao.pt\\\/online\\\/2018\\\/06\\\/26\\\/caminhada-saude-em-dia-contou-com-cerca-de-600-participantes\\\/#breadcrumb\"},\"inLanguage\":\"pt-PT\",\"potentialAction\":[{\"@type\":\"ReadAction\",\"target\":[\"http:\\\/\\\/obeirao.pt\\\/online\\\/2018\\\/06\\\/26\\\/caminhada-saude-em-dia-contou-com-cerca-de-600-participantes\\\/\"]}]},{\"@type\":\"ImageObject\",\"inLanguage\":\"pt-PT\",\"@id\":\"http:\\\/\\\/obeirao.pt\\\/online\\\/2018\\\/06\\\/26\\\/caminhada-saude-em-dia-contou-com-cerca-de-600-participantes\\\/#primaryimage\",\"url\":\"http:\\\/\\\/obeirao.pt\\\/online\\\/wp-content\\\/uploads\\\/2018\\\/06\\\/IMG_5423.jpg\",\"contentUrl\":\"http:\\\/\\\/obeirao.pt\\\/online\\\/wp-content\\\/uploads\\\/2018\\\/06\\\/IMG_5423.jpg\",\"width\":1024,\"height\":597},{\"@type\":\"BreadcrumbList\",\"@id\":\"http:\\\/\\\/obeirao.pt\\\/online\\\/2018\\\/06\\\/26\\\/caminhada-saude-em-dia-contou-com-cerca-de-600-participantes\\\/#breadcrumb\",\"itemListElement\":[{\"@type\":\"ListItem\",\"position\":1,\"name\":\"Home\",\"item\":\"http:\\\/\\\/obeirao.pt\\\/online\\\/\"},{\"@type\":\"ListItem\",\"position\":2,\"name\":\"CAMINHADA \u201cSA\u00daDE EM DIA\u201d contou com cerca de 600 participantes\"}]},{\"@type\":\"WebSite\",\"@id\":\"http:\\\/\\\/obeirao.pt\\\/online\\\/#website\",\"url\":\"http:\\\/\\\/obeirao.pt\\\/online\\\/\",\"name\":\"Beir\u00e3o Online\",\"description\":\"www.obeirao.pt\",\"potentialAction\":[{\"@type\":\"SearchAction\",\"target\":{\"@type\":\"EntryPoint\",\"urlTemplate\":\"http:\\\/\\\/obeirao.pt\\\/online\\\/?s={search_term_string}\"},\"query-input\":{\"@type\":\"PropertyValueSpecification\",\"valueRequired\":true,\"valueName\":\"search_term_string\"}}],\"inLanguage\":\"pt-PT\"},{\"@type\":\"Person\",\"@id\":\"http:\\\/\\\/obeirao.pt\\\/online\\\/#\\\/schema\\\/person\\\/efac69bb5a33873e1c1bb9c1165ff38c\",\"name\":\"Z\u00e9 Beir\u00e3o\",\"image\":{\"@type\":\"ImageObject\",\"inLanguage\":\"pt-PT\",\"@id\":\"http:\\\/\\\/0.gravatar.com\\\/avatar\\\/c8c44d1f9327baa4d27e9b1149cd71b3?s=96&d=mm&r=g\",\"url\":\"http:\\\/\\\/0.gravatar.com\\\/avatar\\\/c8c44d1f9327baa4d27e9b1149cd71b3?s=96&d=mm&r=g\",\"contentUrl\":\"http:\\\/\\\/0.gravatar.com\\\/avatar\\\/c8c44d1f9327baa4d27e9b1149cd71b3?s=96&d=mm&r=g\",\"caption\":\"Z\u00e9 Beir\u00e3o\"},\"url\":\"http:\\\/\\\/obeirao.pt\\\/online\\\/author\\\/zebeirao\\\/\"}]}<\/script>\n<!-- \/ Yoast SEO plugin. -->","yoast_head_json":{"title":"CAMINHADA \u201cSA\u00daDE EM DIA\u201d contou com cerca de 600 participantes - Beir\u00e3o Online","robots":{"index":"index","follow":"follow","max-snippet":"max-snippet:-1","max-image-preview":"max-image-preview:large","max-video-preview":"max-video-preview:-1"},"canonical":"http:\/\/obeirao.pt\/online\/2018\/06\/26\/caminhada-saude-em-dia-contou-com-cerca-de-600-participantes\/","og_locale":"pt_PT","og_type":"article","og_title":"CAMINHADA \u201cSA\u00daDE EM DIA\u201d contou com cerca de 600 participantes - Beir\u00e3o Online","og_description":"tempo de leitura: 2 minutosA cidade de Tondela acolheu, no passado dia 24 de Junho, a caminhada \u201cSa\u00fade em Dia\u201d, que contou com cerca de 600 participantes.","og_url":"http:\/\/obeirao.pt\/online\/2018\/06\/26\/caminhada-saude-em-dia-contou-com-cerca-de-600-participantes\/","og_site_name":"Beir\u00e3o Online","article_publisher":"https:\/\/pt-br.facebook.com\/pages\/Amigos-de-Tondela\/273620439973877","article_published_time":"2018-06-26T17:07:50+00:00","article_modified_time":"2018-06-26T17:19:17+00:00","og_image":[{"width":1024,"height":597,"url":"http:\/\/obeirao.pt\/online\/wp-content\/uploads\/2018\/06\/IMG_5423.jpg","type":"image\/jpeg"}],"author":"Z\u00e9 Beir\u00e3o","twitter_card":"summary_large_image","twitter_creator":"@JoaquimDuarteP2","twitter_site":"@JoaquimDuarteP2","twitter_misc":{"Escrito por":"Z\u00e9 Beir\u00e3o","Tempo estimado de leitura":"1 minuto"},"schema":{"@context":"https:\/\/schema.org","@graph":[{"@type":"Article","@id":"http:\/\/obeirao.pt\/online\/2018\/06\/26\/caminhada-saude-em-dia-contou-com-cerca-de-600-participantes\/#article","isPartOf":{"@id":"http:\/\/obeirao.pt\/online\/2018\/06\/26\/caminhada-saude-em-dia-contou-com-cerca-de-600-participantes\/"},"author":{"name":"Z\u00e9 Beir\u00e3o","@id":"http:\/\/obeirao.pt\/online\/#\/schema\/person\/efac69bb5a33873e1c1bb9c1165ff38c"},"headline":"CAMINHADA \u201cSA\u00daDE EM DIA\u201d contou com cerca de 600 participantes","datePublished":"2018-06-26T17:07:50+00:00","dateModified":"2018-06-26T17:19:17+00:00","mainEntityOfPage":{"@id":"http:\/\/obeirao.pt\/online\/2018\/06\/26\/caminhada-saude-em-dia-contou-com-cerca-de-600-participantes\/"},"wordCount":255,"commentCount":0,"image":{"@id":"http:\/\/obeirao.pt\/online\/2018\/06\/26\/caminhada-saude-em-dia-contou-com-cerca-de-600-participantes\/#primaryimage"},"thumbnailUrl":"http:\/\/obeirao.pt\/online\/wp-content\/uploads\/2018\/06\/IMG_5423.jpg","articleSection":["_Principal","Regi\u00e3o","Tondela"],"inLanguage":"pt-PT"},{"@type":"WebPage","@id":"http:\/\/obeirao.pt\/online\/2018\/06\/26\/caminhada-saude-em-dia-contou-com-cerca-de-600-participantes\/","url":"http:\/\/obeirao.pt\/online\/2018\/06\/26\/caminhada-saude-em-dia-contou-com-cerca-de-600-participantes\/","name":"CAMINHADA \u201cSA\u00daDE EM DIA\u201d contou com cerca de 600 participantes - Beir\u00e3o Online","isPartOf":{"@id":"http:\/\/obeirao.pt\/online\/#website"},"primaryImageOfPage":{"@id":"http:\/\/obeirao.pt\/online\/2018\/06\/26\/caminhada-saude-em-dia-contou-com-cerca-de-600-participantes\/#primaryimage"},"image":{"@id":"http:\/\/obeirao.pt\/online\/2018\/06\/26\/caminhada-saude-em-dia-contou-com-cerca-de-600-participantes\/#primaryimage"},"thumbnailUrl":"http:\/\/obeirao.pt\/online\/wp-content\/uploads\/2018\/06\/IMG_5423.jpg","datePublished":"2018-06-26T17:07:50+00:00","dateModified":"2018-06-26T17:19:17+00:00","author":{"@id":"http:\/\/obeirao.pt\/online\/#\/schema\/person\/efac69bb5a33873e1c1bb9c1165ff38c"},"breadcrumb":{"@id":"http:\/\/obeirao.pt\/online\/2018\/06\/26\/caminhada-saude-em-dia-contou-com-cerca-de-600-participantes\/#breadcrumb"},"inLanguage":"pt-PT","potentialAction":[{"@type":"ReadAction","target":["http:\/\/obeirao.pt\/online\/2018\/06\/26\/caminhada-saude-em-dia-contou-com-cerca-de-600-participantes\/"]}]},{"@type":"ImageObject","inLanguage":"pt-PT","@id":"http:\/\/obeirao.pt\/online\/2018\/06\/26\/caminhada-saude-em-dia-contou-com-cerca-de-600-participantes\/#primaryimage","url":"http:\/\/obeirao.pt\/online\/wp-content\/uploads\/2018\/06\/IMG_5423.jpg","contentUrl":"http:\/\/obeirao.pt\/online\/wp-content\/uploads\/2018\/06\/IMG_5423.jpg","width":1024,"height":597},{"@type":"BreadcrumbList","@id":"http:\/\/obeirao.pt\/online\/2018\/06\/26\/caminhada-saude-em-dia-contou-com-cerca-de-600-participantes\/#breadcrumb","itemListElement":[{"@type":"ListItem","position":1,"name":"Home","item":"http:\/\/obeirao.pt\/online\/"},{"@type":"ListItem","position":2,"name":"CAMINHADA \u201cSA\u00daDE EM DIA\u201d contou com cerca de 600 participantes"}]},{"@type":"WebSite","@id":"http:\/\/obeirao.pt\/online\/#website","url":"http:\/\/obeirao.pt\/online\/","name":"Beir\u00e3o Online","description":"www.obeirao.pt","potentialAction":[{"@type":"SearchAction","target":{"@type":"EntryPoint","urlTemplate":"http:\/\/obeirao.pt\/online\/?s={search_term_string}"},"query-input":{"@type":"PropertyValueSpecification","valueRequired":true,"valueName":"search_term_string"}}],"inLanguage":"pt-PT"},{"@type":"Person","@id":"http:\/\/obeirao.pt\/online\/#\/schema\/person\/efac69bb5a33873e1c1bb9c1165ff38c","name":"Z\u00e9 Beir\u00e3o","image":{"@type":"ImageObject","inLanguage":"pt-PT","@id":"http:\/\/0.gravatar.com\/avatar\/c8c44d1f9327baa4d27e9b1149cd71b3?s=96&d=mm&r=g","url":"http:\/\/0.gravatar.com\/avatar\/c8c44d1f9327baa4d27e9b1149cd71b3?s=96&d=mm&r=g","contentUrl":"http:\/\/0.gravatar.com\/avatar\/c8c44d1f9327baa4d27e9b1149cd71b3?s=96&d=mm&r=g","caption":"Z\u00e9 Beir\u00e3o"},"url":"http:\/\/obeirao.pt\/online\/author\/zebeirao\/"}]}},"_links":{"self":[{"href":"http:\/\/obeirao.pt\/online\/wp-json\/wp\/v2\/posts\/1450"}],"collection":[{"href":"http:\/\/obeirao.pt\/online\/wp-json\/wp\/v2\/posts"}],"about":[{"href":"http:\/\/obeirao.pt\/online\/wp-json\/wp\/v2\/types\/post"}],"author":[{"embeddable":true,"href":"http:\/\/obeirao.pt\/online\/wp-json\/wp\/v2\/users\/2"}],"replies":[{"embeddable":true,"href":"http:\/\/obeirao.pt\/online\/wp-json\/wp\/v2\/comments?post=1450"}],"version-history":[{"count":3,"href":"http:\/\/obeirao.pt\/online\/wp-json\/wp\/v2\/posts\/1450\/revisions"}],"predecessor-version":[{"id":1458,"href":"http:\/\/obeirao.pt\/online\/wp-json\/wp\/v2\/posts\/1450\/revisions\/1458"}],"wp:featuredmedia":[{"embeddable":true,"href":"http:\/\/obeirao.pt\/online\/wp-json\/wp\/v2\/media\/1451"}],"wp:attachment":[{"href":"http:\/\/obeirao.pt\/online\/wp-json\/wp\/v2\/media?parent=1450"}],"wp:term":[{"taxonomy":"category","embeddable":true,"href":"http:\/\/obeirao.pt\/online\/wp-json\/wp\/v2\/categories?post=1450"},{"taxonomy":"post_tag","embeddable":true,"href":"http:\/\/obeirao.pt\/online\/wp-json\/wp\/v2\/tags?post=1450"}],"curies":[{"name":"wp","href":"https:\/\/api.w.org\/{rel}","templated":true}]}}