{"id":170,"date":"2018-01-14T17:07:07","date_gmt":"2018-01-14T17:07:07","guid":{"rendered":"http:\/\/obeirao.pt\/online\/?p=170"},"modified":"2020-02-03T12:32:56","modified_gmt":"2020-02-03T12:32:56","slug":"nova-tragedia-em-tondela","status":"publish","type":"post","link":"http:\/\/obeirao.pt\/online\/2018\/01\/14\/nova-tragedia-em-tondela\/","title":{"rendered":"NOVA TRAG\u00c9DIA EM TONDELA"},"content":{"rendered":"<span class=\"span-reading-time rt-reading-time\" style=\"display: block;\"><span class=\"rt-label rt-prefix\">tempo de leitura:<\/span> <span class=\"rt-time\"> 3<\/span> <span class=\"rt-label rt-postfix\">minutos<\/span><\/span><p style=\"text-align: justify;\"><span style=\"font-size: 18pt;\"><span style=\"color: #ff0000;\">Torneio de sueca acaba em trag\u00e9dia <\/span>na associa\u00e7\u00e3o de Vila Nova da Rainha<\/span><\/p>\n<p style=\"text-align: justify;\"><a href=\"http:\/\/obeirao.pt\/online\/wp-content\/uploads\/2018\/02\/Marcelo_no_local_da_trag\u00e9dia.jpg\" target=\"_blank\" rel=\"noopener\"><img loading=\"lazy\" decoding=\"async\" class=\"aligncenter wp-image-171 size-full\" src=\"http:\/\/obeirao.pt\/online\/wp-content\/uploads\/2018\/02\/Marcelo_no_local_da_trag\u00e9dia.jpg\" alt=\"\" width=\"1024\" height=\"669\" srcset=\"http:\/\/obeirao.pt\/online\/wp-content\/uploads\/2018\/02\/Marcelo_no_local_da_trag\u00e9dia.jpg 1024w, http:\/\/obeirao.pt\/online\/wp-content\/uploads\/2018\/02\/Marcelo_no_local_da_trag\u00e9dia-300x196.jpg 300w, http:\/\/obeirao.pt\/online\/wp-content\/uploads\/2018\/02\/Marcelo_no_local_da_trag\u00e9dia-768x501.jpg 768w\" sizes=\"(max-width: 1024px) 100vw, 1024px\" \/><\/a><span style=\"font-size: 12pt;\"><strong>Inc\u00eandio causa p\u00e2nico durante torneio de sueca, onde algumas v\u00edtimas morreram esmagadas. Presidente da Rep\u00fablica esteve hoje no local da trag\u00e9dia<\/strong><\/span><\/p>\n<p style=\"text-align: justify;\">Oito pessoas morreram e 38 ficaram feridas na noite deste s\u00e1bado num inc\u00eandio que\u00a0deflagrou numa associa\u00e7\u00e3o recreativa de Vila Nova da Rainha, em Tondela, durante um torneio de sueca. Entre os feridos mais graves est\u00e1 um menor com 15 anos.<\/p>\n<p style=\"text-align: justify;\">Dos 38 feridos, 29 continuam internados, sendo que, destes, pelo menos quatro correm risco de vida. No Hospital de Viseu continuam internadas 13 pessoas, duas das quais ventiladas na Unidade de Cuidados Intensivos. Desta unidade hospitalar sa\u00edram 16 pessoas, segundo o diretor cl\u00ednico do Hospital de Viseu, C\u00edlio Correia.<\/p>\n<p style=\"text-align: justify;\">Cinco foram para o Hospital Univerit\u00e1rio de Coimbra, dois foram para o Hospital de Santo Ant\u00f3nio, no Porto, tr\u00eas para o S\u00e3o Jo\u00e3o, tamb\u00e9m na Invicta, dois para o Santa Maria, em Lisboa, dois para o S\u00e3o Francisco Xavier, tamb\u00e9m na capital, e um para o Hospital da Prelada.<\/p>\n<p style=\"text-align: justify;\">Dois dos feridos foram heli-transportados para o Hospital de Santa Maria com queimaduras. S\u00e3o ambos do sexo masculino, um tem cerca de 60 anos,\u00a0sendo que o outro, apesar de n\u00e3o ter identifica\u00e7\u00e3o com ele, aparenta ter\u00a040.\u00a0O homem\u00a0mais novo est\u00e1 no bloco operat\u00f3rio com uma situa\u00e7\u00e3o cl\u00ednica muito grave.<\/p>\n<p style=\"text-align: justify;\">J\u00e1 o Hospital da Estef\u00e2nia, em Lisboa, recebeu o jovem de 15 anos durante a madrugada. A maioria dos ferimentos das v\u00edtimas s\u00e3o queimaduras nos bra\u00e7os, face e tronco, confirma o Diretor Cl\u00ednico do Hospital de Viseu.<\/p>\n<p style=\"text-align: justify;\">Os corpos\u00a0das v\u00edtimas mortais foram retirados do interior da associa\u00e7\u00e3o durante a madrugada deste domingo e transportados para a morgue para serem autopsiados.<\/p>\n<p style=\"text-align: justify;\"><span style=\"color: #ff0000; background-color: #ffff00; font-size: 14pt;\"><strong>Explos\u00e3o de caldeira lan\u00e7ou p\u00e2nico em sala onde estavam 70 pessoas<\/strong><\/span><\/p>\n<p style=\"text-align: justify;\">Na\u00a0Associa\u00e7\u00e3o Cultural Recreativa e Humanit\u00e1ria de Vila Nova da Rainha, estavam cerca de 70 pessoas. Decorria\u00a0um torneio de sueca no andar de cima;\u00a0no piso de baixo, dezenas de pessoas viam na televis\u00e3o o jogo Sp. Braga-Benfica.<\/p>\n<p style=\"text-align: justify;\">A explos\u00e3o de uma\u00a0salamandra, por volta das 20h40, pegou fogo ao teto falso do edif\u00edcio e provocou o p\u00e2nico generalizado, com as pessoas que estavam nos dois pisos da associa\u00e7\u00e3o a correrem para a porta principal.\u00a0V\u00e1rias pessoas ficaram esmagadas e ter\u00e1 sido esta a causa dos ferimentos mais graves.\u00a0Contudo\u00a0h\u00e1 tamb\u00e9m v\u00e1rios casos de pessoas que sofreram queimaduras graves.<\/p>\n<p style=\"text-align: justify;\">&#8220;<strong><em>Vi fumo a sair do edif\u00edcio e parti uma janela para entrar. Vi um amontoado de pessoas a tentar fugir. Na fuga, atropelaram-se uns aos outros e vi um monte de pessoas na escadaria. Algumas n\u00e3o se mexiam<\/em><\/strong>&#8220;, conta uma testemunha \u00e0 CMTV.<\/p>\n<p style=\"text-align: justify;\">O CM apurou que, durante as opera\u00e7\u00f5es de socorro, o sistema SIRESP, que deveria por em contato direto as v\u00e1rias for\u00e7as de seguran\u00e7a e de socorro, voltou a falhar. No pico da emerg\u00eancia, as comunica\u00e7\u00f5es via r\u00e1dio deixaram de funcionar, tendo sido respostas num momento posterior.<\/p>\n<p style=\"text-align: justify;\"><span style=\"color: #ff0000; font-size: 14pt; background-color: #ffff00;\"><strong>Psic\u00f3logos no terreno para apoiar familiares<\/strong><\/span><\/p>\n<p style=\"text-align: justify;\">O secret\u00e1rio de Estado adjunto e da Sa\u00fade, Fernando Ara\u00fajo, disse que no local est\u00e1 &#8220;<strong><em>uma unidade de psic\u00f3logos que est\u00e1 a dar apoio aos familiares e ir\u00e1 articular-se quer com a Prote\u00e7\u00e3o Civil, quer com a autarquia, neste momento e nos pr\u00f3ximos dias<\/em><\/strong>&#8220;, de forma a haver &#8220;<strong><em>uma resposta adequada para os familiares<\/em><\/strong>&#8220;. Lembrando que a regi\u00e3o de Tondela foi muito afetada, no ano passado, pelos inc\u00eandios florestais, o respons\u00e1vel lamentou esta &#8220;nova cat\u00e1strofe&#8221;.<\/p>\n<p style=\"text-align: justify;\">&#8220;<strong><em>Temos que ter a capacidade de darmos o apoio necess\u00e1rio para conseguir ultrapassar tamb\u00e9m esta fase de luto<\/em><\/strong>&#8220;, frisou.<\/p>\n<p style=\"text-align: justify;\">&#8220;<em><strong>H\u00e1 muitas v\u00edtimas a serem atendidas, algumas j\u00e1 transportadas para os hospitais. S\u00e3o v\u00e1rias dezenas de feridos. Felizmente, os meios foram acionados rapidamente, mas isto \u00e9 quase uma situa\u00e7\u00e3o de cat\u00e1strofe<\/strong><\/em>&#8220;,\u00a0descreveu\u00a0Jos\u00e9 Ant\u00f3nio Jesus, presidente da C\u00e2mara de Tondela na noite de s\u00e1bado.<\/p>\n<p style=\"text-align: justify;\">De acordo com Jos\u00e9 Ant\u00f3nio Jesus, a explos\u00e3o ocorreu numa associa\u00e7\u00e3o recreativa, que tem umas instala\u00e7\u00f5es com dois pisos.<\/p>\n<p style=\"text-align: justify;\">&#8220;<em><strong>H\u00e1 muitos feridos com queimaduras e outros com problemas decorrentes do fumo<\/strong><\/em>&#8220;, concluiu.<\/p>\n","protected":false},"excerpt":{"rendered":"<div class=\"mh-excerpt\"><span class=\"span-reading-time rt-reading-time\" style=\"display: block;\"><span class=\"rt-label rt-prefix\">tempo de leitura:<\/span> <span class=\"rt-time\"> 3<\/span> <span class=\"rt-label rt-postfix\">minutos<\/span><\/span>Torneio de sueca acaba em trag\u00e9dia na associa\u00e7\u00e3o de Vila Nova da Rainha Inc\u00eandio causa p\u00e2nico durante torneio de sueca, onde algumas v\u00edtimas morreram esmagadas. <a class=\"mh-excerpt-more\" href=\"http:\/\/obeirao.pt\/online\/2018\/01\/14\/nova-tragedia-em-tondela\/\" title=\"NOVA TRAG\u00c9DIA EM TONDELA\">[&#8230;]<\/a><\/div>\n","protected":false},"author":2,"featured_media":171,"comment_status":"open","ping_status":"open","sticky":false,"template":"","format":"standard","meta":{"footnotes":""},"categories":[2,4,63],"tags":[],"class_list":["post-170","post","type-post","status-publish","format-standard","has-post-thumbnail","hentry","category-principal","category-regiao","category-tondela"],"yoast_head":"<!-- This site is optimized with the Yoast SEO plugin v27.4 - https:\/\/yoast.com\/product\/yoast-seo-wordpress\/ -->\n<title>NOVA TRAG\u00c9DIA EM TONDELA - Beir\u00e3o Online<\/title>\n<meta name=\"robots\" content=\"index, follow, max-snippet:-1, max-image-preview:large, max-video-preview:-1\" \/>\n<link rel=\"canonical\" href=\"http:\/\/obeirao.pt\/online\/2018\/01\/14\/nova-tragedia-em-tondela\/\" \/>\n<meta property=\"og:locale\" content=\"pt_PT\" \/>\n<meta property=\"og:type\" content=\"article\" \/>\n<meta property=\"og:title\" content=\"NOVA TRAG\u00c9DIA EM TONDELA - Beir\u00e3o Online\" \/>\n<meta property=\"og:description\" content=\"tempo de leitura: 3 minutosTorneio de sueca acaba em trag\u00e9dia na associa\u00e7\u00e3o de Vila Nova da Rainha Inc\u00eandio causa p\u00e2nico durante torneio de sueca, onde algumas v\u00edtimas morreram esmagadas. [...]\" \/>\n<meta property=\"og:url\" content=\"http:\/\/obeirao.pt\/online\/2018\/01\/14\/nova-tragedia-em-tondela\/\" \/>\n<meta property=\"og:site_name\" content=\"Beir\u00e3o Online\" \/>\n<meta property=\"article:publisher\" content=\"https:\/\/pt-br.facebook.com\/pages\/Amigos-de-Tondela\/273620439973877\" \/>\n<meta property=\"article:published_time\" content=\"2018-01-14T17:07:07+00:00\" \/>\n<meta property=\"article:modified_time\" content=\"2020-02-03T12:32:56+00:00\" \/>\n<meta property=\"og:image\" content=\"http:\/\/obeirao.pt\/online\/wp-content\/uploads\/2018\/02\/Marcelo_no_local_da_trag\u00e9dia.jpg\" \/>\n\t<meta property=\"og:image:width\" content=\"1024\" \/>\n\t<meta property=\"og:image:height\" content=\"669\" \/>\n\t<meta property=\"og:image:type\" content=\"image\/jpeg\" \/>\n<meta name=\"author\" content=\"Z\u00e9 Beir\u00e3o\" \/>\n<meta name=\"twitter:card\" content=\"summary_large_image\" \/>\n<meta name=\"twitter:creator\" content=\"@JoaquimDuarteP2\" \/>\n<meta name=\"twitter:site\" content=\"@JoaquimDuarteP2\" \/>\n<meta name=\"twitter:label1\" content=\"Escrito por\" \/>\n\t<meta name=\"twitter:data1\" content=\"Z\u00e9 Beir\u00e3o\" \/>\n\t<meta name=\"twitter:label2\" content=\"Tempo estimado de leitura\" \/>\n\t<meta name=\"twitter:data2\" content=\"4 minutos\" \/>\n<script type=\"application\/ld+json\" class=\"yoast-schema-graph\">{\"@context\":\"https:\\\/\\\/schema.org\",\"@graph\":[{\"@type\":\"Article\",\"@id\":\"http:\\\/\\\/obeirao.pt\\\/online\\\/2018\\\/01\\\/14\\\/nova-tragedia-em-tondela\\\/#article\",\"isPartOf\":{\"@id\":\"http:\\\/\\\/obeirao.pt\\\/online\\\/2018\\\/01\\\/14\\\/nova-tragedia-em-tondela\\\/\"},\"author\":{\"name\":\"Z\u00e9 Beir\u00e3o\",\"@id\":\"http:\\\/\\\/obeirao.pt\\\/online\\\/#\\\/schema\\\/person\\\/efac69bb5a33873e1c1bb9c1165ff38c\"},\"headline\":\"NOVA TRAG\u00c9DIA EM TONDELA\",\"datePublished\":\"2018-01-14T17:07:07+00:00\",\"dateModified\":\"2020-02-03T12:32:56+00:00\",\"mainEntityOfPage\":{\"@id\":\"http:\\\/\\\/obeirao.pt\\\/online\\\/2018\\\/01\\\/14\\\/nova-tragedia-em-tondela\\\/\"},\"wordCount\":736,\"commentCount\":0,\"image\":{\"@id\":\"http:\\\/\\\/obeirao.pt\\\/online\\\/2018\\\/01\\\/14\\\/nova-tragedia-em-tondela\\\/#primaryimage\"},\"thumbnailUrl\":\"http:\\\/\\\/obeirao.pt\\\/online\\\/wp-content\\\/uploads\\\/2018\\\/02\\\/Marcelo_no_local_da_trag\u00e9dia.jpg\",\"articleSection\":[\"_Principal\",\"Regi\u00e3o\",\"Tondela\"],\"inLanguage\":\"pt-PT\"},{\"@type\":\"WebPage\",\"@id\":\"http:\\\/\\\/obeirao.pt\\\/online\\\/2018\\\/01\\\/14\\\/nova-tragedia-em-tondela\\\/\",\"url\":\"http:\\\/\\\/obeirao.pt\\\/online\\\/2018\\\/01\\\/14\\\/nova-tragedia-em-tondela\\\/\",\"name\":\"NOVA TRAG\u00c9DIA EM TONDELA - Beir\u00e3o Online\",\"isPartOf\":{\"@id\":\"http:\\\/\\\/obeirao.pt\\\/online\\\/#website\"},\"primaryImageOfPage\":{\"@id\":\"http:\\\/\\\/obeirao.pt\\\/online\\\/2018\\\/01\\\/14\\\/nova-tragedia-em-tondela\\\/#primaryimage\"},\"image\":{\"@id\":\"http:\\\/\\\/obeirao.pt\\\/online\\\/2018\\\/01\\\/14\\\/nova-tragedia-em-tondela\\\/#primaryimage\"},\"thumbnailUrl\":\"http:\\\/\\\/obeirao.pt\\\/online\\\/wp-content\\\/uploads\\\/2018\\\/02\\\/Marcelo_no_local_da_trag\u00e9dia.jpg\",\"datePublished\":\"2018-01-14T17:07:07+00:00\",\"dateModified\":\"2020-02-03T12:32:56+00:00\",\"author\":{\"@id\":\"http:\\\/\\\/obeirao.pt\\\/online\\\/#\\\/schema\\\/person\\\/efac69bb5a33873e1c1bb9c1165ff38c\"},\"breadcrumb\":{\"@id\":\"http:\\\/\\\/obeirao.pt\\\/online\\\/2018\\\/01\\\/14\\\/nova-tragedia-em-tondela\\\/#breadcrumb\"},\"inLanguage\":\"pt-PT\",\"potentialAction\":[{\"@type\":\"ReadAction\",\"target\":[\"http:\\\/\\\/obeirao.pt\\\/online\\\/2018\\\/01\\\/14\\\/nova-tragedia-em-tondela\\\/\"]}]},{\"@type\":\"ImageObject\",\"inLanguage\":\"pt-PT\",\"@id\":\"http:\\\/\\\/obeirao.pt\\\/online\\\/2018\\\/01\\\/14\\\/nova-tragedia-em-tondela\\\/#primaryimage\",\"url\":\"http:\\\/\\\/obeirao.pt\\\/online\\\/wp-content\\\/uploads\\\/2018\\\/02\\\/Marcelo_no_local_da_trag\u00e9dia.jpg\",\"contentUrl\":\"http:\\\/\\\/obeirao.pt\\\/online\\\/wp-content\\\/uploads\\\/2018\\\/02\\\/Marcelo_no_local_da_trag\u00e9dia.jpg\",\"width\":1024,\"height\":669},{\"@type\":\"BreadcrumbList\",\"@id\":\"http:\\\/\\\/obeirao.pt\\\/online\\\/2018\\\/01\\\/14\\\/nova-tragedia-em-tondela\\\/#breadcrumb\",\"itemListElement\":[{\"@type\":\"ListItem\",\"position\":1,\"name\":\"Home\",\"item\":\"http:\\\/\\\/obeirao.pt\\\/online\\\/\"},{\"@type\":\"ListItem\",\"position\":2,\"name\":\"NOVA TRAG\u00c9DIA EM TONDELA\"}]},{\"@type\":\"WebSite\",\"@id\":\"http:\\\/\\\/obeirao.pt\\\/online\\\/#website\",\"url\":\"http:\\\/\\\/obeirao.pt\\\/online\\\/\",\"name\":\"Beir\u00e3o Online\",\"description\":\"www.obeirao.pt\",\"potentialAction\":[{\"@type\":\"SearchAction\",\"target\":{\"@type\":\"EntryPoint\",\"urlTemplate\":\"http:\\\/\\\/obeirao.pt\\\/online\\\/?s={search_term_string}\"},\"query-input\":{\"@type\":\"PropertyValueSpecification\",\"valueRequired\":true,\"valueName\":\"search_term_string\"}}],\"inLanguage\":\"pt-PT\"},{\"@type\":\"Person\",\"@id\":\"http:\\\/\\\/obeirao.pt\\\/online\\\/#\\\/schema\\\/person\\\/efac69bb5a33873e1c1bb9c1165ff38c\",\"name\":\"Z\u00e9 Beir\u00e3o\",\"image\":{\"@type\":\"ImageObject\",\"inLanguage\":\"pt-PT\",\"@id\":\"http:\\\/\\\/0.gravatar.com\\\/avatar\\\/c8c44d1f9327baa4d27e9b1149cd71b3?s=96&d=mm&r=g\",\"url\":\"http:\\\/\\\/0.gravatar.com\\\/avatar\\\/c8c44d1f9327baa4d27e9b1149cd71b3?s=96&d=mm&r=g\",\"contentUrl\":\"http:\\\/\\\/0.gravatar.com\\\/avatar\\\/c8c44d1f9327baa4d27e9b1149cd71b3?s=96&d=mm&r=g\",\"caption\":\"Z\u00e9 Beir\u00e3o\"},\"url\":\"http:\\\/\\\/obeirao.pt\\\/online\\\/author\\\/zebeirao\\\/\"}]}<\/script>\n<!-- \/ Yoast SEO plugin. -->","yoast_head_json":{"title":"NOVA TRAG\u00c9DIA EM TONDELA - Beir\u00e3o Online","robots":{"index":"index","follow":"follow","max-snippet":"max-snippet:-1","max-image-preview":"max-image-preview:large","max-video-preview":"max-video-preview:-1"},"canonical":"http:\/\/obeirao.pt\/online\/2018\/01\/14\/nova-tragedia-em-tondela\/","og_locale":"pt_PT","og_type":"article","og_title":"NOVA TRAG\u00c9DIA EM TONDELA - Beir\u00e3o Online","og_description":"tempo de leitura: 3 minutosTorneio de sueca acaba em trag\u00e9dia na associa\u00e7\u00e3o de Vila Nova da Rainha Inc\u00eandio causa p\u00e2nico durante torneio de sueca, onde algumas v\u00edtimas morreram esmagadas. [...]","og_url":"http:\/\/obeirao.pt\/online\/2018\/01\/14\/nova-tragedia-em-tondela\/","og_site_name":"Beir\u00e3o Online","article_publisher":"https:\/\/pt-br.facebook.com\/pages\/Amigos-de-Tondela\/273620439973877","article_published_time":"2018-01-14T17:07:07+00:00","article_modified_time":"2020-02-03T12:32:56+00:00","og_image":[{"width":1024,"height":669,"url":"http:\/\/obeirao.pt\/online\/wp-content\/uploads\/2018\/02\/Marcelo_no_local_da_trag\u00e9dia.jpg","type":"image\/jpeg"}],"author":"Z\u00e9 Beir\u00e3o","twitter_card":"summary_large_image","twitter_creator":"@JoaquimDuarteP2","twitter_site":"@JoaquimDuarteP2","twitter_misc":{"Escrito por":"Z\u00e9 Beir\u00e3o","Tempo estimado de leitura":"4 minutos"},"schema":{"@context":"https:\/\/schema.org","@graph":[{"@type":"Article","@id":"http:\/\/obeirao.pt\/online\/2018\/01\/14\/nova-tragedia-em-tondela\/#article","isPartOf":{"@id":"http:\/\/obeirao.pt\/online\/2018\/01\/14\/nova-tragedia-em-tondela\/"},"author":{"name":"Z\u00e9 Beir\u00e3o","@id":"http:\/\/obeirao.pt\/online\/#\/schema\/person\/efac69bb5a33873e1c1bb9c1165ff38c"},"headline":"NOVA TRAG\u00c9DIA EM TONDELA","datePublished":"2018-01-14T17:07:07+00:00","dateModified":"2020-02-03T12:32:56+00:00","mainEntityOfPage":{"@id":"http:\/\/obeirao.pt\/online\/2018\/01\/14\/nova-tragedia-em-tondela\/"},"wordCount":736,"commentCount":0,"image":{"@id":"http:\/\/obeirao.pt\/online\/2018\/01\/14\/nova-tragedia-em-tondela\/#primaryimage"},"thumbnailUrl":"http:\/\/obeirao.pt\/online\/wp-content\/uploads\/2018\/02\/Marcelo_no_local_da_trag\u00e9dia.jpg","articleSection":["_Principal","Regi\u00e3o","Tondela"],"inLanguage":"pt-PT"},{"@type":"WebPage","@id":"http:\/\/obeirao.pt\/online\/2018\/01\/14\/nova-tragedia-em-tondela\/","url":"http:\/\/obeirao.pt\/online\/2018\/01\/14\/nova-tragedia-em-tondela\/","name":"NOVA TRAG\u00c9DIA EM TONDELA - Beir\u00e3o Online","isPartOf":{"@id":"http:\/\/obeirao.pt\/online\/#website"},"primaryImageOfPage":{"@id":"http:\/\/obeirao.pt\/online\/2018\/01\/14\/nova-tragedia-em-tondela\/#primaryimage"},"image":{"@id":"http:\/\/obeirao.pt\/online\/2018\/01\/14\/nova-tragedia-em-tondela\/#primaryimage"},"thumbnailUrl":"http:\/\/obeirao.pt\/online\/wp-content\/uploads\/2018\/02\/Marcelo_no_local_da_trag\u00e9dia.jpg","datePublished":"2018-01-14T17:07:07+00:00","dateModified":"2020-02-03T12:32:56+00:00","author":{"@id":"http:\/\/obeirao.pt\/online\/#\/schema\/person\/efac69bb5a33873e1c1bb9c1165ff38c"},"breadcrumb":{"@id":"http:\/\/obeirao.pt\/online\/2018\/01\/14\/nova-tragedia-em-tondela\/#breadcrumb"},"inLanguage":"pt-PT","potentialAction":[{"@type":"ReadAction","target":["http:\/\/obeirao.pt\/online\/2018\/01\/14\/nova-tragedia-em-tondela\/"]}]},{"@type":"ImageObject","inLanguage":"pt-PT","@id":"http:\/\/obeirao.pt\/online\/2018\/01\/14\/nova-tragedia-em-tondela\/#primaryimage","url":"http:\/\/obeirao.pt\/online\/wp-content\/uploads\/2018\/02\/Marcelo_no_local_da_trag\u00e9dia.jpg","contentUrl":"http:\/\/obeirao.pt\/online\/wp-content\/uploads\/2018\/02\/Marcelo_no_local_da_trag\u00e9dia.jpg","width":1024,"height":669},{"@type":"BreadcrumbList","@id":"http:\/\/obeirao.pt\/online\/2018\/01\/14\/nova-tragedia-em-tondela\/#breadcrumb","itemListElement":[{"@type":"ListItem","position":1,"name":"Home","item":"http:\/\/obeirao.pt\/online\/"},{"@type":"ListItem","position":2,"name":"NOVA TRAG\u00c9DIA EM TONDELA"}]},{"@type":"WebSite","@id":"http:\/\/obeirao.pt\/online\/#website","url":"http:\/\/obeirao.pt\/online\/","name":"Beir\u00e3o Online","description":"www.obeirao.pt","potentialAction":[{"@type":"SearchAction","target":{"@type":"EntryPoint","urlTemplate":"http:\/\/obeirao.pt\/online\/?s={search_term_string}"},"query-input":{"@type":"PropertyValueSpecification","valueRequired":true,"valueName":"search_term_string"}}],"inLanguage":"pt-PT"},{"@type":"Person","@id":"http:\/\/obeirao.pt\/online\/#\/schema\/person\/efac69bb5a33873e1c1bb9c1165ff38c","name":"Z\u00e9 Beir\u00e3o","image":{"@type":"ImageObject","inLanguage":"pt-PT","@id":"http:\/\/0.gravatar.com\/avatar\/c8c44d1f9327baa4d27e9b1149cd71b3?s=96&d=mm&r=g","url":"http:\/\/0.gravatar.com\/avatar\/c8c44d1f9327baa4d27e9b1149cd71b3?s=96&d=mm&r=g","contentUrl":"http:\/\/0.gravatar.com\/avatar\/c8c44d1f9327baa4d27e9b1149cd71b3?s=96&d=mm&r=g","caption":"Z\u00e9 Beir\u00e3o"},"url":"http:\/\/obeirao.pt\/online\/author\/zebeirao\/"}]}},"_links":{"self":[{"href":"http:\/\/obeirao.pt\/online\/wp-json\/wp\/v2\/posts\/170"}],"collection":[{"href":"http:\/\/obeirao.pt\/online\/wp-json\/wp\/v2\/posts"}],"about":[{"href":"http:\/\/obeirao.pt\/online\/wp-json\/wp\/v2\/types\/post"}],"author":[{"embeddable":true,"href":"http:\/\/obeirao.pt\/online\/wp-json\/wp\/v2\/users\/2"}],"replies":[{"embeddable":true,"href":"http:\/\/obeirao.pt\/online\/wp-json\/wp\/v2\/comments?post=170"}],"version-history":[{"count":5,"href":"http:\/\/obeirao.pt\/online\/wp-json\/wp\/v2\/posts\/170\/revisions"}],"predecessor-version":[{"id":273,"href":"http:\/\/obeirao.pt\/online\/wp-json\/wp\/v2\/posts\/170\/revisions\/273"}],"wp:featuredmedia":[{"embeddable":true,"href":"http:\/\/obeirao.pt\/online\/wp-json\/wp\/v2\/media\/171"}],"wp:attachment":[{"href":"http:\/\/obeirao.pt\/online\/wp-json\/wp\/v2\/media?parent=170"}],"wp:term":[{"taxonomy":"category","embeddable":true,"href":"http:\/\/obeirao.pt\/online\/wp-json\/wp\/v2\/categories?post=170"},{"taxonomy":"post_tag","embeddable":true,"href":"http:\/\/obeirao.pt\/online\/wp-json\/wp\/v2\/tags?post=170"}],"curies":[{"name":"wp","href":"https:\/\/api.w.org\/{rel}","templated":true}]}}