{"id":1781,"date":"2018-09-11T19:17:52","date_gmt":"2018-09-11T18:17:52","guid":{"rendered":"http:\/\/obeirao.pt\/online\/?p=1781"},"modified":"2018-09-11T19:17:52","modified_gmt":"2018-09-11T18:17:52","slug":"voluntarios-reabilitam-casas-danificadas-pelos-incendios-de-2017-em-santa-comba-dao-e-tondela","status":"publish","type":"post","link":"http:\/\/obeirao.pt\/online\/2018\/09\/11\/voluntarios-reabilitam-casas-danificadas-pelos-incendios-de-2017-em-santa-comba-dao-e-tondela\/","title":{"rendered":"VOLUNT\u00c1RIOS REABILITAM CASAS DANIFICADAS pelos inc\u00eandios de 2017 em Santa Comba D\u00e3o e Tondela"},"content":{"rendered":"<span class=\"span-reading-time rt-reading-time\" style=\"display: block;\"><span class=\"rt-label rt-prefix\">tempo de leitura:<\/span> <span class=\"rt-time\"> 2<\/span> <span class=\"rt-label rt-postfix\">minutos<\/span><\/span><p><span style=\"color: #000000;font-family: georgia,palatino,serif;font-size: 24pt\"><strong><img loading=\"lazy\" decoding=\"async\" class=\"alignnone size-medium wp-image-1782 alignleft\" src=\"http:\/\/obeirao.pt\/online\/wp-content\/uploads\/2018\/09\/casas-2-300x175.jpg\" alt=\"\" width=\"300\" height=\"175\" srcset=\"http:\/\/obeirao.pt\/online\/wp-content\/uploads\/2018\/09\/casas-2-300x175.jpg 300w, http:\/\/obeirao.pt\/online\/wp-content\/uploads\/2018\/09\/casas-2-768x448.jpg 768w, http:\/\/obeirao.pt\/online\/wp-content\/uploads\/2018\/09\/casas-2.jpg 1024w\" sizes=\"(max-width: 300px) 100vw, 300px\" \/><\/strong><\/span><span style=\"color: #000000;font-family: georgia,palatino,serif;font-size: 14pt\"><strong><em>J\u00e1 come\u00e7aram as obras de reabilita\u00e7\u00e3o de habita\u00e7\u00f5es afectadas pelos inc\u00eandios de 2017 em Santa Comba D\u00e3o e Tondela, ao abrigo do Protocolo de coopera\u00e7\u00e3o assinado entre a Funda\u00e7\u00e3o Am\u00e9lia de Mello, a Jos\u00e9 de Mello Sa\u00fade, as autarquias de Santa Comba D\u00e3o e Tondela e a Associa\u00e7\u00e3o Just a Change, em Junho. \u00a0<\/em><\/strong><\/span><!--more--><\/p>\n<p><span style=\"color: #000000;font-family: georgia,palatino,serif;font-size: 12pt\">Este protocolo visa apoiar fam\u00edlias nas zonas afectadas pelos inc\u00eandios de 2017, em situa\u00e7\u00e3o de vulnerabilidade social, dos concelhos referidos, atrav\u00e9s da recupera\u00e7\u00e3o interior e exterior das suas habita\u00e7\u00f5es e anexos agr\u00edcolas. Estas fam\u00edlias foram identificadas pelas autarquias envolvidas por n\u00e3o terem sido inclu\u00eddas nos apoios p\u00fablicos concedidos e por n\u00e3o terem capacidade para adquirir ou recuperar as suas habita\u00e7\u00f5es.<\/span><\/p>\n<p><span style=\"color: #000000;font-family: georgia,palatino,serif;font-size: 12pt\">A conclus\u00e3o da interven\u00e7\u00e3o est\u00e1 prevista para o final do m\u00eas de Setembro e, no total, \u00a0ser\u00e3o recuperadas 12 casas (duas constru\u00eddas de raiz e 10 reabilitadas) e 4 anexos agr\u00edcolas.<\/span><\/p>\n<p><span style=\"color: #000000;font-family: georgia,palatino,serif;font-size: 12pt\"><img loading=\"lazy\" decoding=\"async\" class=\"alignnone  wp-image-1783 alignright\" src=\"http:\/\/obeirao.pt\/online\/wp-content\/uploads\/2018\/09\/casas-1-300x169.png\" alt=\"\" width=\"387\" height=\"218\" srcset=\"http:\/\/obeirao.pt\/online\/wp-content\/uploads\/2018\/09\/casas-1-300x169.png 300w, http:\/\/obeirao.pt\/online\/wp-content\/uploads\/2018\/09\/casas-1-768x432.png 768w, http:\/\/obeirao.pt\/online\/wp-content\/uploads\/2018\/09\/casas-1.png 1024w\" sizes=\"(max-width: 387px) 100vw, 387px\" \/>No final do ano passado, a Jos\u00e9 de Mello Sa\u00fade e a Funda\u00e7\u00e3o Am\u00e9lia de Mello juntaram-se com o objectivo de <em>\u201cauxiliar as v\u00edtimas dos inc\u00eandios que deflagraram em Outubro, na zona centro de Portugal, atrav\u00e9s da cria\u00e7\u00e3o de uma conta solid\u00e1ria para a qual contribu\u00edram os colaboradores da Jos\u00e9 de Mello Sa\u00fade e a pr\u00f3pria organiza\u00e7\u00e3o\u201d.<\/em><\/span><\/p>\n<p><span style=\"color: #000000;font-family: georgia,palatino,serif;font-size: 12pt\">Durante todo o m\u00eas de Setembro, colaboradores da Jo\u015be de Mello Sa\u00fade de todo o pa\u00eds, incluindo do Hospital CUF Viseu, estar\u00e3o em Santa Comba D\u00e3o e Tondela para trabalhar, enquanto volunt\u00e1rios, na recupera\u00e7\u00e3o das habita\u00e7\u00f5es. Os colaboradores da Jos\u00e9 de Mello Sa\u00fade juntam-se aos estudantes universit\u00e1rios volunt\u00e1rios da Just a Change, uma associa\u00e7\u00e3o sem fins lucrativos que tem como miss\u00e3o reabilitar habita\u00e7\u00f5es de pessoas carenciadas.<\/span><\/p>\n<p><span style=\"color: #000000;font-family: georgia,palatino,serif;font-size: 12pt\">As C\u00e2maras Municipais de Santa Comba D\u00e3o e Tondela s\u00e3o as respons\u00e1veis pela liga\u00e7\u00e3o com as popula\u00e7\u00f5es, de acordo com as suas compet\u00eancias no desenvolvimento de projectos estruturais visando a popula\u00e7\u00e3o mais vulner\u00e1vel, designadamente em situa\u00e7\u00f5es de emerg\u00eancia social.<\/span><\/p>\n<p>&nbsp;<\/p>\n","protected":false},"excerpt":{"rendered":"<div class=\"mh-excerpt\"><span class=\"span-reading-time rt-reading-time\" style=\"display: block;\"><span class=\"rt-label rt-prefix\">tempo de leitura:<\/span> <span class=\"rt-time\"> 2<\/span> <span class=\"rt-label rt-postfix\">minutos<\/span><\/span>J\u00e1 come\u00e7aram as obras de reabilita\u00e7\u00e3o de habita\u00e7\u00f5es afectadas pelos inc\u00eandios de 2017 em Santa Comba D\u00e3o e Tondela, ao abrigo do Protocolo de coopera\u00e7\u00e3o <a class=\"mh-excerpt-more\" href=\"http:\/\/obeirao.pt\/online\/2018\/09\/11\/voluntarios-reabilitam-casas-danificadas-pelos-incendios-de-2017-em-santa-comba-dao-e-tondela\/\" title=\"VOLUNT\u00c1RIOS REABILITAM CASAS DANIFICADAS pelos inc\u00eandios de 2017 em Santa Comba D\u00e3o e Tondela\">[&#8230;]<\/a><\/div>\n","protected":false},"author":2,"featured_media":1782,"comment_status":"open","ping_status":"open","sticky":false,"template":"","format":"standard","meta":{"footnotes":""},"categories":[1],"tags":[],"class_list":["post-1781","post","type-post","status-publish","format-standard","has-post-thumbnail","hentry","category-uncategorized"],"yoast_head":"<!-- This site is optimized with the Yoast SEO plugin v27.4 - https:\/\/yoast.com\/product\/yoast-seo-wordpress\/ -->\n<title>VOLUNT\u00c1RIOS REABILITAM CASAS DANIFICADAS pelos inc\u00eandios de 2017 em Santa Comba D\u00e3o e Tondela - Beir\u00e3o Online<\/title>\n<meta name=\"robots\" content=\"index, follow, max-snippet:-1, max-image-preview:large, max-video-preview:-1\" \/>\n<link rel=\"canonical\" href=\"http:\/\/obeirao.pt\/online\/2018\/09\/11\/voluntarios-reabilitam-casas-danificadas-pelos-incendios-de-2017-em-santa-comba-dao-e-tondela\/\" \/>\n<meta property=\"og:locale\" content=\"pt_PT\" \/>\n<meta property=\"og:type\" content=\"article\" \/>\n<meta property=\"og:title\" content=\"VOLUNT\u00c1RIOS REABILITAM CASAS DANIFICADAS pelos inc\u00eandios de 2017 em Santa Comba D\u00e3o e Tondela - Beir\u00e3o Online\" \/>\n<meta property=\"og:description\" content=\"tempo de leitura: 2 minutosJ\u00e1 come\u00e7aram as obras de reabilita\u00e7\u00e3o de habita\u00e7\u00f5es afectadas pelos inc\u00eandios de 2017 em Santa Comba D\u00e3o e Tondela, ao abrigo do Protocolo de coopera\u00e7\u00e3o [...]\" \/>\n<meta property=\"og:url\" content=\"http:\/\/obeirao.pt\/online\/2018\/09\/11\/voluntarios-reabilitam-casas-danificadas-pelos-incendios-de-2017-em-santa-comba-dao-e-tondela\/\" \/>\n<meta property=\"og:site_name\" content=\"Beir\u00e3o Online\" \/>\n<meta property=\"article:publisher\" content=\"https:\/\/pt-br.facebook.com\/pages\/Amigos-de-Tondela\/273620439973877\" \/>\n<meta property=\"article:published_time\" content=\"2018-09-11T18:17:52+00:00\" \/>\n<meta property=\"og:image\" content=\"http:\/\/obeirao.pt\/online\/wp-content\/uploads\/2018\/09\/casas-2.jpg\" \/>\n\t<meta property=\"og:image:width\" content=\"1024\" \/>\n\t<meta property=\"og:image:height\" content=\"597\" \/>\n\t<meta property=\"og:image:type\" content=\"image\/jpeg\" \/>\n<meta name=\"author\" content=\"Z\u00e9 Beir\u00e3o\" \/>\n<meta name=\"twitter:card\" content=\"summary_large_image\" \/>\n<meta name=\"twitter:creator\" content=\"@JoaquimDuarteP2\" \/>\n<meta name=\"twitter:site\" content=\"@JoaquimDuarteP2\" \/>\n<meta name=\"twitter:label1\" content=\"Escrito por\" \/>\n\t<meta name=\"twitter:data1\" content=\"Z\u00e9 Beir\u00e3o\" \/>\n\t<meta name=\"twitter:label2\" content=\"Tempo estimado de leitura\" \/>\n\t<meta name=\"twitter:data2\" content=\"2 minutos\" \/>\n<script type=\"application\/ld+json\" class=\"yoast-schema-graph\">{\"@context\":\"https:\\\/\\\/schema.org\",\"@graph\":[{\"@type\":\"Article\",\"@id\":\"http:\\\/\\\/obeirao.pt\\\/online\\\/2018\\\/09\\\/11\\\/voluntarios-reabilitam-casas-danificadas-pelos-incendios-de-2017-em-santa-comba-dao-e-tondela\\\/#article\",\"isPartOf\":{\"@id\":\"http:\\\/\\\/obeirao.pt\\\/online\\\/2018\\\/09\\\/11\\\/voluntarios-reabilitam-casas-danificadas-pelos-incendios-de-2017-em-santa-comba-dao-e-tondela\\\/\"},\"author\":{\"name\":\"Z\u00e9 Beir\u00e3o\",\"@id\":\"http:\\\/\\\/obeirao.pt\\\/online\\\/#\\\/schema\\\/person\\\/efac69bb5a33873e1c1bb9c1165ff38c\"},\"headline\":\"VOLUNT\u00c1RIOS REABILITAM CASAS DANIFICADAS pelos inc\u00eandios de 2017 em Santa Comba D\u00e3o e Tondela\",\"datePublished\":\"2018-09-11T18:17:52+00:00\",\"mainEntityOfPage\":{\"@id\":\"http:\\\/\\\/obeirao.pt\\\/online\\\/2018\\\/09\\\/11\\\/voluntarios-reabilitam-casas-danificadas-pelos-incendios-de-2017-em-santa-comba-dao-e-tondela\\\/\"},\"wordCount\":386,\"commentCount\":0,\"image\":{\"@id\":\"http:\\\/\\\/obeirao.pt\\\/online\\\/2018\\\/09\\\/11\\\/voluntarios-reabilitam-casas-danificadas-pelos-incendios-de-2017-em-santa-comba-dao-e-tondela\\\/#primaryimage\"},\"thumbnailUrl\":\"http:\\\/\\\/obeirao.pt\\\/online\\\/wp-content\\\/uploads\\\/2018\\\/09\\\/casas-2.jpg\",\"articleSection\":[\"Uncategorized\"],\"inLanguage\":\"pt-PT\"},{\"@type\":\"WebPage\",\"@id\":\"http:\\\/\\\/obeirao.pt\\\/online\\\/2018\\\/09\\\/11\\\/voluntarios-reabilitam-casas-danificadas-pelos-incendios-de-2017-em-santa-comba-dao-e-tondela\\\/\",\"url\":\"http:\\\/\\\/obeirao.pt\\\/online\\\/2018\\\/09\\\/11\\\/voluntarios-reabilitam-casas-danificadas-pelos-incendios-de-2017-em-santa-comba-dao-e-tondela\\\/\",\"name\":\"VOLUNT\u00c1RIOS REABILITAM CASAS DANIFICADAS pelos inc\u00eandios de 2017 em Santa Comba D\u00e3o e Tondela - Beir\u00e3o Online\",\"isPartOf\":{\"@id\":\"http:\\\/\\\/obeirao.pt\\\/online\\\/#website\"},\"primaryImageOfPage\":{\"@id\":\"http:\\\/\\\/obeirao.pt\\\/online\\\/2018\\\/09\\\/11\\\/voluntarios-reabilitam-casas-danificadas-pelos-incendios-de-2017-em-santa-comba-dao-e-tondela\\\/#primaryimage\"},\"image\":{\"@id\":\"http:\\\/\\\/obeirao.pt\\\/online\\\/2018\\\/09\\\/11\\\/voluntarios-reabilitam-casas-danificadas-pelos-incendios-de-2017-em-santa-comba-dao-e-tondela\\\/#primaryimage\"},\"thumbnailUrl\":\"http:\\\/\\\/obeirao.pt\\\/online\\\/wp-content\\\/uploads\\\/2018\\\/09\\\/casas-2.jpg\",\"datePublished\":\"2018-09-11T18:17:52+00:00\",\"author\":{\"@id\":\"http:\\\/\\\/obeirao.pt\\\/online\\\/#\\\/schema\\\/person\\\/efac69bb5a33873e1c1bb9c1165ff38c\"},\"breadcrumb\":{\"@id\":\"http:\\\/\\\/obeirao.pt\\\/online\\\/2018\\\/09\\\/11\\\/voluntarios-reabilitam-casas-danificadas-pelos-incendios-de-2017-em-santa-comba-dao-e-tondela\\\/#breadcrumb\"},\"inLanguage\":\"pt-PT\",\"potentialAction\":[{\"@type\":\"ReadAction\",\"target\":[\"http:\\\/\\\/obeirao.pt\\\/online\\\/2018\\\/09\\\/11\\\/voluntarios-reabilitam-casas-danificadas-pelos-incendios-de-2017-em-santa-comba-dao-e-tondela\\\/\"]}]},{\"@type\":\"ImageObject\",\"inLanguage\":\"pt-PT\",\"@id\":\"http:\\\/\\\/obeirao.pt\\\/online\\\/2018\\\/09\\\/11\\\/voluntarios-reabilitam-casas-danificadas-pelos-incendios-de-2017-em-santa-comba-dao-e-tondela\\\/#primaryimage\",\"url\":\"http:\\\/\\\/obeirao.pt\\\/online\\\/wp-content\\\/uploads\\\/2018\\\/09\\\/casas-2.jpg\",\"contentUrl\":\"http:\\\/\\\/obeirao.pt\\\/online\\\/wp-content\\\/uploads\\\/2018\\\/09\\\/casas-2.jpg\",\"width\":1024,\"height\":597},{\"@type\":\"BreadcrumbList\",\"@id\":\"http:\\\/\\\/obeirao.pt\\\/online\\\/2018\\\/09\\\/11\\\/voluntarios-reabilitam-casas-danificadas-pelos-incendios-de-2017-em-santa-comba-dao-e-tondela\\\/#breadcrumb\",\"itemListElement\":[{\"@type\":\"ListItem\",\"position\":1,\"name\":\"Home\",\"item\":\"http:\\\/\\\/obeirao.pt\\\/online\\\/\"},{\"@type\":\"ListItem\",\"position\":2,\"name\":\"VOLUNT\u00c1RIOS REABILITAM CASAS DANIFICADAS pelos inc\u00eandios de 2017 em Santa Comba D\u00e3o e Tondela\"}]},{\"@type\":\"WebSite\",\"@id\":\"http:\\\/\\\/obeirao.pt\\\/online\\\/#website\",\"url\":\"http:\\\/\\\/obeirao.pt\\\/online\\\/\",\"name\":\"Beir\u00e3o Online\",\"description\":\"www.obeirao.pt\",\"potentialAction\":[{\"@type\":\"SearchAction\",\"target\":{\"@type\":\"EntryPoint\",\"urlTemplate\":\"http:\\\/\\\/obeirao.pt\\\/online\\\/?s={search_term_string}\"},\"query-input\":{\"@type\":\"PropertyValueSpecification\",\"valueRequired\":true,\"valueName\":\"search_term_string\"}}],\"inLanguage\":\"pt-PT\"},{\"@type\":\"Person\",\"@id\":\"http:\\\/\\\/obeirao.pt\\\/online\\\/#\\\/schema\\\/person\\\/efac69bb5a33873e1c1bb9c1165ff38c\",\"name\":\"Z\u00e9 Beir\u00e3o\",\"image\":{\"@type\":\"ImageObject\",\"inLanguage\":\"pt-PT\",\"@id\":\"http:\\\/\\\/0.gravatar.com\\\/avatar\\\/c8c44d1f9327baa4d27e9b1149cd71b3?s=96&d=mm&r=g\",\"url\":\"http:\\\/\\\/0.gravatar.com\\\/avatar\\\/c8c44d1f9327baa4d27e9b1149cd71b3?s=96&d=mm&r=g\",\"contentUrl\":\"http:\\\/\\\/0.gravatar.com\\\/avatar\\\/c8c44d1f9327baa4d27e9b1149cd71b3?s=96&d=mm&r=g\",\"caption\":\"Z\u00e9 Beir\u00e3o\"},\"url\":\"http:\\\/\\\/obeirao.pt\\\/online\\\/author\\\/zebeirao\\\/\"}]}<\/script>\n<!-- \/ Yoast SEO plugin. -->","yoast_head_json":{"title":"VOLUNT\u00c1RIOS REABILITAM CASAS DANIFICADAS pelos inc\u00eandios de 2017 em Santa Comba D\u00e3o e Tondela - Beir\u00e3o Online","robots":{"index":"index","follow":"follow","max-snippet":"max-snippet:-1","max-image-preview":"max-image-preview:large","max-video-preview":"max-video-preview:-1"},"canonical":"http:\/\/obeirao.pt\/online\/2018\/09\/11\/voluntarios-reabilitam-casas-danificadas-pelos-incendios-de-2017-em-santa-comba-dao-e-tondela\/","og_locale":"pt_PT","og_type":"article","og_title":"VOLUNT\u00c1RIOS REABILITAM CASAS DANIFICADAS pelos inc\u00eandios de 2017 em Santa Comba D\u00e3o e Tondela - Beir\u00e3o Online","og_description":"tempo de leitura: 2 minutosJ\u00e1 come\u00e7aram as obras de reabilita\u00e7\u00e3o de habita\u00e7\u00f5es afectadas pelos inc\u00eandios de 2017 em Santa Comba D\u00e3o e Tondela, ao abrigo do Protocolo de coopera\u00e7\u00e3o [...]","og_url":"http:\/\/obeirao.pt\/online\/2018\/09\/11\/voluntarios-reabilitam-casas-danificadas-pelos-incendios-de-2017-em-santa-comba-dao-e-tondela\/","og_site_name":"Beir\u00e3o Online","article_publisher":"https:\/\/pt-br.facebook.com\/pages\/Amigos-de-Tondela\/273620439973877","article_published_time":"2018-09-11T18:17:52+00:00","og_image":[{"width":1024,"height":597,"url":"http:\/\/obeirao.pt\/online\/wp-content\/uploads\/2018\/09\/casas-2.jpg","type":"image\/jpeg"}],"author":"Z\u00e9 Beir\u00e3o","twitter_card":"summary_large_image","twitter_creator":"@JoaquimDuarteP2","twitter_site":"@JoaquimDuarteP2","twitter_misc":{"Escrito por":"Z\u00e9 Beir\u00e3o","Tempo estimado de leitura":"2 minutos"},"schema":{"@context":"https:\/\/schema.org","@graph":[{"@type":"Article","@id":"http:\/\/obeirao.pt\/online\/2018\/09\/11\/voluntarios-reabilitam-casas-danificadas-pelos-incendios-de-2017-em-santa-comba-dao-e-tondela\/#article","isPartOf":{"@id":"http:\/\/obeirao.pt\/online\/2018\/09\/11\/voluntarios-reabilitam-casas-danificadas-pelos-incendios-de-2017-em-santa-comba-dao-e-tondela\/"},"author":{"name":"Z\u00e9 Beir\u00e3o","@id":"http:\/\/obeirao.pt\/online\/#\/schema\/person\/efac69bb5a33873e1c1bb9c1165ff38c"},"headline":"VOLUNT\u00c1RIOS REABILITAM CASAS DANIFICADAS pelos inc\u00eandios de 2017 em Santa Comba D\u00e3o e Tondela","datePublished":"2018-09-11T18:17:52+00:00","mainEntityOfPage":{"@id":"http:\/\/obeirao.pt\/online\/2018\/09\/11\/voluntarios-reabilitam-casas-danificadas-pelos-incendios-de-2017-em-santa-comba-dao-e-tondela\/"},"wordCount":386,"commentCount":0,"image":{"@id":"http:\/\/obeirao.pt\/online\/2018\/09\/11\/voluntarios-reabilitam-casas-danificadas-pelos-incendios-de-2017-em-santa-comba-dao-e-tondela\/#primaryimage"},"thumbnailUrl":"http:\/\/obeirao.pt\/online\/wp-content\/uploads\/2018\/09\/casas-2.jpg","articleSection":["Uncategorized"],"inLanguage":"pt-PT"},{"@type":"WebPage","@id":"http:\/\/obeirao.pt\/online\/2018\/09\/11\/voluntarios-reabilitam-casas-danificadas-pelos-incendios-de-2017-em-santa-comba-dao-e-tondela\/","url":"http:\/\/obeirao.pt\/online\/2018\/09\/11\/voluntarios-reabilitam-casas-danificadas-pelos-incendios-de-2017-em-santa-comba-dao-e-tondela\/","name":"VOLUNT\u00c1RIOS REABILITAM CASAS DANIFICADAS pelos inc\u00eandios de 2017 em Santa Comba D\u00e3o e Tondela - Beir\u00e3o Online","isPartOf":{"@id":"http:\/\/obeirao.pt\/online\/#website"},"primaryImageOfPage":{"@id":"http:\/\/obeirao.pt\/online\/2018\/09\/11\/voluntarios-reabilitam-casas-danificadas-pelos-incendios-de-2017-em-santa-comba-dao-e-tondela\/#primaryimage"},"image":{"@id":"http:\/\/obeirao.pt\/online\/2018\/09\/11\/voluntarios-reabilitam-casas-danificadas-pelos-incendios-de-2017-em-santa-comba-dao-e-tondela\/#primaryimage"},"thumbnailUrl":"http:\/\/obeirao.pt\/online\/wp-content\/uploads\/2018\/09\/casas-2.jpg","datePublished":"2018-09-11T18:17:52+00:00","author":{"@id":"http:\/\/obeirao.pt\/online\/#\/schema\/person\/efac69bb5a33873e1c1bb9c1165ff38c"},"breadcrumb":{"@id":"http:\/\/obeirao.pt\/online\/2018\/09\/11\/voluntarios-reabilitam-casas-danificadas-pelos-incendios-de-2017-em-santa-comba-dao-e-tondela\/#breadcrumb"},"inLanguage":"pt-PT","potentialAction":[{"@type":"ReadAction","target":["http:\/\/obeirao.pt\/online\/2018\/09\/11\/voluntarios-reabilitam-casas-danificadas-pelos-incendios-de-2017-em-santa-comba-dao-e-tondela\/"]}]},{"@type":"ImageObject","inLanguage":"pt-PT","@id":"http:\/\/obeirao.pt\/online\/2018\/09\/11\/voluntarios-reabilitam-casas-danificadas-pelos-incendios-de-2017-em-santa-comba-dao-e-tondela\/#primaryimage","url":"http:\/\/obeirao.pt\/online\/wp-content\/uploads\/2018\/09\/casas-2.jpg","contentUrl":"http:\/\/obeirao.pt\/online\/wp-content\/uploads\/2018\/09\/casas-2.jpg","width":1024,"height":597},{"@type":"BreadcrumbList","@id":"http:\/\/obeirao.pt\/online\/2018\/09\/11\/voluntarios-reabilitam-casas-danificadas-pelos-incendios-de-2017-em-santa-comba-dao-e-tondela\/#breadcrumb","itemListElement":[{"@type":"ListItem","position":1,"name":"Home","item":"http:\/\/obeirao.pt\/online\/"},{"@type":"ListItem","position":2,"name":"VOLUNT\u00c1RIOS REABILITAM CASAS DANIFICADAS pelos inc\u00eandios de 2017 em Santa Comba D\u00e3o e Tondela"}]},{"@type":"WebSite","@id":"http:\/\/obeirao.pt\/online\/#website","url":"http:\/\/obeirao.pt\/online\/","name":"Beir\u00e3o Online","description":"www.obeirao.pt","potentialAction":[{"@type":"SearchAction","target":{"@type":"EntryPoint","urlTemplate":"http:\/\/obeirao.pt\/online\/?s={search_term_string}"},"query-input":{"@type":"PropertyValueSpecification","valueRequired":true,"valueName":"search_term_string"}}],"inLanguage":"pt-PT"},{"@type":"Person","@id":"http:\/\/obeirao.pt\/online\/#\/schema\/person\/efac69bb5a33873e1c1bb9c1165ff38c","name":"Z\u00e9 Beir\u00e3o","image":{"@type":"ImageObject","inLanguage":"pt-PT","@id":"http:\/\/0.gravatar.com\/avatar\/c8c44d1f9327baa4d27e9b1149cd71b3?s=96&d=mm&r=g","url":"http:\/\/0.gravatar.com\/avatar\/c8c44d1f9327baa4d27e9b1149cd71b3?s=96&d=mm&r=g","contentUrl":"http:\/\/0.gravatar.com\/avatar\/c8c44d1f9327baa4d27e9b1149cd71b3?s=96&d=mm&r=g","caption":"Z\u00e9 Beir\u00e3o"},"url":"http:\/\/obeirao.pt\/online\/author\/zebeirao\/"}]}},"_links":{"self":[{"href":"http:\/\/obeirao.pt\/online\/wp-json\/wp\/v2\/posts\/1781"}],"collection":[{"href":"http:\/\/obeirao.pt\/online\/wp-json\/wp\/v2\/posts"}],"about":[{"href":"http:\/\/obeirao.pt\/online\/wp-json\/wp\/v2\/types\/post"}],"author":[{"embeddable":true,"href":"http:\/\/obeirao.pt\/online\/wp-json\/wp\/v2\/users\/2"}],"replies":[{"embeddable":true,"href":"http:\/\/obeirao.pt\/online\/wp-json\/wp\/v2\/comments?post=1781"}],"version-history":[{"count":1,"href":"http:\/\/obeirao.pt\/online\/wp-json\/wp\/v2\/posts\/1781\/revisions"}],"predecessor-version":[{"id":1784,"href":"http:\/\/obeirao.pt\/online\/wp-json\/wp\/v2\/posts\/1781\/revisions\/1784"}],"wp:featuredmedia":[{"embeddable":true,"href":"http:\/\/obeirao.pt\/online\/wp-json\/wp\/v2\/media\/1782"}],"wp:attachment":[{"href":"http:\/\/obeirao.pt\/online\/wp-json\/wp\/v2\/media?parent=1781"}],"wp:term":[{"taxonomy":"category","embeddable":true,"href":"http:\/\/obeirao.pt\/online\/wp-json\/wp\/v2\/categories?post=1781"},{"taxonomy":"post_tag","embeddable":true,"href":"http:\/\/obeirao.pt\/online\/wp-json\/wp\/v2\/tags?post=1781"}],"curies":[{"name":"wp","href":"https:\/\/api.w.org\/{rel}","templated":true}]}}