{"id":1827,"date":"2018-09-28T15:18:38","date_gmt":"2018-09-28T14:18:38","guid":{"rendered":"http:\/\/obeirao.pt\/online\/?p=1827"},"modified":"2018-09-28T15:22:21","modified_gmt":"2018-09-28T14:22:21","slug":"escolha-do-consumidor-viseu-vencedor-em-7-das-30-categorias","status":"publish","type":"post","link":"http:\/\/obeirao.pt\/online\/2018\/09\/28\/escolha-do-consumidor-viseu-vencedor-em-7-das-30-categorias\/","title":{"rendered":"ESCOLHA DO CONSUMIDOR: Viseu vencedor em 7 das 30 categorias"},"content":{"rendered":"<span class=\"span-reading-time rt-reading-time\" style=\"display: block;\"><span class=\"rt-label rt-prefix\">tempo de leitura:<\/span> <span class=\"rt-time\"> 2<\/span> <span class=\"rt-label rt-postfix\">minutos<\/span><\/span><p><span style=\"font-size: 24pt\"><strong><img loading=\"lazy\" decoding=\"async\" class=\"alignnone size-medium wp-image-1828 alignleft\" src=\"http:\/\/obeirao.pt\/online\/wp-content\/uploads\/2018\/09\/almeida-e-sobrado-300x225.jpg\" alt=\"\" width=\"300\" height=\"225\" srcset=\"http:\/\/obeirao.pt\/online\/wp-content\/uploads\/2018\/09\/almeida-e-sobrado-300x225.jpg 300w, http:\/\/obeirao.pt\/online\/wp-content\/uploads\/2018\/09\/almeida-e-sobrado.jpg 640w\" sizes=\"(max-width: 300px) 100vw, 300px\" \/><\/strong><\/span><span style=\"font-family: georgia,palatino,serif;font-size: 14pt\"><span style=\"color: #000000\"><strong><em>Viseu esteve em 25 de Setembro, no centro das aten\u00e7\u00f5es na apresenta\u00e7\u00e3o p\u00fablica do estudo da associa\u00e7\u00e3o Escolha do Consumidor, no qual o Munic\u00edpio foi considerado o melhor em 7 das 30 categorias objecto de an\u00e1lise.<\/em><\/strong><\/span><!--more--><\/span><\/p>\n<p><span style=\"color: #000000;font-family: georgia,palatino,serif;font-size: 14pt\">A sess\u00e3o decorreu a bordo de uma embarca\u00e7\u00e3o de cruzeiro no terminal de Lisboa.<\/span><\/p>\n<p><span style=\"color: #000000;font-family: georgia,palatino,serif;font-size: 14pt\">Ficando globalmente apenas atr\u00e1s de Lisboa e Porto, \u00e9 o segundo concelho com maior n\u00famero de categorias em que sai vencedora: melhor cidade para ser feliz; melhor cidade para ter qualidade de vida; melhor cidade para ser mais saud\u00e1vel; melhor cidade para sentir mais seguran\u00e7a; melhor cidade para comprar casa; melhor cidade em limpeza do espa\u00e7o p\u00fablico; e melhor cidade para idosos.<\/span><\/p>\n<p><span style=\"color: #000000;font-family: georgia,palatino,serif;font-size: 14pt\">A sess\u00e3o serviu para apresentar as conclus\u00f5es gerais do estudo, no qual foram auscultados mais de um milhar de consumidores, mas tamb\u00e9m para apresenta\u00e7\u00e3o Viseu enquanto um caso de sucesso na promo\u00e7\u00e3o da qualidade de vida.<\/span><\/p>\n<p><span style=\"color: #000000;font-family: georgia,palatino,serif;font-size: 14pt\"><em>\u201cA primeira coisa e a mais honesta que posso dizer \u00e9 que esta distin\u00e7\u00e3o n\u00e3o nos surpreende\u201d,<\/em> confessou o presidente da C\u00e2mara Municipal de Viseu, Almeida Henriques, que perante uma plateia de autarcas e respons\u00e1veis de diversas entidades, explicou o programa modernizador da sociedade e do territ\u00f3rio, colocado em marcha em 2013 e <em>\u201cassente nas pessoas e na prioridade suprema da felicidade e qualidade de vida\u201d.\u00b4<\/em><\/span><\/p>\n<p><span style=\"color: #000000;font-family: georgia,palatino,serif;font-size: 14pt\">Almeida Henriques garantiu que <em>\u201cViseu quer refor\u00e7ar a sua condi\u00e7\u00e3o de \u2018Melhor Cidade para Viver\u2019 e o seu estatuto de<\/em> destino de investimento e de turismo de excel\u00eancia\u201d.<\/span><\/p>\n<p><span style=\"color: #000000;font-family: georgia,palatino,serif;font-size: 14pt\"><em>\u201cEstamos comprometidos com esta ambi\u00e7\u00e3o, sem nunca perder de vista as ra\u00edzes e aqueles para quem todos os dias trabalhamos: os viseenses\u201d,<\/em> concluiu.<\/span><\/p>\n<p>&nbsp;<\/p>\n","protected":false},"excerpt":{"rendered":"<div class=\"mh-excerpt\"><span class=\"span-reading-time rt-reading-time\" style=\"display: block;\"><span class=\"rt-label rt-prefix\">tempo de leitura:<\/span> <span class=\"rt-time\"> 2<\/span> <span class=\"rt-label rt-postfix\">minutos<\/span><\/span>Viseu esteve em 25 de Setembro, no centro das aten\u00e7\u00f5es na apresenta\u00e7\u00e3o p\u00fablica do estudo da associa\u00e7\u00e3o Escolha do Consumidor, no qual o Munic\u00edpio foi <a class=\"mh-excerpt-more\" href=\"http:\/\/obeirao.pt\/online\/2018\/09\/28\/escolha-do-consumidor-viseu-vencedor-em-7-das-30-categorias\/\" title=\"ESCOLHA DO CONSUMIDOR: Viseu vencedor em 7 das 30 categorias\">[&#8230;]<\/a><\/div>\n","protected":false},"author":2,"featured_media":1828,"comment_status":"open","ping_status":"open","sticky":false,"template":"","format":"standard","meta":{"footnotes":""},"categories":[2,6,4],"tags":[],"class_list":["post-1827","post","type-post","status-publish","format-standard","has-post-thumbnail","hentry","category-principal","category-pais","category-regiao"],"yoast_head":"<!-- This site is optimized with the Yoast SEO plugin v27.4 - https:\/\/yoast.com\/product\/yoast-seo-wordpress\/ -->\n<title>ESCOLHA DO CONSUMIDOR: Viseu vencedor em 7 das 30 categorias - Beir\u00e3o Online<\/title>\n<meta name=\"robots\" content=\"index, follow, max-snippet:-1, max-image-preview:large, max-video-preview:-1\" \/>\n<link rel=\"canonical\" href=\"http:\/\/obeirao.pt\/online\/2018\/09\/28\/escolha-do-consumidor-viseu-vencedor-em-7-das-30-categorias\/\" \/>\n<meta property=\"og:locale\" content=\"pt_PT\" \/>\n<meta property=\"og:type\" content=\"article\" \/>\n<meta property=\"og:title\" content=\"ESCOLHA DO CONSUMIDOR: Viseu vencedor em 7 das 30 categorias - Beir\u00e3o Online\" \/>\n<meta property=\"og:description\" content=\"tempo de leitura: 2 minutosViseu esteve em 25 de Setembro, no centro das aten\u00e7\u00f5es na apresenta\u00e7\u00e3o p\u00fablica do estudo da associa\u00e7\u00e3o Escolha do Consumidor, no qual o Munic\u00edpio foi [...]\" \/>\n<meta property=\"og:url\" content=\"http:\/\/obeirao.pt\/online\/2018\/09\/28\/escolha-do-consumidor-viseu-vencedor-em-7-das-30-categorias\/\" \/>\n<meta property=\"og:site_name\" content=\"Beir\u00e3o Online\" \/>\n<meta property=\"article:publisher\" content=\"https:\/\/pt-br.facebook.com\/pages\/Amigos-de-Tondela\/273620439973877\" \/>\n<meta property=\"article:published_time\" content=\"2018-09-28T14:18:38+00:00\" \/>\n<meta property=\"article:modified_time\" content=\"2018-09-28T14:22:21+00:00\" \/>\n<meta property=\"og:image\" content=\"http:\/\/obeirao.pt\/online\/wp-content\/uploads\/2018\/09\/almeida-e-sobrado.jpg\" \/>\n\t<meta property=\"og:image:width\" content=\"640\" \/>\n\t<meta property=\"og:image:height\" content=\"480\" \/>\n\t<meta property=\"og:image:type\" content=\"image\/jpeg\" \/>\n<meta name=\"author\" content=\"Z\u00e9 Beir\u00e3o\" \/>\n<meta name=\"twitter:card\" content=\"summary_large_image\" \/>\n<meta name=\"twitter:creator\" content=\"@JoaquimDuarteP2\" \/>\n<meta name=\"twitter:site\" content=\"@JoaquimDuarteP2\" \/>\n<meta name=\"twitter:label1\" content=\"Escrito por\" \/>\n\t<meta name=\"twitter:data1\" content=\"Z\u00e9 Beir\u00e3o\" \/>\n\t<meta name=\"twitter:label2\" content=\"Tempo estimado de leitura\" \/>\n\t<meta name=\"twitter:data2\" content=\"1 minuto\" \/>\n<script type=\"application\/ld+json\" class=\"yoast-schema-graph\">{\"@context\":\"https:\\\/\\\/schema.org\",\"@graph\":[{\"@type\":\"Article\",\"@id\":\"http:\\\/\\\/obeirao.pt\\\/online\\\/2018\\\/09\\\/28\\\/escolha-do-consumidor-viseu-vencedor-em-7-das-30-categorias\\\/#article\",\"isPartOf\":{\"@id\":\"http:\\\/\\\/obeirao.pt\\\/online\\\/2018\\\/09\\\/28\\\/escolha-do-consumidor-viseu-vencedor-em-7-das-30-categorias\\\/\"},\"author\":{\"name\":\"Z\u00e9 Beir\u00e3o\",\"@id\":\"http:\\\/\\\/obeirao.pt\\\/online\\\/#\\\/schema\\\/person\\\/efac69bb5a33873e1c1bb9c1165ff38c\"},\"headline\":\"ESCOLHA DO CONSUMIDOR: Viseu vencedor em 7 das 30 categorias\",\"datePublished\":\"2018-09-28T14:18:38+00:00\",\"dateModified\":\"2018-09-28T14:22:21+00:00\",\"mainEntityOfPage\":{\"@id\":\"http:\\\/\\\/obeirao.pt\\\/online\\\/2018\\\/09\\\/28\\\/escolha-do-consumidor-viseu-vencedor-em-7-das-30-categorias\\\/\"},\"wordCount\":297,\"commentCount\":0,\"image\":{\"@id\":\"http:\\\/\\\/obeirao.pt\\\/online\\\/2018\\\/09\\\/28\\\/escolha-do-consumidor-viseu-vencedor-em-7-das-30-categorias\\\/#primaryimage\"},\"thumbnailUrl\":\"http:\\\/\\\/obeirao.pt\\\/online\\\/wp-content\\\/uploads\\\/2018\\\/09\\\/almeida-e-sobrado.jpg\",\"articleSection\":[\"_Principal\",\"Pa\u00eds\",\"Regi\u00e3o\"],\"inLanguage\":\"pt-PT\"},{\"@type\":\"WebPage\",\"@id\":\"http:\\\/\\\/obeirao.pt\\\/online\\\/2018\\\/09\\\/28\\\/escolha-do-consumidor-viseu-vencedor-em-7-das-30-categorias\\\/\",\"url\":\"http:\\\/\\\/obeirao.pt\\\/online\\\/2018\\\/09\\\/28\\\/escolha-do-consumidor-viseu-vencedor-em-7-das-30-categorias\\\/\",\"name\":\"ESCOLHA DO CONSUMIDOR: Viseu vencedor em 7 das 30 categorias - Beir\u00e3o Online\",\"isPartOf\":{\"@id\":\"http:\\\/\\\/obeirao.pt\\\/online\\\/#website\"},\"primaryImageOfPage\":{\"@id\":\"http:\\\/\\\/obeirao.pt\\\/online\\\/2018\\\/09\\\/28\\\/escolha-do-consumidor-viseu-vencedor-em-7-das-30-categorias\\\/#primaryimage\"},\"image\":{\"@id\":\"http:\\\/\\\/obeirao.pt\\\/online\\\/2018\\\/09\\\/28\\\/escolha-do-consumidor-viseu-vencedor-em-7-das-30-categorias\\\/#primaryimage\"},\"thumbnailUrl\":\"http:\\\/\\\/obeirao.pt\\\/online\\\/wp-content\\\/uploads\\\/2018\\\/09\\\/almeida-e-sobrado.jpg\",\"datePublished\":\"2018-09-28T14:18:38+00:00\",\"dateModified\":\"2018-09-28T14:22:21+00:00\",\"author\":{\"@id\":\"http:\\\/\\\/obeirao.pt\\\/online\\\/#\\\/schema\\\/person\\\/efac69bb5a33873e1c1bb9c1165ff38c\"},\"breadcrumb\":{\"@id\":\"http:\\\/\\\/obeirao.pt\\\/online\\\/2018\\\/09\\\/28\\\/escolha-do-consumidor-viseu-vencedor-em-7-das-30-categorias\\\/#breadcrumb\"},\"inLanguage\":\"pt-PT\",\"potentialAction\":[{\"@type\":\"ReadAction\",\"target\":[\"http:\\\/\\\/obeirao.pt\\\/online\\\/2018\\\/09\\\/28\\\/escolha-do-consumidor-viseu-vencedor-em-7-das-30-categorias\\\/\"]}]},{\"@type\":\"ImageObject\",\"inLanguage\":\"pt-PT\",\"@id\":\"http:\\\/\\\/obeirao.pt\\\/online\\\/2018\\\/09\\\/28\\\/escolha-do-consumidor-viseu-vencedor-em-7-das-30-categorias\\\/#primaryimage\",\"url\":\"http:\\\/\\\/obeirao.pt\\\/online\\\/wp-content\\\/uploads\\\/2018\\\/09\\\/almeida-e-sobrado.jpg\",\"contentUrl\":\"http:\\\/\\\/obeirao.pt\\\/online\\\/wp-content\\\/uploads\\\/2018\\\/09\\\/almeida-e-sobrado.jpg\",\"width\":640,\"height\":480},{\"@type\":\"BreadcrumbList\",\"@id\":\"http:\\\/\\\/obeirao.pt\\\/online\\\/2018\\\/09\\\/28\\\/escolha-do-consumidor-viseu-vencedor-em-7-das-30-categorias\\\/#breadcrumb\",\"itemListElement\":[{\"@type\":\"ListItem\",\"position\":1,\"name\":\"Home\",\"item\":\"http:\\\/\\\/obeirao.pt\\\/online\\\/\"},{\"@type\":\"ListItem\",\"position\":2,\"name\":\"ESCOLHA DO CONSUMIDOR: Viseu vencedor em 7 das 30 categorias\"}]},{\"@type\":\"WebSite\",\"@id\":\"http:\\\/\\\/obeirao.pt\\\/online\\\/#website\",\"url\":\"http:\\\/\\\/obeirao.pt\\\/online\\\/\",\"name\":\"Beir\u00e3o Online\",\"description\":\"www.obeirao.pt\",\"potentialAction\":[{\"@type\":\"SearchAction\",\"target\":{\"@type\":\"EntryPoint\",\"urlTemplate\":\"http:\\\/\\\/obeirao.pt\\\/online\\\/?s={search_term_string}\"},\"query-input\":{\"@type\":\"PropertyValueSpecification\",\"valueRequired\":true,\"valueName\":\"search_term_string\"}}],\"inLanguage\":\"pt-PT\"},{\"@type\":\"Person\",\"@id\":\"http:\\\/\\\/obeirao.pt\\\/online\\\/#\\\/schema\\\/person\\\/efac69bb5a33873e1c1bb9c1165ff38c\",\"name\":\"Z\u00e9 Beir\u00e3o\",\"image\":{\"@type\":\"ImageObject\",\"inLanguage\":\"pt-PT\",\"@id\":\"http:\\\/\\\/0.gravatar.com\\\/avatar\\\/c8c44d1f9327baa4d27e9b1149cd71b3?s=96&d=mm&r=g\",\"url\":\"http:\\\/\\\/0.gravatar.com\\\/avatar\\\/c8c44d1f9327baa4d27e9b1149cd71b3?s=96&d=mm&r=g\",\"contentUrl\":\"http:\\\/\\\/0.gravatar.com\\\/avatar\\\/c8c44d1f9327baa4d27e9b1149cd71b3?s=96&d=mm&r=g\",\"caption\":\"Z\u00e9 Beir\u00e3o\"},\"url\":\"http:\\\/\\\/obeirao.pt\\\/online\\\/author\\\/zebeirao\\\/\"}]}<\/script>\n<!-- \/ Yoast SEO plugin. -->","yoast_head_json":{"title":"ESCOLHA DO CONSUMIDOR: Viseu vencedor em 7 das 30 categorias - Beir\u00e3o Online","robots":{"index":"index","follow":"follow","max-snippet":"max-snippet:-1","max-image-preview":"max-image-preview:large","max-video-preview":"max-video-preview:-1"},"canonical":"http:\/\/obeirao.pt\/online\/2018\/09\/28\/escolha-do-consumidor-viseu-vencedor-em-7-das-30-categorias\/","og_locale":"pt_PT","og_type":"article","og_title":"ESCOLHA DO CONSUMIDOR: Viseu vencedor em 7 das 30 categorias - Beir\u00e3o Online","og_description":"tempo de leitura: 2 minutosViseu esteve em 25 de Setembro, no centro das aten\u00e7\u00f5es na apresenta\u00e7\u00e3o p\u00fablica do estudo da associa\u00e7\u00e3o Escolha do Consumidor, no qual o Munic\u00edpio foi [...]","og_url":"http:\/\/obeirao.pt\/online\/2018\/09\/28\/escolha-do-consumidor-viseu-vencedor-em-7-das-30-categorias\/","og_site_name":"Beir\u00e3o Online","article_publisher":"https:\/\/pt-br.facebook.com\/pages\/Amigos-de-Tondela\/273620439973877","article_published_time":"2018-09-28T14:18:38+00:00","article_modified_time":"2018-09-28T14:22:21+00:00","og_image":[{"width":640,"height":480,"url":"http:\/\/obeirao.pt\/online\/wp-content\/uploads\/2018\/09\/almeida-e-sobrado.jpg","type":"image\/jpeg"}],"author":"Z\u00e9 Beir\u00e3o","twitter_card":"summary_large_image","twitter_creator":"@JoaquimDuarteP2","twitter_site":"@JoaquimDuarteP2","twitter_misc":{"Escrito por":"Z\u00e9 Beir\u00e3o","Tempo estimado de leitura":"1 minuto"},"schema":{"@context":"https:\/\/schema.org","@graph":[{"@type":"Article","@id":"http:\/\/obeirao.pt\/online\/2018\/09\/28\/escolha-do-consumidor-viseu-vencedor-em-7-das-30-categorias\/#article","isPartOf":{"@id":"http:\/\/obeirao.pt\/online\/2018\/09\/28\/escolha-do-consumidor-viseu-vencedor-em-7-das-30-categorias\/"},"author":{"name":"Z\u00e9 Beir\u00e3o","@id":"http:\/\/obeirao.pt\/online\/#\/schema\/person\/efac69bb5a33873e1c1bb9c1165ff38c"},"headline":"ESCOLHA DO CONSUMIDOR: Viseu vencedor em 7 das 30 categorias","datePublished":"2018-09-28T14:18:38+00:00","dateModified":"2018-09-28T14:22:21+00:00","mainEntityOfPage":{"@id":"http:\/\/obeirao.pt\/online\/2018\/09\/28\/escolha-do-consumidor-viseu-vencedor-em-7-das-30-categorias\/"},"wordCount":297,"commentCount":0,"image":{"@id":"http:\/\/obeirao.pt\/online\/2018\/09\/28\/escolha-do-consumidor-viseu-vencedor-em-7-das-30-categorias\/#primaryimage"},"thumbnailUrl":"http:\/\/obeirao.pt\/online\/wp-content\/uploads\/2018\/09\/almeida-e-sobrado.jpg","articleSection":["_Principal","Pa\u00eds","Regi\u00e3o"],"inLanguage":"pt-PT"},{"@type":"WebPage","@id":"http:\/\/obeirao.pt\/online\/2018\/09\/28\/escolha-do-consumidor-viseu-vencedor-em-7-das-30-categorias\/","url":"http:\/\/obeirao.pt\/online\/2018\/09\/28\/escolha-do-consumidor-viseu-vencedor-em-7-das-30-categorias\/","name":"ESCOLHA DO CONSUMIDOR: Viseu vencedor em 7 das 30 categorias - Beir\u00e3o Online","isPartOf":{"@id":"http:\/\/obeirao.pt\/online\/#website"},"primaryImageOfPage":{"@id":"http:\/\/obeirao.pt\/online\/2018\/09\/28\/escolha-do-consumidor-viseu-vencedor-em-7-das-30-categorias\/#primaryimage"},"image":{"@id":"http:\/\/obeirao.pt\/online\/2018\/09\/28\/escolha-do-consumidor-viseu-vencedor-em-7-das-30-categorias\/#primaryimage"},"thumbnailUrl":"http:\/\/obeirao.pt\/online\/wp-content\/uploads\/2018\/09\/almeida-e-sobrado.jpg","datePublished":"2018-09-28T14:18:38+00:00","dateModified":"2018-09-28T14:22:21+00:00","author":{"@id":"http:\/\/obeirao.pt\/online\/#\/schema\/person\/efac69bb5a33873e1c1bb9c1165ff38c"},"breadcrumb":{"@id":"http:\/\/obeirao.pt\/online\/2018\/09\/28\/escolha-do-consumidor-viseu-vencedor-em-7-das-30-categorias\/#breadcrumb"},"inLanguage":"pt-PT","potentialAction":[{"@type":"ReadAction","target":["http:\/\/obeirao.pt\/online\/2018\/09\/28\/escolha-do-consumidor-viseu-vencedor-em-7-das-30-categorias\/"]}]},{"@type":"ImageObject","inLanguage":"pt-PT","@id":"http:\/\/obeirao.pt\/online\/2018\/09\/28\/escolha-do-consumidor-viseu-vencedor-em-7-das-30-categorias\/#primaryimage","url":"http:\/\/obeirao.pt\/online\/wp-content\/uploads\/2018\/09\/almeida-e-sobrado.jpg","contentUrl":"http:\/\/obeirao.pt\/online\/wp-content\/uploads\/2018\/09\/almeida-e-sobrado.jpg","width":640,"height":480},{"@type":"BreadcrumbList","@id":"http:\/\/obeirao.pt\/online\/2018\/09\/28\/escolha-do-consumidor-viseu-vencedor-em-7-das-30-categorias\/#breadcrumb","itemListElement":[{"@type":"ListItem","position":1,"name":"Home","item":"http:\/\/obeirao.pt\/online\/"},{"@type":"ListItem","position":2,"name":"ESCOLHA DO CONSUMIDOR: Viseu vencedor em 7 das 30 categorias"}]},{"@type":"WebSite","@id":"http:\/\/obeirao.pt\/online\/#website","url":"http:\/\/obeirao.pt\/online\/","name":"Beir\u00e3o Online","description":"www.obeirao.pt","potentialAction":[{"@type":"SearchAction","target":{"@type":"EntryPoint","urlTemplate":"http:\/\/obeirao.pt\/online\/?s={search_term_string}"},"query-input":{"@type":"PropertyValueSpecification","valueRequired":true,"valueName":"search_term_string"}}],"inLanguage":"pt-PT"},{"@type":"Person","@id":"http:\/\/obeirao.pt\/online\/#\/schema\/person\/efac69bb5a33873e1c1bb9c1165ff38c","name":"Z\u00e9 Beir\u00e3o","image":{"@type":"ImageObject","inLanguage":"pt-PT","@id":"http:\/\/0.gravatar.com\/avatar\/c8c44d1f9327baa4d27e9b1149cd71b3?s=96&d=mm&r=g","url":"http:\/\/0.gravatar.com\/avatar\/c8c44d1f9327baa4d27e9b1149cd71b3?s=96&d=mm&r=g","contentUrl":"http:\/\/0.gravatar.com\/avatar\/c8c44d1f9327baa4d27e9b1149cd71b3?s=96&d=mm&r=g","caption":"Z\u00e9 Beir\u00e3o"},"url":"http:\/\/obeirao.pt\/online\/author\/zebeirao\/"}]}},"_links":{"self":[{"href":"http:\/\/obeirao.pt\/online\/wp-json\/wp\/v2\/posts\/1827"}],"collection":[{"href":"http:\/\/obeirao.pt\/online\/wp-json\/wp\/v2\/posts"}],"about":[{"href":"http:\/\/obeirao.pt\/online\/wp-json\/wp\/v2\/types\/post"}],"author":[{"embeddable":true,"href":"http:\/\/obeirao.pt\/online\/wp-json\/wp\/v2\/users\/2"}],"replies":[{"embeddable":true,"href":"http:\/\/obeirao.pt\/online\/wp-json\/wp\/v2\/comments?post=1827"}],"version-history":[{"count":1,"href":"http:\/\/obeirao.pt\/online\/wp-json\/wp\/v2\/posts\/1827\/revisions"}],"predecessor-version":[{"id":1829,"href":"http:\/\/obeirao.pt\/online\/wp-json\/wp\/v2\/posts\/1827\/revisions\/1829"}],"wp:featuredmedia":[{"embeddable":true,"href":"http:\/\/obeirao.pt\/online\/wp-json\/wp\/v2\/media\/1828"}],"wp:attachment":[{"href":"http:\/\/obeirao.pt\/online\/wp-json\/wp\/v2\/media?parent=1827"}],"wp:term":[{"taxonomy":"category","embeddable":true,"href":"http:\/\/obeirao.pt\/online\/wp-json\/wp\/v2\/categories?post=1827"},{"taxonomy":"post_tag","embeddable":true,"href":"http:\/\/obeirao.pt\/online\/wp-json\/wp\/v2\/tags?post=1827"}],"curies":[{"name":"wp","href":"https:\/\/api.w.org\/{rel}","templated":true}]}}