{"id":2015,"date":"2018-10-29T15:09:47","date_gmt":"2018-10-29T15:09:47","guid":{"rendered":"http:\/\/obeirao.pt\/online\/?p=2015"},"modified":"2018-10-29T15:53:15","modified_gmt":"2018-10-29T15:53:15","slug":"nova-c-omissao-politica-do-psd-de-tondela-tomou-posse-com-a-presenca-de-fernando-negrao","status":"publish","type":"post","link":"http:\/\/obeirao.pt\/online\/2018\/10\/29\/nova-c-omissao-politica-do-psd-de-tondela-tomou-posse-com-a-presenca-de-fernando-negrao\/","title":{"rendered":"NOVA COMISS\u00c3O POL\u00cdTICA DO PSD DE TONDELA tomou posse com a presen\u00e7a de Fernando Negr\u00e3o"},"content":{"rendered":"<span class=\"span-reading-time rt-reading-time\" style=\"display: block;\"><span class=\"rt-label rt-prefix\">tempo de leitura:<\/span> <span class=\"rt-time\"> 3<\/span> <span class=\"rt-label rt-postfix\">minutos<\/span><\/span><p><span style=\"font-size: 24pt\"><strong><img loading=\"lazy\" decoding=\"async\" class=\"alignnone size-medium wp-image-2014 alignleft\" src=\"http:\/\/obeirao.pt\/online\/wp-content\/uploads\/2018\/10\/psd-geral-300x144.jpg\" alt=\"\" width=\"300\" height=\"144\" srcset=\"http:\/\/obeirao.pt\/online\/wp-content\/uploads\/2018\/10\/psd-geral-300x144.jpg 300w, http:\/\/obeirao.pt\/online\/wp-content\/uploads\/2018\/10\/psd-geral-768x368.jpg 768w, http:\/\/obeirao.pt\/online\/wp-content\/uploads\/2018\/10\/psd-geral.jpg 940w\" sizes=\"(max-width: 300px) 100vw, 300px\" \/><\/strong><\/span><span style=\"font-family: georgia,palatino,serif;font-size: 14pt\"><strong><em>Tomaram posse, na passada sexta-feira, dia 26 de Outubro, os novos \u00f3rg\u00e3os concelhios do PSD de Tondela, num ambiente de verdadeira euforia, com Jo\u00e3o Carlos Figueiredo a assumir a presid\u00eancia.<\/em><\/strong><\/span><!--more--><\/p>\n<p><span style=\"font-family: georgia,palatino,serif;font-size: 12pt\"><img loading=\"lazy\" decoding=\"async\" class=\"alignnone size-medium wp-image-2018 alignright\" src=\"http:\/\/obeirao.pt\/online\/wp-content\/uploads\/2018\/10\/Jo\u00e3o-Carlos-Figueiredo-300x163.jpg\" alt=\"\" width=\"300\" height=\"163\" srcset=\"http:\/\/obeirao.pt\/online\/wp-content\/uploads\/2018\/10\/Jo\u00e3o-Carlos-Figueiredo-300x163.jpg 300w, http:\/\/obeirao.pt\/online\/wp-content\/uploads\/2018\/10\/Jo\u00e3o-Carlos-Figueiredo-768x416.jpg 768w, http:\/\/obeirao.pt\/online\/wp-content\/uploads\/2018\/10\/Jo\u00e3o-Carlos-Figueiredo.jpg 1024w\" sizes=\"(max-width: 300px) 100vw, 300px\" \/>A cerim\u00f3nia\/jantar,\u00a0que se realizou na Quinta do Vale Minhoto, em Tondela, contou com as presen\u00e7as de Fernando Negr\u00e3o, l\u00edder parlamentar do PSD na Assembleia da Rep\u00fablica, do deputado do PSD Ant\u00f3nio Leit\u00e3o Amaro, de Fernando Ruas, antigo autarca de Viseu e actualmente eurodeputado, assim como do presidente da C\u00e2mara Municipal de Tondela, Jos\u00e9 Ant\u00f3nio de Jesus, para al\u00e9m de Rui Melo, da Comiss\u00e3o Pol\u00edtica Distrital do PSD de Viseu.<\/span><\/p>\n<p><span style=\"font-family: georgia,palatino,serif;font-size: 12pt\">Na presen\u00e7a de cerca de 2 centenas e meia de militantes e simpatizantes do PSD, Fernando Negr\u00e3o real\u00e7ou que <em>\u201co PSD tem sido uma li\u00e7\u00e3o para o pa\u00eds e \u00e9 um partido que tem estado atento a todos os problemas, n\u00e3o caindo nas facilidades do PS\u201d<\/em>.<\/span><\/p>\n<p><span style=\"color: #0000ff;font-family: georgia,palatino,serif;font-size: 18pt;background-color: #ffff99\"><strong><em><img loading=\"lazy\" decoding=\"async\" class=\"alignnone size-medium wp-image-2020 alignleft\" src=\"http:\/\/obeirao.pt\/online\/wp-content\/uploads\/2018\/10\/PSD-de-Tondela-toma-posse-1.jpg\" alt=\"\" width=\"1\" height=\"1\" \/><img loading=\"lazy\" decoding=\"async\" class=\"alignnone size-medium wp-image-2024 alignleft\" src=\"http:\/\/obeirao.pt\/online\/wp-content\/uploads\/2018\/10\/PSD-emposse-nova-comiss\u00e3o-pol\u00edtica-300x141.jpg\" alt=\"\" width=\"300\" height=\"141\" srcset=\"http:\/\/obeirao.pt\/online\/wp-content\/uploads\/2018\/10\/PSD-emposse-nova-comiss\u00e3o-pol\u00edtica-300x141.jpg 300w, http:\/\/obeirao.pt\/online\/wp-content\/uploads\/2018\/10\/PSD-emposse-nova-comiss\u00e3o-pol\u00edtica-768x362.jpg 768w, http:\/\/obeirao.pt\/online\/wp-content\/uploads\/2018\/10\/PSD-emposse-nova-comiss\u00e3o-pol\u00edtica.jpg 1024w\" sizes=\"(max-width: 300px) 100vw, 300px\" \/>\u201c\u00c9 tempo de di\u00e1logo franco e aberto\u201d<\/em><\/strong><\/span><\/p>\n<p><span style=\"font-family: georgia,palatino,serif;font-size: 12pt\">O l\u00edder parlamentar do PSD na Assembleia da Rep\u00fablica aproveitou ainda a ocasi\u00e3o para tecer duras cr\u00edticas ao primeiro-ministro, acusando Ant\u00f3nio Costa de <em>\u201cmentir e baralhar<\/em>\u201d os portugueses, aludindo aos casos de Tancos e do INFARMED. Fernando Negr\u00e3o deixou igualmente um apelo ao novo l\u00edder concelhio do PSD\/Tondela afirmando que <em>\u201c\u00e9 nas vit\u00f3rias que se deve unir as pessoas\u201d e que \u201co PSD ter\u00e1 futuro somando\u201d.<\/em><\/span><\/p>\n<p><span style=\"font-family: georgia,palatino,serif;font-size: 12pt\">J\u00e1 o presidente da nova Comiss\u00e3o Pol\u00edtica do PSD\/Tondela, Jo\u00e3o Carlos Figueiredo, referiu no seu discurso que <em>\u201c\u00e9 o tempo do di\u00e1logo franco e aberto\u201d,<\/em> enaltecendo a qualidade dos elementos que fazem parte da sua equipa, considerando-os <em>\u201cpessoas com provas dadas nas mais diversas \u00e1reas\u201d,<\/em> garantindo pretender \u201c<em>construir um projecto com a participa\u00e7\u00e3o de todos\u201d.<\/em><\/span><\/p>\n<p><span style=\"font-family: georgia,palatino,serif;font-size: 12pt\">As elei\u00e7\u00f5es para os novos \u00f3rg\u00e3os da Comiss\u00e3o Politica e Mesa de Assembleia de sec\u00e7\u00e3o do PPD\/PSD de Tondela realizaram-se no passado dia 15 de Setembro.<\/span><\/p>\n<p><span style=\"color: #0000ff;font-family: georgia,palatino,serif;font-size: 18pt;background-color: #ffff99\"><strong><em>\u201cAcreditar sempre\u201d<\/em><\/strong><\/span><\/p>\n<p><span style=\"font-family: georgia,palatino,serif;font-size: 12pt\">Jo\u00e3o Carlos Figueiredo, com o \u201cslogan\u201d de candidatura \u201cACREDITAR SEMPRE\u201d, liderou a \u00fanica lista candidata e sufragada pelos militantes do PPD\/PSD ao \u00f3rg\u00e3o executivo, sendo a Mesa encabe\u00e7ada por Ant\u00f3nio Leit\u00e3o Amaro.<\/span><\/p>\n<p><span style=\"font-family: georgia,palatino,serif;font-size: 12pt\">Para a nova equipa social-democrata, <em>\u201co momento \u00e9 de renova\u00e7\u00e3o, envolv\u00eancia, participa\u00e7\u00e3o, e acima de tudo pretende ser um projecto de todos aqueles que querem continuar a construir um concelho desenvolvido, pr\u00f3spero e solid\u00e1rio\u201d.<\/em><\/span><\/p>\n<p><span style=\"font-family: georgia,palatino,serif;font-size: 12pt\">A rec\u00e9m-eleita Comiss\u00e3o Pol\u00edtica considera-se <em>\u201cuma equipa renovada, jovem, com provas dadas tanto a n\u00edvel profissional, como nas institui\u00e7\u00f5es locais, defendendo sempre o interesse dos Tondelenses\u201d.<\/em><\/span><\/p>\n<p><span style=\"color: #0000ff;font-size: 18pt;background-color: #ffff99\"><strong><em>Um dos melhores autarcas de Portugal<\/em><\/strong><span style=\"color: #0000ff;font-family: georgia,palatino,serif;font-size: 18pt;background-color: #ffff99\"><strong><em><img loading=\"lazy\" decoding=\"async\" class=\" wp-image-2025 alignright\" src=\"http:\/\/obeirao.pt\/online\/wp-content\/uploads\/2018\/10\/Jos\u00e9-Ant\u00f3nio-um-dos-melhores-autarcas-de-Portugal-300x165.jpg\" alt=\"\" width=\"483\" height=\"266\" srcset=\"http:\/\/obeirao.pt\/online\/wp-content\/uploads\/2018\/10\/Jos\u00e9-Ant\u00f3nio-um-dos-melhores-autarcas-de-Portugal-300x165.jpg 300w, http:\/\/obeirao.pt\/online\/wp-content\/uploads\/2018\/10\/Jos\u00e9-Ant\u00f3nio-um-dos-melhores-autarcas-de-Portugal-768x424.jpg 768w, http:\/\/obeirao.pt\/online\/wp-content\/uploads\/2018\/10\/Jos\u00e9-Ant\u00f3nio-um-dos-melhores-autarcas-de-Portugal.jpg 1024w\" sizes=\"(max-width: 483px) 100vw, 483px\" \/><\/em><\/strong><\/span><\/span><\/p>\n<p>Os oradores da noite, entre eles Jos\u00e9 Ant\u00f3nio de Jesus, foi not\u00f3ria a ideia de que o actual Presidente da C\u00e2mara Municipal de Tondela,<em> &#8220;\u00e9 um dos melhores autarcas do pa\u00eds&#8221;<\/em> e que, tanto ele, como Jo\u00e3o Carlos Figueiredo e Ant\u00f3nio Leit\u00e3o Amaro, ter\u00e3o ainda muito que dar\u00a0ao pa\u00eds e ao desenvolvimento de Tondela e seu concelho.<\/p>\n<p>Isto para dizer, quanto a n\u00f3s, que Jos\u00e9\u00a0Ant\u00f3nio de\u00a0Jesus e Leit\u00e3o Amaro poder\u00e3o ser ministeri\u00e1veis e Jo\u00e3o Carlos Figueiredo, o futuro Presidente do Munic\u00edpio de Tondela, ele, que j\u00e1 foi presidente de Junta, deputado, director da Escola Profissional de Tondela e, agora, coordenador da ADICES.<\/p>\n<p>O mesmo discurso teve Fernando Ruas, o grande mentor do desenvolvimento da cidade de Viseu que, igualmente, reconhece os m\u00e9ritos e as capacidades destes tondelenses, de quem, ainda, muito se espera.<\/p>\n<p>&nbsp;<\/p>\n<p>&nbsp;<\/p>\n","protected":false},"excerpt":{"rendered":"<div class=\"mh-excerpt\"><span class=\"span-reading-time rt-reading-time\" style=\"display: block;\"><span class=\"rt-label rt-prefix\">tempo de leitura:<\/span> <span class=\"rt-time\"> 3<\/span> <span class=\"rt-label rt-postfix\">minutos<\/span><\/span>Tomaram posse, na passada sexta-feira, dia 26 de Outubro, os novos \u00f3rg\u00e3os concelhios do PSD de Tondela, num ambiente de verdadeira euforia, com Jo\u00e3o Carlos <a class=\"mh-excerpt-more\" href=\"http:\/\/obeirao.pt\/online\/2018\/10\/29\/nova-c-omissao-politica-do-psd-de-tondela-tomou-posse-com-a-presenca-de-fernando-negrao\/\" title=\"NOVA COMISS\u00c3O POL\u00cdTICA DO PSD DE TONDELA tomou posse com a presen\u00e7a de Fernando Negr\u00e3o\">[&#8230;]<\/a><\/div>\n","protected":false},"author":2,"featured_media":2014,"comment_status":"open","ping_status":"open","sticky":false,"template":"","format":"standard","meta":{"footnotes":""},"categories":[2,4,63],"tags":[],"class_list":["post-2015","post","type-post","status-publish","format-standard","has-post-thumbnail","hentry","category-principal","category-regiao","category-tondela"],"yoast_head":"<!-- This site is optimized with the Yoast SEO plugin v27.4 - https:\/\/yoast.com\/product\/yoast-seo-wordpress\/ -->\n<title>NOVA COMISS\u00c3O POL\u00cdTICA DO PSD DE TONDELA tomou posse com a presen\u00e7a de Fernando Negr\u00e3o - Beir\u00e3o Online<\/title>\n<meta name=\"robots\" content=\"index, follow, max-snippet:-1, max-image-preview:large, max-video-preview:-1\" \/>\n<link rel=\"canonical\" href=\"http:\/\/obeirao.pt\/online\/2018\/10\/29\/nova-c-omissao-politica-do-psd-de-tondela-tomou-posse-com-a-presenca-de-fernando-negrao\/\" \/>\n<meta property=\"og:locale\" content=\"pt_PT\" \/>\n<meta property=\"og:type\" content=\"article\" \/>\n<meta property=\"og:title\" content=\"NOVA COMISS\u00c3O POL\u00cdTICA DO PSD DE TONDELA tomou posse com a presen\u00e7a de Fernando Negr\u00e3o - Beir\u00e3o Online\" \/>\n<meta property=\"og:description\" content=\"tempo de leitura: 3 minutosTomaram posse, na passada sexta-feira, dia 26 de Outubro, os novos \u00f3rg\u00e3os concelhios do PSD de Tondela, num ambiente de verdadeira euforia, com Jo\u00e3o Carlos [...]\" \/>\n<meta property=\"og:url\" content=\"http:\/\/obeirao.pt\/online\/2018\/10\/29\/nova-c-omissao-politica-do-psd-de-tondela-tomou-posse-com-a-presenca-de-fernando-negrao\/\" \/>\n<meta property=\"og:site_name\" content=\"Beir\u00e3o Online\" \/>\n<meta property=\"article:publisher\" content=\"https:\/\/pt-br.facebook.com\/pages\/Amigos-de-Tondela\/273620439973877\" \/>\n<meta property=\"article:published_time\" content=\"2018-10-29T15:09:47+00:00\" \/>\n<meta property=\"article:modified_time\" content=\"2018-10-29T15:53:15+00:00\" \/>\n<meta property=\"og:image\" content=\"http:\/\/obeirao.pt\/online\/wp-content\/uploads\/2018\/10\/psd-geral.jpg\" \/>\n\t<meta property=\"og:image:width\" content=\"940\" \/>\n\t<meta property=\"og:image:height\" content=\"451\" \/>\n\t<meta property=\"og:image:type\" content=\"image\/jpeg\" \/>\n<meta name=\"author\" content=\"Z\u00e9 Beir\u00e3o\" \/>\n<meta name=\"twitter:card\" content=\"summary_large_image\" \/>\n<meta name=\"twitter:creator\" content=\"@JoaquimDuarteP2\" \/>\n<meta name=\"twitter:site\" content=\"@JoaquimDuarteP2\" \/>\n<meta name=\"twitter:label1\" content=\"Escrito por\" \/>\n\t<meta name=\"twitter:data1\" content=\"Z\u00e9 Beir\u00e3o\" \/>\n\t<meta name=\"twitter:label2\" content=\"Tempo estimado de leitura\" \/>\n\t<meta name=\"twitter:data2\" content=\"3 minutos\" \/>\n<script type=\"application\/ld+json\" class=\"yoast-schema-graph\">{\"@context\":\"https:\\\/\\\/schema.org\",\"@graph\":[{\"@type\":\"Article\",\"@id\":\"http:\\\/\\\/obeirao.pt\\\/online\\\/2018\\\/10\\\/29\\\/nova-c-omissao-politica-do-psd-de-tondela-tomou-posse-com-a-presenca-de-fernando-negrao\\\/#article\",\"isPartOf\":{\"@id\":\"http:\\\/\\\/obeirao.pt\\\/online\\\/2018\\\/10\\\/29\\\/nova-c-omissao-politica-do-psd-de-tondela-tomou-posse-com-a-presenca-de-fernando-negrao\\\/\"},\"author\":{\"name\":\"Z\u00e9 Beir\u00e3o\",\"@id\":\"http:\\\/\\\/obeirao.pt\\\/online\\\/#\\\/schema\\\/person\\\/efac69bb5a33873e1c1bb9c1165ff38c\"},\"headline\":\"NOVA COMISS\u00c3O POL\u00cdTICA DO PSD DE TONDELA tomou posse com a presen\u00e7a de Fernando Negr\u00e3o\",\"datePublished\":\"2018-10-29T15:09:47+00:00\",\"dateModified\":\"2018-10-29T15:53:15+00:00\",\"mainEntityOfPage\":{\"@id\":\"http:\\\/\\\/obeirao.pt\\\/online\\\/2018\\\/10\\\/29\\\/nova-c-omissao-politica-do-psd-de-tondela-tomou-posse-com-a-presenca-de-fernando-negrao\\\/\"},\"wordCount\":624,\"commentCount\":0,\"image\":{\"@id\":\"http:\\\/\\\/obeirao.pt\\\/online\\\/2018\\\/10\\\/29\\\/nova-c-omissao-politica-do-psd-de-tondela-tomou-posse-com-a-presenca-de-fernando-negrao\\\/#primaryimage\"},\"thumbnailUrl\":\"http:\\\/\\\/obeirao.pt\\\/online\\\/wp-content\\\/uploads\\\/2018\\\/10\\\/psd-geral.jpg\",\"articleSection\":[\"_Principal\",\"Regi\u00e3o\",\"Tondela\"],\"inLanguage\":\"pt-PT\"},{\"@type\":\"WebPage\",\"@id\":\"http:\\\/\\\/obeirao.pt\\\/online\\\/2018\\\/10\\\/29\\\/nova-c-omissao-politica-do-psd-de-tondela-tomou-posse-com-a-presenca-de-fernando-negrao\\\/\",\"url\":\"http:\\\/\\\/obeirao.pt\\\/online\\\/2018\\\/10\\\/29\\\/nova-c-omissao-politica-do-psd-de-tondela-tomou-posse-com-a-presenca-de-fernando-negrao\\\/\",\"name\":\"NOVA COMISS\u00c3O POL\u00cdTICA DO PSD DE TONDELA tomou posse com a presen\u00e7a de Fernando Negr\u00e3o - Beir\u00e3o Online\",\"isPartOf\":{\"@id\":\"http:\\\/\\\/obeirao.pt\\\/online\\\/#website\"},\"primaryImageOfPage\":{\"@id\":\"http:\\\/\\\/obeirao.pt\\\/online\\\/2018\\\/10\\\/29\\\/nova-c-omissao-politica-do-psd-de-tondela-tomou-posse-com-a-presenca-de-fernando-negrao\\\/#primaryimage\"},\"image\":{\"@id\":\"http:\\\/\\\/obeirao.pt\\\/online\\\/2018\\\/10\\\/29\\\/nova-c-omissao-politica-do-psd-de-tondela-tomou-posse-com-a-presenca-de-fernando-negrao\\\/#primaryimage\"},\"thumbnailUrl\":\"http:\\\/\\\/obeirao.pt\\\/online\\\/wp-content\\\/uploads\\\/2018\\\/10\\\/psd-geral.jpg\",\"datePublished\":\"2018-10-29T15:09:47+00:00\",\"dateModified\":\"2018-10-29T15:53:15+00:00\",\"author\":{\"@id\":\"http:\\\/\\\/obeirao.pt\\\/online\\\/#\\\/schema\\\/person\\\/efac69bb5a33873e1c1bb9c1165ff38c\"},\"breadcrumb\":{\"@id\":\"http:\\\/\\\/obeirao.pt\\\/online\\\/2018\\\/10\\\/29\\\/nova-c-omissao-politica-do-psd-de-tondela-tomou-posse-com-a-presenca-de-fernando-negrao\\\/#breadcrumb\"},\"inLanguage\":\"pt-PT\",\"potentialAction\":[{\"@type\":\"ReadAction\",\"target\":[\"http:\\\/\\\/obeirao.pt\\\/online\\\/2018\\\/10\\\/29\\\/nova-c-omissao-politica-do-psd-de-tondela-tomou-posse-com-a-presenca-de-fernando-negrao\\\/\"]}]},{\"@type\":\"ImageObject\",\"inLanguage\":\"pt-PT\",\"@id\":\"http:\\\/\\\/obeirao.pt\\\/online\\\/2018\\\/10\\\/29\\\/nova-c-omissao-politica-do-psd-de-tondela-tomou-posse-com-a-presenca-de-fernando-negrao\\\/#primaryimage\",\"url\":\"http:\\\/\\\/obeirao.pt\\\/online\\\/wp-content\\\/uploads\\\/2018\\\/10\\\/psd-geral.jpg\",\"contentUrl\":\"http:\\\/\\\/obeirao.pt\\\/online\\\/wp-content\\\/uploads\\\/2018\\\/10\\\/psd-geral.jpg\",\"width\":940,\"height\":451},{\"@type\":\"BreadcrumbList\",\"@id\":\"http:\\\/\\\/obeirao.pt\\\/online\\\/2018\\\/10\\\/29\\\/nova-c-omissao-politica-do-psd-de-tondela-tomou-posse-com-a-presenca-de-fernando-negrao\\\/#breadcrumb\",\"itemListElement\":[{\"@type\":\"ListItem\",\"position\":1,\"name\":\"Home\",\"item\":\"http:\\\/\\\/obeirao.pt\\\/online\\\/\"},{\"@type\":\"ListItem\",\"position\":2,\"name\":\"NOVA COMISS\u00c3O POL\u00cdTICA DO PSD DE TONDELA tomou posse com a presen\u00e7a de Fernando Negr\u00e3o\"}]},{\"@type\":\"WebSite\",\"@id\":\"http:\\\/\\\/obeirao.pt\\\/online\\\/#website\",\"url\":\"http:\\\/\\\/obeirao.pt\\\/online\\\/\",\"name\":\"Beir\u00e3o Online\",\"description\":\"www.obeirao.pt\",\"potentialAction\":[{\"@type\":\"SearchAction\",\"target\":{\"@type\":\"EntryPoint\",\"urlTemplate\":\"http:\\\/\\\/obeirao.pt\\\/online\\\/?s={search_term_string}\"},\"query-input\":{\"@type\":\"PropertyValueSpecification\",\"valueRequired\":true,\"valueName\":\"search_term_string\"}}],\"inLanguage\":\"pt-PT\"},{\"@type\":\"Person\",\"@id\":\"http:\\\/\\\/obeirao.pt\\\/online\\\/#\\\/schema\\\/person\\\/efac69bb5a33873e1c1bb9c1165ff38c\",\"name\":\"Z\u00e9 Beir\u00e3o\",\"image\":{\"@type\":\"ImageObject\",\"inLanguage\":\"pt-PT\",\"@id\":\"http:\\\/\\\/0.gravatar.com\\\/avatar\\\/c8c44d1f9327baa4d27e9b1149cd71b3?s=96&d=mm&r=g\",\"url\":\"http:\\\/\\\/0.gravatar.com\\\/avatar\\\/c8c44d1f9327baa4d27e9b1149cd71b3?s=96&d=mm&r=g\",\"contentUrl\":\"http:\\\/\\\/0.gravatar.com\\\/avatar\\\/c8c44d1f9327baa4d27e9b1149cd71b3?s=96&d=mm&r=g\",\"caption\":\"Z\u00e9 Beir\u00e3o\"},\"url\":\"http:\\\/\\\/obeirao.pt\\\/online\\\/author\\\/zebeirao\\\/\"}]}<\/script>\n<!-- \/ Yoast SEO plugin. -->","yoast_head_json":{"title":"NOVA COMISS\u00c3O POL\u00cdTICA DO PSD DE TONDELA tomou posse com a presen\u00e7a de Fernando Negr\u00e3o - Beir\u00e3o Online","robots":{"index":"index","follow":"follow","max-snippet":"max-snippet:-1","max-image-preview":"max-image-preview:large","max-video-preview":"max-video-preview:-1"},"canonical":"http:\/\/obeirao.pt\/online\/2018\/10\/29\/nova-c-omissao-politica-do-psd-de-tondela-tomou-posse-com-a-presenca-de-fernando-negrao\/","og_locale":"pt_PT","og_type":"article","og_title":"NOVA COMISS\u00c3O POL\u00cdTICA DO PSD DE TONDELA tomou posse com a presen\u00e7a de Fernando Negr\u00e3o - Beir\u00e3o Online","og_description":"tempo de leitura: 3 minutosTomaram posse, na passada sexta-feira, dia 26 de Outubro, os novos \u00f3rg\u00e3os concelhios do PSD de Tondela, num ambiente de verdadeira euforia, com Jo\u00e3o Carlos [...]","og_url":"http:\/\/obeirao.pt\/online\/2018\/10\/29\/nova-c-omissao-politica-do-psd-de-tondela-tomou-posse-com-a-presenca-de-fernando-negrao\/","og_site_name":"Beir\u00e3o Online","article_publisher":"https:\/\/pt-br.facebook.com\/pages\/Amigos-de-Tondela\/273620439973877","article_published_time":"2018-10-29T15:09:47+00:00","article_modified_time":"2018-10-29T15:53:15+00:00","og_image":[{"width":940,"height":451,"url":"http:\/\/obeirao.pt\/online\/wp-content\/uploads\/2018\/10\/psd-geral.jpg","type":"image\/jpeg"}],"author":"Z\u00e9 Beir\u00e3o","twitter_card":"summary_large_image","twitter_creator":"@JoaquimDuarteP2","twitter_site":"@JoaquimDuarteP2","twitter_misc":{"Escrito por":"Z\u00e9 Beir\u00e3o","Tempo estimado de leitura":"3 minutos"},"schema":{"@context":"https:\/\/schema.org","@graph":[{"@type":"Article","@id":"http:\/\/obeirao.pt\/online\/2018\/10\/29\/nova-c-omissao-politica-do-psd-de-tondela-tomou-posse-com-a-presenca-de-fernando-negrao\/#article","isPartOf":{"@id":"http:\/\/obeirao.pt\/online\/2018\/10\/29\/nova-c-omissao-politica-do-psd-de-tondela-tomou-posse-com-a-presenca-de-fernando-negrao\/"},"author":{"name":"Z\u00e9 Beir\u00e3o","@id":"http:\/\/obeirao.pt\/online\/#\/schema\/person\/efac69bb5a33873e1c1bb9c1165ff38c"},"headline":"NOVA COMISS\u00c3O POL\u00cdTICA DO PSD DE TONDELA tomou posse com a presen\u00e7a de Fernando Negr\u00e3o","datePublished":"2018-10-29T15:09:47+00:00","dateModified":"2018-10-29T15:53:15+00:00","mainEntityOfPage":{"@id":"http:\/\/obeirao.pt\/online\/2018\/10\/29\/nova-c-omissao-politica-do-psd-de-tondela-tomou-posse-com-a-presenca-de-fernando-negrao\/"},"wordCount":624,"commentCount":0,"image":{"@id":"http:\/\/obeirao.pt\/online\/2018\/10\/29\/nova-c-omissao-politica-do-psd-de-tondela-tomou-posse-com-a-presenca-de-fernando-negrao\/#primaryimage"},"thumbnailUrl":"http:\/\/obeirao.pt\/online\/wp-content\/uploads\/2018\/10\/psd-geral.jpg","articleSection":["_Principal","Regi\u00e3o","Tondela"],"inLanguage":"pt-PT"},{"@type":"WebPage","@id":"http:\/\/obeirao.pt\/online\/2018\/10\/29\/nova-c-omissao-politica-do-psd-de-tondela-tomou-posse-com-a-presenca-de-fernando-negrao\/","url":"http:\/\/obeirao.pt\/online\/2018\/10\/29\/nova-c-omissao-politica-do-psd-de-tondela-tomou-posse-com-a-presenca-de-fernando-negrao\/","name":"NOVA COMISS\u00c3O POL\u00cdTICA DO PSD DE TONDELA tomou posse com a presen\u00e7a de Fernando Negr\u00e3o - Beir\u00e3o Online","isPartOf":{"@id":"http:\/\/obeirao.pt\/online\/#website"},"primaryImageOfPage":{"@id":"http:\/\/obeirao.pt\/online\/2018\/10\/29\/nova-c-omissao-politica-do-psd-de-tondela-tomou-posse-com-a-presenca-de-fernando-negrao\/#primaryimage"},"image":{"@id":"http:\/\/obeirao.pt\/online\/2018\/10\/29\/nova-c-omissao-politica-do-psd-de-tondela-tomou-posse-com-a-presenca-de-fernando-negrao\/#primaryimage"},"thumbnailUrl":"http:\/\/obeirao.pt\/online\/wp-content\/uploads\/2018\/10\/psd-geral.jpg","datePublished":"2018-10-29T15:09:47+00:00","dateModified":"2018-10-29T15:53:15+00:00","author":{"@id":"http:\/\/obeirao.pt\/online\/#\/schema\/person\/efac69bb5a33873e1c1bb9c1165ff38c"},"breadcrumb":{"@id":"http:\/\/obeirao.pt\/online\/2018\/10\/29\/nova-c-omissao-politica-do-psd-de-tondela-tomou-posse-com-a-presenca-de-fernando-negrao\/#breadcrumb"},"inLanguage":"pt-PT","potentialAction":[{"@type":"ReadAction","target":["http:\/\/obeirao.pt\/online\/2018\/10\/29\/nova-c-omissao-politica-do-psd-de-tondela-tomou-posse-com-a-presenca-de-fernando-negrao\/"]}]},{"@type":"ImageObject","inLanguage":"pt-PT","@id":"http:\/\/obeirao.pt\/online\/2018\/10\/29\/nova-c-omissao-politica-do-psd-de-tondela-tomou-posse-com-a-presenca-de-fernando-negrao\/#primaryimage","url":"http:\/\/obeirao.pt\/online\/wp-content\/uploads\/2018\/10\/psd-geral.jpg","contentUrl":"http:\/\/obeirao.pt\/online\/wp-content\/uploads\/2018\/10\/psd-geral.jpg","width":940,"height":451},{"@type":"BreadcrumbList","@id":"http:\/\/obeirao.pt\/online\/2018\/10\/29\/nova-c-omissao-politica-do-psd-de-tondela-tomou-posse-com-a-presenca-de-fernando-negrao\/#breadcrumb","itemListElement":[{"@type":"ListItem","position":1,"name":"Home","item":"http:\/\/obeirao.pt\/online\/"},{"@type":"ListItem","position":2,"name":"NOVA COMISS\u00c3O POL\u00cdTICA DO PSD DE TONDELA tomou posse com a presen\u00e7a de Fernando Negr\u00e3o"}]},{"@type":"WebSite","@id":"http:\/\/obeirao.pt\/online\/#website","url":"http:\/\/obeirao.pt\/online\/","name":"Beir\u00e3o Online","description":"www.obeirao.pt","potentialAction":[{"@type":"SearchAction","target":{"@type":"EntryPoint","urlTemplate":"http:\/\/obeirao.pt\/online\/?s={search_term_string}"},"query-input":{"@type":"PropertyValueSpecification","valueRequired":true,"valueName":"search_term_string"}}],"inLanguage":"pt-PT"},{"@type":"Person","@id":"http:\/\/obeirao.pt\/online\/#\/schema\/person\/efac69bb5a33873e1c1bb9c1165ff38c","name":"Z\u00e9 Beir\u00e3o","image":{"@type":"ImageObject","inLanguage":"pt-PT","@id":"http:\/\/0.gravatar.com\/avatar\/c8c44d1f9327baa4d27e9b1149cd71b3?s=96&d=mm&r=g","url":"http:\/\/0.gravatar.com\/avatar\/c8c44d1f9327baa4d27e9b1149cd71b3?s=96&d=mm&r=g","contentUrl":"http:\/\/0.gravatar.com\/avatar\/c8c44d1f9327baa4d27e9b1149cd71b3?s=96&d=mm&r=g","caption":"Z\u00e9 Beir\u00e3o"},"url":"http:\/\/obeirao.pt\/online\/author\/zebeirao\/"}]}},"_links":{"self":[{"href":"http:\/\/obeirao.pt\/online\/wp-json\/wp\/v2\/posts\/2015"}],"collection":[{"href":"http:\/\/obeirao.pt\/online\/wp-json\/wp\/v2\/posts"}],"about":[{"href":"http:\/\/obeirao.pt\/online\/wp-json\/wp\/v2\/types\/post"}],"author":[{"embeddable":true,"href":"http:\/\/obeirao.pt\/online\/wp-json\/wp\/v2\/users\/2"}],"replies":[{"embeddable":true,"href":"http:\/\/obeirao.pt\/online\/wp-json\/wp\/v2\/comments?post=2015"}],"version-history":[{"count":5,"href":"http:\/\/obeirao.pt\/online\/wp-json\/wp\/v2\/posts\/2015\/revisions"}],"predecessor-version":[{"id":2027,"href":"http:\/\/obeirao.pt\/online\/wp-json\/wp\/v2\/posts\/2015\/revisions\/2027"}],"wp:featuredmedia":[{"embeddable":true,"href":"http:\/\/obeirao.pt\/online\/wp-json\/wp\/v2\/media\/2014"}],"wp:attachment":[{"href":"http:\/\/obeirao.pt\/online\/wp-json\/wp\/v2\/media?parent=2015"}],"wp:term":[{"taxonomy":"category","embeddable":true,"href":"http:\/\/obeirao.pt\/online\/wp-json\/wp\/v2\/categories?post=2015"},{"taxonomy":"post_tag","embeddable":true,"href":"http:\/\/obeirao.pt\/online\/wp-json\/wp\/v2\/tags?post=2015"}],"curies":[{"name":"wp","href":"https:\/\/api.w.org\/{rel}","templated":true}]}}