{"id":2228,"date":"2018-12-04T19:03:23","date_gmt":"2018-12-04T19:03:23","guid":{"rendered":"http:\/\/obeirao.pt\/online\/?p=2228"},"modified":"2018-12-11T22:10:42","modified_gmt":"2018-12-11T22:10:42","slug":"tondela-e-nossa-a-cidade-quer-mais-luz","status":"publish","type":"post","link":"http:\/\/obeirao.pt\/online\/2018\/12\/04\/tondela-e-nossa-a-cidade-quer-mais-luz\/","title":{"rendered":"TONDELA \u00c9 NOSSA \u2013 A CIDADE QUER MAIS LUZ !!!"},"content":{"rendered":"<span class=\"span-reading-time rt-reading-time\" style=\"display: block;\"><span class=\"rt-label rt-prefix\">tempo de leitura:<\/span> <span class=\"rt-time\"> 2<\/span> <span class=\"rt-label rt-postfix\">minutos<\/span><\/span><p><span style=\"font-size: 24pt;\"><strong><a href=\"http:\/\/obeirao.pt\/online\/wp-content\/uploads\/2018\/12\/DSC_0668.jpg\" rel=\"noopener\"><img loading=\"lazy\" decoding=\"async\" class=\"zoooom alignleft wp-image-2229\" src=\"http:\/\/obeirao.pt\/online\/wp-content\/uploads\/2018\/12\/DSC_0668-300x203.jpg\" alt=\"\" width=\"414\" height=\"280\" srcset=\"http:\/\/obeirao.pt\/online\/wp-content\/uploads\/2018\/12\/DSC_0668-300x203.jpg 300w, http:\/\/obeirao.pt\/online\/wp-content\/uploads\/2018\/12\/DSC_0668-768x521.jpg 768w, http:\/\/obeirao.pt\/online\/wp-content\/uploads\/2018\/12\/DSC_0668.jpg 1024w\" sizes=\"(max-width: 414px) 100vw, 414px\" \/><\/a><\/strong><\/span><span style=\"font-family: georgia,palatino,serif; font-size: 14pt;\"><strong><em>Por v\u00e1rias vezes, t\u00eam existido tentativas de iluminar, com efici\u00eancia, a fachada majestosa, da nova Igreja Matriz de Tondela, mandada construir pelo Reitor tondelense, Padre In\u00e1cio Pires de Melo, em 1889.<\/em><\/strong><\/span><!--more--><\/p>\n<p><span style=\"color: #000000; font-family: georgia,palatino,serif; font-size: 12pt;\">Contudo, tais ilumina\u00e7\u00f5es acabam por ser descuidadas e, a luz, foi-se, por tempo indeterminado, n\u00e3o obstante os apelos do jornalista, que quer ver a sua terra sempre bem limpa, asseada e bela, com os atavios que justifica e merece.<\/span><\/p>\n<p><span style=\"color: #000000; font-family: georgia,palatino,serif; font-size: 12pt;\">Quando a vila de Tondela foi elevada \u00e0 categoria de cidade, em 18 de Dezembro de 1987, numa vota\u00e7\u00e3o na Assembleia da Rep\u00fablica, onde eu estive, logo me propus continuar a pugnar, ainda mais, pelo aformoseamento da minha terra,\u00a0capital de Besteiros e do portentoso\u00a0 concelho de serra e vale.<\/span><\/p>\n<p><span style=\"color: #000000; font-family: georgia,palatino,serif; font-size: 12pt;\">Na quest\u00e3o da luz, era do mais deprimente que existia. Uns pobres candeeiros de cimento e l\u00e2mpadas de luz frouxa, que muito nos envergonhava. Da\u00ed o apelo, em verso, do poeta que escrevia de Nandufe, onde morava, ali \u00e0 entrada do Bairro Novo, Carlos Jacinto da Silva, nestes termos:<\/span><\/p>\n<ul style=\"list-style-type: disc;\">\n<li><span style=\"font-family: georgia,palatino,serif; font-size: 18pt; background-color: #ffff00;\"><em>\u00a0<\/em><span style=\"font-size: 14pt; background-color: #ffff00;\"><strong><em>Tondela quer mais luz,<\/em><\/strong><\/span><\/span><\/li>\n<li><span style=\"font-family: georgia,palatino,serif; font-size: 14pt; background-color: #ffff00;\"><strong><em>Agora que \u00e9 cidade; <\/em><\/strong><\/span><\/li>\n<li><span style=\"font-family: georgia,palatino,serif; font-size: 14pt; background-color: #ffff00;\"><strong><em>\u00c9 preciso fazer jus,<\/em><\/strong><\/span><\/li>\n<li><span style=\"font-family: georgia,palatino,serif; font-size: 14pt; background-color: #ffff00;\"><strong><em>\u00c0 sua urbanidade.<\/em><\/strong><\/span><\/li>\n<\/ul>\n<p><span style=\"color: #000000; font-family: georgia,palatino,serif; font-size: 12pt;\">O tempo passou e, s\u00f3 no dealbar de novo s\u00e9culo, come\u00e7ou a ter a ilumina\u00e7\u00e3o de que carecia, no entanto, ainda, com algumas falhas.<\/span><\/p>\n<p><span style=\"color: #000000; font-family: georgia,palatino,serif; font-size: 12pt;\">Ultimamente, com as \u201ccrises\u201d, foram apagadas muitas lumin\u00e1rias, que far\u00e3o fal<a href=\"http:\/\/obeirao.pt\/online\/wp-content\/uploads\/2018\/12\/DSC_0673.jpg\" rel=\"noopener\"><img loading=\"lazy\" decoding=\"async\" class=\"zoooom alignright wp-image-2231\" src=\"http:\/\/obeirao.pt\/online\/wp-content\/uploads\/2018\/12\/DSC_0673-207x300.jpg\" alt=\"\" width=\"480\" height=\"695\" srcset=\"http:\/\/obeirao.pt\/online\/wp-content\/uploads\/2018\/12\/DSC_0673-207x300.jpg 207w, http:\/\/obeirao.pt\/online\/wp-content\/uploads\/2018\/12\/DSC_0673.jpg 706w\" sizes=\"(max-width: 480px) 100vw, 480px\" \/><\/a>ta a quem anda de noite, incluindo as pessoas mais idosas, que s\u00e3o sempre as mais vulner\u00e1veis.<\/span><\/p>\n<p><span style=\"color: #000000; font-family: georgia,palatino,serif; font-size: 12pt;\">Com as ilumina\u00e7\u00f5es de Natal, estava a faltar, sem d\u00favida, a ilumina\u00e7\u00e3o da fachada da Matriz, templo altaneiro, que domina todo o vale e \u00e9 mais um s\u00edmbolo da cidade.<\/span><\/p>\n<p><span style=\"color: #000000; font-family: georgia,palatino,serif; font-size: 12pt;\">J\u00e1 pela FICTON, houve uma tentativa de iluminar a Igreja, mas tudo voltou \u00e0 \u201cestaca zero\u201d, at\u00e9 hoje, dia 4 de Dezembro, porquanto, h\u00e1 pessoas no terreno a tentar fazer com que a fachada da nossa Igreja Matriz se mostre bonita, mesmo nas noites mais escuras.<\/span><\/p>\n<p><span style=\"color: #000000; font-family: georgia,palatino,serif; font-size: 12pt;\">Tamb\u00e9m a cruz luminosa, mandada colocar por mim em 1977, para a qual alguns tondelenses contribu\u00edram por interm\u00e9dio do (meu) <strong>Not\u00edcias de Tondela<\/strong>, com o \u00faltimo temporal, caiu, estrondosamente, no adro da Igreja, felizmente sem danos pessoais.<\/span><\/p>\n<p><span style=\"color: #000000; font-family: georgia,palatino,serif; font-size: 12pt;\">Existe a preocupa\u00e7\u00e3o para que, tamb\u00e9m, este problema seja resolvido. Outros monumentos dever\u00e3o seguir o mesmo destino. Tondela n\u00e3o deve envergonhar-se de mostrar o seu patrim\u00f3nio edificado, pois ele deve orgulhar-nos a todos, porque \u00e9 muito bonito e valioso.<\/span><\/p>\n<p><span style=\"color: #000000; font-family: georgia,palatino,serif; font-size: 12pt;\">Por outro lado, a falta de poda das \u00e1rvores frondosas, leva a que a fachada da Igreja fique ofuscada, tanto os pl\u00e1tanos de fora do adro, como as \u00e1rvores dos lados da porta de entrada do templo.<\/span><\/p>\n<p><span style=\"color: #000000; font-family: georgia,palatino,serif; font-size: 12pt;\">\u00c9 bom que as podas sejam executadas&#8230;<\/span><\/p>\n<p style=\"text-align: right;\"><span style=\"font-family: georgia,palatino,serif; font-size: 12pt;\"><strong><em><span style=\"color: #000000;\"><span style=\"font-size: 14pt;\">\u00a0\u00a0\u00a0\u00a0\u00a0\u00a0\u00a0\u00a0\u00a0\u00a0\u00a0\u00a0\u00a0\u00a0\u00a0\u00a0\u00a0\u00a0\u00a0\u00a0\u00a0\u00a0\u00a0\u00a0\u00a0\u00a0\u00a0\u00a0\u00a0\u00a0\u00a0\u00a0\u00a0\u00a0\u00a0\u00a0\u00a0\u00a0\u00a0\u00a0<\/span>\u00a0 Z\u00c9 BEIR<\/span>\u00c3O<\/em><\/strong><\/span><\/p>\n<p><em>\u00a0<\/em><\/p>\n","protected":false},"excerpt":{"rendered":"<div class=\"mh-excerpt\"><span class=\"span-reading-time rt-reading-time\" style=\"display: block;\"><span class=\"rt-label rt-prefix\">tempo de leitura:<\/span> <span class=\"rt-time\"> 2<\/span> <span class=\"rt-label rt-postfix\">minutos<\/span><\/span>Por v\u00e1rias vezes, t\u00eam existido tentativas de iluminar, com efici\u00eancia, a fachada majestosa, da nova Igreja Matriz de Tondela, mandada construir pelo Reitor tondelense, Padre <a class=\"mh-excerpt-more\" href=\"http:\/\/obeirao.pt\/online\/2018\/12\/04\/tondela-e-nossa-a-cidade-quer-mais-luz\/\" title=\"TONDELA \u00c9 NOSSA \u2013 A CIDADE QUER MAIS LUZ !!!\">[&#8230;]<\/a><\/div>\n","protected":false},"author":2,"featured_media":2229,"comment_status":"open","ping_status":"open","sticky":false,"template":"","format":"standard","meta":{"footnotes":""},"categories":[2,4,63],"tags":[],"class_list":["post-2228","post","type-post","status-publish","format-standard","has-post-thumbnail","hentry","category-principal","category-regiao","category-tondela"],"yoast_head":"<!-- This site is optimized with the Yoast SEO plugin v27.4 - https:\/\/yoast.com\/product\/yoast-seo-wordpress\/ -->\n<title>TONDELA \u00c9 NOSSA \u2013 A CIDADE QUER MAIS LUZ !!! - Beir\u00e3o Online<\/title>\n<meta name=\"robots\" content=\"index, follow, max-snippet:-1, max-image-preview:large, max-video-preview:-1\" \/>\n<link rel=\"canonical\" href=\"http:\/\/obeirao.pt\/online\/2018\/12\/04\/tondela-e-nossa-a-cidade-quer-mais-luz\/\" \/>\n<meta property=\"og:locale\" content=\"pt_PT\" \/>\n<meta property=\"og:type\" content=\"article\" \/>\n<meta property=\"og:title\" content=\"TONDELA \u00c9 NOSSA \u2013 A CIDADE QUER MAIS LUZ !!! - Beir\u00e3o Online\" \/>\n<meta property=\"og:description\" content=\"tempo de leitura: 2 minutosPor v\u00e1rias vezes, t\u00eam existido tentativas de iluminar, com efici\u00eancia, a fachada majestosa, da nova Igreja Matriz de Tondela, mandada construir pelo Reitor tondelense, Padre [...]\" \/>\n<meta property=\"og:url\" content=\"http:\/\/obeirao.pt\/online\/2018\/12\/04\/tondela-e-nossa-a-cidade-quer-mais-luz\/\" \/>\n<meta property=\"og:site_name\" content=\"Beir\u00e3o Online\" \/>\n<meta property=\"article:publisher\" content=\"https:\/\/pt-br.facebook.com\/pages\/Amigos-de-Tondela\/273620439973877\" \/>\n<meta property=\"article:published_time\" content=\"2018-12-04T19:03:23+00:00\" \/>\n<meta property=\"article:modified_time\" content=\"2018-12-11T22:10:42+00:00\" \/>\n<meta property=\"og:image\" content=\"http:\/\/obeirao.pt\/online\/wp-content\/uploads\/2018\/12\/DSC_0668.jpg\" \/>\n\t<meta property=\"og:image:width\" content=\"1024\" \/>\n\t<meta property=\"og:image:height\" content=\"694\" \/>\n\t<meta property=\"og:image:type\" content=\"image\/jpeg\" \/>\n<meta name=\"author\" content=\"Z\u00e9 Beir\u00e3o\" \/>\n<meta name=\"twitter:card\" content=\"summary_large_image\" \/>\n<meta name=\"twitter:creator\" content=\"@JoaquimDuarteP2\" \/>\n<meta name=\"twitter:site\" content=\"@JoaquimDuarteP2\" \/>\n<meta name=\"twitter:label1\" content=\"Escrito por\" \/>\n\t<meta name=\"twitter:data1\" content=\"Z\u00e9 Beir\u00e3o\" \/>\n\t<meta name=\"twitter:label2\" content=\"Tempo estimado de leitura\" \/>\n\t<meta name=\"twitter:data2\" content=\"2 minutos\" \/>\n<script type=\"application\/ld+json\" class=\"yoast-schema-graph\">{\"@context\":\"https:\\\/\\\/schema.org\",\"@graph\":[{\"@type\":\"Article\",\"@id\":\"http:\\\/\\\/obeirao.pt\\\/online\\\/2018\\\/12\\\/04\\\/tondela-e-nossa-a-cidade-quer-mais-luz\\\/#article\",\"isPartOf\":{\"@id\":\"http:\\\/\\\/obeirao.pt\\\/online\\\/2018\\\/12\\\/04\\\/tondela-e-nossa-a-cidade-quer-mais-luz\\\/\"},\"author\":{\"name\":\"Z\u00e9 Beir\u00e3o\",\"@id\":\"https:\\\/\\\/obeirao.pt\\\/online\\\/#\\\/schema\\\/person\\\/efac69bb5a33873e1c1bb9c1165ff38c\"},\"headline\":\"TONDELA \u00c9 NOSSA \u2013 A CIDADE QUER MAIS LUZ !!!\",\"datePublished\":\"2018-12-04T19:03:23+00:00\",\"dateModified\":\"2018-12-11T22:10:42+00:00\",\"mainEntityOfPage\":{\"@id\":\"http:\\\/\\\/obeirao.pt\\\/online\\\/2018\\\/12\\\/04\\\/tondela-e-nossa-a-cidade-quer-mais-luz\\\/\"},\"wordCount\":459,\"commentCount\":0,\"image\":{\"@id\":\"http:\\\/\\\/obeirao.pt\\\/online\\\/2018\\\/12\\\/04\\\/tondela-e-nossa-a-cidade-quer-mais-luz\\\/#primaryimage\"},\"thumbnailUrl\":\"http:\\\/\\\/obeirao.pt\\\/online\\\/wp-content\\\/uploads\\\/2018\\\/12\\\/DSC_0668.jpg\",\"articleSection\":[\"_Principal\",\"Regi\u00e3o\",\"Tondela\"],\"inLanguage\":\"pt-PT\"},{\"@type\":\"WebPage\",\"@id\":\"http:\\\/\\\/obeirao.pt\\\/online\\\/2018\\\/12\\\/04\\\/tondela-e-nossa-a-cidade-quer-mais-luz\\\/\",\"url\":\"http:\\\/\\\/obeirao.pt\\\/online\\\/2018\\\/12\\\/04\\\/tondela-e-nossa-a-cidade-quer-mais-luz\\\/\",\"name\":\"TONDELA \u00c9 NOSSA \u2013 A CIDADE QUER MAIS LUZ !!! - Beir\u00e3o Online\",\"isPartOf\":{\"@id\":\"https:\\\/\\\/obeirao.pt\\\/online\\\/#website\"},\"primaryImageOfPage\":{\"@id\":\"http:\\\/\\\/obeirao.pt\\\/online\\\/2018\\\/12\\\/04\\\/tondela-e-nossa-a-cidade-quer-mais-luz\\\/#primaryimage\"},\"image\":{\"@id\":\"http:\\\/\\\/obeirao.pt\\\/online\\\/2018\\\/12\\\/04\\\/tondela-e-nossa-a-cidade-quer-mais-luz\\\/#primaryimage\"},\"thumbnailUrl\":\"http:\\\/\\\/obeirao.pt\\\/online\\\/wp-content\\\/uploads\\\/2018\\\/12\\\/DSC_0668.jpg\",\"datePublished\":\"2018-12-04T19:03:23+00:00\",\"dateModified\":\"2018-12-11T22:10:42+00:00\",\"author\":{\"@id\":\"https:\\\/\\\/obeirao.pt\\\/online\\\/#\\\/schema\\\/person\\\/efac69bb5a33873e1c1bb9c1165ff38c\"},\"breadcrumb\":{\"@id\":\"http:\\\/\\\/obeirao.pt\\\/online\\\/2018\\\/12\\\/04\\\/tondela-e-nossa-a-cidade-quer-mais-luz\\\/#breadcrumb\"},\"inLanguage\":\"pt-PT\",\"potentialAction\":[{\"@type\":\"ReadAction\",\"target\":[\"http:\\\/\\\/obeirao.pt\\\/online\\\/2018\\\/12\\\/04\\\/tondela-e-nossa-a-cidade-quer-mais-luz\\\/\"]}]},{\"@type\":\"ImageObject\",\"inLanguage\":\"pt-PT\",\"@id\":\"http:\\\/\\\/obeirao.pt\\\/online\\\/2018\\\/12\\\/04\\\/tondela-e-nossa-a-cidade-quer-mais-luz\\\/#primaryimage\",\"url\":\"http:\\\/\\\/obeirao.pt\\\/online\\\/wp-content\\\/uploads\\\/2018\\\/12\\\/DSC_0668.jpg\",\"contentUrl\":\"http:\\\/\\\/obeirao.pt\\\/online\\\/wp-content\\\/uploads\\\/2018\\\/12\\\/DSC_0668.jpg\",\"width\":1024,\"height\":694},{\"@type\":\"BreadcrumbList\",\"@id\":\"http:\\\/\\\/obeirao.pt\\\/online\\\/2018\\\/12\\\/04\\\/tondela-e-nossa-a-cidade-quer-mais-luz\\\/#breadcrumb\",\"itemListElement\":[{\"@type\":\"ListItem\",\"position\":1,\"name\":\"Home\",\"item\":\"http:\\\/\\\/obeirao.pt\\\/online\\\/\"},{\"@type\":\"ListItem\",\"position\":2,\"name\":\"TONDELA \u00c9 NOSSA \u2013 A CIDADE QUER MAIS LUZ !!!\"}]},{\"@type\":\"WebSite\",\"@id\":\"https:\\\/\\\/obeirao.pt\\\/online\\\/#website\",\"url\":\"https:\\\/\\\/obeirao.pt\\\/online\\\/\",\"name\":\"Beir\u00e3o Online\",\"description\":\"www.obeirao.pt\",\"potentialAction\":[{\"@type\":\"SearchAction\",\"target\":{\"@type\":\"EntryPoint\",\"urlTemplate\":\"https:\\\/\\\/obeirao.pt\\\/online\\\/?s={search_term_string}\"},\"query-input\":{\"@type\":\"PropertyValueSpecification\",\"valueRequired\":true,\"valueName\":\"search_term_string\"}}],\"inLanguage\":\"pt-PT\"},{\"@type\":\"Person\",\"@id\":\"https:\\\/\\\/obeirao.pt\\\/online\\\/#\\\/schema\\\/person\\\/efac69bb5a33873e1c1bb9c1165ff38c\",\"name\":\"Z\u00e9 Beir\u00e3o\",\"image\":{\"@type\":\"ImageObject\",\"inLanguage\":\"pt-PT\",\"@id\":\"http:\\\/\\\/0.gravatar.com\\\/avatar\\\/c8c44d1f9327baa4d27e9b1149cd71b3?s=96&d=mm&r=g\",\"url\":\"http:\\\/\\\/0.gravatar.com\\\/avatar\\\/c8c44d1f9327baa4d27e9b1149cd71b3?s=96&d=mm&r=g\",\"contentUrl\":\"http:\\\/\\\/0.gravatar.com\\\/avatar\\\/c8c44d1f9327baa4d27e9b1149cd71b3?s=96&d=mm&r=g\",\"caption\":\"Z\u00e9 Beir\u00e3o\"},\"url\":\"http:\\\/\\\/obeirao.pt\\\/online\\\/author\\\/zebeirao\\\/\"}]}<\/script>\n<!-- \/ Yoast SEO plugin. -->","yoast_head_json":{"title":"TONDELA \u00c9 NOSSA \u2013 A CIDADE QUER MAIS LUZ !!! - Beir\u00e3o Online","robots":{"index":"index","follow":"follow","max-snippet":"max-snippet:-1","max-image-preview":"max-image-preview:large","max-video-preview":"max-video-preview:-1"},"canonical":"http:\/\/obeirao.pt\/online\/2018\/12\/04\/tondela-e-nossa-a-cidade-quer-mais-luz\/","og_locale":"pt_PT","og_type":"article","og_title":"TONDELA \u00c9 NOSSA \u2013 A CIDADE QUER MAIS LUZ !!! - Beir\u00e3o Online","og_description":"tempo de leitura: 2 minutosPor v\u00e1rias vezes, t\u00eam existido tentativas de iluminar, com efici\u00eancia, a fachada majestosa, da nova Igreja Matriz de Tondela, mandada construir pelo Reitor tondelense, Padre [...]","og_url":"http:\/\/obeirao.pt\/online\/2018\/12\/04\/tondela-e-nossa-a-cidade-quer-mais-luz\/","og_site_name":"Beir\u00e3o Online","article_publisher":"https:\/\/pt-br.facebook.com\/pages\/Amigos-de-Tondela\/273620439973877","article_published_time":"2018-12-04T19:03:23+00:00","article_modified_time":"2018-12-11T22:10:42+00:00","og_image":[{"width":1024,"height":694,"url":"http:\/\/obeirao.pt\/online\/wp-content\/uploads\/2018\/12\/DSC_0668.jpg","type":"image\/jpeg"}],"author":"Z\u00e9 Beir\u00e3o","twitter_card":"summary_large_image","twitter_creator":"@JoaquimDuarteP2","twitter_site":"@JoaquimDuarteP2","twitter_misc":{"Escrito por":"Z\u00e9 Beir\u00e3o","Tempo estimado de leitura":"2 minutos"},"schema":{"@context":"https:\/\/schema.org","@graph":[{"@type":"Article","@id":"http:\/\/obeirao.pt\/online\/2018\/12\/04\/tondela-e-nossa-a-cidade-quer-mais-luz\/#article","isPartOf":{"@id":"http:\/\/obeirao.pt\/online\/2018\/12\/04\/tondela-e-nossa-a-cidade-quer-mais-luz\/"},"author":{"name":"Z\u00e9 Beir\u00e3o","@id":"https:\/\/obeirao.pt\/online\/#\/schema\/person\/efac69bb5a33873e1c1bb9c1165ff38c"},"headline":"TONDELA \u00c9 NOSSA \u2013 A CIDADE QUER MAIS LUZ !!!","datePublished":"2018-12-04T19:03:23+00:00","dateModified":"2018-12-11T22:10:42+00:00","mainEntityOfPage":{"@id":"http:\/\/obeirao.pt\/online\/2018\/12\/04\/tondela-e-nossa-a-cidade-quer-mais-luz\/"},"wordCount":459,"commentCount":0,"image":{"@id":"http:\/\/obeirao.pt\/online\/2018\/12\/04\/tondela-e-nossa-a-cidade-quer-mais-luz\/#primaryimage"},"thumbnailUrl":"http:\/\/obeirao.pt\/online\/wp-content\/uploads\/2018\/12\/DSC_0668.jpg","articleSection":["_Principal","Regi\u00e3o","Tondela"],"inLanguage":"pt-PT"},{"@type":"WebPage","@id":"http:\/\/obeirao.pt\/online\/2018\/12\/04\/tondela-e-nossa-a-cidade-quer-mais-luz\/","url":"http:\/\/obeirao.pt\/online\/2018\/12\/04\/tondela-e-nossa-a-cidade-quer-mais-luz\/","name":"TONDELA \u00c9 NOSSA \u2013 A CIDADE QUER MAIS LUZ !!! - Beir\u00e3o Online","isPartOf":{"@id":"https:\/\/obeirao.pt\/online\/#website"},"primaryImageOfPage":{"@id":"http:\/\/obeirao.pt\/online\/2018\/12\/04\/tondela-e-nossa-a-cidade-quer-mais-luz\/#primaryimage"},"image":{"@id":"http:\/\/obeirao.pt\/online\/2018\/12\/04\/tondela-e-nossa-a-cidade-quer-mais-luz\/#primaryimage"},"thumbnailUrl":"http:\/\/obeirao.pt\/online\/wp-content\/uploads\/2018\/12\/DSC_0668.jpg","datePublished":"2018-12-04T19:03:23+00:00","dateModified":"2018-12-11T22:10:42+00:00","author":{"@id":"https:\/\/obeirao.pt\/online\/#\/schema\/person\/efac69bb5a33873e1c1bb9c1165ff38c"},"breadcrumb":{"@id":"http:\/\/obeirao.pt\/online\/2018\/12\/04\/tondela-e-nossa-a-cidade-quer-mais-luz\/#breadcrumb"},"inLanguage":"pt-PT","potentialAction":[{"@type":"ReadAction","target":["http:\/\/obeirao.pt\/online\/2018\/12\/04\/tondela-e-nossa-a-cidade-quer-mais-luz\/"]}]},{"@type":"ImageObject","inLanguage":"pt-PT","@id":"http:\/\/obeirao.pt\/online\/2018\/12\/04\/tondela-e-nossa-a-cidade-quer-mais-luz\/#primaryimage","url":"http:\/\/obeirao.pt\/online\/wp-content\/uploads\/2018\/12\/DSC_0668.jpg","contentUrl":"http:\/\/obeirao.pt\/online\/wp-content\/uploads\/2018\/12\/DSC_0668.jpg","width":1024,"height":694},{"@type":"BreadcrumbList","@id":"http:\/\/obeirao.pt\/online\/2018\/12\/04\/tondela-e-nossa-a-cidade-quer-mais-luz\/#breadcrumb","itemListElement":[{"@type":"ListItem","position":1,"name":"Home","item":"http:\/\/obeirao.pt\/online\/"},{"@type":"ListItem","position":2,"name":"TONDELA \u00c9 NOSSA \u2013 A CIDADE QUER MAIS LUZ !!!"}]},{"@type":"WebSite","@id":"https:\/\/obeirao.pt\/online\/#website","url":"https:\/\/obeirao.pt\/online\/","name":"Beir\u00e3o Online","description":"www.obeirao.pt","potentialAction":[{"@type":"SearchAction","target":{"@type":"EntryPoint","urlTemplate":"https:\/\/obeirao.pt\/online\/?s={search_term_string}"},"query-input":{"@type":"PropertyValueSpecification","valueRequired":true,"valueName":"search_term_string"}}],"inLanguage":"pt-PT"},{"@type":"Person","@id":"https:\/\/obeirao.pt\/online\/#\/schema\/person\/efac69bb5a33873e1c1bb9c1165ff38c","name":"Z\u00e9 Beir\u00e3o","image":{"@type":"ImageObject","inLanguage":"pt-PT","@id":"http:\/\/0.gravatar.com\/avatar\/c8c44d1f9327baa4d27e9b1149cd71b3?s=96&d=mm&r=g","url":"http:\/\/0.gravatar.com\/avatar\/c8c44d1f9327baa4d27e9b1149cd71b3?s=96&d=mm&r=g","contentUrl":"http:\/\/0.gravatar.com\/avatar\/c8c44d1f9327baa4d27e9b1149cd71b3?s=96&d=mm&r=g","caption":"Z\u00e9 Beir\u00e3o"},"url":"http:\/\/obeirao.pt\/online\/author\/zebeirao\/"}]}},"_links":{"self":[{"href":"http:\/\/obeirao.pt\/online\/wp-json\/wp\/v2\/posts\/2228"}],"collection":[{"href":"http:\/\/obeirao.pt\/online\/wp-json\/wp\/v2\/posts"}],"about":[{"href":"http:\/\/obeirao.pt\/online\/wp-json\/wp\/v2\/types\/post"}],"author":[{"embeddable":true,"href":"http:\/\/obeirao.pt\/online\/wp-json\/wp\/v2\/users\/2"}],"replies":[{"embeddable":true,"href":"http:\/\/obeirao.pt\/online\/wp-json\/wp\/v2\/comments?post=2228"}],"version-history":[{"count":8,"href":"http:\/\/obeirao.pt\/online\/wp-json\/wp\/v2\/posts\/2228\/revisions"}],"predecessor-version":[{"id":2262,"href":"http:\/\/obeirao.pt\/online\/wp-json\/wp\/v2\/posts\/2228\/revisions\/2262"}],"wp:featuredmedia":[{"embeddable":true,"href":"http:\/\/obeirao.pt\/online\/wp-json\/wp\/v2\/media\/2229"}],"wp:attachment":[{"href":"http:\/\/obeirao.pt\/online\/wp-json\/wp\/v2\/media?parent=2228"}],"wp:term":[{"taxonomy":"category","embeddable":true,"href":"http:\/\/obeirao.pt\/online\/wp-json\/wp\/v2\/categories?post=2228"},{"taxonomy":"post_tag","embeddable":true,"href":"http:\/\/obeirao.pt\/online\/wp-json\/wp\/v2\/tags?post=2228"}],"curies":[{"name":"wp","href":"https:\/\/api.w.org\/{rel}","templated":true}]}}