{"id":2496,"date":"2019-01-22T15:48:08","date_gmt":"2019-01-22T15:48:08","guid":{"rendered":"http:\/\/obeirao.pt\/online\/?p=2496"},"modified":"2019-01-22T15:56:02","modified_gmt":"2019-01-22T15:56:02","slug":"vespa-velutina-tema-de-dois-workshops-em-tondela-e-s-joao-do-monte","status":"publish","type":"post","link":"http:\/\/obeirao.pt\/online\/2019\/01\/22\/vespa-velutina-tema-de-dois-workshops-em-tondela-e-s-joao-do-monte\/","title":{"rendered":"VESPA VELUTINA: tema de dois Workshops em Tondela e S. Jo\u00e3o do Monte"},"content":{"rendered":"<span class=\"span-reading-time rt-reading-time\" style=\"display: block;\"><span class=\"rt-label rt-prefix\">tempo de leitura:<\/span> <span class=\"rt-time\"> &lt; 1<\/span> <span class=\"rt-label rt-postfix\">minuto<\/span><\/span><p><span style=\"font-size: 24pt\"><strong><a href=\"http:\/\/obeirao.pt\/online\/wp-content\/uploads\/2019\/01\/vespa-velutina.jpg\"><img loading=\"lazy\" decoding=\"async\" class=\"alignleft wp-image-2497 size-medium\" src=\"http:\/\/obeirao.pt\/online\/wp-content\/uploads\/2019\/01\/vespa-velutina-286x300.jpg\" alt=\"\" width=\"286\" height=\"300\" srcset=\"http:\/\/obeirao.pt\/online\/wp-content\/uploads\/2019\/01\/vespa-velutina-286x300.jpg 286w, http:\/\/obeirao.pt\/online\/wp-content\/uploads\/2019\/01\/vespa-velutina-768x807.jpg 768w, http:\/\/obeirao.pt\/online\/wp-content\/uploads\/2019\/01\/vespa-velutina.jpg 975w, http:\/\/obeirao.pt\/online\/wp-content\/uploads\/2019\/01\/vespa-velutina-640x672.jpg 640w\" sizes=\"(max-width: 286px) 100vw, 286px\" \/><\/a><\/strong><\/span><span style=\"font-size: 14pt\"><em><strong>A C\u00e2mara Municipal de Tondela realiza nos dias 25 e 26 de Janeiro, workshops sobre a tem\u00e1tica da Vespa Velutina, no \u00e2mbito do Plano Municipal de Ac\u00e7\u00e3o para a Vigil\u00e2ncia e Controlo da Vespa Velutina.<\/strong><\/em><\/span><!--more--><\/p>\n<p><span style=\"font-size: 14pt;color: #000000\">Sendo orador, Bruno Moreira, a primeira ac\u00e7\u00e3o ter\u00e1 lugar a partir das 21h00 do dia 25 de Janeiro na Biblioteca Municipal de Tondela, enquanto que a segunda ac\u00e7\u00e3o est\u00e1 agendada para as 15h00 do dia 26 de Janeiro, na sede da Uni\u00e3o de Freguesias de S\u00e3o Jo\u00e3o do Monte e Mosteirinho, em S\u00e3o Jo\u00e3o do Monte.<\/span><\/p>\n<p><span style=\"font-size: 14pt;color: #000000\">Estas ac\u00e7\u00f5es s\u00e3o dirigidas a apicultores, t\u00e9cnicos, juntas de freguesias, GNR e \u00e0 popula\u00e7\u00e3o em geral e t\u00eam como objectivo sensibilizar a popula\u00e7\u00e3o para a colabora\u00e7\u00e3o com as entidades oficiais na identifica\u00e7\u00e3o e comunica\u00e7\u00e3o de eventuais ninhos, capacitar para a preven\u00e7\u00e3o, nomeadamente na coloca\u00e7\u00e3o de armadilhas selectivas para mitigar o efeito predador da vespa velutina.<\/span><\/p>\n<p><span style=\"font-size: 14pt;color: #000000\">O Munic\u00edpio, por interm\u00e9dio da comunica\u00e7\u00e3o social, apela \u00e0 participa\u00e7\u00e3o da comunidade, no sentido do esclarecimento de d\u00favidas e, sobretudo, na uni\u00e3o de esfor\u00e7os para minimizar os danos causados por esta praga, que tantos estragos t\u00eam provocado \u00e0 apicultura regional e nacional.<\/span><\/p>\n<p>&nbsp;<\/p>\n","protected":false},"excerpt":{"rendered":"<div class=\"mh-excerpt\"><span class=\"span-reading-time rt-reading-time\" style=\"display: block;\"><span class=\"rt-label rt-prefix\">tempo de leitura:<\/span> <span class=\"rt-time\"> &lt; 1<\/span> <span class=\"rt-label rt-postfix\">minuto<\/span><\/span>A C\u00e2mara Municipal de Tondela realiza nos dias 25 e 26 de Janeiro, workshops sobre a tem\u00e1tica da Vespa Velutina, no \u00e2mbito do Plano Municipal <a class=\"mh-excerpt-more\" href=\"http:\/\/obeirao.pt\/online\/2019\/01\/22\/vespa-velutina-tema-de-dois-workshops-em-tondela-e-s-joao-do-monte\/\" title=\"VESPA VELUTINA: tema de dois Workshops em Tondela e S. Jo\u00e3o do Monte\">[&#8230;]<\/a><\/div>\n","protected":false},"author":2,"featured_media":2497,"comment_status":"open","ping_status":"open","sticky":false,"template":"","format":"standard","meta":{"footnotes":""},"categories":[2,4,63],"tags":[],"class_list":["post-2496","post","type-post","status-publish","format-standard","has-post-thumbnail","hentry","category-principal","category-regiao","category-tondela"],"yoast_head":"<!-- This site is optimized with the Yoast SEO plugin v27.4 - https:\/\/yoast.com\/product\/yoast-seo-wordpress\/ -->\n<title>VESPA VELUTINA: tema de dois Workshops em Tondela e S. Jo\u00e3o do Monte - Beir\u00e3o Online<\/title>\n<meta name=\"robots\" content=\"index, follow, max-snippet:-1, max-image-preview:large, max-video-preview:-1\" \/>\n<link rel=\"canonical\" href=\"http:\/\/obeirao.pt\/online\/2019\/01\/22\/vespa-velutina-tema-de-dois-workshops-em-tondela-e-s-joao-do-monte\/\" \/>\n<meta property=\"og:locale\" content=\"pt_PT\" \/>\n<meta property=\"og:type\" content=\"article\" \/>\n<meta property=\"og:title\" content=\"VESPA VELUTINA: tema de dois Workshops em Tondela e S. Jo\u00e3o do Monte - Beir\u00e3o Online\" \/>\n<meta property=\"og:description\" content=\"tempo de leitura: &lt; 1 minutoA C\u00e2mara Municipal de Tondela realiza nos dias 25 e 26 de Janeiro, workshops sobre a tem\u00e1tica da Vespa Velutina, no \u00e2mbito do Plano Municipal [...]\" \/>\n<meta property=\"og:url\" content=\"http:\/\/obeirao.pt\/online\/2019\/01\/22\/vespa-velutina-tema-de-dois-workshops-em-tondela-e-s-joao-do-monte\/\" \/>\n<meta property=\"og:site_name\" content=\"Beir\u00e3o Online\" \/>\n<meta property=\"article:publisher\" content=\"https:\/\/pt-br.facebook.com\/pages\/Amigos-de-Tondela\/273620439973877\" \/>\n<meta property=\"article:published_time\" content=\"2019-01-22T15:48:08+00:00\" \/>\n<meta property=\"article:modified_time\" content=\"2019-01-22T15:56:02+00:00\" \/>\n<meta property=\"og:image\" content=\"http:\/\/obeirao.pt\/online\/wp-content\/uploads\/2019\/01\/vespa-velutina.jpg\" \/>\n\t<meta property=\"og:image:width\" content=\"975\" \/>\n\t<meta property=\"og:image:height\" content=\"1024\" \/>\n\t<meta property=\"og:image:type\" content=\"image\/jpeg\" \/>\n<meta name=\"author\" content=\"Z\u00e9 Beir\u00e3o\" \/>\n<meta name=\"twitter:card\" content=\"summary_large_image\" \/>\n<meta name=\"twitter:creator\" content=\"@JoaquimDuarteP2\" \/>\n<meta name=\"twitter:site\" content=\"@JoaquimDuarteP2\" \/>\n<meta name=\"twitter:label1\" content=\"Escrito por\" \/>\n\t<meta name=\"twitter:data1\" content=\"Z\u00e9 Beir\u00e3o\" \/>\n\t<meta name=\"twitter:label2\" content=\"Tempo estimado de leitura\" \/>\n\t<meta name=\"twitter:data2\" content=\"1 minuto\" \/>\n<script type=\"application\/ld+json\" class=\"yoast-schema-graph\">{\"@context\":\"https:\\\/\\\/schema.org\",\"@graph\":[{\"@type\":\"Article\",\"@id\":\"http:\\\/\\\/obeirao.pt\\\/online\\\/2019\\\/01\\\/22\\\/vespa-velutina-tema-de-dois-workshops-em-tondela-e-s-joao-do-monte\\\/#article\",\"isPartOf\":{\"@id\":\"http:\\\/\\\/obeirao.pt\\\/online\\\/2019\\\/01\\\/22\\\/vespa-velutina-tema-de-dois-workshops-em-tondela-e-s-joao-do-monte\\\/\"},\"author\":{\"name\":\"Z\u00e9 Beir\u00e3o\",\"@id\":\"http:\\\/\\\/obeirao.pt\\\/online\\\/#\\\/schema\\\/person\\\/efac69bb5a33873e1c1bb9c1165ff38c\"},\"headline\":\"VESPA VELUTINA: tema de dois Workshops em Tondela e S. Jo\u00e3o do Monte\",\"datePublished\":\"2019-01-22T15:48:08+00:00\",\"dateModified\":\"2019-01-22T15:56:02+00:00\",\"mainEntityOfPage\":{\"@id\":\"http:\\\/\\\/obeirao.pt\\\/online\\\/2019\\\/01\\\/22\\\/vespa-velutina-tema-de-dois-workshops-em-tondela-e-s-joao-do-monte\\\/\"},\"wordCount\":226,\"commentCount\":0,\"image\":{\"@id\":\"http:\\\/\\\/obeirao.pt\\\/online\\\/2019\\\/01\\\/22\\\/vespa-velutina-tema-de-dois-workshops-em-tondela-e-s-joao-do-monte\\\/#primaryimage\"},\"thumbnailUrl\":\"http:\\\/\\\/obeirao.pt\\\/online\\\/wp-content\\\/uploads\\\/2019\\\/01\\\/vespa-velutina.jpg\",\"articleSection\":[\"_Principal\",\"Regi\u00e3o\",\"Tondela\"],\"inLanguage\":\"pt-PT\"},{\"@type\":\"WebPage\",\"@id\":\"http:\\\/\\\/obeirao.pt\\\/online\\\/2019\\\/01\\\/22\\\/vespa-velutina-tema-de-dois-workshops-em-tondela-e-s-joao-do-monte\\\/\",\"url\":\"http:\\\/\\\/obeirao.pt\\\/online\\\/2019\\\/01\\\/22\\\/vespa-velutina-tema-de-dois-workshops-em-tondela-e-s-joao-do-monte\\\/\",\"name\":\"VESPA VELUTINA: tema de dois Workshops em Tondela e S. Jo\u00e3o do Monte - Beir\u00e3o Online\",\"isPartOf\":{\"@id\":\"http:\\\/\\\/obeirao.pt\\\/online\\\/#website\"},\"primaryImageOfPage\":{\"@id\":\"http:\\\/\\\/obeirao.pt\\\/online\\\/2019\\\/01\\\/22\\\/vespa-velutina-tema-de-dois-workshops-em-tondela-e-s-joao-do-monte\\\/#primaryimage\"},\"image\":{\"@id\":\"http:\\\/\\\/obeirao.pt\\\/online\\\/2019\\\/01\\\/22\\\/vespa-velutina-tema-de-dois-workshops-em-tondela-e-s-joao-do-monte\\\/#primaryimage\"},\"thumbnailUrl\":\"http:\\\/\\\/obeirao.pt\\\/online\\\/wp-content\\\/uploads\\\/2019\\\/01\\\/vespa-velutina.jpg\",\"datePublished\":\"2019-01-22T15:48:08+00:00\",\"dateModified\":\"2019-01-22T15:56:02+00:00\",\"author\":{\"@id\":\"http:\\\/\\\/obeirao.pt\\\/online\\\/#\\\/schema\\\/person\\\/efac69bb5a33873e1c1bb9c1165ff38c\"},\"breadcrumb\":{\"@id\":\"http:\\\/\\\/obeirao.pt\\\/online\\\/2019\\\/01\\\/22\\\/vespa-velutina-tema-de-dois-workshops-em-tondela-e-s-joao-do-monte\\\/#breadcrumb\"},\"inLanguage\":\"pt-PT\",\"potentialAction\":[{\"@type\":\"ReadAction\",\"target\":[\"http:\\\/\\\/obeirao.pt\\\/online\\\/2019\\\/01\\\/22\\\/vespa-velutina-tema-de-dois-workshops-em-tondela-e-s-joao-do-monte\\\/\"]}]},{\"@type\":\"ImageObject\",\"inLanguage\":\"pt-PT\",\"@id\":\"http:\\\/\\\/obeirao.pt\\\/online\\\/2019\\\/01\\\/22\\\/vespa-velutina-tema-de-dois-workshops-em-tondela-e-s-joao-do-monte\\\/#primaryimage\",\"url\":\"http:\\\/\\\/obeirao.pt\\\/online\\\/wp-content\\\/uploads\\\/2019\\\/01\\\/vespa-velutina.jpg\",\"contentUrl\":\"http:\\\/\\\/obeirao.pt\\\/online\\\/wp-content\\\/uploads\\\/2019\\\/01\\\/vespa-velutina.jpg\",\"width\":975,\"height\":1024},{\"@type\":\"BreadcrumbList\",\"@id\":\"http:\\\/\\\/obeirao.pt\\\/online\\\/2019\\\/01\\\/22\\\/vespa-velutina-tema-de-dois-workshops-em-tondela-e-s-joao-do-monte\\\/#breadcrumb\",\"itemListElement\":[{\"@type\":\"ListItem\",\"position\":1,\"name\":\"Home\",\"item\":\"http:\\\/\\\/obeirao.pt\\\/online\\\/\"},{\"@type\":\"ListItem\",\"position\":2,\"name\":\"VESPA VELUTINA: tema de dois Workshops em Tondela e S. Jo\u00e3o do Monte\"}]},{\"@type\":\"WebSite\",\"@id\":\"http:\\\/\\\/obeirao.pt\\\/online\\\/#website\",\"url\":\"http:\\\/\\\/obeirao.pt\\\/online\\\/\",\"name\":\"Beir\u00e3o Online\",\"description\":\"www.obeirao.pt\",\"potentialAction\":[{\"@type\":\"SearchAction\",\"target\":{\"@type\":\"EntryPoint\",\"urlTemplate\":\"http:\\\/\\\/obeirao.pt\\\/online\\\/?s={search_term_string}\"},\"query-input\":{\"@type\":\"PropertyValueSpecification\",\"valueRequired\":true,\"valueName\":\"search_term_string\"}}],\"inLanguage\":\"pt-PT\"},{\"@type\":\"Person\",\"@id\":\"http:\\\/\\\/obeirao.pt\\\/online\\\/#\\\/schema\\\/person\\\/efac69bb5a33873e1c1bb9c1165ff38c\",\"name\":\"Z\u00e9 Beir\u00e3o\",\"image\":{\"@type\":\"ImageObject\",\"inLanguage\":\"pt-PT\",\"@id\":\"http:\\\/\\\/0.gravatar.com\\\/avatar\\\/c8c44d1f9327baa4d27e9b1149cd71b3?s=96&d=mm&r=g\",\"url\":\"http:\\\/\\\/0.gravatar.com\\\/avatar\\\/c8c44d1f9327baa4d27e9b1149cd71b3?s=96&d=mm&r=g\",\"contentUrl\":\"http:\\\/\\\/0.gravatar.com\\\/avatar\\\/c8c44d1f9327baa4d27e9b1149cd71b3?s=96&d=mm&r=g\",\"caption\":\"Z\u00e9 Beir\u00e3o\"},\"url\":\"http:\\\/\\\/obeirao.pt\\\/online\\\/author\\\/zebeirao\\\/\"}]}<\/script>\n<!-- \/ Yoast SEO plugin. -->","yoast_head_json":{"title":"VESPA VELUTINA: tema de dois Workshops em Tondela e S. Jo\u00e3o do Monte - Beir\u00e3o Online","robots":{"index":"index","follow":"follow","max-snippet":"max-snippet:-1","max-image-preview":"max-image-preview:large","max-video-preview":"max-video-preview:-1"},"canonical":"http:\/\/obeirao.pt\/online\/2019\/01\/22\/vespa-velutina-tema-de-dois-workshops-em-tondela-e-s-joao-do-monte\/","og_locale":"pt_PT","og_type":"article","og_title":"VESPA VELUTINA: tema de dois Workshops em Tondela e S. Jo\u00e3o do Monte - Beir\u00e3o Online","og_description":"tempo de leitura: &lt; 1 minutoA C\u00e2mara Municipal de Tondela realiza nos dias 25 e 26 de Janeiro, workshops sobre a tem\u00e1tica da Vespa Velutina, no \u00e2mbito do Plano Municipal [...]","og_url":"http:\/\/obeirao.pt\/online\/2019\/01\/22\/vespa-velutina-tema-de-dois-workshops-em-tondela-e-s-joao-do-monte\/","og_site_name":"Beir\u00e3o Online","article_publisher":"https:\/\/pt-br.facebook.com\/pages\/Amigos-de-Tondela\/273620439973877","article_published_time":"2019-01-22T15:48:08+00:00","article_modified_time":"2019-01-22T15:56:02+00:00","og_image":[{"width":975,"height":1024,"url":"http:\/\/obeirao.pt\/online\/wp-content\/uploads\/2019\/01\/vespa-velutina.jpg","type":"image\/jpeg"}],"author":"Z\u00e9 Beir\u00e3o","twitter_card":"summary_large_image","twitter_creator":"@JoaquimDuarteP2","twitter_site":"@JoaquimDuarteP2","twitter_misc":{"Escrito por":"Z\u00e9 Beir\u00e3o","Tempo estimado de leitura":"1 minuto"},"schema":{"@context":"https:\/\/schema.org","@graph":[{"@type":"Article","@id":"http:\/\/obeirao.pt\/online\/2019\/01\/22\/vespa-velutina-tema-de-dois-workshops-em-tondela-e-s-joao-do-monte\/#article","isPartOf":{"@id":"http:\/\/obeirao.pt\/online\/2019\/01\/22\/vespa-velutina-tema-de-dois-workshops-em-tondela-e-s-joao-do-monte\/"},"author":{"name":"Z\u00e9 Beir\u00e3o","@id":"http:\/\/obeirao.pt\/online\/#\/schema\/person\/efac69bb5a33873e1c1bb9c1165ff38c"},"headline":"VESPA VELUTINA: tema de dois Workshops em Tondela e S. Jo\u00e3o do Monte","datePublished":"2019-01-22T15:48:08+00:00","dateModified":"2019-01-22T15:56:02+00:00","mainEntityOfPage":{"@id":"http:\/\/obeirao.pt\/online\/2019\/01\/22\/vespa-velutina-tema-de-dois-workshops-em-tondela-e-s-joao-do-monte\/"},"wordCount":226,"commentCount":0,"image":{"@id":"http:\/\/obeirao.pt\/online\/2019\/01\/22\/vespa-velutina-tema-de-dois-workshops-em-tondela-e-s-joao-do-monte\/#primaryimage"},"thumbnailUrl":"http:\/\/obeirao.pt\/online\/wp-content\/uploads\/2019\/01\/vespa-velutina.jpg","articleSection":["_Principal","Regi\u00e3o","Tondela"],"inLanguage":"pt-PT"},{"@type":"WebPage","@id":"http:\/\/obeirao.pt\/online\/2019\/01\/22\/vespa-velutina-tema-de-dois-workshops-em-tondela-e-s-joao-do-monte\/","url":"http:\/\/obeirao.pt\/online\/2019\/01\/22\/vespa-velutina-tema-de-dois-workshops-em-tondela-e-s-joao-do-monte\/","name":"VESPA VELUTINA: tema de dois Workshops em Tondela e S. Jo\u00e3o do Monte - Beir\u00e3o Online","isPartOf":{"@id":"http:\/\/obeirao.pt\/online\/#website"},"primaryImageOfPage":{"@id":"http:\/\/obeirao.pt\/online\/2019\/01\/22\/vespa-velutina-tema-de-dois-workshops-em-tondela-e-s-joao-do-monte\/#primaryimage"},"image":{"@id":"http:\/\/obeirao.pt\/online\/2019\/01\/22\/vespa-velutina-tema-de-dois-workshops-em-tondela-e-s-joao-do-monte\/#primaryimage"},"thumbnailUrl":"http:\/\/obeirao.pt\/online\/wp-content\/uploads\/2019\/01\/vespa-velutina.jpg","datePublished":"2019-01-22T15:48:08+00:00","dateModified":"2019-01-22T15:56:02+00:00","author":{"@id":"http:\/\/obeirao.pt\/online\/#\/schema\/person\/efac69bb5a33873e1c1bb9c1165ff38c"},"breadcrumb":{"@id":"http:\/\/obeirao.pt\/online\/2019\/01\/22\/vespa-velutina-tema-de-dois-workshops-em-tondela-e-s-joao-do-monte\/#breadcrumb"},"inLanguage":"pt-PT","potentialAction":[{"@type":"ReadAction","target":["http:\/\/obeirao.pt\/online\/2019\/01\/22\/vespa-velutina-tema-de-dois-workshops-em-tondela-e-s-joao-do-monte\/"]}]},{"@type":"ImageObject","inLanguage":"pt-PT","@id":"http:\/\/obeirao.pt\/online\/2019\/01\/22\/vespa-velutina-tema-de-dois-workshops-em-tondela-e-s-joao-do-monte\/#primaryimage","url":"http:\/\/obeirao.pt\/online\/wp-content\/uploads\/2019\/01\/vespa-velutina.jpg","contentUrl":"http:\/\/obeirao.pt\/online\/wp-content\/uploads\/2019\/01\/vespa-velutina.jpg","width":975,"height":1024},{"@type":"BreadcrumbList","@id":"http:\/\/obeirao.pt\/online\/2019\/01\/22\/vespa-velutina-tema-de-dois-workshops-em-tondela-e-s-joao-do-monte\/#breadcrumb","itemListElement":[{"@type":"ListItem","position":1,"name":"Home","item":"http:\/\/obeirao.pt\/online\/"},{"@type":"ListItem","position":2,"name":"VESPA VELUTINA: tema de dois Workshops em Tondela e S. Jo\u00e3o do Monte"}]},{"@type":"WebSite","@id":"http:\/\/obeirao.pt\/online\/#website","url":"http:\/\/obeirao.pt\/online\/","name":"Beir\u00e3o Online","description":"www.obeirao.pt","potentialAction":[{"@type":"SearchAction","target":{"@type":"EntryPoint","urlTemplate":"http:\/\/obeirao.pt\/online\/?s={search_term_string}"},"query-input":{"@type":"PropertyValueSpecification","valueRequired":true,"valueName":"search_term_string"}}],"inLanguage":"pt-PT"},{"@type":"Person","@id":"http:\/\/obeirao.pt\/online\/#\/schema\/person\/efac69bb5a33873e1c1bb9c1165ff38c","name":"Z\u00e9 Beir\u00e3o","image":{"@type":"ImageObject","inLanguage":"pt-PT","@id":"http:\/\/0.gravatar.com\/avatar\/c8c44d1f9327baa4d27e9b1149cd71b3?s=96&d=mm&r=g","url":"http:\/\/0.gravatar.com\/avatar\/c8c44d1f9327baa4d27e9b1149cd71b3?s=96&d=mm&r=g","contentUrl":"http:\/\/0.gravatar.com\/avatar\/c8c44d1f9327baa4d27e9b1149cd71b3?s=96&d=mm&r=g","caption":"Z\u00e9 Beir\u00e3o"},"url":"http:\/\/obeirao.pt\/online\/author\/zebeirao\/"}]}},"_links":{"self":[{"href":"http:\/\/obeirao.pt\/online\/wp-json\/wp\/v2\/posts\/2496"}],"collection":[{"href":"http:\/\/obeirao.pt\/online\/wp-json\/wp\/v2\/posts"}],"about":[{"href":"http:\/\/obeirao.pt\/online\/wp-json\/wp\/v2\/types\/post"}],"author":[{"embeddable":true,"href":"http:\/\/obeirao.pt\/online\/wp-json\/wp\/v2\/users\/2"}],"replies":[{"embeddable":true,"href":"http:\/\/obeirao.pt\/online\/wp-json\/wp\/v2\/comments?post=2496"}],"version-history":[{"count":3,"href":"http:\/\/obeirao.pt\/online\/wp-json\/wp\/v2\/posts\/2496\/revisions"}],"predecessor-version":[{"id":2500,"href":"http:\/\/obeirao.pt\/online\/wp-json\/wp\/v2\/posts\/2496\/revisions\/2500"}],"wp:featuredmedia":[{"embeddable":true,"href":"http:\/\/obeirao.pt\/online\/wp-json\/wp\/v2\/media\/2497"}],"wp:attachment":[{"href":"http:\/\/obeirao.pt\/online\/wp-json\/wp\/v2\/media?parent=2496"}],"wp:term":[{"taxonomy":"category","embeddable":true,"href":"http:\/\/obeirao.pt\/online\/wp-json\/wp\/v2\/categories?post=2496"},{"taxonomy":"post_tag","embeddable":true,"href":"http:\/\/obeirao.pt\/online\/wp-json\/wp\/v2\/tags?post=2496"}],"curies":[{"name":"wp","href":"https:\/\/api.w.org\/{rel}","templated":true}]}}