{"id":2557,"date":"2019-02-01T17:50:40","date_gmt":"2019-02-01T17:50:40","guid":{"rendered":"http:\/\/obeirao.pt\/online\/?p=2557"},"modified":"2020-02-03T12:06:23","modified_gmt":"2020-02-03T12:06:23","slug":"mais-de-380-ocorrencias-em-varios-distritos-devido-ao-mau-tempo","status":"publish","type":"post","link":"http:\/\/obeirao.pt\/online\/2019\/02\/01\/mais-de-380-ocorrencias-em-varios-distritos-devido-ao-mau-tempo\/","title":{"rendered":"MAIS DE 380 OCORR\u00caNCIAS EM V\u00c1RIOS DISTRITOS DEVIDO AO MAU TEMPO"},"content":{"rendered":"<span class=\"span-reading-time rt-reading-time\" style=\"display: block;\"><span class=\"rt-label rt-prefix\">tempo de leitura:<\/span> <span class=\"rt-time\"> 2<\/span> <span class=\"rt-label rt-postfix\">minutos<\/span><\/span><p><span style=\"font-size: 24pt\"><strong><a href=\"http:\/\/obeirao.pt\/online\/wp-content\/uploads\/2019\/02\/cmjornal.pt_.jpg\"><img loading=\"lazy\" decoding=\"async\" class=\"alignleft wp-image-2558\" src=\"http:\/\/obeirao.pt\/online\/wp-content\/uploads\/2019\/02\/cmjornal.pt_-300x167.jpg\" alt=\"\" width=\"345\" height=\"192\" srcset=\"http:\/\/obeirao.pt\/online\/wp-content\/uploads\/2019\/02\/cmjornal.pt_-300x167.jpg 300w, http:\/\/obeirao.pt\/online\/wp-content\/uploads\/2019\/02\/cmjornal.pt_-768x427.jpg 768w, http:\/\/obeirao.pt\/online\/wp-content\/uploads\/2019\/02\/cmjornal.pt_-640x356.jpg 640w, http:\/\/obeirao.pt\/online\/wp-content\/uploads\/2019\/02\/cmjornal.pt_.jpg 818w\" sizes=\"(max-width: 345px) 100vw, 345px\" \/><\/a><\/strong><\/span><span style=\"font-size: 12pt;font-family: georgia, palatino, serif\"><strong><em>A Protec\u00e7\u00e3o Civil registou at\u00e9 \u00e0s 13:30 de hoje, 382 ocorr\u00eancias relacionadas com o mau tempo em v\u00e1rios distritos de Portugal continental, das quais se destacam a queda de \u00e1rvores e inunda\u00e7\u00f5es devido \u00e0 precipita\u00e7\u00e3o intensa.<\/em><\/strong><!--more--><\/span><\/p>\n<p><span style=\"font-size: 12pt;font-family: georgia, palatino, serif\">De acordo com informa\u00e7\u00e3o divulgada na p\u00e1gina da Internet da Autoridade Nacional da Protec\u00e7\u00e3o Civil (ANPC), entre as 00:00 e as 13:30 de hoje estavam registadas 382 ocorr\u00eancias relacionadas com \u201cmeteorologia adversa\u201d, que mobilizaram 1.239 operacionais e 486 ve\u00edculos.<\/span><\/p>\n<p><span style=\"font-size: 12pt;font-family: georgia, palatino, serif\">A grande maioria das ocorr\u00eancias \u00e9 relativa a queda de \u00e1rvores, bem como \u00e0 queda de elementos de constru\u00e7\u00e3o em estruturas edificadas e a inunda\u00e7\u00f5es de estruturas ou superf\u00edcies por precipita\u00e7\u00e3o intensa.<\/span><\/p>\n<p><span style=\"font-size: 12pt;font-family: georgia, palatino, serif\">Portugal continental est\u00e1 a ser afectado pelos efeitos da depress\u00e3o \u201cHelena\u201d, centrada a noroeste do golfo de Biscaia, Espanha.<\/span><\/p>\n<p><span style=\"font-size: 12pt;font-family: georgia, palatino, serif\">Esta depress\u00e3o vai afectar Portugal continental em particular no que respeita ao vento e \u00e0 agita\u00e7\u00e3o mar\u00edtima na costa ocidental.<\/span><\/p>\n<p><span style=\"font-size: 12pt;font-family: georgia, palatino, serif\">De acordo com o Instituto Portugu\u00eas do Mar e da Atmosfera (IPMA) os distritos de Viana do Castelo, Braga, Porto, Aveiro, Coimbra, Leiria, Lisboa e Set\u00fabal v\u00e3o estar entre as 12:00 e as 21:00 de hoje sob aviso vermelho devido \u00e0 previs\u00e3o de agita\u00e7\u00e3o mar\u00edtima.<\/span><\/p>\n<p><span style=\"font-size: 12pt;font-family: georgia, palatino, serif\">Al\u00e9m do vermelho para a agita\u00e7\u00e3o mar\u00edtima, o IPMA emitiu avisos laranja e amarelo para hoje e s\u00e1bado, devido ao vento, para todos os distritos de Portugal continental, excepto \u00c9vora, e devido a neve para Viana do Castelo, Braga, Porto, Vila Real, Bragan\u00e7a, Viseu, Guarda, Castelo Branco, Aveiro e Coimbra.<\/span><\/p>\n<p><span style=\"font-size: 12pt;font-family: georgia, palatino, serif\">Para hoje est\u00e1 previsto vento forte de noroeste, com rajadas at\u00e9 75\/85 quil\u00f3metros\/hora (km\/h) no litoral, que dever\u00e3o atingir valores da ordem de 110 km\/h a norte do cabo Mondego e nas terras altas do Minho e Douro litoral e da regi\u00e3o Centro.<\/span><\/p>\n<p><span style=\"font-size: 12pt;font-family: georgia, palatino, serif\">Quanto \u00e0 agita\u00e7\u00e3o mar\u00edtima, a previs\u00e3o aponta para a costa ocidental ondas de cinco a sete metros, e temporariamente a norte do cabo Raso, passando a sete a oito metros durante a tarde e in\u00edcio da noite, e com uma altura m\u00e1xima que poder\u00e1 atingir 15 metros.<\/span><\/p>\n<p><span style=\"font-size: 12pt;font-family: georgia, palatino, serif\">Por causa do mau tempo, a Autoridade Nacional de Protec\u00e7\u00e3o Civil alertou para a possibilidade de cheias, forma\u00e7\u00e3o de len\u00e7\u00f3is de \u00e1gua e gelo e quedas de \u00e1rvore, devido \u00e0s previs\u00f5es de chuva, neve, vento e agita\u00e7\u00e3o mar\u00edtima para os pr\u00f3ximos dias.<\/span><\/p>\n<p><span style=\"font-size: 12pt;font-family: georgia, palatino, serif\">Tamb\u00e9m a Autoridade Mar\u00edtima Nacional alertou para o agravamento das condi\u00e7\u00f5es meteorol\u00f3gicas e oceanogr\u00e1ficas na zona norte de Portugal continental, entre a madrugada de hoje e a de s\u00e1bado.<\/span><\/p>\n","protected":false},"excerpt":{"rendered":"<div class=\"mh-excerpt\"><span class=\"span-reading-time rt-reading-time\" style=\"display: block;\"><span class=\"rt-label rt-prefix\">tempo de leitura:<\/span> <span class=\"rt-time\"> 2<\/span> <span class=\"rt-label rt-postfix\">minutos<\/span><\/span>A Protec\u00e7\u00e3o Civil registou at\u00e9 \u00e0s 13:30 de hoje, 382 ocorr\u00eancias relacionadas com o mau tempo em v\u00e1rios distritos de Portugal continental, das quais se <a class=\"mh-excerpt-more\" href=\"http:\/\/obeirao.pt\/online\/2019\/02\/01\/mais-de-380-ocorrencias-em-varios-distritos-devido-ao-mau-tempo\/\" title=\"MAIS DE 380 OCORR\u00caNCIAS EM V\u00c1RIOS DISTRITOS DEVIDO AO MAU TEMPO\">[&#8230;]<\/a><\/div>\n","protected":false},"author":2,"featured_media":2558,"comment_status":"open","ping_status":"open","sticky":false,"template":"","format":"standard","meta":{"footnotes":""},"categories":[2,6],"tags":[],"class_list":["post-2557","post","type-post","status-publish","format-standard","has-post-thumbnail","hentry","category-principal","category-pais"],"yoast_head":"<!-- This site is optimized with the Yoast SEO plugin v27.4 - https:\/\/yoast.com\/product\/yoast-seo-wordpress\/ -->\n<title>MAIS DE 380 OCORR\u00caNCIAS EM V\u00c1RIOS DISTRITOS DEVIDO AO MAU TEMPO - Beir\u00e3o Online<\/title>\n<meta name=\"robots\" content=\"index, follow, max-snippet:-1, max-image-preview:large, max-video-preview:-1\" \/>\n<link rel=\"canonical\" href=\"http:\/\/obeirao.pt\/online\/2019\/02\/01\/mais-de-380-ocorrencias-em-varios-distritos-devido-ao-mau-tempo\/\" \/>\n<meta property=\"og:locale\" content=\"pt_PT\" \/>\n<meta property=\"og:type\" content=\"article\" \/>\n<meta property=\"og:title\" content=\"MAIS DE 380 OCORR\u00caNCIAS EM V\u00c1RIOS DISTRITOS DEVIDO AO MAU TEMPO - Beir\u00e3o Online\" \/>\n<meta property=\"og:description\" content=\"tempo de leitura: 2 minutosA Protec\u00e7\u00e3o Civil registou at\u00e9 \u00e0s 13:30 de hoje, 382 ocorr\u00eancias relacionadas com o mau tempo em v\u00e1rios distritos de Portugal continental, das quais se [...]\" \/>\n<meta property=\"og:url\" content=\"http:\/\/obeirao.pt\/online\/2019\/02\/01\/mais-de-380-ocorrencias-em-varios-distritos-devido-ao-mau-tempo\/\" \/>\n<meta property=\"og:site_name\" content=\"Beir\u00e3o Online\" \/>\n<meta property=\"article:publisher\" content=\"https:\/\/pt-br.facebook.com\/pages\/Amigos-de-Tondela\/273620439973877\" \/>\n<meta property=\"article:published_time\" content=\"2019-02-01T17:50:40+00:00\" \/>\n<meta property=\"article:modified_time\" content=\"2020-02-03T12:06:23+00:00\" \/>\n<meta property=\"og:image\" content=\"http:\/\/obeirao.pt\/online\/wp-content\/uploads\/2019\/02\/cmjornal.pt_.jpg\" \/>\n\t<meta property=\"og:image:width\" content=\"818\" \/>\n\t<meta property=\"og:image:height\" content=\"455\" \/>\n\t<meta property=\"og:image:type\" content=\"image\/jpeg\" \/>\n<meta name=\"author\" content=\"Z\u00e9 Beir\u00e3o\" \/>\n<meta name=\"twitter:card\" content=\"summary_large_image\" \/>\n<meta name=\"twitter:creator\" content=\"@JoaquimDuarteP2\" \/>\n<meta name=\"twitter:site\" content=\"@JoaquimDuarteP2\" \/>\n<meta name=\"twitter:label1\" content=\"Escrito por\" \/>\n\t<meta name=\"twitter:data1\" content=\"Z\u00e9 Beir\u00e3o\" \/>\n\t<meta name=\"twitter:label2\" content=\"Tempo estimado de leitura\" \/>\n\t<meta name=\"twitter:data2\" content=\"2 minutos\" \/>\n<script type=\"application\/ld+json\" class=\"yoast-schema-graph\">{\"@context\":\"https:\\\/\\\/schema.org\",\"@graph\":[{\"@type\":\"Article\",\"@id\":\"http:\\\/\\\/obeirao.pt\\\/online\\\/2019\\\/02\\\/01\\\/mais-de-380-ocorrencias-em-varios-distritos-devido-ao-mau-tempo\\\/#article\",\"isPartOf\":{\"@id\":\"http:\\\/\\\/obeirao.pt\\\/online\\\/2019\\\/02\\\/01\\\/mais-de-380-ocorrencias-em-varios-distritos-devido-ao-mau-tempo\\\/\"},\"author\":{\"name\":\"Z\u00e9 Beir\u00e3o\",\"@id\":\"http:\\\/\\\/obeirao.pt\\\/online\\\/#\\\/schema\\\/person\\\/efac69bb5a33873e1c1bb9c1165ff38c\"},\"headline\":\"MAIS DE 380 OCORR\u00caNCIAS EM V\u00c1RIOS DISTRITOS DEVIDO AO MAU TEMPO\",\"datePublished\":\"2019-02-01T17:50:40+00:00\",\"dateModified\":\"2020-02-03T12:06:23+00:00\",\"mainEntityOfPage\":{\"@id\":\"http:\\\/\\\/obeirao.pt\\\/online\\\/2019\\\/02\\\/01\\\/mais-de-380-ocorrencias-em-varios-distritos-devido-ao-mau-tempo\\\/\"},\"wordCount\":450,\"commentCount\":0,\"image\":{\"@id\":\"http:\\\/\\\/obeirao.pt\\\/online\\\/2019\\\/02\\\/01\\\/mais-de-380-ocorrencias-em-varios-distritos-devido-ao-mau-tempo\\\/#primaryimage\"},\"thumbnailUrl\":\"http:\\\/\\\/obeirao.pt\\\/online\\\/wp-content\\\/uploads\\\/2019\\\/02\\\/cmjornal.pt_.jpg\",\"articleSection\":[\"_Principal\",\"Pa\u00eds\"],\"inLanguage\":\"pt-PT\"},{\"@type\":\"WebPage\",\"@id\":\"http:\\\/\\\/obeirao.pt\\\/online\\\/2019\\\/02\\\/01\\\/mais-de-380-ocorrencias-em-varios-distritos-devido-ao-mau-tempo\\\/\",\"url\":\"http:\\\/\\\/obeirao.pt\\\/online\\\/2019\\\/02\\\/01\\\/mais-de-380-ocorrencias-em-varios-distritos-devido-ao-mau-tempo\\\/\",\"name\":\"MAIS DE 380 OCORR\u00caNCIAS EM V\u00c1RIOS DISTRITOS DEVIDO AO MAU TEMPO - Beir\u00e3o Online\",\"isPartOf\":{\"@id\":\"http:\\\/\\\/obeirao.pt\\\/online\\\/#website\"},\"primaryImageOfPage\":{\"@id\":\"http:\\\/\\\/obeirao.pt\\\/online\\\/2019\\\/02\\\/01\\\/mais-de-380-ocorrencias-em-varios-distritos-devido-ao-mau-tempo\\\/#primaryimage\"},\"image\":{\"@id\":\"http:\\\/\\\/obeirao.pt\\\/online\\\/2019\\\/02\\\/01\\\/mais-de-380-ocorrencias-em-varios-distritos-devido-ao-mau-tempo\\\/#primaryimage\"},\"thumbnailUrl\":\"http:\\\/\\\/obeirao.pt\\\/online\\\/wp-content\\\/uploads\\\/2019\\\/02\\\/cmjornal.pt_.jpg\",\"datePublished\":\"2019-02-01T17:50:40+00:00\",\"dateModified\":\"2020-02-03T12:06:23+00:00\",\"author\":{\"@id\":\"http:\\\/\\\/obeirao.pt\\\/online\\\/#\\\/schema\\\/person\\\/efac69bb5a33873e1c1bb9c1165ff38c\"},\"breadcrumb\":{\"@id\":\"http:\\\/\\\/obeirao.pt\\\/online\\\/2019\\\/02\\\/01\\\/mais-de-380-ocorrencias-em-varios-distritos-devido-ao-mau-tempo\\\/#breadcrumb\"},\"inLanguage\":\"pt-PT\",\"potentialAction\":[{\"@type\":\"ReadAction\",\"target\":[\"http:\\\/\\\/obeirao.pt\\\/online\\\/2019\\\/02\\\/01\\\/mais-de-380-ocorrencias-em-varios-distritos-devido-ao-mau-tempo\\\/\"]}]},{\"@type\":\"ImageObject\",\"inLanguage\":\"pt-PT\",\"@id\":\"http:\\\/\\\/obeirao.pt\\\/online\\\/2019\\\/02\\\/01\\\/mais-de-380-ocorrencias-em-varios-distritos-devido-ao-mau-tempo\\\/#primaryimage\",\"url\":\"http:\\\/\\\/obeirao.pt\\\/online\\\/wp-content\\\/uploads\\\/2019\\\/02\\\/cmjornal.pt_.jpg\",\"contentUrl\":\"http:\\\/\\\/obeirao.pt\\\/online\\\/wp-content\\\/uploads\\\/2019\\\/02\\\/cmjornal.pt_.jpg\",\"width\":818,\"height\":455},{\"@type\":\"BreadcrumbList\",\"@id\":\"http:\\\/\\\/obeirao.pt\\\/online\\\/2019\\\/02\\\/01\\\/mais-de-380-ocorrencias-em-varios-distritos-devido-ao-mau-tempo\\\/#breadcrumb\",\"itemListElement\":[{\"@type\":\"ListItem\",\"position\":1,\"name\":\"Home\",\"item\":\"http:\\\/\\\/obeirao.pt\\\/online\\\/\"},{\"@type\":\"ListItem\",\"position\":2,\"name\":\"MAIS DE 380 OCORR\u00caNCIAS EM V\u00c1RIOS DISTRITOS DEVIDO AO MAU TEMPO\"}]},{\"@type\":\"WebSite\",\"@id\":\"http:\\\/\\\/obeirao.pt\\\/online\\\/#website\",\"url\":\"http:\\\/\\\/obeirao.pt\\\/online\\\/\",\"name\":\"Beir\u00e3o Online\",\"description\":\"www.obeirao.pt\",\"potentialAction\":[{\"@type\":\"SearchAction\",\"target\":{\"@type\":\"EntryPoint\",\"urlTemplate\":\"http:\\\/\\\/obeirao.pt\\\/online\\\/?s={search_term_string}\"},\"query-input\":{\"@type\":\"PropertyValueSpecification\",\"valueRequired\":true,\"valueName\":\"search_term_string\"}}],\"inLanguage\":\"pt-PT\"},{\"@type\":\"Person\",\"@id\":\"http:\\\/\\\/obeirao.pt\\\/online\\\/#\\\/schema\\\/person\\\/efac69bb5a33873e1c1bb9c1165ff38c\",\"name\":\"Z\u00e9 Beir\u00e3o\",\"image\":{\"@type\":\"ImageObject\",\"inLanguage\":\"pt-PT\",\"@id\":\"http:\\\/\\\/0.gravatar.com\\\/avatar\\\/c8c44d1f9327baa4d27e9b1149cd71b3?s=96&d=mm&r=g\",\"url\":\"http:\\\/\\\/0.gravatar.com\\\/avatar\\\/c8c44d1f9327baa4d27e9b1149cd71b3?s=96&d=mm&r=g\",\"contentUrl\":\"http:\\\/\\\/0.gravatar.com\\\/avatar\\\/c8c44d1f9327baa4d27e9b1149cd71b3?s=96&d=mm&r=g\",\"caption\":\"Z\u00e9 Beir\u00e3o\"},\"url\":\"http:\\\/\\\/obeirao.pt\\\/online\\\/author\\\/zebeirao\\\/\"}]}<\/script>\n<!-- \/ Yoast SEO plugin. -->","yoast_head_json":{"title":"MAIS DE 380 OCORR\u00caNCIAS EM V\u00c1RIOS DISTRITOS DEVIDO AO MAU TEMPO - Beir\u00e3o Online","robots":{"index":"index","follow":"follow","max-snippet":"max-snippet:-1","max-image-preview":"max-image-preview:large","max-video-preview":"max-video-preview:-1"},"canonical":"http:\/\/obeirao.pt\/online\/2019\/02\/01\/mais-de-380-ocorrencias-em-varios-distritos-devido-ao-mau-tempo\/","og_locale":"pt_PT","og_type":"article","og_title":"MAIS DE 380 OCORR\u00caNCIAS EM V\u00c1RIOS DISTRITOS DEVIDO AO MAU TEMPO - Beir\u00e3o Online","og_description":"tempo de leitura: 2 minutosA Protec\u00e7\u00e3o Civil registou at\u00e9 \u00e0s 13:30 de hoje, 382 ocorr\u00eancias relacionadas com o mau tempo em v\u00e1rios distritos de Portugal continental, das quais se [...]","og_url":"http:\/\/obeirao.pt\/online\/2019\/02\/01\/mais-de-380-ocorrencias-em-varios-distritos-devido-ao-mau-tempo\/","og_site_name":"Beir\u00e3o Online","article_publisher":"https:\/\/pt-br.facebook.com\/pages\/Amigos-de-Tondela\/273620439973877","article_published_time":"2019-02-01T17:50:40+00:00","article_modified_time":"2020-02-03T12:06:23+00:00","og_image":[{"width":818,"height":455,"url":"http:\/\/obeirao.pt\/online\/wp-content\/uploads\/2019\/02\/cmjornal.pt_.jpg","type":"image\/jpeg"}],"author":"Z\u00e9 Beir\u00e3o","twitter_card":"summary_large_image","twitter_creator":"@JoaquimDuarteP2","twitter_site":"@JoaquimDuarteP2","twitter_misc":{"Escrito por":"Z\u00e9 Beir\u00e3o","Tempo estimado de leitura":"2 minutos"},"schema":{"@context":"https:\/\/schema.org","@graph":[{"@type":"Article","@id":"http:\/\/obeirao.pt\/online\/2019\/02\/01\/mais-de-380-ocorrencias-em-varios-distritos-devido-ao-mau-tempo\/#article","isPartOf":{"@id":"http:\/\/obeirao.pt\/online\/2019\/02\/01\/mais-de-380-ocorrencias-em-varios-distritos-devido-ao-mau-tempo\/"},"author":{"name":"Z\u00e9 Beir\u00e3o","@id":"http:\/\/obeirao.pt\/online\/#\/schema\/person\/efac69bb5a33873e1c1bb9c1165ff38c"},"headline":"MAIS DE 380 OCORR\u00caNCIAS EM V\u00c1RIOS DISTRITOS DEVIDO AO MAU TEMPO","datePublished":"2019-02-01T17:50:40+00:00","dateModified":"2020-02-03T12:06:23+00:00","mainEntityOfPage":{"@id":"http:\/\/obeirao.pt\/online\/2019\/02\/01\/mais-de-380-ocorrencias-em-varios-distritos-devido-ao-mau-tempo\/"},"wordCount":450,"commentCount":0,"image":{"@id":"http:\/\/obeirao.pt\/online\/2019\/02\/01\/mais-de-380-ocorrencias-em-varios-distritos-devido-ao-mau-tempo\/#primaryimage"},"thumbnailUrl":"http:\/\/obeirao.pt\/online\/wp-content\/uploads\/2019\/02\/cmjornal.pt_.jpg","articleSection":["_Principal","Pa\u00eds"],"inLanguage":"pt-PT"},{"@type":"WebPage","@id":"http:\/\/obeirao.pt\/online\/2019\/02\/01\/mais-de-380-ocorrencias-em-varios-distritos-devido-ao-mau-tempo\/","url":"http:\/\/obeirao.pt\/online\/2019\/02\/01\/mais-de-380-ocorrencias-em-varios-distritos-devido-ao-mau-tempo\/","name":"MAIS DE 380 OCORR\u00caNCIAS EM V\u00c1RIOS DISTRITOS DEVIDO AO MAU TEMPO - Beir\u00e3o Online","isPartOf":{"@id":"http:\/\/obeirao.pt\/online\/#website"},"primaryImageOfPage":{"@id":"http:\/\/obeirao.pt\/online\/2019\/02\/01\/mais-de-380-ocorrencias-em-varios-distritos-devido-ao-mau-tempo\/#primaryimage"},"image":{"@id":"http:\/\/obeirao.pt\/online\/2019\/02\/01\/mais-de-380-ocorrencias-em-varios-distritos-devido-ao-mau-tempo\/#primaryimage"},"thumbnailUrl":"http:\/\/obeirao.pt\/online\/wp-content\/uploads\/2019\/02\/cmjornal.pt_.jpg","datePublished":"2019-02-01T17:50:40+00:00","dateModified":"2020-02-03T12:06:23+00:00","author":{"@id":"http:\/\/obeirao.pt\/online\/#\/schema\/person\/efac69bb5a33873e1c1bb9c1165ff38c"},"breadcrumb":{"@id":"http:\/\/obeirao.pt\/online\/2019\/02\/01\/mais-de-380-ocorrencias-em-varios-distritos-devido-ao-mau-tempo\/#breadcrumb"},"inLanguage":"pt-PT","potentialAction":[{"@type":"ReadAction","target":["http:\/\/obeirao.pt\/online\/2019\/02\/01\/mais-de-380-ocorrencias-em-varios-distritos-devido-ao-mau-tempo\/"]}]},{"@type":"ImageObject","inLanguage":"pt-PT","@id":"http:\/\/obeirao.pt\/online\/2019\/02\/01\/mais-de-380-ocorrencias-em-varios-distritos-devido-ao-mau-tempo\/#primaryimage","url":"http:\/\/obeirao.pt\/online\/wp-content\/uploads\/2019\/02\/cmjornal.pt_.jpg","contentUrl":"http:\/\/obeirao.pt\/online\/wp-content\/uploads\/2019\/02\/cmjornal.pt_.jpg","width":818,"height":455},{"@type":"BreadcrumbList","@id":"http:\/\/obeirao.pt\/online\/2019\/02\/01\/mais-de-380-ocorrencias-em-varios-distritos-devido-ao-mau-tempo\/#breadcrumb","itemListElement":[{"@type":"ListItem","position":1,"name":"Home","item":"http:\/\/obeirao.pt\/online\/"},{"@type":"ListItem","position":2,"name":"MAIS DE 380 OCORR\u00caNCIAS EM V\u00c1RIOS DISTRITOS DEVIDO AO MAU TEMPO"}]},{"@type":"WebSite","@id":"http:\/\/obeirao.pt\/online\/#website","url":"http:\/\/obeirao.pt\/online\/","name":"Beir\u00e3o Online","description":"www.obeirao.pt","potentialAction":[{"@type":"SearchAction","target":{"@type":"EntryPoint","urlTemplate":"http:\/\/obeirao.pt\/online\/?s={search_term_string}"},"query-input":{"@type":"PropertyValueSpecification","valueRequired":true,"valueName":"search_term_string"}}],"inLanguage":"pt-PT"},{"@type":"Person","@id":"http:\/\/obeirao.pt\/online\/#\/schema\/person\/efac69bb5a33873e1c1bb9c1165ff38c","name":"Z\u00e9 Beir\u00e3o","image":{"@type":"ImageObject","inLanguage":"pt-PT","@id":"http:\/\/0.gravatar.com\/avatar\/c8c44d1f9327baa4d27e9b1149cd71b3?s=96&d=mm&r=g","url":"http:\/\/0.gravatar.com\/avatar\/c8c44d1f9327baa4d27e9b1149cd71b3?s=96&d=mm&r=g","contentUrl":"http:\/\/0.gravatar.com\/avatar\/c8c44d1f9327baa4d27e9b1149cd71b3?s=96&d=mm&r=g","caption":"Z\u00e9 Beir\u00e3o"},"url":"http:\/\/obeirao.pt\/online\/author\/zebeirao\/"}]}},"_links":{"self":[{"href":"http:\/\/obeirao.pt\/online\/wp-json\/wp\/v2\/posts\/2557"}],"collection":[{"href":"http:\/\/obeirao.pt\/online\/wp-json\/wp\/v2\/posts"}],"about":[{"href":"http:\/\/obeirao.pt\/online\/wp-json\/wp\/v2\/types\/post"}],"author":[{"embeddable":true,"href":"http:\/\/obeirao.pt\/online\/wp-json\/wp\/v2\/users\/2"}],"replies":[{"embeddable":true,"href":"http:\/\/obeirao.pt\/online\/wp-json\/wp\/v2\/comments?post=2557"}],"version-history":[{"count":2,"href":"http:\/\/obeirao.pt\/online\/wp-json\/wp\/v2\/posts\/2557\/revisions"}],"predecessor-version":[{"id":2563,"href":"http:\/\/obeirao.pt\/online\/wp-json\/wp\/v2\/posts\/2557\/revisions\/2563"}],"wp:featuredmedia":[{"embeddable":true,"href":"http:\/\/obeirao.pt\/online\/wp-json\/wp\/v2\/media\/2558"}],"wp:attachment":[{"href":"http:\/\/obeirao.pt\/online\/wp-json\/wp\/v2\/media?parent=2557"}],"wp:term":[{"taxonomy":"category","embeddable":true,"href":"http:\/\/obeirao.pt\/online\/wp-json\/wp\/v2\/categories?post=2557"},{"taxonomy":"post_tag","embeddable":true,"href":"http:\/\/obeirao.pt\/online\/wp-json\/wp\/v2\/tags?post=2557"}],"curies":[{"name":"wp","href":"https:\/\/api.w.org\/{rel}","templated":true}]}}