{"id":2589,"date":"2019-02-19T15:29:47","date_gmt":"2019-02-19T15:29:47","guid":{"rendered":"http:\/\/obeirao.pt\/online\/?p=2589"},"modified":"2019-02-19T15:31:18","modified_gmt":"2019-02-19T15:31:18","slug":"cd-tondela-perde-com-o-moreirense-e-fica-a-dois-pontos-da-linha-de-agua","status":"publish","type":"post","link":"http:\/\/obeirao.pt\/online\/2019\/02\/19\/cd-tondela-perde-com-o-moreirense-e-fica-a-dois-pontos-da-linha-de-agua\/","title":{"rendered":"CD TONDELA PERDE COM O MOREIRENSE e fica a dois pontos da \u201clinha de \u00e1gua\u201d !!"},"content":{"rendered":"<span class=\"span-reading-time rt-reading-time\" style=\"display: block;\"><span class=\"rt-label rt-prefix\">tempo de leitura:<\/span> <span class=\"rt-time\"> 2<\/span> <span class=\"rt-label rt-postfix\">minutos<\/span><\/span><p><span style=\"font-size: 24pt\"><strong><a href=\"http:\/\/obeirao.pt\/online\/wp-content\/uploads\/2019\/02\/autocarros-do-CDT-Tondela-2018.png\"><img loading=\"lazy\" decoding=\"async\" class=\"alignleft wp-image-2590\" src=\"http:\/\/obeirao.pt\/online\/wp-content\/uploads\/2019\/02\/autocarros-do-CDT-Tondela-2018-300x146.png\" alt=\"\" width=\"331\" height=\"161\" srcset=\"http:\/\/obeirao.pt\/online\/wp-content\/uploads\/2019\/02\/autocarros-do-CDT-Tondela-2018-300x146.png 300w, http:\/\/obeirao.pt\/online\/wp-content\/uploads\/2019\/02\/autocarros-do-CDT-Tondela-2018-768x374.png 768w, http:\/\/obeirao.pt\/online\/wp-content\/uploads\/2019\/02\/autocarros-do-CDT-Tondela-2018-640x311.png 640w, http:\/\/obeirao.pt\/online\/wp-content\/uploads\/2019\/02\/autocarros-do-CDT-Tondela-2018.png 960w\" sizes=\"(max-width: 331px) 100vw, 331px\" \/><\/a><\/strong><\/span><span style=\"font-family: georgia, palatino, serif;color: #000000;font-size: 12pt\"><strong><em>Na sua desloca\u00e7\u00e3o ao relvado do Est\u00e1dio do Moreirense, em Moreira de C\u00f3negos, o Tondela n\u00e3o logrou a almejada vit\u00f3ria, tendo perdido a partida por 2-0, situa\u00e7\u00e3o que coloca os beir\u00f5es em alerta, pois separa-os, apenas, dois pontos da \u201clinha de \u00e1gua\u201d.<\/em><\/strong><!--more--><\/span><\/p>\n<p><span style=\"font-family: georgia, palatino, serif;color: #000000;font-size: 12pt\">Na pr\u00f3xima sexta-feira, o Tondela recebe a visita do Futebol Clube do Porto e, caso de derrota, pode ser ultrapassado na tabela por v\u00e1rias equipas, todas com os mesmos pontos.<\/span><\/p>\n<p><span style=\"font-family: georgia, palatino, serif;color: #000000;font-size: 12pt\">Depois desse jogo, os beir\u00f5es t\u00eam duas desloca\u00e7\u00f5es dif\u00edceis, ao Nacional da Madeira, que j\u00e1 recuperou da goleada (10-0) do Benfica e ao Set\u00fabal.<\/span><\/p>\n<p><span style=\"font-family: georgia, palatino, serif;color: #000000;font-size: 12pt\">No jogo na vila do Moreira de C\u00f3negos, os tondelenses at\u00e9 tiveram mais posse de bola 51,6% contra 48,4 dos locais. Desfrutou de 9 cantos e o Moreirense 7, que transformou um em golo. Ao contr\u00e1rio do grupo da casa, as substitui\u00e7\u00f5es operadas por Pepa, n\u00e3o resultaram em nada positivo, j\u00e1 que, Arango (58\u2019), Jhon Murillo (64\u2019) e Jo\u00e3o Pedro (78\u2019), nada trouxeram de novo \u00e0 equipa.<\/span><\/p>\n<p><span style=\"font-family: georgia, palatino, serif;color: #000000;font-size: 12pt\">Ainda referir que a linha defensiva foi imensamente permissiva, \u201cfacilitando\u201d, abertamente, o trabalho de Texeira, aos 44\u2019 e de Bilel Aouacheira (84\u2019).<\/span><\/p>\n<p><span style=\"font-family: georgia, palatino, serif;color: #000000;font-size: 12pt\">O Moreirense, com este resultado, vai segurando o 5.\u00ba lugar, que lhe permite sonhar com a Europa, al\u00e9m, de que foi a primeira vit\u00f3ria contra o Tondela no seu reduto em todos os jogos ali disputados na I Liga.<\/span><\/p>\n<p><span style=\"font-size: 18pt;font-family: georgia, palatino, serif;color: #ff0000;background-color: #ffff00\"><strong><em>\u201cO futebol \u00e9 golos\u201d<\/em><\/strong><\/span><\/p>\n<p><span style=\"font-family: georgia, palatino, serif;color: #000000;font-size: 12pt\">Por seu turno, a equipa beir\u00e3, apenas se pode queixar, desta vez, de si pr\u00f3pria, pois n\u00e3o foi eficaz, tanto no ataque como na defesa.<\/span><\/p>\n<p><span style=\"font-family: georgia, palatino, serif;color: #000000;font-size: 12pt\">O t\u00e9cnico do CDT, antes do encontro, at\u00e9 tinha afirmado que o futebol <strong>\u201c\u00e9 golos\u201d,<\/strong> \u00e9 o que <strong>\u201cd\u00e1 vida ao futebol<\/strong>\u201d e que, <strong>\u201cqueremos dar vida e sa\u00fade ao futebol\u201d.<\/strong><\/span><\/p>\n<p><span style=\"font-family: georgia, palatino, serif;color: #000000;font-size: 12pt\">Neste encontro, assim n\u00e3o aconteceu. O CDT n\u00e3o teve golos nem futebol, pelo menos um futebol igual \u00e0quele que praticou com o Sporting (apenas com 10 jogadores) e o Guimar\u00e3es.<\/span><\/p>\n<ul style=\"list-style-type: disc\">\n<li><span style=\"font-family: georgia, palatino, serif;color: #000000;font-size: 12pt\"><strong>JOGO:<\/strong> Est\u00e1dio Comendador Joaquim de Almeida Freitas, em Moreira de C\u00f3negos<\/span><\/li>\n<li><span style=\"font-family: georgia, palatino, serif;color: #000000;font-size: 12pt\"><strong>\u00c1RBITRO:<\/strong> Rui Costa<\/span><\/li>\n<li><span style=\"font-family: georgia, palatino, serif;color: #000000;font-size: 12pt\"><strong>ASSIST\u00caNCIA:<\/strong> 2090 pessoas<\/span><\/li>\n<li><span style=\"font-family: georgia, palatino, serif;color: #000000;font-size: 12pt\"><strong>AO INTERVALO: 1-0<\/strong><\/span><\/li>\n<li><span style=\"font-family: georgia, palatino, serif;color: #000000;font-size: 12pt\"><strong>MARCADORES:<\/strong> Teixeira (44\u2019) e Bilel Aouacheira (84\u2019)<\/span><\/li>\n<li><span style=\"font-family: georgia, palatino, serif;color: #000000;font-size: 12pt\"><strong>DISCIPLINA:<\/strong> Cart\u00e3o amarelo para Ars\u00e9nio (27\u2019), R. Halliche (60\u2019) e Jorge Fernandes (83\u2019)<\/span><\/li>\n<\/ul>\n<p><span style=\"font-family: georgia, palatino, serif;color: #008000\"><span style=\"font-size: 18pt\"><strong>MOREIRENSE, 2 <\/strong><\/span>(4x2x3x1)<\/span><\/p>\n<ul style=\"list-style-type: disc\">\n<li><span style=\"font-family: georgia, palatino, serif;color: #000000;font-size: 12pt\">Jhonatan; Jo\u00e3o Aur\u00e9lio, R. Halliche, Ivanildo Fernandes e R\u00faben Lim a;\u00a0 Neto e F\u00e1bio Pacheco; Ars\u00e9nio (Bilel Aouacheira 81\u2019), Chiquinho (Ibrahima Camar\u00e1 87\u2019) e Heriberto Tavares ( P. Rodriguez 72\u2019) e Teixeira.<\/span><\/li>\n<li><span style=\"font-family: georgia, palatino, serif;color: #000000;font-size: 12pt\"><strong>N\u00c3O UTILIZADOS:<\/strong> Pedro Trigueira, Nen\u00ea, Bruno Silva e A\u2019Dalberto.<\/span><\/li>\n<li><span style=\"font-family: georgia, palatino, serif;color: #000000;font-size: 12pt\"><strong>TREINADOR: Ivo Vieira.<\/strong><\/span><\/li>\n<\/ul>\n<p><span style=\"font-family: georgia, palatino, serif;color: #008000;background-color: #ffff00\"><span style=\"font-size: 18pt;background-color: #ffff00\"><strong>\u00a0<\/strong><strong>TONDELA, 0 <\/strong><\/span>(4x4x2)<\/span><\/p>\n<ul style=\"list-style-type: disc\">\n<li><span style=\"font-family: georgia, palatino, serif;color: #000000;font-size: 12pt\">Cl\u00e1udio Ramos; F. Moufi, Ricardo Costa, Jorge Fernandes e Jo\u00e3ozinho; J. Delgado (Jhon Murillo 64\u2019), Tembeng (Arango 58\u2019), Jaquit\u00e9 e Xavier; Toman\u00e9 e S\u00e9rgio Pe\u00f1a.<\/span><\/li>\n<li><span style=\"font-family: georgia, palatino, serif;color: #000000;font-size: 12pt\"><strong>SUPLENTES N\u00c3O UTILIZADOS<\/strong>: Pedro Silva, Pit\u00e9, Jo\u00e3o Reis e Ricardo Alves.<\/span><\/li>\n<li><span style=\"font-family: georgia, palatino, serif;color: #000000;font-size: 12pt\"><strong>TREINADOR: Pepa.<\/strong><\/span><\/li>\n<\/ul>\n<p><span style=\"font-family: georgia, palatino, serif;color: #000000;font-size: 12pt\"><strong>RESULTADOS da 22.\u00aa JORNADA<\/strong><\/span><\/p>\n<ul style=\"list-style-type: disc\">\n<li><span style=\"font-family: georgia, palatino, serif;color: #000000;font-size: 12pt\">Chaves \u2013 Boavista 1-1<\/span><\/li>\n<li><span style=\"font-family: georgia, palatino, serif;color: #000000;font-size: 12pt\">Rio Ave \u2013 Santa Clara 1-2<\/span><\/li>\n<li><span style=\"font-family: georgia, palatino, serif;color: #000000;font-size: 12pt\">Nacional \u2013 Feirense 4-0<\/span><\/li>\n<li><span style=\"font-family: georgia, palatino, serif;color: #000000;font-size: 12pt\">Belenenses \u2013 Mar\u00edtimo 0-1<\/span><\/li>\n<li><span style=\"font-family: georgia, palatino, serif;color: #000000;font-size: 12pt\">Guimar\u00e3es \u2013 Portimonense 2-0<\/span><\/li>\n<li><span style=\"font-family: georgia, palatino, serif;color: #000000;font-size: 12pt\"><strong>Moreirense \u2013 TONDELA 2-0<\/strong><\/span><\/li>\n<li><span style=\"font-family: georgia, palatino, serif;color: #000000;font-size: 12pt\">Sporting \u2013 Braga 3-0<\/span><\/li>\n<li><span style=\"font-family: georgia, palatino, serif;color: #000000;font-size: 12pt\">Aves \u2013 Benfica 0-3<\/span><\/li>\n<li><span style=\"font-family: georgia, palatino, serif;color: #000000;font-size: 12pt\">Porto \u2013 Set\u00fabal 2-0<\/span><\/li>\n<\/ul>\n<p><span style=\"font-family: georgia, palatino, serif;color: #000000;font-size: 12pt\"><strong>JORNADA 23.\u00aa<\/strong><\/span><\/p>\n<ul style=\"list-style-type: disc\">\n<li><span style=\"font-family: georgia, palatino, serif;color: #000000;font-size: 12pt\"><strong>TONDELA \u2013 Porto (sexta \u2013 21h00)<\/strong><\/span><\/li>\n<li><span style=\"font-family: georgia, palatino, serif;color: #000000;font-size: 12pt\">Portimonense &#8211; Aves<\/span><\/li>\n<li><span style=\"font-family: georgia, palatino, serif;color: #000000;font-size: 12pt\">Braga \u2013 Belenenses<\/span><\/li>\n<li><span style=\"font-family: georgia, palatino, serif;color: #000000;font-size: 12pt\">Set\u00fabal \u2013 Guimar\u00e3es<\/span><\/li>\n<li><span style=\"font-family: georgia, palatino, serif;color: #000000;font-size: 12pt\">Benfica \u2013 Chaves<\/span><\/li>\n<li><span style=\"font-family: georgia, palatino, serif;color: #000000;font-size: 12pt\">Boavista \u2013 Rio Ave<\/span><\/li>\n<li><span style=\"font-family: georgia, palatino, serif;color: #000000;font-size: 12pt\">Santa Clara \u2013 Nacional<\/span><\/li>\n<li><span style=\"font-family: georgia, palatino, serif;color: #000000;font-size: 12pt\">Feirense \u2013 Moreirense<\/span><\/li>\n<li><span style=\"font-family: georgia, palatino, serif;color: #000000;font-size: 12pt\">Mar\u00edtimo \u2013 Sporting<\/span><\/li>\n<li><\/li>\n<li><\/li>\n<\/ul>\n<p>&nbsp;<\/p>\n<p>&nbsp;<\/p>\n","protected":false},"excerpt":{"rendered":"<div class=\"mh-excerpt\"><span class=\"span-reading-time rt-reading-time\" style=\"display: block;\"><span class=\"rt-label rt-prefix\">tempo de leitura:<\/span> <span class=\"rt-time\"> 2<\/span> <span class=\"rt-label rt-postfix\">minutos<\/span><\/span>Na sua desloca\u00e7\u00e3o ao relvado do Est\u00e1dio do Moreirense, em Moreira de C\u00f3negos, o Tondela n\u00e3o logrou a almejada vit\u00f3ria, tendo perdido a partida por <a class=\"mh-excerpt-more\" href=\"http:\/\/obeirao.pt\/online\/2019\/02\/19\/cd-tondela-perde-com-o-moreirense-e-fica-a-dois-pontos-da-linha-de-agua\/\" title=\"CD TONDELA PERDE COM O MOREIRENSE e fica a dois pontos da \u201clinha de \u00e1gua\u201d !!\">[&#8230;]<\/a><\/div>\n","protected":false},"author":2,"featured_media":2590,"comment_status":"open","ping_status":"open","sticky":false,"template":"","format":"standard","meta":{"footnotes":""},"categories":[2,43,44],"tags":[],"class_list":["post-2589","post","type-post","status-publish","format-standard","has-post-thumbnail","hentry","category-principal","category-desporto","category-futebol"],"yoast_head":"<!-- This site is optimized with the Yoast SEO plugin v27.4 - https:\/\/yoast.com\/product\/yoast-seo-wordpress\/ -->\n<title>CD TONDELA PERDE COM O MOREIRENSE e fica a dois pontos da \u201clinha de \u00e1gua\u201d !! - Beir\u00e3o Online<\/title>\n<meta name=\"robots\" content=\"index, follow, max-snippet:-1, max-image-preview:large, max-video-preview:-1\" \/>\n<link rel=\"canonical\" href=\"http:\/\/obeirao.pt\/online\/2019\/02\/19\/cd-tondela-perde-com-o-moreirense-e-fica-a-dois-pontos-da-linha-de-agua\/\" \/>\n<meta property=\"og:locale\" content=\"pt_PT\" \/>\n<meta property=\"og:type\" content=\"article\" \/>\n<meta property=\"og:title\" content=\"CD TONDELA PERDE COM O MOREIRENSE e fica a dois pontos da \u201clinha de \u00e1gua\u201d !! - Beir\u00e3o Online\" \/>\n<meta property=\"og:description\" content=\"tempo de leitura: 2 minutosNa sua desloca\u00e7\u00e3o ao relvado do Est\u00e1dio do Moreirense, em Moreira de C\u00f3negos, o Tondela n\u00e3o logrou a almejada vit\u00f3ria, tendo perdido a partida por [...]\" \/>\n<meta property=\"og:url\" content=\"http:\/\/obeirao.pt\/online\/2019\/02\/19\/cd-tondela-perde-com-o-moreirense-e-fica-a-dois-pontos-da-linha-de-agua\/\" \/>\n<meta property=\"og:site_name\" content=\"Beir\u00e3o Online\" \/>\n<meta property=\"article:publisher\" content=\"https:\/\/pt-br.facebook.com\/pages\/Amigos-de-Tondela\/273620439973877\" \/>\n<meta property=\"article:published_time\" content=\"2019-02-19T15:29:47+00:00\" \/>\n<meta property=\"article:modified_time\" content=\"2019-02-19T15:31:18+00:00\" \/>\n<meta property=\"og:image\" content=\"http:\/\/obeirao.pt\/online\/wp-content\/uploads\/2019\/02\/autocarros-do-CDT-Tondela-2018.png\" \/>\n\t<meta property=\"og:image:width\" content=\"960\" \/>\n\t<meta property=\"og:image:height\" content=\"467\" \/>\n\t<meta property=\"og:image:type\" content=\"image\/png\" \/>\n<meta name=\"author\" content=\"Z\u00e9 Beir\u00e3o\" \/>\n<meta name=\"twitter:card\" content=\"summary_large_image\" \/>\n<meta name=\"twitter:creator\" content=\"@JoaquimDuarteP2\" \/>\n<meta name=\"twitter:site\" content=\"@JoaquimDuarteP2\" \/>\n<meta name=\"twitter:label1\" content=\"Escrito por\" \/>\n\t<meta name=\"twitter:data1\" content=\"Z\u00e9 Beir\u00e3o\" \/>\n\t<meta name=\"twitter:label2\" content=\"Tempo estimado de leitura\" \/>\n\t<meta name=\"twitter:data2\" content=\"3 minutos\" \/>\n<script type=\"application\/ld+json\" class=\"yoast-schema-graph\">{\"@context\":\"https:\\\/\\\/schema.org\",\"@graph\":[{\"@type\":\"Article\",\"@id\":\"http:\\\/\\\/obeirao.pt\\\/online\\\/2019\\\/02\\\/19\\\/cd-tondela-perde-com-o-moreirense-e-fica-a-dois-pontos-da-linha-de-agua\\\/#article\",\"isPartOf\":{\"@id\":\"http:\\\/\\\/obeirao.pt\\\/online\\\/2019\\\/02\\\/19\\\/cd-tondela-perde-com-o-moreirense-e-fica-a-dois-pontos-da-linha-de-agua\\\/\"},\"author\":{\"name\":\"Z\u00e9 Beir\u00e3o\",\"@id\":\"http:\\\/\\\/obeirao.pt\\\/online\\\/#\\\/schema\\\/person\\\/efac69bb5a33873e1c1bb9c1165ff38c\"},\"headline\":\"CD TONDELA PERDE COM O MOREIRENSE e fica a dois pontos da \u201clinha de \u00e1gua\u201d !!\",\"datePublished\":\"2019-02-19T15:29:47+00:00\",\"dateModified\":\"2019-02-19T15:31:18+00:00\",\"mainEntityOfPage\":{\"@id\":\"http:\\\/\\\/obeirao.pt\\\/online\\\/2019\\\/02\\\/19\\\/cd-tondela-perde-com-o-moreirense-e-fica-a-dois-pontos-da-linha-de-agua\\\/\"},\"wordCount\":541,\"commentCount\":0,\"image\":{\"@id\":\"http:\\\/\\\/obeirao.pt\\\/online\\\/2019\\\/02\\\/19\\\/cd-tondela-perde-com-o-moreirense-e-fica-a-dois-pontos-da-linha-de-agua\\\/#primaryimage\"},\"thumbnailUrl\":\"http:\\\/\\\/obeirao.pt\\\/online\\\/wp-content\\\/uploads\\\/2019\\\/02\\\/autocarros-do-CDT-Tondela-2018.png\",\"articleSection\":[\"_Principal\",\"Desporto\",\"Futebol\"],\"inLanguage\":\"pt-PT\"},{\"@type\":\"WebPage\",\"@id\":\"http:\\\/\\\/obeirao.pt\\\/online\\\/2019\\\/02\\\/19\\\/cd-tondela-perde-com-o-moreirense-e-fica-a-dois-pontos-da-linha-de-agua\\\/\",\"url\":\"http:\\\/\\\/obeirao.pt\\\/online\\\/2019\\\/02\\\/19\\\/cd-tondela-perde-com-o-moreirense-e-fica-a-dois-pontos-da-linha-de-agua\\\/\",\"name\":\"CD TONDELA PERDE COM O MOREIRENSE e fica a dois pontos da \u201clinha de \u00e1gua\u201d !! - Beir\u00e3o Online\",\"isPartOf\":{\"@id\":\"http:\\\/\\\/obeirao.pt\\\/online\\\/#website\"},\"primaryImageOfPage\":{\"@id\":\"http:\\\/\\\/obeirao.pt\\\/online\\\/2019\\\/02\\\/19\\\/cd-tondela-perde-com-o-moreirense-e-fica-a-dois-pontos-da-linha-de-agua\\\/#primaryimage\"},\"image\":{\"@id\":\"http:\\\/\\\/obeirao.pt\\\/online\\\/2019\\\/02\\\/19\\\/cd-tondela-perde-com-o-moreirense-e-fica-a-dois-pontos-da-linha-de-agua\\\/#primaryimage\"},\"thumbnailUrl\":\"http:\\\/\\\/obeirao.pt\\\/online\\\/wp-content\\\/uploads\\\/2019\\\/02\\\/autocarros-do-CDT-Tondela-2018.png\",\"datePublished\":\"2019-02-19T15:29:47+00:00\",\"dateModified\":\"2019-02-19T15:31:18+00:00\",\"author\":{\"@id\":\"http:\\\/\\\/obeirao.pt\\\/online\\\/#\\\/schema\\\/person\\\/efac69bb5a33873e1c1bb9c1165ff38c\"},\"breadcrumb\":{\"@id\":\"http:\\\/\\\/obeirao.pt\\\/online\\\/2019\\\/02\\\/19\\\/cd-tondela-perde-com-o-moreirense-e-fica-a-dois-pontos-da-linha-de-agua\\\/#breadcrumb\"},\"inLanguage\":\"pt-PT\",\"potentialAction\":[{\"@type\":\"ReadAction\",\"target\":[\"http:\\\/\\\/obeirao.pt\\\/online\\\/2019\\\/02\\\/19\\\/cd-tondela-perde-com-o-moreirense-e-fica-a-dois-pontos-da-linha-de-agua\\\/\"]}]},{\"@type\":\"ImageObject\",\"inLanguage\":\"pt-PT\",\"@id\":\"http:\\\/\\\/obeirao.pt\\\/online\\\/2019\\\/02\\\/19\\\/cd-tondela-perde-com-o-moreirense-e-fica-a-dois-pontos-da-linha-de-agua\\\/#primaryimage\",\"url\":\"http:\\\/\\\/obeirao.pt\\\/online\\\/wp-content\\\/uploads\\\/2019\\\/02\\\/autocarros-do-CDT-Tondela-2018.png\",\"contentUrl\":\"http:\\\/\\\/obeirao.pt\\\/online\\\/wp-content\\\/uploads\\\/2019\\\/02\\\/autocarros-do-CDT-Tondela-2018.png\",\"width\":960,\"height\":467},{\"@type\":\"BreadcrumbList\",\"@id\":\"http:\\\/\\\/obeirao.pt\\\/online\\\/2019\\\/02\\\/19\\\/cd-tondela-perde-com-o-moreirense-e-fica-a-dois-pontos-da-linha-de-agua\\\/#breadcrumb\",\"itemListElement\":[{\"@type\":\"ListItem\",\"position\":1,\"name\":\"Home\",\"item\":\"http:\\\/\\\/obeirao.pt\\\/online\\\/\"},{\"@type\":\"ListItem\",\"position\":2,\"name\":\"CD TONDELA PERDE COM O MOREIRENSE e fica a dois pontos da \u201clinha de \u00e1gua\u201d !!\"}]},{\"@type\":\"WebSite\",\"@id\":\"http:\\\/\\\/obeirao.pt\\\/online\\\/#website\",\"url\":\"http:\\\/\\\/obeirao.pt\\\/online\\\/\",\"name\":\"Beir\u00e3o Online\",\"description\":\"www.obeirao.pt\",\"potentialAction\":[{\"@type\":\"SearchAction\",\"target\":{\"@type\":\"EntryPoint\",\"urlTemplate\":\"http:\\\/\\\/obeirao.pt\\\/online\\\/?s={search_term_string}\"},\"query-input\":{\"@type\":\"PropertyValueSpecification\",\"valueRequired\":true,\"valueName\":\"search_term_string\"}}],\"inLanguage\":\"pt-PT\"},{\"@type\":\"Person\",\"@id\":\"http:\\\/\\\/obeirao.pt\\\/online\\\/#\\\/schema\\\/person\\\/efac69bb5a33873e1c1bb9c1165ff38c\",\"name\":\"Z\u00e9 Beir\u00e3o\",\"image\":{\"@type\":\"ImageObject\",\"inLanguage\":\"pt-PT\",\"@id\":\"http:\\\/\\\/0.gravatar.com\\\/avatar\\\/c8c44d1f9327baa4d27e9b1149cd71b3?s=96&d=mm&r=g\",\"url\":\"http:\\\/\\\/0.gravatar.com\\\/avatar\\\/c8c44d1f9327baa4d27e9b1149cd71b3?s=96&d=mm&r=g\",\"contentUrl\":\"http:\\\/\\\/0.gravatar.com\\\/avatar\\\/c8c44d1f9327baa4d27e9b1149cd71b3?s=96&d=mm&r=g\",\"caption\":\"Z\u00e9 Beir\u00e3o\"},\"url\":\"http:\\\/\\\/obeirao.pt\\\/online\\\/author\\\/zebeirao\\\/\"}]}<\/script>\n<!-- \/ Yoast SEO plugin. -->","yoast_head_json":{"title":"CD TONDELA PERDE COM O MOREIRENSE e fica a dois pontos da \u201clinha de \u00e1gua\u201d !! - Beir\u00e3o Online","robots":{"index":"index","follow":"follow","max-snippet":"max-snippet:-1","max-image-preview":"max-image-preview:large","max-video-preview":"max-video-preview:-1"},"canonical":"http:\/\/obeirao.pt\/online\/2019\/02\/19\/cd-tondela-perde-com-o-moreirense-e-fica-a-dois-pontos-da-linha-de-agua\/","og_locale":"pt_PT","og_type":"article","og_title":"CD TONDELA PERDE COM O MOREIRENSE e fica a dois pontos da \u201clinha de \u00e1gua\u201d !! - Beir\u00e3o Online","og_description":"tempo de leitura: 2 minutosNa sua desloca\u00e7\u00e3o ao relvado do Est\u00e1dio do Moreirense, em Moreira de C\u00f3negos, o Tondela n\u00e3o logrou a almejada vit\u00f3ria, tendo perdido a partida por [...]","og_url":"http:\/\/obeirao.pt\/online\/2019\/02\/19\/cd-tondela-perde-com-o-moreirense-e-fica-a-dois-pontos-da-linha-de-agua\/","og_site_name":"Beir\u00e3o Online","article_publisher":"https:\/\/pt-br.facebook.com\/pages\/Amigos-de-Tondela\/273620439973877","article_published_time":"2019-02-19T15:29:47+00:00","article_modified_time":"2019-02-19T15:31:18+00:00","og_image":[{"width":960,"height":467,"url":"http:\/\/obeirao.pt\/online\/wp-content\/uploads\/2019\/02\/autocarros-do-CDT-Tondela-2018.png","type":"image\/png"}],"author":"Z\u00e9 Beir\u00e3o","twitter_card":"summary_large_image","twitter_creator":"@JoaquimDuarteP2","twitter_site":"@JoaquimDuarteP2","twitter_misc":{"Escrito por":"Z\u00e9 Beir\u00e3o","Tempo estimado de leitura":"3 minutos"},"schema":{"@context":"https:\/\/schema.org","@graph":[{"@type":"Article","@id":"http:\/\/obeirao.pt\/online\/2019\/02\/19\/cd-tondela-perde-com-o-moreirense-e-fica-a-dois-pontos-da-linha-de-agua\/#article","isPartOf":{"@id":"http:\/\/obeirao.pt\/online\/2019\/02\/19\/cd-tondela-perde-com-o-moreirense-e-fica-a-dois-pontos-da-linha-de-agua\/"},"author":{"name":"Z\u00e9 Beir\u00e3o","@id":"http:\/\/obeirao.pt\/online\/#\/schema\/person\/efac69bb5a33873e1c1bb9c1165ff38c"},"headline":"CD TONDELA PERDE COM O MOREIRENSE e fica a dois pontos da \u201clinha de \u00e1gua\u201d !!","datePublished":"2019-02-19T15:29:47+00:00","dateModified":"2019-02-19T15:31:18+00:00","mainEntityOfPage":{"@id":"http:\/\/obeirao.pt\/online\/2019\/02\/19\/cd-tondela-perde-com-o-moreirense-e-fica-a-dois-pontos-da-linha-de-agua\/"},"wordCount":541,"commentCount":0,"image":{"@id":"http:\/\/obeirao.pt\/online\/2019\/02\/19\/cd-tondela-perde-com-o-moreirense-e-fica-a-dois-pontos-da-linha-de-agua\/#primaryimage"},"thumbnailUrl":"http:\/\/obeirao.pt\/online\/wp-content\/uploads\/2019\/02\/autocarros-do-CDT-Tondela-2018.png","articleSection":["_Principal","Desporto","Futebol"],"inLanguage":"pt-PT"},{"@type":"WebPage","@id":"http:\/\/obeirao.pt\/online\/2019\/02\/19\/cd-tondela-perde-com-o-moreirense-e-fica-a-dois-pontos-da-linha-de-agua\/","url":"http:\/\/obeirao.pt\/online\/2019\/02\/19\/cd-tondela-perde-com-o-moreirense-e-fica-a-dois-pontos-da-linha-de-agua\/","name":"CD TONDELA PERDE COM O MOREIRENSE e fica a dois pontos da \u201clinha de \u00e1gua\u201d !! - Beir\u00e3o Online","isPartOf":{"@id":"http:\/\/obeirao.pt\/online\/#website"},"primaryImageOfPage":{"@id":"http:\/\/obeirao.pt\/online\/2019\/02\/19\/cd-tondela-perde-com-o-moreirense-e-fica-a-dois-pontos-da-linha-de-agua\/#primaryimage"},"image":{"@id":"http:\/\/obeirao.pt\/online\/2019\/02\/19\/cd-tondela-perde-com-o-moreirense-e-fica-a-dois-pontos-da-linha-de-agua\/#primaryimage"},"thumbnailUrl":"http:\/\/obeirao.pt\/online\/wp-content\/uploads\/2019\/02\/autocarros-do-CDT-Tondela-2018.png","datePublished":"2019-02-19T15:29:47+00:00","dateModified":"2019-02-19T15:31:18+00:00","author":{"@id":"http:\/\/obeirao.pt\/online\/#\/schema\/person\/efac69bb5a33873e1c1bb9c1165ff38c"},"breadcrumb":{"@id":"http:\/\/obeirao.pt\/online\/2019\/02\/19\/cd-tondela-perde-com-o-moreirense-e-fica-a-dois-pontos-da-linha-de-agua\/#breadcrumb"},"inLanguage":"pt-PT","potentialAction":[{"@type":"ReadAction","target":["http:\/\/obeirao.pt\/online\/2019\/02\/19\/cd-tondela-perde-com-o-moreirense-e-fica-a-dois-pontos-da-linha-de-agua\/"]}]},{"@type":"ImageObject","inLanguage":"pt-PT","@id":"http:\/\/obeirao.pt\/online\/2019\/02\/19\/cd-tondela-perde-com-o-moreirense-e-fica-a-dois-pontos-da-linha-de-agua\/#primaryimage","url":"http:\/\/obeirao.pt\/online\/wp-content\/uploads\/2019\/02\/autocarros-do-CDT-Tondela-2018.png","contentUrl":"http:\/\/obeirao.pt\/online\/wp-content\/uploads\/2019\/02\/autocarros-do-CDT-Tondela-2018.png","width":960,"height":467},{"@type":"BreadcrumbList","@id":"http:\/\/obeirao.pt\/online\/2019\/02\/19\/cd-tondela-perde-com-o-moreirense-e-fica-a-dois-pontos-da-linha-de-agua\/#breadcrumb","itemListElement":[{"@type":"ListItem","position":1,"name":"Home","item":"http:\/\/obeirao.pt\/online\/"},{"@type":"ListItem","position":2,"name":"CD TONDELA PERDE COM O MOREIRENSE e fica a dois pontos da \u201clinha de \u00e1gua\u201d !!"}]},{"@type":"WebSite","@id":"http:\/\/obeirao.pt\/online\/#website","url":"http:\/\/obeirao.pt\/online\/","name":"Beir\u00e3o Online","description":"www.obeirao.pt","potentialAction":[{"@type":"SearchAction","target":{"@type":"EntryPoint","urlTemplate":"http:\/\/obeirao.pt\/online\/?s={search_term_string}"},"query-input":{"@type":"PropertyValueSpecification","valueRequired":true,"valueName":"search_term_string"}}],"inLanguage":"pt-PT"},{"@type":"Person","@id":"http:\/\/obeirao.pt\/online\/#\/schema\/person\/efac69bb5a33873e1c1bb9c1165ff38c","name":"Z\u00e9 Beir\u00e3o","image":{"@type":"ImageObject","inLanguage":"pt-PT","@id":"http:\/\/0.gravatar.com\/avatar\/c8c44d1f9327baa4d27e9b1149cd71b3?s=96&d=mm&r=g","url":"http:\/\/0.gravatar.com\/avatar\/c8c44d1f9327baa4d27e9b1149cd71b3?s=96&d=mm&r=g","contentUrl":"http:\/\/0.gravatar.com\/avatar\/c8c44d1f9327baa4d27e9b1149cd71b3?s=96&d=mm&r=g","caption":"Z\u00e9 Beir\u00e3o"},"url":"http:\/\/obeirao.pt\/online\/author\/zebeirao\/"}]}},"_links":{"self":[{"href":"http:\/\/obeirao.pt\/online\/wp-json\/wp\/v2\/posts\/2589"}],"collection":[{"href":"http:\/\/obeirao.pt\/online\/wp-json\/wp\/v2\/posts"}],"about":[{"href":"http:\/\/obeirao.pt\/online\/wp-json\/wp\/v2\/types\/post"}],"author":[{"embeddable":true,"href":"http:\/\/obeirao.pt\/online\/wp-json\/wp\/v2\/users\/2"}],"replies":[{"embeddable":true,"href":"http:\/\/obeirao.pt\/online\/wp-json\/wp\/v2\/comments?post=2589"}],"version-history":[{"count":3,"href":"http:\/\/obeirao.pt\/online\/wp-json\/wp\/v2\/posts\/2589\/revisions"}],"predecessor-version":[{"id":2593,"href":"http:\/\/obeirao.pt\/online\/wp-json\/wp\/v2\/posts\/2589\/revisions\/2593"}],"wp:featuredmedia":[{"embeddable":true,"href":"http:\/\/obeirao.pt\/online\/wp-json\/wp\/v2\/media\/2590"}],"wp:attachment":[{"href":"http:\/\/obeirao.pt\/online\/wp-json\/wp\/v2\/media?parent=2589"}],"wp:term":[{"taxonomy":"category","embeddable":true,"href":"http:\/\/obeirao.pt\/online\/wp-json\/wp\/v2\/categories?post=2589"},{"taxonomy":"post_tag","embeddable":true,"href":"http:\/\/obeirao.pt\/online\/wp-json\/wp\/v2\/tags?post=2589"}],"curies":[{"name":"wp","href":"https:\/\/api.w.org\/{rel}","templated":true}]}}