{"id":2680,"date":"2019-03-05T19:38:25","date_gmt":"2019-03-05T19:38:25","guid":{"rendered":"http:\/\/obeirao.pt\/online\/?p=2680"},"modified":"2019-03-05T19:38:25","modified_gmt":"2019-03-05T19:38:25","slug":"comissao-municipal-de-proteccao-civil-focada-na-execucao-das-faixas-de-gestao-de-combustiveis","status":"publish","type":"post","link":"http:\/\/obeirao.pt\/online\/2019\/03\/05\/comissao-municipal-de-proteccao-civil-focada-na-execucao-das-faixas-de-gestao-de-combustiveis\/","title":{"rendered":"COMISS\u00c3O MUNICIPAL DE PROTEC\u00c7\u00c3O CIVIL focada na execu\u00e7\u00e3o das faixas de gest\u00e3o de combust\u00edveis"},"content":{"rendered":"<span class=\"span-reading-time rt-reading-time\" style=\"display: block;\"><span class=\"rt-label rt-prefix\">tempo de leitura:<\/span> <span class=\"rt-time\"> 2<\/span> <span class=\"rt-label rt-postfix\">minutos<\/span><\/span><p><span style=\"font-size: 24pt\"><strong><a href=\"http:\/\/obeirao.pt\/online\/wp-content\/uploads\/2019\/03\/freguesias-1.jpg\"><img loading=\"lazy\" decoding=\"async\" class=\"alignleft wp-image-2681\" src=\"http:\/\/obeirao.pt\/online\/wp-content\/uploads\/2019\/03\/freguesias-1-300x135.jpg\" alt=\"\" width=\"340\" height=\"153\" srcset=\"http:\/\/obeirao.pt\/online\/wp-content\/uploads\/2019\/03\/freguesias-1-300x135.jpg 300w, http:\/\/obeirao.pt\/online\/wp-content\/uploads\/2019\/03\/freguesias-1-768x347.jpg 768w, http:\/\/obeirao.pt\/online\/wp-content\/uploads\/2019\/03\/freguesias-1.jpg 1024w, http:\/\/obeirao.pt\/online\/wp-content\/uploads\/2019\/03\/freguesias-1-640x289.jpg 640w\" sizes=\"(max-width: 340px) 100vw, 340px\" \/><\/a><\/strong><\/span><span style=\"font-size: 14pt;font-family: georgia, palatino, serif\"><strong><em>A Comiss\u00e3o Municipal de Protec\u00e7\u00e3o Civil de Tondela reuniu, no passado dia 1 de Mar\u00e7o, no Sal\u00e3o Nobre dos Pa\u00e7os do Concelho para dirimir assuntos que \u00e0 sua \u00e1rea de actua\u00e7\u00e3o dizem respeito.<\/em><\/strong><!--more--><\/span><\/p>\n<p><span style=\"font-size: 14pt;font-family: georgia, palatino, serif\">Esta reuni\u00e3o extraordin\u00e1ria, que decorreu ao longo da manh\u00e3, surgiu ap\u00f3s uma recomenda\u00e7\u00e3o da Comiss\u00e3o Nacional de Protec\u00e7\u00e3o Civil, sobre a candente problem\u00e1tica das v\u00e1rias esp\u00e9cies arb\u00f3reas que proliferam \u00e0 beira das estradas e caminhos, em volta das casas e das povoa\u00e7\u00f5es e cuja morosidade do respeito pela lei \u00e9 por demais evidente, mesmo que se saiba que os munic\u00edpios t\u00eam legitimidade, em caso de inc\u00faria e desleixo, em procederem \u00e0s necess\u00e1rias limpezas e, posteriormente, apresentarem a conta para que os propriet\u00e1rios possam ressarcir a entidade aut\u00e1rquica dos respectivos gastos, com tal servi\u00e7o.<\/span><\/p>\n<figure id=\"attachment_2418\" aria-describedby=\"caption-attachment-2418\" style=\"width: 470px\" class=\"wp-caption alignright\"><a href=\"http:\/\/obeirao.pt\/online\/wp-content\/uploads\/2019\/01\/DSC_0231.jpg\"><img loading=\"lazy\" decoding=\"async\" class=\"wp-image-2418\" src=\"http:\/\/obeirao.pt\/online\/wp-content\/uploads\/2019\/01\/DSC_0231-300x141.jpg\" alt=\"\" width=\"470\" height=\"221\" srcset=\"http:\/\/obeirao.pt\/online\/wp-content\/uploads\/2019\/01\/DSC_0231-300x141.jpg 300w, http:\/\/obeirao.pt\/online\/wp-content\/uploads\/2019\/01\/DSC_0231-768x360.jpg 768w, http:\/\/obeirao.pt\/online\/wp-content\/uploads\/2019\/01\/DSC_0231.jpg 1024w\" sizes=\"(max-width: 470px) 100vw, 470px\" \/><\/a><figcaption id=\"caption-attachment-2418\" class=\"wp-caption-text\">\u00a0<\/figcaption><\/figure>\n<p><span style=\"font-size: 14pt;font-family: georgia, palatino, serif\">No centro dos trabalhos esteve o planeamento de estrat\u00e9gias para dar cumprimento ao Decreto-Lei n\u00ba 124\/2006, de\u00a028 de Junho\u00a0e ao Despacho n\u00ba 744\/2019 de 17 de Janeiro, ambos focados na execu\u00e7\u00e3o de faixas de gest\u00e3o de combust\u00edveis.<\/span><\/p>\n<p><span style=\"font-size: 14pt;font-family: georgia, palatino, serif\">A reuni\u00e3o contou com a presen\u00e7a do presidente da C\u00e2mara Municipal de Tondela, Jos\u00e9 Ant\u00f3nio de Jesus, da vice-presidente, Carla Antunes e do comandante operacional distrital de Viseu (CODIS), Miguel \u00c2ngelo.<\/span><\/p>\n<p>&nbsp;<\/p>\n","protected":false},"excerpt":{"rendered":"<div class=\"mh-excerpt\"><span class=\"span-reading-time rt-reading-time\" style=\"display: block;\"><span class=\"rt-label rt-prefix\">tempo de leitura:<\/span> <span class=\"rt-time\"> 2<\/span> <span class=\"rt-label rt-postfix\">minutos<\/span><\/span>A Comiss\u00e3o Municipal de Protec\u00e7\u00e3o Civil de Tondela reuniu, no passado dia 1 de Mar\u00e7o, no Sal\u00e3o Nobre dos Pa\u00e7os do Concelho para dirimir assuntos <a class=\"mh-excerpt-more\" href=\"http:\/\/obeirao.pt\/online\/2019\/03\/05\/comissao-municipal-de-proteccao-civil-focada-na-execucao-das-faixas-de-gestao-de-combustiveis\/\" title=\"COMISS\u00c3O MUNICIPAL DE PROTEC\u00c7\u00c3O CIVIL focada na execu\u00e7\u00e3o das faixas de gest\u00e3o de combust\u00edveis\">[&#8230;]<\/a><\/div>\n","protected":false},"author":2,"featured_media":2681,"comment_status":"open","ping_status":"open","sticky":false,"template":"","format":"standard","meta":{"footnotes":""},"categories":[2,5],"tags":[],"class_list":["post-2680","post","type-post","status-publish","format-standard","has-post-thumbnail","hentry","category-principal","category-cidade"],"yoast_head":"<!-- This site is optimized with the Yoast SEO plugin v27.4 - https:\/\/yoast.com\/product\/yoast-seo-wordpress\/ -->\n<title>COMISS\u00c3O MUNICIPAL DE PROTEC\u00c7\u00c3O CIVIL focada na execu\u00e7\u00e3o das faixas de gest\u00e3o de combust\u00edveis - Beir\u00e3o Online<\/title>\n<meta name=\"robots\" content=\"index, follow, max-snippet:-1, max-image-preview:large, max-video-preview:-1\" \/>\n<link rel=\"canonical\" href=\"http:\/\/obeirao.pt\/online\/2019\/03\/05\/comissao-municipal-de-proteccao-civil-focada-na-execucao-das-faixas-de-gestao-de-combustiveis\/\" \/>\n<meta property=\"og:locale\" content=\"pt_PT\" \/>\n<meta property=\"og:type\" content=\"article\" \/>\n<meta property=\"og:title\" content=\"COMISS\u00c3O MUNICIPAL DE PROTEC\u00c7\u00c3O CIVIL focada na execu\u00e7\u00e3o das faixas de gest\u00e3o de combust\u00edveis - Beir\u00e3o Online\" \/>\n<meta property=\"og:description\" content=\"tempo de leitura: 2 minutosA Comiss\u00e3o Municipal de Protec\u00e7\u00e3o Civil de Tondela reuniu, no passado dia 1 de Mar\u00e7o, no Sal\u00e3o Nobre dos Pa\u00e7os do Concelho para dirimir assuntos [...]\" \/>\n<meta property=\"og:url\" content=\"http:\/\/obeirao.pt\/online\/2019\/03\/05\/comissao-municipal-de-proteccao-civil-focada-na-execucao-das-faixas-de-gestao-de-combustiveis\/\" \/>\n<meta property=\"og:site_name\" content=\"Beir\u00e3o Online\" \/>\n<meta property=\"article:publisher\" content=\"https:\/\/pt-br.facebook.com\/pages\/Amigos-de-Tondela\/273620439973877\" \/>\n<meta property=\"article:published_time\" content=\"2019-03-05T19:38:25+00:00\" \/>\n<meta property=\"og:image\" content=\"http:\/\/obeirao.pt\/online\/wp-content\/uploads\/2019\/03\/freguesias-1.jpg\" \/>\n\t<meta property=\"og:image:width\" content=\"1024\" \/>\n\t<meta property=\"og:image:height\" content=\"462\" \/>\n\t<meta property=\"og:image:type\" content=\"image\/jpeg\" \/>\n<meta name=\"author\" content=\"Z\u00e9 Beir\u00e3o\" \/>\n<meta name=\"twitter:card\" content=\"summary_large_image\" \/>\n<meta name=\"twitter:creator\" content=\"@JoaquimDuarteP2\" \/>\n<meta name=\"twitter:site\" content=\"@JoaquimDuarteP2\" \/>\n<meta name=\"twitter:label1\" content=\"Escrito por\" \/>\n\t<meta name=\"twitter:data1\" content=\"Z\u00e9 Beir\u00e3o\" \/>\n\t<meta name=\"twitter:label2\" content=\"Tempo estimado de leitura\" \/>\n\t<meta name=\"twitter:data2\" content=\"1 minuto\" \/>\n<script type=\"application\/ld+json\" class=\"yoast-schema-graph\">{\"@context\":\"https:\\\/\\\/schema.org\",\"@graph\":[{\"@type\":\"Article\",\"@id\":\"http:\\\/\\\/obeirao.pt\\\/online\\\/2019\\\/03\\\/05\\\/comissao-municipal-de-proteccao-civil-focada-na-execucao-das-faixas-de-gestao-de-combustiveis\\\/#article\",\"isPartOf\":{\"@id\":\"http:\\\/\\\/obeirao.pt\\\/online\\\/2019\\\/03\\\/05\\\/comissao-municipal-de-proteccao-civil-focada-na-execucao-das-faixas-de-gestao-de-combustiveis\\\/\"},\"author\":{\"name\":\"Z\u00e9 Beir\u00e3o\",\"@id\":\"http:\\\/\\\/obeirao.pt\\\/online\\\/#\\\/schema\\\/person\\\/efac69bb5a33873e1c1bb9c1165ff38c\"},\"headline\":\"COMISS\u00c3O MUNICIPAL DE PROTEC\u00c7\u00c3O CIVIL focada na execu\u00e7\u00e3o das faixas de gest\u00e3o de combust\u00edveis\",\"datePublished\":\"2019-03-05T19:38:25+00:00\",\"mainEntityOfPage\":{\"@id\":\"http:\\\/\\\/obeirao.pt\\\/online\\\/2019\\\/03\\\/05\\\/comissao-municipal-de-proteccao-civil-focada-na-execucao-das-faixas-de-gestao-de-combustiveis\\\/\"},\"wordCount\":247,\"commentCount\":0,\"image\":{\"@id\":\"http:\\\/\\\/obeirao.pt\\\/online\\\/2019\\\/03\\\/05\\\/comissao-municipal-de-proteccao-civil-focada-na-execucao-das-faixas-de-gestao-de-combustiveis\\\/#primaryimage\"},\"thumbnailUrl\":\"http:\\\/\\\/obeirao.pt\\\/online\\\/wp-content\\\/uploads\\\/2019\\\/03\\\/freguesias-1.jpg\",\"articleSection\":[\"_Principal\",\"Cidade\"],\"inLanguage\":\"pt-PT\"},{\"@type\":\"WebPage\",\"@id\":\"http:\\\/\\\/obeirao.pt\\\/online\\\/2019\\\/03\\\/05\\\/comissao-municipal-de-proteccao-civil-focada-na-execucao-das-faixas-de-gestao-de-combustiveis\\\/\",\"url\":\"http:\\\/\\\/obeirao.pt\\\/online\\\/2019\\\/03\\\/05\\\/comissao-municipal-de-proteccao-civil-focada-na-execucao-das-faixas-de-gestao-de-combustiveis\\\/\",\"name\":\"COMISS\u00c3O MUNICIPAL DE PROTEC\u00c7\u00c3O CIVIL focada na execu\u00e7\u00e3o das faixas de gest\u00e3o de combust\u00edveis - Beir\u00e3o Online\",\"isPartOf\":{\"@id\":\"http:\\\/\\\/obeirao.pt\\\/online\\\/#website\"},\"primaryImageOfPage\":{\"@id\":\"http:\\\/\\\/obeirao.pt\\\/online\\\/2019\\\/03\\\/05\\\/comissao-municipal-de-proteccao-civil-focada-na-execucao-das-faixas-de-gestao-de-combustiveis\\\/#primaryimage\"},\"image\":{\"@id\":\"http:\\\/\\\/obeirao.pt\\\/online\\\/2019\\\/03\\\/05\\\/comissao-municipal-de-proteccao-civil-focada-na-execucao-das-faixas-de-gestao-de-combustiveis\\\/#primaryimage\"},\"thumbnailUrl\":\"http:\\\/\\\/obeirao.pt\\\/online\\\/wp-content\\\/uploads\\\/2019\\\/03\\\/freguesias-1.jpg\",\"datePublished\":\"2019-03-05T19:38:25+00:00\",\"author\":{\"@id\":\"http:\\\/\\\/obeirao.pt\\\/online\\\/#\\\/schema\\\/person\\\/efac69bb5a33873e1c1bb9c1165ff38c\"},\"breadcrumb\":{\"@id\":\"http:\\\/\\\/obeirao.pt\\\/online\\\/2019\\\/03\\\/05\\\/comissao-municipal-de-proteccao-civil-focada-na-execucao-das-faixas-de-gestao-de-combustiveis\\\/#breadcrumb\"},\"inLanguage\":\"pt-PT\",\"potentialAction\":[{\"@type\":\"ReadAction\",\"target\":[\"http:\\\/\\\/obeirao.pt\\\/online\\\/2019\\\/03\\\/05\\\/comissao-municipal-de-proteccao-civil-focada-na-execucao-das-faixas-de-gestao-de-combustiveis\\\/\"]}]},{\"@type\":\"ImageObject\",\"inLanguage\":\"pt-PT\",\"@id\":\"http:\\\/\\\/obeirao.pt\\\/online\\\/2019\\\/03\\\/05\\\/comissao-municipal-de-proteccao-civil-focada-na-execucao-das-faixas-de-gestao-de-combustiveis\\\/#primaryimage\",\"url\":\"http:\\\/\\\/obeirao.pt\\\/online\\\/wp-content\\\/uploads\\\/2019\\\/03\\\/freguesias-1.jpg\",\"contentUrl\":\"http:\\\/\\\/obeirao.pt\\\/online\\\/wp-content\\\/uploads\\\/2019\\\/03\\\/freguesias-1.jpg\",\"width\":1024,\"height\":462},{\"@type\":\"BreadcrumbList\",\"@id\":\"http:\\\/\\\/obeirao.pt\\\/online\\\/2019\\\/03\\\/05\\\/comissao-municipal-de-proteccao-civil-focada-na-execucao-das-faixas-de-gestao-de-combustiveis\\\/#breadcrumb\",\"itemListElement\":[{\"@type\":\"ListItem\",\"position\":1,\"name\":\"Home\",\"item\":\"http:\\\/\\\/obeirao.pt\\\/online\\\/\"},{\"@type\":\"ListItem\",\"position\":2,\"name\":\"COMISS\u00c3O MUNICIPAL DE PROTEC\u00c7\u00c3O CIVIL focada na execu\u00e7\u00e3o das faixas de gest\u00e3o de combust\u00edveis\"}]},{\"@type\":\"WebSite\",\"@id\":\"http:\\\/\\\/obeirao.pt\\\/online\\\/#website\",\"url\":\"http:\\\/\\\/obeirao.pt\\\/online\\\/\",\"name\":\"Beir\u00e3o Online\",\"description\":\"www.obeirao.pt\",\"potentialAction\":[{\"@type\":\"SearchAction\",\"target\":{\"@type\":\"EntryPoint\",\"urlTemplate\":\"http:\\\/\\\/obeirao.pt\\\/online\\\/?s={search_term_string}\"},\"query-input\":{\"@type\":\"PropertyValueSpecification\",\"valueRequired\":true,\"valueName\":\"search_term_string\"}}],\"inLanguage\":\"pt-PT\"},{\"@type\":\"Person\",\"@id\":\"http:\\\/\\\/obeirao.pt\\\/online\\\/#\\\/schema\\\/person\\\/efac69bb5a33873e1c1bb9c1165ff38c\",\"name\":\"Z\u00e9 Beir\u00e3o\",\"image\":{\"@type\":\"ImageObject\",\"inLanguage\":\"pt-PT\",\"@id\":\"http:\\\/\\\/0.gravatar.com\\\/avatar\\\/c8c44d1f9327baa4d27e9b1149cd71b3?s=96&d=mm&r=g\",\"url\":\"http:\\\/\\\/0.gravatar.com\\\/avatar\\\/c8c44d1f9327baa4d27e9b1149cd71b3?s=96&d=mm&r=g\",\"contentUrl\":\"http:\\\/\\\/0.gravatar.com\\\/avatar\\\/c8c44d1f9327baa4d27e9b1149cd71b3?s=96&d=mm&r=g\",\"caption\":\"Z\u00e9 Beir\u00e3o\"},\"url\":\"http:\\\/\\\/obeirao.pt\\\/online\\\/author\\\/zebeirao\\\/\"}]}<\/script>\n<!-- \/ Yoast SEO plugin. -->","yoast_head_json":{"title":"COMISS\u00c3O MUNICIPAL DE PROTEC\u00c7\u00c3O CIVIL focada na execu\u00e7\u00e3o das faixas de gest\u00e3o de combust\u00edveis - Beir\u00e3o Online","robots":{"index":"index","follow":"follow","max-snippet":"max-snippet:-1","max-image-preview":"max-image-preview:large","max-video-preview":"max-video-preview:-1"},"canonical":"http:\/\/obeirao.pt\/online\/2019\/03\/05\/comissao-municipal-de-proteccao-civil-focada-na-execucao-das-faixas-de-gestao-de-combustiveis\/","og_locale":"pt_PT","og_type":"article","og_title":"COMISS\u00c3O MUNICIPAL DE PROTEC\u00c7\u00c3O CIVIL focada na execu\u00e7\u00e3o das faixas de gest\u00e3o de combust\u00edveis - Beir\u00e3o Online","og_description":"tempo de leitura: 2 minutosA Comiss\u00e3o Municipal de Protec\u00e7\u00e3o Civil de Tondela reuniu, no passado dia 1 de Mar\u00e7o, no Sal\u00e3o Nobre dos Pa\u00e7os do Concelho para dirimir assuntos [...]","og_url":"http:\/\/obeirao.pt\/online\/2019\/03\/05\/comissao-municipal-de-proteccao-civil-focada-na-execucao-das-faixas-de-gestao-de-combustiveis\/","og_site_name":"Beir\u00e3o Online","article_publisher":"https:\/\/pt-br.facebook.com\/pages\/Amigos-de-Tondela\/273620439973877","article_published_time":"2019-03-05T19:38:25+00:00","og_image":[{"width":1024,"height":462,"url":"http:\/\/obeirao.pt\/online\/wp-content\/uploads\/2019\/03\/freguesias-1.jpg","type":"image\/jpeg"}],"author":"Z\u00e9 Beir\u00e3o","twitter_card":"summary_large_image","twitter_creator":"@JoaquimDuarteP2","twitter_site":"@JoaquimDuarteP2","twitter_misc":{"Escrito por":"Z\u00e9 Beir\u00e3o","Tempo estimado de leitura":"1 minuto"},"schema":{"@context":"https:\/\/schema.org","@graph":[{"@type":"Article","@id":"http:\/\/obeirao.pt\/online\/2019\/03\/05\/comissao-municipal-de-proteccao-civil-focada-na-execucao-das-faixas-de-gestao-de-combustiveis\/#article","isPartOf":{"@id":"http:\/\/obeirao.pt\/online\/2019\/03\/05\/comissao-municipal-de-proteccao-civil-focada-na-execucao-das-faixas-de-gestao-de-combustiveis\/"},"author":{"name":"Z\u00e9 Beir\u00e3o","@id":"http:\/\/obeirao.pt\/online\/#\/schema\/person\/efac69bb5a33873e1c1bb9c1165ff38c"},"headline":"COMISS\u00c3O MUNICIPAL DE PROTEC\u00c7\u00c3O CIVIL focada na execu\u00e7\u00e3o das faixas de gest\u00e3o de combust\u00edveis","datePublished":"2019-03-05T19:38:25+00:00","mainEntityOfPage":{"@id":"http:\/\/obeirao.pt\/online\/2019\/03\/05\/comissao-municipal-de-proteccao-civil-focada-na-execucao-das-faixas-de-gestao-de-combustiveis\/"},"wordCount":247,"commentCount":0,"image":{"@id":"http:\/\/obeirao.pt\/online\/2019\/03\/05\/comissao-municipal-de-proteccao-civil-focada-na-execucao-das-faixas-de-gestao-de-combustiveis\/#primaryimage"},"thumbnailUrl":"http:\/\/obeirao.pt\/online\/wp-content\/uploads\/2019\/03\/freguesias-1.jpg","articleSection":["_Principal","Cidade"],"inLanguage":"pt-PT"},{"@type":"WebPage","@id":"http:\/\/obeirao.pt\/online\/2019\/03\/05\/comissao-municipal-de-proteccao-civil-focada-na-execucao-das-faixas-de-gestao-de-combustiveis\/","url":"http:\/\/obeirao.pt\/online\/2019\/03\/05\/comissao-municipal-de-proteccao-civil-focada-na-execucao-das-faixas-de-gestao-de-combustiveis\/","name":"COMISS\u00c3O MUNICIPAL DE PROTEC\u00c7\u00c3O CIVIL focada na execu\u00e7\u00e3o das faixas de gest\u00e3o de combust\u00edveis - Beir\u00e3o Online","isPartOf":{"@id":"http:\/\/obeirao.pt\/online\/#website"},"primaryImageOfPage":{"@id":"http:\/\/obeirao.pt\/online\/2019\/03\/05\/comissao-municipal-de-proteccao-civil-focada-na-execucao-das-faixas-de-gestao-de-combustiveis\/#primaryimage"},"image":{"@id":"http:\/\/obeirao.pt\/online\/2019\/03\/05\/comissao-municipal-de-proteccao-civil-focada-na-execucao-das-faixas-de-gestao-de-combustiveis\/#primaryimage"},"thumbnailUrl":"http:\/\/obeirao.pt\/online\/wp-content\/uploads\/2019\/03\/freguesias-1.jpg","datePublished":"2019-03-05T19:38:25+00:00","author":{"@id":"http:\/\/obeirao.pt\/online\/#\/schema\/person\/efac69bb5a33873e1c1bb9c1165ff38c"},"breadcrumb":{"@id":"http:\/\/obeirao.pt\/online\/2019\/03\/05\/comissao-municipal-de-proteccao-civil-focada-na-execucao-das-faixas-de-gestao-de-combustiveis\/#breadcrumb"},"inLanguage":"pt-PT","potentialAction":[{"@type":"ReadAction","target":["http:\/\/obeirao.pt\/online\/2019\/03\/05\/comissao-municipal-de-proteccao-civil-focada-na-execucao-das-faixas-de-gestao-de-combustiveis\/"]}]},{"@type":"ImageObject","inLanguage":"pt-PT","@id":"http:\/\/obeirao.pt\/online\/2019\/03\/05\/comissao-municipal-de-proteccao-civil-focada-na-execucao-das-faixas-de-gestao-de-combustiveis\/#primaryimage","url":"http:\/\/obeirao.pt\/online\/wp-content\/uploads\/2019\/03\/freguesias-1.jpg","contentUrl":"http:\/\/obeirao.pt\/online\/wp-content\/uploads\/2019\/03\/freguesias-1.jpg","width":1024,"height":462},{"@type":"BreadcrumbList","@id":"http:\/\/obeirao.pt\/online\/2019\/03\/05\/comissao-municipal-de-proteccao-civil-focada-na-execucao-das-faixas-de-gestao-de-combustiveis\/#breadcrumb","itemListElement":[{"@type":"ListItem","position":1,"name":"Home","item":"http:\/\/obeirao.pt\/online\/"},{"@type":"ListItem","position":2,"name":"COMISS\u00c3O MUNICIPAL DE PROTEC\u00c7\u00c3O CIVIL focada na execu\u00e7\u00e3o das faixas de gest\u00e3o de combust\u00edveis"}]},{"@type":"WebSite","@id":"http:\/\/obeirao.pt\/online\/#website","url":"http:\/\/obeirao.pt\/online\/","name":"Beir\u00e3o Online","description":"www.obeirao.pt","potentialAction":[{"@type":"SearchAction","target":{"@type":"EntryPoint","urlTemplate":"http:\/\/obeirao.pt\/online\/?s={search_term_string}"},"query-input":{"@type":"PropertyValueSpecification","valueRequired":true,"valueName":"search_term_string"}}],"inLanguage":"pt-PT"},{"@type":"Person","@id":"http:\/\/obeirao.pt\/online\/#\/schema\/person\/efac69bb5a33873e1c1bb9c1165ff38c","name":"Z\u00e9 Beir\u00e3o","image":{"@type":"ImageObject","inLanguage":"pt-PT","@id":"http:\/\/0.gravatar.com\/avatar\/c8c44d1f9327baa4d27e9b1149cd71b3?s=96&d=mm&r=g","url":"http:\/\/0.gravatar.com\/avatar\/c8c44d1f9327baa4d27e9b1149cd71b3?s=96&d=mm&r=g","contentUrl":"http:\/\/0.gravatar.com\/avatar\/c8c44d1f9327baa4d27e9b1149cd71b3?s=96&d=mm&r=g","caption":"Z\u00e9 Beir\u00e3o"},"url":"http:\/\/obeirao.pt\/online\/author\/zebeirao\/"}]}},"_links":{"self":[{"href":"http:\/\/obeirao.pt\/online\/wp-json\/wp\/v2\/posts\/2680"}],"collection":[{"href":"http:\/\/obeirao.pt\/online\/wp-json\/wp\/v2\/posts"}],"about":[{"href":"http:\/\/obeirao.pt\/online\/wp-json\/wp\/v2\/types\/post"}],"author":[{"embeddable":true,"href":"http:\/\/obeirao.pt\/online\/wp-json\/wp\/v2\/users\/2"}],"replies":[{"embeddable":true,"href":"http:\/\/obeirao.pt\/online\/wp-json\/wp\/v2\/comments?post=2680"}],"version-history":[{"count":1,"href":"http:\/\/obeirao.pt\/online\/wp-json\/wp\/v2\/posts\/2680\/revisions"}],"predecessor-version":[{"id":2682,"href":"http:\/\/obeirao.pt\/online\/wp-json\/wp\/v2\/posts\/2680\/revisions\/2682"}],"wp:featuredmedia":[{"embeddable":true,"href":"http:\/\/obeirao.pt\/online\/wp-json\/wp\/v2\/media\/2681"}],"wp:attachment":[{"href":"http:\/\/obeirao.pt\/online\/wp-json\/wp\/v2\/media?parent=2680"}],"wp:term":[{"taxonomy":"category","embeddable":true,"href":"http:\/\/obeirao.pt\/online\/wp-json\/wp\/v2\/categories?post=2680"},{"taxonomy":"post_tag","embeddable":true,"href":"http:\/\/obeirao.pt\/online\/wp-json\/wp\/v2\/tags?post=2680"}],"curies":[{"name":"wp","href":"https:\/\/api.w.org\/{rel}","templated":true}]}}