{"id":3076,"date":"2019-05-15T12:43:01","date_gmt":"2019-05-15T11:43:01","guid":{"rendered":"http:\/\/obeirao.pt\/online\/?p=3076"},"modified":"2021-03-18T11:04:17","modified_gmt":"2021-03-18T11:04:17","slug":"captura-ilegal-de-enguias-em-resende-leva-dois-homens-a-justica","status":"publish","type":"post","link":"http:\/\/obeirao.pt\/online\/2019\/05\/15\/captura-ilegal-de-enguias-em-resende-leva-dois-homens-a-justica\/","title":{"rendered":"CAPTURA ILEGAL DE ENGUIAS EM RESENDE leva dois homens \u00e0 Justi\u00e7a"},"content":{"rendered":"<span class=\"span-reading-time rt-reading-time\" style=\"display: block;\"><span class=\"rt-label rt-prefix\">tempo de leitura:<\/span> <span class=\"rt-time\"> &lt; 1<\/span> <span class=\"rt-label rt-postfix\">minuto<\/span><\/span><p><span style=\"font-size: 24pt\"><strong><a href=\"http:\/\/obeirao.pt\/online\/wp-content\/uploads\/2019\/05\/enguias.jpg\"><img loading=\"lazy\" decoding=\"async\" class=\"alignleft wp-image-3077 \" src=\"http:\/\/obeirao.pt\/online\/wp-content\/uploads\/2019\/05\/enguias-300x146.jpg\" alt=\"\" width=\"347\" height=\"169\" srcset=\"http:\/\/obeirao.pt\/online\/wp-content\/uploads\/2019\/05\/enguias-300x146.jpg 300w, http:\/\/obeirao.pt\/online\/wp-content\/uploads\/2019\/05\/enguias-768x375.jpg 768w, http:\/\/obeirao.pt\/online\/wp-content\/uploads\/2019\/05\/enguias.jpg 1024w, http:\/\/obeirao.pt\/online\/wp-content\/uploads\/2019\/05\/enguias-640x312.jpg 640w\" sizes=\"(max-width: 347px) 100vw, 347px\" \/><\/a><\/strong><\/span><span style=\"font-size: 14pt;font-family: georgia, palatino, serif;color: #000000\"><strong><em>O Comando Territorial da GNR de Viseu, atrav\u00e9s do N\u00facleo de Protec\u00e7\u00e3o Ambiental de Lamego, identificou, no dia de ontem, 14 de Maio, dois homens com 42 e 70 anos idade, pela captura de esp\u00e9cies n\u00e3o permitidas, no concelho de Resende.<\/em><\/strong><\/span><!--more--><\/p>\n<p><span style=\"font-size: 14pt;font-family: georgia, palatino, serif;color: #000000\">No \u00e2mbito de uma opera\u00e7\u00e3o nocturna de protec\u00e7\u00e3o aos recursos h\u00eddricos no Rio Douro, foi detectada uma embarca\u00e7\u00e3o de recreio junto \u00e0 margem do rio, em que os dois ocupantes retiravam artes de pesca, vulgo \u201carreios\u201d, utilizados na captura da enguia.<\/span><\/p>\n<p><span style=\"font-size: 14pt;font-family: georgia, palatino, serif;color: #000000\">Interceptada a embarca\u00e7\u00e3o, verificou-se que a mesma continha 41 \u201carreios\u201d, bem como um recipiente com 15 quilos de enguias.<\/span><\/p>\n<p><span style=\"font-size: 14pt;font-family: georgia, palatino, serif;color: #000000\">Foram elaborados dois autos de contra-ordena\u00e7\u00e3o por captura de esp\u00e9cies n\u00e3o permitidas e por terem sido usados meios de pesca proibidos, resultando na apreens\u00e3o da embarca\u00e7\u00e3o de recreio.<\/span><\/p>\n<p><span style=\"font-size: 14pt;font-family: georgia, palatino, serif;color: #000000\">As enguias, por ainda se encontrarem vivas, foram devolvidas ao seu habitat natural.<\/span><\/p>\n<p>&nbsp;<\/p>\n","protected":false},"excerpt":{"rendered":"<div class=\"mh-excerpt\"><span class=\"span-reading-time rt-reading-time\" style=\"display: block;\"><span class=\"rt-label rt-prefix\">tempo de leitura:<\/span> <span class=\"rt-time\"> &lt; 1<\/span> <span class=\"rt-label rt-postfix\">minuto<\/span><\/span>O Comando Territorial da GNR de Viseu, atrav\u00e9s do N\u00facleo de Protec\u00e7\u00e3o Ambiental de Lamego, identificou, no dia de ontem, 14 de Maio, dois homens <a class=\"mh-excerpt-more\" href=\"http:\/\/obeirao.pt\/online\/2019\/05\/15\/captura-ilegal-de-enguias-em-resende-leva-dois-homens-a-justica\/\" title=\"CAPTURA ILEGAL DE ENGUIAS EM RESENDE leva dois homens \u00e0 Justi\u00e7a\">[&#8230;]<\/a><\/div>\n","protected":false},"author":2,"featured_media":3077,"comment_status":"closed","ping_status":"closed","sticky":false,"template":"","format":"standard","meta":{"footnotes":""},"categories":[2,209,235],"tags":[],"class_list":["post-3076","post","type-post","status-publish","format-standard","has-post-thumbnail","hentry","category-principal","category-lamego-comunidade-intermunicipal-do-douro","category-resende"],"yoast_head":"<!-- This site is optimized with the Yoast SEO plugin v27.4 - https:\/\/yoast.com\/product\/yoast-seo-wordpress\/ -->\n<title>CAPTURA ILEGAL DE ENGUIAS EM RESENDE leva dois homens \u00e0 Justi\u00e7a - Beir\u00e3o Online<\/title>\n<meta name=\"robots\" content=\"index, follow, max-snippet:-1, max-image-preview:large, max-video-preview:-1\" \/>\n<link rel=\"canonical\" href=\"http:\/\/obeirao.pt\/online\/2019\/05\/15\/captura-ilegal-de-enguias-em-resende-leva-dois-homens-a-justica\/\" \/>\n<meta property=\"og:locale\" content=\"pt_PT\" \/>\n<meta property=\"og:type\" content=\"article\" \/>\n<meta property=\"og:title\" content=\"CAPTURA ILEGAL DE ENGUIAS EM RESENDE leva dois homens \u00e0 Justi\u00e7a - Beir\u00e3o Online\" \/>\n<meta property=\"og:description\" content=\"tempo de leitura: &lt; 1 minutoO Comando Territorial da GNR de Viseu, atrav\u00e9s do N\u00facleo de Protec\u00e7\u00e3o Ambiental de Lamego, identificou, no dia de ontem, 14 de Maio, dois homens [...]\" \/>\n<meta property=\"og:url\" content=\"http:\/\/obeirao.pt\/online\/2019\/05\/15\/captura-ilegal-de-enguias-em-resende-leva-dois-homens-a-justica\/\" \/>\n<meta property=\"og:site_name\" content=\"Beir\u00e3o Online\" \/>\n<meta property=\"article:publisher\" content=\"https:\/\/pt-br.facebook.com\/pages\/Amigos-de-Tondela\/273620439973877\" \/>\n<meta property=\"article:published_time\" content=\"2019-05-15T11:43:01+00:00\" \/>\n<meta property=\"article:modified_time\" content=\"2021-03-18T11:04:17+00:00\" \/>\n<meta property=\"og:image\" content=\"http:\/\/obeirao.pt\/online\/wp-content\/uploads\/2019\/05\/enguias.jpg\" \/>\n\t<meta property=\"og:image:width\" content=\"1024\" \/>\n\t<meta property=\"og:image:height\" content=\"500\" \/>\n\t<meta property=\"og:image:type\" content=\"image\/jpeg\" \/>\n<meta name=\"author\" content=\"Z\u00e9 Beir\u00e3o\" \/>\n<meta name=\"twitter:card\" content=\"summary_large_image\" \/>\n<meta name=\"twitter:creator\" content=\"@JoaquimDuarteP2\" \/>\n<meta name=\"twitter:site\" content=\"@JoaquimDuarteP2\" \/>\n<meta name=\"twitter:label1\" content=\"Escrito por\" \/>\n\t<meta name=\"twitter:data1\" content=\"Z\u00e9 Beir\u00e3o\" \/>\n\t<meta name=\"twitter:label2\" content=\"Tempo estimado de leitura\" \/>\n\t<meta name=\"twitter:data2\" content=\"1 minuto\" \/>\n<script type=\"application\/ld+json\" class=\"yoast-schema-graph\">{\"@context\":\"https:\\\/\\\/schema.org\",\"@graph\":[{\"@type\":\"Article\",\"@id\":\"http:\\\/\\\/obeirao.pt\\\/online\\\/2019\\\/05\\\/15\\\/captura-ilegal-de-enguias-em-resende-leva-dois-homens-a-justica\\\/#article\",\"isPartOf\":{\"@id\":\"http:\\\/\\\/obeirao.pt\\\/online\\\/2019\\\/05\\\/15\\\/captura-ilegal-de-enguias-em-resende-leva-dois-homens-a-justica\\\/\"},\"author\":{\"name\":\"Z\u00e9 Beir\u00e3o\",\"@id\":\"http:\\\/\\\/obeirao.pt\\\/online\\\/#\\\/schema\\\/person\\\/efac69bb5a33873e1c1bb9c1165ff38c\"},\"headline\":\"CAPTURA ILEGAL DE ENGUIAS EM RESENDE leva dois homens \u00e0 Justi\u00e7a\",\"datePublished\":\"2019-05-15T11:43:01+00:00\",\"dateModified\":\"2021-03-18T11:04:17+00:00\",\"mainEntityOfPage\":{\"@id\":\"http:\\\/\\\/obeirao.pt\\\/online\\\/2019\\\/05\\\/15\\\/captura-ilegal-de-enguias-em-resende-leva-dois-homens-a-justica\\\/\"},\"wordCount\":163,\"image\":{\"@id\":\"http:\\\/\\\/obeirao.pt\\\/online\\\/2019\\\/05\\\/15\\\/captura-ilegal-de-enguias-em-resende-leva-dois-homens-a-justica\\\/#primaryimage\"},\"thumbnailUrl\":\"http:\\\/\\\/obeirao.pt\\\/online\\\/wp-content\\\/uploads\\\/2019\\\/05\\\/enguias.jpg\",\"articleSection\":[\"_Principal\",\"Lamego\",\"Resende\"],\"inLanguage\":\"pt-PT\"},{\"@type\":\"WebPage\",\"@id\":\"http:\\\/\\\/obeirao.pt\\\/online\\\/2019\\\/05\\\/15\\\/captura-ilegal-de-enguias-em-resende-leva-dois-homens-a-justica\\\/\",\"url\":\"http:\\\/\\\/obeirao.pt\\\/online\\\/2019\\\/05\\\/15\\\/captura-ilegal-de-enguias-em-resende-leva-dois-homens-a-justica\\\/\",\"name\":\"CAPTURA ILEGAL DE ENGUIAS EM RESENDE leva dois homens \u00e0 Justi\u00e7a - Beir\u00e3o Online\",\"isPartOf\":{\"@id\":\"http:\\\/\\\/obeirao.pt\\\/online\\\/#website\"},\"primaryImageOfPage\":{\"@id\":\"http:\\\/\\\/obeirao.pt\\\/online\\\/2019\\\/05\\\/15\\\/captura-ilegal-de-enguias-em-resende-leva-dois-homens-a-justica\\\/#primaryimage\"},\"image\":{\"@id\":\"http:\\\/\\\/obeirao.pt\\\/online\\\/2019\\\/05\\\/15\\\/captura-ilegal-de-enguias-em-resende-leva-dois-homens-a-justica\\\/#primaryimage\"},\"thumbnailUrl\":\"http:\\\/\\\/obeirao.pt\\\/online\\\/wp-content\\\/uploads\\\/2019\\\/05\\\/enguias.jpg\",\"datePublished\":\"2019-05-15T11:43:01+00:00\",\"dateModified\":\"2021-03-18T11:04:17+00:00\",\"author\":{\"@id\":\"http:\\\/\\\/obeirao.pt\\\/online\\\/#\\\/schema\\\/person\\\/efac69bb5a33873e1c1bb9c1165ff38c\"},\"breadcrumb\":{\"@id\":\"http:\\\/\\\/obeirao.pt\\\/online\\\/2019\\\/05\\\/15\\\/captura-ilegal-de-enguias-em-resende-leva-dois-homens-a-justica\\\/#breadcrumb\"},\"inLanguage\":\"pt-PT\",\"potentialAction\":[{\"@type\":\"ReadAction\",\"target\":[\"http:\\\/\\\/obeirao.pt\\\/online\\\/2019\\\/05\\\/15\\\/captura-ilegal-de-enguias-em-resende-leva-dois-homens-a-justica\\\/\"]}]},{\"@type\":\"ImageObject\",\"inLanguage\":\"pt-PT\",\"@id\":\"http:\\\/\\\/obeirao.pt\\\/online\\\/2019\\\/05\\\/15\\\/captura-ilegal-de-enguias-em-resende-leva-dois-homens-a-justica\\\/#primaryimage\",\"url\":\"http:\\\/\\\/obeirao.pt\\\/online\\\/wp-content\\\/uploads\\\/2019\\\/05\\\/enguias.jpg\",\"contentUrl\":\"http:\\\/\\\/obeirao.pt\\\/online\\\/wp-content\\\/uploads\\\/2019\\\/05\\\/enguias.jpg\",\"width\":1024,\"height\":500},{\"@type\":\"BreadcrumbList\",\"@id\":\"http:\\\/\\\/obeirao.pt\\\/online\\\/2019\\\/05\\\/15\\\/captura-ilegal-de-enguias-em-resende-leva-dois-homens-a-justica\\\/#breadcrumb\",\"itemListElement\":[{\"@type\":\"ListItem\",\"position\":1,\"name\":\"Home\",\"item\":\"http:\\\/\\\/obeirao.pt\\\/online\\\/\"},{\"@type\":\"ListItem\",\"position\":2,\"name\":\"CAPTURA ILEGAL DE ENGUIAS EM RESENDE leva dois homens \u00e0 Justi\u00e7a\"}]},{\"@type\":\"WebSite\",\"@id\":\"http:\\\/\\\/obeirao.pt\\\/online\\\/#website\",\"url\":\"http:\\\/\\\/obeirao.pt\\\/online\\\/\",\"name\":\"Beir\u00e3o Online\",\"description\":\"www.obeirao.pt\",\"potentialAction\":[{\"@type\":\"SearchAction\",\"target\":{\"@type\":\"EntryPoint\",\"urlTemplate\":\"http:\\\/\\\/obeirao.pt\\\/online\\\/?s={search_term_string}\"},\"query-input\":{\"@type\":\"PropertyValueSpecification\",\"valueRequired\":true,\"valueName\":\"search_term_string\"}}],\"inLanguage\":\"pt-PT\"},{\"@type\":\"Person\",\"@id\":\"http:\\\/\\\/obeirao.pt\\\/online\\\/#\\\/schema\\\/person\\\/efac69bb5a33873e1c1bb9c1165ff38c\",\"name\":\"Z\u00e9 Beir\u00e3o\",\"image\":{\"@type\":\"ImageObject\",\"inLanguage\":\"pt-PT\",\"@id\":\"http:\\\/\\\/0.gravatar.com\\\/avatar\\\/c8c44d1f9327baa4d27e9b1149cd71b3?s=96&d=mm&r=g\",\"url\":\"http:\\\/\\\/0.gravatar.com\\\/avatar\\\/c8c44d1f9327baa4d27e9b1149cd71b3?s=96&d=mm&r=g\",\"contentUrl\":\"http:\\\/\\\/0.gravatar.com\\\/avatar\\\/c8c44d1f9327baa4d27e9b1149cd71b3?s=96&d=mm&r=g\",\"caption\":\"Z\u00e9 Beir\u00e3o\"},\"url\":\"http:\\\/\\\/obeirao.pt\\\/online\\\/author\\\/zebeirao\\\/\"}]}<\/script>\n<!-- \/ Yoast SEO plugin. -->","yoast_head_json":{"title":"CAPTURA ILEGAL DE ENGUIAS EM RESENDE leva dois homens \u00e0 Justi\u00e7a - Beir\u00e3o Online","robots":{"index":"index","follow":"follow","max-snippet":"max-snippet:-1","max-image-preview":"max-image-preview:large","max-video-preview":"max-video-preview:-1"},"canonical":"http:\/\/obeirao.pt\/online\/2019\/05\/15\/captura-ilegal-de-enguias-em-resende-leva-dois-homens-a-justica\/","og_locale":"pt_PT","og_type":"article","og_title":"CAPTURA ILEGAL DE ENGUIAS EM RESENDE leva dois homens \u00e0 Justi\u00e7a - Beir\u00e3o Online","og_description":"tempo de leitura: &lt; 1 minutoO Comando Territorial da GNR de Viseu, atrav\u00e9s do N\u00facleo de Protec\u00e7\u00e3o Ambiental de Lamego, identificou, no dia de ontem, 14 de Maio, dois homens [...]","og_url":"http:\/\/obeirao.pt\/online\/2019\/05\/15\/captura-ilegal-de-enguias-em-resende-leva-dois-homens-a-justica\/","og_site_name":"Beir\u00e3o Online","article_publisher":"https:\/\/pt-br.facebook.com\/pages\/Amigos-de-Tondela\/273620439973877","article_published_time":"2019-05-15T11:43:01+00:00","article_modified_time":"2021-03-18T11:04:17+00:00","og_image":[{"width":1024,"height":500,"url":"http:\/\/obeirao.pt\/online\/wp-content\/uploads\/2019\/05\/enguias.jpg","type":"image\/jpeg"}],"author":"Z\u00e9 Beir\u00e3o","twitter_card":"summary_large_image","twitter_creator":"@JoaquimDuarteP2","twitter_site":"@JoaquimDuarteP2","twitter_misc":{"Escrito por":"Z\u00e9 Beir\u00e3o","Tempo estimado de leitura":"1 minuto"},"schema":{"@context":"https:\/\/schema.org","@graph":[{"@type":"Article","@id":"http:\/\/obeirao.pt\/online\/2019\/05\/15\/captura-ilegal-de-enguias-em-resende-leva-dois-homens-a-justica\/#article","isPartOf":{"@id":"http:\/\/obeirao.pt\/online\/2019\/05\/15\/captura-ilegal-de-enguias-em-resende-leva-dois-homens-a-justica\/"},"author":{"name":"Z\u00e9 Beir\u00e3o","@id":"http:\/\/obeirao.pt\/online\/#\/schema\/person\/efac69bb5a33873e1c1bb9c1165ff38c"},"headline":"CAPTURA ILEGAL DE ENGUIAS EM RESENDE leva dois homens \u00e0 Justi\u00e7a","datePublished":"2019-05-15T11:43:01+00:00","dateModified":"2021-03-18T11:04:17+00:00","mainEntityOfPage":{"@id":"http:\/\/obeirao.pt\/online\/2019\/05\/15\/captura-ilegal-de-enguias-em-resende-leva-dois-homens-a-justica\/"},"wordCount":163,"image":{"@id":"http:\/\/obeirao.pt\/online\/2019\/05\/15\/captura-ilegal-de-enguias-em-resende-leva-dois-homens-a-justica\/#primaryimage"},"thumbnailUrl":"http:\/\/obeirao.pt\/online\/wp-content\/uploads\/2019\/05\/enguias.jpg","articleSection":["_Principal","Lamego","Resende"],"inLanguage":"pt-PT"},{"@type":"WebPage","@id":"http:\/\/obeirao.pt\/online\/2019\/05\/15\/captura-ilegal-de-enguias-em-resende-leva-dois-homens-a-justica\/","url":"http:\/\/obeirao.pt\/online\/2019\/05\/15\/captura-ilegal-de-enguias-em-resende-leva-dois-homens-a-justica\/","name":"CAPTURA ILEGAL DE ENGUIAS EM RESENDE leva dois homens \u00e0 Justi\u00e7a - Beir\u00e3o Online","isPartOf":{"@id":"http:\/\/obeirao.pt\/online\/#website"},"primaryImageOfPage":{"@id":"http:\/\/obeirao.pt\/online\/2019\/05\/15\/captura-ilegal-de-enguias-em-resende-leva-dois-homens-a-justica\/#primaryimage"},"image":{"@id":"http:\/\/obeirao.pt\/online\/2019\/05\/15\/captura-ilegal-de-enguias-em-resende-leva-dois-homens-a-justica\/#primaryimage"},"thumbnailUrl":"http:\/\/obeirao.pt\/online\/wp-content\/uploads\/2019\/05\/enguias.jpg","datePublished":"2019-05-15T11:43:01+00:00","dateModified":"2021-03-18T11:04:17+00:00","author":{"@id":"http:\/\/obeirao.pt\/online\/#\/schema\/person\/efac69bb5a33873e1c1bb9c1165ff38c"},"breadcrumb":{"@id":"http:\/\/obeirao.pt\/online\/2019\/05\/15\/captura-ilegal-de-enguias-em-resende-leva-dois-homens-a-justica\/#breadcrumb"},"inLanguage":"pt-PT","potentialAction":[{"@type":"ReadAction","target":["http:\/\/obeirao.pt\/online\/2019\/05\/15\/captura-ilegal-de-enguias-em-resende-leva-dois-homens-a-justica\/"]}]},{"@type":"ImageObject","inLanguage":"pt-PT","@id":"http:\/\/obeirao.pt\/online\/2019\/05\/15\/captura-ilegal-de-enguias-em-resende-leva-dois-homens-a-justica\/#primaryimage","url":"http:\/\/obeirao.pt\/online\/wp-content\/uploads\/2019\/05\/enguias.jpg","contentUrl":"http:\/\/obeirao.pt\/online\/wp-content\/uploads\/2019\/05\/enguias.jpg","width":1024,"height":500},{"@type":"BreadcrumbList","@id":"http:\/\/obeirao.pt\/online\/2019\/05\/15\/captura-ilegal-de-enguias-em-resende-leva-dois-homens-a-justica\/#breadcrumb","itemListElement":[{"@type":"ListItem","position":1,"name":"Home","item":"http:\/\/obeirao.pt\/online\/"},{"@type":"ListItem","position":2,"name":"CAPTURA ILEGAL DE ENGUIAS EM RESENDE leva dois homens \u00e0 Justi\u00e7a"}]},{"@type":"WebSite","@id":"http:\/\/obeirao.pt\/online\/#website","url":"http:\/\/obeirao.pt\/online\/","name":"Beir\u00e3o Online","description":"www.obeirao.pt","potentialAction":[{"@type":"SearchAction","target":{"@type":"EntryPoint","urlTemplate":"http:\/\/obeirao.pt\/online\/?s={search_term_string}"},"query-input":{"@type":"PropertyValueSpecification","valueRequired":true,"valueName":"search_term_string"}}],"inLanguage":"pt-PT"},{"@type":"Person","@id":"http:\/\/obeirao.pt\/online\/#\/schema\/person\/efac69bb5a33873e1c1bb9c1165ff38c","name":"Z\u00e9 Beir\u00e3o","image":{"@type":"ImageObject","inLanguage":"pt-PT","@id":"http:\/\/0.gravatar.com\/avatar\/c8c44d1f9327baa4d27e9b1149cd71b3?s=96&d=mm&r=g","url":"http:\/\/0.gravatar.com\/avatar\/c8c44d1f9327baa4d27e9b1149cd71b3?s=96&d=mm&r=g","contentUrl":"http:\/\/0.gravatar.com\/avatar\/c8c44d1f9327baa4d27e9b1149cd71b3?s=96&d=mm&r=g","caption":"Z\u00e9 Beir\u00e3o"},"url":"http:\/\/obeirao.pt\/online\/author\/zebeirao\/"}]}},"_links":{"self":[{"href":"http:\/\/obeirao.pt\/online\/wp-json\/wp\/v2\/posts\/3076"}],"collection":[{"href":"http:\/\/obeirao.pt\/online\/wp-json\/wp\/v2\/posts"}],"about":[{"href":"http:\/\/obeirao.pt\/online\/wp-json\/wp\/v2\/types\/post"}],"author":[{"embeddable":true,"href":"http:\/\/obeirao.pt\/online\/wp-json\/wp\/v2\/users\/2"}],"replies":[{"embeddable":true,"href":"http:\/\/obeirao.pt\/online\/wp-json\/wp\/v2\/comments?post=3076"}],"version-history":[{"count":3,"href":"http:\/\/obeirao.pt\/online\/wp-json\/wp\/v2\/posts\/3076\/revisions"}],"predecessor-version":[{"id":3080,"href":"http:\/\/obeirao.pt\/online\/wp-json\/wp\/v2\/posts\/3076\/revisions\/3080"}],"wp:featuredmedia":[{"embeddable":true,"href":"http:\/\/obeirao.pt\/online\/wp-json\/wp\/v2\/media\/3077"}],"wp:attachment":[{"href":"http:\/\/obeirao.pt\/online\/wp-json\/wp\/v2\/media?parent=3076"}],"wp:term":[{"taxonomy":"category","embeddable":true,"href":"http:\/\/obeirao.pt\/online\/wp-json\/wp\/v2\/categories?post=3076"},{"taxonomy":"post_tag","embeddable":true,"href":"http:\/\/obeirao.pt\/online\/wp-json\/wp\/v2\/tags?post=3076"}],"curies":[{"name":"wp","href":"https:\/\/api.w.org\/{rel}","templated":true}]}}