{"id":3081,"date":"2019-05-15T15:06:38","date_gmt":"2019-05-15T14:06:38","guid":{"rendered":"http:\/\/obeirao.pt\/online\/?p=3081"},"modified":"2019-05-15T15:06:59","modified_gmt":"2019-05-15T14:06:59","slug":"dia-nacional-da-gastronomia-a-comemorar-pelo-municipio-de-tondela","status":"publish","type":"post","link":"http:\/\/obeirao.pt\/online\/2019\/05\/15\/dia-nacional-da-gastronomia-a-comemorar-pelo-municipio-de-tondela\/","title":{"rendered":"DIA NACIONAL DA GASTRONOMIA a comemorar pelo Munic\u00edpio de Tondela"},"content":{"rendered":"<span class=\"span-reading-time rt-reading-time\" style=\"display: block;\"><span class=\"rt-label rt-prefix\">tempo de leitura:<\/span> <span class=\"rt-time\"> &lt; 1<\/span> <span class=\"rt-label rt-postfix\">minuto<\/span><\/span><p><span style=\"font-size: 24pt\"><strong><a href=\"http:\/\/obeirao.pt\/online\/wp-content\/uploads\/2019\/05\/A-bela-bola-com-sardinha.jpg\"><img loading=\"lazy\" decoding=\"async\" class=\"alignleft wp-image-3082\" src=\"http:\/\/obeirao.pt\/online\/wp-content\/uploads\/2019\/05\/A-bela-bola-com-sardinha-300x208.jpg\" alt=\"\" width=\"345\" height=\"239\" srcset=\"http:\/\/obeirao.pt\/online\/wp-content\/uploads\/2019\/05\/A-bela-bola-com-sardinha-300x208.jpg 300w, http:\/\/obeirao.pt\/online\/wp-content\/uploads\/2019\/05\/A-bela-bola-com-sardinha-768x533.jpg 768w, http:\/\/obeirao.pt\/online\/wp-content\/uploads\/2019\/05\/A-bela-bola-com-sardinha-640x444.jpg 640w, http:\/\/obeirao.pt\/online\/wp-content\/uploads\/2019\/05\/A-bela-bola-com-sardinha.jpg 843w\" sizes=\"(max-width: 345px) 100vw, 345px\" \/><\/a><\/strong><\/span><span style=\"font-size: 14pt;color: #000000;font-family: georgia, palatino, serif\"><strong><em>O Munic\u00edpio de Tondela vai celebrar o Dia Nacional da Gastronomia Portuguesa com o evento \u201cTondela Gastron\u00f3mica\u201d, que ter\u00e1 lugar no pr\u00f3ximo dia 25 de Maio, no Mercado Municipal, a partir das 10:00.<\/em><\/strong><\/span><!--more--><\/p>\n<p><span style=\"font-size: 14pt;color: #000000;font-family: georgia, palatino, serif\" data-text=\"true\">O Mercado Municipal de Tondela ir\u00e1 acolher v\u00e1rias bancas de produtores agr\u00edcolas e artes\u00e3os do concelho, para al\u00e9m de as juntas e uni\u00f5es de freguesia colocarem \u00e0 venda o que de melhor se produz nos seus territ\u00f3rios.<\/span><\/p>\n<p><span style=\"font-size: 14pt;color: #000000;font-family: georgia, palatino, serif\" data-text=\"true\">Por volta das 11:30 e depois \u00e0s 12:30, ter\u00e1 lugar o \u2018showcooking\u2019 intitulado \u201cDa tradi\u00e7\u00e3o se faz inova\u00e7\u00e3o\u2026- Promo\u00e7\u00e3o dos produtos locais a \u2018quatro m\u00e3os\u2019\u201d, com os \u2018chefs\u2019 Jo\u00e3o Coimbra (Escola Profissional de Tondela) e Fl\u00e1vio Silva.<\/span><\/p>\n<p><span style=\"font-size: 14pt;color: #000000;font-family: georgia, palatino, serif\" data-text=\"true\">A anima\u00e7\u00e3o ir\u00e1 juntar-se \u00e0 gastronomia, com o \u201cCasal Maravilha \u00e0s compras em Tondela\u201d.<\/span><\/p>\n<p>&nbsp;<\/p>\n","protected":false},"excerpt":{"rendered":"<div class=\"mh-excerpt\"><span class=\"span-reading-time rt-reading-time\" style=\"display: block;\"><span class=\"rt-label rt-prefix\">tempo de leitura:<\/span> <span class=\"rt-time\"> &lt; 1<\/span> <span class=\"rt-label rt-postfix\">minuto<\/span><\/span>O Munic\u00edpio de Tondela vai celebrar o Dia Nacional da Gastronomia Portuguesa com o evento \u201cTondela Gastron\u00f3mica\u201d, que ter\u00e1 lugar no pr\u00f3ximo dia 25 de <a class=\"mh-excerpt-more\" href=\"http:\/\/obeirao.pt\/online\/2019\/05\/15\/dia-nacional-da-gastronomia-a-comemorar-pelo-municipio-de-tondela\/\" title=\"DIA NACIONAL DA GASTRONOMIA a comemorar pelo Munic\u00edpio de Tondela\">[&#8230;]<\/a><\/div>\n","protected":false},"author":2,"featured_media":3082,"comment_status":"open","ping_status":"open","sticky":false,"template":"","format":"standard","meta":{"footnotes":""},"categories":[2,5,4,63],"tags":[],"class_list":["post-3081","post","type-post","status-publish","format-standard","has-post-thumbnail","hentry","category-principal","category-cidade","category-regiao","category-tondela"],"yoast_head":"<!-- This site is optimized with the Yoast SEO plugin v27.4 - https:\/\/yoast.com\/product\/yoast-seo-wordpress\/ -->\n<title>DIA NACIONAL DA GASTRONOMIA a comemorar pelo Munic\u00edpio de Tondela - Beir\u00e3o Online<\/title>\n<meta name=\"robots\" content=\"index, follow, max-snippet:-1, max-image-preview:large, max-video-preview:-1\" \/>\n<link rel=\"canonical\" href=\"http:\/\/obeirao.pt\/online\/2019\/05\/15\/dia-nacional-da-gastronomia-a-comemorar-pelo-municipio-de-tondela\/\" \/>\n<meta property=\"og:locale\" content=\"pt_PT\" \/>\n<meta property=\"og:type\" content=\"article\" \/>\n<meta property=\"og:title\" content=\"DIA NACIONAL DA GASTRONOMIA a comemorar pelo Munic\u00edpio de Tondela - Beir\u00e3o Online\" \/>\n<meta property=\"og:description\" content=\"tempo de leitura: &lt; 1 minutoO Munic\u00edpio de Tondela vai celebrar o Dia Nacional da Gastronomia Portuguesa com o evento \u201cTondela Gastron\u00f3mica\u201d, que ter\u00e1 lugar no pr\u00f3ximo dia 25 de [...]\" \/>\n<meta property=\"og:url\" content=\"http:\/\/obeirao.pt\/online\/2019\/05\/15\/dia-nacional-da-gastronomia-a-comemorar-pelo-municipio-de-tondela\/\" \/>\n<meta property=\"og:site_name\" content=\"Beir\u00e3o Online\" \/>\n<meta property=\"article:publisher\" content=\"https:\/\/pt-br.facebook.com\/pages\/Amigos-de-Tondela\/273620439973877\" \/>\n<meta property=\"article:published_time\" content=\"2019-05-15T14:06:38+00:00\" \/>\n<meta property=\"article:modified_time\" content=\"2019-05-15T14:06:59+00:00\" \/>\n<meta property=\"og:image\" content=\"http:\/\/obeirao.pt\/online\/wp-content\/uploads\/2019\/05\/A-bela-bola-com-sardinha.jpg\" \/>\n\t<meta property=\"og:image:width\" content=\"843\" \/>\n\t<meta property=\"og:image:height\" content=\"585\" \/>\n\t<meta property=\"og:image:type\" content=\"image\/jpeg\" \/>\n<meta name=\"author\" content=\"Z\u00e9 Beir\u00e3o\" \/>\n<meta name=\"twitter:card\" content=\"summary_large_image\" \/>\n<meta name=\"twitter:creator\" content=\"@JoaquimDuarteP2\" \/>\n<meta name=\"twitter:site\" content=\"@JoaquimDuarteP2\" \/>\n<meta name=\"twitter:label1\" content=\"Escrito por\" \/>\n\t<meta name=\"twitter:data1\" content=\"Z\u00e9 Beir\u00e3o\" \/>\n\t<meta name=\"twitter:label2\" content=\"Tempo estimado de leitura\" \/>\n\t<meta name=\"twitter:data2\" content=\"1 minuto\" \/>\n<script type=\"application\/ld+json\" class=\"yoast-schema-graph\">{\"@context\":\"https:\\\/\\\/schema.org\",\"@graph\":[{\"@type\":\"Article\",\"@id\":\"http:\\\/\\\/obeirao.pt\\\/online\\\/2019\\\/05\\\/15\\\/dia-nacional-da-gastronomia-a-comemorar-pelo-municipio-de-tondela\\\/#article\",\"isPartOf\":{\"@id\":\"http:\\\/\\\/obeirao.pt\\\/online\\\/2019\\\/05\\\/15\\\/dia-nacional-da-gastronomia-a-comemorar-pelo-municipio-de-tondela\\\/\"},\"author\":{\"name\":\"Z\u00e9 Beir\u00e3o\",\"@id\":\"http:\\\/\\\/obeirao.pt\\\/online\\\/#\\\/schema\\\/person\\\/efac69bb5a33873e1c1bb9c1165ff38c\"},\"headline\":\"DIA NACIONAL DA GASTRONOMIA a comemorar pelo Munic\u00edpio de Tondela\",\"datePublished\":\"2019-05-15T14:06:38+00:00\",\"dateModified\":\"2019-05-15T14:06:59+00:00\",\"mainEntityOfPage\":{\"@id\":\"http:\\\/\\\/obeirao.pt\\\/online\\\/2019\\\/05\\\/15\\\/dia-nacional-da-gastronomia-a-comemorar-pelo-municipio-de-tondela\\\/\"},\"wordCount\":144,\"commentCount\":0,\"image\":{\"@id\":\"http:\\\/\\\/obeirao.pt\\\/online\\\/2019\\\/05\\\/15\\\/dia-nacional-da-gastronomia-a-comemorar-pelo-municipio-de-tondela\\\/#primaryimage\"},\"thumbnailUrl\":\"http:\\\/\\\/obeirao.pt\\\/online\\\/wp-content\\\/uploads\\\/2019\\\/05\\\/A-bela-bola-com-sardinha.jpg\",\"articleSection\":[\"_Principal\",\"Cidade\",\"Regi\u00e3o\",\"Tondela\"],\"inLanguage\":\"pt-PT\"},{\"@type\":\"WebPage\",\"@id\":\"http:\\\/\\\/obeirao.pt\\\/online\\\/2019\\\/05\\\/15\\\/dia-nacional-da-gastronomia-a-comemorar-pelo-municipio-de-tondela\\\/\",\"url\":\"http:\\\/\\\/obeirao.pt\\\/online\\\/2019\\\/05\\\/15\\\/dia-nacional-da-gastronomia-a-comemorar-pelo-municipio-de-tondela\\\/\",\"name\":\"DIA NACIONAL DA GASTRONOMIA a comemorar pelo Munic\u00edpio de Tondela - Beir\u00e3o Online\",\"isPartOf\":{\"@id\":\"http:\\\/\\\/obeirao.pt\\\/online\\\/#website\"},\"primaryImageOfPage\":{\"@id\":\"http:\\\/\\\/obeirao.pt\\\/online\\\/2019\\\/05\\\/15\\\/dia-nacional-da-gastronomia-a-comemorar-pelo-municipio-de-tondela\\\/#primaryimage\"},\"image\":{\"@id\":\"http:\\\/\\\/obeirao.pt\\\/online\\\/2019\\\/05\\\/15\\\/dia-nacional-da-gastronomia-a-comemorar-pelo-municipio-de-tondela\\\/#primaryimage\"},\"thumbnailUrl\":\"http:\\\/\\\/obeirao.pt\\\/online\\\/wp-content\\\/uploads\\\/2019\\\/05\\\/A-bela-bola-com-sardinha.jpg\",\"datePublished\":\"2019-05-15T14:06:38+00:00\",\"dateModified\":\"2019-05-15T14:06:59+00:00\",\"author\":{\"@id\":\"http:\\\/\\\/obeirao.pt\\\/online\\\/#\\\/schema\\\/person\\\/efac69bb5a33873e1c1bb9c1165ff38c\"},\"breadcrumb\":{\"@id\":\"http:\\\/\\\/obeirao.pt\\\/online\\\/2019\\\/05\\\/15\\\/dia-nacional-da-gastronomia-a-comemorar-pelo-municipio-de-tondela\\\/#breadcrumb\"},\"inLanguage\":\"pt-PT\",\"potentialAction\":[{\"@type\":\"ReadAction\",\"target\":[\"http:\\\/\\\/obeirao.pt\\\/online\\\/2019\\\/05\\\/15\\\/dia-nacional-da-gastronomia-a-comemorar-pelo-municipio-de-tondela\\\/\"]}]},{\"@type\":\"ImageObject\",\"inLanguage\":\"pt-PT\",\"@id\":\"http:\\\/\\\/obeirao.pt\\\/online\\\/2019\\\/05\\\/15\\\/dia-nacional-da-gastronomia-a-comemorar-pelo-municipio-de-tondela\\\/#primaryimage\",\"url\":\"http:\\\/\\\/obeirao.pt\\\/online\\\/wp-content\\\/uploads\\\/2019\\\/05\\\/A-bela-bola-com-sardinha.jpg\",\"contentUrl\":\"http:\\\/\\\/obeirao.pt\\\/online\\\/wp-content\\\/uploads\\\/2019\\\/05\\\/A-bela-bola-com-sardinha.jpg\",\"width\":843,\"height\":585},{\"@type\":\"BreadcrumbList\",\"@id\":\"http:\\\/\\\/obeirao.pt\\\/online\\\/2019\\\/05\\\/15\\\/dia-nacional-da-gastronomia-a-comemorar-pelo-municipio-de-tondela\\\/#breadcrumb\",\"itemListElement\":[{\"@type\":\"ListItem\",\"position\":1,\"name\":\"Home\",\"item\":\"http:\\\/\\\/obeirao.pt\\\/online\\\/\"},{\"@type\":\"ListItem\",\"position\":2,\"name\":\"DIA NACIONAL DA GASTRONOMIA a comemorar pelo Munic\u00edpio de Tondela\"}]},{\"@type\":\"WebSite\",\"@id\":\"http:\\\/\\\/obeirao.pt\\\/online\\\/#website\",\"url\":\"http:\\\/\\\/obeirao.pt\\\/online\\\/\",\"name\":\"Beir\u00e3o Online\",\"description\":\"www.obeirao.pt\",\"potentialAction\":[{\"@type\":\"SearchAction\",\"target\":{\"@type\":\"EntryPoint\",\"urlTemplate\":\"http:\\\/\\\/obeirao.pt\\\/online\\\/?s={search_term_string}\"},\"query-input\":{\"@type\":\"PropertyValueSpecification\",\"valueRequired\":true,\"valueName\":\"search_term_string\"}}],\"inLanguage\":\"pt-PT\"},{\"@type\":\"Person\",\"@id\":\"http:\\\/\\\/obeirao.pt\\\/online\\\/#\\\/schema\\\/person\\\/efac69bb5a33873e1c1bb9c1165ff38c\",\"name\":\"Z\u00e9 Beir\u00e3o\",\"image\":{\"@type\":\"ImageObject\",\"inLanguage\":\"pt-PT\",\"@id\":\"http:\\\/\\\/0.gravatar.com\\\/avatar\\\/c8c44d1f9327baa4d27e9b1149cd71b3?s=96&d=mm&r=g\",\"url\":\"http:\\\/\\\/0.gravatar.com\\\/avatar\\\/c8c44d1f9327baa4d27e9b1149cd71b3?s=96&d=mm&r=g\",\"contentUrl\":\"http:\\\/\\\/0.gravatar.com\\\/avatar\\\/c8c44d1f9327baa4d27e9b1149cd71b3?s=96&d=mm&r=g\",\"caption\":\"Z\u00e9 Beir\u00e3o\"},\"url\":\"http:\\\/\\\/obeirao.pt\\\/online\\\/author\\\/zebeirao\\\/\"}]}<\/script>\n<!-- \/ Yoast SEO plugin. -->","yoast_head_json":{"title":"DIA NACIONAL DA GASTRONOMIA a comemorar pelo Munic\u00edpio de Tondela - Beir\u00e3o Online","robots":{"index":"index","follow":"follow","max-snippet":"max-snippet:-1","max-image-preview":"max-image-preview:large","max-video-preview":"max-video-preview:-1"},"canonical":"http:\/\/obeirao.pt\/online\/2019\/05\/15\/dia-nacional-da-gastronomia-a-comemorar-pelo-municipio-de-tondela\/","og_locale":"pt_PT","og_type":"article","og_title":"DIA NACIONAL DA GASTRONOMIA a comemorar pelo Munic\u00edpio de Tondela - Beir\u00e3o Online","og_description":"tempo de leitura: &lt; 1 minutoO Munic\u00edpio de Tondela vai celebrar o Dia Nacional da Gastronomia Portuguesa com o evento \u201cTondela Gastron\u00f3mica\u201d, que ter\u00e1 lugar no pr\u00f3ximo dia 25 de [...]","og_url":"http:\/\/obeirao.pt\/online\/2019\/05\/15\/dia-nacional-da-gastronomia-a-comemorar-pelo-municipio-de-tondela\/","og_site_name":"Beir\u00e3o Online","article_publisher":"https:\/\/pt-br.facebook.com\/pages\/Amigos-de-Tondela\/273620439973877","article_published_time":"2019-05-15T14:06:38+00:00","article_modified_time":"2019-05-15T14:06:59+00:00","og_image":[{"width":843,"height":585,"url":"http:\/\/obeirao.pt\/online\/wp-content\/uploads\/2019\/05\/A-bela-bola-com-sardinha.jpg","type":"image\/jpeg"}],"author":"Z\u00e9 Beir\u00e3o","twitter_card":"summary_large_image","twitter_creator":"@JoaquimDuarteP2","twitter_site":"@JoaquimDuarteP2","twitter_misc":{"Escrito por":"Z\u00e9 Beir\u00e3o","Tempo estimado de leitura":"1 minuto"},"schema":{"@context":"https:\/\/schema.org","@graph":[{"@type":"Article","@id":"http:\/\/obeirao.pt\/online\/2019\/05\/15\/dia-nacional-da-gastronomia-a-comemorar-pelo-municipio-de-tondela\/#article","isPartOf":{"@id":"http:\/\/obeirao.pt\/online\/2019\/05\/15\/dia-nacional-da-gastronomia-a-comemorar-pelo-municipio-de-tondela\/"},"author":{"name":"Z\u00e9 Beir\u00e3o","@id":"http:\/\/obeirao.pt\/online\/#\/schema\/person\/efac69bb5a33873e1c1bb9c1165ff38c"},"headline":"DIA NACIONAL DA GASTRONOMIA a comemorar pelo Munic\u00edpio de Tondela","datePublished":"2019-05-15T14:06:38+00:00","dateModified":"2019-05-15T14:06:59+00:00","mainEntityOfPage":{"@id":"http:\/\/obeirao.pt\/online\/2019\/05\/15\/dia-nacional-da-gastronomia-a-comemorar-pelo-municipio-de-tondela\/"},"wordCount":144,"commentCount":0,"image":{"@id":"http:\/\/obeirao.pt\/online\/2019\/05\/15\/dia-nacional-da-gastronomia-a-comemorar-pelo-municipio-de-tondela\/#primaryimage"},"thumbnailUrl":"http:\/\/obeirao.pt\/online\/wp-content\/uploads\/2019\/05\/A-bela-bola-com-sardinha.jpg","articleSection":["_Principal","Cidade","Regi\u00e3o","Tondela"],"inLanguage":"pt-PT"},{"@type":"WebPage","@id":"http:\/\/obeirao.pt\/online\/2019\/05\/15\/dia-nacional-da-gastronomia-a-comemorar-pelo-municipio-de-tondela\/","url":"http:\/\/obeirao.pt\/online\/2019\/05\/15\/dia-nacional-da-gastronomia-a-comemorar-pelo-municipio-de-tondela\/","name":"DIA NACIONAL DA GASTRONOMIA a comemorar pelo Munic\u00edpio de Tondela - Beir\u00e3o Online","isPartOf":{"@id":"http:\/\/obeirao.pt\/online\/#website"},"primaryImageOfPage":{"@id":"http:\/\/obeirao.pt\/online\/2019\/05\/15\/dia-nacional-da-gastronomia-a-comemorar-pelo-municipio-de-tondela\/#primaryimage"},"image":{"@id":"http:\/\/obeirao.pt\/online\/2019\/05\/15\/dia-nacional-da-gastronomia-a-comemorar-pelo-municipio-de-tondela\/#primaryimage"},"thumbnailUrl":"http:\/\/obeirao.pt\/online\/wp-content\/uploads\/2019\/05\/A-bela-bola-com-sardinha.jpg","datePublished":"2019-05-15T14:06:38+00:00","dateModified":"2019-05-15T14:06:59+00:00","author":{"@id":"http:\/\/obeirao.pt\/online\/#\/schema\/person\/efac69bb5a33873e1c1bb9c1165ff38c"},"breadcrumb":{"@id":"http:\/\/obeirao.pt\/online\/2019\/05\/15\/dia-nacional-da-gastronomia-a-comemorar-pelo-municipio-de-tondela\/#breadcrumb"},"inLanguage":"pt-PT","potentialAction":[{"@type":"ReadAction","target":["http:\/\/obeirao.pt\/online\/2019\/05\/15\/dia-nacional-da-gastronomia-a-comemorar-pelo-municipio-de-tondela\/"]}]},{"@type":"ImageObject","inLanguage":"pt-PT","@id":"http:\/\/obeirao.pt\/online\/2019\/05\/15\/dia-nacional-da-gastronomia-a-comemorar-pelo-municipio-de-tondela\/#primaryimage","url":"http:\/\/obeirao.pt\/online\/wp-content\/uploads\/2019\/05\/A-bela-bola-com-sardinha.jpg","contentUrl":"http:\/\/obeirao.pt\/online\/wp-content\/uploads\/2019\/05\/A-bela-bola-com-sardinha.jpg","width":843,"height":585},{"@type":"BreadcrumbList","@id":"http:\/\/obeirao.pt\/online\/2019\/05\/15\/dia-nacional-da-gastronomia-a-comemorar-pelo-municipio-de-tondela\/#breadcrumb","itemListElement":[{"@type":"ListItem","position":1,"name":"Home","item":"http:\/\/obeirao.pt\/online\/"},{"@type":"ListItem","position":2,"name":"DIA NACIONAL DA GASTRONOMIA a comemorar pelo Munic\u00edpio de Tondela"}]},{"@type":"WebSite","@id":"http:\/\/obeirao.pt\/online\/#website","url":"http:\/\/obeirao.pt\/online\/","name":"Beir\u00e3o Online","description":"www.obeirao.pt","potentialAction":[{"@type":"SearchAction","target":{"@type":"EntryPoint","urlTemplate":"http:\/\/obeirao.pt\/online\/?s={search_term_string}"},"query-input":{"@type":"PropertyValueSpecification","valueRequired":true,"valueName":"search_term_string"}}],"inLanguage":"pt-PT"},{"@type":"Person","@id":"http:\/\/obeirao.pt\/online\/#\/schema\/person\/efac69bb5a33873e1c1bb9c1165ff38c","name":"Z\u00e9 Beir\u00e3o","image":{"@type":"ImageObject","inLanguage":"pt-PT","@id":"http:\/\/0.gravatar.com\/avatar\/c8c44d1f9327baa4d27e9b1149cd71b3?s=96&d=mm&r=g","url":"http:\/\/0.gravatar.com\/avatar\/c8c44d1f9327baa4d27e9b1149cd71b3?s=96&d=mm&r=g","contentUrl":"http:\/\/0.gravatar.com\/avatar\/c8c44d1f9327baa4d27e9b1149cd71b3?s=96&d=mm&r=g","caption":"Z\u00e9 Beir\u00e3o"},"url":"http:\/\/obeirao.pt\/online\/author\/zebeirao\/"}]}},"_links":{"self":[{"href":"http:\/\/obeirao.pt\/online\/wp-json\/wp\/v2\/posts\/3081"}],"collection":[{"href":"http:\/\/obeirao.pt\/online\/wp-json\/wp\/v2\/posts"}],"about":[{"href":"http:\/\/obeirao.pt\/online\/wp-json\/wp\/v2\/types\/post"}],"author":[{"embeddable":true,"href":"http:\/\/obeirao.pt\/online\/wp-json\/wp\/v2\/users\/2"}],"replies":[{"embeddable":true,"href":"http:\/\/obeirao.pt\/online\/wp-json\/wp\/v2\/comments?post=3081"}],"version-history":[{"count":1,"href":"http:\/\/obeirao.pt\/online\/wp-json\/wp\/v2\/posts\/3081\/revisions"}],"predecessor-version":[{"id":3083,"href":"http:\/\/obeirao.pt\/online\/wp-json\/wp\/v2\/posts\/3081\/revisions\/3083"}],"wp:featuredmedia":[{"embeddable":true,"href":"http:\/\/obeirao.pt\/online\/wp-json\/wp\/v2\/media\/3082"}],"wp:attachment":[{"href":"http:\/\/obeirao.pt\/online\/wp-json\/wp\/v2\/media?parent=3081"}],"wp:term":[{"taxonomy":"category","embeddable":true,"href":"http:\/\/obeirao.pt\/online\/wp-json\/wp\/v2\/categories?post=3081"},{"taxonomy":"post_tag","embeddable":true,"href":"http:\/\/obeirao.pt\/online\/wp-json\/wp\/v2\/tags?post=3081"}],"curies":[{"name":"wp","href":"https:\/\/api.w.org\/{rel}","templated":true}]}}