{"id":3162,"date":"2019-05-27T17:59:34","date_gmt":"2019-05-27T16:59:34","guid":{"rendered":"http:\/\/obeirao.pt\/online\/?p=3162"},"modified":"2019-05-27T17:59:48","modified_gmt":"2019-05-27T16:59:48","slug":"municipio-de-tondela-comemora-dia-mundial-da-crianca","status":"publish","type":"post","link":"http:\/\/obeirao.pt\/online\/2019\/05\/27\/municipio-de-tondela-comemora-dia-mundial-da-crianca\/","title":{"rendered":"MUNIC\u00cdPIO DE TONDELA COMEMORA DIA MUNDIAL DA CRIAN\u00c7A"},"content":{"rendered":"<span class=\"span-reading-time rt-reading-time\" style=\"display: block;\"><span class=\"rt-label rt-prefix\">tempo de leitura:<\/span> <span class=\"rt-time\"> &lt; 1<\/span> <span class=\"rt-label rt-postfix\">minuto<\/span><\/span><p><span style=\"font-size: 24pt;color: #000000;font-family: georgia, palatino, serif\"><strong><a href=\"http:\/\/obeirao.pt\/online\/wp-content\/uploads\/2019\/05\/banner_facebook.png\"><img loading=\"lazy\" decoding=\"async\" class=\"alignleft wp-image-3163 \" src=\"http:\/\/obeirao.pt\/online\/wp-content\/uploads\/2019\/05\/banner_facebook-300x112.png\" alt=\"\" width=\"391\" height=\"146\" srcset=\"http:\/\/obeirao.pt\/online\/wp-content\/uploads\/2019\/05\/banner_facebook-300x112.png 300w, http:\/\/obeirao.pt\/online\/wp-content\/uploads\/2019\/05\/banner_facebook-768x285.png 768w, http:\/\/obeirao.pt\/online\/wp-content\/uploads\/2019\/05\/banner_facebook.png 1024w, http:\/\/obeirao.pt\/online\/wp-content\/uploads\/2019\/05\/banner_facebook-640x238.png 640w\" sizes=\"(max-width: 391px) 100vw, 391px\" \/><\/a><\/strong><\/span><strong><em><span style=\"font-size: 14pt;color: #000000;font-family: georgia, palatino, serif\">O Munic\u00edpio de Tondela vai comemorar o Dia Mundial da Crian\u00e7a na tarde do pr\u00f3ximo domingo, dia 2 de Junho, no Parque Urbano da cidade.<\/span><\/em><\/strong><!--more--><\/p>\n<p><span style=\"font-size: 14pt;color: #000000;font-family: georgia, palatino, serif\">A partir das 15h30, ter\u00e1 lugar uma tarde m\u00e1gica e de divers\u00e3o, com um conjunto de atractivos para toda a fam\u00edlia.<\/span><\/p>\n<p><span style=\"font-size: 14pt;color: #000000;font-family: georgia, palatino, serif\">Insufl\u00e1veis, escalada, passeio a cavalo, mascotes, torre de arvorismo, slide, pinturas faciais e largada de bal\u00f5es, est\u00e3o entre as actividades dispon\u00edveis no Parque Urbano de Tondela.<\/span><\/p>\n<p><span style=\"font-size: 14pt;color: #000000;font-family: georgia, palatino, serif\">Tudo aponta para o parque verde da cidade, a sua sala de visitas, se transforme num verdadeiro reino da divers\u00e3o para todas as idades e n\u00e3o apenas para as crian\u00e7as.<\/span><\/p>\n","protected":false},"excerpt":{"rendered":"<div class=\"mh-excerpt\"><span class=\"span-reading-time rt-reading-time\" style=\"display: block;\"><span class=\"rt-label rt-prefix\">tempo de leitura:<\/span> <span class=\"rt-time\"> &lt; 1<\/span> <span class=\"rt-label rt-postfix\">minuto<\/span><\/span>O Munic\u00edpio de Tondela vai comemorar o Dia Mundial da Crian\u00e7a na tarde do pr\u00f3ximo domingo, dia 2 de Junho, no Parque Urbano da cidade.<\/div>\n","protected":false},"author":2,"featured_media":3163,"comment_status":"open","ping_status":"open","sticky":false,"template":"","format":"standard","meta":{"footnotes":""},"categories":[2,5,4,63],"tags":[],"class_list":["post-3162","post","type-post","status-publish","format-standard","has-post-thumbnail","hentry","category-principal","category-cidade","category-regiao","category-tondela"],"yoast_head":"<!-- This site is optimized with the Yoast SEO plugin v27.4 - https:\/\/yoast.com\/product\/yoast-seo-wordpress\/ -->\n<title>MUNIC\u00cdPIO DE TONDELA COMEMORA DIA MUNDIAL DA CRIAN\u00c7A - Beir\u00e3o Online<\/title>\n<meta name=\"robots\" content=\"index, follow, max-snippet:-1, max-image-preview:large, max-video-preview:-1\" \/>\n<link rel=\"canonical\" href=\"http:\/\/obeirao.pt\/online\/2019\/05\/27\/municipio-de-tondela-comemora-dia-mundial-da-crianca\/\" \/>\n<meta property=\"og:locale\" content=\"pt_PT\" \/>\n<meta property=\"og:type\" content=\"article\" \/>\n<meta property=\"og:title\" content=\"MUNIC\u00cdPIO DE TONDELA COMEMORA DIA MUNDIAL DA CRIAN\u00c7A - Beir\u00e3o Online\" \/>\n<meta property=\"og:description\" content=\"tempo de leitura: &lt; 1 minutoO Munic\u00edpio de Tondela vai comemorar o Dia Mundial da Crian\u00e7a na tarde do pr\u00f3ximo domingo, dia 2 de Junho, no Parque Urbano da cidade.\" \/>\n<meta property=\"og:url\" content=\"http:\/\/obeirao.pt\/online\/2019\/05\/27\/municipio-de-tondela-comemora-dia-mundial-da-crianca\/\" \/>\n<meta property=\"og:site_name\" content=\"Beir\u00e3o Online\" \/>\n<meta property=\"article:publisher\" content=\"https:\/\/pt-br.facebook.com\/pages\/Amigos-de-Tondela\/273620439973877\" \/>\n<meta property=\"article:published_time\" content=\"2019-05-27T16:59:34+00:00\" \/>\n<meta property=\"article:modified_time\" content=\"2019-05-27T16:59:48+00:00\" \/>\n<meta property=\"og:image\" content=\"http:\/\/obeirao.pt\/online\/wp-content\/uploads\/2019\/05\/banner_facebook.png\" \/>\n\t<meta property=\"og:image:width\" content=\"1024\" \/>\n\t<meta property=\"og:image:height\" content=\"381\" \/>\n\t<meta property=\"og:image:type\" content=\"image\/png\" \/>\n<meta name=\"author\" content=\"Z\u00e9 Beir\u00e3o\" \/>\n<meta name=\"twitter:card\" content=\"summary_large_image\" \/>\n<meta name=\"twitter:creator\" content=\"@JoaquimDuarteP2\" \/>\n<meta name=\"twitter:site\" content=\"@JoaquimDuarteP2\" \/>\n<meta name=\"twitter:label1\" content=\"Escrito por\" \/>\n\t<meta name=\"twitter:data1\" content=\"Z\u00e9 Beir\u00e3o\" \/>\n\t<meta name=\"twitter:label2\" content=\"Tempo estimado de leitura\" \/>\n\t<meta name=\"twitter:data2\" content=\"1 minuto\" \/>\n<script type=\"application\/ld+json\" class=\"yoast-schema-graph\">{\"@context\":\"https:\\\/\\\/schema.org\",\"@graph\":[{\"@type\":\"Article\",\"@id\":\"http:\\\/\\\/obeirao.pt\\\/online\\\/2019\\\/05\\\/27\\\/municipio-de-tondela-comemora-dia-mundial-da-crianca\\\/#article\",\"isPartOf\":{\"@id\":\"http:\\\/\\\/obeirao.pt\\\/online\\\/2019\\\/05\\\/27\\\/municipio-de-tondela-comemora-dia-mundial-da-crianca\\\/\"},\"author\":{\"name\":\"Z\u00e9 Beir\u00e3o\",\"@id\":\"https:\\\/\\\/obeirao.pt\\\/online\\\/#\\\/schema\\\/person\\\/efac69bb5a33873e1c1bb9c1165ff38c\"},\"headline\":\"MUNIC\u00cdPIO DE TONDELA COMEMORA DIA MUNDIAL DA CRIAN\u00c7A\",\"datePublished\":\"2019-05-27T16:59:34+00:00\",\"dateModified\":\"2019-05-27T16:59:48+00:00\",\"mainEntityOfPage\":{\"@id\":\"http:\\\/\\\/obeirao.pt\\\/online\\\/2019\\\/05\\\/27\\\/municipio-de-tondela-comemora-dia-mundial-da-crianca\\\/\"},\"wordCount\":124,\"commentCount\":0,\"image\":{\"@id\":\"http:\\\/\\\/obeirao.pt\\\/online\\\/2019\\\/05\\\/27\\\/municipio-de-tondela-comemora-dia-mundial-da-crianca\\\/#primaryimage\"},\"thumbnailUrl\":\"http:\\\/\\\/obeirao.pt\\\/online\\\/wp-content\\\/uploads\\\/2019\\\/05\\\/banner_facebook.png\",\"articleSection\":[\"_Principal\",\"Cidade\",\"Regi\u00e3o\",\"Tondela\"],\"inLanguage\":\"pt-PT\"},{\"@type\":\"WebPage\",\"@id\":\"http:\\\/\\\/obeirao.pt\\\/online\\\/2019\\\/05\\\/27\\\/municipio-de-tondela-comemora-dia-mundial-da-crianca\\\/\",\"url\":\"http:\\\/\\\/obeirao.pt\\\/online\\\/2019\\\/05\\\/27\\\/municipio-de-tondela-comemora-dia-mundial-da-crianca\\\/\",\"name\":\"MUNIC\u00cdPIO DE TONDELA COMEMORA DIA MUNDIAL DA CRIAN\u00c7A - Beir\u00e3o Online\",\"isPartOf\":{\"@id\":\"https:\\\/\\\/obeirao.pt\\\/online\\\/#website\"},\"primaryImageOfPage\":{\"@id\":\"http:\\\/\\\/obeirao.pt\\\/online\\\/2019\\\/05\\\/27\\\/municipio-de-tondela-comemora-dia-mundial-da-crianca\\\/#primaryimage\"},\"image\":{\"@id\":\"http:\\\/\\\/obeirao.pt\\\/online\\\/2019\\\/05\\\/27\\\/municipio-de-tondela-comemora-dia-mundial-da-crianca\\\/#primaryimage\"},\"thumbnailUrl\":\"http:\\\/\\\/obeirao.pt\\\/online\\\/wp-content\\\/uploads\\\/2019\\\/05\\\/banner_facebook.png\",\"datePublished\":\"2019-05-27T16:59:34+00:00\",\"dateModified\":\"2019-05-27T16:59:48+00:00\",\"author\":{\"@id\":\"https:\\\/\\\/obeirao.pt\\\/online\\\/#\\\/schema\\\/person\\\/efac69bb5a33873e1c1bb9c1165ff38c\"},\"breadcrumb\":{\"@id\":\"http:\\\/\\\/obeirao.pt\\\/online\\\/2019\\\/05\\\/27\\\/municipio-de-tondela-comemora-dia-mundial-da-crianca\\\/#breadcrumb\"},\"inLanguage\":\"pt-PT\",\"potentialAction\":[{\"@type\":\"ReadAction\",\"target\":[\"http:\\\/\\\/obeirao.pt\\\/online\\\/2019\\\/05\\\/27\\\/municipio-de-tondela-comemora-dia-mundial-da-crianca\\\/\"]}]},{\"@type\":\"ImageObject\",\"inLanguage\":\"pt-PT\",\"@id\":\"http:\\\/\\\/obeirao.pt\\\/online\\\/2019\\\/05\\\/27\\\/municipio-de-tondela-comemora-dia-mundial-da-crianca\\\/#primaryimage\",\"url\":\"http:\\\/\\\/obeirao.pt\\\/online\\\/wp-content\\\/uploads\\\/2019\\\/05\\\/banner_facebook.png\",\"contentUrl\":\"http:\\\/\\\/obeirao.pt\\\/online\\\/wp-content\\\/uploads\\\/2019\\\/05\\\/banner_facebook.png\",\"width\":1024,\"height\":381},{\"@type\":\"BreadcrumbList\",\"@id\":\"http:\\\/\\\/obeirao.pt\\\/online\\\/2019\\\/05\\\/27\\\/municipio-de-tondela-comemora-dia-mundial-da-crianca\\\/#breadcrumb\",\"itemListElement\":[{\"@type\":\"ListItem\",\"position\":1,\"name\":\"Home\",\"item\":\"http:\\\/\\\/obeirao.pt\\\/online\\\/\"},{\"@type\":\"ListItem\",\"position\":2,\"name\":\"MUNIC\u00cdPIO DE TONDELA COMEMORA DIA MUNDIAL DA CRIAN\u00c7A\"}]},{\"@type\":\"WebSite\",\"@id\":\"https:\\\/\\\/obeirao.pt\\\/online\\\/#website\",\"url\":\"https:\\\/\\\/obeirao.pt\\\/online\\\/\",\"name\":\"Beir\u00e3o Online\",\"description\":\"www.obeirao.pt\",\"potentialAction\":[{\"@type\":\"SearchAction\",\"target\":{\"@type\":\"EntryPoint\",\"urlTemplate\":\"https:\\\/\\\/obeirao.pt\\\/online\\\/?s={search_term_string}\"},\"query-input\":{\"@type\":\"PropertyValueSpecification\",\"valueRequired\":true,\"valueName\":\"search_term_string\"}}],\"inLanguage\":\"pt-PT\"},{\"@type\":\"Person\",\"@id\":\"https:\\\/\\\/obeirao.pt\\\/online\\\/#\\\/schema\\\/person\\\/efac69bb5a33873e1c1bb9c1165ff38c\",\"name\":\"Z\u00e9 Beir\u00e3o\",\"image\":{\"@type\":\"ImageObject\",\"inLanguage\":\"pt-PT\",\"@id\":\"http:\\\/\\\/0.gravatar.com\\\/avatar\\\/c8c44d1f9327baa4d27e9b1149cd71b3?s=96&d=mm&r=g\",\"url\":\"http:\\\/\\\/0.gravatar.com\\\/avatar\\\/c8c44d1f9327baa4d27e9b1149cd71b3?s=96&d=mm&r=g\",\"contentUrl\":\"http:\\\/\\\/0.gravatar.com\\\/avatar\\\/c8c44d1f9327baa4d27e9b1149cd71b3?s=96&d=mm&r=g\",\"caption\":\"Z\u00e9 Beir\u00e3o\"},\"url\":\"http:\\\/\\\/obeirao.pt\\\/online\\\/author\\\/zebeirao\\\/\"}]}<\/script>\n<!-- \/ Yoast SEO plugin. -->","yoast_head_json":{"title":"MUNIC\u00cdPIO DE TONDELA COMEMORA DIA MUNDIAL DA CRIAN\u00c7A - Beir\u00e3o Online","robots":{"index":"index","follow":"follow","max-snippet":"max-snippet:-1","max-image-preview":"max-image-preview:large","max-video-preview":"max-video-preview:-1"},"canonical":"http:\/\/obeirao.pt\/online\/2019\/05\/27\/municipio-de-tondela-comemora-dia-mundial-da-crianca\/","og_locale":"pt_PT","og_type":"article","og_title":"MUNIC\u00cdPIO DE TONDELA COMEMORA DIA MUNDIAL DA CRIAN\u00c7A - Beir\u00e3o Online","og_description":"tempo de leitura: &lt; 1 minutoO Munic\u00edpio de Tondela vai comemorar o Dia Mundial da Crian\u00e7a na tarde do pr\u00f3ximo domingo, dia 2 de Junho, no Parque Urbano da cidade.","og_url":"http:\/\/obeirao.pt\/online\/2019\/05\/27\/municipio-de-tondela-comemora-dia-mundial-da-crianca\/","og_site_name":"Beir\u00e3o Online","article_publisher":"https:\/\/pt-br.facebook.com\/pages\/Amigos-de-Tondela\/273620439973877","article_published_time":"2019-05-27T16:59:34+00:00","article_modified_time":"2019-05-27T16:59:48+00:00","og_image":[{"width":1024,"height":381,"url":"http:\/\/obeirao.pt\/online\/wp-content\/uploads\/2019\/05\/banner_facebook.png","type":"image\/png"}],"author":"Z\u00e9 Beir\u00e3o","twitter_card":"summary_large_image","twitter_creator":"@JoaquimDuarteP2","twitter_site":"@JoaquimDuarteP2","twitter_misc":{"Escrito por":"Z\u00e9 Beir\u00e3o","Tempo estimado de leitura":"1 minuto"},"schema":{"@context":"https:\/\/schema.org","@graph":[{"@type":"Article","@id":"http:\/\/obeirao.pt\/online\/2019\/05\/27\/municipio-de-tondela-comemora-dia-mundial-da-crianca\/#article","isPartOf":{"@id":"http:\/\/obeirao.pt\/online\/2019\/05\/27\/municipio-de-tondela-comemora-dia-mundial-da-crianca\/"},"author":{"name":"Z\u00e9 Beir\u00e3o","@id":"https:\/\/obeirao.pt\/online\/#\/schema\/person\/efac69bb5a33873e1c1bb9c1165ff38c"},"headline":"MUNIC\u00cdPIO DE TONDELA COMEMORA DIA MUNDIAL DA CRIAN\u00c7A","datePublished":"2019-05-27T16:59:34+00:00","dateModified":"2019-05-27T16:59:48+00:00","mainEntityOfPage":{"@id":"http:\/\/obeirao.pt\/online\/2019\/05\/27\/municipio-de-tondela-comemora-dia-mundial-da-crianca\/"},"wordCount":124,"commentCount":0,"image":{"@id":"http:\/\/obeirao.pt\/online\/2019\/05\/27\/municipio-de-tondela-comemora-dia-mundial-da-crianca\/#primaryimage"},"thumbnailUrl":"http:\/\/obeirao.pt\/online\/wp-content\/uploads\/2019\/05\/banner_facebook.png","articleSection":["_Principal","Cidade","Regi\u00e3o","Tondela"],"inLanguage":"pt-PT"},{"@type":"WebPage","@id":"http:\/\/obeirao.pt\/online\/2019\/05\/27\/municipio-de-tondela-comemora-dia-mundial-da-crianca\/","url":"http:\/\/obeirao.pt\/online\/2019\/05\/27\/municipio-de-tondela-comemora-dia-mundial-da-crianca\/","name":"MUNIC\u00cdPIO DE TONDELA COMEMORA DIA MUNDIAL DA CRIAN\u00c7A - Beir\u00e3o Online","isPartOf":{"@id":"https:\/\/obeirao.pt\/online\/#website"},"primaryImageOfPage":{"@id":"http:\/\/obeirao.pt\/online\/2019\/05\/27\/municipio-de-tondela-comemora-dia-mundial-da-crianca\/#primaryimage"},"image":{"@id":"http:\/\/obeirao.pt\/online\/2019\/05\/27\/municipio-de-tondela-comemora-dia-mundial-da-crianca\/#primaryimage"},"thumbnailUrl":"http:\/\/obeirao.pt\/online\/wp-content\/uploads\/2019\/05\/banner_facebook.png","datePublished":"2019-05-27T16:59:34+00:00","dateModified":"2019-05-27T16:59:48+00:00","author":{"@id":"https:\/\/obeirao.pt\/online\/#\/schema\/person\/efac69bb5a33873e1c1bb9c1165ff38c"},"breadcrumb":{"@id":"http:\/\/obeirao.pt\/online\/2019\/05\/27\/municipio-de-tondela-comemora-dia-mundial-da-crianca\/#breadcrumb"},"inLanguage":"pt-PT","potentialAction":[{"@type":"ReadAction","target":["http:\/\/obeirao.pt\/online\/2019\/05\/27\/municipio-de-tondela-comemora-dia-mundial-da-crianca\/"]}]},{"@type":"ImageObject","inLanguage":"pt-PT","@id":"http:\/\/obeirao.pt\/online\/2019\/05\/27\/municipio-de-tondela-comemora-dia-mundial-da-crianca\/#primaryimage","url":"http:\/\/obeirao.pt\/online\/wp-content\/uploads\/2019\/05\/banner_facebook.png","contentUrl":"http:\/\/obeirao.pt\/online\/wp-content\/uploads\/2019\/05\/banner_facebook.png","width":1024,"height":381},{"@type":"BreadcrumbList","@id":"http:\/\/obeirao.pt\/online\/2019\/05\/27\/municipio-de-tondela-comemora-dia-mundial-da-crianca\/#breadcrumb","itemListElement":[{"@type":"ListItem","position":1,"name":"Home","item":"http:\/\/obeirao.pt\/online\/"},{"@type":"ListItem","position":2,"name":"MUNIC\u00cdPIO DE TONDELA COMEMORA DIA MUNDIAL DA CRIAN\u00c7A"}]},{"@type":"WebSite","@id":"https:\/\/obeirao.pt\/online\/#website","url":"https:\/\/obeirao.pt\/online\/","name":"Beir\u00e3o Online","description":"www.obeirao.pt","potentialAction":[{"@type":"SearchAction","target":{"@type":"EntryPoint","urlTemplate":"https:\/\/obeirao.pt\/online\/?s={search_term_string}"},"query-input":{"@type":"PropertyValueSpecification","valueRequired":true,"valueName":"search_term_string"}}],"inLanguage":"pt-PT"},{"@type":"Person","@id":"https:\/\/obeirao.pt\/online\/#\/schema\/person\/efac69bb5a33873e1c1bb9c1165ff38c","name":"Z\u00e9 Beir\u00e3o","image":{"@type":"ImageObject","inLanguage":"pt-PT","@id":"http:\/\/0.gravatar.com\/avatar\/c8c44d1f9327baa4d27e9b1149cd71b3?s=96&d=mm&r=g","url":"http:\/\/0.gravatar.com\/avatar\/c8c44d1f9327baa4d27e9b1149cd71b3?s=96&d=mm&r=g","contentUrl":"http:\/\/0.gravatar.com\/avatar\/c8c44d1f9327baa4d27e9b1149cd71b3?s=96&d=mm&r=g","caption":"Z\u00e9 Beir\u00e3o"},"url":"http:\/\/obeirao.pt\/online\/author\/zebeirao\/"}]}},"_links":{"self":[{"href":"http:\/\/obeirao.pt\/online\/wp-json\/wp\/v2\/posts\/3162"}],"collection":[{"href":"http:\/\/obeirao.pt\/online\/wp-json\/wp\/v2\/posts"}],"about":[{"href":"http:\/\/obeirao.pt\/online\/wp-json\/wp\/v2\/types\/post"}],"author":[{"embeddable":true,"href":"http:\/\/obeirao.pt\/online\/wp-json\/wp\/v2\/users\/2"}],"replies":[{"embeddable":true,"href":"http:\/\/obeirao.pt\/online\/wp-json\/wp\/v2\/comments?post=3162"}],"version-history":[{"count":1,"href":"http:\/\/obeirao.pt\/online\/wp-json\/wp\/v2\/posts\/3162\/revisions"}],"predecessor-version":[{"id":3164,"href":"http:\/\/obeirao.pt\/online\/wp-json\/wp\/v2\/posts\/3162\/revisions\/3164"}],"wp:featuredmedia":[{"embeddable":true,"href":"http:\/\/obeirao.pt\/online\/wp-json\/wp\/v2\/media\/3163"}],"wp:attachment":[{"href":"http:\/\/obeirao.pt\/online\/wp-json\/wp\/v2\/media?parent=3162"}],"wp:term":[{"taxonomy":"category","embeddable":true,"href":"http:\/\/obeirao.pt\/online\/wp-json\/wp\/v2\/categories?post=3162"},{"taxonomy":"post_tag","embeddable":true,"href":"http:\/\/obeirao.pt\/online\/wp-json\/wp\/v2\/tags?post=3162"}],"curies":[{"name":"wp","href":"https:\/\/api.w.org\/{rel}","templated":true}]}}