{"id":3180,"date":"2019-05-28T14:09:39","date_gmt":"2019-05-28T13:09:39","guid":{"rendered":"http:\/\/obeirao.pt\/online\/?p=3180"},"modified":"2019-05-28T14:21:51","modified_gmt":"2019-05-28T13:21:51","slug":"recepcao-aos-campeoes-do-atletico-de-molelos-nos-pacos-do-concelho","status":"publish","type":"post","link":"http:\/\/obeirao.pt\/online\/2019\/05\/28\/recepcao-aos-campeoes-do-atletico-de-molelos-nos-pacos-do-concelho\/","title":{"rendered":"RECEP\u00c7\u00c3O AOS CAMPE\u00d5ES DO ATL\u00c9TICO DE MOLELOS nos Pa\u00e7os do Concelho\u00a0"},"content":{"rendered":"<span class=\"span-reading-time rt-reading-time\" style=\"display: block;\"><span class=\"rt-label rt-prefix\">tempo de leitura:<\/span> <span class=\"rt-time\"> 3<\/span> <span class=\"rt-label rt-postfix\">minutos<\/span><\/span><p><span style=\"font-size: 24pt\"><strong><a href=\"http:\/\/obeirao.pt\/online\/wp-content\/uploads\/2019\/05\/CA-Molelos-11.jpg\"><img loading=\"lazy\" decoding=\"async\" class=\"alignleft wp-image-3181 size-medium\" src=\"http:\/\/obeirao.pt\/online\/wp-content\/uploads\/2019\/05\/CA-Molelos-11-300x200.jpg\" alt=\"\" width=\"300\" height=\"200\" srcset=\"http:\/\/obeirao.pt\/online\/wp-content\/uploads\/2019\/05\/CA-Molelos-11-300x200.jpg 300w, http:\/\/obeirao.pt\/online\/wp-content\/uploads\/2019\/05\/CA-Molelos-11-768x512.jpg 768w, http:\/\/obeirao.pt\/online\/wp-content\/uploads\/2019\/05\/CA-Molelos-11-640x427.jpg 640w, http:\/\/obeirao.pt\/online\/wp-content\/uploads\/2019\/05\/CA-Molelos-11.jpg 960w\" sizes=\"(max-width: 300px) 100vw, 300px\" \/><\/a><\/strong><\/span><span style=\"font-family: georgia, palatino, serif;font-size: 12pt;color: #000000\"><strong><em>Os atletas, treinadores e dirigentes do Clube Atl\u00e9tico de Molelos, campe\u00f5es da I Divis\u00e3o do Campeonato Distrital 2018\/2019 da Associa\u00e7\u00e3o de Futebol de Viseu, foram recebidos nos Pa\u00e7os do Concelho de Tondela, no dia 24 de Maio.<\/em><\/strong><!--more--><\/span><\/p>\n<p><span style=\"font-family: georgia, palatino, serif;font-size: 12pt;color: #000000\"><a href=\"http:\/\/obeirao.pt\/online\/wp-content\/uploads\/2019\/05\/CA-Molelos-2.jpg\"><img loading=\"lazy\" decoding=\"async\" class=\"alignright wp-image-3183 size-medium\" src=\"http:\/\/obeirao.pt\/online\/wp-content\/uploads\/2019\/05\/CA-Molelos-2-246x300.jpg\" alt=\"\" width=\"246\" height=\"300\" srcset=\"http:\/\/obeirao.pt\/online\/wp-content\/uploads\/2019\/05\/CA-Molelos-2-246x300.jpg 246w, http:\/\/obeirao.pt\/online\/wp-content\/uploads\/2019\/05\/CA-Molelos-2.jpg 640w\" sizes=\"(max-width: 246px) 100vw, 246px\" \/><\/a>Do mesmo modo, foram recebidos os campe\u00f5es Distritais de Andebol no escal\u00e3o de Minis, do mesmo clube da terra da lou\u00e7a preta.<\/span><\/p>\n<p><span style=\"font-family: georgia, palatino, serif;font-size: 12pt;color: #000000\">Na recep\u00e7\u00e3o, o presidente da C\u00e2mara Municipal de Tondela, Jos\u00e9 Ant\u00f3nio de Jesus, recordou o antigo presidente do Atl\u00e9tico de Molelos, Hor\u00e1cio Rodrigues, que faleceu h\u00e1 cerca de dois anos e que tinha a tenacidade e a persist\u00eancia com que o clube soube continuar.<\/span><\/p>\n<p><span style=\"font-family: georgia, palatino, serif;font-size: 12pt;color: #000000\"><strong><em><span style=\"font-size: 18pt;color: #ff0000;background-color: #ffff99\">\u201cUM CLUBE QUE APOSTA NA FORMA\u00c7\u00c3O<\/span>\u201d<\/em><\/strong><\/span><\/p>\n<p><span style=\"font-family: georgia, palatino, serif;font-size: 12pt;color: #000000\">Ao longo da sua interven\u00e7\u00e3o, o presidente do Munic\u00edpio tondelense, destacou que Tondela concelho e Tondela regi\u00e3o, se projecta no desporto como nunca antes aconteceu.<\/span><\/p>\n<p><span style=\"font-family: georgia, palatino, serif;font-size: 12pt;color: #000000\"><em><a href=\"http:\/\/obeirao.pt\/online\/wp-content\/uploads\/2019\/05\/CA-Molleos-6.jpg\"><img loading=\"lazy\" decoding=\"async\" class=\"alignleft wp-image-3186 size-medium\" src=\"http:\/\/obeirao.pt\/online\/wp-content\/uploads\/2019\/05\/CA-Molleos-6-300x168.jpg\" alt=\"\" width=\"300\" height=\"168\" srcset=\"http:\/\/obeirao.pt\/online\/wp-content\/uploads\/2019\/05\/CA-Molleos-6-300x168.jpg 300w, http:\/\/obeirao.pt\/online\/wp-content\/uploads\/2019\/05\/CA-Molleos-6-768x430.jpg 768w, http:\/\/obeirao.pt\/online\/wp-content\/uploads\/2019\/05\/CA-Molleos-6-640x359.jpg 640w, http:\/\/obeirao.pt\/online\/wp-content\/uploads\/2019\/05\/CA-Molleos-6.jpg 960w\" sizes=\"(max-width: 300px) 100vw, 300px\" \/><\/a>\u201cO Clube Atl\u00e9tico de Molelos \u00e9 uma refer\u00eancia no nosso concelho em termos de forma\u00e7\u00e3o. Bem sabemos a import\u00e2ncia que \u00e9 ter um clube que aposta na forma\u00e7\u00e3o, nos valores sociais, esp\u00edrito de grupo e na capacidade de serem solid\u00e1rios e amigos uns dos outros\u201d,<\/em> acrescentou.<\/span><\/p>\n<p><span style=\"font-family: georgia, palatino, serif;font-size: 12pt;color: #000000\">Jos\u00e9 Ant\u00f3nio de Jesus deixou ainda uma palavra de agradecimento aos dirigentes que, de forma an\u00f3nima, contribuem para o sucesso deste tipo de institui\u00e7\u00f5es.<\/span><\/p>\n<p><span style=\"font-family: georgia, palatino, serif;font-size: 12pt;color: #000000\"><em>\u201cIsto merece o reconhecimento p\u00fablico e institucional a quem presta este tipo de trabalho\u201d,<\/em> referiu.<\/span><\/p>\n<p><span style=\"font-family: georgia, palatino, serif;font-size: 18pt;color: #ff0000;background-color: #ffff99\"><strong><em>\u201cOS \u00caXITOS TAMB\u00c9M S\u00c3O DO MUNIC\u00cdPIO E DA JUNTA\u201d<\/em><\/strong><\/span><\/p>\n<p><span style=\"font-family: georgia, palatino, serif;font-size: 12pt;color: #000000\"><a href=\"http:\/\/obeirao.pt\/online\/wp-content\/uploads\/2019\/05\/CA-Molelos-3.jpg\"><img loading=\"lazy\" decoding=\"async\" class=\"alignleft wp-image-3185 size-medium\" src=\"http:\/\/obeirao.pt\/online\/wp-content\/uploads\/2019\/05\/CA-Molelos-3-300x164.jpg\" alt=\"\" width=\"300\" height=\"164\" srcset=\"http:\/\/obeirao.pt\/online\/wp-content\/uploads\/2019\/05\/CA-Molelos-3-300x164.jpg 300w, http:\/\/obeirao.pt\/online\/wp-content\/uploads\/2019\/05\/CA-Molelos-3-768x419.jpg 768w, http:\/\/obeirao.pt\/online\/wp-content\/uploads\/2019\/05\/CA-Molelos-3-640x349.jpg 640w, http:\/\/obeirao.pt\/online\/wp-content\/uploads\/2019\/05\/CA-Molelos-3.jpg 949w\" sizes=\"(max-width: 300px) 100vw, 300px\" \/><\/a>O presidente do Clube Atl\u00e9tico Molelos, Lu\u00eds Caba\u00e7as, agradeceu a recep\u00e7\u00e3o no sal\u00e3o nobre da C\u00e2mara Municipal de Tondela e enalteceu o empenho dos\u00a0<\/span><span style=\"font-family: georgia, palatino, serif;font-size: 12pt;color: #000000\">atletas destas duas modalidades.<\/span><\/p>\n<p><span style=\"font-family: georgia, palatino, serif;font-size: 12pt;color: #000000\"><em>\u201cEstes \u00eaxitos tamb\u00e9m s\u00e3<\/em><\/span><span style=\"font-family: georgia, palatino, serif;font-size: 12pt;color: #000000\"><em>o seus, senhor presidente da C\u00e2mara, sem as ajudas do Munic\u00edpio e da Junta de Freguesia, n\u00e3o seria poss\u00edvel alcan\u00e7ar estes \u00eaxitos. Viva o Munic\u00edpio e viva o Clube Atl\u00e9tico Molelos<\/em>\u201d, salientou.\u00a0<\/span><\/p>\n<p><span style=\"font-family: georgia, palatino, serif;font-size: 12pt;color: #000000\">O vice-presidente da Associa\u00e7\u00e3o de Futebol de Viseu, Jos\u00e9 Manuel, felicitou os atletas, treinadores e dirigentes deste clube, pela sua dedica\u00e7\u00e3o, muitas vezes em preju\u00edzo da sua vida pessoal.<\/span><\/p>\n<p><span style=\"font-family: georgia, palatino, serif;font-size: 12pt;color: #000000\"><a href=\"http:\/\/obeirao.pt\/online\/wp-content\/uploads\/2019\/05\/CA-MOLELOS-01.jpg\"><img loading=\"lazy\" decoding=\"async\" class=\"alignright wp-image-3187 size-medium\" src=\"http:\/\/obeirao.pt\/online\/wp-content\/uploads\/2019\/05\/CA-MOLELOS-01-239x300.jpg\" alt=\"\" width=\"239\" height=\"300\" srcset=\"http:\/\/obeirao.pt\/online\/wp-content\/uploads\/2019\/05\/CA-MOLELOS-01-239x300.jpg 239w, http:\/\/obeirao.pt\/online\/wp-content\/uploads\/2019\/05\/CA-MOLELOS-01.jpg 640w\" sizes=\"(max-width: 239px) 100vw, 239px\" \/><\/a>J\u00e1 o treinador dos Minis do Andebol, V\u00edtor Figueiredo, agradeceu a homenagem aos seus atletas, que ter\u00e3o neste dia um dia memor\u00e1vel.<\/span><\/p>\n<p><span style=\"font-family: georgia, palatino, serif;font-size: 18pt;color: #ff0000;background-color: #ffff99\"><strong><em>\u201cDAR DE N\u00d3S SEM PENSARMOS EM N\u00d3S<\/em><\/strong>\u201d<\/span><\/p>\n<p><span style=\"font-family: georgia, palatino, serif;font-size: 12pt;color: #000000\">O treinador da equipa s\u00e9nior de futebol, Jo\u00e3o Lages, depois de agradecer a recep\u00e7\u00e3o, aproveitou para fazer um balan\u00e7o positivo da \u00e9poca, gra\u00e7as ao <em>\u201cfant\u00e1stico grupo<\/em>\u201d, que contou sempre com o apoio da sua direc\u00e7\u00e3o.<\/span><\/p>\n<p><span style=\"font-family: georgia, palatino, serif;font-size: 12pt;color: #000000\">A fechar, El\u00edsio de Matos, da direc\u00e7\u00e3o do clube, agradeceu ao presidente da C\u00e2mara de Tondela tudo o que tem feito pelo Clube Atl\u00e9tico de Molelos.<\/span><\/p>\n<p><span style=\"font-family: georgia, palatino, serif;font-size: 12pt;color: #000000\"><em>\u201cO esp\u00edrito do Molelos \u00e9 o daqueles que d\u00e3o de n\u00f3s sem pensarmos em n\u00f3s. \u00c9 este o esp\u00edrito que quero que se mantenha por muitos anos\u201d,<\/em> concluiu.<\/span><\/p>\n<p>&nbsp;<\/p>\n","protected":false},"excerpt":{"rendered":"<div class=\"mh-excerpt\"><span class=\"span-reading-time rt-reading-time\" style=\"display: block;\"><span class=\"rt-label rt-prefix\">tempo de leitura:<\/span> <span class=\"rt-time\"> 3<\/span> <span class=\"rt-label rt-postfix\">minutos<\/span><\/span>Os atletas, treinadores e dirigentes do Clube Atl\u00e9tico de Molelos, campe\u00f5es da I Divis\u00e3o do Campeonato Distrital 2018\/2019 da Associa\u00e7\u00e3o de Futebol de Viseu, foram <a class=\"mh-excerpt-more\" href=\"http:\/\/obeirao.pt\/online\/2019\/05\/28\/recepcao-aos-campeoes-do-atletico-de-molelos-nos-pacos-do-concelho\/\" title=\"RECEP\u00c7\u00c3O AOS CAMPE\u00d5ES DO ATL\u00c9TICO DE MOLELOS nos Pa\u00e7os do Concelho\u00a0\">[&#8230;]<\/a><\/div>\n","protected":false},"author":2,"featured_media":3181,"comment_status":"open","ping_status":"open","sticky":false,"template":"","format":"standard","meta":{"footnotes":""},"categories":[2,43,4,63],"tags":[],"class_list":["post-3180","post","type-post","status-publish","format-standard","has-post-thumbnail","hentry","category-principal","category-desporto","category-regiao","category-tondela"],"yoast_head":"<!-- This site is optimized with the Yoast SEO plugin v27.4 - https:\/\/yoast.com\/product\/yoast-seo-wordpress\/ -->\n<title>RECEP\u00c7\u00c3O AOS CAMPE\u00d5ES DO ATL\u00c9TICO DE MOLELOS nos Pa\u00e7os do Concelho\u00a0 - Beir\u00e3o Online<\/title>\n<meta name=\"robots\" content=\"index, follow, max-snippet:-1, max-image-preview:large, max-video-preview:-1\" \/>\n<link rel=\"canonical\" href=\"http:\/\/obeirao.pt\/online\/2019\/05\/28\/recepcao-aos-campeoes-do-atletico-de-molelos-nos-pacos-do-concelho\/\" \/>\n<meta property=\"og:locale\" content=\"pt_PT\" \/>\n<meta property=\"og:type\" content=\"article\" \/>\n<meta property=\"og:title\" content=\"RECEP\u00c7\u00c3O AOS CAMPE\u00d5ES DO ATL\u00c9TICO DE MOLELOS nos Pa\u00e7os do Concelho\u00a0 - Beir\u00e3o Online\" \/>\n<meta property=\"og:description\" content=\"tempo de leitura: 3 minutosOs atletas, treinadores e dirigentes do Clube Atl\u00e9tico de Molelos, campe\u00f5es da I Divis\u00e3o do Campeonato Distrital 2018\/2019 da Associa\u00e7\u00e3o de Futebol de Viseu, foram [...]\" \/>\n<meta property=\"og:url\" content=\"http:\/\/obeirao.pt\/online\/2019\/05\/28\/recepcao-aos-campeoes-do-atletico-de-molelos-nos-pacos-do-concelho\/\" \/>\n<meta property=\"og:site_name\" content=\"Beir\u00e3o Online\" \/>\n<meta property=\"article:publisher\" content=\"https:\/\/pt-br.facebook.com\/pages\/Amigos-de-Tondela\/273620439973877\" \/>\n<meta property=\"article:published_time\" content=\"2019-05-28T13:09:39+00:00\" \/>\n<meta property=\"article:modified_time\" content=\"2019-05-28T13:21:51+00:00\" \/>\n<meta property=\"og:image\" content=\"http:\/\/obeirao.pt\/online\/wp-content\/uploads\/2019\/05\/CA-Molelos-11.jpg\" \/>\n\t<meta property=\"og:image:width\" content=\"960\" \/>\n\t<meta property=\"og:image:height\" content=\"640\" \/>\n\t<meta property=\"og:image:type\" content=\"image\/jpeg\" \/>\n<meta name=\"author\" content=\"Z\u00e9 Beir\u00e3o\" \/>\n<meta name=\"twitter:card\" content=\"summary_large_image\" \/>\n<meta name=\"twitter:creator\" content=\"@JoaquimDuarteP2\" \/>\n<meta name=\"twitter:site\" content=\"@JoaquimDuarteP2\" \/>\n<meta name=\"twitter:label1\" content=\"Escrito por\" \/>\n\t<meta name=\"twitter:data1\" content=\"Z\u00e9 Beir\u00e3o\" \/>\n\t<meta name=\"twitter:label2\" content=\"Tempo estimado de leitura\" \/>\n\t<meta name=\"twitter:data2\" content=\"3 minutos\" \/>\n<script type=\"application\/ld+json\" class=\"yoast-schema-graph\">{\"@context\":\"https:\\\/\\\/schema.org\",\"@graph\":[{\"@type\":\"Article\",\"@id\":\"http:\\\/\\\/obeirao.pt\\\/online\\\/2019\\\/05\\\/28\\\/recepcao-aos-campeoes-do-atletico-de-molelos-nos-pacos-do-concelho\\\/#article\",\"isPartOf\":{\"@id\":\"http:\\\/\\\/obeirao.pt\\\/online\\\/2019\\\/05\\\/28\\\/recepcao-aos-campeoes-do-atletico-de-molelos-nos-pacos-do-concelho\\\/\"},\"author\":{\"name\":\"Z\u00e9 Beir\u00e3o\",\"@id\":\"http:\\\/\\\/obeirao.pt\\\/online\\\/#\\\/schema\\\/person\\\/efac69bb5a33873e1c1bb9c1165ff38c\"},\"headline\":\"RECEP\u00c7\u00c3O AOS CAMPE\u00d5ES DO ATL\u00c9TICO DE MOLELOS nos Pa\u00e7os do Concelho\u00a0\",\"datePublished\":\"2019-05-28T13:09:39+00:00\",\"dateModified\":\"2019-05-28T13:21:51+00:00\",\"mainEntityOfPage\":{\"@id\":\"http:\\\/\\\/obeirao.pt\\\/online\\\/2019\\\/05\\\/28\\\/recepcao-aos-campeoes-do-atletico-de-molelos-nos-pacos-do-concelho\\\/\"},\"wordCount\":519,\"commentCount\":0,\"image\":{\"@id\":\"http:\\\/\\\/obeirao.pt\\\/online\\\/2019\\\/05\\\/28\\\/recepcao-aos-campeoes-do-atletico-de-molelos-nos-pacos-do-concelho\\\/#primaryimage\"},\"thumbnailUrl\":\"http:\\\/\\\/obeirao.pt\\\/online\\\/wp-content\\\/uploads\\\/2019\\\/05\\\/CA-Molelos-11.jpg\",\"articleSection\":[\"_Principal\",\"Desporto\",\"Regi\u00e3o\",\"Tondela\"],\"inLanguage\":\"pt-PT\"},{\"@type\":\"WebPage\",\"@id\":\"http:\\\/\\\/obeirao.pt\\\/online\\\/2019\\\/05\\\/28\\\/recepcao-aos-campeoes-do-atletico-de-molelos-nos-pacos-do-concelho\\\/\",\"url\":\"http:\\\/\\\/obeirao.pt\\\/online\\\/2019\\\/05\\\/28\\\/recepcao-aos-campeoes-do-atletico-de-molelos-nos-pacos-do-concelho\\\/\",\"name\":\"RECEP\u00c7\u00c3O AOS CAMPE\u00d5ES DO ATL\u00c9TICO DE MOLELOS nos Pa\u00e7os do Concelho\u00a0 - Beir\u00e3o Online\",\"isPartOf\":{\"@id\":\"http:\\\/\\\/obeirao.pt\\\/online\\\/#website\"},\"primaryImageOfPage\":{\"@id\":\"http:\\\/\\\/obeirao.pt\\\/online\\\/2019\\\/05\\\/28\\\/recepcao-aos-campeoes-do-atletico-de-molelos-nos-pacos-do-concelho\\\/#primaryimage\"},\"image\":{\"@id\":\"http:\\\/\\\/obeirao.pt\\\/online\\\/2019\\\/05\\\/28\\\/recepcao-aos-campeoes-do-atletico-de-molelos-nos-pacos-do-concelho\\\/#primaryimage\"},\"thumbnailUrl\":\"http:\\\/\\\/obeirao.pt\\\/online\\\/wp-content\\\/uploads\\\/2019\\\/05\\\/CA-Molelos-11.jpg\",\"datePublished\":\"2019-05-28T13:09:39+00:00\",\"dateModified\":\"2019-05-28T13:21:51+00:00\",\"author\":{\"@id\":\"http:\\\/\\\/obeirao.pt\\\/online\\\/#\\\/schema\\\/person\\\/efac69bb5a33873e1c1bb9c1165ff38c\"},\"breadcrumb\":{\"@id\":\"http:\\\/\\\/obeirao.pt\\\/online\\\/2019\\\/05\\\/28\\\/recepcao-aos-campeoes-do-atletico-de-molelos-nos-pacos-do-concelho\\\/#breadcrumb\"},\"inLanguage\":\"pt-PT\",\"potentialAction\":[{\"@type\":\"ReadAction\",\"target\":[\"http:\\\/\\\/obeirao.pt\\\/online\\\/2019\\\/05\\\/28\\\/recepcao-aos-campeoes-do-atletico-de-molelos-nos-pacos-do-concelho\\\/\"]}]},{\"@type\":\"ImageObject\",\"inLanguage\":\"pt-PT\",\"@id\":\"http:\\\/\\\/obeirao.pt\\\/online\\\/2019\\\/05\\\/28\\\/recepcao-aos-campeoes-do-atletico-de-molelos-nos-pacos-do-concelho\\\/#primaryimage\",\"url\":\"http:\\\/\\\/obeirao.pt\\\/online\\\/wp-content\\\/uploads\\\/2019\\\/05\\\/CA-Molelos-11.jpg\",\"contentUrl\":\"http:\\\/\\\/obeirao.pt\\\/online\\\/wp-content\\\/uploads\\\/2019\\\/05\\\/CA-Molelos-11.jpg\",\"width\":960,\"height\":640},{\"@type\":\"BreadcrumbList\",\"@id\":\"http:\\\/\\\/obeirao.pt\\\/online\\\/2019\\\/05\\\/28\\\/recepcao-aos-campeoes-do-atletico-de-molelos-nos-pacos-do-concelho\\\/#breadcrumb\",\"itemListElement\":[{\"@type\":\"ListItem\",\"position\":1,\"name\":\"Home\",\"item\":\"http:\\\/\\\/obeirao.pt\\\/online\\\/\"},{\"@type\":\"ListItem\",\"position\":2,\"name\":\"RECEP\u00c7\u00c3O AOS CAMPE\u00d5ES DO ATL\u00c9TICO DE MOLELOS nos Pa\u00e7os do Concelho\u00a0\"}]},{\"@type\":\"WebSite\",\"@id\":\"http:\\\/\\\/obeirao.pt\\\/online\\\/#website\",\"url\":\"http:\\\/\\\/obeirao.pt\\\/online\\\/\",\"name\":\"Beir\u00e3o Online\",\"description\":\"www.obeirao.pt\",\"potentialAction\":[{\"@type\":\"SearchAction\",\"target\":{\"@type\":\"EntryPoint\",\"urlTemplate\":\"http:\\\/\\\/obeirao.pt\\\/online\\\/?s={search_term_string}\"},\"query-input\":{\"@type\":\"PropertyValueSpecification\",\"valueRequired\":true,\"valueName\":\"search_term_string\"}}],\"inLanguage\":\"pt-PT\"},{\"@type\":\"Person\",\"@id\":\"http:\\\/\\\/obeirao.pt\\\/online\\\/#\\\/schema\\\/person\\\/efac69bb5a33873e1c1bb9c1165ff38c\",\"name\":\"Z\u00e9 Beir\u00e3o\",\"image\":{\"@type\":\"ImageObject\",\"inLanguage\":\"pt-PT\",\"@id\":\"http:\\\/\\\/0.gravatar.com\\\/avatar\\\/c8c44d1f9327baa4d27e9b1149cd71b3?s=96&d=mm&r=g\",\"url\":\"http:\\\/\\\/0.gravatar.com\\\/avatar\\\/c8c44d1f9327baa4d27e9b1149cd71b3?s=96&d=mm&r=g\",\"contentUrl\":\"http:\\\/\\\/0.gravatar.com\\\/avatar\\\/c8c44d1f9327baa4d27e9b1149cd71b3?s=96&d=mm&r=g\",\"caption\":\"Z\u00e9 Beir\u00e3o\"},\"url\":\"http:\\\/\\\/obeirao.pt\\\/online\\\/author\\\/zebeirao\\\/\"}]}<\/script>\n<!-- \/ Yoast SEO plugin. -->","yoast_head_json":{"title":"RECEP\u00c7\u00c3O AOS CAMPE\u00d5ES DO ATL\u00c9TICO DE MOLELOS nos Pa\u00e7os do Concelho\u00a0 - Beir\u00e3o Online","robots":{"index":"index","follow":"follow","max-snippet":"max-snippet:-1","max-image-preview":"max-image-preview:large","max-video-preview":"max-video-preview:-1"},"canonical":"http:\/\/obeirao.pt\/online\/2019\/05\/28\/recepcao-aos-campeoes-do-atletico-de-molelos-nos-pacos-do-concelho\/","og_locale":"pt_PT","og_type":"article","og_title":"RECEP\u00c7\u00c3O AOS CAMPE\u00d5ES DO ATL\u00c9TICO DE MOLELOS nos Pa\u00e7os do Concelho\u00a0 - Beir\u00e3o Online","og_description":"tempo de leitura: 3 minutosOs atletas, treinadores e dirigentes do Clube Atl\u00e9tico de Molelos, campe\u00f5es da I Divis\u00e3o do Campeonato Distrital 2018\/2019 da Associa\u00e7\u00e3o de Futebol de Viseu, foram [...]","og_url":"http:\/\/obeirao.pt\/online\/2019\/05\/28\/recepcao-aos-campeoes-do-atletico-de-molelos-nos-pacos-do-concelho\/","og_site_name":"Beir\u00e3o Online","article_publisher":"https:\/\/pt-br.facebook.com\/pages\/Amigos-de-Tondela\/273620439973877","article_published_time":"2019-05-28T13:09:39+00:00","article_modified_time":"2019-05-28T13:21:51+00:00","og_image":[{"width":960,"height":640,"url":"http:\/\/obeirao.pt\/online\/wp-content\/uploads\/2019\/05\/CA-Molelos-11.jpg","type":"image\/jpeg"}],"author":"Z\u00e9 Beir\u00e3o","twitter_card":"summary_large_image","twitter_creator":"@JoaquimDuarteP2","twitter_site":"@JoaquimDuarteP2","twitter_misc":{"Escrito por":"Z\u00e9 Beir\u00e3o","Tempo estimado de leitura":"3 minutos"},"schema":{"@context":"https:\/\/schema.org","@graph":[{"@type":"Article","@id":"http:\/\/obeirao.pt\/online\/2019\/05\/28\/recepcao-aos-campeoes-do-atletico-de-molelos-nos-pacos-do-concelho\/#article","isPartOf":{"@id":"http:\/\/obeirao.pt\/online\/2019\/05\/28\/recepcao-aos-campeoes-do-atletico-de-molelos-nos-pacos-do-concelho\/"},"author":{"name":"Z\u00e9 Beir\u00e3o","@id":"http:\/\/obeirao.pt\/online\/#\/schema\/person\/efac69bb5a33873e1c1bb9c1165ff38c"},"headline":"RECEP\u00c7\u00c3O AOS CAMPE\u00d5ES DO ATL\u00c9TICO DE MOLELOS nos Pa\u00e7os do Concelho\u00a0","datePublished":"2019-05-28T13:09:39+00:00","dateModified":"2019-05-28T13:21:51+00:00","mainEntityOfPage":{"@id":"http:\/\/obeirao.pt\/online\/2019\/05\/28\/recepcao-aos-campeoes-do-atletico-de-molelos-nos-pacos-do-concelho\/"},"wordCount":519,"commentCount":0,"image":{"@id":"http:\/\/obeirao.pt\/online\/2019\/05\/28\/recepcao-aos-campeoes-do-atletico-de-molelos-nos-pacos-do-concelho\/#primaryimage"},"thumbnailUrl":"http:\/\/obeirao.pt\/online\/wp-content\/uploads\/2019\/05\/CA-Molelos-11.jpg","articleSection":["_Principal","Desporto","Regi\u00e3o","Tondela"],"inLanguage":"pt-PT"},{"@type":"WebPage","@id":"http:\/\/obeirao.pt\/online\/2019\/05\/28\/recepcao-aos-campeoes-do-atletico-de-molelos-nos-pacos-do-concelho\/","url":"http:\/\/obeirao.pt\/online\/2019\/05\/28\/recepcao-aos-campeoes-do-atletico-de-molelos-nos-pacos-do-concelho\/","name":"RECEP\u00c7\u00c3O AOS CAMPE\u00d5ES DO ATL\u00c9TICO DE MOLELOS nos Pa\u00e7os do Concelho\u00a0 - Beir\u00e3o Online","isPartOf":{"@id":"http:\/\/obeirao.pt\/online\/#website"},"primaryImageOfPage":{"@id":"http:\/\/obeirao.pt\/online\/2019\/05\/28\/recepcao-aos-campeoes-do-atletico-de-molelos-nos-pacos-do-concelho\/#primaryimage"},"image":{"@id":"http:\/\/obeirao.pt\/online\/2019\/05\/28\/recepcao-aos-campeoes-do-atletico-de-molelos-nos-pacos-do-concelho\/#primaryimage"},"thumbnailUrl":"http:\/\/obeirao.pt\/online\/wp-content\/uploads\/2019\/05\/CA-Molelos-11.jpg","datePublished":"2019-05-28T13:09:39+00:00","dateModified":"2019-05-28T13:21:51+00:00","author":{"@id":"http:\/\/obeirao.pt\/online\/#\/schema\/person\/efac69bb5a33873e1c1bb9c1165ff38c"},"breadcrumb":{"@id":"http:\/\/obeirao.pt\/online\/2019\/05\/28\/recepcao-aos-campeoes-do-atletico-de-molelos-nos-pacos-do-concelho\/#breadcrumb"},"inLanguage":"pt-PT","potentialAction":[{"@type":"ReadAction","target":["http:\/\/obeirao.pt\/online\/2019\/05\/28\/recepcao-aos-campeoes-do-atletico-de-molelos-nos-pacos-do-concelho\/"]}]},{"@type":"ImageObject","inLanguage":"pt-PT","@id":"http:\/\/obeirao.pt\/online\/2019\/05\/28\/recepcao-aos-campeoes-do-atletico-de-molelos-nos-pacos-do-concelho\/#primaryimage","url":"http:\/\/obeirao.pt\/online\/wp-content\/uploads\/2019\/05\/CA-Molelos-11.jpg","contentUrl":"http:\/\/obeirao.pt\/online\/wp-content\/uploads\/2019\/05\/CA-Molelos-11.jpg","width":960,"height":640},{"@type":"BreadcrumbList","@id":"http:\/\/obeirao.pt\/online\/2019\/05\/28\/recepcao-aos-campeoes-do-atletico-de-molelos-nos-pacos-do-concelho\/#breadcrumb","itemListElement":[{"@type":"ListItem","position":1,"name":"Home","item":"http:\/\/obeirao.pt\/online\/"},{"@type":"ListItem","position":2,"name":"RECEP\u00c7\u00c3O AOS CAMPE\u00d5ES DO ATL\u00c9TICO DE MOLELOS nos Pa\u00e7os do Concelho\u00a0"}]},{"@type":"WebSite","@id":"http:\/\/obeirao.pt\/online\/#website","url":"http:\/\/obeirao.pt\/online\/","name":"Beir\u00e3o Online","description":"www.obeirao.pt","potentialAction":[{"@type":"SearchAction","target":{"@type":"EntryPoint","urlTemplate":"http:\/\/obeirao.pt\/online\/?s={search_term_string}"},"query-input":{"@type":"PropertyValueSpecification","valueRequired":true,"valueName":"search_term_string"}}],"inLanguage":"pt-PT"},{"@type":"Person","@id":"http:\/\/obeirao.pt\/online\/#\/schema\/person\/efac69bb5a33873e1c1bb9c1165ff38c","name":"Z\u00e9 Beir\u00e3o","image":{"@type":"ImageObject","inLanguage":"pt-PT","@id":"http:\/\/0.gravatar.com\/avatar\/c8c44d1f9327baa4d27e9b1149cd71b3?s=96&d=mm&r=g","url":"http:\/\/0.gravatar.com\/avatar\/c8c44d1f9327baa4d27e9b1149cd71b3?s=96&d=mm&r=g","contentUrl":"http:\/\/0.gravatar.com\/avatar\/c8c44d1f9327baa4d27e9b1149cd71b3?s=96&d=mm&r=g","caption":"Z\u00e9 Beir\u00e3o"},"url":"http:\/\/obeirao.pt\/online\/author\/zebeirao\/"}]}},"_links":{"self":[{"href":"http:\/\/obeirao.pt\/online\/wp-json\/wp\/v2\/posts\/3180"}],"collection":[{"href":"http:\/\/obeirao.pt\/online\/wp-json\/wp\/v2\/posts"}],"about":[{"href":"http:\/\/obeirao.pt\/online\/wp-json\/wp\/v2\/types\/post"}],"author":[{"embeddable":true,"href":"http:\/\/obeirao.pt\/online\/wp-json\/wp\/v2\/users\/2"}],"replies":[{"embeddable":true,"href":"http:\/\/obeirao.pt\/online\/wp-json\/wp\/v2\/comments?post=3180"}],"version-history":[{"count":3,"href":"http:\/\/obeirao.pt\/online\/wp-json\/wp\/v2\/posts\/3180\/revisions"}],"predecessor-version":[{"id":3188,"href":"http:\/\/obeirao.pt\/online\/wp-json\/wp\/v2\/posts\/3180\/revisions\/3188"}],"wp:featuredmedia":[{"embeddable":true,"href":"http:\/\/obeirao.pt\/online\/wp-json\/wp\/v2\/media\/3181"}],"wp:attachment":[{"href":"http:\/\/obeirao.pt\/online\/wp-json\/wp\/v2\/media?parent=3180"}],"wp:term":[{"taxonomy":"category","embeddable":true,"href":"http:\/\/obeirao.pt\/online\/wp-json\/wp\/v2\/categories?post=3180"},{"taxonomy":"post_tag","embeddable":true,"href":"http:\/\/obeirao.pt\/online\/wp-json\/wp\/v2\/tags?post=3180"}],"curies":[{"name":"wp","href":"https:\/\/api.w.org\/{rel}","templated":true}]}}