{"id":3835,"date":"2019-09-13T17:22:18","date_gmt":"2019-09-13T16:22:18","guid":{"rendered":"http:\/\/obeirao.pt\/online\/?p=3835"},"modified":"2019-09-13T17:22:35","modified_gmt":"2019-09-13T16:22:35","slug":"merito-dos-alunos-do-concelho-premiado-pelo-municipio-de-tondela","status":"publish","type":"post","link":"http:\/\/obeirao.pt\/online\/2019\/09\/13\/merito-dos-alunos-do-concelho-premiado-pelo-municipio-de-tondela\/","title":{"rendered":"M\u00c9RITO DOS ALUNOS DO CONCELHO premiado pelo Munic\u00edpio de Tondela"},"content":{"rendered":"<span class=\"span-reading-time rt-reading-time\" style=\"display: block;\"><span class=\"rt-label rt-prefix\">tempo de leitura:<\/span> <span class=\"rt-time\"> &lt; 1<\/span> <span class=\"rt-label rt-postfix\">minuto<\/span><\/span><p><span style=\"font-size: 24pt\"><strong><a href=\"http:\/\/obeirao.pt\/online\/wp-content\/uploads\/2019\/09\/diplomas.jpg\"><img loading=\"lazy\" decoding=\"async\" class=\"alignleft wp-image-3836 size-medium\" src=\"http:\/\/obeirao.pt\/online\/wp-content\/uploads\/2019\/09\/diplomas-300x144.jpg\" alt=\"\" width=\"300\" height=\"144\" srcset=\"http:\/\/obeirao.pt\/online\/wp-content\/uploads\/2019\/09\/diplomas-300x144.jpg 300w, http:\/\/obeirao.pt\/online\/wp-content\/uploads\/2019\/09\/diplomas-768x368.jpg 768w, http:\/\/obeirao.pt\/online\/wp-content\/uploads\/2019\/09\/diplomas-640x307.jpg 640w, http:\/\/obeirao.pt\/online\/wp-content\/uploads\/2019\/09\/diplomas.jpg 960w\" sizes=\"(max-width: 300px) 100vw, 300px\" \/><\/a><\/strong><\/span><span style=\"font-size: 14pt;color: #000000;font-family: georgia, palatino, serif\"><strong><em>O Munic\u00edpio de Tondela entregou ontem, dia 12 de Setembro, o pr\u00e9mio de m\u00e9rito aos melhores alunos de todas as escolas do concelho, desde o 5\u00ba ano de escolaridade at\u00e9 ao 12\u00ba ano, incluindo os da Escola Profissional de Tondela.<\/em><\/strong><\/span><!--more--><\/p>\n<p><span style=\"font-size: 14pt;color: #000000;font-family: georgia, palatino, serif\"><strong>Recebeu ainda o pr\u00e9mio de excel\u00eancia, uma aluna que, ininterruptamente, foi aluna de m\u00e9rito do 5\u00b0ao 12\u00b0ano, para al\u00e9m de ter sido distinguida uma aluna de m\u00e9rito do ensino superior.<\/strong><\/span><\/p>\n<p><span style=\"font-size: 14pt;color: #000000;font-family: georgia, palatino, serif\"><strong>A cerim\u00f3nia de atribui\u00e7\u00e3o dos pr\u00e9mios de m\u00e9rito decorreu ao final da tarde, no espa\u00e7o onde\u00a0decorre a FICTON at\u00e9 ao dia \u202a16 de Setembro, perante uma plateia de centenas de pessoas, entre pais, encarregados de educa\u00e7\u00e3o e amigos.<\/strong><\/span><\/p>\n<ul style=\"list-style-type: circle\">\n<li><span style=\"font-size: 18pt;color: #ff0000;font-family: georgia, palatino, serif;background-color: #ffff99\"><strong><em>DEPOIS DE UMA LICENCIATURA,<\/em><\/strong><\/span><\/li>\n<li><span style=\"font-size: 18pt;color: #ff0000;font-family: georgia, palatino, serif;background-color: #ffff99\"><strong><em>TONDELA ESPERA POR V\u00d3S<\/em><\/strong><\/span><\/li>\n<\/ul>\n<p><span style=\"font-size: 14pt;color: #000000;font-family: georgia, palatino, serif\"><strong>Durante a cerim\u00f3nia, o presidente da C\u00e2mara Municipal de Tondela, Jos\u00e9 Ant\u00f3nio de Jesus, destacou que este momento serve para enaltecer o m\u00e9rito escolar, aproveitando para pedir aos melhores que nunca esque\u00e7am a liga\u00e7\u00e3o ao nosso territ\u00f3rio, onde hoje existem muitas oportunidades de carreira e de investimento.<\/strong><\/span><\/p>\n<p><span style=\"font-size: 14pt;color: #000000;font-family: georgia, palatino, serif\"><strong><em>\u201cHoje h\u00e1 trabalho e oportunidades de trabalho depois da forma\u00e7\u00e3o e licenciatura, por isso, o meu e vosso concelho espera-vos<\/em>\u201d, referiu.<\/strong><\/span><\/p>\n<p><span style=\"font-size: 14pt;color: #000000;font-family: georgia, palatino, serif\"><strong>J\u00e1 a vereadora da Educa\u00e7\u00e3o, Sofia Ferreira, apontou que esta cerim\u00f3nia demonstra que os alunos do concelho de Tondela <em>\u201ct\u00eam capacidades e qualidades de trabalho, bem como reconhecido talento. Continuaremos a acreditar que o futuro do concelho est\u00e1 nas vossas m\u00e3os<\/em>\u201d, disse.<\/strong><\/span><\/p>\n<p>&nbsp;<\/p>\n","protected":false},"excerpt":{"rendered":"<div class=\"mh-excerpt\"><span class=\"span-reading-time rt-reading-time\" style=\"display: block;\"><span class=\"rt-label rt-prefix\">tempo de leitura:<\/span> <span class=\"rt-time\"> &lt; 1<\/span> <span class=\"rt-label rt-postfix\">minuto<\/span><\/span>O Munic\u00edpio de Tondela entregou ontem, dia 12 de Setembro, o pr\u00e9mio de m\u00e9rito aos melhores alunos de todas as escolas do concelho, desde o <a class=\"mh-excerpt-more\" href=\"http:\/\/obeirao.pt\/online\/2019\/09\/13\/merito-dos-alunos-do-concelho-premiado-pelo-municipio-de-tondela\/\" title=\"M\u00c9RITO DOS ALUNOS DO CONCELHO premiado pelo Munic\u00edpio de Tondela\">[&#8230;]<\/a><\/div>\n","protected":false},"author":2,"featured_media":3836,"comment_status":"open","ping_status":"open","sticky":false,"template":"","format":"standard","meta":{"footnotes":""},"categories":[2,5,4,63],"tags":[],"class_list":["post-3835","post","type-post","status-publish","format-standard","has-post-thumbnail","hentry","category-principal","category-cidade","category-regiao","category-tondela"],"yoast_head":"<!-- This site is optimized with the Yoast SEO plugin v27.4 - https:\/\/yoast.com\/product\/yoast-seo-wordpress\/ -->\n<title>M\u00c9RITO DOS ALUNOS DO CONCELHO premiado pelo Munic\u00edpio de Tondela - Beir\u00e3o Online<\/title>\n<meta name=\"robots\" content=\"index, follow, max-snippet:-1, max-image-preview:large, max-video-preview:-1\" \/>\n<link rel=\"canonical\" href=\"http:\/\/obeirao.pt\/online\/2019\/09\/13\/merito-dos-alunos-do-concelho-premiado-pelo-municipio-de-tondela\/\" \/>\n<meta property=\"og:locale\" content=\"pt_PT\" \/>\n<meta property=\"og:type\" content=\"article\" \/>\n<meta property=\"og:title\" content=\"M\u00c9RITO DOS ALUNOS DO CONCELHO premiado pelo Munic\u00edpio de Tondela - Beir\u00e3o Online\" \/>\n<meta property=\"og:description\" content=\"tempo de leitura: &lt; 1 minutoO Munic\u00edpio de Tondela entregou ontem, dia 12 de Setembro, o pr\u00e9mio de m\u00e9rito aos melhores alunos de todas as escolas do concelho, desde o [...]\" \/>\n<meta property=\"og:url\" content=\"http:\/\/obeirao.pt\/online\/2019\/09\/13\/merito-dos-alunos-do-concelho-premiado-pelo-municipio-de-tondela\/\" \/>\n<meta property=\"og:site_name\" content=\"Beir\u00e3o Online\" \/>\n<meta property=\"article:publisher\" content=\"https:\/\/pt-br.facebook.com\/pages\/Amigos-de-Tondela\/273620439973877\" \/>\n<meta property=\"article:published_time\" content=\"2019-09-13T16:22:18+00:00\" \/>\n<meta property=\"article:modified_time\" content=\"2019-09-13T16:22:35+00:00\" \/>\n<meta property=\"og:image\" content=\"http:\/\/obeirao.pt\/online\/wp-content\/uploads\/2019\/09\/diplomas.jpg\" \/>\n\t<meta property=\"og:image:width\" content=\"960\" \/>\n\t<meta property=\"og:image:height\" content=\"460\" \/>\n\t<meta property=\"og:image:type\" content=\"image\/jpeg\" \/>\n<meta name=\"author\" content=\"Z\u00e9 Beir\u00e3o\" \/>\n<meta name=\"twitter:card\" content=\"summary_large_image\" \/>\n<meta name=\"twitter:creator\" content=\"@JoaquimDuarteP2\" \/>\n<meta name=\"twitter:site\" content=\"@JoaquimDuarteP2\" \/>\n<meta name=\"twitter:label1\" content=\"Escrito por\" \/>\n\t<meta name=\"twitter:data1\" content=\"Z\u00e9 Beir\u00e3o\" \/>\n\t<meta name=\"twitter:label2\" content=\"Tempo estimado de leitura\" \/>\n\t<meta name=\"twitter:data2\" content=\"1 minuto\" \/>\n<script type=\"application\/ld+json\" class=\"yoast-schema-graph\">{\"@context\":\"https:\\\/\\\/schema.org\",\"@graph\":[{\"@type\":\"Article\",\"@id\":\"http:\\\/\\\/obeirao.pt\\\/online\\\/2019\\\/09\\\/13\\\/merito-dos-alunos-do-concelho-premiado-pelo-municipio-de-tondela\\\/#article\",\"isPartOf\":{\"@id\":\"http:\\\/\\\/obeirao.pt\\\/online\\\/2019\\\/09\\\/13\\\/merito-dos-alunos-do-concelho-premiado-pelo-municipio-de-tondela\\\/\"},\"author\":{\"name\":\"Z\u00e9 Beir\u00e3o\",\"@id\":\"http:\\\/\\\/obeirao.pt\\\/online\\\/#\\\/schema\\\/person\\\/efac69bb5a33873e1c1bb9c1165ff38c\"},\"headline\":\"M\u00c9RITO DOS ALUNOS DO CONCELHO premiado pelo Munic\u00edpio de Tondela\",\"datePublished\":\"2019-09-13T16:22:18+00:00\",\"dateModified\":\"2019-09-13T16:22:35+00:00\",\"mainEntityOfPage\":{\"@id\":\"http:\\\/\\\/obeirao.pt\\\/online\\\/2019\\\/09\\\/13\\\/merito-dos-alunos-do-concelho-premiado-pelo-municipio-de-tondela\\\/\"},\"wordCount\":263,\"commentCount\":0,\"image\":{\"@id\":\"http:\\\/\\\/obeirao.pt\\\/online\\\/2019\\\/09\\\/13\\\/merito-dos-alunos-do-concelho-premiado-pelo-municipio-de-tondela\\\/#primaryimage\"},\"thumbnailUrl\":\"http:\\\/\\\/obeirao.pt\\\/online\\\/wp-content\\\/uploads\\\/2019\\\/09\\\/diplomas.jpg\",\"articleSection\":[\"_Principal\",\"Cidade\",\"Regi\u00e3o\",\"Tondela\"],\"inLanguage\":\"pt-PT\"},{\"@type\":\"WebPage\",\"@id\":\"http:\\\/\\\/obeirao.pt\\\/online\\\/2019\\\/09\\\/13\\\/merito-dos-alunos-do-concelho-premiado-pelo-municipio-de-tondela\\\/\",\"url\":\"http:\\\/\\\/obeirao.pt\\\/online\\\/2019\\\/09\\\/13\\\/merito-dos-alunos-do-concelho-premiado-pelo-municipio-de-tondela\\\/\",\"name\":\"M\u00c9RITO DOS ALUNOS DO CONCELHO premiado pelo Munic\u00edpio de Tondela - Beir\u00e3o Online\",\"isPartOf\":{\"@id\":\"http:\\\/\\\/obeirao.pt\\\/online\\\/#website\"},\"primaryImageOfPage\":{\"@id\":\"http:\\\/\\\/obeirao.pt\\\/online\\\/2019\\\/09\\\/13\\\/merito-dos-alunos-do-concelho-premiado-pelo-municipio-de-tondela\\\/#primaryimage\"},\"image\":{\"@id\":\"http:\\\/\\\/obeirao.pt\\\/online\\\/2019\\\/09\\\/13\\\/merito-dos-alunos-do-concelho-premiado-pelo-municipio-de-tondela\\\/#primaryimage\"},\"thumbnailUrl\":\"http:\\\/\\\/obeirao.pt\\\/online\\\/wp-content\\\/uploads\\\/2019\\\/09\\\/diplomas.jpg\",\"datePublished\":\"2019-09-13T16:22:18+00:00\",\"dateModified\":\"2019-09-13T16:22:35+00:00\",\"author\":{\"@id\":\"http:\\\/\\\/obeirao.pt\\\/online\\\/#\\\/schema\\\/person\\\/efac69bb5a33873e1c1bb9c1165ff38c\"},\"breadcrumb\":{\"@id\":\"http:\\\/\\\/obeirao.pt\\\/online\\\/2019\\\/09\\\/13\\\/merito-dos-alunos-do-concelho-premiado-pelo-municipio-de-tondela\\\/#breadcrumb\"},\"inLanguage\":\"pt-PT\",\"potentialAction\":[{\"@type\":\"ReadAction\",\"target\":[\"http:\\\/\\\/obeirao.pt\\\/online\\\/2019\\\/09\\\/13\\\/merito-dos-alunos-do-concelho-premiado-pelo-municipio-de-tondela\\\/\"]}]},{\"@type\":\"ImageObject\",\"inLanguage\":\"pt-PT\",\"@id\":\"http:\\\/\\\/obeirao.pt\\\/online\\\/2019\\\/09\\\/13\\\/merito-dos-alunos-do-concelho-premiado-pelo-municipio-de-tondela\\\/#primaryimage\",\"url\":\"http:\\\/\\\/obeirao.pt\\\/online\\\/wp-content\\\/uploads\\\/2019\\\/09\\\/diplomas.jpg\",\"contentUrl\":\"http:\\\/\\\/obeirao.pt\\\/online\\\/wp-content\\\/uploads\\\/2019\\\/09\\\/diplomas.jpg\",\"width\":960,\"height\":460},{\"@type\":\"BreadcrumbList\",\"@id\":\"http:\\\/\\\/obeirao.pt\\\/online\\\/2019\\\/09\\\/13\\\/merito-dos-alunos-do-concelho-premiado-pelo-municipio-de-tondela\\\/#breadcrumb\",\"itemListElement\":[{\"@type\":\"ListItem\",\"position\":1,\"name\":\"Home\",\"item\":\"http:\\\/\\\/obeirao.pt\\\/online\\\/\"},{\"@type\":\"ListItem\",\"position\":2,\"name\":\"M\u00c9RITO DOS ALUNOS DO CONCELHO premiado pelo Munic\u00edpio de Tondela\"}]},{\"@type\":\"WebSite\",\"@id\":\"http:\\\/\\\/obeirao.pt\\\/online\\\/#website\",\"url\":\"http:\\\/\\\/obeirao.pt\\\/online\\\/\",\"name\":\"Beir\u00e3o Online\",\"description\":\"www.obeirao.pt\",\"potentialAction\":[{\"@type\":\"SearchAction\",\"target\":{\"@type\":\"EntryPoint\",\"urlTemplate\":\"http:\\\/\\\/obeirao.pt\\\/online\\\/?s={search_term_string}\"},\"query-input\":{\"@type\":\"PropertyValueSpecification\",\"valueRequired\":true,\"valueName\":\"search_term_string\"}}],\"inLanguage\":\"pt-PT\"},{\"@type\":\"Person\",\"@id\":\"http:\\\/\\\/obeirao.pt\\\/online\\\/#\\\/schema\\\/person\\\/efac69bb5a33873e1c1bb9c1165ff38c\",\"name\":\"Z\u00e9 Beir\u00e3o\",\"image\":{\"@type\":\"ImageObject\",\"inLanguage\":\"pt-PT\",\"@id\":\"http:\\\/\\\/0.gravatar.com\\\/avatar\\\/c8c44d1f9327baa4d27e9b1149cd71b3?s=96&d=mm&r=g\",\"url\":\"http:\\\/\\\/0.gravatar.com\\\/avatar\\\/c8c44d1f9327baa4d27e9b1149cd71b3?s=96&d=mm&r=g\",\"contentUrl\":\"http:\\\/\\\/0.gravatar.com\\\/avatar\\\/c8c44d1f9327baa4d27e9b1149cd71b3?s=96&d=mm&r=g\",\"caption\":\"Z\u00e9 Beir\u00e3o\"},\"url\":\"http:\\\/\\\/obeirao.pt\\\/online\\\/author\\\/zebeirao\\\/\"}]}<\/script>\n<!-- \/ Yoast SEO plugin. -->","yoast_head_json":{"title":"M\u00c9RITO DOS ALUNOS DO CONCELHO premiado pelo Munic\u00edpio de Tondela - Beir\u00e3o Online","robots":{"index":"index","follow":"follow","max-snippet":"max-snippet:-1","max-image-preview":"max-image-preview:large","max-video-preview":"max-video-preview:-1"},"canonical":"http:\/\/obeirao.pt\/online\/2019\/09\/13\/merito-dos-alunos-do-concelho-premiado-pelo-municipio-de-tondela\/","og_locale":"pt_PT","og_type":"article","og_title":"M\u00c9RITO DOS ALUNOS DO CONCELHO premiado pelo Munic\u00edpio de Tondela - Beir\u00e3o Online","og_description":"tempo de leitura: &lt; 1 minutoO Munic\u00edpio de Tondela entregou ontem, dia 12 de Setembro, o pr\u00e9mio de m\u00e9rito aos melhores alunos de todas as escolas do concelho, desde o [...]","og_url":"http:\/\/obeirao.pt\/online\/2019\/09\/13\/merito-dos-alunos-do-concelho-premiado-pelo-municipio-de-tondela\/","og_site_name":"Beir\u00e3o Online","article_publisher":"https:\/\/pt-br.facebook.com\/pages\/Amigos-de-Tondela\/273620439973877","article_published_time":"2019-09-13T16:22:18+00:00","article_modified_time":"2019-09-13T16:22:35+00:00","og_image":[{"width":960,"height":460,"url":"http:\/\/obeirao.pt\/online\/wp-content\/uploads\/2019\/09\/diplomas.jpg","type":"image\/jpeg"}],"author":"Z\u00e9 Beir\u00e3o","twitter_card":"summary_large_image","twitter_creator":"@JoaquimDuarteP2","twitter_site":"@JoaquimDuarteP2","twitter_misc":{"Escrito por":"Z\u00e9 Beir\u00e3o","Tempo estimado de leitura":"1 minuto"},"schema":{"@context":"https:\/\/schema.org","@graph":[{"@type":"Article","@id":"http:\/\/obeirao.pt\/online\/2019\/09\/13\/merito-dos-alunos-do-concelho-premiado-pelo-municipio-de-tondela\/#article","isPartOf":{"@id":"http:\/\/obeirao.pt\/online\/2019\/09\/13\/merito-dos-alunos-do-concelho-premiado-pelo-municipio-de-tondela\/"},"author":{"name":"Z\u00e9 Beir\u00e3o","@id":"http:\/\/obeirao.pt\/online\/#\/schema\/person\/efac69bb5a33873e1c1bb9c1165ff38c"},"headline":"M\u00c9RITO DOS ALUNOS DO CONCELHO premiado pelo Munic\u00edpio de Tondela","datePublished":"2019-09-13T16:22:18+00:00","dateModified":"2019-09-13T16:22:35+00:00","mainEntityOfPage":{"@id":"http:\/\/obeirao.pt\/online\/2019\/09\/13\/merito-dos-alunos-do-concelho-premiado-pelo-municipio-de-tondela\/"},"wordCount":263,"commentCount":0,"image":{"@id":"http:\/\/obeirao.pt\/online\/2019\/09\/13\/merito-dos-alunos-do-concelho-premiado-pelo-municipio-de-tondela\/#primaryimage"},"thumbnailUrl":"http:\/\/obeirao.pt\/online\/wp-content\/uploads\/2019\/09\/diplomas.jpg","articleSection":["_Principal","Cidade","Regi\u00e3o","Tondela"],"inLanguage":"pt-PT"},{"@type":"WebPage","@id":"http:\/\/obeirao.pt\/online\/2019\/09\/13\/merito-dos-alunos-do-concelho-premiado-pelo-municipio-de-tondela\/","url":"http:\/\/obeirao.pt\/online\/2019\/09\/13\/merito-dos-alunos-do-concelho-premiado-pelo-municipio-de-tondela\/","name":"M\u00c9RITO DOS ALUNOS DO CONCELHO premiado pelo Munic\u00edpio de Tondela - Beir\u00e3o Online","isPartOf":{"@id":"http:\/\/obeirao.pt\/online\/#website"},"primaryImageOfPage":{"@id":"http:\/\/obeirao.pt\/online\/2019\/09\/13\/merito-dos-alunos-do-concelho-premiado-pelo-municipio-de-tondela\/#primaryimage"},"image":{"@id":"http:\/\/obeirao.pt\/online\/2019\/09\/13\/merito-dos-alunos-do-concelho-premiado-pelo-municipio-de-tondela\/#primaryimage"},"thumbnailUrl":"http:\/\/obeirao.pt\/online\/wp-content\/uploads\/2019\/09\/diplomas.jpg","datePublished":"2019-09-13T16:22:18+00:00","dateModified":"2019-09-13T16:22:35+00:00","author":{"@id":"http:\/\/obeirao.pt\/online\/#\/schema\/person\/efac69bb5a33873e1c1bb9c1165ff38c"},"breadcrumb":{"@id":"http:\/\/obeirao.pt\/online\/2019\/09\/13\/merito-dos-alunos-do-concelho-premiado-pelo-municipio-de-tondela\/#breadcrumb"},"inLanguage":"pt-PT","potentialAction":[{"@type":"ReadAction","target":["http:\/\/obeirao.pt\/online\/2019\/09\/13\/merito-dos-alunos-do-concelho-premiado-pelo-municipio-de-tondela\/"]}]},{"@type":"ImageObject","inLanguage":"pt-PT","@id":"http:\/\/obeirao.pt\/online\/2019\/09\/13\/merito-dos-alunos-do-concelho-premiado-pelo-municipio-de-tondela\/#primaryimage","url":"http:\/\/obeirao.pt\/online\/wp-content\/uploads\/2019\/09\/diplomas.jpg","contentUrl":"http:\/\/obeirao.pt\/online\/wp-content\/uploads\/2019\/09\/diplomas.jpg","width":960,"height":460},{"@type":"BreadcrumbList","@id":"http:\/\/obeirao.pt\/online\/2019\/09\/13\/merito-dos-alunos-do-concelho-premiado-pelo-municipio-de-tondela\/#breadcrumb","itemListElement":[{"@type":"ListItem","position":1,"name":"Home","item":"http:\/\/obeirao.pt\/online\/"},{"@type":"ListItem","position":2,"name":"M\u00c9RITO DOS ALUNOS DO CONCELHO premiado pelo Munic\u00edpio de Tondela"}]},{"@type":"WebSite","@id":"http:\/\/obeirao.pt\/online\/#website","url":"http:\/\/obeirao.pt\/online\/","name":"Beir\u00e3o Online","description":"www.obeirao.pt","potentialAction":[{"@type":"SearchAction","target":{"@type":"EntryPoint","urlTemplate":"http:\/\/obeirao.pt\/online\/?s={search_term_string}"},"query-input":{"@type":"PropertyValueSpecification","valueRequired":true,"valueName":"search_term_string"}}],"inLanguage":"pt-PT"},{"@type":"Person","@id":"http:\/\/obeirao.pt\/online\/#\/schema\/person\/efac69bb5a33873e1c1bb9c1165ff38c","name":"Z\u00e9 Beir\u00e3o","image":{"@type":"ImageObject","inLanguage":"pt-PT","@id":"http:\/\/0.gravatar.com\/avatar\/c8c44d1f9327baa4d27e9b1149cd71b3?s=96&d=mm&r=g","url":"http:\/\/0.gravatar.com\/avatar\/c8c44d1f9327baa4d27e9b1149cd71b3?s=96&d=mm&r=g","contentUrl":"http:\/\/0.gravatar.com\/avatar\/c8c44d1f9327baa4d27e9b1149cd71b3?s=96&d=mm&r=g","caption":"Z\u00e9 Beir\u00e3o"},"url":"http:\/\/obeirao.pt\/online\/author\/zebeirao\/"}]}},"_links":{"self":[{"href":"http:\/\/obeirao.pt\/online\/wp-json\/wp\/v2\/posts\/3835"}],"collection":[{"href":"http:\/\/obeirao.pt\/online\/wp-json\/wp\/v2\/posts"}],"about":[{"href":"http:\/\/obeirao.pt\/online\/wp-json\/wp\/v2\/types\/post"}],"author":[{"embeddable":true,"href":"http:\/\/obeirao.pt\/online\/wp-json\/wp\/v2\/users\/2"}],"replies":[{"embeddable":true,"href":"http:\/\/obeirao.pt\/online\/wp-json\/wp\/v2\/comments?post=3835"}],"version-history":[{"count":1,"href":"http:\/\/obeirao.pt\/online\/wp-json\/wp\/v2\/posts\/3835\/revisions"}],"predecessor-version":[{"id":3837,"href":"http:\/\/obeirao.pt\/online\/wp-json\/wp\/v2\/posts\/3835\/revisions\/3837"}],"wp:featuredmedia":[{"embeddable":true,"href":"http:\/\/obeirao.pt\/online\/wp-json\/wp\/v2\/media\/3836"}],"wp:attachment":[{"href":"http:\/\/obeirao.pt\/online\/wp-json\/wp\/v2\/media?parent=3835"}],"wp:term":[{"taxonomy":"category","embeddable":true,"href":"http:\/\/obeirao.pt\/online\/wp-json\/wp\/v2\/categories?post=3835"},{"taxonomy":"post_tag","embeddable":true,"href":"http:\/\/obeirao.pt\/online\/wp-json\/wp\/v2\/tags?post=3835"}],"curies":[{"name":"wp","href":"https:\/\/api.w.org\/{rel}","templated":true}]}}