{"id":4020,"date":"2019-10-16T17:10:09","date_gmt":"2019-10-16T16:10:09","guid":{"rendered":"http:\/\/obeirao.pt\/online\/?p=4020"},"modified":"2019-10-16T17:13:40","modified_gmt":"2019-10-16T16:13:40","slug":"ana-abrunhosa-e-a-nova-ministra-da-coesao-territorial","status":"publish","type":"post","link":"http:\/\/obeirao.pt\/online\/2019\/10\/16\/ana-abrunhosa-e-a-nova-ministra-da-coesao-territorial\/","title":{"rendered":"ANA ABRUNHOSA \u00c9 A NOVA MINISTRA DA COES\u00c3O TERRITORIAL"},"content":{"rendered":"<span class=\"span-reading-time rt-reading-time\" style=\"display: block;\"><span class=\"rt-label rt-prefix\">tempo de leitura:<\/span> <span class=\"rt-time\"> 2<\/span> <span class=\"rt-label rt-postfix\">minutos<\/span><\/span><figure id=\"attachment_2944\" aria-describedby=\"caption-attachment-2944\" style=\"width: 300px\" class=\"wp-caption alignleft\"><a href=\"http:\/\/obeirao.pt\/online\/wp-content\/uploads\/2019\/04\/Ana-Abrunhosa-e-Jos\u00e9-Ant\u00f3nio-de-Jesus.jpg\"><img loading=\"lazy\" decoding=\"async\" class=\"wp-image-2944 size-medium\" src=\"http:\/\/obeirao.pt\/online\/wp-content\/uploads\/2019\/04\/Ana-Abrunhosa-e-Jos\u00e9-Ant\u00f3nio-de-Jesus-300x193.jpg\" alt=\"\" width=\"300\" height=\"193\" srcset=\"http:\/\/obeirao.pt\/online\/wp-content\/uploads\/2019\/04\/Ana-Abrunhosa-e-Jos\u00e9-Ant\u00f3nio-de-Jesus-300x193.jpg 300w, http:\/\/obeirao.pt\/online\/wp-content\/uploads\/2019\/04\/Ana-Abrunhosa-e-Jos\u00e9-Ant\u00f3nio-de-Jesus-768x495.jpg 768w, http:\/\/obeirao.pt\/online\/wp-content\/uploads\/2019\/04\/Ana-Abrunhosa-e-Jos\u00e9-Ant\u00f3nio-de-Jesus.jpg 1024w, http:\/\/obeirao.pt\/online\/wp-content\/uploads\/2019\/04\/Ana-Abrunhosa-e-Jos\u00e9-Ant\u00f3nio-de-Jesus-640x412.jpg 640w\" sizes=\"(max-width: 300px) 100vw, 300px\" \/><\/a><figcaption id=\"caption-attachment-2944\" class=\"wp-caption-text\">Ana Abrunhosa (arquivo)<\/figcaption><\/figure>\n<p><span style=\"font-family: georgia, palatino, serif\"><span style=\"font-size: 18pt\"><strong><em>Ana Abrunhosa \u00e9 a nova ministra da Coes\u00e3o Territorial, um novo minist\u00e9rio com que o Governo pretende refor\u00e7ar o trabalho da Secretaria de Estado da Valoriza\u00e7\u00e3o do Interior, criada no \u00faltimo executivo e que foi instalada em Castelo Branco.<\/em><\/strong><\/span><!--more--><\/span><\/p>\n<p><span style=\"font-family: georgia, palatino, serif;font-size: 14pt\"><strong>A nova ministra foi at\u00e9 agora presidente da Comiss\u00e3o de Coordena\u00e7\u00e3o e Desenvolvimento Regional da Regi\u00e3o Centro, da qual faz parte o distrito de Castelo Branco.<\/strong><\/span><\/p>\n<p><span style=\"font-family: georgia, palatino, serif;font-size: 14pt\"><strong>Ana Abrunhosa destacou-se, nestes dois \u00faltimos anos, no complexo processo de reabilita\u00e7\u00e3o das casas que o fogo de 2017 destruiu na regi\u00e3o centro, trabalhando, com determina\u00e7\u00e3o e empenhamento, ao lado dos presidentes de C\u00e2mara.<\/strong><\/span><\/p>\n<p><span style=\"font-family: georgia, palatino, serif;font-size: 14pt\"><strong>No caso concreto de Tondela, o elenco de Jos\u00e9 Ant\u00f3nio de Jesus, mostrou o seu reconhecimento para com a dirigente, distinguindo-a com a medalha de ouro de m\u00e9rito Municipal. durante a sess\u00e3o do Feriado Municipal, no \u00e2mbito da FICTON 2019. <\/strong><\/span><\/p>\n<p><span style=\"font-family: georgia, palatino, serif;font-size: 14pt\"><strong>O Primeiro-Ministro Ant\u00f3nio Costa entregou esta ter\u00e7a-feira (15 de Outubro) ao Presidente da Rep\u00fablica a constitui\u00e7\u00e3o do novo Governo, onde permanecem muitos dos nomes do anterior elenco.<\/strong><\/span><\/p>\n<p><span style=\"font-family: georgia, palatino, serif;font-size: 14pt\"><strong>Maria do C\u00e9u Albuquerque, a antiga presidente da C\u00e2mara Municipal de Abrantes, \u00e9 a nova ministra da Agricultura, depois de ter sido secret\u00e1ria de Estado do Desenvolvimento Regional.<\/strong><\/span><\/p>\n<p><span style=\"font-family: georgia, palatino, serif;font-size: 14pt\"><strong>O novo Governo tem 19 ministros e tamb\u00e9m j\u00e1 s\u00e3o conhecidos tr\u00eas secret\u00e1rios de Estado, faltando ainda saber se a secretaria de Estado instalada em Castelo Branco se vai manter em funcionamento.<\/strong><\/span><\/p>\n<p><span style=\"font-family: georgia, palatino, serif;font-size: 14pt\"><strong>A posse dever\u00e1 acontecer na pr\u00f3xima semana.<\/strong><\/span><\/p>\n<p><span style=\"background-color: #ffff99\"><em><span style=\"font-family: georgia, palatino, serif\"><strong>\u201cBEIR\u00c3O ONLINE\u201d, que conta na pessoa de Ana Abrunhosa, uma amiga, apetece \u00e0 nova ministra, as maiores facilidades e felicidades no seu novo cargo, em prol da coes\u00e3o territorial e do desenvolvimento do centro do pa\u00eds, mormente, os concelhos mais afectados pela desertifica\u00e7\u00e3o, onde, em parte, Tondela se conta.<\/strong><\/span><\/em><\/span><\/p>\n","protected":false},"excerpt":{"rendered":"<div class=\"mh-excerpt\"><span class=\"span-reading-time rt-reading-time\" style=\"display: block;\"><span class=\"rt-label rt-prefix\">tempo de leitura:<\/span> <span class=\"rt-time\"> 2<\/span> <span class=\"rt-label rt-postfix\">minutos<\/span><\/span>Ana Abrunhosa \u00e9 a nova ministra da Coes\u00e3o Territorial, um novo minist\u00e9rio com que o Governo pretende refor\u00e7ar o trabalho da Secretaria de Estado da <a class=\"mh-excerpt-more\" href=\"http:\/\/obeirao.pt\/online\/2019\/10\/16\/ana-abrunhosa-e-a-nova-ministra-da-coesao-territorial\/\" title=\"ANA ABRUNHOSA \u00c9 A NOVA MINISTRA DA COES\u00c3O TERRITORIAL\">[&#8230;]<\/a><\/div>\n","protected":false},"author":2,"featured_media":2944,"comment_status":"open","ping_status":"open","sticky":false,"template":"","format":"standard","meta":{"footnotes":""},"categories":[2,5,4,63],"tags":[],"class_list":["post-4020","post","type-post","status-publish","format-standard","has-post-thumbnail","hentry","category-principal","category-cidade","category-regiao","category-tondela"],"yoast_head":"<!-- This site is optimized with the Yoast SEO plugin v27.4 - https:\/\/yoast.com\/product\/yoast-seo-wordpress\/ -->\n<title>ANA ABRUNHOSA \u00c9 A NOVA MINISTRA DA COES\u00c3O TERRITORIAL - Beir\u00e3o Online<\/title>\n<meta name=\"robots\" content=\"index, follow, max-snippet:-1, max-image-preview:large, max-video-preview:-1\" \/>\n<link rel=\"canonical\" href=\"http:\/\/obeirao.pt\/online\/2019\/10\/16\/ana-abrunhosa-e-a-nova-ministra-da-coesao-territorial\/\" \/>\n<meta property=\"og:locale\" content=\"pt_PT\" \/>\n<meta property=\"og:type\" content=\"article\" \/>\n<meta property=\"og:title\" content=\"ANA ABRUNHOSA \u00c9 A NOVA MINISTRA DA COES\u00c3O TERRITORIAL - Beir\u00e3o Online\" \/>\n<meta property=\"og:description\" content=\"tempo de leitura: 2 minutosAna Abrunhosa \u00e9 a nova ministra da Coes\u00e3o Territorial, um novo minist\u00e9rio com que o Governo pretende refor\u00e7ar o trabalho da Secretaria de Estado da [...]\" \/>\n<meta property=\"og:url\" content=\"http:\/\/obeirao.pt\/online\/2019\/10\/16\/ana-abrunhosa-e-a-nova-ministra-da-coesao-territorial\/\" \/>\n<meta property=\"og:site_name\" content=\"Beir\u00e3o Online\" \/>\n<meta property=\"article:publisher\" content=\"https:\/\/pt-br.facebook.com\/pages\/Amigos-de-Tondela\/273620439973877\" \/>\n<meta property=\"article:published_time\" content=\"2019-10-16T16:10:09+00:00\" \/>\n<meta property=\"article:modified_time\" content=\"2019-10-16T16:13:40+00:00\" \/>\n<meta property=\"og:image\" content=\"http:\/\/obeirao.pt\/online\/wp-content\/uploads\/2019\/04\/Ana-Abrunhosa-e-Jos\u00e9-Ant\u00f3nio-de-Jesus.jpg\" \/>\n\t<meta property=\"og:image:width\" content=\"1024\" \/>\n\t<meta property=\"og:image:height\" content=\"659\" \/>\n\t<meta property=\"og:image:type\" content=\"image\/jpeg\" \/>\n<meta name=\"author\" content=\"Z\u00e9 Beir\u00e3o\" \/>\n<meta name=\"twitter:card\" content=\"summary_large_image\" \/>\n<meta name=\"twitter:creator\" content=\"@JoaquimDuarteP2\" \/>\n<meta name=\"twitter:site\" content=\"@JoaquimDuarteP2\" \/>\n<meta name=\"twitter:label1\" content=\"Escrito por\" \/>\n\t<meta name=\"twitter:data1\" content=\"Z\u00e9 Beir\u00e3o\" \/>\n\t<meta name=\"twitter:label2\" content=\"Tempo estimado de leitura\" \/>\n\t<meta name=\"twitter:data2\" content=\"2 minutos\" \/>\n<script type=\"application\/ld+json\" class=\"yoast-schema-graph\">{\"@context\":\"https:\\\/\\\/schema.org\",\"@graph\":[{\"@type\":\"Article\",\"@id\":\"http:\\\/\\\/obeirao.pt\\\/online\\\/2019\\\/10\\\/16\\\/ana-abrunhosa-e-a-nova-ministra-da-coesao-territorial\\\/#article\",\"isPartOf\":{\"@id\":\"http:\\\/\\\/obeirao.pt\\\/online\\\/2019\\\/10\\\/16\\\/ana-abrunhosa-e-a-nova-ministra-da-coesao-territorial\\\/\"},\"author\":{\"name\":\"Z\u00e9 Beir\u00e3o\",\"@id\":\"http:\\\/\\\/obeirao.pt\\\/online\\\/#\\\/schema\\\/person\\\/efac69bb5a33873e1c1bb9c1165ff38c\"},\"headline\":\"ANA ABRUNHOSA \u00c9 A NOVA MINISTRA DA COES\u00c3O TERRITORIAL\",\"datePublished\":\"2019-10-16T16:10:09+00:00\",\"dateModified\":\"2019-10-16T16:13:40+00:00\",\"mainEntityOfPage\":{\"@id\":\"http:\\\/\\\/obeirao.pt\\\/online\\\/2019\\\/10\\\/16\\\/ana-abrunhosa-e-a-nova-ministra-da-coesao-territorial\\\/\"},\"wordCount\":324,\"commentCount\":0,\"image\":{\"@id\":\"http:\\\/\\\/obeirao.pt\\\/online\\\/2019\\\/10\\\/16\\\/ana-abrunhosa-e-a-nova-ministra-da-coesao-territorial\\\/#primaryimage\"},\"thumbnailUrl\":\"http:\\\/\\\/obeirao.pt\\\/online\\\/wp-content\\\/uploads\\\/2019\\\/04\\\/Ana-Abrunhosa-e-Jos\u00e9-Ant\u00f3nio-de-Jesus.jpg\",\"articleSection\":[\"_Principal\",\"Cidade\",\"Regi\u00e3o\",\"Tondela\"],\"inLanguage\":\"pt-PT\"},{\"@type\":\"WebPage\",\"@id\":\"http:\\\/\\\/obeirao.pt\\\/online\\\/2019\\\/10\\\/16\\\/ana-abrunhosa-e-a-nova-ministra-da-coesao-territorial\\\/\",\"url\":\"http:\\\/\\\/obeirao.pt\\\/online\\\/2019\\\/10\\\/16\\\/ana-abrunhosa-e-a-nova-ministra-da-coesao-territorial\\\/\",\"name\":\"ANA ABRUNHOSA \u00c9 A NOVA MINISTRA DA COES\u00c3O TERRITORIAL - Beir\u00e3o Online\",\"isPartOf\":{\"@id\":\"http:\\\/\\\/obeirao.pt\\\/online\\\/#website\"},\"primaryImageOfPage\":{\"@id\":\"http:\\\/\\\/obeirao.pt\\\/online\\\/2019\\\/10\\\/16\\\/ana-abrunhosa-e-a-nova-ministra-da-coesao-territorial\\\/#primaryimage\"},\"image\":{\"@id\":\"http:\\\/\\\/obeirao.pt\\\/online\\\/2019\\\/10\\\/16\\\/ana-abrunhosa-e-a-nova-ministra-da-coesao-territorial\\\/#primaryimage\"},\"thumbnailUrl\":\"http:\\\/\\\/obeirao.pt\\\/online\\\/wp-content\\\/uploads\\\/2019\\\/04\\\/Ana-Abrunhosa-e-Jos\u00e9-Ant\u00f3nio-de-Jesus.jpg\",\"datePublished\":\"2019-10-16T16:10:09+00:00\",\"dateModified\":\"2019-10-16T16:13:40+00:00\",\"author\":{\"@id\":\"http:\\\/\\\/obeirao.pt\\\/online\\\/#\\\/schema\\\/person\\\/efac69bb5a33873e1c1bb9c1165ff38c\"},\"breadcrumb\":{\"@id\":\"http:\\\/\\\/obeirao.pt\\\/online\\\/2019\\\/10\\\/16\\\/ana-abrunhosa-e-a-nova-ministra-da-coesao-territorial\\\/#breadcrumb\"},\"inLanguage\":\"pt-PT\",\"potentialAction\":[{\"@type\":\"ReadAction\",\"target\":[\"http:\\\/\\\/obeirao.pt\\\/online\\\/2019\\\/10\\\/16\\\/ana-abrunhosa-e-a-nova-ministra-da-coesao-territorial\\\/\"]}]},{\"@type\":\"ImageObject\",\"inLanguage\":\"pt-PT\",\"@id\":\"http:\\\/\\\/obeirao.pt\\\/online\\\/2019\\\/10\\\/16\\\/ana-abrunhosa-e-a-nova-ministra-da-coesao-territorial\\\/#primaryimage\",\"url\":\"http:\\\/\\\/obeirao.pt\\\/online\\\/wp-content\\\/uploads\\\/2019\\\/04\\\/Ana-Abrunhosa-e-Jos\u00e9-Ant\u00f3nio-de-Jesus.jpg\",\"contentUrl\":\"http:\\\/\\\/obeirao.pt\\\/online\\\/wp-content\\\/uploads\\\/2019\\\/04\\\/Ana-Abrunhosa-e-Jos\u00e9-Ant\u00f3nio-de-Jesus.jpg\",\"width\":1024,\"height\":659,\"caption\":\"????????????????????????????????????\"},{\"@type\":\"BreadcrumbList\",\"@id\":\"http:\\\/\\\/obeirao.pt\\\/online\\\/2019\\\/10\\\/16\\\/ana-abrunhosa-e-a-nova-ministra-da-coesao-territorial\\\/#breadcrumb\",\"itemListElement\":[{\"@type\":\"ListItem\",\"position\":1,\"name\":\"Home\",\"item\":\"http:\\\/\\\/obeirao.pt\\\/online\\\/\"},{\"@type\":\"ListItem\",\"position\":2,\"name\":\"ANA ABRUNHOSA \u00c9 A NOVA MINISTRA DA COES\u00c3O TERRITORIAL\"}]},{\"@type\":\"WebSite\",\"@id\":\"http:\\\/\\\/obeirao.pt\\\/online\\\/#website\",\"url\":\"http:\\\/\\\/obeirao.pt\\\/online\\\/\",\"name\":\"Beir\u00e3o Online\",\"description\":\"www.obeirao.pt\",\"potentialAction\":[{\"@type\":\"SearchAction\",\"target\":{\"@type\":\"EntryPoint\",\"urlTemplate\":\"http:\\\/\\\/obeirao.pt\\\/online\\\/?s={search_term_string}\"},\"query-input\":{\"@type\":\"PropertyValueSpecification\",\"valueRequired\":true,\"valueName\":\"search_term_string\"}}],\"inLanguage\":\"pt-PT\"},{\"@type\":\"Person\",\"@id\":\"http:\\\/\\\/obeirao.pt\\\/online\\\/#\\\/schema\\\/person\\\/efac69bb5a33873e1c1bb9c1165ff38c\",\"name\":\"Z\u00e9 Beir\u00e3o\",\"image\":{\"@type\":\"ImageObject\",\"inLanguage\":\"pt-PT\",\"@id\":\"http:\\\/\\\/0.gravatar.com\\\/avatar\\\/c8c44d1f9327baa4d27e9b1149cd71b3?s=96&d=mm&r=g\",\"url\":\"http:\\\/\\\/0.gravatar.com\\\/avatar\\\/c8c44d1f9327baa4d27e9b1149cd71b3?s=96&d=mm&r=g\",\"contentUrl\":\"http:\\\/\\\/0.gravatar.com\\\/avatar\\\/c8c44d1f9327baa4d27e9b1149cd71b3?s=96&d=mm&r=g\",\"caption\":\"Z\u00e9 Beir\u00e3o\"},\"url\":\"http:\\\/\\\/obeirao.pt\\\/online\\\/author\\\/zebeirao\\\/\"}]}<\/script>\n<!-- \/ Yoast SEO plugin. -->","yoast_head_json":{"title":"ANA ABRUNHOSA \u00c9 A NOVA MINISTRA DA COES\u00c3O TERRITORIAL - Beir\u00e3o Online","robots":{"index":"index","follow":"follow","max-snippet":"max-snippet:-1","max-image-preview":"max-image-preview:large","max-video-preview":"max-video-preview:-1"},"canonical":"http:\/\/obeirao.pt\/online\/2019\/10\/16\/ana-abrunhosa-e-a-nova-ministra-da-coesao-territorial\/","og_locale":"pt_PT","og_type":"article","og_title":"ANA ABRUNHOSA \u00c9 A NOVA MINISTRA DA COES\u00c3O TERRITORIAL - Beir\u00e3o Online","og_description":"tempo de leitura: 2 minutosAna Abrunhosa \u00e9 a nova ministra da Coes\u00e3o Territorial, um novo minist\u00e9rio com que o Governo pretende refor\u00e7ar o trabalho da Secretaria de Estado da [...]","og_url":"http:\/\/obeirao.pt\/online\/2019\/10\/16\/ana-abrunhosa-e-a-nova-ministra-da-coesao-territorial\/","og_site_name":"Beir\u00e3o Online","article_publisher":"https:\/\/pt-br.facebook.com\/pages\/Amigos-de-Tondela\/273620439973877","article_published_time":"2019-10-16T16:10:09+00:00","article_modified_time":"2019-10-16T16:13:40+00:00","og_image":[{"width":1024,"height":659,"url":"http:\/\/obeirao.pt\/online\/wp-content\/uploads\/2019\/04\/Ana-Abrunhosa-e-Jos\u00e9-Ant\u00f3nio-de-Jesus.jpg","type":"image\/jpeg"}],"author":"Z\u00e9 Beir\u00e3o","twitter_card":"summary_large_image","twitter_creator":"@JoaquimDuarteP2","twitter_site":"@JoaquimDuarteP2","twitter_misc":{"Escrito por":"Z\u00e9 Beir\u00e3o","Tempo estimado de leitura":"2 minutos"},"schema":{"@context":"https:\/\/schema.org","@graph":[{"@type":"Article","@id":"http:\/\/obeirao.pt\/online\/2019\/10\/16\/ana-abrunhosa-e-a-nova-ministra-da-coesao-territorial\/#article","isPartOf":{"@id":"http:\/\/obeirao.pt\/online\/2019\/10\/16\/ana-abrunhosa-e-a-nova-ministra-da-coesao-territorial\/"},"author":{"name":"Z\u00e9 Beir\u00e3o","@id":"http:\/\/obeirao.pt\/online\/#\/schema\/person\/efac69bb5a33873e1c1bb9c1165ff38c"},"headline":"ANA ABRUNHOSA \u00c9 A NOVA MINISTRA DA COES\u00c3O TERRITORIAL","datePublished":"2019-10-16T16:10:09+00:00","dateModified":"2019-10-16T16:13:40+00:00","mainEntityOfPage":{"@id":"http:\/\/obeirao.pt\/online\/2019\/10\/16\/ana-abrunhosa-e-a-nova-ministra-da-coesao-territorial\/"},"wordCount":324,"commentCount":0,"image":{"@id":"http:\/\/obeirao.pt\/online\/2019\/10\/16\/ana-abrunhosa-e-a-nova-ministra-da-coesao-territorial\/#primaryimage"},"thumbnailUrl":"http:\/\/obeirao.pt\/online\/wp-content\/uploads\/2019\/04\/Ana-Abrunhosa-e-Jos\u00e9-Ant\u00f3nio-de-Jesus.jpg","articleSection":["_Principal","Cidade","Regi\u00e3o","Tondela"],"inLanguage":"pt-PT"},{"@type":"WebPage","@id":"http:\/\/obeirao.pt\/online\/2019\/10\/16\/ana-abrunhosa-e-a-nova-ministra-da-coesao-territorial\/","url":"http:\/\/obeirao.pt\/online\/2019\/10\/16\/ana-abrunhosa-e-a-nova-ministra-da-coesao-territorial\/","name":"ANA ABRUNHOSA \u00c9 A NOVA MINISTRA DA COES\u00c3O TERRITORIAL - Beir\u00e3o Online","isPartOf":{"@id":"http:\/\/obeirao.pt\/online\/#website"},"primaryImageOfPage":{"@id":"http:\/\/obeirao.pt\/online\/2019\/10\/16\/ana-abrunhosa-e-a-nova-ministra-da-coesao-territorial\/#primaryimage"},"image":{"@id":"http:\/\/obeirao.pt\/online\/2019\/10\/16\/ana-abrunhosa-e-a-nova-ministra-da-coesao-territorial\/#primaryimage"},"thumbnailUrl":"http:\/\/obeirao.pt\/online\/wp-content\/uploads\/2019\/04\/Ana-Abrunhosa-e-Jos\u00e9-Ant\u00f3nio-de-Jesus.jpg","datePublished":"2019-10-16T16:10:09+00:00","dateModified":"2019-10-16T16:13:40+00:00","author":{"@id":"http:\/\/obeirao.pt\/online\/#\/schema\/person\/efac69bb5a33873e1c1bb9c1165ff38c"},"breadcrumb":{"@id":"http:\/\/obeirao.pt\/online\/2019\/10\/16\/ana-abrunhosa-e-a-nova-ministra-da-coesao-territorial\/#breadcrumb"},"inLanguage":"pt-PT","potentialAction":[{"@type":"ReadAction","target":["http:\/\/obeirao.pt\/online\/2019\/10\/16\/ana-abrunhosa-e-a-nova-ministra-da-coesao-territorial\/"]}]},{"@type":"ImageObject","inLanguage":"pt-PT","@id":"http:\/\/obeirao.pt\/online\/2019\/10\/16\/ana-abrunhosa-e-a-nova-ministra-da-coesao-territorial\/#primaryimage","url":"http:\/\/obeirao.pt\/online\/wp-content\/uploads\/2019\/04\/Ana-Abrunhosa-e-Jos\u00e9-Ant\u00f3nio-de-Jesus.jpg","contentUrl":"http:\/\/obeirao.pt\/online\/wp-content\/uploads\/2019\/04\/Ana-Abrunhosa-e-Jos\u00e9-Ant\u00f3nio-de-Jesus.jpg","width":1024,"height":659,"caption":"????????????????????????????????????"},{"@type":"BreadcrumbList","@id":"http:\/\/obeirao.pt\/online\/2019\/10\/16\/ana-abrunhosa-e-a-nova-ministra-da-coesao-territorial\/#breadcrumb","itemListElement":[{"@type":"ListItem","position":1,"name":"Home","item":"http:\/\/obeirao.pt\/online\/"},{"@type":"ListItem","position":2,"name":"ANA ABRUNHOSA \u00c9 A NOVA MINISTRA DA COES\u00c3O TERRITORIAL"}]},{"@type":"WebSite","@id":"http:\/\/obeirao.pt\/online\/#website","url":"http:\/\/obeirao.pt\/online\/","name":"Beir\u00e3o Online","description":"www.obeirao.pt","potentialAction":[{"@type":"SearchAction","target":{"@type":"EntryPoint","urlTemplate":"http:\/\/obeirao.pt\/online\/?s={search_term_string}"},"query-input":{"@type":"PropertyValueSpecification","valueRequired":true,"valueName":"search_term_string"}}],"inLanguage":"pt-PT"},{"@type":"Person","@id":"http:\/\/obeirao.pt\/online\/#\/schema\/person\/efac69bb5a33873e1c1bb9c1165ff38c","name":"Z\u00e9 Beir\u00e3o","image":{"@type":"ImageObject","inLanguage":"pt-PT","@id":"http:\/\/0.gravatar.com\/avatar\/c8c44d1f9327baa4d27e9b1149cd71b3?s=96&d=mm&r=g","url":"http:\/\/0.gravatar.com\/avatar\/c8c44d1f9327baa4d27e9b1149cd71b3?s=96&d=mm&r=g","contentUrl":"http:\/\/0.gravatar.com\/avatar\/c8c44d1f9327baa4d27e9b1149cd71b3?s=96&d=mm&r=g","caption":"Z\u00e9 Beir\u00e3o"},"url":"http:\/\/obeirao.pt\/online\/author\/zebeirao\/"}]}},"_links":{"self":[{"href":"http:\/\/obeirao.pt\/online\/wp-json\/wp\/v2\/posts\/4020"}],"collection":[{"href":"http:\/\/obeirao.pt\/online\/wp-json\/wp\/v2\/posts"}],"about":[{"href":"http:\/\/obeirao.pt\/online\/wp-json\/wp\/v2\/types\/post"}],"author":[{"embeddable":true,"href":"http:\/\/obeirao.pt\/online\/wp-json\/wp\/v2\/users\/2"}],"replies":[{"embeddable":true,"href":"http:\/\/obeirao.pt\/online\/wp-json\/wp\/v2\/comments?post=4020"}],"version-history":[{"count":3,"href":"http:\/\/obeirao.pt\/online\/wp-json\/wp\/v2\/posts\/4020\/revisions"}],"predecessor-version":[{"id":4023,"href":"http:\/\/obeirao.pt\/online\/wp-json\/wp\/v2\/posts\/4020\/revisions\/4023"}],"wp:featuredmedia":[{"embeddable":true,"href":"http:\/\/obeirao.pt\/online\/wp-json\/wp\/v2\/media\/2944"}],"wp:attachment":[{"href":"http:\/\/obeirao.pt\/online\/wp-json\/wp\/v2\/media?parent=4020"}],"wp:term":[{"taxonomy":"category","embeddable":true,"href":"http:\/\/obeirao.pt\/online\/wp-json\/wp\/v2\/categories?post=4020"},{"taxonomy":"post_tag","embeddable":true,"href":"http:\/\/obeirao.pt\/online\/wp-json\/wp\/v2\/tags?post=4020"}],"curies":[{"name":"wp","href":"https:\/\/api.w.org\/{rel}","templated":true}]}}