{"id":4095,"date":"2019-10-31T22:46:34","date_gmt":"2019-10-31T22:46:34","guid":{"rendered":"http:\/\/obeirao.pt\/online\/?p=4095"},"modified":"2021-03-18T10:13:26","modified_gmt":"2021-03-18T10:13:26","slug":"colisao-provoca-um-morto-e-um-ferido-ligeiro-em-nelas","status":"publish","type":"post","link":"http:\/\/obeirao.pt\/online\/2019\/10\/31\/colisao-provoca-um-morto-e-um-ferido-ligeiro-em-nelas\/","title":{"rendered":"COLIS\u00c3O PROVOCA UM MORTO E UM FERIDO LIGEIRO EM NELAS"},"content":{"rendered":"<span class=\"span-reading-time rt-reading-time\" style=\"display: block;\"><span class=\"rt-label rt-prefix\">tempo de leitura:<\/span> <span class=\"rt-time\"> &lt; 1<\/span> <span class=\"rt-label rt-postfix\">minuto<\/span><\/span><p><span style=\"font-size: 24pt\"><strong><a href=\"http:\/\/obeirao.pt\/online\/wp-content\/uploads\/2019\/10\/tvi24.iol_.pt_.jpg\"><img loading=\"lazy\" decoding=\"async\" class=\"alignleft wp-image-4096 size-medium\" src=\"http:\/\/obeirao.pt\/online\/wp-content\/uploads\/2019\/10\/tvi24.iol_.pt_-300x154.jpg\" alt=\"\" width=\"300\" height=\"154\" srcset=\"http:\/\/obeirao.pt\/online\/wp-content\/uploads\/2019\/10\/tvi24.iol_.pt_-300x154.jpg 300w, http:\/\/obeirao.pt\/online\/wp-content\/uploads\/2019\/10\/tvi24.iol_.pt_-768x394.jpg 768w, http:\/\/obeirao.pt\/online\/wp-content\/uploads\/2019\/10\/tvi24.iol_.pt_.jpg 1024w, http:\/\/obeirao.pt\/online\/wp-content\/uploads\/2019\/10\/tvi24.iol_.pt_-640x328.jpg 640w\" sizes=\"(max-width: 300px) 100vw, 300px\" \/><\/a><\/strong><\/span><strong><span style=\"font-family: georgia, palatino, serif\"><em><span style=\"font-size: 18pt\">Uma colis\u00e3o ocorrida hoje na Estrada Nacional (EN) 234, na Urgeiri\u00e7a, no concelho de Nelas, provocou um morto e um ferido ligeiro, disse \u00e0 ag\u00eancia Lusa fonte do Comando Distrital de Opera\u00e7\u00f5es de Socorro de Viseu.<\/span><\/em><\/span><\/strong><!--more--><\/p>\n<p><strong><span style=\"font-family: georgia, palatino, serif;font-size: 18pt\">Segundo a mesma fonte, tratou-se de uma colis\u00e3o entre um carro e um cami\u00e3o, ocorrida cerca das 17:00, numa curva da EN 234.<\/span><\/strong><\/p>\n<p><strong><span style=\"font-family: georgia, palatino, serif;font-size: 18pt\">A v\u00edtima mortal e o ferido viajavam no ve\u00edculo ligeiro, acrescentou.<\/span><\/strong><\/p>\n<p><strong><span style=\"font-family: georgia, palatino, serif;font-size: 18pt\">No local estiveram 31 operacionais e 12 viaturas, dos bombeiros volunt\u00e1rios de Canas de Senhorim e de Nelas, do Instituto Nacional de Emerg\u00eancia M\u00e9dica e da GNR.<\/span><\/strong><\/p>\n","protected":false},"excerpt":{"rendered":"<div class=\"mh-excerpt\"><span class=\"span-reading-time rt-reading-time\" style=\"display: block;\"><span class=\"rt-label rt-prefix\">tempo de leitura:<\/span> <span class=\"rt-time\"> &lt; 1<\/span> <span class=\"rt-label rt-postfix\">minuto<\/span><\/span>Uma colis\u00e3o ocorrida hoje na Estrada Nacional (EN) 234, na Urgeiri\u00e7a, no concelho de Nelas, provocou um morto e um ferido ligeiro, disse \u00e0 ag\u00eancia <a class=\"mh-excerpt-more\" href=\"http:\/\/obeirao.pt\/online\/2019\/10\/31\/colisao-provoca-um-morto-e-um-ferido-ligeiro-em-nelas\/\" title=\"COLIS\u00c3O PROVOCA UM MORTO E UM FERIDO LIGEIRO EM NELAS\">[&#8230;]<\/a><\/div>\n","protected":false},"author":2,"featured_media":4096,"comment_status":"closed","ping_status":"closed","sticky":false,"template":"","format":"standard","meta":{"footnotes":""},"categories":[2,193,4],"tags":[],"class_list":["post-4095","post","type-post","status-publish","format-standard","has-post-thumbnail","hentry","category-principal","category-nelas-comunidade-intermunicipal-viseu-dao-lafoes","category-regiao"],"yoast_head":"<!-- This site is optimized with the Yoast SEO plugin v27.4 - https:\/\/yoast.com\/product\/yoast-seo-wordpress\/ -->\n<title>COLIS\u00c3O PROVOCA UM MORTO E UM FERIDO LIGEIRO EM NELAS - Beir\u00e3o Online<\/title>\n<meta name=\"robots\" content=\"index, follow, max-snippet:-1, max-image-preview:large, max-video-preview:-1\" \/>\n<link rel=\"canonical\" href=\"http:\/\/obeirao.pt\/online\/2019\/10\/31\/colisao-provoca-um-morto-e-um-ferido-ligeiro-em-nelas\/\" \/>\n<meta property=\"og:locale\" content=\"pt_PT\" \/>\n<meta property=\"og:type\" content=\"article\" \/>\n<meta property=\"og:title\" content=\"COLIS\u00c3O PROVOCA UM MORTO E UM FERIDO LIGEIRO EM NELAS - Beir\u00e3o Online\" \/>\n<meta property=\"og:description\" content=\"tempo de leitura: &lt; 1 minutoUma colis\u00e3o ocorrida hoje na Estrada Nacional (EN) 234, na Urgeiri\u00e7a, no concelho de Nelas, provocou um morto e um ferido ligeiro, disse \u00e0 ag\u00eancia [...]\" \/>\n<meta property=\"og:url\" content=\"http:\/\/obeirao.pt\/online\/2019\/10\/31\/colisao-provoca-um-morto-e-um-ferido-ligeiro-em-nelas\/\" \/>\n<meta property=\"og:site_name\" content=\"Beir\u00e3o Online\" \/>\n<meta property=\"article:publisher\" content=\"https:\/\/pt-br.facebook.com\/pages\/Amigos-de-Tondela\/273620439973877\" \/>\n<meta property=\"article:published_time\" content=\"2019-10-31T22:46:34+00:00\" \/>\n<meta property=\"article:modified_time\" content=\"2021-03-18T10:13:26+00:00\" \/>\n<meta property=\"og:image\" content=\"http:\/\/obeirao.pt\/online\/wp-content\/uploads\/2019\/10\/tvi24.iol_.pt_.jpg\" \/>\n\t<meta property=\"og:image:width\" content=\"1024\" \/>\n\t<meta property=\"og:image:height\" content=\"525\" \/>\n\t<meta property=\"og:image:type\" content=\"image\/jpeg\" \/>\n<meta name=\"author\" content=\"Z\u00e9 Beir\u00e3o\" \/>\n<meta name=\"twitter:card\" content=\"summary_large_image\" \/>\n<meta name=\"twitter:creator\" content=\"@JoaquimDuarteP2\" \/>\n<meta name=\"twitter:site\" content=\"@JoaquimDuarteP2\" \/>\n<meta name=\"twitter:label1\" content=\"Escrito por\" \/>\n\t<meta name=\"twitter:data1\" content=\"Z\u00e9 Beir\u00e3o\" \/>\n\t<meta name=\"twitter:label2\" content=\"Tempo estimado de leitura\" \/>\n\t<meta name=\"twitter:data2\" content=\"1 minuto\" \/>\n<script type=\"application\/ld+json\" class=\"yoast-schema-graph\">{\"@context\":\"https:\\\/\\\/schema.org\",\"@graph\":[{\"@type\":\"Article\",\"@id\":\"http:\\\/\\\/obeirao.pt\\\/online\\\/2019\\\/10\\\/31\\\/colisao-provoca-um-morto-e-um-ferido-ligeiro-em-nelas\\\/#article\",\"isPartOf\":{\"@id\":\"http:\\\/\\\/obeirao.pt\\\/online\\\/2019\\\/10\\\/31\\\/colisao-provoca-um-morto-e-um-ferido-ligeiro-em-nelas\\\/\"},\"author\":{\"name\":\"Z\u00e9 Beir\u00e3o\",\"@id\":\"http:\\\/\\\/obeirao.pt\\\/online\\\/#\\\/schema\\\/person\\\/efac69bb5a33873e1c1bb9c1165ff38c\"},\"headline\":\"COLIS\u00c3O PROVOCA UM MORTO E UM FERIDO LIGEIRO EM NELAS\",\"datePublished\":\"2019-10-31T22:46:34+00:00\",\"dateModified\":\"2021-03-18T10:13:26+00:00\",\"mainEntityOfPage\":{\"@id\":\"http:\\\/\\\/obeirao.pt\\\/online\\\/2019\\\/10\\\/31\\\/colisao-provoca-um-morto-e-um-ferido-ligeiro-em-nelas\\\/\"},\"wordCount\":113,\"image\":{\"@id\":\"http:\\\/\\\/obeirao.pt\\\/online\\\/2019\\\/10\\\/31\\\/colisao-provoca-um-morto-e-um-ferido-ligeiro-em-nelas\\\/#primaryimage\"},\"thumbnailUrl\":\"http:\\\/\\\/obeirao.pt\\\/online\\\/wp-content\\\/uploads\\\/2019\\\/10\\\/tvi24.iol_.pt_.jpg\",\"articleSection\":[\"_Principal\",\"Nelas\",\"Regi\u00e3o\"],\"inLanguage\":\"pt-PT\"},{\"@type\":\"WebPage\",\"@id\":\"http:\\\/\\\/obeirao.pt\\\/online\\\/2019\\\/10\\\/31\\\/colisao-provoca-um-morto-e-um-ferido-ligeiro-em-nelas\\\/\",\"url\":\"http:\\\/\\\/obeirao.pt\\\/online\\\/2019\\\/10\\\/31\\\/colisao-provoca-um-morto-e-um-ferido-ligeiro-em-nelas\\\/\",\"name\":\"COLIS\u00c3O PROVOCA UM MORTO E UM FERIDO LIGEIRO EM NELAS - Beir\u00e3o Online\",\"isPartOf\":{\"@id\":\"http:\\\/\\\/obeirao.pt\\\/online\\\/#website\"},\"primaryImageOfPage\":{\"@id\":\"http:\\\/\\\/obeirao.pt\\\/online\\\/2019\\\/10\\\/31\\\/colisao-provoca-um-morto-e-um-ferido-ligeiro-em-nelas\\\/#primaryimage\"},\"image\":{\"@id\":\"http:\\\/\\\/obeirao.pt\\\/online\\\/2019\\\/10\\\/31\\\/colisao-provoca-um-morto-e-um-ferido-ligeiro-em-nelas\\\/#primaryimage\"},\"thumbnailUrl\":\"http:\\\/\\\/obeirao.pt\\\/online\\\/wp-content\\\/uploads\\\/2019\\\/10\\\/tvi24.iol_.pt_.jpg\",\"datePublished\":\"2019-10-31T22:46:34+00:00\",\"dateModified\":\"2021-03-18T10:13:26+00:00\",\"author\":{\"@id\":\"http:\\\/\\\/obeirao.pt\\\/online\\\/#\\\/schema\\\/person\\\/efac69bb5a33873e1c1bb9c1165ff38c\"},\"breadcrumb\":{\"@id\":\"http:\\\/\\\/obeirao.pt\\\/online\\\/2019\\\/10\\\/31\\\/colisao-provoca-um-morto-e-um-ferido-ligeiro-em-nelas\\\/#breadcrumb\"},\"inLanguage\":\"pt-PT\",\"potentialAction\":[{\"@type\":\"ReadAction\",\"target\":[\"http:\\\/\\\/obeirao.pt\\\/online\\\/2019\\\/10\\\/31\\\/colisao-provoca-um-morto-e-um-ferido-ligeiro-em-nelas\\\/\"]}]},{\"@type\":\"ImageObject\",\"inLanguage\":\"pt-PT\",\"@id\":\"http:\\\/\\\/obeirao.pt\\\/online\\\/2019\\\/10\\\/31\\\/colisao-provoca-um-morto-e-um-ferido-ligeiro-em-nelas\\\/#primaryimage\",\"url\":\"http:\\\/\\\/obeirao.pt\\\/online\\\/wp-content\\\/uploads\\\/2019\\\/10\\\/tvi24.iol_.pt_.jpg\",\"contentUrl\":\"http:\\\/\\\/obeirao.pt\\\/online\\\/wp-content\\\/uploads\\\/2019\\\/10\\\/tvi24.iol_.pt_.jpg\",\"width\":1024,\"height\":525},{\"@type\":\"BreadcrumbList\",\"@id\":\"http:\\\/\\\/obeirao.pt\\\/online\\\/2019\\\/10\\\/31\\\/colisao-provoca-um-morto-e-um-ferido-ligeiro-em-nelas\\\/#breadcrumb\",\"itemListElement\":[{\"@type\":\"ListItem\",\"position\":1,\"name\":\"Home\",\"item\":\"http:\\\/\\\/obeirao.pt\\\/online\\\/\"},{\"@type\":\"ListItem\",\"position\":2,\"name\":\"COLIS\u00c3O PROVOCA UM MORTO E UM FERIDO LIGEIRO EM NELAS\"}]},{\"@type\":\"WebSite\",\"@id\":\"http:\\\/\\\/obeirao.pt\\\/online\\\/#website\",\"url\":\"http:\\\/\\\/obeirao.pt\\\/online\\\/\",\"name\":\"Beir\u00e3o Online\",\"description\":\"www.obeirao.pt\",\"potentialAction\":[{\"@type\":\"SearchAction\",\"target\":{\"@type\":\"EntryPoint\",\"urlTemplate\":\"http:\\\/\\\/obeirao.pt\\\/online\\\/?s={search_term_string}\"},\"query-input\":{\"@type\":\"PropertyValueSpecification\",\"valueRequired\":true,\"valueName\":\"search_term_string\"}}],\"inLanguage\":\"pt-PT\"},{\"@type\":\"Person\",\"@id\":\"http:\\\/\\\/obeirao.pt\\\/online\\\/#\\\/schema\\\/person\\\/efac69bb5a33873e1c1bb9c1165ff38c\",\"name\":\"Z\u00e9 Beir\u00e3o\",\"image\":{\"@type\":\"ImageObject\",\"inLanguage\":\"pt-PT\",\"@id\":\"http:\\\/\\\/0.gravatar.com\\\/avatar\\\/c8c44d1f9327baa4d27e9b1149cd71b3?s=96&d=mm&r=g\",\"url\":\"http:\\\/\\\/0.gravatar.com\\\/avatar\\\/c8c44d1f9327baa4d27e9b1149cd71b3?s=96&d=mm&r=g\",\"contentUrl\":\"http:\\\/\\\/0.gravatar.com\\\/avatar\\\/c8c44d1f9327baa4d27e9b1149cd71b3?s=96&d=mm&r=g\",\"caption\":\"Z\u00e9 Beir\u00e3o\"},\"url\":\"http:\\\/\\\/obeirao.pt\\\/online\\\/author\\\/zebeirao\\\/\"}]}<\/script>\n<!-- \/ Yoast SEO plugin. -->","yoast_head_json":{"title":"COLIS\u00c3O PROVOCA UM MORTO E UM FERIDO LIGEIRO EM NELAS - Beir\u00e3o Online","robots":{"index":"index","follow":"follow","max-snippet":"max-snippet:-1","max-image-preview":"max-image-preview:large","max-video-preview":"max-video-preview:-1"},"canonical":"http:\/\/obeirao.pt\/online\/2019\/10\/31\/colisao-provoca-um-morto-e-um-ferido-ligeiro-em-nelas\/","og_locale":"pt_PT","og_type":"article","og_title":"COLIS\u00c3O PROVOCA UM MORTO E UM FERIDO LIGEIRO EM NELAS - Beir\u00e3o Online","og_description":"tempo de leitura: &lt; 1 minutoUma colis\u00e3o ocorrida hoje na Estrada Nacional (EN) 234, na Urgeiri\u00e7a, no concelho de Nelas, provocou um morto e um ferido ligeiro, disse \u00e0 ag\u00eancia [...]","og_url":"http:\/\/obeirao.pt\/online\/2019\/10\/31\/colisao-provoca-um-morto-e-um-ferido-ligeiro-em-nelas\/","og_site_name":"Beir\u00e3o Online","article_publisher":"https:\/\/pt-br.facebook.com\/pages\/Amigos-de-Tondela\/273620439973877","article_published_time":"2019-10-31T22:46:34+00:00","article_modified_time":"2021-03-18T10:13:26+00:00","og_image":[{"width":1024,"height":525,"url":"http:\/\/obeirao.pt\/online\/wp-content\/uploads\/2019\/10\/tvi24.iol_.pt_.jpg","type":"image\/jpeg"}],"author":"Z\u00e9 Beir\u00e3o","twitter_card":"summary_large_image","twitter_creator":"@JoaquimDuarteP2","twitter_site":"@JoaquimDuarteP2","twitter_misc":{"Escrito por":"Z\u00e9 Beir\u00e3o","Tempo estimado de leitura":"1 minuto"},"schema":{"@context":"https:\/\/schema.org","@graph":[{"@type":"Article","@id":"http:\/\/obeirao.pt\/online\/2019\/10\/31\/colisao-provoca-um-morto-e-um-ferido-ligeiro-em-nelas\/#article","isPartOf":{"@id":"http:\/\/obeirao.pt\/online\/2019\/10\/31\/colisao-provoca-um-morto-e-um-ferido-ligeiro-em-nelas\/"},"author":{"name":"Z\u00e9 Beir\u00e3o","@id":"http:\/\/obeirao.pt\/online\/#\/schema\/person\/efac69bb5a33873e1c1bb9c1165ff38c"},"headline":"COLIS\u00c3O PROVOCA UM MORTO E UM FERIDO LIGEIRO EM NELAS","datePublished":"2019-10-31T22:46:34+00:00","dateModified":"2021-03-18T10:13:26+00:00","mainEntityOfPage":{"@id":"http:\/\/obeirao.pt\/online\/2019\/10\/31\/colisao-provoca-um-morto-e-um-ferido-ligeiro-em-nelas\/"},"wordCount":113,"image":{"@id":"http:\/\/obeirao.pt\/online\/2019\/10\/31\/colisao-provoca-um-morto-e-um-ferido-ligeiro-em-nelas\/#primaryimage"},"thumbnailUrl":"http:\/\/obeirao.pt\/online\/wp-content\/uploads\/2019\/10\/tvi24.iol_.pt_.jpg","articleSection":["_Principal","Nelas","Regi\u00e3o"],"inLanguage":"pt-PT"},{"@type":"WebPage","@id":"http:\/\/obeirao.pt\/online\/2019\/10\/31\/colisao-provoca-um-morto-e-um-ferido-ligeiro-em-nelas\/","url":"http:\/\/obeirao.pt\/online\/2019\/10\/31\/colisao-provoca-um-morto-e-um-ferido-ligeiro-em-nelas\/","name":"COLIS\u00c3O PROVOCA UM MORTO E UM FERIDO LIGEIRO EM NELAS - Beir\u00e3o Online","isPartOf":{"@id":"http:\/\/obeirao.pt\/online\/#website"},"primaryImageOfPage":{"@id":"http:\/\/obeirao.pt\/online\/2019\/10\/31\/colisao-provoca-um-morto-e-um-ferido-ligeiro-em-nelas\/#primaryimage"},"image":{"@id":"http:\/\/obeirao.pt\/online\/2019\/10\/31\/colisao-provoca-um-morto-e-um-ferido-ligeiro-em-nelas\/#primaryimage"},"thumbnailUrl":"http:\/\/obeirao.pt\/online\/wp-content\/uploads\/2019\/10\/tvi24.iol_.pt_.jpg","datePublished":"2019-10-31T22:46:34+00:00","dateModified":"2021-03-18T10:13:26+00:00","author":{"@id":"http:\/\/obeirao.pt\/online\/#\/schema\/person\/efac69bb5a33873e1c1bb9c1165ff38c"},"breadcrumb":{"@id":"http:\/\/obeirao.pt\/online\/2019\/10\/31\/colisao-provoca-um-morto-e-um-ferido-ligeiro-em-nelas\/#breadcrumb"},"inLanguage":"pt-PT","potentialAction":[{"@type":"ReadAction","target":["http:\/\/obeirao.pt\/online\/2019\/10\/31\/colisao-provoca-um-morto-e-um-ferido-ligeiro-em-nelas\/"]}]},{"@type":"ImageObject","inLanguage":"pt-PT","@id":"http:\/\/obeirao.pt\/online\/2019\/10\/31\/colisao-provoca-um-morto-e-um-ferido-ligeiro-em-nelas\/#primaryimage","url":"http:\/\/obeirao.pt\/online\/wp-content\/uploads\/2019\/10\/tvi24.iol_.pt_.jpg","contentUrl":"http:\/\/obeirao.pt\/online\/wp-content\/uploads\/2019\/10\/tvi24.iol_.pt_.jpg","width":1024,"height":525},{"@type":"BreadcrumbList","@id":"http:\/\/obeirao.pt\/online\/2019\/10\/31\/colisao-provoca-um-morto-e-um-ferido-ligeiro-em-nelas\/#breadcrumb","itemListElement":[{"@type":"ListItem","position":1,"name":"Home","item":"http:\/\/obeirao.pt\/online\/"},{"@type":"ListItem","position":2,"name":"COLIS\u00c3O PROVOCA UM MORTO E UM FERIDO LIGEIRO EM NELAS"}]},{"@type":"WebSite","@id":"http:\/\/obeirao.pt\/online\/#website","url":"http:\/\/obeirao.pt\/online\/","name":"Beir\u00e3o Online","description":"www.obeirao.pt","potentialAction":[{"@type":"SearchAction","target":{"@type":"EntryPoint","urlTemplate":"http:\/\/obeirao.pt\/online\/?s={search_term_string}"},"query-input":{"@type":"PropertyValueSpecification","valueRequired":true,"valueName":"search_term_string"}}],"inLanguage":"pt-PT"},{"@type":"Person","@id":"http:\/\/obeirao.pt\/online\/#\/schema\/person\/efac69bb5a33873e1c1bb9c1165ff38c","name":"Z\u00e9 Beir\u00e3o","image":{"@type":"ImageObject","inLanguage":"pt-PT","@id":"http:\/\/0.gravatar.com\/avatar\/c8c44d1f9327baa4d27e9b1149cd71b3?s=96&d=mm&r=g","url":"http:\/\/0.gravatar.com\/avatar\/c8c44d1f9327baa4d27e9b1149cd71b3?s=96&d=mm&r=g","contentUrl":"http:\/\/0.gravatar.com\/avatar\/c8c44d1f9327baa4d27e9b1149cd71b3?s=96&d=mm&r=g","caption":"Z\u00e9 Beir\u00e3o"},"url":"http:\/\/obeirao.pt\/online\/author\/zebeirao\/"}]}},"_links":{"self":[{"href":"http:\/\/obeirao.pt\/online\/wp-json\/wp\/v2\/posts\/4095"}],"collection":[{"href":"http:\/\/obeirao.pt\/online\/wp-json\/wp\/v2\/posts"}],"about":[{"href":"http:\/\/obeirao.pt\/online\/wp-json\/wp\/v2\/types\/post"}],"author":[{"embeddable":true,"href":"http:\/\/obeirao.pt\/online\/wp-json\/wp\/v2\/users\/2"}],"replies":[{"embeddable":true,"href":"http:\/\/obeirao.pt\/online\/wp-json\/wp\/v2\/comments?post=4095"}],"version-history":[{"count":1,"href":"http:\/\/obeirao.pt\/online\/wp-json\/wp\/v2\/posts\/4095\/revisions"}],"predecessor-version":[{"id":4097,"href":"http:\/\/obeirao.pt\/online\/wp-json\/wp\/v2\/posts\/4095\/revisions\/4097"}],"wp:featuredmedia":[{"embeddable":true,"href":"http:\/\/obeirao.pt\/online\/wp-json\/wp\/v2\/media\/4096"}],"wp:attachment":[{"href":"http:\/\/obeirao.pt\/online\/wp-json\/wp\/v2\/media?parent=4095"}],"wp:term":[{"taxonomy":"category","embeddable":true,"href":"http:\/\/obeirao.pt\/online\/wp-json\/wp\/v2\/categories?post=4095"},{"taxonomy":"post_tag","embeddable":true,"href":"http:\/\/obeirao.pt\/online\/wp-json\/wp\/v2\/tags?post=4095"}],"curies":[{"name":"wp","href":"https:\/\/api.w.org\/{rel}","templated":true}]}}