{"id":4202,"date":"2019-11-25T18:40:02","date_gmt":"2019-11-25T18:40:02","guid":{"rendered":"http:\/\/obeirao.pt\/online\/?p=4202"},"modified":"2019-11-25T19:05:48","modified_gmt":"2019-11-25T19:05:48","slug":"infraestruturas-afectadas-pelos-incendios-com-obras-de-reabilitacao-pelo-municipio-de-tondela","status":"publish","type":"post","link":"http:\/\/obeirao.pt\/online\/2019\/11\/25\/infraestruturas-afectadas-pelos-incendios-com-obras-de-reabilitacao-pelo-municipio-de-tondela\/","title":{"rendered":"INFRAESTRUTURAS AFECTADAS PELOS INC\u00caNDIOS com obras de reabilita\u00e7\u00e3o pelo Munic\u00edpio de Tondela"},"content":{"rendered":"<span class=\"span-reading-time rt-reading-time\" style=\"display: block;\"><span class=\"rt-label rt-prefix\">tempo de leitura:<\/span> <span class=\"rt-time\"> 2<\/span> <span class=\"rt-label rt-postfix\">minutos<\/span><\/span><p><span style=\"font-size: 24pt\"><strong><span style=\"font-family: georgia, palatino, serif\"><a href=\"http:\/\/obeirao.pt\/online\/wp-content\/uploads\/2019\/11\/dois-milh\u00f5es-3.jpg\"><img loading=\"lazy\" decoding=\"async\" class=\"alignleft wp-image-4203 size-medium\" src=\"http:\/\/obeirao.pt\/online\/wp-content\/uploads\/2019\/11\/dois-milh\u00f5es-3-300x200.jpg\" alt=\"\" width=\"300\" height=\"200\" srcset=\"http:\/\/obeirao.pt\/online\/wp-content\/uploads\/2019\/11\/dois-milh\u00f5es-3-300x200.jpg 300w, http:\/\/obeirao.pt\/online\/wp-content\/uploads\/2019\/11\/dois-milh\u00f5es-3-768x512.jpg 768w, http:\/\/obeirao.pt\/online\/wp-content\/uploads\/2019\/11\/dois-milh\u00f5es-3.jpg 1024w, http:\/\/obeirao.pt\/online\/wp-content\/uploads\/2019\/11\/dois-milh\u00f5es-3-640x427.jpg 640w\" sizes=\"(max-width: 300px) 100vw, 300px\" \/><\/a><\/span><\/strong><\/span><span style=\"font-size: 18pt\"><strong><span style=\"font-family: georgia, palatino, serif\"><em>A C\u00e2mara Municipal de Tondela tem em curso um conjunto de trabalhos em v\u00e1rios locais do concelho, afectados pelos inc\u00eandios de Outubro de 2017, no \u00e2mbito de uma candidatura ao Fundo de Solidariedade da Uni\u00e3o Europeia.<\/em><\/span><\/strong><\/span><!--more--><\/p>\n<p><span style=\"font-size: 14pt\"><strong><span style=\"font-family: georgia, palatino, serif\"><a href=\"http:\/\/obeirao.pt\/online\/wp-content\/uploads\/2019\/11\/dois-milh\u00f5es-4.jpg\"><img loading=\"lazy\" decoding=\"async\" class=\"alignright wp-image-4205 size-medium\" src=\"http:\/\/obeirao.pt\/online\/wp-content\/uploads\/2019\/11\/dois-milh\u00f5es-4-300x200.jpg\" alt=\"\" width=\"300\" height=\"200\" srcset=\"http:\/\/obeirao.pt\/online\/wp-content\/uploads\/2019\/11\/dois-milh\u00f5es-4-300x200.jpg 300w, http:\/\/obeirao.pt\/online\/wp-content\/uploads\/2019\/11\/dois-milh\u00f5es-4-768x512.jpg 768w, http:\/\/obeirao.pt\/online\/wp-content\/uploads\/2019\/11\/dois-milh\u00f5es-4.jpg 1024w, http:\/\/obeirao.pt\/online\/wp-content\/uploads\/2019\/11\/dois-milh\u00f5es-4-640x427.jpg 640w\" sizes=\"(max-width: 300px) 100vw, 300px\" \/><\/a>O valor global das obras de reabilita\u00e7\u00e3o ultrapassa os 2 milh\u00f5es de euros e integra a reabilita\u00e7\u00e3o de infraestruturas v\u00e1rias, como a repara\u00e7\u00e3o da ex-EN 228 e da EM 623, em Caparrosa, que d\u00e1 acesso \u00e0 A25, a repara\u00e7\u00e3o da estrada de Canas de Santa Maria a Lob\u00e3o da Beira (CM 1497), apenas at\u00e9 \u00e0 entrada das habita\u00e7\u00f5es.<\/span><\/strong><\/span><\/p>\n<p><span style=\"font-size: 14pt\"><strong><span style=\"font-family: georgia, palatino, serif\"><a href=\"http:\/\/obeirao.pt\/online\/wp-content\/uploads\/2019\/11\/dois-milh\u00f5es-2.jpg\"><img loading=\"lazy\" decoding=\"async\" class=\"alignleft wp-image-4207 size-medium\" src=\"http:\/\/obeirao.pt\/online\/wp-content\/uploads\/2019\/11\/dois-milh\u00f5es-2-300x200.jpg\" alt=\"\" width=\"300\" height=\"200\" srcset=\"http:\/\/obeirao.pt\/online\/wp-content\/uploads\/2019\/11\/dois-milh\u00f5es-2-300x200.jpg 300w, http:\/\/obeirao.pt\/online\/wp-content\/uploads\/2019\/11\/dois-milh\u00f5es-2-768x512.jpg 768w, http:\/\/obeirao.pt\/online\/wp-content\/uploads\/2019\/11\/dois-milh\u00f5es-2.jpg 1024w, http:\/\/obeirao.pt\/online\/wp-content\/uploads\/2019\/11\/dois-milh\u00f5es-2-640x427.jpg 640w\" sizes=\"(max-width: 300px) 100vw, 300px\" \/><\/a>Em causa, est\u00e3o igualmente os moinhos de Souto Bom (em Caparrosa), em concreto o edif\u00edcio de acolhimento e as rampas de acesso, para al\u00e9m da recupera\u00e7\u00e3o do edif\u00edcio de acolhimento da Esta\u00e7\u00e3o de Arte Rupestre, em Molelinhos e ainda a zona da SMIR, na freguesia de Molelos, onde est\u00e1 a ser executado um muro de conten\u00e7\u00e3o do talude.<\/span><\/strong><\/span><\/p>\n<p><span style=\"font-size: 14pt\"><strong><span style=\"font-family: georgia, palatino, serif\">Durante a presente semana, est\u00e1 ainda prevista uma interven\u00e7\u00e3o no CM 1517 tro\u00e7o Arnosa \u2013 ER 228 e Arnosa CM 1525, para al\u00e9m da repara\u00e7\u00e3o da ER 337 no tro\u00e7o de Teomil- Sangemil.<\/span><\/strong><\/span><\/p>\n<p><span style=\"font-size: 14pt\"><strong><span style=\"font-family: georgia, palatino, serif\"><a href=\"http:\/\/obeirao.pt\/online\/wp-content\/uploads\/2019\/11\/a-esta\u00e7\u00e3o-rupestre-Molelinhos.jpg\"><img loading=\"lazy\" decoding=\"async\" class=\"alignright wp-image-4208 size-medium\" src=\"http:\/\/obeirao.pt\/online\/wp-content\/uploads\/2019\/11\/a-esta\u00e7\u00e3o-rupestre-Molelinhos-300x193.jpg\" alt=\"\" width=\"300\" height=\"193\" srcset=\"http:\/\/obeirao.pt\/online\/wp-content\/uploads\/2019\/11\/a-esta\u00e7\u00e3o-rupestre-Molelinhos-300x193.jpg 300w, http:\/\/obeirao.pt\/online\/wp-content\/uploads\/2019\/11\/a-esta\u00e7\u00e3o-rupestre-Molelinhos-768x494.jpg 768w, http:\/\/obeirao.pt\/online\/wp-content\/uploads\/2019\/11\/a-esta\u00e7\u00e3o-rupestre-Molelinhos.jpg 1024w, http:\/\/obeirao.pt\/online\/wp-content\/uploads\/2019\/11\/a-esta\u00e7\u00e3o-rupestre-Molelinhos-640x412.jpg 640w\" sizes=\"(max-width: 300px) 100vw, 300px\" \/><\/a>De acordo com o presidente da C\u00e2mara Municipal de Tondela, Jos\u00e9 Ant\u00f3nio de Jesus, encontra-se tamb\u00e9m no terreno, h\u00e1 cerca de 15 dias, a coloca\u00e7\u00e3o de guardas de seguran\u00e7a (rails) em muitas estradas do concelho.<\/span><\/strong><\/span><\/p>\n<p><span style=\"font-size: 14pt\"><strong><span style=\"font-family: georgia, palatino, serif\"><em>\u201cEsta \u00e9 uma opera\u00e7\u00e3o muito expressiva que se encontra em execu\u00e7\u00e3o em todo o concelho de Tondela. Tudo isto ultrapassa os 2 milh\u00f5es de euros, sendo que mais de meio milh\u00e3o de euros j\u00e1 foi executado e o restante encontra-se em execu\u00e7\u00e3o\u201d,<\/em> disse Jos\u00e9 Ant\u00f3nio de Jesus aos jornalistas, durante a visita realizada na manh\u00e3 desta \u00faltima sexta-feira (22 de Novembro) a v\u00e1rias obras em execu\u00e7\u00e3o.<\/span><\/strong><\/span><\/p>\n","protected":false},"excerpt":{"rendered":"<div class=\"mh-excerpt\"><span class=\"span-reading-time rt-reading-time\" style=\"display: block;\"><span class=\"rt-label rt-prefix\">tempo de leitura:<\/span> <span class=\"rt-time\"> 2<\/span> <span class=\"rt-label rt-postfix\">minutos<\/span><\/span>A C\u00e2mara Municipal de Tondela tem em curso um conjunto de trabalhos em v\u00e1rios locais do concelho, afectados pelos inc\u00eandios de Outubro de 2017, no <a class=\"mh-excerpt-more\" href=\"http:\/\/obeirao.pt\/online\/2019\/11\/25\/infraestruturas-afectadas-pelos-incendios-com-obras-de-reabilitacao-pelo-municipio-de-tondela\/\" title=\"INFRAESTRUTURAS AFECTADAS PELOS INC\u00caNDIOS com obras de reabilita\u00e7\u00e3o pelo Munic\u00edpio de Tondela\">[&#8230;]<\/a><\/div>\n","protected":false},"author":2,"featured_media":4203,"comment_status":"open","ping_status":"open","sticky":false,"template":"","format":"standard","meta":{"footnotes":""},"categories":[4,63],"tags":[],"class_list":["post-4202","post","type-post","status-publish","format-standard","has-post-thumbnail","hentry","category-regiao","category-tondela"],"yoast_head":"<!-- This site is optimized with the Yoast SEO plugin v27.4 - https:\/\/yoast.com\/product\/yoast-seo-wordpress\/ -->\n<title>INFRAESTRUTURAS AFECTADAS PELOS INC\u00caNDIOS com obras de reabilita\u00e7\u00e3o pelo Munic\u00edpio de Tondela - Beir\u00e3o Online<\/title>\n<meta name=\"robots\" content=\"index, follow, max-snippet:-1, max-image-preview:large, max-video-preview:-1\" \/>\n<link rel=\"canonical\" href=\"http:\/\/obeirao.pt\/online\/2019\/11\/25\/infraestruturas-afectadas-pelos-incendios-com-obras-de-reabilitacao-pelo-municipio-de-tondela\/\" \/>\n<meta property=\"og:locale\" content=\"pt_PT\" \/>\n<meta property=\"og:type\" content=\"article\" \/>\n<meta property=\"og:title\" content=\"INFRAESTRUTURAS AFECTADAS PELOS INC\u00caNDIOS com obras de reabilita\u00e7\u00e3o pelo Munic\u00edpio de Tondela - Beir\u00e3o Online\" \/>\n<meta property=\"og:description\" content=\"tempo de leitura: 2 minutosA C\u00e2mara Municipal de Tondela tem em curso um conjunto de trabalhos em v\u00e1rios locais do concelho, afectados pelos inc\u00eandios de Outubro de 2017, no [...]\" \/>\n<meta property=\"og:url\" content=\"http:\/\/obeirao.pt\/online\/2019\/11\/25\/infraestruturas-afectadas-pelos-incendios-com-obras-de-reabilitacao-pelo-municipio-de-tondela\/\" \/>\n<meta property=\"og:site_name\" content=\"Beir\u00e3o Online\" \/>\n<meta property=\"article:publisher\" content=\"https:\/\/pt-br.facebook.com\/pages\/Amigos-de-Tondela\/273620439973877\" \/>\n<meta property=\"article:published_time\" content=\"2019-11-25T18:40:02+00:00\" \/>\n<meta property=\"article:modified_time\" content=\"2019-11-25T19:05:48+00:00\" \/>\n<meta property=\"og:image\" content=\"http:\/\/obeirao.pt\/online\/wp-content\/uploads\/2019\/11\/dois-milh\u00f5es-3.jpg\" \/>\n\t<meta property=\"og:image:width\" content=\"1024\" \/>\n\t<meta property=\"og:image:height\" content=\"683\" \/>\n\t<meta property=\"og:image:type\" content=\"image\/jpeg\" \/>\n<meta name=\"author\" content=\"Z\u00e9 Beir\u00e3o\" \/>\n<meta name=\"twitter:card\" content=\"summary_large_image\" \/>\n<meta name=\"twitter:creator\" content=\"@JoaquimDuarteP2\" \/>\n<meta name=\"twitter:site\" content=\"@JoaquimDuarteP2\" \/>\n<meta name=\"twitter:label1\" content=\"Escrito por\" \/>\n\t<meta name=\"twitter:data1\" content=\"Z\u00e9 Beir\u00e3o\" \/>\n\t<meta name=\"twitter:label2\" content=\"Tempo estimado de leitura\" \/>\n\t<meta name=\"twitter:data2\" content=\"2 minutos\" \/>\n<script type=\"application\/ld+json\" class=\"yoast-schema-graph\">{\"@context\":\"https:\\\/\\\/schema.org\",\"@graph\":[{\"@type\":\"Article\",\"@id\":\"http:\\\/\\\/obeirao.pt\\\/online\\\/2019\\\/11\\\/25\\\/infraestruturas-afectadas-pelos-incendios-com-obras-de-reabilitacao-pelo-municipio-de-tondela\\\/#article\",\"isPartOf\":{\"@id\":\"http:\\\/\\\/obeirao.pt\\\/online\\\/2019\\\/11\\\/25\\\/infraestruturas-afectadas-pelos-incendios-com-obras-de-reabilitacao-pelo-municipio-de-tondela\\\/\"},\"author\":{\"name\":\"Z\u00e9 Beir\u00e3o\",\"@id\":\"http:\\\/\\\/obeirao.pt\\\/online\\\/#\\\/schema\\\/person\\\/efac69bb5a33873e1c1bb9c1165ff38c\"},\"headline\":\"INFRAESTRUTURAS AFECTADAS PELOS INC\u00caNDIOS com obras de reabilita\u00e7\u00e3o pelo Munic\u00edpio de Tondela\",\"datePublished\":\"2019-11-25T18:40:02+00:00\",\"dateModified\":\"2019-11-25T19:05:48+00:00\",\"mainEntityOfPage\":{\"@id\":\"http:\\\/\\\/obeirao.pt\\\/online\\\/2019\\\/11\\\/25\\\/infraestruturas-afectadas-pelos-incendios-com-obras-de-reabilitacao-pelo-municipio-de-tondela\\\/\"},\"wordCount\":322,\"commentCount\":0,\"image\":{\"@id\":\"http:\\\/\\\/obeirao.pt\\\/online\\\/2019\\\/11\\\/25\\\/infraestruturas-afectadas-pelos-incendios-com-obras-de-reabilitacao-pelo-municipio-de-tondela\\\/#primaryimage\"},\"thumbnailUrl\":\"http:\\\/\\\/obeirao.pt\\\/online\\\/wp-content\\\/uploads\\\/2019\\\/11\\\/dois-milh\u00f5es-3.jpg\",\"articleSection\":[\"Regi\u00e3o\",\"Tondela\"],\"inLanguage\":\"pt-PT\"},{\"@type\":\"WebPage\",\"@id\":\"http:\\\/\\\/obeirao.pt\\\/online\\\/2019\\\/11\\\/25\\\/infraestruturas-afectadas-pelos-incendios-com-obras-de-reabilitacao-pelo-municipio-de-tondela\\\/\",\"url\":\"http:\\\/\\\/obeirao.pt\\\/online\\\/2019\\\/11\\\/25\\\/infraestruturas-afectadas-pelos-incendios-com-obras-de-reabilitacao-pelo-municipio-de-tondela\\\/\",\"name\":\"INFRAESTRUTURAS AFECTADAS PELOS INC\u00caNDIOS com obras de reabilita\u00e7\u00e3o pelo Munic\u00edpio de Tondela - Beir\u00e3o Online\",\"isPartOf\":{\"@id\":\"http:\\\/\\\/obeirao.pt\\\/online\\\/#website\"},\"primaryImageOfPage\":{\"@id\":\"http:\\\/\\\/obeirao.pt\\\/online\\\/2019\\\/11\\\/25\\\/infraestruturas-afectadas-pelos-incendios-com-obras-de-reabilitacao-pelo-municipio-de-tondela\\\/#primaryimage\"},\"image\":{\"@id\":\"http:\\\/\\\/obeirao.pt\\\/online\\\/2019\\\/11\\\/25\\\/infraestruturas-afectadas-pelos-incendios-com-obras-de-reabilitacao-pelo-municipio-de-tondela\\\/#primaryimage\"},\"thumbnailUrl\":\"http:\\\/\\\/obeirao.pt\\\/online\\\/wp-content\\\/uploads\\\/2019\\\/11\\\/dois-milh\u00f5es-3.jpg\",\"datePublished\":\"2019-11-25T18:40:02+00:00\",\"dateModified\":\"2019-11-25T19:05:48+00:00\",\"author\":{\"@id\":\"http:\\\/\\\/obeirao.pt\\\/online\\\/#\\\/schema\\\/person\\\/efac69bb5a33873e1c1bb9c1165ff38c\"},\"breadcrumb\":{\"@id\":\"http:\\\/\\\/obeirao.pt\\\/online\\\/2019\\\/11\\\/25\\\/infraestruturas-afectadas-pelos-incendios-com-obras-de-reabilitacao-pelo-municipio-de-tondela\\\/#breadcrumb\"},\"inLanguage\":\"pt-PT\",\"potentialAction\":[{\"@type\":\"ReadAction\",\"target\":[\"http:\\\/\\\/obeirao.pt\\\/online\\\/2019\\\/11\\\/25\\\/infraestruturas-afectadas-pelos-incendios-com-obras-de-reabilitacao-pelo-municipio-de-tondela\\\/\"]}]},{\"@type\":\"ImageObject\",\"inLanguage\":\"pt-PT\",\"@id\":\"http:\\\/\\\/obeirao.pt\\\/online\\\/2019\\\/11\\\/25\\\/infraestruturas-afectadas-pelos-incendios-com-obras-de-reabilitacao-pelo-municipio-de-tondela\\\/#primaryimage\",\"url\":\"http:\\\/\\\/obeirao.pt\\\/online\\\/wp-content\\\/uploads\\\/2019\\\/11\\\/dois-milh\u00f5es-3.jpg\",\"contentUrl\":\"http:\\\/\\\/obeirao.pt\\\/online\\\/wp-content\\\/uploads\\\/2019\\\/11\\\/dois-milh\u00f5es-3.jpg\",\"width\":1024,\"height\":683},{\"@type\":\"BreadcrumbList\",\"@id\":\"http:\\\/\\\/obeirao.pt\\\/online\\\/2019\\\/11\\\/25\\\/infraestruturas-afectadas-pelos-incendios-com-obras-de-reabilitacao-pelo-municipio-de-tondela\\\/#breadcrumb\",\"itemListElement\":[{\"@type\":\"ListItem\",\"position\":1,\"name\":\"Home\",\"item\":\"http:\\\/\\\/obeirao.pt\\\/online\\\/\"},{\"@type\":\"ListItem\",\"position\":2,\"name\":\"INFRAESTRUTURAS AFECTADAS PELOS INC\u00caNDIOS com obras de reabilita\u00e7\u00e3o pelo Munic\u00edpio de Tondela\"}]},{\"@type\":\"WebSite\",\"@id\":\"http:\\\/\\\/obeirao.pt\\\/online\\\/#website\",\"url\":\"http:\\\/\\\/obeirao.pt\\\/online\\\/\",\"name\":\"Beir\u00e3o Online\",\"description\":\"www.obeirao.pt\",\"potentialAction\":[{\"@type\":\"SearchAction\",\"target\":{\"@type\":\"EntryPoint\",\"urlTemplate\":\"http:\\\/\\\/obeirao.pt\\\/online\\\/?s={search_term_string}\"},\"query-input\":{\"@type\":\"PropertyValueSpecification\",\"valueRequired\":true,\"valueName\":\"search_term_string\"}}],\"inLanguage\":\"pt-PT\"},{\"@type\":\"Person\",\"@id\":\"http:\\\/\\\/obeirao.pt\\\/online\\\/#\\\/schema\\\/person\\\/efac69bb5a33873e1c1bb9c1165ff38c\",\"name\":\"Z\u00e9 Beir\u00e3o\",\"image\":{\"@type\":\"ImageObject\",\"inLanguage\":\"pt-PT\",\"@id\":\"http:\\\/\\\/0.gravatar.com\\\/avatar\\\/c8c44d1f9327baa4d27e9b1149cd71b3?s=96&d=mm&r=g\",\"url\":\"http:\\\/\\\/0.gravatar.com\\\/avatar\\\/c8c44d1f9327baa4d27e9b1149cd71b3?s=96&d=mm&r=g\",\"contentUrl\":\"http:\\\/\\\/0.gravatar.com\\\/avatar\\\/c8c44d1f9327baa4d27e9b1149cd71b3?s=96&d=mm&r=g\",\"caption\":\"Z\u00e9 Beir\u00e3o\"},\"url\":\"http:\\\/\\\/obeirao.pt\\\/online\\\/author\\\/zebeirao\\\/\"}]}<\/script>\n<!-- \/ Yoast SEO plugin. -->","yoast_head_json":{"title":"INFRAESTRUTURAS AFECTADAS PELOS INC\u00caNDIOS com obras de reabilita\u00e7\u00e3o pelo Munic\u00edpio de Tondela - Beir\u00e3o Online","robots":{"index":"index","follow":"follow","max-snippet":"max-snippet:-1","max-image-preview":"max-image-preview:large","max-video-preview":"max-video-preview:-1"},"canonical":"http:\/\/obeirao.pt\/online\/2019\/11\/25\/infraestruturas-afectadas-pelos-incendios-com-obras-de-reabilitacao-pelo-municipio-de-tondela\/","og_locale":"pt_PT","og_type":"article","og_title":"INFRAESTRUTURAS AFECTADAS PELOS INC\u00caNDIOS com obras de reabilita\u00e7\u00e3o pelo Munic\u00edpio de Tondela - Beir\u00e3o Online","og_description":"tempo de leitura: 2 minutosA C\u00e2mara Municipal de Tondela tem em curso um conjunto de trabalhos em v\u00e1rios locais do concelho, afectados pelos inc\u00eandios de Outubro de 2017, no [...]","og_url":"http:\/\/obeirao.pt\/online\/2019\/11\/25\/infraestruturas-afectadas-pelos-incendios-com-obras-de-reabilitacao-pelo-municipio-de-tondela\/","og_site_name":"Beir\u00e3o Online","article_publisher":"https:\/\/pt-br.facebook.com\/pages\/Amigos-de-Tondela\/273620439973877","article_published_time":"2019-11-25T18:40:02+00:00","article_modified_time":"2019-11-25T19:05:48+00:00","og_image":[{"width":1024,"height":683,"url":"http:\/\/obeirao.pt\/online\/wp-content\/uploads\/2019\/11\/dois-milh\u00f5es-3.jpg","type":"image\/jpeg"}],"author":"Z\u00e9 Beir\u00e3o","twitter_card":"summary_large_image","twitter_creator":"@JoaquimDuarteP2","twitter_site":"@JoaquimDuarteP2","twitter_misc":{"Escrito por":"Z\u00e9 Beir\u00e3o","Tempo estimado de leitura":"2 minutos"},"schema":{"@context":"https:\/\/schema.org","@graph":[{"@type":"Article","@id":"http:\/\/obeirao.pt\/online\/2019\/11\/25\/infraestruturas-afectadas-pelos-incendios-com-obras-de-reabilitacao-pelo-municipio-de-tondela\/#article","isPartOf":{"@id":"http:\/\/obeirao.pt\/online\/2019\/11\/25\/infraestruturas-afectadas-pelos-incendios-com-obras-de-reabilitacao-pelo-municipio-de-tondela\/"},"author":{"name":"Z\u00e9 Beir\u00e3o","@id":"http:\/\/obeirao.pt\/online\/#\/schema\/person\/efac69bb5a33873e1c1bb9c1165ff38c"},"headline":"INFRAESTRUTURAS AFECTADAS PELOS INC\u00caNDIOS com obras de reabilita\u00e7\u00e3o pelo Munic\u00edpio de Tondela","datePublished":"2019-11-25T18:40:02+00:00","dateModified":"2019-11-25T19:05:48+00:00","mainEntityOfPage":{"@id":"http:\/\/obeirao.pt\/online\/2019\/11\/25\/infraestruturas-afectadas-pelos-incendios-com-obras-de-reabilitacao-pelo-municipio-de-tondela\/"},"wordCount":322,"commentCount":0,"image":{"@id":"http:\/\/obeirao.pt\/online\/2019\/11\/25\/infraestruturas-afectadas-pelos-incendios-com-obras-de-reabilitacao-pelo-municipio-de-tondela\/#primaryimage"},"thumbnailUrl":"http:\/\/obeirao.pt\/online\/wp-content\/uploads\/2019\/11\/dois-milh\u00f5es-3.jpg","articleSection":["Regi\u00e3o","Tondela"],"inLanguage":"pt-PT"},{"@type":"WebPage","@id":"http:\/\/obeirao.pt\/online\/2019\/11\/25\/infraestruturas-afectadas-pelos-incendios-com-obras-de-reabilitacao-pelo-municipio-de-tondela\/","url":"http:\/\/obeirao.pt\/online\/2019\/11\/25\/infraestruturas-afectadas-pelos-incendios-com-obras-de-reabilitacao-pelo-municipio-de-tondela\/","name":"INFRAESTRUTURAS AFECTADAS PELOS INC\u00caNDIOS com obras de reabilita\u00e7\u00e3o pelo Munic\u00edpio de Tondela - Beir\u00e3o Online","isPartOf":{"@id":"http:\/\/obeirao.pt\/online\/#website"},"primaryImageOfPage":{"@id":"http:\/\/obeirao.pt\/online\/2019\/11\/25\/infraestruturas-afectadas-pelos-incendios-com-obras-de-reabilitacao-pelo-municipio-de-tondela\/#primaryimage"},"image":{"@id":"http:\/\/obeirao.pt\/online\/2019\/11\/25\/infraestruturas-afectadas-pelos-incendios-com-obras-de-reabilitacao-pelo-municipio-de-tondela\/#primaryimage"},"thumbnailUrl":"http:\/\/obeirao.pt\/online\/wp-content\/uploads\/2019\/11\/dois-milh\u00f5es-3.jpg","datePublished":"2019-11-25T18:40:02+00:00","dateModified":"2019-11-25T19:05:48+00:00","author":{"@id":"http:\/\/obeirao.pt\/online\/#\/schema\/person\/efac69bb5a33873e1c1bb9c1165ff38c"},"breadcrumb":{"@id":"http:\/\/obeirao.pt\/online\/2019\/11\/25\/infraestruturas-afectadas-pelos-incendios-com-obras-de-reabilitacao-pelo-municipio-de-tondela\/#breadcrumb"},"inLanguage":"pt-PT","potentialAction":[{"@type":"ReadAction","target":["http:\/\/obeirao.pt\/online\/2019\/11\/25\/infraestruturas-afectadas-pelos-incendios-com-obras-de-reabilitacao-pelo-municipio-de-tondela\/"]}]},{"@type":"ImageObject","inLanguage":"pt-PT","@id":"http:\/\/obeirao.pt\/online\/2019\/11\/25\/infraestruturas-afectadas-pelos-incendios-com-obras-de-reabilitacao-pelo-municipio-de-tondela\/#primaryimage","url":"http:\/\/obeirao.pt\/online\/wp-content\/uploads\/2019\/11\/dois-milh\u00f5es-3.jpg","contentUrl":"http:\/\/obeirao.pt\/online\/wp-content\/uploads\/2019\/11\/dois-milh\u00f5es-3.jpg","width":1024,"height":683},{"@type":"BreadcrumbList","@id":"http:\/\/obeirao.pt\/online\/2019\/11\/25\/infraestruturas-afectadas-pelos-incendios-com-obras-de-reabilitacao-pelo-municipio-de-tondela\/#breadcrumb","itemListElement":[{"@type":"ListItem","position":1,"name":"Home","item":"http:\/\/obeirao.pt\/online\/"},{"@type":"ListItem","position":2,"name":"INFRAESTRUTURAS AFECTADAS PELOS INC\u00caNDIOS com obras de reabilita\u00e7\u00e3o pelo Munic\u00edpio de Tondela"}]},{"@type":"WebSite","@id":"http:\/\/obeirao.pt\/online\/#website","url":"http:\/\/obeirao.pt\/online\/","name":"Beir\u00e3o Online","description":"www.obeirao.pt","potentialAction":[{"@type":"SearchAction","target":{"@type":"EntryPoint","urlTemplate":"http:\/\/obeirao.pt\/online\/?s={search_term_string}"},"query-input":{"@type":"PropertyValueSpecification","valueRequired":true,"valueName":"search_term_string"}}],"inLanguage":"pt-PT"},{"@type":"Person","@id":"http:\/\/obeirao.pt\/online\/#\/schema\/person\/efac69bb5a33873e1c1bb9c1165ff38c","name":"Z\u00e9 Beir\u00e3o","image":{"@type":"ImageObject","inLanguage":"pt-PT","@id":"http:\/\/0.gravatar.com\/avatar\/c8c44d1f9327baa4d27e9b1149cd71b3?s=96&d=mm&r=g","url":"http:\/\/0.gravatar.com\/avatar\/c8c44d1f9327baa4d27e9b1149cd71b3?s=96&d=mm&r=g","contentUrl":"http:\/\/0.gravatar.com\/avatar\/c8c44d1f9327baa4d27e9b1149cd71b3?s=96&d=mm&r=g","caption":"Z\u00e9 Beir\u00e3o"},"url":"http:\/\/obeirao.pt\/online\/author\/zebeirao\/"}]}},"_links":{"self":[{"href":"http:\/\/obeirao.pt\/online\/wp-json\/wp\/v2\/posts\/4202"}],"collection":[{"href":"http:\/\/obeirao.pt\/online\/wp-json\/wp\/v2\/posts"}],"about":[{"href":"http:\/\/obeirao.pt\/online\/wp-json\/wp\/v2\/types\/post"}],"author":[{"embeddable":true,"href":"http:\/\/obeirao.pt\/online\/wp-json\/wp\/v2\/users\/2"}],"replies":[{"embeddable":true,"href":"http:\/\/obeirao.pt\/online\/wp-json\/wp\/v2\/comments?post=4202"}],"version-history":[{"count":3,"href":"http:\/\/obeirao.pt\/online\/wp-json\/wp\/v2\/posts\/4202\/revisions"}],"predecessor-version":[{"id":4209,"href":"http:\/\/obeirao.pt\/online\/wp-json\/wp\/v2\/posts\/4202\/revisions\/4209"}],"wp:featuredmedia":[{"embeddable":true,"href":"http:\/\/obeirao.pt\/online\/wp-json\/wp\/v2\/media\/4203"}],"wp:attachment":[{"href":"http:\/\/obeirao.pt\/online\/wp-json\/wp\/v2\/media?parent=4202"}],"wp:term":[{"taxonomy":"category","embeddable":true,"href":"http:\/\/obeirao.pt\/online\/wp-json\/wp\/v2\/categories?post=4202"},{"taxonomy":"post_tag","embeddable":true,"href":"http:\/\/obeirao.pt\/online\/wp-json\/wp\/v2\/tags?post=4202"}],"curies":[{"name":"wp","href":"https:\/\/api.w.org\/{rel}","templated":true}]}}