{"id":4262,"date":"2019-12-03T21:14:14","date_gmt":"2019-12-03T21:14:14","guid":{"rendered":"http:\/\/obeirao.pt\/online\/?p=4262"},"modified":"2019-12-03T21:25:28","modified_gmt":"2019-12-03T21:25:28","slug":"inauguracao-da-exposicao-de-ana-de-gonta-colaco-no-museu-terras-de-besteiros","status":"publish","type":"post","link":"http:\/\/obeirao.pt\/online\/2019\/12\/03\/inauguracao-da-exposicao-de-ana-de-gonta-colaco-no-museu-terras-de-besteiros\/","title":{"rendered":"INAUGURA\u00c7\u00c3O DA EXPOSI\u00c7\u00c3O DE ANA DE GONTA COLA\u00c7O no Museu Terras de Besteiros"},"content":{"rendered":"<span class=\"span-reading-time rt-reading-time\" style=\"display: block;\"><span class=\"rt-label rt-prefix\">tempo de leitura:<\/span> <span class=\"rt-time\"> 2<\/span> <span class=\"rt-label rt-postfix\">minutos<\/span><\/span><p><a href=\"http:\/\/obeirao.pt\/online\/wp-content\/uploads\/2019\/12\/DSC_0297.jpg\"><img loading=\"lazy\" decoding=\"async\" class=\"wp-image-4263 size-medium alignleft\" src=\"http:\/\/obeirao.pt\/online\/wp-content\/uploads\/2019\/12\/DSC_0297-300x164.jpg\" alt=\"\" width=\"300\" height=\"164\" srcset=\"http:\/\/obeirao.pt\/online\/wp-content\/uploads\/2019\/12\/DSC_0297-300x164.jpg 300w, http:\/\/obeirao.pt\/online\/wp-content\/uploads\/2019\/12\/DSC_0297-768x420.jpg 768w, http:\/\/obeirao.pt\/online\/wp-content\/uploads\/2019\/12\/DSC_0297.jpg 1024w, http:\/\/obeirao.pt\/online\/wp-content\/uploads\/2019\/12\/DSC_0297-640x350.jpg 640w\" sizes=\"(max-width: 300px) 100vw, 300px\" \/><\/a><\/p>\n<p><span style=\"font-family: georgia, palatino, serif\"><strong><em>A cerim\u00f3nia de inaugura\u00e7\u00e3o da exposi\u00e7\u00e3o intitulada &#8220;Ana de Gonta Cola\u00e7o&#8221; decorreu durante a tarde do dia 30 de Novembro, no Museu Terras de Besteiros, perante dezenas de convidados.<\/em><\/strong><\/span><\/p>\n<p><!--more--><\/p>\n<p><a href=\"http:\/\/obeirao.pt\/online\/wp-content\/uploads\/2019\/12\/DSC_0295.jpg\"><img loading=\"lazy\" decoding=\"async\" class=\"wp-image-4266 size-medium alignright\" src=\"http:\/\/obeirao.pt\/online\/wp-content\/uploads\/2019\/12\/DSC_0295-300x180.jpg\" alt=\"\" width=\"300\" height=\"180\" srcset=\"http:\/\/obeirao.pt\/online\/wp-content\/uploads\/2019\/12\/DSC_0295-300x180.jpg 300w, http:\/\/obeirao.pt\/online\/wp-content\/uploads\/2019\/12\/DSC_0295-768x461.jpg 768w, http:\/\/obeirao.pt\/online\/wp-content\/uploads\/2019\/12\/DSC_0295.jpg 1024w, http:\/\/obeirao.pt\/online\/wp-content\/uploads\/2019\/12\/DSC_0295-640x384.jpg 640w\" sizes=\"(max-width: 300px) 100vw, 300px\" \/><\/a><\/p>\n<p><span style=\"font-family: georgia, palatino, serif\"><strong>Nesta ocasi\u00e3o, o vereador da Cultura da C\u00e2mara Municipal de Tondela, Miguel Torres, real\u00e7ou o papel da importante mulher escultora que foi Ana de Gonta Cola\u00e7o, na primeira metade do s\u00e9culo XX.<\/strong><\/span><br \/>\n<span style=\"font-family: georgia, palatino, serif\"><strong><em>\u201cTrata- se de uma personagem fascinante que para al\u00e9m da escultura, se\u00a0destacou na luta pelos direitos da mulher no s\u00e9culo XX<\/em> \u201c, acrescentou.<\/strong><\/span><br \/>\n<span style=\"font-family: georgia, palatino, serif\"><strong>Esta mostra tem a particularidade de tomar lugar em dois n\u00facleos simult\u00e2neos, com o acervo art\u00edstico a ficar em exposi\u00e7\u00e3o no Museu Terras de Besteiros, enquanto que o acervo documental est\u00e1 patente na Biblioteca Municipal de Tondela.<\/strong><\/span><br \/>\n<span style=\"font-family: georgia, palatino, serif\"><strong>Contou com a curadoria da artista contempor\u00e2nea Ana P\u00e9rez-Quiroga, que fez uma visita guiada aos convidados e teve oportunidade de dar uma breve explica\u00e7\u00e3o sobre os retratos escult\u00f3ricos que est\u00e3o expostos.<\/strong><\/span><\/p>\n<p><a href=\"http:\/\/obeirao.pt\/online\/wp-content\/uploads\/2019\/12\/DSC_0294.jpg\"><img loading=\"lazy\" decoding=\"async\" class=\"wp-image-4268 alignleft\" src=\"http:\/\/obeirao.pt\/online\/wp-content\/uploads\/2019\/12\/DSC_0294-300x177.jpg\" alt=\"\" width=\"359\" height=\"212\" srcset=\"http:\/\/obeirao.pt\/online\/wp-content\/uploads\/2019\/12\/DSC_0294-300x177.jpg 300w, http:\/\/obeirao.pt\/online\/wp-content\/uploads\/2019\/12\/DSC_0294-768x454.jpg 768w, http:\/\/obeirao.pt\/online\/wp-content\/uploads\/2019\/12\/DSC_0294.jpg 1024w, http:\/\/obeirao.pt\/online\/wp-content\/uploads\/2019\/12\/DSC_0294-640x379.jpg 640w\" sizes=\"(max-width: 359px) 100vw, 359px\" \/><\/a><\/p>\n<p><span style=\"font-family: georgia, palatino, serif\"><strong>Estas s\u00e3o pe\u00e7as que pertencem ao esp\u00f3lio da Biblioteca Municipal de Tondela, tendo o seu dep\u00f3sito sido feito por Maria Cristina, irm\u00e3 da escultora Ana de Gonta Cola\u00e7o.<\/strong><\/span><\/p>\n<p><span style=\"font-family: georgia, palatino, serif\"><strong><em>\u201cEsta exposi\u00e7\u00e3o n\u00e3o \u00e9 s\u00f3 para mostrar obras, mas mostr\u00e1-las num di\u00e1logo, com o meu trabalho. Um di\u00e1logo com \u2018esculturas-m\u00f3vel\u2019, para criar ambiente como pensamos que poderia ter sido o atelier de Ana de Gonta Cola\u00e7o\u201d,<\/em> referiu.<\/strong><\/span><br \/>\n<span style=\"font-family: georgia, palatino, serif\"><strong><img loading=\"lazy\" decoding=\"async\" class=\"size-medium wp-image-4222 alignright\" src=\"http:\/\/obeirao.pt\/online\/wp-content\/uploads\/2019\/11\/Ana-de-Gonta-Cola\u00e7o-2-238x300.jpeg\" alt=\"\" width=\"238\" height=\"300\" srcset=\"http:\/\/obeirao.pt\/online\/wp-content\/uploads\/2019\/11\/Ana-de-Gonta-Cola\u00e7o-2-238x300.jpeg 238w, http:\/\/obeirao.pt\/online\/wp-content\/uploads\/2019\/11\/Ana-de-Gonta-Cola\u00e7o-2-768x969.jpeg 768w, http:\/\/obeirao.pt\/online\/wp-content\/uploads\/2019\/11\/Ana-de-Gonta-Cola\u00e7o-2.jpeg 811w, http:\/\/obeirao.pt\/online\/wp-content\/uploads\/2019\/11\/Ana-de-Gonta-Cola\u00e7o-2-640x808.jpeg 640w\" sizes=\"(max-width: 238px) 100vw, 238px\" \/>A exposi\u00e7\u00e3o de Ana de Gonta Cola\u00e7o poder\u00e1 ser visitada at\u00e9 ao dia \u202a08 de Mar\u00e7o de 2020.<\/strong><\/span><\/p>\n<p><span style=\"font-family: georgia, palatino, serif\"><strong>Ana de Gonta Cola\u00e7o foi uma artista portuguesa, que viveu na primeira metade do s\u00e9c. XX e que se dedicou sobretudo \u00e0 escultura. Era neta do ilustre poeta e estadista Tom\u00e1s Ribeiro, que foi presidente da C\u00e2mara Municipal de Tondela e filha de Jorge Cola\u00e7o, famoso ceramista e Branca de Gonta Cola\u00e7o.<\/strong><\/span><\/p>\n<p><span style=\"font-family: georgia, palatino, serif\"><strong>A sua liga\u00e7\u00e3o a Tondela relaciona-se sobretudo com a povoa\u00e7\u00e3o de Parada de Gonta, terra natal do seu av\u00f4 e aldeia onde escolheu viver os \u00faltimos anos da sua vida.<\/strong><\/span><\/p>\n<p>&nbsp;<\/p>\n","protected":false},"excerpt":{"rendered":"<div class=\"mh-excerpt\"><span class=\"span-reading-time rt-reading-time\" style=\"display: block;\"><span class=\"rt-label rt-prefix\">tempo de leitura:<\/span> <span class=\"rt-time\"> 2<\/span> <span class=\"rt-label rt-postfix\">minutos<\/span><\/span>A cerim\u00f3nia de inaugura\u00e7\u00e3o da exposi\u00e7\u00e3o intitulada &#8220;Ana de Gonta Cola\u00e7o&#8221; decorreu durante a tarde do dia 30 de Novembro, no Museu Terras de Besteiros, <a class=\"mh-excerpt-more\" href=\"http:\/\/obeirao.pt\/online\/2019\/12\/03\/inauguracao-da-exposicao-de-ana-de-gonta-colaco-no-museu-terras-de-besteiros\/\" title=\"INAUGURA\u00c7\u00c3O DA EXPOSI\u00c7\u00c3O DE ANA DE GONTA COLA\u00c7O no Museu Terras de Besteiros\">[&#8230;]<\/a><\/div>\n","protected":false},"author":2,"featured_media":4263,"comment_status":"open","ping_status":"open","sticky":false,"template":"","format":"standard","meta":{"footnotes":""},"categories":[2,5,4,63],"tags":[],"class_list":["post-4262","post","type-post","status-publish","format-standard","has-post-thumbnail","hentry","category-principal","category-cidade","category-regiao","category-tondela"],"yoast_head":"<!-- This site is optimized with the Yoast SEO plugin v27.4 - https:\/\/yoast.com\/product\/yoast-seo-wordpress\/ -->\n<title>INAUGURA\u00c7\u00c3O DA EXPOSI\u00c7\u00c3O DE ANA DE GONTA COLA\u00c7O no Museu Terras de Besteiros - Beir\u00e3o Online<\/title>\n<meta name=\"robots\" content=\"index, follow, max-snippet:-1, max-image-preview:large, max-video-preview:-1\" \/>\n<link rel=\"canonical\" href=\"https:\/\/obeirao.pt\/online\/2019\/12\/03\/inauguracao-da-exposicao-de-ana-de-gonta-colaco-no-museu-terras-de-besteiros\/\" \/>\n<meta property=\"og:locale\" content=\"pt_PT\" \/>\n<meta property=\"og:type\" content=\"article\" \/>\n<meta property=\"og:title\" content=\"INAUGURA\u00c7\u00c3O DA EXPOSI\u00c7\u00c3O DE ANA DE GONTA COLA\u00c7O no Museu Terras de Besteiros - Beir\u00e3o Online\" \/>\n<meta property=\"og:description\" content=\"tempo de leitura: 2 minutosA cerim\u00f3nia de inaugura\u00e7\u00e3o da exposi\u00e7\u00e3o intitulada &#8220;Ana de Gonta Cola\u00e7o&#8221; decorreu durante a tarde do dia 30 de Novembro, no Museu Terras de Besteiros, [...]\" \/>\n<meta property=\"og:url\" content=\"https:\/\/obeirao.pt\/online\/2019\/12\/03\/inauguracao-da-exposicao-de-ana-de-gonta-colaco-no-museu-terras-de-besteiros\/\" \/>\n<meta property=\"og:site_name\" content=\"Beir\u00e3o Online\" \/>\n<meta property=\"article:publisher\" content=\"https:\/\/pt-br.facebook.com\/pages\/Amigos-de-Tondela\/273620439973877\" \/>\n<meta property=\"article:published_time\" content=\"2019-12-03T21:14:14+00:00\" \/>\n<meta property=\"article:modified_time\" content=\"2019-12-03T21:25:28+00:00\" \/>\n<meta property=\"og:image\" content=\"https:\/\/obeirao.pt\/online\/wp-content\/uploads\/2019\/12\/DSC_0297.jpg\" \/>\n\t<meta property=\"og:image:width\" content=\"1024\" \/>\n\t<meta property=\"og:image:height\" content=\"560\" \/>\n\t<meta property=\"og:image:type\" content=\"image\/jpeg\" \/>\n<meta name=\"author\" content=\"Z\u00e9 Beir\u00e3o\" \/>\n<meta name=\"twitter:card\" content=\"summary_large_image\" \/>\n<meta name=\"twitter:creator\" content=\"@JoaquimDuarteP2\" \/>\n<meta name=\"twitter:site\" content=\"@JoaquimDuarteP2\" \/>\n<meta name=\"twitter:label1\" content=\"Escrito por\" \/>\n\t<meta name=\"twitter:data1\" content=\"Z\u00e9 Beir\u00e3o\" \/>\n\t<meta name=\"twitter:label2\" content=\"Tempo estimado de leitura\" \/>\n\t<meta name=\"twitter:data2\" content=\"2 minutos\" \/>\n<script type=\"application\/ld+json\" class=\"yoast-schema-graph\">{\"@context\":\"https:\\\/\\\/schema.org\",\"@graph\":[{\"@type\":\"Article\",\"@id\":\"https:\\\/\\\/obeirao.pt\\\/online\\\/2019\\\/12\\\/03\\\/inauguracao-da-exposicao-de-ana-de-gonta-colaco-no-museu-terras-de-besteiros\\\/#article\",\"isPartOf\":{\"@id\":\"https:\\\/\\\/obeirao.pt\\\/online\\\/2019\\\/12\\\/03\\\/inauguracao-da-exposicao-de-ana-de-gonta-colaco-no-museu-terras-de-besteiros\\\/\"},\"author\":{\"name\":\"Z\u00e9 Beir\u00e3o\",\"@id\":\"https:\\\/\\\/obeirao.pt\\\/online\\\/#\\\/schema\\\/person\\\/efac69bb5a33873e1c1bb9c1165ff38c\"},\"headline\":\"INAUGURA\u00c7\u00c3O DA EXPOSI\u00c7\u00c3O DE ANA DE GONTA COLA\u00c7O no Museu Terras de Besteiros\",\"datePublished\":\"2019-12-03T21:14:14+00:00\",\"dateModified\":\"2019-12-03T21:25:28+00:00\",\"mainEntityOfPage\":{\"@id\":\"https:\\\/\\\/obeirao.pt\\\/online\\\/2019\\\/12\\\/03\\\/inauguracao-da-exposicao-de-ana-de-gonta-colaco-no-museu-terras-de-besteiros\\\/\"},\"wordCount\":372,\"commentCount\":0,\"image\":{\"@id\":\"https:\\\/\\\/obeirao.pt\\\/online\\\/2019\\\/12\\\/03\\\/inauguracao-da-exposicao-de-ana-de-gonta-colaco-no-museu-terras-de-besteiros\\\/#primaryimage\"},\"thumbnailUrl\":\"http:\\\/\\\/obeirao.pt\\\/online\\\/wp-content\\\/uploads\\\/2019\\\/12\\\/DSC_0297.jpg\",\"articleSection\":[\"_Principal\",\"Cidade\",\"Regi\u00e3o\",\"Tondela\"],\"inLanguage\":\"pt-PT\"},{\"@type\":\"WebPage\",\"@id\":\"https:\\\/\\\/obeirao.pt\\\/online\\\/2019\\\/12\\\/03\\\/inauguracao-da-exposicao-de-ana-de-gonta-colaco-no-museu-terras-de-besteiros\\\/\",\"url\":\"https:\\\/\\\/obeirao.pt\\\/online\\\/2019\\\/12\\\/03\\\/inauguracao-da-exposicao-de-ana-de-gonta-colaco-no-museu-terras-de-besteiros\\\/\",\"name\":\"INAUGURA\u00c7\u00c3O DA EXPOSI\u00c7\u00c3O DE ANA DE GONTA COLA\u00c7O no Museu Terras de Besteiros - Beir\u00e3o Online\",\"isPartOf\":{\"@id\":\"https:\\\/\\\/obeirao.pt\\\/online\\\/#website\"},\"primaryImageOfPage\":{\"@id\":\"https:\\\/\\\/obeirao.pt\\\/online\\\/2019\\\/12\\\/03\\\/inauguracao-da-exposicao-de-ana-de-gonta-colaco-no-museu-terras-de-besteiros\\\/#primaryimage\"},\"image\":{\"@id\":\"https:\\\/\\\/obeirao.pt\\\/online\\\/2019\\\/12\\\/03\\\/inauguracao-da-exposicao-de-ana-de-gonta-colaco-no-museu-terras-de-besteiros\\\/#primaryimage\"},\"thumbnailUrl\":\"http:\\\/\\\/obeirao.pt\\\/online\\\/wp-content\\\/uploads\\\/2019\\\/12\\\/DSC_0297.jpg\",\"datePublished\":\"2019-12-03T21:14:14+00:00\",\"dateModified\":\"2019-12-03T21:25:28+00:00\",\"author\":{\"@id\":\"https:\\\/\\\/obeirao.pt\\\/online\\\/#\\\/schema\\\/person\\\/efac69bb5a33873e1c1bb9c1165ff38c\"},\"breadcrumb\":{\"@id\":\"https:\\\/\\\/obeirao.pt\\\/online\\\/2019\\\/12\\\/03\\\/inauguracao-da-exposicao-de-ana-de-gonta-colaco-no-museu-terras-de-besteiros\\\/#breadcrumb\"},\"inLanguage\":\"pt-PT\",\"potentialAction\":[{\"@type\":\"ReadAction\",\"target\":[\"https:\\\/\\\/obeirao.pt\\\/online\\\/2019\\\/12\\\/03\\\/inauguracao-da-exposicao-de-ana-de-gonta-colaco-no-museu-terras-de-besteiros\\\/\"]}]},{\"@type\":\"ImageObject\",\"inLanguage\":\"pt-PT\",\"@id\":\"https:\\\/\\\/obeirao.pt\\\/online\\\/2019\\\/12\\\/03\\\/inauguracao-da-exposicao-de-ana-de-gonta-colaco-no-museu-terras-de-besteiros\\\/#primaryimage\",\"url\":\"http:\\\/\\\/obeirao.pt\\\/online\\\/wp-content\\\/uploads\\\/2019\\\/12\\\/DSC_0297.jpg\",\"contentUrl\":\"http:\\\/\\\/obeirao.pt\\\/online\\\/wp-content\\\/uploads\\\/2019\\\/12\\\/DSC_0297.jpg\",\"width\":1024,\"height\":560,\"caption\":\"????????????????????????????????????\"},{\"@type\":\"BreadcrumbList\",\"@id\":\"https:\\\/\\\/obeirao.pt\\\/online\\\/2019\\\/12\\\/03\\\/inauguracao-da-exposicao-de-ana-de-gonta-colaco-no-museu-terras-de-besteiros\\\/#breadcrumb\",\"itemListElement\":[{\"@type\":\"ListItem\",\"position\":1,\"name\":\"Home\",\"item\":\"https:\\\/\\\/obeirao.pt\\\/online\\\/\"},{\"@type\":\"ListItem\",\"position\":2,\"name\":\"INAUGURA\u00c7\u00c3O DA EXPOSI\u00c7\u00c3O DE ANA DE GONTA COLA\u00c7O no Museu Terras de Besteiros\"}]},{\"@type\":\"WebSite\",\"@id\":\"https:\\\/\\\/obeirao.pt\\\/online\\\/#website\",\"url\":\"https:\\\/\\\/obeirao.pt\\\/online\\\/\",\"name\":\"Beir\u00e3o Online\",\"description\":\"www.obeirao.pt\",\"potentialAction\":[{\"@type\":\"SearchAction\",\"target\":{\"@type\":\"EntryPoint\",\"urlTemplate\":\"https:\\\/\\\/obeirao.pt\\\/online\\\/?s={search_term_string}\"},\"query-input\":{\"@type\":\"PropertyValueSpecification\",\"valueRequired\":true,\"valueName\":\"search_term_string\"}}],\"inLanguage\":\"pt-PT\"},{\"@type\":\"Person\",\"@id\":\"https:\\\/\\\/obeirao.pt\\\/online\\\/#\\\/schema\\\/person\\\/efac69bb5a33873e1c1bb9c1165ff38c\",\"name\":\"Z\u00e9 Beir\u00e3o\",\"image\":{\"@type\":\"ImageObject\",\"inLanguage\":\"pt-PT\",\"@id\":\"http:\\\/\\\/0.gravatar.com\\\/avatar\\\/c8c44d1f9327baa4d27e9b1149cd71b3?s=96&d=mm&r=g\",\"url\":\"http:\\\/\\\/0.gravatar.com\\\/avatar\\\/c8c44d1f9327baa4d27e9b1149cd71b3?s=96&d=mm&r=g\",\"contentUrl\":\"http:\\\/\\\/0.gravatar.com\\\/avatar\\\/c8c44d1f9327baa4d27e9b1149cd71b3?s=96&d=mm&r=g\",\"caption\":\"Z\u00e9 Beir\u00e3o\"},\"url\":\"http:\\\/\\\/obeirao.pt\\\/online\\\/author\\\/zebeirao\\\/\"}]}<\/script>\n<!-- \/ Yoast SEO plugin. -->","yoast_head_json":{"title":"INAUGURA\u00c7\u00c3O DA EXPOSI\u00c7\u00c3O DE ANA DE GONTA COLA\u00c7O no Museu Terras de Besteiros - Beir\u00e3o Online","robots":{"index":"index","follow":"follow","max-snippet":"max-snippet:-1","max-image-preview":"max-image-preview:large","max-video-preview":"max-video-preview:-1"},"canonical":"https:\/\/obeirao.pt\/online\/2019\/12\/03\/inauguracao-da-exposicao-de-ana-de-gonta-colaco-no-museu-terras-de-besteiros\/","og_locale":"pt_PT","og_type":"article","og_title":"INAUGURA\u00c7\u00c3O DA EXPOSI\u00c7\u00c3O DE ANA DE GONTA COLA\u00c7O no Museu Terras de Besteiros - Beir\u00e3o Online","og_description":"tempo de leitura: 2 minutosA cerim\u00f3nia de inaugura\u00e7\u00e3o da exposi\u00e7\u00e3o intitulada &#8220;Ana de Gonta Cola\u00e7o&#8221; decorreu durante a tarde do dia 30 de Novembro, no Museu Terras de Besteiros, [...]","og_url":"https:\/\/obeirao.pt\/online\/2019\/12\/03\/inauguracao-da-exposicao-de-ana-de-gonta-colaco-no-museu-terras-de-besteiros\/","og_site_name":"Beir\u00e3o Online","article_publisher":"https:\/\/pt-br.facebook.com\/pages\/Amigos-de-Tondela\/273620439973877","article_published_time":"2019-12-03T21:14:14+00:00","article_modified_time":"2019-12-03T21:25:28+00:00","og_image":[{"width":1024,"height":560,"url":"https:\/\/obeirao.pt\/online\/wp-content\/uploads\/2019\/12\/DSC_0297.jpg","type":"image\/jpeg"}],"author":"Z\u00e9 Beir\u00e3o","twitter_card":"summary_large_image","twitter_creator":"@JoaquimDuarteP2","twitter_site":"@JoaquimDuarteP2","twitter_misc":{"Escrito por":"Z\u00e9 Beir\u00e3o","Tempo estimado de leitura":"2 minutos"},"schema":{"@context":"https:\/\/schema.org","@graph":[{"@type":"Article","@id":"https:\/\/obeirao.pt\/online\/2019\/12\/03\/inauguracao-da-exposicao-de-ana-de-gonta-colaco-no-museu-terras-de-besteiros\/#article","isPartOf":{"@id":"https:\/\/obeirao.pt\/online\/2019\/12\/03\/inauguracao-da-exposicao-de-ana-de-gonta-colaco-no-museu-terras-de-besteiros\/"},"author":{"name":"Z\u00e9 Beir\u00e3o","@id":"https:\/\/obeirao.pt\/online\/#\/schema\/person\/efac69bb5a33873e1c1bb9c1165ff38c"},"headline":"INAUGURA\u00c7\u00c3O DA EXPOSI\u00c7\u00c3O DE ANA DE GONTA COLA\u00c7O no Museu Terras de Besteiros","datePublished":"2019-12-03T21:14:14+00:00","dateModified":"2019-12-03T21:25:28+00:00","mainEntityOfPage":{"@id":"https:\/\/obeirao.pt\/online\/2019\/12\/03\/inauguracao-da-exposicao-de-ana-de-gonta-colaco-no-museu-terras-de-besteiros\/"},"wordCount":372,"commentCount":0,"image":{"@id":"https:\/\/obeirao.pt\/online\/2019\/12\/03\/inauguracao-da-exposicao-de-ana-de-gonta-colaco-no-museu-terras-de-besteiros\/#primaryimage"},"thumbnailUrl":"http:\/\/obeirao.pt\/online\/wp-content\/uploads\/2019\/12\/DSC_0297.jpg","articleSection":["_Principal","Cidade","Regi\u00e3o","Tondela"],"inLanguage":"pt-PT"},{"@type":"WebPage","@id":"https:\/\/obeirao.pt\/online\/2019\/12\/03\/inauguracao-da-exposicao-de-ana-de-gonta-colaco-no-museu-terras-de-besteiros\/","url":"https:\/\/obeirao.pt\/online\/2019\/12\/03\/inauguracao-da-exposicao-de-ana-de-gonta-colaco-no-museu-terras-de-besteiros\/","name":"INAUGURA\u00c7\u00c3O DA EXPOSI\u00c7\u00c3O DE ANA DE GONTA COLA\u00c7O no Museu Terras de Besteiros - Beir\u00e3o Online","isPartOf":{"@id":"https:\/\/obeirao.pt\/online\/#website"},"primaryImageOfPage":{"@id":"https:\/\/obeirao.pt\/online\/2019\/12\/03\/inauguracao-da-exposicao-de-ana-de-gonta-colaco-no-museu-terras-de-besteiros\/#primaryimage"},"image":{"@id":"https:\/\/obeirao.pt\/online\/2019\/12\/03\/inauguracao-da-exposicao-de-ana-de-gonta-colaco-no-museu-terras-de-besteiros\/#primaryimage"},"thumbnailUrl":"http:\/\/obeirao.pt\/online\/wp-content\/uploads\/2019\/12\/DSC_0297.jpg","datePublished":"2019-12-03T21:14:14+00:00","dateModified":"2019-12-03T21:25:28+00:00","author":{"@id":"https:\/\/obeirao.pt\/online\/#\/schema\/person\/efac69bb5a33873e1c1bb9c1165ff38c"},"breadcrumb":{"@id":"https:\/\/obeirao.pt\/online\/2019\/12\/03\/inauguracao-da-exposicao-de-ana-de-gonta-colaco-no-museu-terras-de-besteiros\/#breadcrumb"},"inLanguage":"pt-PT","potentialAction":[{"@type":"ReadAction","target":["https:\/\/obeirao.pt\/online\/2019\/12\/03\/inauguracao-da-exposicao-de-ana-de-gonta-colaco-no-museu-terras-de-besteiros\/"]}]},{"@type":"ImageObject","inLanguage":"pt-PT","@id":"https:\/\/obeirao.pt\/online\/2019\/12\/03\/inauguracao-da-exposicao-de-ana-de-gonta-colaco-no-museu-terras-de-besteiros\/#primaryimage","url":"http:\/\/obeirao.pt\/online\/wp-content\/uploads\/2019\/12\/DSC_0297.jpg","contentUrl":"http:\/\/obeirao.pt\/online\/wp-content\/uploads\/2019\/12\/DSC_0297.jpg","width":1024,"height":560,"caption":"????????????????????????????????????"},{"@type":"BreadcrumbList","@id":"https:\/\/obeirao.pt\/online\/2019\/12\/03\/inauguracao-da-exposicao-de-ana-de-gonta-colaco-no-museu-terras-de-besteiros\/#breadcrumb","itemListElement":[{"@type":"ListItem","position":1,"name":"Home","item":"https:\/\/obeirao.pt\/online\/"},{"@type":"ListItem","position":2,"name":"INAUGURA\u00c7\u00c3O DA EXPOSI\u00c7\u00c3O DE ANA DE GONTA COLA\u00c7O no Museu Terras de Besteiros"}]},{"@type":"WebSite","@id":"https:\/\/obeirao.pt\/online\/#website","url":"https:\/\/obeirao.pt\/online\/","name":"Beir\u00e3o Online","description":"www.obeirao.pt","potentialAction":[{"@type":"SearchAction","target":{"@type":"EntryPoint","urlTemplate":"https:\/\/obeirao.pt\/online\/?s={search_term_string}"},"query-input":{"@type":"PropertyValueSpecification","valueRequired":true,"valueName":"search_term_string"}}],"inLanguage":"pt-PT"},{"@type":"Person","@id":"https:\/\/obeirao.pt\/online\/#\/schema\/person\/efac69bb5a33873e1c1bb9c1165ff38c","name":"Z\u00e9 Beir\u00e3o","image":{"@type":"ImageObject","inLanguage":"pt-PT","@id":"http:\/\/0.gravatar.com\/avatar\/c8c44d1f9327baa4d27e9b1149cd71b3?s=96&d=mm&r=g","url":"http:\/\/0.gravatar.com\/avatar\/c8c44d1f9327baa4d27e9b1149cd71b3?s=96&d=mm&r=g","contentUrl":"http:\/\/0.gravatar.com\/avatar\/c8c44d1f9327baa4d27e9b1149cd71b3?s=96&d=mm&r=g","caption":"Z\u00e9 Beir\u00e3o"},"url":"http:\/\/obeirao.pt\/online\/author\/zebeirao\/"}]}},"_links":{"self":[{"href":"http:\/\/obeirao.pt\/online\/wp-json\/wp\/v2\/posts\/4262"}],"collection":[{"href":"http:\/\/obeirao.pt\/online\/wp-json\/wp\/v2\/posts"}],"about":[{"href":"http:\/\/obeirao.pt\/online\/wp-json\/wp\/v2\/types\/post"}],"author":[{"embeddable":true,"href":"http:\/\/obeirao.pt\/online\/wp-json\/wp\/v2\/users\/2"}],"replies":[{"embeddable":true,"href":"http:\/\/obeirao.pt\/online\/wp-json\/wp\/v2\/comments?post=4262"}],"version-history":[{"count":7,"href":"http:\/\/obeirao.pt\/online\/wp-json\/wp\/v2\/posts\/4262\/revisions"}],"predecessor-version":[{"id":4272,"href":"http:\/\/obeirao.pt\/online\/wp-json\/wp\/v2\/posts\/4262\/revisions\/4272"}],"wp:featuredmedia":[{"embeddable":true,"href":"http:\/\/obeirao.pt\/online\/wp-json\/wp\/v2\/media\/4263"}],"wp:attachment":[{"href":"http:\/\/obeirao.pt\/online\/wp-json\/wp\/v2\/media?parent=4262"}],"wp:term":[{"taxonomy":"category","embeddable":true,"href":"http:\/\/obeirao.pt\/online\/wp-json\/wp\/v2\/categories?post=4262"},{"taxonomy":"post_tag","embeddable":true,"href":"http:\/\/obeirao.pt\/online\/wp-json\/wp\/v2\/tags?post=4262"}],"curies":[{"name":"wp","href":"https:\/\/api.w.org\/{rel}","templated":true}]}}