{"id":4312,"date":"2019-12-10T22:02:32","date_gmt":"2019-12-10T22:02:32","guid":{"rendered":"http:\/\/obeirao.pt\/online\/?p=4312"},"modified":"2019-12-10T22:08:48","modified_gmt":"2019-12-10T22:08:48","slug":"criancas-das-escolas-plantam-cerca-de-600-carvalhos-alvarinho-em-molelos","status":"publish","type":"post","link":"http:\/\/obeirao.pt\/online\/2019\/12\/10\/criancas-das-escolas-plantam-cerca-de-600-carvalhos-alvarinho-em-molelos\/","title":{"rendered":"CRIAN\u00c7AS DAS ESCOLAS PLANTAM CERCA DE 600 CARVALHOS ALVARINHO EM MOLELOS"},"content":{"rendered":"<span class=\"span-reading-time rt-reading-time\" style=\"display: block;\"><span class=\"rt-label rt-prefix\">tempo de leitura:<\/span> <span class=\"rt-time\"> 2<\/span> <span class=\"rt-label rt-postfix\">minutos<\/span><\/span><p><span style=\"font-size: 24pt\"><strong><a href=\"http:\/\/obeirao.pt\/online\/wp-content\/uploads\/2019\/12\/carvalhos-5.jpg\"><img loading=\"lazy\" decoding=\"async\" class=\"alignleft wp-image-4313 size-medium\" src=\"http:\/\/obeirao.pt\/online\/wp-content\/uploads\/2019\/12\/carvalhos-5-300x144.jpg\" alt=\"\" width=\"300\" height=\"144\" srcset=\"http:\/\/obeirao.pt\/online\/wp-content\/uploads\/2019\/12\/carvalhos-5-300x144.jpg 300w, http:\/\/obeirao.pt\/online\/wp-content\/uploads\/2019\/12\/carvalhos-5-768x368.jpg 768w, http:\/\/obeirao.pt\/online\/wp-content\/uploads\/2019\/12\/carvalhos-5.jpg 1024w, http:\/\/obeirao.pt\/online\/wp-content\/uploads\/2019\/12\/carvalhos-5-640x306.jpg 640w\" sizes=\"(max-width: 300px) 100vw, 300px\" \/><\/a><\/strong><\/span><strong><span style=\"font-family: georgia, palatino, serif\"><em>As crian\u00e7as que frequentam o 1\u00ba ciclo do Agrupamento de Escolas de Tondela C\u00e2ndido de Figueiredo participaram, no dia 05 de Dezembro, numa ac\u00e7\u00e3o que visou a planta\u00e7\u00e3o de cerca de 600 carvalhos alvarinho.<\/em><!--more--><\/span><\/strong><\/p>\n<p><strong><span style=\"font-family: georgia, palatino, serif\"><a href=\"http:\/\/obeirao.pt\/online\/wp-content\/uploads\/2019\/12\/carvalhos-1.jpg\"><img loading=\"lazy\" decoding=\"async\" class=\"alignright wp-image-4315 size-medium\" src=\"http:\/\/obeirao.pt\/online\/wp-content\/uploads\/2019\/12\/carvalhos-1-300x178.jpg\" alt=\"\" width=\"300\" height=\"178\" srcset=\"http:\/\/obeirao.pt\/online\/wp-content\/uploads\/2019\/12\/carvalhos-1-300x178.jpg 300w, http:\/\/obeirao.pt\/online\/wp-content\/uploads\/2019\/12\/carvalhos-1-768x456.jpg 768w, http:\/\/obeirao.pt\/online\/wp-content\/uploads\/2019\/12\/carvalhos-1.jpg 1024w, http:\/\/obeirao.pt\/online\/wp-content\/uploads\/2019\/12\/carvalhos-1-640x380.jpg 640w\" sizes=\"(max-width: 300px) 100vw, 300px\" \/><\/a>Essa ac\u00e7\u00e3o, resulta do projecto &#8220;Faz da tua escola um viveiro&#8221; e decorreu ao longo da tarde e contou com a participa\u00e7\u00e3o dos vereadores da C\u00e2mara Municipal de Tondela, Miguel Torres e Sofia Ferreira.<\/span><\/strong><br \/>\n<strong><span style=\"font-family: georgia, palatino, serif\"><a href=\"http:\/\/obeirao.pt\/online\/wp-content\/uploads\/2019\/12\/carvalhos-4.jpg\"><img loading=\"lazy\" decoding=\"async\" class=\"alignleft wp-image-4317 size-medium\" src=\"http:\/\/obeirao.pt\/online\/wp-content\/uploads\/2019\/12\/carvalhos-4-300x163.jpg\" alt=\"\" width=\"300\" height=\"163\" srcset=\"http:\/\/obeirao.pt\/online\/wp-content\/uploads\/2019\/12\/carvalhos-4-300x163.jpg 300w, http:\/\/obeirao.pt\/online\/wp-content\/uploads\/2019\/12\/carvalhos-4-768x418.jpg 768w, http:\/\/obeirao.pt\/online\/wp-content\/uploads\/2019\/12\/carvalhos-4.jpg 1024w, http:\/\/obeirao.pt\/online\/wp-content\/uploads\/2019\/12\/carvalhos-4-640x349.jpg 640w\" sizes=\"(max-width: 300px) 100vw, 300px\" \/><\/a>Esta planta\u00e7\u00e3o ocorreu junto \u00e0\u00a0estrada que liga Molelinhos \u00e0 V\u00e1rzea do Homem (Dardavaz), numa extens\u00e3o de cerca de 1.800 metros, por mais de 500 alunos do 1\u00ba ciclo do Agrupamento de Escolas de Tondela C\u00e2ndido de Figueiredo e de 70 atletas da Funda\u00e7\u00e3o Benfica.<\/span><\/strong><br \/>\n<strong><span style=\"font-family: georgia, palatino, serif\"><a href=\"http:\/\/obeirao.pt\/online\/wp-content\/uploads\/2019\/12\/carvalhos-3.jpg\"><img loading=\"lazy\" decoding=\"async\" class=\"alignright wp-image-4318 size-medium\" src=\"http:\/\/obeirao.pt\/online\/wp-content\/uploads\/2019\/12\/carvalhos-3-300x165.jpg\" alt=\"\" width=\"300\" height=\"165\" srcset=\"http:\/\/obeirao.pt\/online\/wp-content\/uploads\/2019\/12\/carvalhos-3-300x165.jpg 300w, http:\/\/obeirao.pt\/online\/wp-content\/uploads\/2019\/12\/carvalhos-3-768x423.jpg 768w, http:\/\/obeirao.pt\/online\/wp-content\/uploads\/2019\/12\/carvalhos-3.jpg 1024w, http:\/\/obeirao.pt\/online\/wp-content\/uploads\/2019\/12\/carvalhos-3-640x353.jpg 640w\" sizes=\"(max-width: 300px) 100vw, 300px\" \/><\/a>Este evento insere-se nas pol\u00edticas p\u00fablicas de gest\u00e3o das faixas de protec\u00e7\u00e3o \u00e0 rede vi\u00e1ria no concelho de Tondela, sensibilizando a comunidade para a import\u00e2ncia da participa\u00e7\u00e3o de todos na gest\u00e3o\/manuten\u00e7\u00e3o da floresta, que faz parte fundamental do patrim\u00f3nio.<\/span><\/strong><br \/>\n<strong><span style=\"font-family: georgia, palatino, serif\">Este projecto resulta de uma parceria entre o Munic\u00edpio de Tondela, a Lousit\u00e2nea &#8211; Liga dos Amigos da Serra da Lous\u00e3, a Funda\u00e7\u00e3o Benfica, o Agrupamento de Escolas de Tondela C\u00e2ndido de Figueiredo e a Junta de Freguesia de Molelos.<\/span><\/strong><\/p>\n<p><strong><span style=\"font-family: georgia, palatino, serif\">\u00a0<\/span><\/strong><\/p>\n<p>&nbsp;<\/p>\n","protected":false},"excerpt":{"rendered":"<div class=\"mh-excerpt\"><span class=\"span-reading-time rt-reading-time\" style=\"display: block;\"><span class=\"rt-label rt-prefix\">tempo de leitura:<\/span> <span class=\"rt-time\"> 2<\/span> <span class=\"rt-label rt-postfix\">minutos<\/span><\/span>As crian\u00e7as que frequentam o 1\u00ba ciclo do Agrupamento de Escolas de Tondela C\u00e2ndido de Figueiredo participaram, no dia 05 de Dezembro, numa ac\u00e7\u00e3o que <a class=\"mh-excerpt-more\" href=\"http:\/\/obeirao.pt\/online\/2019\/12\/10\/criancas-das-escolas-plantam-cerca-de-600-carvalhos-alvarinho-em-molelos\/\" title=\"CRIAN\u00c7AS DAS ESCOLAS PLANTAM CERCA DE 600 CARVALHOS ALVARINHO EM MOLELOS\">[&#8230;]<\/a><\/div>\n","protected":false},"author":2,"featured_media":4313,"comment_status":"open","ping_status":"open","sticky":false,"template":"","format":"standard","meta":{"footnotes":""},"categories":[2,5,4,63],"tags":[],"class_list":["post-4312","post","type-post","status-publish","format-standard","has-post-thumbnail","hentry","category-principal","category-cidade","category-regiao","category-tondela"],"yoast_head":"<!-- This site is optimized with the Yoast SEO plugin v27.4 - https:\/\/yoast.com\/product\/yoast-seo-wordpress\/ -->\n<title>CRIAN\u00c7AS DAS ESCOLAS PLANTAM CERCA DE 600 CARVALHOS ALVARINHO EM MOLELOS - Beir\u00e3o Online<\/title>\n<meta name=\"robots\" content=\"index, follow, max-snippet:-1, max-image-preview:large, max-video-preview:-1\" \/>\n<link rel=\"canonical\" href=\"http:\/\/obeirao.pt\/online\/2019\/12\/10\/criancas-das-escolas-plantam-cerca-de-600-carvalhos-alvarinho-em-molelos\/\" \/>\n<meta property=\"og:locale\" content=\"pt_PT\" \/>\n<meta property=\"og:type\" content=\"article\" \/>\n<meta property=\"og:title\" content=\"CRIAN\u00c7AS DAS ESCOLAS PLANTAM CERCA DE 600 CARVALHOS ALVARINHO EM MOLELOS - Beir\u00e3o Online\" \/>\n<meta property=\"og:description\" content=\"tempo de leitura: 2 minutosAs crian\u00e7as que frequentam o 1\u00ba ciclo do Agrupamento de Escolas de Tondela C\u00e2ndido de Figueiredo participaram, no dia 05 de Dezembro, numa ac\u00e7\u00e3o que [...]\" \/>\n<meta property=\"og:url\" content=\"http:\/\/obeirao.pt\/online\/2019\/12\/10\/criancas-das-escolas-plantam-cerca-de-600-carvalhos-alvarinho-em-molelos\/\" \/>\n<meta property=\"og:site_name\" content=\"Beir\u00e3o Online\" \/>\n<meta property=\"article:publisher\" content=\"https:\/\/pt-br.facebook.com\/pages\/Amigos-de-Tondela\/273620439973877\" \/>\n<meta property=\"article:published_time\" content=\"2019-12-10T22:02:32+00:00\" \/>\n<meta property=\"article:modified_time\" content=\"2019-12-10T22:08:48+00:00\" \/>\n<meta property=\"og:image\" content=\"http:\/\/obeirao.pt\/online\/wp-content\/uploads\/2019\/12\/carvalhos-5.jpg\" \/>\n\t<meta property=\"og:image:width\" content=\"1024\" \/>\n\t<meta property=\"og:image:height\" content=\"490\" \/>\n\t<meta property=\"og:image:type\" content=\"image\/jpeg\" \/>\n<meta name=\"author\" content=\"Z\u00e9 Beir\u00e3o\" \/>\n<meta name=\"twitter:card\" content=\"summary_large_image\" \/>\n<meta name=\"twitter:creator\" content=\"@JoaquimDuarteP2\" \/>\n<meta name=\"twitter:site\" content=\"@JoaquimDuarteP2\" \/>\n<meta name=\"twitter:label1\" content=\"Escrito por\" \/>\n\t<meta name=\"twitter:data1\" content=\"Z\u00e9 Beir\u00e3o\" \/>\n\t<meta name=\"twitter:label2\" content=\"Tempo estimado de leitura\" \/>\n\t<meta name=\"twitter:data2\" content=\"1 minuto\" \/>\n<script type=\"application\/ld+json\" class=\"yoast-schema-graph\">{\"@context\":\"https:\\\/\\\/schema.org\",\"@graph\":[{\"@type\":\"Article\",\"@id\":\"http:\\\/\\\/obeirao.pt\\\/online\\\/2019\\\/12\\\/10\\\/criancas-das-escolas-plantam-cerca-de-600-carvalhos-alvarinho-em-molelos\\\/#article\",\"isPartOf\":{\"@id\":\"http:\\\/\\\/obeirao.pt\\\/online\\\/2019\\\/12\\\/10\\\/criancas-das-escolas-plantam-cerca-de-600-carvalhos-alvarinho-em-molelos\\\/\"},\"author\":{\"name\":\"Z\u00e9 Beir\u00e3o\",\"@id\":\"http:\\\/\\\/obeirao.pt\\\/online\\\/#\\\/schema\\\/person\\\/efac69bb5a33873e1c1bb9c1165ff38c\"},\"headline\":\"CRIAN\u00c7AS DAS ESCOLAS PLANTAM CERCA DE 600 CARVALHOS ALVARINHO EM MOLELOS\",\"datePublished\":\"2019-12-10T22:02:32+00:00\",\"dateModified\":\"2019-12-10T22:08:48+00:00\",\"mainEntityOfPage\":{\"@id\":\"http:\\\/\\\/obeirao.pt\\\/online\\\/2019\\\/12\\\/10\\\/criancas-das-escolas-plantam-cerca-de-600-carvalhos-alvarinho-em-molelos\\\/\"},\"wordCount\":221,\"commentCount\":0,\"image\":{\"@id\":\"http:\\\/\\\/obeirao.pt\\\/online\\\/2019\\\/12\\\/10\\\/criancas-das-escolas-plantam-cerca-de-600-carvalhos-alvarinho-em-molelos\\\/#primaryimage\"},\"thumbnailUrl\":\"http:\\\/\\\/obeirao.pt\\\/online\\\/wp-content\\\/uploads\\\/2019\\\/12\\\/carvalhos-5.jpg\",\"articleSection\":[\"_Principal\",\"Cidade\",\"Regi\u00e3o\",\"Tondela\"],\"inLanguage\":\"pt-PT\"},{\"@type\":\"WebPage\",\"@id\":\"http:\\\/\\\/obeirao.pt\\\/online\\\/2019\\\/12\\\/10\\\/criancas-das-escolas-plantam-cerca-de-600-carvalhos-alvarinho-em-molelos\\\/\",\"url\":\"http:\\\/\\\/obeirao.pt\\\/online\\\/2019\\\/12\\\/10\\\/criancas-das-escolas-plantam-cerca-de-600-carvalhos-alvarinho-em-molelos\\\/\",\"name\":\"CRIAN\u00c7AS DAS ESCOLAS PLANTAM CERCA DE 600 CARVALHOS ALVARINHO EM MOLELOS - Beir\u00e3o Online\",\"isPartOf\":{\"@id\":\"http:\\\/\\\/obeirao.pt\\\/online\\\/#website\"},\"primaryImageOfPage\":{\"@id\":\"http:\\\/\\\/obeirao.pt\\\/online\\\/2019\\\/12\\\/10\\\/criancas-das-escolas-plantam-cerca-de-600-carvalhos-alvarinho-em-molelos\\\/#primaryimage\"},\"image\":{\"@id\":\"http:\\\/\\\/obeirao.pt\\\/online\\\/2019\\\/12\\\/10\\\/criancas-das-escolas-plantam-cerca-de-600-carvalhos-alvarinho-em-molelos\\\/#primaryimage\"},\"thumbnailUrl\":\"http:\\\/\\\/obeirao.pt\\\/online\\\/wp-content\\\/uploads\\\/2019\\\/12\\\/carvalhos-5.jpg\",\"datePublished\":\"2019-12-10T22:02:32+00:00\",\"dateModified\":\"2019-12-10T22:08:48+00:00\",\"author\":{\"@id\":\"http:\\\/\\\/obeirao.pt\\\/online\\\/#\\\/schema\\\/person\\\/efac69bb5a33873e1c1bb9c1165ff38c\"},\"breadcrumb\":{\"@id\":\"http:\\\/\\\/obeirao.pt\\\/online\\\/2019\\\/12\\\/10\\\/criancas-das-escolas-plantam-cerca-de-600-carvalhos-alvarinho-em-molelos\\\/#breadcrumb\"},\"inLanguage\":\"pt-PT\",\"potentialAction\":[{\"@type\":\"ReadAction\",\"target\":[\"http:\\\/\\\/obeirao.pt\\\/online\\\/2019\\\/12\\\/10\\\/criancas-das-escolas-plantam-cerca-de-600-carvalhos-alvarinho-em-molelos\\\/\"]}]},{\"@type\":\"ImageObject\",\"inLanguage\":\"pt-PT\",\"@id\":\"http:\\\/\\\/obeirao.pt\\\/online\\\/2019\\\/12\\\/10\\\/criancas-das-escolas-plantam-cerca-de-600-carvalhos-alvarinho-em-molelos\\\/#primaryimage\",\"url\":\"http:\\\/\\\/obeirao.pt\\\/online\\\/wp-content\\\/uploads\\\/2019\\\/12\\\/carvalhos-5.jpg\",\"contentUrl\":\"http:\\\/\\\/obeirao.pt\\\/online\\\/wp-content\\\/uploads\\\/2019\\\/12\\\/carvalhos-5.jpg\",\"width\":1024,\"height\":490},{\"@type\":\"BreadcrumbList\",\"@id\":\"http:\\\/\\\/obeirao.pt\\\/online\\\/2019\\\/12\\\/10\\\/criancas-das-escolas-plantam-cerca-de-600-carvalhos-alvarinho-em-molelos\\\/#breadcrumb\",\"itemListElement\":[{\"@type\":\"ListItem\",\"position\":1,\"name\":\"Home\",\"item\":\"http:\\\/\\\/obeirao.pt\\\/online\\\/\"},{\"@type\":\"ListItem\",\"position\":2,\"name\":\"CRIAN\u00c7AS DAS ESCOLAS PLANTAM CERCA DE 600 CARVALHOS ALVARINHO EM MOLELOS\"}]},{\"@type\":\"WebSite\",\"@id\":\"http:\\\/\\\/obeirao.pt\\\/online\\\/#website\",\"url\":\"http:\\\/\\\/obeirao.pt\\\/online\\\/\",\"name\":\"Beir\u00e3o Online\",\"description\":\"www.obeirao.pt\",\"potentialAction\":[{\"@type\":\"SearchAction\",\"target\":{\"@type\":\"EntryPoint\",\"urlTemplate\":\"http:\\\/\\\/obeirao.pt\\\/online\\\/?s={search_term_string}\"},\"query-input\":{\"@type\":\"PropertyValueSpecification\",\"valueRequired\":true,\"valueName\":\"search_term_string\"}}],\"inLanguage\":\"pt-PT\"},{\"@type\":\"Person\",\"@id\":\"http:\\\/\\\/obeirao.pt\\\/online\\\/#\\\/schema\\\/person\\\/efac69bb5a33873e1c1bb9c1165ff38c\",\"name\":\"Z\u00e9 Beir\u00e3o\",\"image\":{\"@type\":\"ImageObject\",\"inLanguage\":\"pt-PT\",\"@id\":\"http:\\\/\\\/0.gravatar.com\\\/avatar\\\/c8c44d1f9327baa4d27e9b1149cd71b3?s=96&d=mm&r=g\",\"url\":\"http:\\\/\\\/0.gravatar.com\\\/avatar\\\/c8c44d1f9327baa4d27e9b1149cd71b3?s=96&d=mm&r=g\",\"contentUrl\":\"http:\\\/\\\/0.gravatar.com\\\/avatar\\\/c8c44d1f9327baa4d27e9b1149cd71b3?s=96&d=mm&r=g\",\"caption\":\"Z\u00e9 Beir\u00e3o\"},\"url\":\"http:\\\/\\\/obeirao.pt\\\/online\\\/author\\\/zebeirao\\\/\"}]}<\/script>\n<!-- \/ Yoast SEO plugin. -->","yoast_head_json":{"title":"CRIAN\u00c7AS DAS ESCOLAS PLANTAM CERCA DE 600 CARVALHOS ALVARINHO EM MOLELOS - Beir\u00e3o Online","robots":{"index":"index","follow":"follow","max-snippet":"max-snippet:-1","max-image-preview":"max-image-preview:large","max-video-preview":"max-video-preview:-1"},"canonical":"http:\/\/obeirao.pt\/online\/2019\/12\/10\/criancas-das-escolas-plantam-cerca-de-600-carvalhos-alvarinho-em-molelos\/","og_locale":"pt_PT","og_type":"article","og_title":"CRIAN\u00c7AS DAS ESCOLAS PLANTAM CERCA DE 600 CARVALHOS ALVARINHO EM MOLELOS - Beir\u00e3o Online","og_description":"tempo de leitura: 2 minutosAs crian\u00e7as que frequentam o 1\u00ba ciclo do Agrupamento de Escolas de Tondela C\u00e2ndido de Figueiredo participaram, no dia 05 de Dezembro, numa ac\u00e7\u00e3o que [...]","og_url":"http:\/\/obeirao.pt\/online\/2019\/12\/10\/criancas-das-escolas-plantam-cerca-de-600-carvalhos-alvarinho-em-molelos\/","og_site_name":"Beir\u00e3o Online","article_publisher":"https:\/\/pt-br.facebook.com\/pages\/Amigos-de-Tondela\/273620439973877","article_published_time":"2019-12-10T22:02:32+00:00","article_modified_time":"2019-12-10T22:08:48+00:00","og_image":[{"width":1024,"height":490,"url":"http:\/\/obeirao.pt\/online\/wp-content\/uploads\/2019\/12\/carvalhos-5.jpg","type":"image\/jpeg"}],"author":"Z\u00e9 Beir\u00e3o","twitter_card":"summary_large_image","twitter_creator":"@JoaquimDuarteP2","twitter_site":"@JoaquimDuarteP2","twitter_misc":{"Escrito por":"Z\u00e9 Beir\u00e3o","Tempo estimado de leitura":"1 minuto"},"schema":{"@context":"https:\/\/schema.org","@graph":[{"@type":"Article","@id":"http:\/\/obeirao.pt\/online\/2019\/12\/10\/criancas-das-escolas-plantam-cerca-de-600-carvalhos-alvarinho-em-molelos\/#article","isPartOf":{"@id":"http:\/\/obeirao.pt\/online\/2019\/12\/10\/criancas-das-escolas-plantam-cerca-de-600-carvalhos-alvarinho-em-molelos\/"},"author":{"name":"Z\u00e9 Beir\u00e3o","@id":"http:\/\/obeirao.pt\/online\/#\/schema\/person\/efac69bb5a33873e1c1bb9c1165ff38c"},"headline":"CRIAN\u00c7AS DAS ESCOLAS PLANTAM CERCA DE 600 CARVALHOS ALVARINHO EM MOLELOS","datePublished":"2019-12-10T22:02:32+00:00","dateModified":"2019-12-10T22:08:48+00:00","mainEntityOfPage":{"@id":"http:\/\/obeirao.pt\/online\/2019\/12\/10\/criancas-das-escolas-plantam-cerca-de-600-carvalhos-alvarinho-em-molelos\/"},"wordCount":221,"commentCount":0,"image":{"@id":"http:\/\/obeirao.pt\/online\/2019\/12\/10\/criancas-das-escolas-plantam-cerca-de-600-carvalhos-alvarinho-em-molelos\/#primaryimage"},"thumbnailUrl":"http:\/\/obeirao.pt\/online\/wp-content\/uploads\/2019\/12\/carvalhos-5.jpg","articleSection":["_Principal","Cidade","Regi\u00e3o","Tondela"],"inLanguage":"pt-PT"},{"@type":"WebPage","@id":"http:\/\/obeirao.pt\/online\/2019\/12\/10\/criancas-das-escolas-plantam-cerca-de-600-carvalhos-alvarinho-em-molelos\/","url":"http:\/\/obeirao.pt\/online\/2019\/12\/10\/criancas-das-escolas-plantam-cerca-de-600-carvalhos-alvarinho-em-molelos\/","name":"CRIAN\u00c7AS DAS ESCOLAS PLANTAM CERCA DE 600 CARVALHOS ALVARINHO EM MOLELOS - Beir\u00e3o Online","isPartOf":{"@id":"http:\/\/obeirao.pt\/online\/#website"},"primaryImageOfPage":{"@id":"http:\/\/obeirao.pt\/online\/2019\/12\/10\/criancas-das-escolas-plantam-cerca-de-600-carvalhos-alvarinho-em-molelos\/#primaryimage"},"image":{"@id":"http:\/\/obeirao.pt\/online\/2019\/12\/10\/criancas-das-escolas-plantam-cerca-de-600-carvalhos-alvarinho-em-molelos\/#primaryimage"},"thumbnailUrl":"http:\/\/obeirao.pt\/online\/wp-content\/uploads\/2019\/12\/carvalhos-5.jpg","datePublished":"2019-12-10T22:02:32+00:00","dateModified":"2019-12-10T22:08:48+00:00","author":{"@id":"http:\/\/obeirao.pt\/online\/#\/schema\/person\/efac69bb5a33873e1c1bb9c1165ff38c"},"breadcrumb":{"@id":"http:\/\/obeirao.pt\/online\/2019\/12\/10\/criancas-das-escolas-plantam-cerca-de-600-carvalhos-alvarinho-em-molelos\/#breadcrumb"},"inLanguage":"pt-PT","potentialAction":[{"@type":"ReadAction","target":["http:\/\/obeirao.pt\/online\/2019\/12\/10\/criancas-das-escolas-plantam-cerca-de-600-carvalhos-alvarinho-em-molelos\/"]}]},{"@type":"ImageObject","inLanguage":"pt-PT","@id":"http:\/\/obeirao.pt\/online\/2019\/12\/10\/criancas-das-escolas-plantam-cerca-de-600-carvalhos-alvarinho-em-molelos\/#primaryimage","url":"http:\/\/obeirao.pt\/online\/wp-content\/uploads\/2019\/12\/carvalhos-5.jpg","contentUrl":"http:\/\/obeirao.pt\/online\/wp-content\/uploads\/2019\/12\/carvalhos-5.jpg","width":1024,"height":490},{"@type":"BreadcrumbList","@id":"http:\/\/obeirao.pt\/online\/2019\/12\/10\/criancas-das-escolas-plantam-cerca-de-600-carvalhos-alvarinho-em-molelos\/#breadcrumb","itemListElement":[{"@type":"ListItem","position":1,"name":"Home","item":"http:\/\/obeirao.pt\/online\/"},{"@type":"ListItem","position":2,"name":"CRIAN\u00c7AS DAS ESCOLAS PLANTAM CERCA DE 600 CARVALHOS ALVARINHO EM MOLELOS"}]},{"@type":"WebSite","@id":"http:\/\/obeirao.pt\/online\/#website","url":"http:\/\/obeirao.pt\/online\/","name":"Beir\u00e3o Online","description":"www.obeirao.pt","potentialAction":[{"@type":"SearchAction","target":{"@type":"EntryPoint","urlTemplate":"http:\/\/obeirao.pt\/online\/?s={search_term_string}"},"query-input":{"@type":"PropertyValueSpecification","valueRequired":true,"valueName":"search_term_string"}}],"inLanguage":"pt-PT"},{"@type":"Person","@id":"http:\/\/obeirao.pt\/online\/#\/schema\/person\/efac69bb5a33873e1c1bb9c1165ff38c","name":"Z\u00e9 Beir\u00e3o","image":{"@type":"ImageObject","inLanguage":"pt-PT","@id":"http:\/\/0.gravatar.com\/avatar\/c8c44d1f9327baa4d27e9b1149cd71b3?s=96&d=mm&r=g","url":"http:\/\/0.gravatar.com\/avatar\/c8c44d1f9327baa4d27e9b1149cd71b3?s=96&d=mm&r=g","contentUrl":"http:\/\/0.gravatar.com\/avatar\/c8c44d1f9327baa4d27e9b1149cd71b3?s=96&d=mm&r=g","caption":"Z\u00e9 Beir\u00e3o"},"url":"http:\/\/obeirao.pt\/online\/author\/zebeirao\/"}]}},"_links":{"self":[{"href":"http:\/\/obeirao.pt\/online\/wp-json\/wp\/v2\/posts\/4312"}],"collection":[{"href":"http:\/\/obeirao.pt\/online\/wp-json\/wp\/v2\/posts"}],"about":[{"href":"http:\/\/obeirao.pt\/online\/wp-json\/wp\/v2\/types\/post"}],"author":[{"embeddable":true,"href":"http:\/\/obeirao.pt\/online\/wp-json\/wp\/v2\/users\/2"}],"replies":[{"embeddable":true,"href":"http:\/\/obeirao.pt\/online\/wp-json\/wp\/v2\/comments?post=4312"}],"version-history":[{"count":3,"href":"http:\/\/obeirao.pt\/online\/wp-json\/wp\/v2\/posts\/4312\/revisions"}],"predecessor-version":[{"id":4319,"href":"http:\/\/obeirao.pt\/online\/wp-json\/wp\/v2\/posts\/4312\/revisions\/4319"}],"wp:featuredmedia":[{"embeddable":true,"href":"http:\/\/obeirao.pt\/online\/wp-json\/wp\/v2\/media\/4313"}],"wp:attachment":[{"href":"http:\/\/obeirao.pt\/online\/wp-json\/wp\/v2\/media?parent=4312"}],"wp:term":[{"taxonomy":"category","embeddable":true,"href":"http:\/\/obeirao.pt\/online\/wp-json\/wp\/v2\/categories?post=4312"},{"taxonomy":"post_tag","embeddable":true,"href":"http:\/\/obeirao.pt\/online\/wp-json\/wp\/v2\/tags?post=4312"}],"curies":[{"name":"wp","href":"https:\/\/api.w.org\/{rel}","templated":true}]}}