{"id":4385,"date":"2019-12-17T19:13:20","date_gmt":"2019-12-17T19:13:20","guid":{"rendered":"http:\/\/obeirao.pt\/online\/?p=4385"},"modified":"2021-03-18T10:25:44","modified_gmt":"2021-03-18T10:25:44","slug":"assembleia-municipal-de-viseu-convoca-grupos-municipais-por-causa-das-urgencias-no-hospital-de-s-teotonio","status":"publish","type":"post","link":"http:\/\/obeirao.pt\/online\/2019\/12\/17\/assembleia-municipal-de-viseu-convoca-grupos-municipais-por-causa-das-urgencias-no-hospital-de-s-teotonio\/","title":{"rendered":"ASSEMBLEIA MUNICIPAL DE VISEU CONVOCA GRUPOS MUNICIPAIS POR CAUSA DAS URG\u00caNCIAS no Hospital de S. Teot\u00f3nio"},"content":{"rendered":"<span class=\"span-reading-time rt-reading-time\" style=\"display: block;\"><span class=\"rt-label rt-prefix\">tempo de leitura:<\/span> <span class=\"rt-time\"> 2<\/span> <span class=\"rt-label rt-postfix\">minutos<\/span><\/span><p><span style=\"font-size: 24pt\"><strong><a href=\"http:\/\/obeirao.pt\/online\/wp-content\/uploads\/2019\/12\/expresso.pt_.jpg\"><img loading=\"lazy\" decoding=\"async\" class=\"alignleft wp-image-4386 size-medium\" src=\"http:\/\/obeirao.pt\/online\/wp-content\/uploads\/2019\/12\/expresso.pt_-300x169.jpg\" alt=\"\" width=\"300\" height=\"169\" srcset=\"http:\/\/obeirao.pt\/online\/wp-content\/uploads\/2019\/12\/expresso.pt_-300x169.jpg 300w, http:\/\/obeirao.pt\/online\/wp-content\/uploads\/2019\/12\/expresso.pt_-768x432.jpg 768w, http:\/\/obeirao.pt\/online\/wp-content\/uploads\/2019\/12\/expresso.pt_-640x360.jpg 640w, http:\/\/obeirao.pt\/online\/wp-content\/uploads\/2019\/12\/expresso.pt_.jpg 860w\" sizes=\"(max-width: 300px) 100vw, 300px\" \/><\/a><\/strong><\/span><span style=\"font-family: georgia, palatino, serif\"><strong><em>A Assembleia Municipal de Viseu vai convocar os grupos municipais para tomarem iniciativas relativamente \u00e0 degrada\u00e7\u00e3o do servi\u00e7o de urg\u00eancia do Hospital de S\u00e3o Teot\u00f3nio, anunciou o seu presidente, Mota Faria.<\/em><\/strong><!--more--><\/span><\/p>\n<p><span style=\"font-family: georgia, palatino, serif\">\u201cMo\u00e7\u00f5es j\u00e1 n\u00e3o chegam. N\u00e3o podemos deixar que o problema caia\u201d, afirmou Mota Faria, durante a reuni\u00e3o da Assembleia Municipal.<\/span><\/p>\n<p><span style=\"font-family: georgia, palatino, serif\">Segundo Mota Faria, \u201ca quest\u00e3o da urg\u00eancia tem sido tratada por este Governo de uma forma vergonhosa\u201d e a Assembleia Municipal n\u00e3o pode ficar de bra\u00e7os cruzados, devendo exigir a prometida amplia\u00e7\u00e3o.<\/span><\/p>\n<p><span style=\"font-family: georgia, palatino, serif\">\u201cA mesa vai convocar os grupos municipais para uma reuni\u00e3o sobre a quest\u00e3o da sa\u00fade e para fazermos o pedido \u00e0 ministra de termos uma resposta at\u00e9 \u00e0 pr\u00f3xima Assembleia Municipal\u201d, afirmou, explicando que, para al\u00e9m da quest\u00e3o da urg\u00eancia, o Governo deve tamb\u00e9m dar explica\u00e7\u00f5es sobre o atraso no projecto do centro oncol\u00f3gico.<\/span><\/p>\n<p><span style=\"font-family: georgia, palatino, serif\">Se as respostas n\u00e3o chegarem at\u00e9 \u00e0 pr\u00f3xima reuni\u00e3o, \u201cesta Assembleia Municipal n\u00e3o se pode ficar por mo\u00e7\u00f5es, tem que dar voz ao sentimento das pessoas de Viseu e tomar as medidas que entenda, todos em conjunto, independentemente dos partidos, depois na sess\u00e3o de Fevereiro ou na de Abril\u201d, frisou.<\/span><\/p>\n<p><span style=\"font-family: georgia, palatino, serif\">Mota Faria lamentou que, devido \u00e0 falta de condi\u00e7\u00f5es do servi\u00e7o de urg\u00eancia para acolher tantos doentes, o conselho de administra\u00e7\u00e3o tenha decidido n\u00e3o deixar entrar acompanhantes.<\/span><\/p>\n<p><span style=\"font-family: georgia, palatino, serif\">\u201c\u00c9 uma medida de gest\u00e3o que tem de ser tomada em \u00faltima inst\u00e2ncia, que \u00e9 compreens\u00edvel e com a qual eu estou de acordo tecnicamente, porque n\u00e3o h\u00e1 condi\u00e7\u00f5es nas instala\u00e7\u00f5es\u201d, acrescentou.<\/span><\/p>\n<p><span style=\"font-family: georgia, palatino, serif\">O presidente da C\u00e2mara de Viseu, Almeida Henriques (PSD), considerou \u201cdesumana a forma como as pessoas s\u00e3o tratadas\u201d naquele servi\u00e7o.<\/span><\/p>\n<ul style=\"list-style-type: circle\">\n<li><span style=\"font-family: georgia, palatino, serif;color: #ff0000;background-color: #ffff00\"><strong><em>MINISTROS DA FINAN\u00c7AS E DA SA\u00daDE N\u00c3O DESBLOQUEARAM AS VERBAS PARA UMA OBRA ADJUDICADA H\u00c1 MAIS DE DOIS ANOS<\/em><\/strong><\/span><\/li>\n<\/ul>\n<figure id=\"attachment_4388\" aria-describedby=\"caption-attachment-4388\" style=\"width: 300px\" class=\"wp-caption alignleft\"><a href=\"http:\/\/obeirao.pt\/online\/wp-content\/uploads\/2019\/12\/AJ-Almeida-Henriques.jpg\"><img loading=\"lazy\" decoding=\"async\" class=\"wp-image-4388 size-medium\" src=\"http:\/\/obeirao.pt\/online\/wp-content\/uploads\/2019\/12\/AJ-Almeida-Henriques-300x195.jpg\" alt=\"\" width=\"300\" height=\"195\" srcset=\"http:\/\/obeirao.pt\/online\/wp-content\/uploads\/2019\/12\/AJ-Almeida-Henriques-300x195.jpg 300w, http:\/\/obeirao.pt\/online\/wp-content\/uploads\/2019\/12\/AJ-Almeida-Henriques.jpg 640w\" sizes=\"(max-width: 300px) 100vw, 300px\" \/><\/a><figcaption id=\"caption-attachment-4388\" class=\"wp-caption-text\"><em>AJ Almeida Henriques<\/em><\/figcaption><\/figure>\n<p><span style=\"font-family: georgia, palatino, serif\">\u201cAs urg\u00eancias est\u00e3o adjudicadas h\u00e1 dois anos e meio e, na altura, o ministro das Finan\u00e7as e a ministra da Sa\u00fade n\u00e3o desbloquearam as verbas para a contrapartida nacional\u201d, recordou.<\/span><\/p>\n<p><span style=\"font-family: georgia, palatino, serif\">O autarca acrescentou que, quando as verbas foram finalmente desbloqueadas, \u201ca empresa j\u00e1 n\u00e3o estava interessada em fazer a obra por aquele valor\u201d, no entanto, \u201cdesde esse momento at\u00e9 agora, j\u00e1 passaram seis meses\u201d.<\/span><\/p>\n<p><span style=\"font-family: georgia, palatino, serif\">\u201cIsto \u00e9 incompet\u00eancia e falta de considera\u00e7\u00e3o para com os viseenses\u201d, afirmou, garantindo que se a popula\u00e7\u00e3o quiser ir para a rua estar\u00e1 ao seu lado nos protestos.<\/span><\/p>\n<p><span style=\"font-family: georgia, palatino, serif\">Na sua opini\u00e3o, est\u00e1 tamb\u00e9m na altura de o conselho de administra\u00e7\u00e3o do hospital \u201cfazer um ultimato ao Governo e dizer: ou os senhores resolvem isto at\u00e9 ao dia tal ou arranjem outro conselho de administra\u00e7\u00e3o\u201d.<\/span><\/p>\n<p><span style=\"font-family: georgia, palatino, serif\">H\u00e1 cerca de um m\u00eas, Almeida Henriques pediu uma reuni\u00e3o \u00e0 ministra da Sa\u00fade, com car\u00e1cter de urg\u00eancia, mas a mesma ainda n\u00e3o foi marcada.<\/span><\/p>\n<p><span style=\"font-family: georgia, palatino, serif\"><strong><span style=\"color: #ff0000;background-color: #ffff99\">AGORA, DIGO EU<\/span><span style=\"background-color: #000000\">:<\/span><\/strong><span style=\"color: #ffff99;background-color: #000000\"> <strong><em>As verbas n\u00e3o foram desbloqueadas, porque, desta forma, se equilibra o d\u00e9fice e, depois, os sorrisos e os abra\u00e7os, resolvem. Mesmo assim, o PS ganha mais dois deputados em Viseu<\/em><\/strong><\/span><\/span><\/p>\n<p>&nbsp;<\/p>\n","protected":false},"excerpt":{"rendered":"<div class=\"mh-excerpt\"><span class=\"span-reading-time rt-reading-time\" style=\"display: block;\"><span class=\"rt-label rt-prefix\">tempo de leitura:<\/span> <span class=\"rt-time\"> 2<\/span> <span class=\"rt-label rt-postfix\">minutos<\/span><\/span>A Assembleia Municipal de Viseu vai convocar os grupos municipais para tomarem iniciativas relativamente \u00e0 degrada\u00e7\u00e3o do servi\u00e7o de urg\u00eancia do Hospital de S\u00e3o Teot\u00f3nio, <a class=\"mh-excerpt-more\" href=\"http:\/\/obeirao.pt\/online\/2019\/12\/17\/assembleia-municipal-de-viseu-convoca-grupos-municipais-por-causa-das-urgencias-no-hospital-de-s-teotonio\/\" title=\"ASSEMBLEIA MUNICIPAL DE VISEU CONVOCA GRUPOS MUNICIPAIS POR CAUSA DAS URG\u00caNCIAS no Hospital de S. Teot\u00f3nio\">[&#8230;]<\/a><\/div>\n","protected":false},"author":2,"featured_media":4386,"comment_status":"closed","ping_status":"closed","sticky":false,"template":"","format":"standard","meta":{"footnotes":""},"categories":[2,201],"tags":[],"class_list":["post-4385","post","type-post","status-publish","format-standard","has-post-thumbnail","hentry","category-principal","category-viseu-comunidade-intermunicipal-viseu-dao-lafoes"],"yoast_head":"<!-- This site is optimized with the Yoast SEO plugin v27.4 - https:\/\/yoast.com\/product\/yoast-seo-wordpress\/ -->\n<title>ASSEMBLEIA MUNICIPAL DE VISEU CONVOCA GRUPOS MUNICIPAIS POR CAUSA DAS URG\u00caNCIAS no Hospital de S. Teot\u00f3nio - Beir\u00e3o Online<\/title>\n<meta name=\"robots\" content=\"index, follow, max-snippet:-1, max-image-preview:large, max-video-preview:-1\" \/>\n<link rel=\"canonical\" href=\"http:\/\/obeirao.pt\/online\/2019\/12\/17\/assembleia-municipal-de-viseu-convoca-grupos-municipais-por-causa-das-urgencias-no-hospital-de-s-teotonio\/\" \/>\n<meta property=\"og:locale\" content=\"pt_PT\" \/>\n<meta property=\"og:type\" content=\"article\" \/>\n<meta property=\"og:title\" content=\"ASSEMBLEIA MUNICIPAL DE VISEU CONVOCA GRUPOS MUNICIPAIS POR CAUSA DAS URG\u00caNCIAS no Hospital de S. Teot\u00f3nio - Beir\u00e3o Online\" \/>\n<meta property=\"og:description\" content=\"tempo de leitura: 2 minutosA Assembleia Municipal de Viseu vai convocar os grupos municipais para tomarem iniciativas relativamente \u00e0 degrada\u00e7\u00e3o do servi\u00e7o de urg\u00eancia do Hospital de S\u00e3o Teot\u00f3nio, [...]\" \/>\n<meta property=\"og:url\" content=\"http:\/\/obeirao.pt\/online\/2019\/12\/17\/assembleia-municipal-de-viseu-convoca-grupos-municipais-por-causa-das-urgencias-no-hospital-de-s-teotonio\/\" \/>\n<meta property=\"og:site_name\" content=\"Beir\u00e3o Online\" \/>\n<meta property=\"article:publisher\" content=\"https:\/\/pt-br.facebook.com\/pages\/Amigos-de-Tondela\/273620439973877\" \/>\n<meta property=\"article:published_time\" content=\"2019-12-17T19:13:20+00:00\" \/>\n<meta property=\"article:modified_time\" content=\"2021-03-18T10:25:44+00:00\" \/>\n<meta property=\"og:image\" content=\"http:\/\/obeirao.pt\/online\/wp-content\/uploads\/2019\/12\/expresso.pt_.jpg\" \/>\n\t<meta property=\"og:image:width\" content=\"860\" \/>\n\t<meta property=\"og:image:height\" content=\"484\" \/>\n\t<meta property=\"og:image:type\" content=\"image\/jpeg\" \/>\n<meta name=\"author\" content=\"Z\u00e9 Beir\u00e3o\" \/>\n<meta name=\"twitter:card\" content=\"summary_large_image\" \/>\n<meta name=\"twitter:creator\" content=\"@JoaquimDuarteP2\" \/>\n<meta name=\"twitter:site\" content=\"@JoaquimDuarteP2\" \/>\n<meta name=\"twitter:label1\" content=\"Escrito por\" \/>\n\t<meta name=\"twitter:data1\" content=\"Z\u00e9 Beir\u00e3o\" \/>\n\t<meta name=\"twitter:label2\" content=\"Tempo estimado de leitura\" \/>\n\t<meta name=\"twitter:data2\" content=\"3 minutos\" \/>\n<script type=\"application\/ld+json\" class=\"yoast-schema-graph\">{\"@context\":\"https:\\\/\\\/schema.org\",\"@graph\":[{\"@type\":\"Article\",\"@id\":\"http:\\\/\\\/obeirao.pt\\\/online\\\/2019\\\/12\\\/17\\\/assembleia-municipal-de-viseu-convoca-grupos-municipais-por-causa-das-urgencias-no-hospital-de-s-teotonio\\\/#article\",\"isPartOf\":{\"@id\":\"http:\\\/\\\/obeirao.pt\\\/online\\\/2019\\\/12\\\/17\\\/assembleia-municipal-de-viseu-convoca-grupos-municipais-por-causa-das-urgencias-no-hospital-de-s-teotonio\\\/\"},\"author\":{\"name\":\"Z\u00e9 Beir\u00e3o\",\"@id\":\"http:\\\/\\\/obeirao.pt\\\/online\\\/#\\\/schema\\\/person\\\/efac69bb5a33873e1c1bb9c1165ff38c\"},\"headline\":\"ASSEMBLEIA MUNICIPAL DE VISEU CONVOCA GRUPOS MUNICIPAIS POR CAUSA DAS URG\u00caNCIAS no Hospital de S. Teot\u00f3nio\",\"datePublished\":\"2019-12-17T19:13:20+00:00\",\"dateModified\":\"2021-03-18T10:25:44+00:00\",\"mainEntityOfPage\":{\"@id\":\"http:\\\/\\\/obeirao.pt\\\/online\\\/2019\\\/12\\\/17\\\/assembleia-municipal-de-viseu-convoca-grupos-municipais-por-causa-das-urgencias-no-hospital-de-s-teotonio\\\/\"},\"wordCount\":560,\"image\":{\"@id\":\"http:\\\/\\\/obeirao.pt\\\/online\\\/2019\\\/12\\\/17\\\/assembleia-municipal-de-viseu-convoca-grupos-municipais-por-causa-das-urgencias-no-hospital-de-s-teotonio\\\/#primaryimage\"},\"thumbnailUrl\":\"http:\\\/\\\/obeirao.pt\\\/online\\\/wp-content\\\/uploads\\\/2019\\\/12\\\/expresso.pt_.jpg\",\"articleSection\":[\"_Principal\",\"Viseu\"],\"inLanguage\":\"pt-PT\"},{\"@type\":\"WebPage\",\"@id\":\"http:\\\/\\\/obeirao.pt\\\/online\\\/2019\\\/12\\\/17\\\/assembleia-municipal-de-viseu-convoca-grupos-municipais-por-causa-das-urgencias-no-hospital-de-s-teotonio\\\/\",\"url\":\"http:\\\/\\\/obeirao.pt\\\/online\\\/2019\\\/12\\\/17\\\/assembleia-municipal-de-viseu-convoca-grupos-municipais-por-causa-das-urgencias-no-hospital-de-s-teotonio\\\/\",\"name\":\"ASSEMBLEIA MUNICIPAL DE VISEU CONVOCA GRUPOS MUNICIPAIS POR CAUSA DAS URG\u00caNCIAS no Hospital de S. Teot\u00f3nio - Beir\u00e3o Online\",\"isPartOf\":{\"@id\":\"http:\\\/\\\/obeirao.pt\\\/online\\\/#website\"},\"primaryImageOfPage\":{\"@id\":\"http:\\\/\\\/obeirao.pt\\\/online\\\/2019\\\/12\\\/17\\\/assembleia-municipal-de-viseu-convoca-grupos-municipais-por-causa-das-urgencias-no-hospital-de-s-teotonio\\\/#primaryimage\"},\"image\":{\"@id\":\"http:\\\/\\\/obeirao.pt\\\/online\\\/2019\\\/12\\\/17\\\/assembleia-municipal-de-viseu-convoca-grupos-municipais-por-causa-das-urgencias-no-hospital-de-s-teotonio\\\/#primaryimage\"},\"thumbnailUrl\":\"http:\\\/\\\/obeirao.pt\\\/online\\\/wp-content\\\/uploads\\\/2019\\\/12\\\/expresso.pt_.jpg\",\"datePublished\":\"2019-12-17T19:13:20+00:00\",\"dateModified\":\"2021-03-18T10:25:44+00:00\",\"author\":{\"@id\":\"http:\\\/\\\/obeirao.pt\\\/online\\\/#\\\/schema\\\/person\\\/efac69bb5a33873e1c1bb9c1165ff38c\"},\"breadcrumb\":{\"@id\":\"http:\\\/\\\/obeirao.pt\\\/online\\\/2019\\\/12\\\/17\\\/assembleia-municipal-de-viseu-convoca-grupos-municipais-por-causa-das-urgencias-no-hospital-de-s-teotonio\\\/#breadcrumb\"},\"inLanguage\":\"pt-PT\",\"potentialAction\":[{\"@type\":\"ReadAction\",\"target\":[\"http:\\\/\\\/obeirao.pt\\\/online\\\/2019\\\/12\\\/17\\\/assembleia-municipal-de-viseu-convoca-grupos-municipais-por-causa-das-urgencias-no-hospital-de-s-teotonio\\\/\"]}]},{\"@type\":\"ImageObject\",\"inLanguage\":\"pt-PT\",\"@id\":\"http:\\\/\\\/obeirao.pt\\\/online\\\/2019\\\/12\\\/17\\\/assembleia-municipal-de-viseu-convoca-grupos-municipais-por-causa-das-urgencias-no-hospital-de-s-teotonio\\\/#primaryimage\",\"url\":\"http:\\\/\\\/obeirao.pt\\\/online\\\/wp-content\\\/uploads\\\/2019\\\/12\\\/expresso.pt_.jpg\",\"contentUrl\":\"http:\\\/\\\/obeirao.pt\\\/online\\\/wp-content\\\/uploads\\\/2019\\\/12\\\/expresso.pt_.jpg\",\"width\":860,\"height\":484},{\"@type\":\"BreadcrumbList\",\"@id\":\"http:\\\/\\\/obeirao.pt\\\/online\\\/2019\\\/12\\\/17\\\/assembleia-municipal-de-viseu-convoca-grupos-municipais-por-causa-das-urgencias-no-hospital-de-s-teotonio\\\/#breadcrumb\",\"itemListElement\":[{\"@type\":\"ListItem\",\"position\":1,\"name\":\"Home\",\"item\":\"http:\\\/\\\/obeirao.pt\\\/online\\\/\"},{\"@type\":\"ListItem\",\"position\":2,\"name\":\"ASSEMBLEIA MUNICIPAL DE VISEU CONVOCA GRUPOS MUNICIPAIS POR CAUSA DAS URG\u00caNCIAS no Hospital de S. Teot\u00f3nio\"}]},{\"@type\":\"WebSite\",\"@id\":\"http:\\\/\\\/obeirao.pt\\\/online\\\/#website\",\"url\":\"http:\\\/\\\/obeirao.pt\\\/online\\\/\",\"name\":\"Beir\u00e3o Online\",\"description\":\"www.obeirao.pt\",\"potentialAction\":[{\"@type\":\"SearchAction\",\"target\":{\"@type\":\"EntryPoint\",\"urlTemplate\":\"http:\\\/\\\/obeirao.pt\\\/online\\\/?s={search_term_string}\"},\"query-input\":{\"@type\":\"PropertyValueSpecification\",\"valueRequired\":true,\"valueName\":\"search_term_string\"}}],\"inLanguage\":\"pt-PT\"},{\"@type\":\"Person\",\"@id\":\"http:\\\/\\\/obeirao.pt\\\/online\\\/#\\\/schema\\\/person\\\/efac69bb5a33873e1c1bb9c1165ff38c\",\"name\":\"Z\u00e9 Beir\u00e3o\",\"image\":{\"@type\":\"ImageObject\",\"inLanguage\":\"pt-PT\",\"@id\":\"http:\\\/\\\/0.gravatar.com\\\/avatar\\\/c8c44d1f9327baa4d27e9b1149cd71b3?s=96&d=mm&r=g\",\"url\":\"http:\\\/\\\/0.gravatar.com\\\/avatar\\\/c8c44d1f9327baa4d27e9b1149cd71b3?s=96&d=mm&r=g\",\"contentUrl\":\"http:\\\/\\\/0.gravatar.com\\\/avatar\\\/c8c44d1f9327baa4d27e9b1149cd71b3?s=96&d=mm&r=g\",\"caption\":\"Z\u00e9 Beir\u00e3o\"},\"url\":\"http:\\\/\\\/obeirao.pt\\\/online\\\/author\\\/zebeirao\\\/\"}]}<\/script>\n<!-- \/ Yoast SEO plugin. -->","yoast_head_json":{"title":"ASSEMBLEIA MUNICIPAL DE VISEU CONVOCA GRUPOS MUNICIPAIS POR CAUSA DAS URG\u00caNCIAS no Hospital de S. Teot\u00f3nio - Beir\u00e3o Online","robots":{"index":"index","follow":"follow","max-snippet":"max-snippet:-1","max-image-preview":"max-image-preview:large","max-video-preview":"max-video-preview:-1"},"canonical":"http:\/\/obeirao.pt\/online\/2019\/12\/17\/assembleia-municipal-de-viseu-convoca-grupos-municipais-por-causa-das-urgencias-no-hospital-de-s-teotonio\/","og_locale":"pt_PT","og_type":"article","og_title":"ASSEMBLEIA MUNICIPAL DE VISEU CONVOCA GRUPOS MUNICIPAIS POR CAUSA DAS URG\u00caNCIAS no Hospital de S. Teot\u00f3nio - Beir\u00e3o Online","og_description":"tempo de leitura: 2 minutosA Assembleia Municipal de Viseu vai convocar os grupos municipais para tomarem iniciativas relativamente \u00e0 degrada\u00e7\u00e3o do servi\u00e7o de urg\u00eancia do Hospital de S\u00e3o Teot\u00f3nio, [...]","og_url":"http:\/\/obeirao.pt\/online\/2019\/12\/17\/assembleia-municipal-de-viseu-convoca-grupos-municipais-por-causa-das-urgencias-no-hospital-de-s-teotonio\/","og_site_name":"Beir\u00e3o Online","article_publisher":"https:\/\/pt-br.facebook.com\/pages\/Amigos-de-Tondela\/273620439973877","article_published_time":"2019-12-17T19:13:20+00:00","article_modified_time":"2021-03-18T10:25:44+00:00","og_image":[{"width":860,"height":484,"url":"http:\/\/obeirao.pt\/online\/wp-content\/uploads\/2019\/12\/expresso.pt_.jpg","type":"image\/jpeg"}],"author":"Z\u00e9 Beir\u00e3o","twitter_card":"summary_large_image","twitter_creator":"@JoaquimDuarteP2","twitter_site":"@JoaquimDuarteP2","twitter_misc":{"Escrito por":"Z\u00e9 Beir\u00e3o","Tempo estimado de leitura":"3 minutos"},"schema":{"@context":"https:\/\/schema.org","@graph":[{"@type":"Article","@id":"http:\/\/obeirao.pt\/online\/2019\/12\/17\/assembleia-municipal-de-viseu-convoca-grupos-municipais-por-causa-das-urgencias-no-hospital-de-s-teotonio\/#article","isPartOf":{"@id":"http:\/\/obeirao.pt\/online\/2019\/12\/17\/assembleia-municipal-de-viseu-convoca-grupos-municipais-por-causa-das-urgencias-no-hospital-de-s-teotonio\/"},"author":{"name":"Z\u00e9 Beir\u00e3o","@id":"http:\/\/obeirao.pt\/online\/#\/schema\/person\/efac69bb5a33873e1c1bb9c1165ff38c"},"headline":"ASSEMBLEIA MUNICIPAL DE VISEU CONVOCA GRUPOS MUNICIPAIS POR CAUSA DAS URG\u00caNCIAS no Hospital de S. Teot\u00f3nio","datePublished":"2019-12-17T19:13:20+00:00","dateModified":"2021-03-18T10:25:44+00:00","mainEntityOfPage":{"@id":"http:\/\/obeirao.pt\/online\/2019\/12\/17\/assembleia-municipal-de-viseu-convoca-grupos-municipais-por-causa-das-urgencias-no-hospital-de-s-teotonio\/"},"wordCount":560,"image":{"@id":"http:\/\/obeirao.pt\/online\/2019\/12\/17\/assembleia-municipal-de-viseu-convoca-grupos-municipais-por-causa-das-urgencias-no-hospital-de-s-teotonio\/#primaryimage"},"thumbnailUrl":"http:\/\/obeirao.pt\/online\/wp-content\/uploads\/2019\/12\/expresso.pt_.jpg","articleSection":["_Principal","Viseu"],"inLanguage":"pt-PT"},{"@type":"WebPage","@id":"http:\/\/obeirao.pt\/online\/2019\/12\/17\/assembleia-municipal-de-viseu-convoca-grupos-municipais-por-causa-das-urgencias-no-hospital-de-s-teotonio\/","url":"http:\/\/obeirao.pt\/online\/2019\/12\/17\/assembleia-municipal-de-viseu-convoca-grupos-municipais-por-causa-das-urgencias-no-hospital-de-s-teotonio\/","name":"ASSEMBLEIA MUNICIPAL DE VISEU CONVOCA GRUPOS MUNICIPAIS POR CAUSA DAS URG\u00caNCIAS no Hospital de S. Teot\u00f3nio - Beir\u00e3o Online","isPartOf":{"@id":"http:\/\/obeirao.pt\/online\/#website"},"primaryImageOfPage":{"@id":"http:\/\/obeirao.pt\/online\/2019\/12\/17\/assembleia-municipal-de-viseu-convoca-grupos-municipais-por-causa-das-urgencias-no-hospital-de-s-teotonio\/#primaryimage"},"image":{"@id":"http:\/\/obeirao.pt\/online\/2019\/12\/17\/assembleia-municipal-de-viseu-convoca-grupos-municipais-por-causa-das-urgencias-no-hospital-de-s-teotonio\/#primaryimage"},"thumbnailUrl":"http:\/\/obeirao.pt\/online\/wp-content\/uploads\/2019\/12\/expresso.pt_.jpg","datePublished":"2019-12-17T19:13:20+00:00","dateModified":"2021-03-18T10:25:44+00:00","author":{"@id":"http:\/\/obeirao.pt\/online\/#\/schema\/person\/efac69bb5a33873e1c1bb9c1165ff38c"},"breadcrumb":{"@id":"http:\/\/obeirao.pt\/online\/2019\/12\/17\/assembleia-municipal-de-viseu-convoca-grupos-municipais-por-causa-das-urgencias-no-hospital-de-s-teotonio\/#breadcrumb"},"inLanguage":"pt-PT","potentialAction":[{"@type":"ReadAction","target":["http:\/\/obeirao.pt\/online\/2019\/12\/17\/assembleia-municipal-de-viseu-convoca-grupos-municipais-por-causa-das-urgencias-no-hospital-de-s-teotonio\/"]}]},{"@type":"ImageObject","inLanguage":"pt-PT","@id":"http:\/\/obeirao.pt\/online\/2019\/12\/17\/assembleia-municipal-de-viseu-convoca-grupos-municipais-por-causa-das-urgencias-no-hospital-de-s-teotonio\/#primaryimage","url":"http:\/\/obeirao.pt\/online\/wp-content\/uploads\/2019\/12\/expresso.pt_.jpg","contentUrl":"http:\/\/obeirao.pt\/online\/wp-content\/uploads\/2019\/12\/expresso.pt_.jpg","width":860,"height":484},{"@type":"BreadcrumbList","@id":"http:\/\/obeirao.pt\/online\/2019\/12\/17\/assembleia-municipal-de-viseu-convoca-grupos-municipais-por-causa-das-urgencias-no-hospital-de-s-teotonio\/#breadcrumb","itemListElement":[{"@type":"ListItem","position":1,"name":"Home","item":"http:\/\/obeirao.pt\/online\/"},{"@type":"ListItem","position":2,"name":"ASSEMBLEIA MUNICIPAL DE VISEU CONVOCA GRUPOS MUNICIPAIS POR CAUSA DAS URG\u00caNCIAS no Hospital de S. Teot\u00f3nio"}]},{"@type":"WebSite","@id":"http:\/\/obeirao.pt\/online\/#website","url":"http:\/\/obeirao.pt\/online\/","name":"Beir\u00e3o Online","description":"www.obeirao.pt","potentialAction":[{"@type":"SearchAction","target":{"@type":"EntryPoint","urlTemplate":"http:\/\/obeirao.pt\/online\/?s={search_term_string}"},"query-input":{"@type":"PropertyValueSpecification","valueRequired":true,"valueName":"search_term_string"}}],"inLanguage":"pt-PT"},{"@type":"Person","@id":"http:\/\/obeirao.pt\/online\/#\/schema\/person\/efac69bb5a33873e1c1bb9c1165ff38c","name":"Z\u00e9 Beir\u00e3o","image":{"@type":"ImageObject","inLanguage":"pt-PT","@id":"http:\/\/0.gravatar.com\/avatar\/c8c44d1f9327baa4d27e9b1149cd71b3?s=96&d=mm&r=g","url":"http:\/\/0.gravatar.com\/avatar\/c8c44d1f9327baa4d27e9b1149cd71b3?s=96&d=mm&r=g","contentUrl":"http:\/\/0.gravatar.com\/avatar\/c8c44d1f9327baa4d27e9b1149cd71b3?s=96&d=mm&r=g","caption":"Z\u00e9 Beir\u00e3o"},"url":"http:\/\/obeirao.pt\/online\/author\/zebeirao\/"}]}},"_links":{"self":[{"href":"http:\/\/obeirao.pt\/online\/wp-json\/wp\/v2\/posts\/4385"}],"collection":[{"href":"http:\/\/obeirao.pt\/online\/wp-json\/wp\/v2\/posts"}],"about":[{"href":"http:\/\/obeirao.pt\/online\/wp-json\/wp\/v2\/types\/post"}],"author":[{"embeddable":true,"href":"http:\/\/obeirao.pt\/online\/wp-json\/wp\/v2\/users\/2"}],"replies":[{"embeddable":true,"href":"http:\/\/obeirao.pt\/online\/wp-json\/wp\/v2\/comments?post=4385"}],"version-history":[{"count":3,"href":"http:\/\/obeirao.pt\/online\/wp-json\/wp\/v2\/posts\/4385\/revisions"}],"predecessor-version":[{"id":4390,"href":"http:\/\/obeirao.pt\/online\/wp-json\/wp\/v2\/posts\/4385\/revisions\/4390"}],"wp:featuredmedia":[{"embeddable":true,"href":"http:\/\/obeirao.pt\/online\/wp-json\/wp\/v2\/media\/4386"}],"wp:attachment":[{"href":"http:\/\/obeirao.pt\/online\/wp-json\/wp\/v2\/media?parent=4385"}],"wp:term":[{"taxonomy":"category","embeddable":true,"href":"http:\/\/obeirao.pt\/online\/wp-json\/wp\/v2\/categories?post=4385"},{"taxonomy":"post_tag","embeddable":true,"href":"http:\/\/obeirao.pt\/online\/wp-json\/wp\/v2\/tags?post=4385"}],"curies":[{"name":"wp","href":"https:\/\/api.w.org\/{rel}","templated":true}]}}