{"id":4577,"date":"2020-01-23T16:37:14","date_gmt":"2020-01-23T16:37:14","guid":{"rendered":"http:\/\/obeirao.pt\/online\/?p=4577"},"modified":"2021-03-18T10:24:07","modified_gmt":"2021-03-18T10:24:07","slug":"incendio-em-habitacao-em-viseu-provoca-morte-de-um-homem","status":"publish","type":"post","link":"http:\/\/obeirao.pt\/online\/2020\/01\/23\/incendio-em-habitacao-em-viseu-provoca-morte-de-um-homem\/","title":{"rendered":"INC\u00caNDIO EM HABITA\u00c7\u00c3O EM VISEU PROVOCA MORTE DE UM HOMEM"},"content":{"rendered":"<span class=\"span-reading-time rt-reading-time\" style=\"display: block;\"><span class=\"rt-label rt-prefix\">tempo de leitura:<\/span> <span class=\"rt-time\"> &lt; 1<\/span> <span class=\"rt-label rt-postfix\">minuto<\/span><\/span><p><strong><span style=\"font-size: 24pt\"><a href=\"http:\/\/obeirao.pt\/online\/wp-content\/uploads\/2020\/01\/INEM-Arquivo.jpg\"><img loading=\"lazy\" decoding=\"async\" class=\"alignleft wp-image-4578 size-medium\" src=\"http:\/\/obeirao.pt\/online\/wp-content\/uploads\/2020\/01\/INEM-Arquivo-300x182.jpg\" alt=\"\" width=\"300\" height=\"182\" srcset=\"http:\/\/obeirao.pt\/online\/wp-content\/uploads\/2020\/01\/INEM-Arquivo-300x182.jpg 300w, http:\/\/obeirao.pt\/online\/wp-content\/uploads\/2020\/01\/INEM-Arquivo-640x388.jpg 640w, http:\/\/obeirao.pt\/online\/wp-content\/uploads\/2020\/01\/INEM-Arquivo.jpg 752w\" sizes=\"(max-width: 300px) 100vw, 300px\" \/><\/a><\/span><\/strong><span style=\"font-size: 14pt\"><strong><span style=\"font-family: georgia, palatino, serif\"><em>Um homem morreu hoje de manh\u00e3 na sequ\u00eancia de um inc\u00eandio na casa onde vivia, na freguesia de Coutos de Viseu, disse \u00e0 ag\u00eancia Lusa fonte de Comando Distrital de Opera\u00e7\u00f5es de Socorro<\/em>.<!--more--><\/span><\/strong><\/span><\/p>\n<p><span style=\"font-size: 14pt\"><strong><span style=\"font-family: georgia, palatino, serif\">Segundo a mesma fonte, o alerta foi dado cerca das 10:20 e, quando os bombeiros chegaram ao local, <em>\u201ca casa estava tomada pelas chamas\u201d.<\/em><\/span><\/strong><\/span><\/p>\n<p><span style=\"font-size: 14pt\"><strong><span style=\"font-family: georgia, palatino, serif\">Mais de 20 operacionais e nove viaturas dos bombeiros Sapadores e Volunt\u00e1rios de Viseu, Volunt\u00e1rios de Campo de Besteiros (Tondela), Instituto Nacional de Emerg\u00eancia M\u00e9dica e GNR estiveram envolvidos na ocorr\u00eancia.<\/span><\/strong><\/span><\/p>\n<p><span style=\"font-size: 14pt\"><strong><span style=\"font-family: georgia, palatino, serif\">A mesma fonte referiu que a GNR se mant\u00e9m no local, tendo sido contactada a Pol\u00edcia Judici\u00e1ria.<\/span><\/strong><\/span><\/p>\n<p><span style=\"font-size: 14pt\"><strong><span style=\"font-family: georgia, palatino, serif\">As causas do inc\u00eandio s\u00e3o ainda desconhecidas, acrescentou<\/span><\/strong><\/span><\/p>\n","protected":false},"excerpt":{"rendered":"<div class=\"mh-excerpt\"><span class=\"span-reading-time rt-reading-time\" style=\"display: block;\"><span class=\"rt-label rt-prefix\">tempo de leitura:<\/span> <span class=\"rt-time\"> &lt; 1<\/span> <span class=\"rt-label rt-postfix\">minuto<\/span><\/span>Um homem morreu hoje de manh\u00e3 na sequ\u00eancia de um inc\u00eandio na casa onde vivia, na freguesia de Coutos de Viseu, disse \u00e0 ag\u00eancia Lusa <a class=\"mh-excerpt-more\" href=\"http:\/\/obeirao.pt\/online\/2020\/01\/23\/incendio-em-habitacao-em-viseu-provoca-morte-de-um-homem\/\" title=\"INC\u00caNDIO EM HABITA\u00c7\u00c3O EM VISEU PROVOCA MORTE DE UM HOMEM\">[&#8230;]<\/a><\/div>\n","protected":false},"author":2,"featured_media":4578,"comment_status":"closed","ping_status":"closed","sticky":false,"template":"","format":"standard","meta":{"footnotes":""},"categories":[2,201],"tags":[],"class_list":["post-4577","post","type-post","status-publish","format-standard","has-post-thumbnail","hentry","category-principal","category-viseu-comunidade-intermunicipal-viseu-dao-lafoes"],"yoast_head":"<!-- This site is optimized with the Yoast SEO plugin v27.4 - https:\/\/yoast.com\/product\/yoast-seo-wordpress\/ -->\n<title>INC\u00caNDIO EM HABITA\u00c7\u00c3O EM VISEU PROVOCA MORTE DE UM HOMEM - Beir\u00e3o Online<\/title>\n<meta name=\"robots\" content=\"index, follow, max-snippet:-1, max-image-preview:large, max-video-preview:-1\" \/>\n<link rel=\"canonical\" href=\"http:\/\/obeirao.pt\/online\/2020\/01\/23\/incendio-em-habitacao-em-viseu-provoca-morte-de-um-homem\/\" \/>\n<meta property=\"og:locale\" content=\"pt_PT\" \/>\n<meta property=\"og:type\" content=\"article\" \/>\n<meta property=\"og:title\" content=\"INC\u00caNDIO EM HABITA\u00c7\u00c3O EM VISEU PROVOCA MORTE DE UM HOMEM - Beir\u00e3o Online\" \/>\n<meta property=\"og:description\" content=\"tempo de leitura: &lt; 1 minutoUm homem morreu hoje de manh\u00e3 na sequ\u00eancia de um inc\u00eandio na casa onde vivia, na freguesia de Coutos de Viseu, disse \u00e0 ag\u00eancia Lusa [...]\" \/>\n<meta property=\"og:url\" content=\"http:\/\/obeirao.pt\/online\/2020\/01\/23\/incendio-em-habitacao-em-viseu-provoca-morte-de-um-homem\/\" \/>\n<meta property=\"og:site_name\" content=\"Beir\u00e3o Online\" \/>\n<meta property=\"article:publisher\" content=\"https:\/\/pt-br.facebook.com\/pages\/Amigos-de-Tondela\/273620439973877\" \/>\n<meta property=\"article:published_time\" content=\"2020-01-23T16:37:14+00:00\" \/>\n<meta property=\"article:modified_time\" content=\"2021-03-18T10:24:07+00:00\" \/>\n<meta property=\"og:image\" content=\"http:\/\/obeirao.pt\/online\/wp-content\/uploads\/2020\/01\/INEM-Arquivo.jpg\" \/>\n\t<meta property=\"og:image:width\" content=\"752\" \/>\n\t<meta property=\"og:image:height\" content=\"456\" \/>\n\t<meta property=\"og:image:type\" content=\"image\/jpeg\" \/>\n<meta name=\"author\" content=\"Z\u00e9 Beir\u00e3o\" \/>\n<meta name=\"twitter:card\" content=\"summary_large_image\" \/>\n<meta name=\"twitter:creator\" content=\"@JoaquimDuarteP2\" \/>\n<meta name=\"twitter:site\" content=\"@JoaquimDuarteP2\" \/>\n<meta name=\"twitter:label1\" content=\"Escrito por\" \/>\n\t<meta name=\"twitter:data1\" content=\"Z\u00e9 Beir\u00e3o\" \/>\n\t<meta name=\"twitter:label2\" content=\"Tempo estimado de leitura\" \/>\n\t<meta name=\"twitter:data2\" content=\"1 minuto\" \/>\n<script type=\"application\/ld+json\" class=\"yoast-schema-graph\">{\"@context\":\"https:\\\/\\\/schema.org\",\"@graph\":[{\"@type\":\"Article\",\"@id\":\"http:\\\/\\\/obeirao.pt\\\/online\\\/2020\\\/01\\\/23\\\/incendio-em-habitacao-em-viseu-provoca-morte-de-um-homem\\\/#article\",\"isPartOf\":{\"@id\":\"http:\\\/\\\/obeirao.pt\\\/online\\\/2020\\\/01\\\/23\\\/incendio-em-habitacao-em-viseu-provoca-morte-de-um-homem\\\/\"},\"author\":{\"name\":\"Z\u00e9 Beir\u00e3o\",\"@id\":\"http:\\\/\\\/obeirao.pt\\\/online\\\/#\\\/schema\\\/person\\\/efac69bb5a33873e1c1bb9c1165ff38c\"},\"headline\":\"INC\u00caNDIO EM HABITA\u00c7\u00c3O EM VISEU PROVOCA MORTE DE UM HOMEM\",\"datePublished\":\"2020-01-23T16:37:14+00:00\",\"dateModified\":\"2021-03-18T10:24:07+00:00\",\"mainEntityOfPage\":{\"@id\":\"http:\\\/\\\/obeirao.pt\\\/online\\\/2020\\\/01\\\/23\\\/incendio-em-habitacao-em-viseu-provoca-morte-de-um-homem\\\/\"},\"wordCount\":136,\"image\":{\"@id\":\"http:\\\/\\\/obeirao.pt\\\/online\\\/2020\\\/01\\\/23\\\/incendio-em-habitacao-em-viseu-provoca-morte-de-um-homem\\\/#primaryimage\"},\"thumbnailUrl\":\"http:\\\/\\\/obeirao.pt\\\/online\\\/wp-content\\\/uploads\\\/2020\\\/01\\\/INEM-Arquivo.jpg\",\"articleSection\":[\"_Principal\",\"Viseu\"],\"inLanguage\":\"pt-PT\"},{\"@type\":\"WebPage\",\"@id\":\"http:\\\/\\\/obeirao.pt\\\/online\\\/2020\\\/01\\\/23\\\/incendio-em-habitacao-em-viseu-provoca-morte-de-um-homem\\\/\",\"url\":\"http:\\\/\\\/obeirao.pt\\\/online\\\/2020\\\/01\\\/23\\\/incendio-em-habitacao-em-viseu-provoca-morte-de-um-homem\\\/\",\"name\":\"INC\u00caNDIO EM HABITA\u00c7\u00c3O EM VISEU PROVOCA MORTE DE UM HOMEM - Beir\u00e3o Online\",\"isPartOf\":{\"@id\":\"http:\\\/\\\/obeirao.pt\\\/online\\\/#website\"},\"primaryImageOfPage\":{\"@id\":\"http:\\\/\\\/obeirao.pt\\\/online\\\/2020\\\/01\\\/23\\\/incendio-em-habitacao-em-viseu-provoca-morte-de-um-homem\\\/#primaryimage\"},\"image\":{\"@id\":\"http:\\\/\\\/obeirao.pt\\\/online\\\/2020\\\/01\\\/23\\\/incendio-em-habitacao-em-viseu-provoca-morte-de-um-homem\\\/#primaryimage\"},\"thumbnailUrl\":\"http:\\\/\\\/obeirao.pt\\\/online\\\/wp-content\\\/uploads\\\/2020\\\/01\\\/INEM-Arquivo.jpg\",\"datePublished\":\"2020-01-23T16:37:14+00:00\",\"dateModified\":\"2021-03-18T10:24:07+00:00\",\"author\":{\"@id\":\"http:\\\/\\\/obeirao.pt\\\/online\\\/#\\\/schema\\\/person\\\/efac69bb5a33873e1c1bb9c1165ff38c\"},\"breadcrumb\":{\"@id\":\"http:\\\/\\\/obeirao.pt\\\/online\\\/2020\\\/01\\\/23\\\/incendio-em-habitacao-em-viseu-provoca-morte-de-um-homem\\\/#breadcrumb\"},\"inLanguage\":\"pt-PT\",\"potentialAction\":[{\"@type\":\"ReadAction\",\"target\":[\"http:\\\/\\\/obeirao.pt\\\/online\\\/2020\\\/01\\\/23\\\/incendio-em-habitacao-em-viseu-provoca-morte-de-um-homem\\\/\"]}]},{\"@type\":\"ImageObject\",\"inLanguage\":\"pt-PT\",\"@id\":\"http:\\\/\\\/obeirao.pt\\\/online\\\/2020\\\/01\\\/23\\\/incendio-em-habitacao-em-viseu-provoca-morte-de-um-homem\\\/#primaryimage\",\"url\":\"http:\\\/\\\/obeirao.pt\\\/online\\\/wp-content\\\/uploads\\\/2020\\\/01\\\/INEM-Arquivo.jpg\",\"contentUrl\":\"http:\\\/\\\/obeirao.pt\\\/online\\\/wp-content\\\/uploads\\\/2020\\\/01\\\/INEM-Arquivo.jpg\",\"width\":752,\"height\":456},{\"@type\":\"BreadcrumbList\",\"@id\":\"http:\\\/\\\/obeirao.pt\\\/online\\\/2020\\\/01\\\/23\\\/incendio-em-habitacao-em-viseu-provoca-morte-de-um-homem\\\/#breadcrumb\",\"itemListElement\":[{\"@type\":\"ListItem\",\"position\":1,\"name\":\"Home\",\"item\":\"http:\\\/\\\/obeirao.pt\\\/online\\\/\"},{\"@type\":\"ListItem\",\"position\":2,\"name\":\"INC\u00caNDIO EM HABITA\u00c7\u00c3O EM VISEU PROVOCA MORTE DE UM HOMEM\"}]},{\"@type\":\"WebSite\",\"@id\":\"http:\\\/\\\/obeirao.pt\\\/online\\\/#website\",\"url\":\"http:\\\/\\\/obeirao.pt\\\/online\\\/\",\"name\":\"Beir\u00e3o Online\",\"description\":\"www.obeirao.pt\",\"potentialAction\":[{\"@type\":\"SearchAction\",\"target\":{\"@type\":\"EntryPoint\",\"urlTemplate\":\"http:\\\/\\\/obeirao.pt\\\/online\\\/?s={search_term_string}\"},\"query-input\":{\"@type\":\"PropertyValueSpecification\",\"valueRequired\":true,\"valueName\":\"search_term_string\"}}],\"inLanguage\":\"pt-PT\"},{\"@type\":\"Person\",\"@id\":\"http:\\\/\\\/obeirao.pt\\\/online\\\/#\\\/schema\\\/person\\\/efac69bb5a33873e1c1bb9c1165ff38c\",\"name\":\"Z\u00e9 Beir\u00e3o\",\"image\":{\"@type\":\"ImageObject\",\"inLanguage\":\"pt-PT\",\"@id\":\"http:\\\/\\\/0.gravatar.com\\\/avatar\\\/c8c44d1f9327baa4d27e9b1149cd71b3?s=96&d=mm&r=g\",\"url\":\"http:\\\/\\\/0.gravatar.com\\\/avatar\\\/c8c44d1f9327baa4d27e9b1149cd71b3?s=96&d=mm&r=g\",\"contentUrl\":\"http:\\\/\\\/0.gravatar.com\\\/avatar\\\/c8c44d1f9327baa4d27e9b1149cd71b3?s=96&d=mm&r=g\",\"caption\":\"Z\u00e9 Beir\u00e3o\"},\"url\":\"http:\\\/\\\/obeirao.pt\\\/online\\\/author\\\/zebeirao\\\/\"}]}<\/script>\n<!-- \/ Yoast SEO plugin. -->","yoast_head_json":{"title":"INC\u00caNDIO EM HABITA\u00c7\u00c3O EM VISEU PROVOCA MORTE DE UM HOMEM - Beir\u00e3o Online","robots":{"index":"index","follow":"follow","max-snippet":"max-snippet:-1","max-image-preview":"max-image-preview:large","max-video-preview":"max-video-preview:-1"},"canonical":"http:\/\/obeirao.pt\/online\/2020\/01\/23\/incendio-em-habitacao-em-viseu-provoca-morte-de-um-homem\/","og_locale":"pt_PT","og_type":"article","og_title":"INC\u00caNDIO EM HABITA\u00c7\u00c3O EM VISEU PROVOCA MORTE DE UM HOMEM - Beir\u00e3o Online","og_description":"tempo de leitura: &lt; 1 minutoUm homem morreu hoje de manh\u00e3 na sequ\u00eancia de um inc\u00eandio na casa onde vivia, na freguesia de Coutos de Viseu, disse \u00e0 ag\u00eancia Lusa [...]","og_url":"http:\/\/obeirao.pt\/online\/2020\/01\/23\/incendio-em-habitacao-em-viseu-provoca-morte-de-um-homem\/","og_site_name":"Beir\u00e3o Online","article_publisher":"https:\/\/pt-br.facebook.com\/pages\/Amigos-de-Tondela\/273620439973877","article_published_time":"2020-01-23T16:37:14+00:00","article_modified_time":"2021-03-18T10:24:07+00:00","og_image":[{"width":752,"height":456,"url":"http:\/\/obeirao.pt\/online\/wp-content\/uploads\/2020\/01\/INEM-Arquivo.jpg","type":"image\/jpeg"}],"author":"Z\u00e9 Beir\u00e3o","twitter_card":"summary_large_image","twitter_creator":"@JoaquimDuarteP2","twitter_site":"@JoaquimDuarteP2","twitter_misc":{"Escrito por":"Z\u00e9 Beir\u00e3o","Tempo estimado de leitura":"1 minuto"},"schema":{"@context":"https:\/\/schema.org","@graph":[{"@type":"Article","@id":"http:\/\/obeirao.pt\/online\/2020\/01\/23\/incendio-em-habitacao-em-viseu-provoca-morte-de-um-homem\/#article","isPartOf":{"@id":"http:\/\/obeirao.pt\/online\/2020\/01\/23\/incendio-em-habitacao-em-viseu-provoca-morte-de-um-homem\/"},"author":{"name":"Z\u00e9 Beir\u00e3o","@id":"http:\/\/obeirao.pt\/online\/#\/schema\/person\/efac69bb5a33873e1c1bb9c1165ff38c"},"headline":"INC\u00caNDIO EM HABITA\u00c7\u00c3O EM VISEU PROVOCA MORTE DE UM HOMEM","datePublished":"2020-01-23T16:37:14+00:00","dateModified":"2021-03-18T10:24:07+00:00","mainEntityOfPage":{"@id":"http:\/\/obeirao.pt\/online\/2020\/01\/23\/incendio-em-habitacao-em-viseu-provoca-morte-de-um-homem\/"},"wordCount":136,"image":{"@id":"http:\/\/obeirao.pt\/online\/2020\/01\/23\/incendio-em-habitacao-em-viseu-provoca-morte-de-um-homem\/#primaryimage"},"thumbnailUrl":"http:\/\/obeirao.pt\/online\/wp-content\/uploads\/2020\/01\/INEM-Arquivo.jpg","articleSection":["_Principal","Viseu"],"inLanguage":"pt-PT"},{"@type":"WebPage","@id":"http:\/\/obeirao.pt\/online\/2020\/01\/23\/incendio-em-habitacao-em-viseu-provoca-morte-de-um-homem\/","url":"http:\/\/obeirao.pt\/online\/2020\/01\/23\/incendio-em-habitacao-em-viseu-provoca-morte-de-um-homem\/","name":"INC\u00caNDIO EM HABITA\u00c7\u00c3O EM VISEU PROVOCA MORTE DE UM HOMEM - Beir\u00e3o Online","isPartOf":{"@id":"http:\/\/obeirao.pt\/online\/#website"},"primaryImageOfPage":{"@id":"http:\/\/obeirao.pt\/online\/2020\/01\/23\/incendio-em-habitacao-em-viseu-provoca-morte-de-um-homem\/#primaryimage"},"image":{"@id":"http:\/\/obeirao.pt\/online\/2020\/01\/23\/incendio-em-habitacao-em-viseu-provoca-morte-de-um-homem\/#primaryimage"},"thumbnailUrl":"http:\/\/obeirao.pt\/online\/wp-content\/uploads\/2020\/01\/INEM-Arquivo.jpg","datePublished":"2020-01-23T16:37:14+00:00","dateModified":"2021-03-18T10:24:07+00:00","author":{"@id":"http:\/\/obeirao.pt\/online\/#\/schema\/person\/efac69bb5a33873e1c1bb9c1165ff38c"},"breadcrumb":{"@id":"http:\/\/obeirao.pt\/online\/2020\/01\/23\/incendio-em-habitacao-em-viseu-provoca-morte-de-um-homem\/#breadcrumb"},"inLanguage":"pt-PT","potentialAction":[{"@type":"ReadAction","target":["http:\/\/obeirao.pt\/online\/2020\/01\/23\/incendio-em-habitacao-em-viseu-provoca-morte-de-um-homem\/"]}]},{"@type":"ImageObject","inLanguage":"pt-PT","@id":"http:\/\/obeirao.pt\/online\/2020\/01\/23\/incendio-em-habitacao-em-viseu-provoca-morte-de-um-homem\/#primaryimage","url":"http:\/\/obeirao.pt\/online\/wp-content\/uploads\/2020\/01\/INEM-Arquivo.jpg","contentUrl":"http:\/\/obeirao.pt\/online\/wp-content\/uploads\/2020\/01\/INEM-Arquivo.jpg","width":752,"height":456},{"@type":"BreadcrumbList","@id":"http:\/\/obeirao.pt\/online\/2020\/01\/23\/incendio-em-habitacao-em-viseu-provoca-morte-de-um-homem\/#breadcrumb","itemListElement":[{"@type":"ListItem","position":1,"name":"Home","item":"http:\/\/obeirao.pt\/online\/"},{"@type":"ListItem","position":2,"name":"INC\u00caNDIO EM HABITA\u00c7\u00c3O EM VISEU PROVOCA MORTE DE UM HOMEM"}]},{"@type":"WebSite","@id":"http:\/\/obeirao.pt\/online\/#website","url":"http:\/\/obeirao.pt\/online\/","name":"Beir\u00e3o Online","description":"www.obeirao.pt","potentialAction":[{"@type":"SearchAction","target":{"@type":"EntryPoint","urlTemplate":"http:\/\/obeirao.pt\/online\/?s={search_term_string}"},"query-input":{"@type":"PropertyValueSpecification","valueRequired":true,"valueName":"search_term_string"}}],"inLanguage":"pt-PT"},{"@type":"Person","@id":"http:\/\/obeirao.pt\/online\/#\/schema\/person\/efac69bb5a33873e1c1bb9c1165ff38c","name":"Z\u00e9 Beir\u00e3o","image":{"@type":"ImageObject","inLanguage":"pt-PT","@id":"http:\/\/0.gravatar.com\/avatar\/c8c44d1f9327baa4d27e9b1149cd71b3?s=96&d=mm&r=g","url":"http:\/\/0.gravatar.com\/avatar\/c8c44d1f9327baa4d27e9b1149cd71b3?s=96&d=mm&r=g","contentUrl":"http:\/\/0.gravatar.com\/avatar\/c8c44d1f9327baa4d27e9b1149cd71b3?s=96&d=mm&r=g","caption":"Z\u00e9 Beir\u00e3o"},"url":"http:\/\/obeirao.pt\/online\/author\/zebeirao\/"}]}},"_links":{"self":[{"href":"http:\/\/obeirao.pt\/online\/wp-json\/wp\/v2\/posts\/4577"}],"collection":[{"href":"http:\/\/obeirao.pt\/online\/wp-json\/wp\/v2\/posts"}],"about":[{"href":"http:\/\/obeirao.pt\/online\/wp-json\/wp\/v2\/types\/post"}],"author":[{"embeddable":true,"href":"http:\/\/obeirao.pt\/online\/wp-json\/wp\/v2\/users\/2"}],"replies":[{"embeddable":true,"href":"http:\/\/obeirao.pt\/online\/wp-json\/wp\/v2\/comments?post=4577"}],"version-history":[{"count":1,"href":"http:\/\/obeirao.pt\/online\/wp-json\/wp\/v2\/posts\/4577\/revisions"}],"predecessor-version":[{"id":4579,"href":"http:\/\/obeirao.pt\/online\/wp-json\/wp\/v2\/posts\/4577\/revisions\/4579"}],"wp:featuredmedia":[{"embeddable":true,"href":"http:\/\/obeirao.pt\/online\/wp-json\/wp\/v2\/media\/4578"}],"wp:attachment":[{"href":"http:\/\/obeirao.pt\/online\/wp-json\/wp\/v2\/media?parent=4577"}],"wp:term":[{"taxonomy":"category","embeddable":true,"href":"http:\/\/obeirao.pt\/online\/wp-json\/wp\/v2\/categories?post=4577"},{"taxonomy":"post_tag","embeddable":true,"href":"http:\/\/obeirao.pt\/online\/wp-json\/wp\/v2\/tags?post=4577"}],"curies":[{"name":"wp","href":"https:\/\/api.w.org\/{rel}","templated":true}]}}