{"id":4583,"date":"2020-01-23T21:45:01","date_gmt":"2020-01-23T21:45:01","guid":{"rendered":"http:\/\/obeirao.pt\/online\/?p=4583"},"modified":"2021-03-18T10:23:53","modified_gmt":"2021-03-18T10:23:53","slug":"municipio-de-tondela-apoia-manifestacao-pelas-obras-nas-urgencias-do-hospital-de-viseu","status":"publish","type":"post","link":"http:\/\/obeirao.pt\/online\/2020\/01\/23\/municipio-de-tondela-apoia-manifestacao-pelas-obras-nas-urgencias-do-hospital-de-viseu\/","title":{"rendered":"MUNIC\u00cdPIO DE TONDELA APOIA MANIFESTA\u00c7\u00c3O PELAS OBRAS NAS URG\u00caNCIAS DO HOSPITAL DE VISEU"},"content":{"rendered":"<span class=\"span-reading-time rt-reading-time\" style=\"display: block;\"><span class=\"rt-label rt-prefix\">tempo de leitura:<\/span> <span class=\"rt-time\"> 2<\/span> <span class=\"rt-label rt-postfix\">minutos<\/span><\/span><p><span style=\"font-size: 24pt\"><strong><a href=\"http:\/\/obeirao.pt\/online\/wp-content\/uploads\/2020\/01\/expresso.pt_.jpg\"><img loading=\"lazy\" decoding=\"async\" class=\"alignleft wp-image-4584 size-medium\" src=\"http:\/\/obeirao.pt\/online\/wp-content\/uploads\/2020\/01\/expresso.pt_-300x169.jpg\" alt=\"\" width=\"300\" height=\"169\" srcset=\"http:\/\/obeirao.pt\/online\/wp-content\/uploads\/2020\/01\/expresso.pt_-300x169.jpg 300w, http:\/\/obeirao.pt\/online\/wp-content\/uploads\/2020\/01\/expresso.pt_-768x432.jpg 768w, http:\/\/obeirao.pt\/online\/wp-content\/uploads\/2020\/01\/expresso.pt_-640x360.jpg 640w, http:\/\/obeirao.pt\/online\/wp-content\/uploads\/2020\/01\/expresso.pt_.jpg 860w\" sizes=\"(max-width: 300px) 100vw, 300px\" \/><\/a><\/strong><\/span><span style=\"font-family: georgia, palatino, serif;font-size: 12pt;color: #000000\"><span style=\"font-size: 14pt\"><strong><em>A C\u00e2mara de Tondela anunciou que vai apoiar a manifesta\u00e7\u00e3o agendada para este s\u00e1bado (25 de Janeiro) em Viseu pelas obras nas urg\u00eancias do Hospital de S. Teot\u00f3nio.<\/em><\/strong><\/span><!--more--><\/span><\/p>\n<p><span style=\"font-family: georgia, palatino, serif;font-size: 12pt;color: #000000\">Neste apoio, integra o projecto do centro oncol\u00f3gico, manifestando-se solid\u00e1ria com a ac\u00e7\u00e3o que decorrer\u00e1 no Rossio.<\/span><\/p>\n<p><span style=\"font-family: georgia, palatino, serif;font-size: 12pt;color: #000000\">A cidade tondelense tem o Hospital C\u00e2ndido de Figueiredo, que, \u00e0 semelhan\u00e7a do S. Teot\u00f3nio, tamb\u00e9m faz parte do Centro Hospitalar Tondela-Viseu (CHTV).<\/span><\/p>\n<p><span style=\"font-family: georgia, palatino, serif;font-size: 14pt;color: #ff0000;background-color: #ffff99\"><strong><em>GOVERNO NEGA O DIREITO DE ACESSO \u00c0 SA\u00daDE<\/em><\/strong><\/span><\/p>\n<p><span style=\"font-family: georgia, palatino, serif;font-size: 12pt;color: #000000\">O apoio foi manifestado pela vereadora da Sa\u00fade, Sofia Ferreira, que referiu que a autarquia \u201c<em>n\u00e3o pode deixar de se associar<\/em>\u201d \u00e0 iniciativa organizada pela Liga dos Amigos do CHTV e acusou o Governo de adiar o acesso ao direito \u00e0 sa\u00fade. Num comunicado, a autarca sublinhou que a amplia\u00e7\u00e3o das urg\u00eancias de Viseu teve financiamento garantido no quadro do Pacto de Desenvolvimento e Coes\u00e3o Territorial, aquando da negocia\u00e7\u00e3o dos fundos comunit\u00e1rios da Comunidade Intermunicipal Viseu D\u00e3o Laf\u00f5es.<\/span><\/p>\n<p><span style=\"font-family: georgia, palatino, serif;font-size: 12pt;color: #000000\"><em>\u201cS\u00f3 era necess\u00e1rio que o Minist\u00e9rio da Sa\u00fade assegurasse a contrapartida nacional, mas tal n\u00e3o aconteceu. Como todos sabemos, essa neglig\u00eancia testemunha-se quase diariamente nos meios de comunica\u00e7\u00e3o social, com in\u00fameros epis\u00f3dios de utentes a testemunharem que passam horas intermin\u00e1veis para aceder a uma consulta no Servi\u00e7o de Urg\u00eancia, em condi\u00e7\u00f5es pouco ou nada dignas<\/em>\u201d, referiu.<\/span><\/p>\n<p><span style=\"font-family: georgia, palatino, serif;font-size: 14pt;color: #ff0000;background-color: #ffff99\"><strong><em>DOIS ANOS SEM QUE A OBRA ARRANCASSE<\/em><\/strong><\/span><\/p>\n<p><span style=\"font-family: georgia, palatino, serif;font-size: 12pt;color: #000000\">Sofia Ferreira lamentou ainda que <em>&#8220;uma obra concursada tenha estado sem poder iniciar-se por falta de empenho do Governo, para uma verba de pouco mais de 50 mil euros por m\u00eas, admitindo que a mesma teria quase dois anos para execu\u00e7\u00e3o&#8221;.<\/em><\/span><\/p>\n<p><span style=\"font-family: georgia, palatino, serif;font-size: 12pt;color: #000000\"><em>&#8220;Lamentamos que tal bloqueio, cativa\u00e7\u00f5es e demais desrespeitos pelas popula\u00e7\u00f5es e pelos profissionais de sa\u00fade tenha levado a que o adjudicat\u00e1rio, dois anos ap\u00f3s ter formulado a proposta e ganho o concurso, desistisse de fazer a obra, porque as condi\u00e7\u00f5es de pre\u00e7o se alteraram, donde resultar\u00e1 (em fun\u00e7\u00e3o do novo concurso a realizar) mais custos para os contribuintes, al\u00e9m de ter adiado por mais anos, uma obra que poderia j\u00e1 estar ao servi\u00e7o das nossas popula\u00e7\u00f5es<\/em>&#8220;, destacou.<\/span><\/p>\n<p>&nbsp;<\/p>\n<p>&nbsp;<\/p>\n","protected":false},"excerpt":{"rendered":"<div class=\"mh-excerpt\"><span class=\"span-reading-time rt-reading-time\" style=\"display: block;\"><span class=\"rt-label rt-prefix\">tempo de leitura:<\/span> <span class=\"rt-time\"> 2<\/span> <span class=\"rt-label rt-postfix\">minutos<\/span><\/span>A C\u00e2mara de Tondela anunciou que vai apoiar a manifesta\u00e7\u00e3o agendada para este s\u00e1bado (25 de Janeiro) em Viseu pelas obras nas urg\u00eancias do Hospital <a class=\"mh-excerpt-more\" href=\"http:\/\/obeirao.pt\/online\/2020\/01\/23\/municipio-de-tondela-apoia-manifestacao-pelas-obras-nas-urgencias-do-hospital-de-viseu\/\" title=\"MUNIC\u00cdPIO DE TONDELA APOIA MANIFESTA\u00c7\u00c3O PELAS OBRAS NAS URG\u00caNCIAS DO HOSPITAL DE VISEU\">[&#8230;]<\/a><\/div>\n","protected":false},"author":2,"featured_media":4584,"comment_status":"closed","ping_status":"closed","sticky":false,"template":"","format":"standard","meta":{"footnotes":""},"categories":[2,201],"tags":[],"class_list":["post-4583","post","type-post","status-publish","format-standard","has-post-thumbnail","hentry","category-principal","category-viseu-comunidade-intermunicipal-viseu-dao-lafoes"],"yoast_head":"<!-- This site is optimized with the Yoast SEO plugin v27.4 - https:\/\/yoast.com\/product\/yoast-seo-wordpress\/ -->\n<title>MUNIC\u00cdPIO DE TONDELA APOIA MANIFESTA\u00c7\u00c3O PELAS OBRAS NAS URG\u00caNCIAS DO HOSPITAL DE VISEU - Beir\u00e3o Online<\/title>\n<meta name=\"robots\" content=\"index, follow, max-snippet:-1, max-image-preview:large, max-video-preview:-1\" \/>\n<link rel=\"canonical\" href=\"http:\/\/obeirao.pt\/online\/2020\/01\/23\/municipio-de-tondela-apoia-manifestacao-pelas-obras-nas-urgencias-do-hospital-de-viseu\/\" \/>\n<meta property=\"og:locale\" content=\"pt_PT\" \/>\n<meta property=\"og:type\" content=\"article\" \/>\n<meta property=\"og:title\" content=\"MUNIC\u00cdPIO DE TONDELA APOIA MANIFESTA\u00c7\u00c3O PELAS OBRAS NAS URG\u00caNCIAS DO HOSPITAL DE VISEU - Beir\u00e3o Online\" \/>\n<meta property=\"og:description\" content=\"tempo de leitura: 2 minutosA C\u00e2mara de Tondela anunciou que vai apoiar a manifesta\u00e7\u00e3o agendada para este s\u00e1bado (25 de Janeiro) em Viseu pelas obras nas urg\u00eancias do Hospital [...]\" \/>\n<meta property=\"og:url\" content=\"http:\/\/obeirao.pt\/online\/2020\/01\/23\/municipio-de-tondela-apoia-manifestacao-pelas-obras-nas-urgencias-do-hospital-de-viseu\/\" \/>\n<meta property=\"og:site_name\" content=\"Beir\u00e3o Online\" \/>\n<meta property=\"article:publisher\" content=\"https:\/\/pt-br.facebook.com\/pages\/Amigos-de-Tondela\/273620439973877\" \/>\n<meta property=\"article:published_time\" content=\"2020-01-23T21:45:01+00:00\" \/>\n<meta property=\"article:modified_time\" content=\"2021-03-18T10:23:53+00:00\" \/>\n<meta property=\"og:image\" content=\"http:\/\/obeirao.pt\/online\/wp-content\/uploads\/2020\/01\/expresso.pt_.jpg\" \/>\n\t<meta property=\"og:image:width\" content=\"860\" \/>\n\t<meta property=\"og:image:height\" content=\"484\" \/>\n\t<meta property=\"og:image:type\" content=\"image\/jpeg\" \/>\n<meta name=\"author\" content=\"Z\u00e9 Beir\u00e3o\" \/>\n<meta name=\"twitter:card\" content=\"summary_large_image\" \/>\n<meta name=\"twitter:creator\" content=\"@JoaquimDuarteP2\" \/>\n<meta name=\"twitter:site\" content=\"@JoaquimDuarteP2\" \/>\n<meta name=\"twitter:label1\" content=\"Escrito por\" \/>\n\t<meta name=\"twitter:data1\" content=\"Z\u00e9 Beir\u00e3o\" \/>\n\t<meta name=\"twitter:label2\" content=\"Tempo estimado de leitura\" \/>\n\t<meta name=\"twitter:data2\" content=\"2 minutos\" \/>\n<script type=\"application\/ld+json\" class=\"yoast-schema-graph\">{\"@context\":\"https:\\\/\\\/schema.org\",\"@graph\":[{\"@type\":\"Article\",\"@id\":\"http:\\\/\\\/obeirao.pt\\\/online\\\/2020\\\/01\\\/23\\\/municipio-de-tondela-apoia-manifestacao-pelas-obras-nas-urgencias-do-hospital-de-viseu\\\/#article\",\"isPartOf\":{\"@id\":\"http:\\\/\\\/obeirao.pt\\\/online\\\/2020\\\/01\\\/23\\\/municipio-de-tondela-apoia-manifestacao-pelas-obras-nas-urgencias-do-hospital-de-viseu\\\/\"},\"author\":{\"name\":\"Z\u00e9 Beir\u00e3o\",\"@id\":\"http:\\\/\\\/obeirao.pt\\\/online\\\/#\\\/schema\\\/person\\\/efac69bb5a33873e1c1bb9c1165ff38c\"},\"headline\":\"MUNIC\u00cdPIO DE TONDELA APOIA MANIFESTA\u00c7\u00c3O PELAS OBRAS NAS URG\u00caNCIAS DO HOSPITAL DE VISEU\",\"datePublished\":\"2020-01-23T21:45:01+00:00\",\"dateModified\":\"2021-03-18T10:23:53+00:00\",\"mainEntityOfPage\":{\"@id\":\"http:\\\/\\\/obeirao.pt\\\/online\\\/2020\\\/01\\\/23\\\/municipio-de-tondela-apoia-manifestacao-pelas-obras-nas-urgencias-do-hospital-de-viseu\\\/\"},\"wordCount\":395,\"image\":{\"@id\":\"http:\\\/\\\/obeirao.pt\\\/online\\\/2020\\\/01\\\/23\\\/municipio-de-tondela-apoia-manifestacao-pelas-obras-nas-urgencias-do-hospital-de-viseu\\\/#primaryimage\"},\"thumbnailUrl\":\"http:\\\/\\\/obeirao.pt\\\/online\\\/wp-content\\\/uploads\\\/2020\\\/01\\\/expresso.pt_.jpg\",\"articleSection\":[\"_Principal\",\"Viseu\"],\"inLanguage\":\"pt-PT\"},{\"@type\":\"WebPage\",\"@id\":\"http:\\\/\\\/obeirao.pt\\\/online\\\/2020\\\/01\\\/23\\\/municipio-de-tondela-apoia-manifestacao-pelas-obras-nas-urgencias-do-hospital-de-viseu\\\/\",\"url\":\"http:\\\/\\\/obeirao.pt\\\/online\\\/2020\\\/01\\\/23\\\/municipio-de-tondela-apoia-manifestacao-pelas-obras-nas-urgencias-do-hospital-de-viseu\\\/\",\"name\":\"MUNIC\u00cdPIO DE TONDELA APOIA MANIFESTA\u00c7\u00c3O PELAS OBRAS NAS URG\u00caNCIAS DO HOSPITAL DE VISEU - Beir\u00e3o Online\",\"isPartOf\":{\"@id\":\"http:\\\/\\\/obeirao.pt\\\/online\\\/#website\"},\"primaryImageOfPage\":{\"@id\":\"http:\\\/\\\/obeirao.pt\\\/online\\\/2020\\\/01\\\/23\\\/municipio-de-tondela-apoia-manifestacao-pelas-obras-nas-urgencias-do-hospital-de-viseu\\\/#primaryimage\"},\"image\":{\"@id\":\"http:\\\/\\\/obeirao.pt\\\/online\\\/2020\\\/01\\\/23\\\/municipio-de-tondela-apoia-manifestacao-pelas-obras-nas-urgencias-do-hospital-de-viseu\\\/#primaryimage\"},\"thumbnailUrl\":\"http:\\\/\\\/obeirao.pt\\\/online\\\/wp-content\\\/uploads\\\/2020\\\/01\\\/expresso.pt_.jpg\",\"datePublished\":\"2020-01-23T21:45:01+00:00\",\"dateModified\":\"2021-03-18T10:23:53+00:00\",\"author\":{\"@id\":\"http:\\\/\\\/obeirao.pt\\\/online\\\/#\\\/schema\\\/person\\\/efac69bb5a33873e1c1bb9c1165ff38c\"},\"breadcrumb\":{\"@id\":\"http:\\\/\\\/obeirao.pt\\\/online\\\/2020\\\/01\\\/23\\\/municipio-de-tondela-apoia-manifestacao-pelas-obras-nas-urgencias-do-hospital-de-viseu\\\/#breadcrumb\"},\"inLanguage\":\"pt-PT\",\"potentialAction\":[{\"@type\":\"ReadAction\",\"target\":[\"http:\\\/\\\/obeirao.pt\\\/online\\\/2020\\\/01\\\/23\\\/municipio-de-tondela-apoia-manifestacao-pelas-obras-nas-urgencias-do-hospital-de-viseu\\\/\"]}]},{\"@type\":\"ImageObject\",\"inLanguage\":\"pt-PT\",\"@id\":\"http:\\\/\\\/obeirao.pt\\\/online\\\/2020\\\/01\\\/23\\\/municipio-de-tondela-apoia-manifestacao-pelas-obras-nas-urgencias-do-hospital-de-viseu\\\/#primaryimage\",\"url\":\"http:\\\/\\\/obeirao.pt\\\/online\\\/wp-content\\\/uploads\\\/2020\\\/01\\\/expresso.pt_.jpg\",\"contentUrl\":\"http:\\\/\\\/obeirao.pt\\\/online\\\/wp-content\\\/uploads\\\/2020\\\/01\\\/expresso.pt_.jpg\",\"width\":860,\"height\":484},{\"@type\":\"BreadcrumbList\",\"@id\":\"http:\\\/\\\/obeirao.pt\\\/online\\\/2020\\\/01\\\/23\\\/municipio-de-tondela-apoia-manifestacao-pelas-obras-nas-urgencias-do-hospital-de-viseu\\\/#breadcrumb\",\"itemListElement\":[{\"@type\":\"ListItem\",\"position\":1,\"name\":\"Home\",\"item\":\"http:\\\/\\\/obeirao.pt\\\/online\\\/\"},{\"@type\":\"ListItem\",\"position\":2,\"name\":\"MUNIC\u00cdPIO DE TONDELA APOIA MANIFESTA\u00c7\u00c3O PELAS OBRAS NAS URG\u00caNCIAS DO HOSPITAL DE VISEU\"}]},{\"@type\":\"WebSite\",\"@id\":\"http:\\\/\\\/obeirao.pt\\\/online\\\/#website\",\"url\":\"http:\\\/\\\/obeirao.pt\\\/online\\\/\",\"name\":\"Beir\u00e3o Online\",\"description\":\"www.obeirao.pt\",\"potentialAction\":[{\"@type\":\"SearchAction\",\"target\":{\"@type\":\"EntryPoint\",\"urlTemplate\":\"http:\\\/\\\/obeirao.pt\\\/online\\\/?s={search_term_string}\"},\"query-input\":{\"@type\":\"PropertyValueSpecification\",\"valueRequired\":true,\"valueName\":\"search_term_string\"}}],\"inLanguage\":\"pt-PT\"},{\"@type\":\"Person\",\"@id\":\"http:\\\/\\\/obeirao.pt\\\/online\\\/#\\\/schema\\\/person\\\/efac69bb5a33873e1c1bb9c1165ff38c\",\"name\":\"Z\u00e9 Beir\u00e3o\",\"image\":{\"@type\":\"ImageObject\",\"inLanguage\":\"pt-PT\",\"@id\":\"http:\\\/\\\/0.gravatar.com\\\/avatar\\\/c8c44d1f9327baa4d27e9b1149cd71b3?s=96&d=mm&r=g\",\"url\":\"http:\\\/\\\/0.gravatar.com\\\/avatar\\\/c8c44d1f9327baa4d27e9b1149cd71b3?s=96&d=mm&r=g\",\"contentUrl\":\"http:\\\/\\\/0.gravatar.com\\\/avatar\\\/c8c44d1f9327baa4d27e9b1149cd71b3?s=96&d=mm&r=g\",\"caption\":\"Z\u00e9 Beir\u00e3o\"},\"url\":\"http:\\\/\\\/obeirao.pt\\\/online\\\/author\\\/zebeirao\\\/\"}]}<\/script>\n<!-- \/ Yoast SEO plugin. -->","yoast_head_json":{"title":"MUNIC\u00cdPIO DE TONDELA APOIA MANIFESTA\u00c7\u00c3O PELAS OBRAS NAS URG\u00caNCIAS DO HOSPITAL DE VISEU - Beir\u00e3o Online","robots":{"index":"index","follow":"follow","max-snippet":"max-snippet:-1","max-image-preview":"max-image-preview:large","max-video-preview":"max-video-preview:-1"},"canonical":"http:\/\/obeirao.pt\/online\/2020\/01\/23\/municipio-de-tondela-apoia-manifestacao-pelas-obras-nas-urgencias-do-hospital-de-viseu\/","og_locale":"pt_PT","og_type":"article","og_title":"MUNIC\u00cdPIO DE TONDELA APOIA MANIFESTA\u00c7\u00c3O PELAS OBRAS NAS URG\u00caNCIAS DO HOSPITAL DE VISEU - Beir\u00e3o Online","og_description":"tempo de leitura: 2 minutosA C\u00e2mara de Tondela anunciou que vai apoiar a manifesta\u00e7\u00e3o agendada para este s\u00e1bado (25 de Janeiro) em Viseu pelas obras nas urg\u00eancias do Hospital [...]","og_url":"http:\/\/obeirao.pt\/online\/2020\/01\/23\/municipio-de-tondela-apoia-manifestacao-pelas-obras-nas-urgencias-do-hospital-de-viseu\/","og_site_name":"Beir\u00e3o Online","article_publisher":"https:\/\/pt-br.facebook.com\/pages\/Amigos-de-Tondela\/273620439973877","article_published_time":"2020-01-23T21:45:01+00:00","article_modified_time":"2021-03-18T10:23:53+00:00","og_image":[{"width":860,"height":484,"url":"http:\/\/obeirao.pt\/online\/wp-content\/uploads\/2020\/01\/expresso.pt_.jpg","type":"image\/jpeg"}],"author":"Z\u00e9 Beir\u00e3o","twitter_card":"summary_large_image","twitter_creator":"@JoaquimDuarteP2","twitter_site":"@JoaquimDuarteP2","twitter_misc":{"Escrito por":"Z\u00e9 Beir\u00e3o","Tempo estimado de leitura":"2 minutos"},"schema":{"@context":"https:\/\/schema.org","@graph":[{"@type":"Article","@id":"http:\/\/obeirao.pt\/online\/2020\/01\/23\/municipio-de-tondela-apoia-manifestacao-pelas-obras-nas-urgencias-do-hospital-de-viseu\/#article","isPartOf":{"@id":"http:\/\/obeirao.pt\/online\/2020\/01\/23\/municipio-de-tondela-apoia-manifestacao-pelas-obras-nas-urgencias-do-hospital-de-viseu\/"},"author":{"name":"Z\u00e9 Beir\u00e3o","@id":"http:\/\/obeirao.pt\/online\/#\/schema\/person\/efac69bb5a33873e1c1bb9c1165ff38c"},"headline":"MUNIC\u00cdPIO DE TONDELA APOIA MANIFESTA\u00c7\u00c3O PELAS OBRAS NAS URG\u00caNCIAS DO HOSPITAL DE VISEU","datePublished":"2020-01-23T21:45:01+00:00","dateModified":"2021-03-18T10:23:53+00:00","mainEntityOfPage":{"@id":"http:\/\/obeirao.pt\/online\/2020\/01\/23\/municipio-de-tondela-apoia-manifestacao-pelas-obras-nas-urgencias-do-hospital-de-viseu\/"},"wordCount":395,"image":{"@id":"http:\/\/obeirao.pt\/online\/2020\/01\/23\/municipio-de-tondela-apoia-manifestacao-pelas-obras-nas-urgencias-do-hospital-de-viseu\/#primaryimage"},"thumbnailUrl":"http:\/\/obeirao.pt\/online\/wp-content\/uploads\/2020\/01\/expresso.pt_.jpg","articleSection":["_Principal","Viseu"],"inLanguage":"pt-PT"},{"@type":"WebPage","@id":"http:\/\/obeirao.pt\/online\/2020\/01\/23\/municipio-de-tondela-apoia-manifestacao-pelas-obras-nas-urgencias-do-hospital-de-viseu\/","url":"http:\/\/obeirao.pt\/online\/2020\/01\/23\/municipio-de-tondela-apoia-manifestacao-pelas-obras-nas-urgencias-do-hospital-de-viseu\/","name":"MUNIC\u00cdPIO DE TONDELA APOIA MANIFESTA\u00c7\u00c3O PELAS OBRAS NAS URG\u00caNCIAS DO HOSPITAL DE VISEU - Beir\u00e3o Online","isPartOf":{"@id":"http:\/\/obeirao.pt\/online\/#website"},"primaryImageOfPage":{"@id":"http:\/\/obeirao.pt\/online\/2020\/01\/23\/municipio-de-tondela-apoia-manifestacao-pelas-obras-nas-urgencias-do-hospital-de-viseu\/#primaryimage"},"image":{"@id":"http:\/\/obeirao.pt\/online\/2020\/01\/23\/municipio-de-tondela-apoia-manifestacao-pelas-obras-nas-urgencias-do-hospital-de-viseu\/#primaryimage"},"thumbnailUrl":"http:\/\/obeirao.pt\/online\/wp-content\/uploads\/2020\/01\/expresso.pt_.jpg","datePublished":"2020-01-23T21:45:01+00:00","dateModified":"2021-03-18T10:23:53+00:00","author":{"@id":"http:\/\/obeirao.pt\/online\/#\/schema\/person\/efac69bb5a33873e1c1bb9c1165ff38c"},"breadcrumb":{"@id":"http:\/\/obeirao.pt\/online\/2020\/01\/23\/municipio-de-tondela-apoia-manifestacao-pelas-obras-nas-urgencias-do-hospital-de-viseu\/#breadcrumb"},"inLanguage":"pt-PT","potentialAction":[{"@type":"ReadAction","target":["http:\/\/obeirao.pt\/online\/2020\/01\/23\/municipio-de-tondela-apoia-manifestacao-pelas-obras-nas-urgencias-do-hospital-de-viseu\/"]}]},{"@type":"ImageObject","inLanguage":"pt-PT","@id":"http:\/\/obeirao.pt\/online\/2020\/01\/23\/municipio-de-tondela-apoia-manifestacao-pelas-obras-nas-urgencias-do-hospital-de-viseu\/#primaryimage","url":"http:\/\/obeirao.pt\/online\/wp-content\/uploads\/2020\/01\/expresso.pt_.jpg","contentUrl":"http:\/\/obeirao.pt\/online\/wp-content\/uploads\/2020\/01\/expresso.pt_.jpg","width":860,"height":484},{"@type":"BreadcrumbList","@id":"http:\/\/obeirao.pt\/online\/2020\/01\/23\/municipio-de-tondela-apoia-manifestacao-pelas-obras-nas-urgencias-do-hospital-de-viseu\/#breadcrumb","itemListElement":[{"@type":"ListItem","position":1,"name":"Home","item":"http:\/\/obeirao.pt\/online\/"},{"@type":"ListItem","position":2,"name":"MUNIC\u00cdPIO DE TONDELA APOIA MANIFESTA\u00c7\u00c3O PELAS OBRAS NAS URG\u00caNCIAS DO HOSPITAL DE VISEU"}]},{"@type":"WebSite","@id":"http:\/\/obeirao.pt\/online\/#website","url":"http:\/\/obeirao.pt\/online\/","name":"Beir\u00e3o Online","description":"www.obeirao.pt","potentialAction":[{"@type":"SearchAction","target":{"@type":"EntryPoint","urlTemplate":"http:\/\/obeirao.pt\/online\/?s={search_term_string}"},"query-input":{"@type":"PropertyValueSpecification","valueRequired":true,"valueName":"search_term_string"}}],"inLanguage":"pt-PT"},{"@type":"Person","@id":"http:\/\/obeirao.pt\/online\/#\/schema\/person\/efac69bb5a33873e1c1bb9c1165ff38c","name":"Z\u00e9 Beir\u00e3o","image":{"@type":"ImageObject","inLanguage":"pt-PT","@id":"http:\/\/0.gravatar.com\/avatar\/c8c44d1f9327baa4d27e9b1149cd71b3?s=96&d=mm&r=g","url":"http:\/\/0.gravatar.com\/avatar\/c8c44d1f9327baa4d27e9b1149cd71b3?s=96&d=mm&r=g","contentUrl":"http:\/\/0.gravatar.com\/avatar\/c8c44d1f9327baa4d27e9b1149cd71b3?s=96&d=mm&r=g","caption":"Z\u00e9 Beir\u00e3o"},"url":"http:\/\/obeirao.pt\/online\/author\/zebeirao\/"}]}},"_links":{"self":[{"href":"http:\/\/obeirao.pt\/online\/wp-json\/wp\/v2\/posts\/4583"}],"collection":[{"href":"http:\/\/obeirao.pt\/online\/wp-json\/wp\/v2\/posts"}],"about":[{"href":"http:\/\/obeirao.pt\/online\/wp-json\/wp\/v2\/types\/post"}],"author":[{"embeddable":true,"href":"http:\/\/obeirao.pt\/online\/wp-json\/wp\/v2\/users\/2"}],"replies":[{"embeddable":true,"href":"http:\/\/obeirao.pt\/online\/wp-json\/wp\/v2\/comments?post=4583"}],"version-history":[{"count":1,"href":"http:\/\/obeirao.pt\/online\/wp-json\/wp\/v2\/posts\/4583\/revisions"}],"predecessor-version":[{"id":4585,"href":"http:\/\/obeirao.pt\/online\/wp-json\/wp\/v2\/posts\/4583\/revisions\/4585"}],"wp:featuredmedia":[{"embeddable":true,"href":"http:\/\/obeirao.pt\/online\/wp-json\/wp\/v2\/media\/4584"}],"wp:attachment":[{"href":"http:\/\/obeirao.pt\/online\/wp-json\/wp\/v2\/media?parent=4583"}],"wp:term":[{"taxonomy":"category","embeddable":true,"href":"http:\/\/obeirao.pt\/online\/wp-json\/wp\/v2\/categories?post=4583"},{"taxonomy":"post_tag","embeddable":true,"href":"http:\/\/obeirao.pt\/online\/wp-json\/wp\/v2\/tags?post=4583"}],"curies":[{"name":"wp","href":"https:\/\/api.w.org\/{rel}","templated":true}]}}