{"id":4620,"date":"2020-01-29T19:17:08","date_gmt":"2020-01-29T19:17:08","guid":{"rendered":"http:\/\/obeirao.pt\/online\/?p=4620"},"modified":"2020-01-30T17:07:41","modified_gmt":"2020-01-30T17:07:41","slug":"rotary-clube-de-tondela-distingue-merito-profissional-de-joao-rebelo-cotta","status":"publish","type":"post","link":"http:\/\/obeirao.pt\/online\/2020\/01\/29\/rotary-clube-de-tondela-distingue-merito-profissional-de-joao-rebelo-cotta\/","title":{"rendered":"ROTARY CLUBE DE TONDELA DISTINGUE M\u00c9RITO PROFISSIONAL DE JO\u00c3O REBELO COTTA"},"content":{"rendered":"<span class=\"span-reading-time rt-reading-time\" style=\"display: block;\"><span class=\"rt-label rt-prefix\">tempo de leitura:<\/span> <span class=\"rt-time\"> 6<\/span> <span class=\"rt-label rt-postfix\">minutos<\/span><\/span><p><a href=\"http:\/\/obeirao.pt\/online\/wp-content\/uploads\/2020\/01\/Presidente-do-Munic\u00edpio-no-uso-da-palavra.jpg\"><img loading=\"lazy\" decoding=\"async\" class=\"wp-image-4621 size-medium alignleft\" src=\"http:\/\/obeirao.pt\/online\/wp-content\/uploads\/2020\/01\/Presidente-do-Munic\u00edpio-no-uso-da-palavra-300x210.jpg\" alt=\"\" width=\"300\" height=\"210\" srcset=\"http:\/\/obeirao.pt\/online\/wp-content\/uploads\/2020\/01\/Presidente-do-Munic\u00edpio-no-uso-da-palavra-300x210.jpg 300w, http:\/\/obeirao.pt\/online\/wp-content\/uploads\/2020\/01\/Presidente-do-Munic\u00edpio-no-uso-da-palavra-768x538.jpg 768w, http:\/\/obeirao.pt\/online\/wp-content\/uploads\/2020\/01\/Presidente-do-Munic\u00edpio-no-uso-da-palavra-640x448.jpg 640w, http:\/\/obeirao.pt\/online\/wp-content\/uploads\/2020\/01\/Presidente-do-Munic\u00edpio-no-uso-da-palavra.jpg 1022w\" sizes=\"(max-width: 300px) 100vw, 300px\" \/><\/a><\/p>\n<p><span style=\"font-size: 14pt\"><strong><em><span style=\"font-family: georgia, palatino, serif\">Como acontece todos os anos, em Janeiro, o ainda jovem clube rot\u00e1rio, que completa 16 anos de exist\u00eancia no pr\u00f3ximo dia 16 de Mar\u00e7o, presta tributo a mais uma figura de prest\u00edgio e de merecimento, no mundo profissional e empresarial e j\u00e1 s\u00e3o 16 os homenageados.<\/span><\/em><\/strong><\/span><!--more--><\/p>\n<p><a href=\"http:\/\/obeirao.pt\/online\/wp-content\/uploads\/2020\/01\/O-tributo-a-jo\u00e3o-Cotta-2.jpg\"><img loading=\"lazy\" decoding=\"async\" class=\"wp-image-4624  alignright\" src=\"http:\/\/obeirao.pt\/online\/wp-content\/uploads\/2020\/01\/O-tributo-a-jo\u00e3o-Cotta-2-300x179.jpg\" alt=\"\" width=\"350\" height=\"209\" srcset=\"http:\/\/obeirao.pt\/online\/wp-content\/uploads\/2020\/01\/O-tributo-a-jo\u00e3o-Cotta-2-300x179.jpg 300w, http:\/\/obeirao.pt\/online\/wp-content\/uploads\/2020\/01\/O-tributo-a-jo\u00e3o-Cotta-2-768x459.jpg 768w, http:\/\/obeirao.pt\/online\/wp-content\/uploads\/2020\/01\/O-tributo-a-jo\u00e3o-Cotta-2.jpg 1024w, http:\/\/obeirao.pt\/online\/wp-content\/uploads\/2020\/01\/O-tributo-a-jo\u00e3o-Cotta-2-640x383.jpg 640w\" sizes=\"(max-width: 350px) 100vw, 350px\" \/><\/a><\/p>\n<p><span style=\"font-family: georgia, palatino, serif;color: #000000\">Para o fazer, escolheu o ambiente acolhedor do categorizado restaurante t\u00edpico \u201cTr\u00eas Pipos\u201d, onde marcaram presen\u00e7a os clubes rot\u00e1rios de Viseu, Mangualde, Curia\/Bairrada, \u00c1gueda, Sever do Vouga e, claro, o clube anfitri\u00e3o.<\/span><\/p>\n<p><span style=\"font-family: georgia, palatino, serif;color: #000000\">A praxe de mais um dia de trabalho, come\u00e7ou com a interven\u00e7\u00e3o de Filomena Matos, do protocolo, com palavras destinadas a bem predispor os presentes para os momentos marcantes da sess\u00e3o, com a degusta\u00e7\u00e3o de um magn\u00edfico repasto regado com excelentes n\u00e9ctares do D\u00e3o, depois que foi feita a sauda\u00e7\u00e3o \u00e0s bandeiras, com o past-governador do Distrito Rot\u00e1rio, Ant\u00f3nio Pais Madeira, o presidente da C\u00e2mara Municipal de Tondela, Jos\u00e9 Ant\u00f3nio de Jesus e o homenageado de 2020.<\/span><\/p>\n<p><span style=\"font-family: georgia, palatino, serif;color: #000000\">No momento azado, usaram da palavra v\u00e1rios oradores, nomeadamente, Felisberto Figueiredo, na qualidade de secret\u00e1rio do RCT, o presidente do Rotary Clube de Viseu, Abel Figueiredo, Marina Leit\u00e3o, Jo\u00e3o Cotta, o presidente do Munic\u00edpio e o presidente do clube, Tito Almiro.<\/span><\/p>\n<ul style=\"list-style-type: circle\">\n<li><span style=\"font-family: georgia, palatino, serif;font-size: 14pt;color: #0000ff;background-color: #ffff00\"><strong><em>JO\u00c3O REBELO COTTA TRANSFORMOU SONHOS EM REALIDADES<\/em><\/strong><\/span><\/li>\n<\/ul>\n<p><a href=\"http:\/\/obeirao.pt\/online\/wp-content\/uploads\/2020\/01\/O-tributo-a-Jo\u00e3o-Cotta-3.jpg\"><img loading=\"lazy\" decoding=\"async\" class=\"wp-image-4626 size-medium alignleft\" src=\"http:\/\/obeirao.pt\/online\/wp-content\/uploads\/2020\/01\/O-tributo-a-Jo\u00e3o-Cotta-3-300x202.jpg\" alt=\"\" width=\"300\" height=\"202\" srcset=\"http:\/\/obeirao.pt\/online\/wp-content\/uploads\/2020\/01\/O-tributo-a-Jo\u00e3o-Cotta-3-300x202.jpg 300w, http:\/\/obeirao.pt\/online\/wp-content\/uploads\/2020\/01\/O-tributo-a-Jo\u00e3o-Cotta-3-768x518.jpg 768w, http:\/\/obeirao.pt\/online\/wp-content\/uploads\/2020\/01\/O-tributo-a-Jo\u00e3o-Cotta-3.jpg 1024w, http:\/\/obeirao.pt\/online\/wp-content\/uploads\/2020\/01\/O-tributo-a-Jo\u00e3o-Cotta-3-640x432.jpg 640w\" sizes=\"(max-width: 300px) 100vw, 300px\" \/><\/a><\/p>\n<p><span style=\"font-family: georgia, palatino, serif;color: #000000\">Felisberto Figueiredo, focado no perfil do homenageado, destacou o seu percurso de vida \u201c<em>somando \u00eaxitos, pela persist\u00eancia com que enfrenta desafios e pela determina\u00e7\u00e3o com que persegue sonhos\u201d.<\/em><\/span><\/p>\n<p><span style=\"font-family: georgia, palatino, serif;color: #000000\">Jo\u00e3o Cotta, agora com 57 anos, nasceu em Benguela, onde os seus pais eram professores, tendo vindo com 12 anos para Portugal onde, em Viseu, passou a sua adolesc\u00eancia, terra natal do pai e onde o av\u00f4 era propriet\u00e1rio da famosa Camisaria Rebelo e l\u00e1 fez o 5.\u00ba ano.<\/span><\/p>\n<p><span style=\"font-family: georgia, palatino, serif;color: #000000\">Em Lisboa, acabou os estudos liceais e fez o curso de Medicina Veterin\u00e1ria, n\u00e3o tendo qualquer dificuldade em arranjar emprego, pois o pr\u00f3prio av\u00f4, atrav\u00e9s de um outro amigo de Jo\u00e3o Lacerda, o dono da Garagem Lopes, conseguiu-lhe uma boa coloca\u00e7\u00e3o como veterin\u00e1rio dos avi\u00e1rios do Caramulo, em 1985.<\/span><\/p>\n<p><span style=\"font-family: georgia, palatino, serif;color: #000000\">O sonhador, esteve 14 anos na serra, mas nos \u00faltimos quatro j\u00e1 bailava na sua cabe\u00e7a o desejo der ter uma empresa sua. Com 30 anos, atingiu o cargo de director t\u00e9cnico dos avi\u00e1rios do Grupo Nutroton, mas desejava ir mais al\u00e9m.<\/span><\/p>\n<p><span style=\"font-family: georgia, palatino, serif;color: #000000\">Como lembrou Felisberto Figueiredo, perante a tend\u00eancia forte para o refor\u00e7o do controlo de seguran\u00e7a alimentar, o Dr. Jo\u00e3o Rebelo Cotta, com 37 anos e tr\u00eas filhos, criou a Contolvet, em Tondela, em parceria com dois s\u00f3cios, tamb\u00e9m veterin\u00e1rios.<\/span><\/p>\n<p><span style=\"font-family: georgia, palatino, serif;color: #000000\">Foram investidos 500.000 mil euros num laborat\u00f3rio para an\u00e1lises de produtos alimentares e de certifica\u00e7\u00e3o de qualidade, tanto da origem, como do pr\u00f3prio ambiente onde s\u00e3o produzidos, transformados e conservados.<\/span><\/p>\n<p><span style=\"font-family: georgia, palatino, serif;color: #000000\">Demonstrando a sua fibra, Jo\u00e3o Cotta internacionalizou a sua empresa, criando uma pequena multinacional com mais de 100 trabalhadores, entre Tondela, Madrid, Poznan, Nampula e Luanda, com uma carteira de clientes de luxo, nomeadamente, Continente, Pingo Doce e Ibersol e uma factura\u00e7\u00e3o de v\u00e1rios milh\u00f5es de euros.<\/span><\/p>\n<ul style=\"list-style-type: circle\">\n<li><span style=\"font-family: georgia, palatino, serif;font-size: 14pt;color: #0000ff;background-color: #ffff00\"><strong><em>NOVOS CAMINHOS DO FUTURO<\/em><\/strong><\/span><\/li>\n<\/ul>\n<p><a href=\"http:\/\/obeirao.pt\/online\/wp-content\/uploads\/2020\/01\/O-tributo-a-jo\u00e3o-Cotta-5-Tito.jpg\"><img loading=\"lazy\" decoding=\"async\" class=\"wp-image-4629 size-medium alignright\" src=\"http:\/\/obeirao.pt\/online\/wp-content\/uploads\/2020\/01\/O-tributo-a-jo\u00e3o-Cotta-5-Tito-300x157.jpg\" alt=\"\" width=\"300\" height=\"157\" srcset=\"http:\/\/obeirao.pt\/online\/wp-content\/uploads\/2020\/01\/O-tributo-a-jo\u00e3o-Cotta-5-Tito-300x157.jpg 300w, http:\/\/obeirao.pt\/online\/wp-content\/uploads\/2020\/01\/O-tributo-a-jo\u00e3o-Cotta-5-Tito-768x402.jpg 768w, http:\/\/obeirao.pt\/online\/wp-content\/uploads\/2020\/01\/O-tributo-a-jo\u00e3o-Cotta-5-Tito.jpg 1024w, http:\/\/obeirao.pt\/online\/wp-content\/uploads\/2020\/01\/O-tributo-a-jo\u00e3o-Cotta-5-Tito-640x335.jpg 640w\" sizes=\"(max-width: 300px) 100vw, 300px\" \/><\/a><\/p>\n<p><span style=\"font-family: georgia, palatino, serif;color: #000000\">Jo\u00e3o Cotta, segundo o orador, n\u00e3o deixa de sonhar e tem ambi\u00e7\u00e3o de que o Instituto Polit\u00e9cnico de Viseu possa transformar-se em Universidade Polit\u00e9cnica de Ci\u00eancias Aplicadas, enveredando pela investiga\u00e7\u00e3o de ponta e pela inova\u00e7\u00e3o, o melhor caminho para garantir passos firmes em direc\u00e7\u00e3o ao futuro, para colocar o distrito e o pa\u00eds nos patamares cimeiros do desenvolvimento.<\/span><\/p>\n<p><span style=\"font-family: georgia, palatino, serif;color: #000000\">Ele acredita e sabe, por experi\u00eancia, que a forma\u00e7\u00e3o e a investiga\u00e7\u00e3o, inovando sempre, s\u00e3o caminhos do futuro e a garantia de atrair e fixar no interior as gera\u00e7\u00f5es mais novas.<\/span><\/p>\n<p><span style=\"font-family: georgia, palatino, serif;color: #000000\"><em>\u201c\u00c9 a sua veia de sinaleiro, apontando caminhos<\/em>\u201d, como disse Felisberto Figueiredo, lembrando o dilema que teve Jo\u00e3o Cotta, quando ainda jovem, de querer ser sinaleiro ou veterin\u00e1rio.<\/span><\/p>\n<ul style=\"list-style-type: circle\">\n<li><span style=\"font-family: georgia, palatino, serif;font-size: 14pt;color: #0000ff;background-color: #ffff00\"><strong><em>PERCURSO EMPRESARIAL DE SUCESSO<\/em><\/strong><\/span><\/li>\n<\/ul>\n<p><a href=\"http:\/\/obeirao.pt\/online\/wp-content\/uploads\/2020\/01\/Tributo-a-Jo\u00e3o-Cotta-4-o-pr\u00f3prio.jpg\"><img loading=\"lazy\" decoding=\"async\" class=\"wp-image-4627 size-medium alignleft\" src=\"http:\/\/obeirao.pt\/online\/wp-content\/uploads\/2020\/01\/Tributo-a-Jo\u00e3o-Cotta-4-o-pr\u00f3prio-300x199.jpg\" alt=\"\" width=\"300\" height=\"199\" srcset=\"http:\/\/obeirao.pt\/online\/wp-content\/uploads\/2020\/01\/Tributo-a-Jo\u00e3o-Cotta-4-o-pr\u00f3prio-300x199.jpg 300w, http:\/\/obeirao.pt\/online\/wp-content\/uploads\/2020\/01\/Tributo-a-Jo\u00e3o-Cotta-4-o-pr\u00f3prio-768x508.jpg 768w, http:\/\/obeirao.pt\/online\/wp-content\/uploads\/2020\/01\/Tributo-a-Jo\u00e3o-Cotta-4-o-pr\u00f3prio.jpg 1024w, http:\/\/obeirao.pt\/online\/wp-content\/uploads\/2020\/01\/Tributo-a-Jo\u00e3o-Cotta-4-o-pr\u00f3prio-640x424.jpg 640w\" sizes=\"(max-width: 300px) 100vw, 300px\" \/><\/a><\/p>\n<p><span style=\"font-family: georgia, palatino, serif;color: #000000\">O homenageado sublinhou os tra\u00e7os determinantes da sua carreira no ramo da veterin\u00e1ria, apontando a engenheira Marina, como respons\u00e1vel <em>\u201cpelo bom acolhimento\u201d<\/em> que teve no Caramulo e, dizendo mover-se por projectos e gostando de construir coisas, como disse, ajudou a criar, em Tondela, uma associa\u00e7\u00e3o de Pais, o ATL, foi um dos mentores do grupo coral polif\u00f3nico de Tondela, tendo depois criado a Controlvet em 1999.<\/span><\/p>\n<p><span style=\"font-family: georgia, palatino, serif;color: #000000\">No in\u00edcio, a empresa era composta, apenas, por cinco pessoas a trabalhar, com ele inclu\u00eddo e assim foi crescendo, at\u00e9 que, em 2015, como disse, <em>\u201cpor quest\u00f5es estrat\u00e9gicas\u201d <\/em>e devido \u00e0 press\u00e3o dos seus clientes, foi criada uma multinacional, estando em Portugal, Espanha e Pol\u00f3nia e integrou um grupo australiano (ALS) e hoje, s\u00f3 em Portugal, em Tondela<em>, \u201csomos 178 pessoas e, com o apoio da ALS, fomos investindo e comprando outros laborat\u00f3rios e hoje somos 900 pessoas s\u00f3 na Europa do Sul, Portugal, Espanha, It\u00e1lia e Turquia e, apesar de ter vendido a empresa ao grupo australiano continuei a ser o director-geral da empresa e com enorme autonomia<\/em>\u201d.<\/span><\/p>\n<p><span style=\"font-family: georgia, palatino, serif;color: #000000\">Na sua \u00e2nsia de criar e de intervir activamente nas coisas da regi\u00e3o, o homenageado salientou, ainda, uma outra faceta da sua vida, a de dirigente associativo empresarial, tendo servido a AIRV \u2013 Associa\u00e7\u00e3o Industrial da Regi\u00e3o de Viseu, onde foi presidente da direc\u00e7\u00e3o e presidente da assembleia-geral durante muitos anos, porque, como disse, gosta muito da AIRV, deixando claro que a tinha ajudado a ultrapassar \u201c<em>um<\/em> m<em>omento menos<\/em> <em>positivo<\/em>\u201d da sua exist\u00eancia.<\/span><\/p>\n<p><span style=\"font-family: georgia, palatino, serif;color: #000000\">Mas Jo\u00e3o Cotta tamb\u00e9m gosta da comunica\u00e7\u00e3o social, sendo accionista do \u201cJornal do Centro\u201d, do qual s\u00f3 diz ver o jornal <em>\u201cquando vai para a gr\u00e1fica\u201d,<\/em> n\u00e3o metendo <em>\u201cnem colher nem garfo\u201d <\/em>na linha editorial, como deixou claro.<\/span><\/p>\n<ul style=\"list-style-type: circle\">\n<li><span style=\"font-family: georgia, palatino, serif;font-size: 14pt;color: #0000ff;background-color: #ffff00\"><strong><em>EMPREENDEDORES CAPAZES DE INOVAR E DESAFIAR O FUTURO<\/em><\/strong><\/span><\/li>\n<\/ul>\n<p><a href=\"http:\/\/obeirao.pt\/online\/wp-content\/uploads\/2020\/01\/Jos\u00e9-Ant\u00f3nio-Past-governador-e-Jo\u00e3o-Cotta.jpg\"><img loading=\"lazy\" decoding=\"async\" class=\"wp-image-4628 size-medium alignright\" src=\"http:\/\/obeirao.pt\/online\/wp-content\/uploads\/2020\/01\/Jos\u00e9-Ant\u00f3nio-Past-governador-e-Jo\u00e3o-Cotta-300x269.jpg\" alt=\"\" width=\"300\" height=\"269\" srcset=\"http:\/\/obeirao.pt\/online\/wp-content\/uploads\/2020\/01\/Jos\u00e9-Ant\u00f3nio-Past-governador-e-Jo\u00e3o-Cotta-300x269.jpg 300w, http:\/\/obeirao.pt\/online\/wp-content\/uploads\/2020\/01\/Jos\u00e9-Ant\u00f3nio-Past-governador-e-Jo\u00e3o-Cotta-640x574.jpg 640w, http:\/\/obeirao.pt\/online\/wp-content\/uploads\/2020\/01\/Jos\u00e9-Ant\u00f3nio-Past-governador-e-Jo\u00e3o-Cotta.jpg 644w\" sizes=\"(max-width: 300px) 100vw, 300px\" \/><\/a><\/p>\n<p><span style=\"font-family: georgia, palatino, serif;color: #000000\">No uso da palavra, o presidente da C\u00e2mara, referindo-se \u00e0s figuras homenageadas de h\u00e1 16 anos a esta parte, disse que <em>\u201cesta homenagem n\u00e3o se deve aos valores de factura\u00e7\u00e3o que a empresa Controlvet tem, deve-se a um profissional que, para al\u00e9m das suas capacidades enquanto l\u00edder, tem outras capacidades, nomeadamente na dimens\u00e3o humana, hoje, aqui, j\u00e1 t\u00e3o bem sublinhada\u201d.<\/em><\/span><\/p>\n<p><span style=\"font-family: georgia, palatino, serif;color: #000000\">O autarca sublinhou <em>\u201ca import\u00e2ncia estrat\u00e9gica da \u00e1rea da inova\u00e7\u00e3o, do desenvolvimento e da biotecnologia<\/em>\u201d desenvolvida pela empresa de Jo\u00e3o Cotta. <em>\u201cN\u00f3s, por vezes n\u00e3o temos o distanciamento para valorizar aquilo que fazemos e achamos que s\u00f3 nos grandes centros \u00e9 que est\u00e3o os grandes projectos. Podem estar alguns, mas temos no nosso meio projectos que s\u00e3o l\u00edderes nacionais e que por vezes quase que temos vergonha de o dizer<\/em>\u201d, deixou claro Jos\u00e9 Ant\u00f3nio de Jesus.<\/span><\/p>\n<p><span style=\"font-family: georgia, palatino, serif;color: #000000\"><em>\u201cEu sinto um grande orgulho em ter na nossa regi\u00e3o empresas que s\u00e3o l\u00edderes nacionais e entre elas, a Controlvet\/ALS, que \u00e9 l\u00edder nacional na investiga\u00e7\u00e3o, no controlo alimentar, seguran\u00e7a alimentar<\/em>\u201d, que se devia \u00e0s pessoas que fazem desta institui\u00e7\u00e3o, algo que \u00e9 muito relevante na sociedade. Desta forma o autarca n\u00e3o deixou de sublinhar e at\u00e9 agradecer <em>\u201ca circunst\u00e2ncia de termos empreendedores capazes de inovar, de desafiar o futuro e de o querer fazer presente\u201d.<\/em><\/span><\/p>\n<p><a href=\"http:\/\/obeirao.pt\/online\/wp-content\/uploads\/2020\/01\/Dr.-Jo\u00e3o-Cotta-1.jpg\"><img loading=\"lazy\" decoding=\"async\" class=\"wp-image-4630 alignleft\" src=\"http:\/\/obeirao.pt\/online\/wp-content\/uploads\/2020\/01\/Dr.-Jo\u00e3o-Cotta-1-300x249.jpg\" alt=\"\" width=\"337\" height=\"279\" srcset=\"http:\/\/obeirao.pt\/online\/wp-content\/uploads\/2020\/01\/Dr.-Jo\u00e3o-Cotta-1-300x249.jpg 300w, http:\/\/obeirao.pt\/online\/wp-content\/uploads\/2020\/01\/Dr.-Jo\u00e3o-Cotta-1-768x636.jpg 768w, http:\/\/obeirao.pt\/online\/wp-content\/uploads\/2020\/01\/Dr.-Jo\u00e3o-Cotta-1-640x530.jpg 640w, http:\/\/obeirao.pt\/online\/wp-content\/uploads\/2020\/01\/Dr.-Jo\u00e3o-Cotta-1.jpg 840w\" sizes=\"(max-width: 337px) 100vw, 337px\" \/><\/a><\/p>\n<p><span style=\"font-family: georgia, palatino, serif;color: #000000\">Para o presidente da C\u00e2mara, a dimens\u00e3o do tra\u00e7o humano, de Jo\u00e3o Cotta, n\u00e3o era apenas \u201c<em>a de um empres\u00e1rio que vive s\u00f3 para a sua empresa, mas tamb\u00e9m a afectividade e o empenho com as causas sociais e, quando assim \u00e9, s\u00e3o a regi\u00e3o e a comunidade, \u00e9 o nosso territ\u00f3rio que est\u00e1 tamb\u00e9m nesse pensamento e quando isso \u00e9 feito sem o prop\u00f3sito imediato de ter um proveito directo, isso sim, faz a diferen\u00e7a nas pessoas\u201d.<\/em><\/span><\/p>\n<p><span style=\"font-family: georgia, palatino, serif;color: #000000\"><em>\u201cN\u00f3s precisamos, cada vez mais, de ter v\u00e1rias pessoas com esta matriz, com este perfil, empreendedores, arrojados, audazes, capazes de fazer, mas capazes de construir, com todos e para todos, uma sociedade que, no \u00faltimo patamar, se pretende que seja mais humana, mais igualit\u00e1ria, mais justa, com mais oportunidades, mas s\u00f3 quando tivermos pessoas capazes de dar de si aos outros e o Jo\u00e3o \u00e9 um dador de emo\u00e7\u00f5es, de solidariedades e, acima de tudo, de motiva\u00e7\u00f5es\u201d,<\/em> concluiu.<\/span><\/p>\n<p style=\"text-align: right\"><span style=\"font-size: 14pt\"><em><strong>Z\u00c9 BEIR\u00c3O<\/strong><\/em><\/span><\/p>\n<p>&nbsp;<\/p>\n<p>&nbsp;<\/p>\n","protected":false},"excerpt":{"rendered":"<div class=\"mh-excerpt\"><span class=\"span-reading-time rt-reading-time\" style=\"display: block;\"><span class=\"rt-label rt-prefix\">tempo de leitura:<\/span> <span class=\"rt-time\"> 6<\/span> <span class=\"rt-label rt-postfix\">minutos<\/span><\/span>Como acontece todos os anos, em Janeiro, o ainda jovem clube rot\u00e1rio, que completa 16 anos de exist\u00eancia no pr\u00f3ximo dia 16 de Mar\u00e7o, presta <a class=\"mh-excerpt-more\" href=\"http:\/\/obeirao.pt\/online\/2020\/01\/29\/rotary-clube-de-tondela-distingue-merito-profissional-de-joao-rebelo-cotta\/\" title=\"ROTARY CLUBE DE TONDELA DISTINGUE M\u00c9RITO PROFISSIONAL DE JO\u00c3O REBELO COTTA\">[&#8230;]<\/a><\/div>\n","protected":false},"author":2,"featured_media":4621,"comment_status":"closed","ping_status":"open","sticky":false,"template":"","format":"standard","meta":{"footnotes":""},"categories":[2,5,4,63],"tags":[],"class_list":["post-4620","post","type-post","status-publish","format-standard","has-post-thumbnail","hentry","category-principal","category-cidade","category-regiao","category-tondela"],"yoast_head":"<!-- This site is optimized with the Yoast SEO plugin v27.4 - https:\/\/yoast.com\/product\/yoast-seo-wordpress\/ -->\n<title>ROTARY CLUBE DE TONDELA DISTINGUE M\u00c9RITO PROFISSIONAL DE JO\u00c3O REBELO COTTA - Beir\u00e3o Online<\/title>\n<meta name=\"robots\" content=\"index, follow, max-snippet:-1, max-image-preview:large, max-video-preview:-1\" \/>\n<link rel=\"canonical\" href=\"http:\/\/obeirao.pt\/online\/2020\/01\/29\/rotary-clube-de-tondela-distingue-merito-profissional-de-joao-rebelo-cotta\/\" \/>\n<meta property=\"og:locale\" content=\"pt_PT\" \/>\n<meta property=\"og:type\" content=\"article\" \/>\n<meta property=\"og:title\" content=\"ROTARY CLUBE DE TONDELA DISTINGUE M\u00c9RITO PROFISSIONAL DE JO\u00c3O REBELO COTTA - Beir\u00e3o Online\" \/>\n<meta property=\"og:description\" content=\"tempo de leitura: 6 minutosComo acontece todos os anos, em Janeiro, o ainda jovem clube rot\u00e1rio, que completa 16 anos de exist\u00eancia no pr\u00f3ximo dia 16 de Mar\u00e7o, presta [...]\" \/>\n<meta property=\"og:url\" content=\"http:\/\/obeirao.pt\/online\/2020\/01\/29\/rotary-clube-de-tondela-distingue-merito-profissional-de-joao-rebelo-cotta\/\" \/>\n<meta property=\"og:site_name\" content=\"Beir\u00e3o Online\" \/>\n<meta property=\"article:publisher\" content=\"https:\/\/pt-br.facebook.com\/pages\/Amigos-de-Tondela\/273620439973877\" \/>\n<meta property=\"article:published_time\" content=\"2020-01-29T19:17:08+00:00\" \/>\n<meta property=\"article:modified_time\" content=\"2020-01-30T17:07:41+00:00\" \/>\n<meta property=\"og:image\" content=\"http:\/\/obeirao.pt\/online\/wp-content\/uploads\/2020\/01\/Presidente-do-Munic\u00edpio-no-uso-da-palavra.jpg\" \/>\n\t<meta property=\"og:image:width\" content=\"1022\" \/>\n\t<meta property=\"og:image:height\" content=\"716\" \/>\n\t<meta property=\"og:image:type\" content=\"image\/jpeg\" \/>\n<meta name=\"author\" content=\"Z\u00e9 Beir\u00e3o\" \/>\n<meta name=\"twitter:card\" content=\"summary_large_image\" \/>\n<meta name=\"twitter:creator\" content=\"@JoaquimDuarteP2\" \/>\n<meta name=\"twitter:site\" content=\"@JoaquimDuarteP2\" \/>\n<meta name=\"twitter:label1\" content=\"Escrito por\" \/>\n\t<meta name=\"twitter:data1\" content=\"Z\u00e9 Beir\u00e3o\" \/>\n\t<meta name=\"twitter:label2\" content=\"Tempo estimado de leitura\" \/>\n\t<meta name=\"twitter:data2\" content=\"7 minutos\" \/>\n<script type=\"application\/ld+json\" class=\"yoast-schema-graph\">{\"@context\":\"https:\\\/\\\/schema.org\",\"@graph\":[{\"@type\":\"Article\",\"@id\":\"http:\\\/\\\/obeirao.pt\\\/online\\\/2020\\\/01\\\/29\\\/rotary-clube-de-tondela-distingue-merito-profissional-de-joao-rebelo-cotta\\\/#article\",\"isPartOf\":{\"@id\":\"http:\\\/\\\/obeirao.pt\\\/online\\\/2020\\\/01\\\/29\\\/rotary-clube-de-tondela-distingue-merito-profissional-de-joao-rebelo-cotta\\\/\"},\"author\":{\"name\":\"Z\u00e9 Beir\u00e3o\",\"@id\":\"http:\\\/\\\/obeirao.pt\\\/online\\\/#\\\/schema\\\/person\\\/efac69bb5a33873e1c1bb9c1165ff38c\"},\"headline\":\"ROTARY CLUBE DE TONDELA DISTINGUE M\u00c9RITO PROFISSIONAL DE JO\u00c3O REBELO COTTA\",\"datePublished\":\"2020-01-29T19:17:08+00:00\",\"dateModified\":\"2020-01-30T17:07:41+00:00\",\"mainEntityOfPage\":{\"@id\":\"http:\\\/\\\/obeirao.pt\\\/online\\\/2020\\\/01\\\/29\\\/rotary-clube-de-tondela-distingue-merito-profissional-de-joao-rebelo-cotta\\\/\"},\"wordCount\":1414,\"image\":{\"@id\":\"http:\\\/\\\/obeirao.pt\\\/online\\\/2020\\\/01\\\/29\\\/rotary-clube-de-tondela-distingue-merito-profissional-de-joao-rebelo-cotta\\\/#primaryimage\"},\"thumbnailUrl\":\"http:\\\/\\\/obeirao.pt\\\/online\\\/wp-content\\\/uploads\\\/2020\\\/01\\\/Presidente-do-Munic\u00edpio-no-uso-da-palavra.jpg\",\"articleSection\":[\"_Principal\",\"Cidade\",\"Regi\u00e3o\",\"Tondela\"],\"inLanguage\":\"pt-PT\"},{\"@type\":\"WebPage\",\"@id\":\"http:\\\/\\\/obeirao.pt\\\/online\\\/2020\\\/01\\\/29\\\/rotary-clube-de-tondela-distingue-merito-profissional-de-joao-rebelo-cotta\\\/\",\"url\":\"http:\\\/\\\/obeirao.pt\\\/online\\\/2020\\\/01\\\/29\\\/rotary-clube-de-tondela-distingue-merito-profissional-de-joao-rebelo-cotta\\\/\",\"name\":\"ROTARY CLUBE DE TONDELA DISTINGUE M\u00c9RITO PROFISSIONAL DE JO\u00c3O REBELO COTTA - Beir\u00e3o Online\",\"isPartOf\":{\"@id\":\"http:\\\/\\\/obeirao.pt\\\/online\\\/#website\"},\"primaryImageOfPage\":{\"@id\":\"http:\\\/\\\/obeirao.pt\\\/online\\\/2020\\\/01\\\/29\\\/rotary-clube-de-tondela-distingue-merito-profissional-de-joao-rebelo-cotta\\\/#primaryimage\"},\"image\":{\"@id\":\"http:\\\/\\\/obeirao.pt\\\/online\\\/2020\\\/01\\\/29\\\/rotary-clube-de-tondela-distingue-merito-profissional-de-joao-rebelo-cotta\\\/#primaryimage\"},\"thumbnailUrl\":\"http:\\\/\\\/obeirao.pt\\\/online\\\/wp-content\\\/uploads\\\/2020\\\/01\\\/Presidente-do-Munic\u00edpio-no-uso-da-palavra.jpg\",\"datePublished\":\"2020-01-29T19:17:08+00:00\",\"dateModified\":\"2020-01-30T17:07:41+00:00\",\"author\":{\"@id\":\"http:\\\/\\\/obeirao.pt\\\/online\\\/#\\\/schema\\\/person\\\/efac69bb5a33873e1c1bb9c1165ff38c\"},\"breadcrumb\":{\"@id\":\"http:\\\/\\\/obeirao.pt\\\/online\\\/2020\\\/01\\\/29\\\/rotary-clube-de-tondela-distingue-merito-profissional-de-joao-rebelo-cotta\\\/#breadcrumb\"},\"inLanguage\":\"pt-PT\",\"potentialAction\":[{\"@type\":\"ReadAction\",\"target\":[\"http:\\\/\\\/obeirao.pt\\\/online\\\/2020\\\/01\\\/29\\\/rotary-clube-de-tondela-distingue-merito-profissional-de-joao-rebelo-cotta\\\/\"]}]},{\"@type\":\"ImageObject\",\"inLanguage\":\"pt-PT\",\"@id\":\"http:\\\/\\\/obeirao.pt\\\/online\\\/2020\\\/01\\\/29\\\/rotary-clube-de-tondela-distingue-merito-profissional-de-joao-rebelo-cotta\\\/#primaryimage\",\"url\":\"http:\\\/\\\/obeirao.pt\\\/online\\\/wp-content\\\/uploads\\\/2020\\\/01\\\/Presidente-do-Munic\u00edpio-no-uso-da-palavra.jpg\",\"contentUrl\":\"http:\\\/\\\/obeirao.pt\\\/online\\\/wp-content\\\/uploads\\\/2020\\\/01\\\/Presidente-do-Munic\u00edpio-no-uso-da-palavra.jpg\",\"width\":1022,\"height\":716,\"caption\":\"????????????????????????????????????\"},{\"@type\":\"BreadcrumbList\",\"@id\":\"http:\\\/\\\/obeirao.pt\\\/online\\\/2020\\\/01\\\/29\\\/rotary-clube-de-tondela-distingue-merito-profissional-de-joao-rebelo-cotta\\\/#breadcrumb\",\"itemListElement\":[{\"@type\":\"ListItem\",\"position\":1,\"name\":\"Home\",\"item\":\"http:\\\/\\\/obeirao.pt\\\/online\\\/\"},{\"@type\":\"ListItem\",\"position\":2,\"name\":\"ROTARY CLUBE DE TONDELA DISTINGUE M\u00c9RITO PROFISSIONAL DE JO\u00c3O REBELO COTTA\"}]},{\"@type\":\"WebSite\",\"@id\":\"http:\\\/\\\/obeirao.pt\\\/online\\\/#website\",\"url\":\"http:\\\/\\\/obeirao.pt\\\/online\\\/\",\"name\":\"Beir\u00e3o Online\",\"description\":\"www.obeirao.pt\",\"potentialAction\":[{\"@type\":\"SearchAction\",\"target\":{\"@type\":\"EntryPoint\",\"urlTemplate\":\"http:\\\/\\\/obeirao.pt\\\/online\\\/?s={search_term_string}\"},\"query-input\":{\"@type\":\"PropertyValueSpecification\",\"valueRequired\":true,\"valueName\":\"search_term_string\"}}],\"inLanguage\":\"pt-PT\"},{\"@type\":\"Person\",\"@id\":\"http:\\\/\\\/obeirao.pt\\\/online\\\/#\\\/schema\\\/person\\\/efac69bb5a33873e1c1bb9c1165ff38c\",\"name\":\"Z\u00e9 Beir\u00e3o\",\"image\":{\"@type\":\"ImageObject\",\"inLanguage\":\"pt-PT\",\"@id\":\"http:\\\/\\\/0.gravatar.com\\\/avatar\\\/c8c44d1f9327baa4d27e9b1149cd71b3?s=96&d=mm&r=g\",\"url\":\"http:\\\/\\\/0.gravatar.com\\\/avatar\\\/c8c44d1f9327baa4d27e9b1149cd71b3?s=96&d=mm&r=g\",\"contentUrl\":\"http:\\\/\\\/0.gravatar.com\\\/avatar\\\/c8c44d1f9327baa4d27e9b1149cd71b3?s=96&d=mm&r=g\",\"caption\":\"Z\u00e9 Beir\u00e3o\"},\"url\":\"http:\\\/\\\/obeirao.pt\\\/online\\\/author\\\/zebeirao\\\/\"}]}<\/script>\n<!-- \/ Yoast SEO plugin. -->","yoast_head_json":{"title":"ROTARY CLUBE DE TONDELA DISTINGUE M\u00c9RITO PROFISSIONAL DE JO\u00c3O REBELO COTTA - Beir\u00e3o Online","robots":{"index":"index","follow":"follow","max-snippet":"max-snippet:-1","max-image-preview":"max-image-preview:large","max-video-preview":"max-video-preview:-1"},"canonical":"http:\/\/obeirao.pt\/online\/2020\/01\/29\/rotary-clube-de-tondela-distingue-merito-profissional-de-joao-rebelo-cotta\/","og_locale":"pt_PT","og_type":"article","og_title":"ROTARY CLUBE DE TONDELA DISTINGUE M\u00c9RITO PROFISSIONAL DE JO\u00c3O REBELO COTTA - Beir\u00e3o Online","og_description":"tempo de leitura: 6 minutosComo acontece todos os anos, em Janeiro, o ainda jovem clube rot\u00e1rio, que completa 16 anos de exist\u00eancia no pr\u00f3ximo dia 16 de Mar\u00e7o, presta [...]","og_url":"http:\/\/obeirao.pt\/online\/2020\/01\/29\/rotary-clube-de-tondela-distingue-merito-profissional-de-joao-rebelo-cotta\/","og_site_name":"Beir\u00e3o Online","article_publisher":"https:\/\/pt-br.facebook.com\/pages\/Amigos-de-Tondela\/273620439973877","article_published_time":"2020-01-29T19:17:08+00:00","article_modified_time":"2020-01-30T17:07:41+00:00","og_image":[{"width":1022,"height":716,"url":"http:\/\/obeirao.pt\/online\/wp-content\/uploads\/2020\/01\/Presidente-do-Munic\u00edpio-no-uso-da-palavra.jpg","type":"image\/jpeg"}],"author":"Z\u00e9 Beir\u00e3o","twitter_card":"summary_large_image","twitter_creator":"@JoaquimDuarteP2","twitter_site":"@JoaquimDuarteP2","twitter_misc":{"Escrito por":"Z\u00e9 Beir\u00e3o","Tempo estimado de leitura":"7 minutos"},"schema":{"@context":"https:\/\/schema.org","@graph":[{"@type":"Article","@id":"http:\/\/obeirao.pt\/online\/2020\/01\/29\/rotary-clube-de-tondela-distingue-merito-profissional-de-joao-rebelo-cotta\/#article","isPartOf":{"@id":"http:\/\/obeirao.pt\/online\/2020\/01\/29\/rotary-clube-de-tondela-distingue-merito-profissional-de-joao-rebelo-cotta\/"},"author":{"name":"Z\u00e9 Beir\u00e3o","@id":"http:\/\/obeirao.pt\/online\/#\/schema\/person\/efac69bb5a33873e1c1bb9c1165ff38c"},"headline":"ROTARY CLUBE DE TONDELA DISTINGUE M\u00c9RITO PROFISSIONAL DE JO\u00c3O REBELO COTTA","datePublished":"2020-01-29T19:17:08+00:00","dateModified":"2020-01-30T17:07:41+00:00","mainEntityOfPage":{"@id":"http:\/\/obeirao.pt\/online\/2020\/01\/29\/rotary-clube-de-tondela-distingue-merito-profissional-de-joao-rebelo-cotta\/"},"wordCount":1414,"image":{"@id":"http:\/\/obeirao.pt\/online\/2020\/01\/29\/rotary-clube-de-tondela-distingue-merito-profissional-de-joao-rebelo-cotta\/#primaryimage"},"thumbnailUrl":"http:\/\/obeirao.pt\/online\/wp-content\/uploads\/2020\/01\/Presidente-do-Munic\u00edpio-no-uso-da-palavra.jpg","articleSection":["_Principal","Cidade","Regi\u00e3o","Tondela"],"inLanguage":"pt-PT"},{"@type":"WebPage","@id":"http:\/\/obeirao.pt\/online\/2020\/01\/29\/rotary-clube-de-tondela-distingue-merito-profissional-de-joao-rebelo-cotta\/","url":"http:\/\/obeirao.pt\/online\/2020\/01\/29\/rotary-clube-de-tondela-distingue-merito-profissional-de-joao-rebelo-cotta\/","name":"ROTARY CLUBE DE TONDELA DISTINGUE M\u00c9RITO PROFISSIONAL DE JO\u00c3O REBELO COTTA - Beir\u00e3o Online","isPartOf":{"@id":"http:\/\/obeirao.pt\/online\/#website"},"primaryImageOfPage":{"@id":"http:\/\/obeirao.pt\/online\/2020\/01\/29\/rotary-clube-de-tondela-distingue-merito-profissional-de-joao-rebelo-cotta\/#primaryimage"},"image":{"@id":"http:\/\/obeirao.pt\/online\/2020\/01\/29\/rotary-clube-de-tondela-distingue-merito-profissional-de-joao-rebelo-cotta\/#primaryimage"},"thumbnailUrl":"http:\/\/obeirao.pt\/online\/wp-content\/uploads\/2020\/01\/Presidente-do-Munic\u00edpio-no-uso-da-palavra.jpg","datePublished":"2020-01-29T19:17:08+00:00","dateModified":"2020-01-30T17:07:41+00:00","author":{"@id":"http:\/\/obeirao.pt\/online\/#\/schema\/person\/efac69bb5a33873e1c1bb9c1165ff38c"},"breadcrumb":{"@id":"http:\/\/obeirao.pt\/online\/2020\/01\/29\/rotary-clube-de-tondela-distingue-merito-profissional-de-joao-rebelo-cotta\/#breadcrumb"},"inLanguage":"pt-PT","potentialAction":[{"@type":"ReadAction","target":["http:\/\/obeirao.pt\/online\/2020\/01\/29\/rotary-clube-de-tondela-distingue-merito-profissional-de-joao-rebelo-cotta\/"]}]},{"@type":"ImageObject","inLanguage":"pt-PT","@id":"http:\/\/obeirao.pt\/online\/2020\/01\/29\/rotary-clube-de-tondela-distingue-merito-profissional-de-joao-rebelo-cotta\/#primaryimage","url":"http:\/\/obeirao.pt\/online\/wp-content\/uploads\/2020\/01\/Presidente-do-Munic\u00edpio-no-uso-da-palavra.jpg","contentUrl":"http:\/\/obeirao.pt\/online\/wp-content\/uploads\/2020\/01\/Presidente-do-Munic\u00edpio-no-uso-da-palavra.jpg","width":1022,"height":716,"caption":"????????????????????????????????????"},{"@type":"BreadcrumbList","@id":"http:\/\/obeirao.pt\/online\/2020\/01\/29\/rotary-clube-de-tondela-distingue-merito-profissional-de-joao-rebelo-cotta\/#breadcrumb","itemListElement":[{"@type":"ListItem","position":1,"name":"Home","item":"http:\/\/obeirao.pt\/online\/"},{"@type":"ListItem","position":2,"name":"ROTARY CLUBE DE TONDELA DISTINGUE M\u00c9RITO PROFISSIONAL DE JO\u00c3O REBELO COTTA"}]},{"@type":"WebSite","@id":"http:\/\/obeirao.pt\/online\/#website","url":"http:\/\/obeirao.pt\/online\/","name":"Beir\u00e3o Online","description":"www.obeirao.pt","potentialAction":[{"@type":"SearchAction","target":{"@type":"EntryPoint","urlTemplate":"http:\/\/obeirao.pt\/online\/?s={search_term_string}"},"query-input":{"@type":"PropertyValueSpecification","valueRequired":true,"valueName":"search_term_string"}}],"inLanguage":"pt-PT"},{"@type":"Person","@id":"http:\/\/obeirao.pt\/online\/#\/schema\/person\/efac69bb5a33873e1c1bb9c1165ff38c","name":"Z\u00e9 Beir\u00e3o","image":{"@type":"ImageObject","inLanguage":"pt-PT","@id":"http:\/\/0.gravatar.com\/avatar\/c8c44d1f9327baa4d27e9b1149cd71b3?s=96&d=mm&r=g","url":"http:\/\/0.gravatar.com\/avatar\/c8c44d1f9327baa4d27e9b1149cd71b3?s=96&d=mm&r=g","contentUrl":"http:\/\/0.gravatar.com\/avatar\/c8c44d1f9327baa4d27e9b1149cd71b3?s=96&d=mm&r=g","caption":"Z\u00e9 Beir\u00e3o"},"url":"http:\/\/obeirao.pt\/online\/author\/zebeirao\/"}]}},"_links":{"self":[{"href":"http:\/\/obeirao.pt\/online\/wp-json\/wp\/v2\/posts\/4620"}],"collection":[{"href":"http:\/\/obeirao.pt\/online\/wp-json\/wp\/v2\/posts"}],"about":[{"href":"http:\/\/obeirao.pt\/online\/wp-json\/wp\/v2\/types\/post"}],"author":[{"embeddable":true,"href":"http:\/\/obeirao.pt\/online\/wp-json\/wp\/v2\/users\/2"}],"replies":[{"embeddable":true,"href":"http:\/\/obeirao.pt\/online\/wp-json\/wp\/v2\/comments?post=4620"}],"version-history":[{"count":6,"href":"http:\/\/obeirao.pt\/online\/wp-json\/wp\/v2\/posts\/4620\/revisions"}],"predecessor-version":[{"id":4633,"href":"http:\/\/obeirao.pt\/online\/wp-json\/wp\/v2\/posts\/4620\/revisions\/4633"}],"wp:featuredmedia":[{"embeddable":true,"href":"http:\/\/obeirao.pt\/online\/wp-json\/wp\/v2\/media\/4621"}],"wp:attachment":[{"href":"http:\/\/obeirao.pt\/online\/wp-json\/wp\/v2\/media?parent=4620"}],"wp:term":[{"taxonomy":"category","embeddable":true,"href":"http:\/\/obeirao.pt\/online\/wp-json\/wp\/v2\/categories?post=4620"},{"taxonomy":"post_tag","embeddable":true,"href":"http:\/\/obeirao.pt\/online\/wp-json\/wp\/v2\/tags?post=4620"}],"curies":[{"name":"wp","href":"https:\/\/api.w.org\/{rel}","templated":true}]}}