{"id":478,"date":"2013-05-10T16:31:08","date_gmt":"2013-05-10T15:31:08","guid":{"rendered":"http:\/\/obeirao.pt\/online\/?p=478"},"modified":"2020-02-03T12:27:07","modified_gmt":"2020-02-03T12:27:07","slug":"atreve-te-a-mudar","status":"publish","type":"post","link":"http:\/\/obeirao.pt\/online\/2013\/05\/10\/atreve-te-a-mudar\/","title":{"rendered":"ATREVE-TE A MUDAR"},"content":{"rendered":"<span class=\"span-reading-time rt-reading-time\" style=\"display: block;\"><span class=\"rt-label rt-prefix\">tempo de leitura:<\/span> <span class=\"rt-time\"> 3<\/span> <span class=\"rt-label rt-postfix\">minutos<\/span><\/span><p style=\"text-align: justify;\"><img loading=\"lazy\" decoding=\"async\" class=\"wp-image-479 alignleft\" src=\"http:\/\/obeirao.pt\/online\/wp-content\/uploads\/2018\/02\/helder_amaral_1.jpg\" alt=\"\" width=\"150\" height=\"156\" \/><span style=\"font-size: 14pt;\"><strong>&#8220;Lamento que o Partido Socialista n\u00e3o tenha aprendido com o passado&#8221;<\/strong><\/span><\/p>\n<p style=\"text-align: justify;\">\u201cAtreve-te a mudar\u201d \u00e9 o desafio que a candidata do CDS \u00e0 CM de Santa Comba D\u00e3o tem feito. A Professora Manuela Alves \u00e9 atualmente vereadora pelo PSD, e, entre outras qualidades, ficou conhecida por votar contra o or\u00e7amento e por negado sempre participar numa gest\u00e3o e num modelo de obra p\u00fablica e de infraestrutura de utilidade duvidosa.<\/p>\n<p style=\"text-align: justify;\">Fiquei tamb\u00e9m impressionado pela sua coragem: sem estrutura e quase s\u00f3 acompanhada pelas suas convic\u00e7\u00f5es, quer enfrentar uma batalha eleitoral contra a l\u00f3gica do \u201cfavor\u201d e do \u201cmedo\u201d, que existe em quase todos os concelhos do nosso distrito. Mas n\u00e3o \u00e9 de Santa Comba que vos quero falar nem t\u00e3o pouco diabolizar o poder local, que foi vital para a consolida\u00e7\u00e3o da democracia e para o desenvolvimento do pa\u00eds a n\u00edveis nunca vistos, em locais onde faltava quase tudo &#8211; saneamento b\u00e1sico, atividade cultural, desportiva, reabilita\u00e7\u00e3o urbana, etc.<\/p>\n<p style=\"text-align: justify;\">O problema \u00e9 que 38 anos depois do 25 de Abril, \u00e9 j\u00e1 tempo de parar com o modelo despesista, que pensa mais nas elei\u00e7\u00f5es do que nas contas p\u00fablicas e amarra as popula\u00e7\u00f5es a redes de interesses, compadrios e caciquismo, num clima de favor e medo.<\/p>\n<p style=\"text-align: justify;\">Sem uma nova gera\u00e7\u00e3o de autarcas e de pol\u00edticas, sem um eleitorado que se atreva a mudar, o pa\u00eds pode estar condenado, e no final quem paga \u00e9 a democracia e o contribuinte. O peso insuport\u00e1vel da d\u00edvida p\u00fablica tem entrado em casa de cada portugu\u00eas na forma de impostos. Essa d\u00edvida p\u00fablica tem origem num modelo de desenvolvimento insustent\u00e1vel, assente em gastar dinheiro que n\u00e3o temos, que pedimos e que n\u00e3o conseguimos pagar, pela simples raz\u00e3o que muito desse investimento n\u00e3o resultou em crescimento econ\u00f3mico.<\/p>\n<p style=\"text-align: justify;\">A d\u00edvida p\u00fablica portuguesa, na \u00f3tica de Maastricht (ou seja, o resultado da d\u00edvida consolidada das administra\u00e7\u00f5es p\u00fablicas, exclu\u00eddos os cr\u00e9ditos comerciais), est\u00e1 desde 2004 acima do limite do Tratado, e ningu\u00e9m se atreveu a mudar ou a parar. Antes se optou por mais e mais obra p\u00fablica, a pensar apenas nas elei\u00e7\u00f5es, e n\u00e3o nas novas gera\u00e7\u00f5es.<\/p>\n<p style=\"text-align: justify;\">Em 1984, o primeiro-ministro, Dr. M\u00e1rio Soares, afirmava que \u201cPortugal habituou-se a viver, demasiado tempo, acima dos seus meios e recursos\u201d. Foram tempos dif\u00edceis, tal como agora. No dizer do ent\u00e3o primeiro-ministro socialista, a solu\u00e7\u00e3o era simples: \u201cos problemas econ\u00f3micos em Portugal s\u00e3o f\u00e1ceis de explicar e a \u00fanica coisa a fazer \u00e9 apertar o cinto\u201d. Lamento que o Partido Socialista nada tenha aprendido com o passado: aplicou a mesma receita nos governos de S\u00f3crates, conduzindo o pa\u00eds \u00e0 pr\u00e9-bancarrota.<\/p>\n<p style=\"text-align: justify;\">Conv\u00e9m lembrar que faz agora dois anos que assistimos todos \u00e0 capitula\u00e7\u00e3o do modelo socialista de governo e \u00e0 vinda da Troika, e com ela do \u201capertar do cinto\u201d. Nada ser\u00e1 como antes. Os partidos do governo e o PS assinaram o tratado or\u00e7amental que nos obriga a assegurar que o d\u00e9fice or\u00e7amental n\u00e3o exceda 3% do produto interno bruto a pre\u00e7os de mercado, e que a d\u00edvida p\u00fablica n\u00e3o exceda 60% do produto interno bruto a pre\u00e7os de mercado. Quem n\u00e3o cumprir estas disposi\u00e7\u00f5es poder\u00e1 sofrer san\u00e7\u00f5es pecuni\u00e1rias, at\u00e9 0,1% do PIB, impostas pelo Tribunal Europeu de Justi\u00e7a.<\/p>\n<p style=\"text-align: justify;\">Mas a verdadeira mudan\u00e7a est\u00e1 na m\u00e3o do eleitorado, a come\u00e7ar j\u00e1 nas pr\u00f3ximas elei\u00e7\u00f5es aut\u00e1rquicas. A escolha n\u00e3o deve assentar em modelos que j\u00e1 provaram n\u00e3o resultar. Por isso, atrevam-se a mudar.<\/p>\n","protected":false},"excerpt":{"rendered":"<div class=\"mh-excerpt\"><span class=\"span-reading-time rt-reading-time\" style=\"display: block;\"><span class=\"rt-label rt-prefix\">tempo de leitura:<\/span> <span class=\"rt-time\"> 3<\/span> <span class=\"rt-label rt-postfix\">minutos<\/span><\/span>&#8220;Lamento que o Partido Socialista n\u00e3o tenha aprendido com o passado&#8221; \u201cAtreve-te a mudar\u201d \u00e9 o desafio que a candidata do CDS \u00e0 CM de <a class=\"mh-excerpt-more\" href=\"http:\/\/obeirao.pt\/online\/2013\/05\/10\/atreve-te-a-mudar\/\" title=\"ATREVE-TE A MUDAR\">[&#8230;]<\/a><\/div>\n","protected":false},"author":8,"featured_media":479,"comment_status":"open","ping_status":"open","sticky":false,"template":"","format":"standard","meta":{"footnotes":""},"categories":[18,14,6],"tags":[78],"class_list":["post-478","post","type-post","status-publish","format-standard","has-post-thumbnail","hentry","category-artigos-de-opiniao","category-helder-amaral","category-pais","tag-helder-amaral"],"yoast_head":"<!-- This site is optimized with the Yoast SEO plugin v27.4 - https:\/\/yoast.com\/product\/yoast-seo-wordpress\/ -->\n<title>ATREVE-TE A MUDAR - Beir\u00e3o Online<\/title>\n<meta name=\"robots\" content=\"index, follow, max-snippet:-1, max-image-preview:large, max-video-preview:-1\" \/>\n<link rel=\"canonical\" href=\"http:\/\/obeirao.pt\/online\/2013\/05\/10\/atreve-te-a-mudar\/\" \/>\n<meta property=\"og:locale\" content=\"pt_PT\" \/>\n<meta property=\"og:type\" content=\"article\" \/>\n<meta property=\"og:title\" content=\"ATREVE-TE A MUDAR - Beir\u00e3o Online\" \/>\n<meta property=\"og:description\" content=\"tempo de leitura: 3 minutos&#8220;Lamento que o Partido Socialista n\u00e3o tenha aprendido com o passado&#8221; \u201cAtreve-te a mudar\u201d \u00e9 o desafio que a candidata do CDS \u00e0 CM de [...]\" \/>\n<meta property=\"og:url\" content=\"http:\/\/obeirao.pt\/online\/2013\/05\/10\/atreve-te-a-mudar\/\" \/>\n<meta property=\"og:site_name\" content=\"Beir\u00e3o Online\" \/>\n<meta property=\"article:publisher\" content=\"https:\/\/pt-br.facebook.com\/pages\/Amigos-de-Tondela\/273620439973877\" \/>\n<meta property=\"article:published_time\" content=\"2013-05-10T15:31:08+00:00\" \/>\n<meta property=\"article:modified_time\" content=\"2020-02-03T12:27:07+00:00\" \/>\n<meta property=\"og:image\" content=\"http:\/\/obeirao.pt\/online\/wp-content\/uploads\/2018\/02\/helder_amaral_1.jpg\" \/>\n\t<meta property=\"og:image:width\" content=\"200\" \/>\n\t<meta property=\"og:image:height\" content=\"208\" \/>\n\t<meta property=\"og:image:type\" content=\"image\/jpeg\" \/>\n<meta name=\"author\" content=\"H\u00e9lder Amaral\" \/>\n<meta name=\"twitter:card\" content=\"summary_large_image\" \/>\n<meta name=\"twitter:creator\" content=\"@JoaquimDuarteP2\" \/>\n<meta name=\"twitter:site\" content=\"@JoaquimDuarteP2\" \/>\n<meta name=\"twitter:label1\" content=\"Escrito por\" \/>\n\t<meta name=\"twitter:data1\" content=\"H\u00e9lder Amaral\" \/>\n\t<meta name=\"twitter:label2\" content=\"Tempo estimado de leitura\" \/>\n\t<meta name=\"twitter:data2\" content=\"3 minutos\" \/>\n<script type=\"application\/ld+json\" class=\"yoast-schema-graph\">{\"@context\":\"https:\\\/\\\/schema.org\",\"@graph\":[{\"@type\":\"Article\",\"@id\":\"http:\\\/\\\/obeirao.pt\\\/online\\\/2013\\\/05\\\/10\\\/atreve-te-a-mudar\\\/#article\",\"isPartOf\":{\"@id\":\"http:\\\/\\\/obeirao.pt\\\/online\\\/2013\\\/05\\\/10\\\/atreve-te-a-mudar\\\/\"},\"author\":{\"name\":\"H\u00e9lder Amaral\",\"@id\":\"http:\\\/\\\/obeirao.pt\\\/online\\\/#\\\/schema\\\/person\\\/a12d553bfc5765e80acb14290576d2fd\"},\"headline\":\"ATREVE-TE A MUDAR\",\"datePublished\":\"2013-05-10T15:31:08+00:00\",\"dateModified\":\"2020-02-03T12:27:07+00:00\",\"mainEntityOfPage\":{\"@id\":\"http:\\\/\\\/obeirao.pt\\\/online\\\/2013\\\/05\\\/10\\\/atreve-te-a-mudar\\\/\"},\"wordCount\":624,\"commentCount\":0,\"image\":{\"@id\":\"http:\\\/\\\/obeirao.pt\\\/online\\\/2013\\\/05\\\/10\\\/atreve-te-a-mudar\\\/#primaryimage\"},\"thumbnailUrl\":\"http:\\\/\\\/obeirao.pt\\\/online\\\/wp-content\\\/uploads\\\/2018\\\/02\\\/helder_amaral_1.jpg\",\"keywords\":[\"H\u00e9lder Amaral\"],\"articleSection\":[\"Artigos de Opini\u00e3o\",\"H\u00e9lder Amaral\",\"Pa\u00eds\"],\"inLanguage\":\"pt-PT\"},{\"@type\":\"WebPage\",\"@id\":\"http:\\\/\\\/obeirao.pt\\\/online\\\/2013\\\/05\\\/10\\\/atreve-te-a-mudar\\\/\",\"url\":\"http:\\\/\\\/obeirao.pt\\\/online\\\/2013\\\/05\\\/10\\\/atreve-te-a-mudar\\\/\",\"name\":\"ATREVE-TE A MUDAR - Beir\u00e3o Online\",\"isPartOf\":{\"@id\":\"http:\\\/\\\/obeirao.pt\\\/online\\\/#website\"},\"primaryImageOfPage\":{\"@id\":\"http:\\\/\\\/obeirao.pt\\\/online\\\/2013\\\/05\\\/10\\\/atreve-te-a-mudar\\\/#primaryimage\"},\"image\":{\"@id\":\"http:\\\/\\\/obeirao.pt\\\/online\\\/2013\\\/05\\\/10\\\/atreve-te-a-mudar\\\/#primaryimage\"},\"thumbnailUrl\":\"http:\\\/\\\/obeirao.pt\\\/online\\\/wp-content\\\/uploads\\\/2018\\\/02\\\/helder_amaral_1.jpg\",\"datePublished\":\"2013-05-10T15:31:08+00:00\",\"dateModified\":\"2020-02-03T12:27:07+00:00\",\"author\":{\"@id\":\"http:\\\/\\\/obeirao.pt\\\/online\\\/#\\\/schema\\\/person\\\/a12d553bfc5765e80acb14290576d2fd\"},\"breadcrumb\":{\"@id\":\"http:\\\/\\\/obeirao.pt\\\/online\\\/2013\\\/05\\\/10\\\/atreve-te-a-mudar\\\/#breadcrumb\"},\"inLanguage\":\"pt-PT\",\"potentialAction\":[{\"@type\":\"ReadAction\",\"target\":[\"http:\\\/\\\/obeirao.pt\\\/online\\\/2013\\\/05\\\/10\\\/atreve-te-a-mudar\\\/\"]}]},{\"@type\":\"ImageObject\",\"inLanguage\":\"pt-PT\",\"@id\":\"http:\\\/\\\/obeirao.pt\\\/online\\\/2013\\\/05\\\/10\\\/atreve-te-a-mudar\\\/#primaryimage\",\"url\":\"http:\\\/\\\/obeirao.pt\\\/online\\\/wp-content\\\/uploads\\\/2018\\\/02\\\/helder_amaral_1.jpg\",\"contentUrl\":\"http:\\\/\\\/obeirao.pt\\\/online\\\/wp-content\\\/uploads\\\/2018\\\/02\\\/helder_amaral_1.jpg\",\"width\":200,\"height\":208},{\"@type\":\"BreadcrumbList\",\"@id\":\"http:\\\/\\\/obeirao.pt\\\/online\\\/2013\\\/05\\\/10\\\/atreve-te-a-mudar\\\/#breadcrumb\",\"itemListElement\":[{\"@type\":\"ListItem\",\"position\":1,\"name\":\"Home\",\"item\":\"http:\\\/\\\/obeirao.pt\\\/online\\\/\"},{\"@type\":\"ListItem\",\"position\":2,\"name\":\"ATREVE-TE A MUDAR\"}]},{\"@type\":\"WebSite\",\"@id\":\"http:\\\/\\\/obeirao.pt\\\/online\\\/#website\",\"url\":\"http:\\\/\\\/obeirao.pt\\\/online\\\/\",\"name\":\"Beir\u00e3o Online\",\"description\":\"www.obeirao.pt\",\"potentialAction\":[{\"@type\":\"SearchAction\",\"target\":{\"@type\":\"EntryPoint\",\"urlTemplate\":\"http:\\\/\\\/obeirao.pt\\\/online\\\/?s={search_term_string}\"},\"query-input\":{\"@type\":\"PropertyValueSpecification\",\"valueRequired\":true,\"valueName\":\"search_term_string\"}}],\"inLanguage\":\"pt-PT\"},{\"@type\":\"Person\",\"@id\":\"http:\\\/\\\/obeirao.pt\\\/online\\\/#\\\/schema\\\/person\\\/a12d553bfc5765e80acb14290576d2fd\",\"name\":\"H\u00e9lder Amaral\",\"image\":{\"@type\":\"ImageObject\",\"inLanguage\":\"pt-PT\",\"@id\":\"http:\\\/\\\/0.gravatar.com\\\/avatar\\\/3f03932ed630197f691f983ff95fae48?s=96&d=mm&r=g\",\"url\":\"http:\\\/\\\/0.gravatar.com\\\/avatar\\\/3f03932ed630197f691f983ff95fae48?s=96&d=mm&r=g\",\"contentUrl\":\"http:\\\/\\\/0.gravatar.com\\\/avatar\\\/3f03932ed630197f691f983ff95fae48?s=96&d=mm&r=g\",\"caption\":\"H\u00e9lder Amaral\"},\"url\":\"http:\\\/\\\/obeirao.pt\\\/online\\\/author\\\/helderamaral\\\/\"}]}<\/script>\n<!-- \/ Yoast SEO plugin. -->","yoast_head_json":{"title":"ATREVE-TE A MUDAR - Beir\u00e3o Online","robots":{"index":"index","follow":"follow","max-snippet":"max-snippet:-1","max-image-preview":"max-image-preview:large","max-video-preview":"max-video-preview:-1"},"canonical":"http:\/\/obeirao.pt\/online\/2013\/05\/10\/atreve-te-a-mudar\/","og_locale":"pt_PT","og_type":"article","og_title":"ATREVE-TE A MUDAR - Beir\u00e3o Online","og_description":"tempo de leitura: 3 minutos&#8220;Lamento que o Partido Socialista n\u00e3o tenha aprendido com o passado&#8221; \u201cAtreve-te a mudar\u201d \u00e9 o desafio que a candidata do CDS \u00e0 CM de [...]","og_url":"http:\/\/obeirao.pt\/online\/2013\/05\/10\/atreve-te-a-mudar\/","og_site_name":"Beir\u00e3o Online","article_publisher":"https:\/\/pt-br.facebook.com\/pages\/Amigos-de-Tondela\/273620439973877","article_published_time":"2013-05-10T15:31:08+00:00","article_modified_time":"2020-02-03T12:27:07+00:00","og_image":[{"width":200,"height":208,"url":"http:\/\/obeirao.pt\/online\/wp-content\/uploads\/2018\/02\/helder_amaral_1.jpg","type":"image\/jpeg"}],"author":"H\u00e9lder Amaral","twitter_card":"summary_large_image","twitter_creator":"@JoaquimDuarteP2","twitter_site":"@JoaquimDuarteP2","twitter_misc":{"Escrito por":"H\u00e9lder Amaral","Tempo estimado de leitura":"3 minutos"},"schema":{"@context":"https:\/\/schema.org","@graph":[{"@type":"Article","@id":"http:\/\/obeirao.pt\/online\/2013\/05\/10\/atreve-te-a-mudar\/#article","isPartOf":{"@id":"http:\/\/obeirao.pt\/online\/2013\/05\/10\/atreve-te-a-mudar\/"},"author":{"name":"H\u00e9lder Amaral","@id":"http:\/\/obeirao.pt\/online\/#\/schema\/person\/a12d553bfc5765e80acb14290576d2fd"},"headline":"ATREVE-TE A MUDAR","datePublished":"2013-05-10T15:31:08+00:00","dateModified":"2020-02-03T12:27:07+00:00","mainEntityOfPage":{"@id":"http:\/\/obeirao.pt\/online\/2013\/05\/10\/atreve-te-a-mudar\/"},"wordCount":624,"commentCount":0,"image":{"@id":"http:\/\/obeirao.pt\/online\/2013\/05\/10\/atreve-te-a-mudar\/#primaryimage"},"thumbnailUrl":"http:\/\/obeirao.pt\/online\/wp-content\/uploads\/2018\/02\/helder_amaral_1.jpg","keywords":["H\u00e9lder Amaral"],"articleSection":["Artigos de Opini\u00e3o","H\u00e9lder Amaral","Pa\u00eds"],"inLanguage":"pt-PT"},{"@type":"WebPage","@id":"http:\/\/obeirao.pt\/online\/2013\/05\/10\/atreve-te-a-mudar\/","url":"http:\/\/obeirao.pt\/online\/2013\/05\/10\/atreve-te-a-mudar\/","name":"ATREVE-TE A MUDAR - Beir\u00e3o Online","isPartOf":{"@id":"http:\/\/obeirao.pt\/online\/#website"},"primaryImageOfPage":{"@id":"http:\/\/obeirao.pt\/online\/2013\/05\/10\/atreve-te-a-mudar\/#primaryimage"},"image":{"@id":"http:\/\/obeirao.pt\/online\/2013\/05\/10\/atreve-te-a-mudar\/#primaryimage"},"thumbnailUrl":"http:\/\/obeirao.pt\/online\/wp-content\/uploads\/2018\/02\/helder_amaral_1.jpg","datePublished":"2013-05-10T15:31:08+00:00","dateModified":"2020-02-03T12:27:07+00:00","author":{"@id":"http:\/\/obeirao.pt\/online\/#\/schema\/person\/a12d553bfc5765e80acb14290576d2fd"},"breadcrumb":{"@id":"http:\/\/obeirao.pt\/online\/2013\/05\/10\/atreve-te-a-mudar\/#breadcrumb"},"inLanguage":"pt-PT","potentialAction":[{"@type":"ReadAction","target":["http:\/\/obeirao.pt\/online\/2013\/05\/10\/atreve-te-a-mudar\/"]}]},{"@type":"ImageObject","inLanguage":"pt-PT","@id":"http:\/\/obeirao.pt\/online\/2013\/05\/10\/atreve-te-a-mudar\/#primaryimage","url":"http:\/\/obeirao.pt\/online\/wp-content\/uploads\/2018\/02\/helder_amaral_1.jpg","contentUrl":"http:\/\/obeirao.pt\/online\/wp-content\/uploads\/2018\/02\/helder_amaral_1.jpg","width":200,"height":208},{"@type":"BreadcrumbList","@id":"http:\/\/obeirao.pt\/online\/2013\/05\/10\/atreve-te-a-mudar\/#breadcrumb","itemListElement":[{"@type":"ListItem","position":1,"name":"Home","item":"http:\/\/obeirao.pt\/online\/"},{"@type":"ListItem","position":2,"name":"ATREVE-TE A MUDAR"}]},{"@type":"WebSite","@id":"http:\/\/obeirao.pt\/online\/#website","url":"http:\/\/obeirao.pt\/online\/","name":"Beir\u00e3o Online","description":"www.obeirao.pt","potentialAction":[{"@type":"SearchAction","target":{"@type":"EntryPoint","urlTemplate":"http:\/\/obeirao.pt\/online\/?s={search_term_string}"},"query-input":{"@type":"PropertyValueSpecification","valueRequired":true,"valueName":"search_term_string"}}],"inLanguage":"pt-PT"},{"@type":"Person","@id":"http:\/\/obeirao.pt\/online\/#\/schema\/person\/a12d553bfc5765e80acb14290576d2fd","name":"H\u00e9lder Amaral","image":{"@type":"ImageObject","inLanguage":"pt-PT","@id":"http:\/\/0.gravatar.com\/avatar\/3f03932ed630197f691f983ff95fae48?s=96&d=mm&r=g","url":"http:\/\/0.gravatar.com\/avatar\/3f03932ed630197f691f983ff95fae48?s=96&d=mm&r=g","contentUrl":"http:\/\/0.gravatar.com\/avatar\/3f03932ed630197f691f983ff95fae48?s=96&d=mm&r=g","caption":"H\u00e9lder Amaral"},"url":"http:\/\/obeirao.pt\/online\/author\/helderamaral\/"}]}},"_links":{"self":[{"href":"http:\/\/obeirao.pt\/online\/wp-json\/wp\/v2\/posts\/478"}],"collection":[{"href":"http:\/\/obeirao.pt\/online\/wp-json\/wp\/v2\/posts"}],"about":[{"href":"http:\/\/obeirao.pt\/online\/wp-json\/wp\/v2\/types\/post"}],"author":[{"embeddable":true,"href":"http:\/\/obeirao.pt\/online\/wp-json\/wp\/v2\/users\/8"}],"replies":[{"embeddable":true,"href":"http:\/\/obeirao.pt\/online\/wp-json\/wp\/v2\/comments?post=478"}],"version-history":[{"count":1,"href":"http:\/\/obeirao.pt\/online\/wp-json\/wp\/v2\/posts\/478\/revisions"}],"predecessor-version":[{"id":480,"href":"http:\/\/obeirao.pt\/online\/wp-json\/wp\/v2\/posts\/478\/revisions\/480"}],"wp:featuredmedia":[{"embeddable":true,"href":"http:\/\/obeirao.pt\/online\/wp-json\/wp\/v2\/media\/479"}],"wp:attachment":[{"href":"http:\/\/obeirao.pt\/online\/wp-json\/wp\/v2\/media?parent=478"}],"wp:term":[{"taxonomy":"category","embeddable":true,"href":"http:\/\/obeirao.pt\/online\/wp-json\/wp\/v2\/categories?post=478"},{"taxonomy":"post_tag","embeddable":true,"href":"http:\/\/obeirao.pt\/online\/wp-json\/wp\/v2\/tags?post=478"}],"curies":[{"name":"wp","href":"https:\/\/api.w.org\/{rel}","templated":true}]}}