{"id":5008,"date":"2020-03-16T19:09:47","date_gmt":"2020-03-16T19:09:47","guid":{"rendered":"http:\/\/obeirao.pt\/online\/?p=5008"},"modified":"2020-03-16T19:10:04","modified_gmt":"2020-03-16T19:10:04","slug":"covid-19-grupo-frances-psa-fecha-fabrica-de-mangualde-a-partir-de-quarta-feira","status":"publish","type":"post","link":"http:\/\/obeirao.pt\/online\/2020\/03\/16\/covid-19-grupo-frances-psa-fecha-fabrica-de-mangualde-a-partir-de-quarta-feira\/","title":{"rendered":"COVID-19: GRUPO FRANC\u00caS PSA FECHA F\u00c1BRICA DE MANGUALDE A PARTIR DE QUARTA-FEIRA"},"content":{"rendered":"<span class=\"span-reading-time rt-reading-time\" style=\"display: block;\"><span class=\"rt-label rt-prefix\">tempo de leitura:<\/span> <span class=\"rt-time\"> 2<\/span> <span class=\"rt-label rt-postfix\">minutos<\/span><\/span><p><span style=\"font-family: georgia, palatino, serif;font-size: 24pt\"><strong><a href=\"http:\/\/obeirao.pt\/online\/wp-content\/uploads\/2020\/03\/PSA-Mangualde-arquivo.jpg\"><img loading=\"lazy\" decoding=\"async\" class=\"alignleft wp-image-5009 size-medium\" src=\"http:\/\/obeirao.pt\/online\/wp-content\/uploads\/2020\/03\/PSA-Mangualde-arquivo-300x139.jpg\" alt=\"\" width=\"300\" height=\"139\" srcset=\"http:\/\/obeirao.pt\/online\/wp-content\/uploads\/2020\/03\/PSA-Mangualde-arquivo-300x139.jpg 300w, http:\/\/obeirao.pt\/online\/wp-content\/uploads\/2020\/03\/PSA-Mangualde-arquivo-768x356.jpg 768w, http:\/\/obeirao.pt\/online\/wp-content\/uploads\/2020\/03\/PSA-Mangualde-arquivo.jpg 1024w, http:\/\/obeirao.pt\/online\/wp-content\/uploads\/2020\/03\/PSA-Mangualde-arquivo-640x297.jpg 640w\" sizes=\"(max-width: 300px) 100vw, 300px\" \/><\/a><\/strong><\/span><span style=\"font-family: georgia, palatino, serif;font-size: 12pt;color: #000000\"><strong><em>O grupo franc\u00eas PSA vai fechar a unidade de Mangualde a partir de quarta-feira, na sequ\u00eancia da decis\u00e3o de encerrar todas as suas f\u00e1bricas na Europa face ao surto de Covid-19, foi hoje anunciado.<\/em><\/strong><\/span><\/p>\n<p><!--more--><\/p>\n<p><span style=\"font-family: georgia, palatino, serif;font-size: 12pt;color: #000000\">\u201cDevido \u00e0 acelera\u00e7\u00e3o, constatada nos \u00faltimos dias, do n\u00famero de casos graves de Covid-19 na proximidade de alguns centros de produ\u00e7\u00e3o e das interrup\u00e7\u00f5es nos fornecimentos dos grandes fornecedores, o presidente do Conselho de Administra\u00e7\u00e3o, juntamente com os membros da C\u00e9lula de Crise, decidiram dar in\u00edcio ao fecho das instala\u00e7\u00f5es de produ\u00e7\u00e3o de ve\u00edculos, at\u00e9 ao dia 27 de Mar\u00e7o\u201d, refere o comunicado do grupo PSA (Peugeot\/Citroen).<\/span><\/p>\n<p><span style=\"font-family: georgia, palatino, serif;font-size: 12pt;color: #000000\">Segundo a nota, \u201cas equipas de gest\u00e3o das f\u00e1bricas ir\u00e3o implementar, localmente, as modalidades de encerramento das mesmas, que ser\u00e3o efectuadas em coordena\u00e7\u00e3o com os parceiros sociais\u201d.<\/span><\/p>\n<p><span style=\"font-family: georgia, palatino, serif;font-size: 12pt;color: #000000\">O grupo recorda que, at\u00e9 \u00e0 data de fecho das unidades, \u201co cumprimento das medidas de protec\u00e7\u00e3o, indo al\u00e9m das recomenda\u00e7\u00f5es das autoridades sanit\u00e1rias nestes locais de produ\u00e7\u00e3o, \u00e9 a melhor protec\u00e7\u00e3o para evitar a propaga\u00e7\u00e3o do v\u00edrus\u201d.<\/span><\/p>\n<p><span style=\"font-family: georgia, palatino, serif;font-size: 12pt;color: #000000\">Segundo o comunicado, hoje encerram j\u00e1 duas unidades, uma em Espanha e outra em Fran\u00e7a, seguindo-se o fecho de oito f\u00e1bricas na ter\u00e7a-feira, tr\u00eas na quarta-feira (incluindo Mangualde) e duas na quinta-feira.<\/span><\/p>\n<p><span style=\"font-family: georgia, palatino, serif;font-size: 12pt;color: #000000\">O novo coronav\u00edrus respons\u00e1vel pela pandemia de Covid-19 foi detectado em Dezembro de 2019, na China, e j\u00e1 provocou mais de 6.400 mortos em todo o mundo.<\/span><\/p>\n<p><span style=\"font-family: georgia, palatino, serif;font-size: 12pt;color: #000000\">Em Portugal, a Direc\u00e7\u00e3o-Geral da Sa\u00fade (DGS) elevou hoje para 331 o n\u00famero de casos de infec\u00e7\u00e3o confirmados, mais 86 do que os registados no domingo.<\/span><\/p>\n<p>&nbsp;<\/p>\n","protected":false},"excerpt":{"rendered":"<div class=\"mh-excerpt\"><span class=\"span-reading-time rt-reading-time\" style=\"display: block;\"><span class=\"rt-label rt-prefix\">tempo de leitura:<\/span> <span class=\"rt-time\"> 2<\/span> <span class=\"rt-label rt-postfix\">minutos<\/span><\/span>O grupo franc\u00eas PSA vai fechar a unidade de Mangualde a partir de quarta-feira, na sequ\u00eancia da decis\u00e3o de encerrar todas as suas f\u00e1bricas na <a class=\"mh-excerpt-more\" href=\"http:\/\/obeirao.pt\/online\/2020\/03\/16\/covid-19-grupo-frances-psa-fecha-fabrica-de-mangualde-a-partir-de-quarta-feira\/\" title=\"COVID-19: GRUPO FRANC\u00caS PSA FECHA F\u00c1BRICA DE MANGUALDE A PARTIR DE QUARTA-FEIRA\">[&#8230;]<\/a><\/div>\n","protected":false},"author":2,"featured_media":5009,"comment_status":"closed","ping_status":"open","sticky":false,"template":"","format":"standard","meta":{"footnotes":""},"categories":[2,4,1],"tags":[],"class_list":["post-5008","post","type-post","status-publish","format-standard","has-post-thumbnail","hentry","category-principal","category-regiao","category-uncategorized"],"yoast_head":"<!-- This site is optimized with the Yoast SEO plugin v27.4 - https:\/\/yoast.com\/product\/yoast-seo-wordpress\/ -->\n<title>COVID-19: GRUPO FRANC\u00caS PSA FECHA F\u00c1BRICA DE MANGUALDE A PARTIR DE QUARTA-FEIRA - Beir\u00e3o Online<\/title>\n<meta name=\"robots\" content=\"index, follow, max-snippet:-1, max-image-preview:large, max-video-preview:-1\" \/>\n<link rel=\"canonical\" href=\"http:\/\/obeirao.pt\/online\/2020\/03\/16\/covid-19-grupo-frances-psa-fecha-fabrica-de-mangualde-a-partir-de-quarta-feira\/\" \/>\n<meta property=\"og:locale\" content=\"pt_PT\" \/>\n<meta property=\"og:type\" content=\"article\" \/>\n<meta property=\"og:title\" content=\"COVID-19: GRUPO FRANC\u00caS PSA FECHA F\u00c1BRICA DE MANGUALDE A PARTIR DE QUARTA-FEIRA - Beir\u00e3o Online\" \/>\n<meta property=\"og:description\" content=\"tempo de leitura: 2 minutosO grupo franc\u00eas PSA vai fechar a unidade de Mangualde a partir de quarta-feira, na sequ\u00eancia da decis\u00e3o de encerrar todas as suas f\u00e1bricas na [...]\" \/>\n<meta property=\"og:url\" content=\"http:\/\/obeirao.pt\/online\/2020\/03\/16\/covid-19-grupo-frances-psa-fecha-fabrica-de-mangualde-a-partir-de-quarta-feira\/\" \/>\n<meta property=\"og:site_name\" content=\"Beir\u00e3o Online\" \/>\n<meta property=\"article:publisher\" content=\"https:\/\/pt-br.facebook.com\/pages\/Amigos-de-Tondela\/273620439973877\" \/>\n<meta property=\"article:published_time\" content=\"2020-03-16T19:09:47+00:00\" \/>\n<meta property=\"article:modified_time\" content=\"2020-03-16T19:10:04+00:00\" \/>\n<meta property=\"og:image\" content=\"http:\/\/obeirao.pt\/online\/wp-content\/uploads\/2020\/03\/PSA-Mangualde-arquivo.jpg\" \/>\n\t<meta property=\"og:image:width\" content=\"1024\" \/>\n\t<meta property=\"og:image:height\" content=\"474\" \/>\n\t<meta property=\"og:image:type\" content=\"image\/jpeg\" \/>\n<meta name=\"author\" content=\"Z\u00e9 Beir\u00e3o\" \/>\n<meta name=\"twitter:card\" content=\"summary_large_image\" \/>\n<meta name=\"twitter:creator\" content=\"@JoaquimDuarteP2\" \/>\n<meta name=\"twitter:site\" content=\"@JoaquimDuarteP2\" \/>\n<meta name=\"twitter:label1\" content=\"Escrito por\" \/>\n\t<meta name=\"twitter:data1\" content=\"Z\u00e9 Beir\u00e3o\" \/>\n\t<meta name=\"twitter:label2\" content=\"Tempo estimado de leitura\" \/>\n\t<meta name=\"twitter:data2\" content=\"1 minuto\" \/>\n<script type=\"application\/ld+json\" class=\"yoast-schema-graph\">{\"@context\":\"https:\\\/\\\/schema.org\",\"@graph\":[{\"@type\":\"Article\",\"@id\":\"http:\\\/\\\/obeirao.pt\\\/online\\\/2020\\\/03\\\/16\\\/covid-19-grupo-frances-psa-fecha-fabrica-de-mangualde-a-partir-de-quarta-feira\\\/#article\",\"isPartOf\":{\"@id\":\"http:\\\/\\\/obeirao.pt\\\/online\\\/2020\\\/03\\\/16\\\/covid-19-grupo-frances-psa-fecha-fabrica-de-mangualde-a-partir-de-quarta-feira\\\/\"},\"author\":{\"name\":\"Z\u00e9 Beir\u00e3o\",\"@id\":\"http:\\\/\\\/obeirao.pt\\\/online\\\/#\\\/schema\\\/person\\\/efac69bb5a33873e1c1bb9c1165ff38c\"},\"headline\":\"COVID-19: GRUPO FRANC\u00caS PSA FECHA F\u00c1BRICA DE MANGUALDE A PARTIR DE QUARTA-FEIRA\",\"datePublished\":\"2020-03-16T19:09:47+00:00\",\"dateModified\":\"2020-03-16T19:10:04+00:00\",\"mainEntityOfPage\":{\"@id\":\"http:\\\/\\\/obeirao.pt\\\/online\\\/2020\\\/03\\\/16\\\/covid-19-grupo-frances-psa-fecha-fabrica-de-mangualde-a-partir-de-quarta-feira\\\/\"},\"wordCount\":297,\"image\":{\"@id\":\"http:\\\/\\\/obeirao.pt\\\/online\\\/2020\\\/03\\\/16\\\/covid-19-grupo-frances-psa-fecha-fabrica-de-mangualde-a-partir-de-quarta-feira\\\/#primaryimage\"},\"thumbnailUrl\":\"http:\\\/\\\/obeirao.pt\\\/online\\\/wp-content\\\/uploads\\\/2020\\\/03\\\/PSA-Mangualde-arquivo.jpg\",\"articleSection\":[\"_Principal\",\"Regi\u00e3o\",\"Uncategorized\"],\"inLanguage\":\"pt-PT\"},{\"@type\":\"WebPage\",\"@id\":\"http:\\\/\\\/obeirao.pt\\\/online\\\/2020\\\/03\\\/16\\\/covid-19-grupo-frances-psa-fecha-fabrica-de-mangualde-a-partir-de-quarta-feira\\\/\",\"url\":\"http:\\\/\\\/obeirao.pt\\\/online\\\/2020\\\/03\\\/16\\\/covid-19-grupo-frances-psa-fecha-fabrica-de-mangualde-a-partir-de-quarta-feira\\\/\",\"name\":\"COVID-19: GRUPO FRANC\u00caS PSA FECHA F\u00c1BRICA DE MANGUALDE A PARTIR DE QUARTA-FEIRA - Beir\u00e3o Online\",\"isPartOf\":{\"@id\":\"http:\\\/\\\/obeirao.pt\\\/online\\\/#website\"},\"primaryImageOfPage\":{\"@id\":\"http:\\\/\\\/obeirao.pt\\\/online\\\/2020\\\/03\\\/16\\\/covid-19-grupo-frances-psa-fecha-fabrica-de-mangualde-a-partir-de-quarta-feira\\\/#primaryimage\"},\"image\":{\"@id\":\"http:\\\/\\\/obeirao.pt\\\/online\\\/2020\\\/03\\\/16\\\/covid-19-grupo-frances-psa-fecha-fabrica-de-mangualde-a-partir-de-quarta-feira\\\/#primaryimage\"},\"thumbnailUrl\":\"http:\\\/\\\/obeirao.pt\\\/online\\\/wp-content\\\/uploads\\\/2020\\\/03\\\/PSA-Mangualde-arquivo.jpg\",\"datePublished\":\"2020-03-16T19:09:47+00:00\",\"dateModified\":\"2020-03-16T19:10:04+00:00\",\"author\":{\"@id\":\"http:\\\/\\\/obeirao.pt\\\/online\\\/#\\\/schema\\\/person\\\/efac69bb5a33873e1c1bb9c1165ff38c\"},\"breadcrumb\":{\"@id\":\"http:\\\/\\\/obeirao.pt\\\/online\\\/2020\\\/03\\\/16\\\/covid-19-grupo-frances-psa-fecha-fabrica-de-mangualde-a-partir-de-quarta-feira\\\/#breadcrumb\"},\"inLanguage\":\"pt-PT\",\"potentialAction\":[{\"@type\":\"ReadAction\",\"target\":[\"http:\\\/\\\/obeirao.pt\\\/online\\\/2020\\\/03\\\/16\\\/covid-19-grupo-frances-psa-fecha-fabrica-de-mangualde-a-partir-de-quarta-feira\\\/\"]}]},{\"@type\":\"ImageObject\",\"inLanguage\":\"pt-PT\",\"@id\":\"http:\\\/\\\/obeirao.pt\\\/online\\\/2020\\\/03\\\/16\\\/covid-19-grupo-frances-psa-fecha-fabrica-de-mangualde-a-partir-de-quarta-feira\\\/#primaryimage\",\"url\":\"http:\\\/\\\/obeirao.pt\\\/online\\\/wp-content\\\/uploads\\\/2020\\\/03\\\/PSA-Mangualde-arquivo.jpg\",\"contentUrl\":\"http:\\\/\\\/obeirao.pt\\\/online\\\/wp-content\\\/uploads\\\/2020\\\/03\\\/PSA-Mangualde-arquivo.jpg\",\"width\":1024,\"height\":474},{\"@type\":\"BreadcrumbList\",\"@id\":\"http:\\\/\\\/obeirao.pt\\\/online\\\/2020\\\/03\\\/16\\\/covid-19-grupo-frances-psa-fecha-fabrica-de-mangualde-a-partir-de-quarta-feira\\\/#breadcrumb\",\"itemListElement\":[{\"@type\":\"ListItem\",\"position\":1,\"name\":\"Home\",\"item\":\"http:\\\/\\\/obeirao.pt\\\/online\\\/\"},{\"@type\":\"ListItem\",\"position\":2,\"name\":\"COVID-19: GRUPO FRANC\u00caS PSA FECHA F\u00c1BRICA DE MANGUALDE A PARTIR DE QUARTA-FEIRA\"}]},{\"@type\":\"WebSite\",\"@id\":\"http:\\\/\\\/obeirao.pt\\\/online\\\/#website\",\"url\":\"http:\\\/\\\/obeirao.pt\\\/online\\\/\",\"name\":\"Beir\u00e3o Online\",\"description\":\"www.obeirao.pt\",\"potentialAction\":[{\"@type\":\"SearchAction\",\"target\":{\"@type\":\"EntryPoint\",\"urlTemplate\":\"http:\\\/\\\/obeirao.pt\\\/online\\\/?s={search_term_string}\"},\"query-input\":{\"@type\":\"PropertyValueSpecification\",\"valueRequired\":true,\"valueName\":\"search_term_string\"}}],\"inLanguage\":\"pt-PT\"},{\"@type\":\"Person\",\"@id\":\"http:\\\/\\\/obeirao.pt\\\/online\\\/#\\\/schema\\\/person\\\/efac69bb5a33873e1c1bb9c1165ff38c\",\"name\":\"Z\u00e9 Beir\u00e3o\",\"image\":{\"@type\":\"ImageObject\",\"inLanguage\":\"pt-PT\",\"@id\":\"http:\\\/\\\/0.gravatar.com\\\/avatar\\\/c8c44d1f9327baa4d27e9b1149cd71b3?s=96&d=mm&r=g\",\"url\":\"http:\\\/\\\/0.gravatar.com\\\/avatar\\\/c8c44d1f9327baa4d27e9b1149cd71b3?s=96&d=mm&r=g\",\"contentUrl\":\"http:\\\/\\\/0.gravatar.com\\\/avatar\\\/c8c44d1f9327baa4d27e9b1149cd71b3?s=96&d=mm&r=g\",\"caption\":\"Z\u00e9 Beir\u00e3o\"},\"url\":\"http:\\\/\\\/obeirao.pt\\\/online\\\/author\\\/zebeirao\\\/\"}]}<\/script>\n<!-- \/ Yoast SEO plugin. -->","yoast_head_json":{"title":"COVID-19: GRUPO FRANC\u00caS PSA FECHA F\u00c1BRICA DE MANGUALDE A PARTIR DE QUARTA-FEIRA - Beir\u00e3o Online","robots":{"index":"index","follow":"follow","max-snippet":"max-snippet:-1","max-image-preview":"max-image-preview:large","max-video-preview":"max-video-preview:-1"},"canonical":"http:\/\/obeirao.pt\/online\/2020\/03\/16\/covid-19-grupo-frances-psa-fecha-fabrica-de-mangualde-a-partir-de-quarta-feira\/","og_locale":"pt_PT","og_type":"article","og_title":"COVID-19: GRUPO FRANC\u00caS PSA FECHA F\u00c1BRICA DE MANGUALDE A PARTIR DE QUARTA-FEIRA - Beir\u00e3o Online","og_description":"tempo de leitura: 2 minutosO grupo franc\u00eas PSA vai fechar a unidade de Mangualde a partir de quarta-feira, na sequ\u00eancia da decis\u00e3o de encerrar todas as suas f\u00e1bricas na [...]","og_url":"http:\/\/obeirao.pt\/online\/2020\/03\/16\/covid-19-grupo-frances-psa-fecha-fabrica-de-mangualde-a-partir-de-quarta-feira\/","og_site_name":"Beir\u00e3o Online","article_publisher":"https:\/\/pt-br.facebook.com\/pages\/Amigos-de-Tondela\/273620439973877","article_published_time":"2020-03-16T19:09:47+00:00","article_modified_time":"2020-03-16T19:10:04+00:00","og_image":[{"width":1024,"height":474,"url":"http:\/\/obeirao.pt\/online\/wp-content\/uploads\/2020\/03\/PSA-Mangualde-arquivo.jpg","type":"image\/jpeg"}],"author":"Z\u00e9 Beir\u00e3o","twitter_card":"summary_large_image","twitter_creator":"@JoaquimDuarteP2","twitter_site":"@JoaquimDuarteP2","twitter_misc":{"Escrito por":"Z\u00e9 Beir\u00e3o","Tempo estimado de leitura":"1 minuto"},"schema":{"@context":"https:\/\/schema.org","@graph":[{"@type":"Article","@id":"http:\/\/obeirao.pt\/online\/2020\/03\/16\/covid-19-grupo-frances-psa-fecha-fabrica-de-mangualde-a-partir-de-quarta-feira\/#article","isPartOf":{"@id":"http:\/\/obeirao.pt\/online\/2020\/03\/16\/covid-19-grupo-frances-psa-fecha-fabrica-de-mangualde-a-partir-de-quarta-feira\/"},"author":{"name":"Z\u00e9 Beir\u00e3o","@id":"http:\/\/obeirao.pt\/online\/#\/schema\/person\/efac69bb5a33873e1c1bb9c1165ff38c"},"headline":"COVID-19: GRUPO FRANC\u00caS PSA FECHA F\u00c1BRICA DE MANGUALDE A PARTIR DE QUARTA-FEIRA","datePublished":"2020-03-16T19:09:47+00:00","dateModified":"2020-03-16T19:10:04+00:00","mainEntityOfPage":{"@id":"http:\/\/obeirao.pt\/online\/2020\/03\/16\/covid-19-grupo-frances-psa-fecha-fabrica-de-mangualde-a-partir-de-quarta-feira\/"},"wordCount":297,"image":{"@id":"http:\/\/obeirao.pt\/online\/2020\/03\/16\/covid-19-grupo-frances-psa-fecha-fabrica-de-mangualde-a-partir-de-quarta-feira\/#primaryimage"},"thumbnailUrl":"http:\/\/obeirao.pt\/online\/wp-content\/uploads\/2020\/03\/PSA-Mangualde-arquivo.jpg","articleSection":["_Principal","Regi\u00e3o","Uncategorized"],"inLanguage":"pt-PT"},{"@type":"WebPage","@id":"http:\/\/obeirao.pt\/online\/2020\/03\/16\/covid-19-grupo-frances-psa-fecha-fabrica-de-mangualde-a-partir-de-quarta-feira\/","url":"http:\/\/obeirao.pt\/online\/2020\/03\/16\/covid-19-grupo-frances-psa-fecha-fabrica-de-mangualde-a-partir-de-quarta-feira\/","name":"COVID-19: GRUPO FRANC\u00caS PSA FECHA F\u00c1BRICA DE MANGUALDE A PARTIR DE QUARTA-FEIRA - Beir\u00e3o Online","isPartOf":{"@id":"http:\/\/obeirao.pt\/online\/#website"},"primaryImageOfPage":{"@id":"http:\/\/obeirao.pt\/online\/2020\/03\/16\/covid-19-grupo-frances-psa-fecha-fabrica-de-mangualde-a-partir-de-quarta-feira\/#primaryimage"},"image":{"@id":"http:\/\/obeirao.pt\/online\/2020\/03\/16\/covid-19-grupo-frances-psa-fecha-fabrica-de-mangualde-a-partir-de-quarta-feira\/#primaryimage"},"thumbnailUrl":"http:\/\/obeirao.pt\/online\/wp-content\/uploads\/2020\/03\/PSA-Mangualde-arquivo.jpg","datePublished":"2020-03-16T19:09:47+00:00","dateModified":"2020-03-16T19:10:04+00:00","author":{"@id":"http:\/\/obeirao.pt\/online\/#\/schema\/person\/efac69bb5a33873e1c1bb9c1165ff38c"},"breadcrumb":{"@id":"http:\/\/obeirao.pt\/online\/2020\/03\/16\/covid-19-grupo-frances-psa-fecha-fabrica-de-mangualde-a-partir-de-quarta-feira\/#breadcrumb"},"inLanguage":"pt-PT","potentialAction":[{"@type":"ReadAction","target":["http:\/\/obeirao.pt\/online\/2020\/03\/16\/covid-19-grupo-frances-psa-fecha-fabrica-de-mangualde-a-partir-de-quarta-feira\/"]}]},{"@type":"ImageObject","inLanguage":"pt-PT","@id":"http:\/\/obeirao.pt\/online\/2020\/03\/16\/covid-19-grupo-frances-psa-fecha-fabrica-de-mangualde-a-partir-de-quarta-feira\/#primaryimage","url":"http:\/\/obeirao.pt\/online\/wp-content\/uploads\/2020\/03\/PSA-Mangualde-arquivo.jpg","contentUrl":"http:\/\/obeirao.pt\/online\/wp-content\/uploads\/2020\/03\/PSA-Mangualde-arquivo.jpg","width":1024,"height":474},{"@type":"BreadcrumbList","@id":"http:\/\/obeirao.pt\/online\/2020\/03\/16\/covid-19-grupo-frances-psa-fecha-fabrica-de-mangualde-a-partir-de-quarta-feira\/#breadcrumb","itemListElement":[{"@type":"ListItem","position":1,"name":"Home","item":"http:\/\/obeirao.pt\/online\/"},{"@type":"ListItem","position":2,"name":"COVID-19: GRUPO FRANC\u00caS PSA FECHA F\u00c1BRICA DE MANGUALDE A PARTIR DE QUARTA-FEIRA"}]},{"@type":"WebSite","@id":"http:\/\/obeirao.pt\/online\/#website","url":"http:\/\/obeirao.pt\/online\/","name":"Beir\u00e3o Online","description":"www.obeirao.pt","potentialAction":[{"@type":"SearchAction","target":{"@type":"EntryPoint","urlTemplate":"http:\/\/obeirao.pt\/online\/?s={search_term_string}"},"query-input":{"@type":"PropertyValueSpecification","valueRequired":true,"valueName":"search_term_string"}}],"inLanguage":"pt-PT"},{"@type":"Person","@id":"http:\/\/obeirao.pt\/online\/#\/schema\/person\/efac69bb5a33873e1c1bb9c1165ff38c","name":"Z\u00e9 Beir\u00e3o","image":{"@type":"ImageObject","inLanguage":"pt-PT","@id":"http:\/\/0.gravatar.com\/avatar\/c8c44d1f9327baa4d27e9b1149cd71b3?s=96&d=mm&r=g","url":"http:\/\/0.gravatar.com\/avatar\/c8c44d1f9327baa4d27e9b1149cd71b3?s=96&d=mm&r=g","contentUrl":"http:\/\/0.gravatar.com\/avatar\/c8c44d1f9327baa4d27e9b1149cd71b3?s=96&d=mm&r=g","caption":"Z\u00e9 Beir\u00e3o"},"url":"http:\/\/obeirao.pt\/online\/author\/zebeirao\/"}]}},"_links":{"self":[{"href":"http:\/\/obeirao.pt\/online\/wp-json\/wp\/v2\/posts\/5008"}],"collection":[{"href":"http:\/\/obeirao.pt\/online\/wp-json\/wp\/v2\/posts"}],"about":[{"href":"http:\/\/obeirao.pt\/online\/wp-json\/wp\/v2\/types\/post"}],"author":[{"embeddable":true,"href":"http:\/\/obeirao.pt\/online\/wp-json\/wp\/v2\/users\/2"}],"replies":[{"embeddable":true,"href":"http:\/\/obeirao.pt\/online\/wp-json\/wp\/v2\/comments?post=5008"}],"version-history":[{"count":1,"href":"http:\/\/obeirao.pt\/online\/wp-json\/wp\/v2\/posts\/5008\/revisions"}],"predecessor-version":[{"id":5010,"href":"http:\/\/obeirao.pt\/online\/wp-json\/wp\/v2\/posts\/5008\/revisions\/5010"}],"wp:featuredmedia":[{"embeddable":true,"href":"http:\/\/obeirao.pt\/online\/wp-json\/wp\/v2\/media\/5009"}],"wp:attachment":[{"href":"http:\/\/obeirao.pt\/online\/wp-json\/wp\/v2\/media?parent=5008"}],"wp:term":[{"taxonomy":"category","embeddable":true,"href":"http:\/\/obeirao.pt\/online\/wp-json\/wp\/v2\/categories?post=5008"},{"taxonomy":"post_tag","embeddable":true,"href":"http:\/\/obeirao.pt\/online\/wp-json\/wp\/v2\/tags?post=5008"}],"curies":[{"name":"wp","href":"https:\/\/api.w.org\/{rel}","templated":true}]}}