{"id":5014,"date":"2020-03-18T20:11:41","date_gmt":"2020-03-18T20:11:41","guid":{"rendered":"http:\/\/obeirao.pt\/online\/?p=5014"},"modified":"2021-03-18T10:50:27","modified_gmt":"2021-03-18T10:50:27","slug":"ovar-uma-cidade-fechada-com-forcas-de-seguranca-a-controlar","status":"publish","type":"post","link":"http:\/\/obeirao.pt\/online\/2020\/03\/18\/ovar-uma-cidade-fechada-com-forcas-de-seguranca-a-controlar\/","title":{"rendered":"OVAR, UMA CIDADE FECHADA COM FOR\u00c7AS DE SEGURAN\u00c7A A CONTROLAR"},"content":{"rendered":"<span class=\"span-reading-time rt-reading-time\" style=\"display: block;\"><span class=\"rt-label rt-prefix\">tempo de leitura:<\/span> <span class=\"rt-time\"> 2<\/span> <span class=\"rt-label rt-postfix\">minutos<\/span><\/span><p><span style=\"font-size: 24pt\"><strong><a href=\"http:\/\/obeirao.pt\/online\/wp-content\/uploads\/2020\/03\/image-2.jpg\"><img loading=\"lazy\" decoding=\"async\" class=\"alignleft wp-image-5015 size-medium\" src=\"http:\/\/obeirao.pt\/online\/wp-content\/uploads\/2020\/03\/image-2-300x200.jpg\" alt=\"\" width=\"300\" height=\"200\" srcset=\"http:\/\/obeirao.pt\/online\/wp-content\/uploads\/2020\/03\/image-2-300x200.jpg 300w, http:\/\/obeirao.pt\/online\/wp-content\/uploads\/2020\/03\/image-2-640x426.jpg 640w, http:\/\/obeirao.pt\/online\/wp-content\/uploads\/2020\/03\/image-2.jpg 743w\" sizes=\"(max-width: 300px) 100vw, 300px\" \/><\/a><\/strong><\/span><span style=\"font-family: georgia, palatino, serif\"><span style=\"font-size: 18pt\"><strong><span style=\"background-color: #ffff00;color: #ff0000\">CALAMIDADE P\u00daBLICA<\/span><em>\u00a0 * \u00a0\u00a0Ovar j\u00e1 tem um per\u00edmetro montado, em torno de todo o territ\u00f3rio. O concelho est\u00e1 cercado, ningu\u00e9m entra nem sai e o cerco \u00e9 vis\u00edvel.<\/em><\/strong><\/span><!--more--><\/span><\/p>\n<p><span style=\"font-family: georgia, palatino, serif;font-size: 12pt\">A situa\u00e7\u00e3o de calamidade p\u00fablica, segundo o JN, para o Munic\u00edpio de Ovar foi declarada na ter\u00e7a-feira (17 de Mar\u00e7o), depois de haver\u00a0<strong>mais de 30 casos confirmados por infec\u00e7\u00e3o de Covid-19 no concelho<\/strong>\u00a0e haver<strong>\u00a0ind\u00edcios de transmiss\u00e3o comunit\u00e1ria activa e generalizada<\/strong>.<\/span><\/p>\n<p><span style=\"font-family: georgia, palatino, serif;font-size: 12pt\">O com\u00e9rcio est\u00e1 fechado, a ind\u00fastria parada. S\u00f3 os supermercados, farm\u00e1cias e postos de combust\u00edvel est\u00e3o abertos. Ovar est\u00e1 numa quarentena obrigat\u00f3ria at\u00e9 2 de Abril.<\/span><\/p>\n<p><span style=\"font-family: georgia, palatino, serif;background-color: #ffff00;font-size: 14pt\"><strong><em><a style=\"background-color: #ffff00\" href=\"https:\/\/www.jn.pt\/i\/11944551.html\">CUIDADOS INDIVIDUAIS: O QUE TEMOS MESMO QUE FAZER PORQUE A VIDA DEPENDE DISSO<\/a><a href=\"http:\/\/obeirao.pt\/online\/wp-content\/uploads\/2020\/03\/unnamed-ovar.jpg\"><img loading=\"lazy\" decoding=\"async\" class=\"alignright wp-image-5017 size-medium\" src=\"http:\/\/obeirao.pt\/online\/wp-content\/uploads\/2020\/03\/unnamed-ovar-238x300.jpg\" alt=\"\" width=\"238\" height=\"300\" srcset=\"http:\/\/obeirao.pt\/online\/wp-content\/uploads\/2020\/03\/unnamed-ovar-238x300.jpg 238w, http:\/\/obeirao.pt\/online\/wp-content\/uploads\/2020\/03\/unnamed-ovar.jpg 250w\" sizes=\"(max-width: 238px) 100vw, 238px\" \/><\/a><\/em><\/strong><\/span><\/p>\n<p><span style=\"font-family: georgia, palatino, serif;font-size: 12pt\">De acordo com o ministro da Administra\u00e7\u00e3o Interna, Eduardo Cabrita, a situa\u00e7\u00e3o de cerca significa que os residentes no munic\u00edpio est\u00e3o impedidos de sair de Ovar, al\u00e9m de estarem limitados na circula\u00e7\u00e3o. E as entradas no concelho ser\u00e3o limitadas a <strong><em>&#8220;situa\u00e7\u00f5es excepcionais, profissionais de sa\u00fade, for\u00e7as de seguran\u00e7a ou de socorro, abastecimento de supermercados e postos de combust\u00edveis&#8221;.<\/em><\/strong><\/span><\/p>\n<p><span style=\"font-family: georgia, palatino, serif;background-color: #ffff00;font-size: 14pt\"><strong><em><a style=\"background-color: #ffff00\" href=\"https:\/\/www.jn.pt\/i\/11940596.html\">O QUE MUDA COM O ESTADO DE EMERG\u00caNCIA E OUTRAS RESPOSTAS<\/a><\/em><\/strong><\/span><\/p>\n<p><span style=\"font-family: georgia, palatino, serif;font-size: 12pt\">Apenas est\u00e3o assegurados servi\u00e7os b\u00e1sicos, como hospitais, centros de sa\u00fade, farm\u00e1cias, seguran\u00e7a, comunica\u00e7\u00f5es, \u00e1gua, energia e multibanco.<\/span><\/p>\n<p><span style=\"font-family: georgia, palatino, serif;font-size: 12pt\">O autarca Salvador Malheiro afirmou que o munic\u00edpio est\u00e1 a viver um momento &#8220;<strong><em>cr\u00edtico, hist\u00f3rico e ca\u00f3tico&#8221;.<\/em><\/strong> &#8220;<strong><em>H\u00e1 fam\u00edlias inteiras com confirma\u00e7\u00f5es de infec\u00e7\u00e3o e a \u00fanica maneira de travar o cont\u00e1gio \u00e9 eliminar o contacto social&#8221;,<\/em><\/strong> sublinhou Malheiro, que alertou que &#8220;<strong><em>os ovarenses t\u00eam que ficar em casa&#8221;.<\/em><\/strong><\/span><\/p>\n","protected":false},"excerpt":{"rendered":"<div class=\"mh-excerpt\"><span class=\"span-reading-time rt-reading-time\" style=\"display: block;\"><span class=\"rt-label rt-prefix\">tempo de leitura:<\/span> <span class=\"rt-time\"> 2<\/span> <span class=\"rt-label rt-postfix\">minutos<\/span><\/span>CALAMIDADE P\u00daBLICA\u00a0 * \u00a0\u00a0Ovar j\u00e1 tem um per\u00edmetro montado, em torno de todo o territ\u00f3rio. O concelho est\u00e1 cercado, ningu\u00e9m entra nem sai e o <a class=\"mh-excerpt-more\" href=\"http:\/\/obeirao.pt\/online\/2020\/03\/18\/ovar-uma-cidade-fechada-com-forcas-de-seguranca-a-controlar\/\" title=\"OVAR, UMA CIDADE FECHADA COM FOR\u00c7AS DE SEGURAN\u00c7A A CONTROLAR\">[&#8230;]<\/a><\/div>\n","protected":false},"author":2,"featured_media":5015,"comment_status":"closed","ping_status":"closed","sticky":false,"template":"","format":"standard","meta":{"footnotes":""},"categories":[2,165,1],"tags":[],"class_list":["post-5014","post","type-post","status-publish","format-standard","has-post-thumbnail","hentry","category-principal","category-ovar","category-uncategorized"],"yoast_head":"<!-- This site is optimized with the Yoast SEO plugin v27.4 - https:\/\/yoast.com\/product\/yoast-seo-wordpress\/ -->\n<title>OVAR, UMA CIDADE FECHADA COM FOR\u00c7AS DE SEGURAN\u00c7A A CONTROLAR - Beir\u00e3o Online<\/title>\n<meta name=\"robots\" content=\"index, follow, max-snippet:-1, max-image-preview:large, max-video-preview:-1\" \/>\n<link rel=\"canonical\" href=\"https:\/\/obeirao.pt\/online\/2020\/03\/18\/ovar-uma-cidade-fechada-com-forcas-de-seguranca-a-controlar\/\" \/>\n<meta property=\"og:locale\" content=\"pt_PT\" \/>\n<meta property=\"og:type\" content=\"article\" \/>\n<meta property=\"og:title\" content=\"OVAR, UMA CIDADE FECHADA COM FOR\u00c7AS DE SEGURAN\u00c7A A CONTROLAR - Beir\u00e3o Online\" \/>\n<meta property=\"og:description\" content=\"tempo de leitura: 2 minutosCALAMIDADE P\u00daBLICA\u00a0 * \u00a0\u00a0Ovar j\u00e1 tem um per\u00edmetro montado, em torno de todo o territ\u00f3rio. O concelho est\u00e1 cercado, ningu\u00e9m entra nem sai e o [...]\" \/>\n<meta property=\"og:url\" content=\"https:\/\/obeirao.pt\/online\/2020\/03\/18\/ovar-uma-cidade-fechada-com-forcas-de-seguranca-a-controlar\/\" \/>\n<meta property=\"og:site_name\" content=\"Beir\u00e3o Online\" \/>\n<meta property=\"article:publisher\" content=\"https:\/\/pt-br.facebook.com\/pages\/Amigos-de-Tondela\/273620439973877\" \/>\n<meta property=\"article:published_time\" content=\"2020-03-18T20:11:41+00:00\" \/>\n<meta property=\"article:modified_time\" content=\"2021-03-18T10:50:27+00:00\" \/>\n<meta property=\"og:image\" content=\"https:\/\/obeirao.pt\/online\/wp-content\/uploads\/2020\/03\/image-2.jpg\" \/>\n\t<meta property=\"og:image:width\" content=\"743\" \/>\n\t<meta property=\"og:image:height\" content=\"495\" \/>\n\t<meta property=\"og:image:type\" content=\"image\/jpeg\" \/>\n<meta name=\"author\" content=\"Z\u00e9 Beir\u00e3o\" \/>\n<meta name=\"twitter:card\" content=\"summary_large_image\" \/>\n<meta name=\"twitter:creator\" content=\"@JoaquimDuarteP2\" \/>\n<meta name=\"twitter:site\" content=\"@JoaquimDuarteP2\" \/>\n<meta name=\"twitter:label1\" content=\"Escrito por\" \/>\n\t<meta name=\"twitter:data1\" content=\"Z\u00e9 Beir\u00e3o\" \/>\n\t<meta name=\"twitter:label2\" content=\"Tempo estimado de leitura\" \/>\n\t<meta name=\"twitter:data2\" content=\"1 minuto\" \/>\n<script type=\"application\/ld+json\" class=\"yoast-schema-graph\">{\"@context\":\"https:\\\/\\\/schema.org\",\"@graph\":[{\"@type\":\"Article\",\"@id\":\"https:\\\/\\\/obeirao.pt\\\/online\\\/2020\\\/03\\\/18\\\/ovar-uma-cidade-fechada-com-forcas-de-seguranca-a-controlar\\\/#article\",\"isPartOf\":{\"@id\":\"https:\\\/\\\/obeirao.pt\\\/online\\\/2020\\\/03\\\/18\\\/ovar-uma-cidade-fechada-com-forcas-de-seguranca-a-controlar\\\/\"},\"author\":{\"name\":\"Z\u00e9 Beir\u00e3o\",\"@id\":\"http:\\\/\\\/obeirao.pt\\\/online\\\/#\\\/schema\\\/person\\\/efac69bb5a33873e1c1bb9c1165ff38c\"},\"headline\":\"OVAR, UMA CIDADE FECHADA COM FOR\u00c7AS DE SEGURAN\u00c7A A CONTROLAR\",\"datePublished\":\"2020-03-18T20:11:41+00:00\",\"dateModified\":\"2021-03-18T10:50:27+00:00\",\"mainEntityOfPage\":{\"@id\":\"https:\\\/\\\/obeirao.pt\\\/online\\\/2020\\\/03\\\/18\\\/ovar-uma-cidade-fechada-com-forcas-de-seguranca-a-controlar\\\/\"},\"wordCount\":300,\"image\":{\"@id\":\"https:\\\/\\\/obeirao.pt\\\/online\\\/2020\\\/03\\\/18\\\/ovar-uma-cidade-fechada-com-forcas-de-seguranca-a-controlar\\\/#primaryimage\"},\"thumbnailUrl\":\"http:\\\/\\\/obeirao.pt\\\/online\\\/wp-content\\\/uploads\\\/2020\\\/03\\\/image-2.jpg\",\"articleSection\":[\"_Principal\",\"Ovar\",\"Uncategorized\"],\"inLanguage\":\"pt-PT\"},{\"@type\":\"WebPage\",\"@id\":\"https:\\\/\\\/obeirao.pt\\\/online\\\/2020\\\/03\\\/18\\\/ovar-uma-cidade-fechada-com-forcas-de-seguranca-a-controlar\\\/\",\"url\":\"https:\\\/\\\/obeirao.pt\\\/online\\\/2020\\\/03\\\/18\\\/ovar-uma-cidade-fechada-com-forcas-de-seguranca-a-controlar\\\/\",\"name\":\"OVAR, UMA CIDADE FECHADA COM FOR\u00c7AS DE SEGURAN\u00c7A A CONTROLAR - Beir\u00e3o Online\",\"isPartOf\":{\"@id\":\"http:\\\/\\\/obeirao.pt\\\/online\\\/#website\"},\"primaryImageOfPage\":{\"@id\":\"https:\\\/\\\/obeirao.pt\\\/online\\\/2020\\\/03\\\/18\\\/ovar-uma-cidade-fechada-com-forcas-de-seguranca-a-controlar\\\/#primaryimage\"},\"image\":{\"@id\":\"https:\\\/\\\/obeirao.pt\\\/online\\\/2020\\\/03\\\/18\\\/ovar-uma-cidade-fechada-com-forcas-de-seguranca-a-controlar\\\/#primaryimage\"},\"thumbnailUrl\":\"http:\\\/\\\/obeirao.pt\\\/online\\\/wp-content\\\/uploads\\\/2020\\\/03\\\/image-2.jpg\",\"datePublished\":\"2020-03-18T20:11:41+00:00\",\"dateModified\":\"2021-03-18T10:50:27+00:00\",\"author\":{\"@id\":\"http:\\\/\\\/obeirao.pt\\\/online\\\/#\\\/schema\\\/person\\\/efac69bb5a33873e1c1bb9c1165ff38c\"},\"breadcrumb\":{\"@id\":\"https:\\\/\\\/obeirao.pt\\\/online\\\/2020\\\/03\\\/18\\\/ovar-uma-cidade-fechada-com-forcas-de-seguranca-a-controlar\\\/#breadcrumb\"},\"inLanguage\":\"pt-PT\",\"potentialAction\":[{\"@type\":\"ReadAction\",\"target\":[\"https:\\\/\\\/obeirao.pt\\\/online\\\/2020\\\/03\\\/18\\\/ovar-uma-cidade-fechada-com-forcas-de-seguranca-a-controlar\\\/\"]}]},{\"@type\":\"ImageObject\",\"inLanguage\":\"pt-PT\",\"@id\":\"https:\\\/\\\/obeirao.pt\\\/online\\\/2020\\\/03\\\/18\\\/ovar-uma-cidade-fechada-com-forcas-de-seguranca-a-controlar\\\/#primaryimage\",\"url\":\"http:\\\/\\\/obeirao.pt\\\/online\\\/wp-content\\\/uploads\\\/2020\\\/03\\\/image-2.jpg\",\"contentUrl\":\"http:\\\/\\\/obeirao.pt\\\/online\\\/wp-content\\\/uploads\\\/2020\\\/03\\\/image-2.jpg\",\"width\":743,\"height\":495},{\"@type\":\"BreadcrumbList\",\"@id\":\"https:\\\/\\\/obeirao.pt\\\/online\\\/2020\\\/03\\\/18\\\/ovar-uma-cidade-fechada-com-forcas-de-seguranca-a-controlar\\\/#breadcrumb\",\"itemListElement\":[{\"@type\":\"ListItem\",\"position\":1,\"name\":\"Home\",\"item\":\"http:\\\/\\\/obeirao.pt\\\/online\\\/\"},{\"@type\":\"ListItem\",\"position\":2,\"name\":\"OVAR, UMA CIDADE FECHADA COM FOR\u00c7AS DE SEGURAN\u00c7A A CONTROLAR\"}]},{\"@type\":\"WebSite\",\"@id\":\"http:\\\/\\\/obeirao.pt\\\/online\\\/#website\",\"url\":\"http:\\\/\\\/obeirao.pt\\\/online\\\/\",\"name\":\"Beir\u00e3o Online\",\"description\":\"www.obeirao.pt\",\"potentialAction\":[{\"@type\":\"SearchAction\",\"target\":{\"@type\":\"EntryPoint\",\"urlTemplate\":\"http:\\\/\\\/obeirao.pt\\\/online\\\/?s={search_term_string}\"},\"query-input\":{\"@type\":\"PropertyValueSpecification\",\"valueRequired\":true,\"valueName\":\"search_term_string\"}}],\"inLanguage\":\"pt-PT\"},{\"@type\":\"Person\",\"@id\":\"http:\\\/\\\/obeirao.pt\\\/online\\\/#\\\/schema\\\/person\\\/efac69bb5a33873e1c1bb9c1165ff38c\",\"name\":\"Z\u00e9 Beir\u00e3o\",\"image\":{\"@type\":\"ImageObject\",\"inLanguage\":\"pt-PT\",\"@id\":\"http:\\\/\\\/0.gravatar.com\\\/avatar\\\/c8c44d1f9327baa4d27e9b1149cd71b3?s=96&d=mm&r=g\",\"url\":\"http:\\\/\\\/0.gravatar.com\\\/avatar\\\/c8c44d1f9327baa4d27e9b1149cd71b3?s=96&d=mm&r=g\",\"contentUrl\":\"http:\\\/\\\/0.gravatar.com\\\/avatar\\\/c8c44d1f9327baa4d27e9b1149cd71b3?s=96&d=mm&r=g\",\"caption\":\"Z\u00e9 Beir\u00e3o\"},\"url\":\"http:\\\/\\\/obeirao.pt\\\/online\\\/author\\\/zebeirao\\\/\"}]}<\/script>\n<!-- \/ Yoast SEO plugin. -->","yoast_head_json":{"title":"OVAR, UMA CIDADE FECHADA COM FOR\u00c7AS DE SEGURAN\u00c7A A CONTROLAR - Beir\u00e3o Online","robots":{"index":"index","follow":"follow","max-snippet":"max-snippet:-1","max-image-preview":"max-image-preview:large","max-video-preview":"max-video-preview:-1"},"canonical":"https:\/\/obeirao.pt\/online\/2020\/03\/18\/ovar-uma-cidade-fechada-com-forcas-de-seguranca-a-controlar\/","og_locale":"pt_PT","og_type":"article","og_title":"OVAR, UMA CIDADE FECHADA COM FOR\u00c7AS DE SEGURAN\u00c7A A CONTROLAR - Beir\u00e3o Online","og_description":"tempo de leitura: 2 minutosCALAMIDADE P\u00daBLICA\u00a0 * \u00a0\u00a0Ovar j\u00e1 tem um per\u00edmetro montado, em torno de todo o territ\u00f3rio. O concelho est\u00e1 cercado, ningu\u00e9m entra nem sai e o [...]","og_url":"https:\/\/obeirao.pt\/online\/2020\/03\/18\/ovar-uma-cidade-fechada-com-forcas-de-seguranca-a-controlar\/","og_site_name":"Beir\u00e3o Online","article_publisher":"https:\/\/pt-br.facebook.com\/pages\/Amigos-de-Tondela\/273620439973877","article_published_time":"2020-03-18T20:11:41+00:00","article_modified_time":"2021-03-18T10:50:27+00:00","og_image":[{"width":743,"height":495,"url":"https:\/\/obeirao.pt\/online\/wp-content\/uploads\/2020\/03\/image-2.jpg","type":"image\/jpeg"}],"author":"Z\u00e9 Beir\u00e3o","twitter_card":"summary_large_image","twitter_creator":"@JoaquimDuarteP2","twitter_site":"@JoaquimDuarteP2","twitter_misc":{"Escrito por":"Z\u00e9 Beir\u00e3o","Tempo estimado de leitura":"1 minuto"},"schema":{"@context":"https:\/\/schema.org","@graph":[{"@type":"Article","@id":"https:\/\/obeirao.pt\/online\/2020\/03\/18\/ovar-uma-cidade-fechada-com-forcas-de-seguranca-a-controlar\/#article","isPartOf":{"@id":"https:\/\/obeirao.pt\/online\/2020\/03\/18\/ovar-uma-cidade-fechada-com-forcas-de-seguranca-a-controlar\/"},"author":{"name":"Z\u00e9 Beir\u00e3o","@id":"http:\/\/obeirao.pt\/online\/#\/schema\/person\/efac69bb5a33873e1c1bb9c1165ff38c"},"headline":"OVAR, UMA CIDADE FECHADA COM FOR\u00c7AS DE SEGURAN\u00c7A A CONTROLAR","datePublished":"2020-03-18T20:11:41+00:00","dateModified":"2021-03-18T10:50:27+00:00","mainEntityOfPage":{"@id":"https:\/\/obeirao.pt\/online\/2020\/03\/18\/ovar-uma-cidade-fechada-com-forcas-de-seguranca-a-controlar\/"},"wordCount":300,"image":{"@id":"https:\/\/obeirao.pt\/online\/2020\/03\/18\/ovar-uma-cidade-fechada-com-forcas-de-seguranca-a-controlar\/#primaryimage"},"thumbnailUrl":"http:\/\/obeirao.pt\/online\/wp-content\/uploads\/2020\/03\/image-2.jpg","articleSection":["_Principal","Ovar","Uncategorized"],"inLanguage":"pt-PT"},{"@type":"WebPage","@id":"https:\/\/obeirao.pt\/online\/2020\/03\/18\/ovar-uma-cidade-fechada-com-forcas-de-seguranca-a-controlar\/","url":"https:\/\/obeirao.pt\/online\/2020\/03\/18\/ovar-uma-cidade-fechada-com-forcas-de-seguranca-a-controlar\/","name":"OVAR, UMA CIDADE FECHADA COM FOR\u00c7AS DE SEGURAN\u00c7A A CONTROLAR - Beir\u00e3o Online","isPartOf":{"@id":"http:\/\/obeirao.pt\/online\/#website"},"primaryImageOfPage":{"@id":"https:\/\/obeirao.pt\/online\/2020\/03\/18\/ovar-uma-cidade-fechada-com-forcas-de-seguranca-a-controlar\/#primaryimage"},"image":{"@id":"https:\/\/obeirao.pt\/online\/2020\/03\/18\/ovar-uma-cidade-fechada-com-forcas-de-seguranca-a-controlar\/#primaryimage"},"thumbnailUrl":"http:\/\/obeirao.pt\/online\/wp-content\/uploads\/2020\/03\/image-2.jpg","datePublished":"2020-03-18T20:11:41+00:00","dateModified":"2021-03-18T10:50:27+00:00","author":{"@id":"http:\/\/obeirao.pt\/online\/#\/schema\/person\/efac69bb5a33873e1c1bb9c1165ff38c"},"breadcrumb":{"@id":"https:\/\/obeirao.pt\/online\/2020\/03\/18\/ovar-uma-cidade-fechada-com-forcas-de-seguranca-a-controlar\/#breadcrumb"},"inLanguage":"pt-PT","potentialAction":[{"@type":"ReadAction","target":["https:\/\/obeirao.pt\/online\/2020\/03\/18\/ovar-uma-cidade-fechada-com-forcas-de-seguranca-a-controlar\/"]}]},{"@type":"ImageObject","inLanguage":"pt-PT","@id":"https:\/\/obeirao.pt\/online\/2020\/03\/18\/ovar-uma-cidade-fechada-com-forcas-de-seguranca-a-controlar\/#primaryimage","url":"http:\/\/obeirao.pt\/online\/wp-content\/uploads\/2020\/03\/image-2.jpg","contentUrl":"http:\/\/obeirao.pt\/online\/wp-content\/uploads\/2020\/03\/image-2.jpg","width":743,"height":495},{"@type":"BreadcrumbList","@id":"https:\/\/obeirao.pt\/online\/2020\/03\/18\/ovar-uma-cidade-fechada-com-forcas-de-seguranca-a-controlar\/#breadcrumb","itemListElement":[{"@type":"ListItem","position":1,"name":"Home","item":"http:\/\/obeirao.pt\/online\/"},{"@type":"ListItem","position":2,"name":"OVAR, UMA CIDADE FECHADA COM FOR\u00c7AS DE SEGURAN\u00c7A A CONTROLAR"}]},{"@type":"WebSite","@id":"http:\/\/obeirao.pt\/online\/#website","url":"http:\/\/obeirao.pt\/online\/","name":"Beir\u00e3o Online","description":"www.obeirao.pt","potentialAction":[{"@type":"SearchAction","target":{"@type":"EntryPoint","urlTemplate":"http:\/\/obeirao.pt\/online\/?s={search_term_string}"},"query-input":{"@type":"PropertyValueSpecification","valueRequired":true,"valueName":"search_term_string"}}],"inLanguage":"pt-PT"},{"@type":"Person","@id":"http:\/\/obeirao.pt\/online\/#\/schema\/person\/efac69bb5a33873e1c1bb9c1165ff38c","name":"Z\u00e9 Beir\u00e3o","image":{"@type":"ImageObject","inLanguage":"pt-PT","@id":"http:\/\/0.gravatar.com\/avatar\/c8c44d1f9327baa4d27e9b1149cd71b3?s=96&d=mm&r=g","url":"http:\/\/0.gravatar.com\/avatar\/c8c44d1f9327baa4d27e9b1149cd71b3?s=96&d=mm&r=g","contentUrl":"http:\/\/0.gravatar.com\/avatar\/c8c44d1f9327baa4d27e9b1149cd71b3?s=96&d=mm&r=g","caption":"Z\u00e9 Beir\u00e3o"},"url":"http:\/\/obeirao.pt\/online\/author\/zebeirao\/"}]}},"_links":{"self":[{"href":"http:\/\/obeirao.pt\/online\/wp-json\/wp\/v2\/posts\/5014"}],"collection":[{"href":"http:\/\/obeirao.pt\/online\/wp-json\/wp\/v2\/posts"}],"about":[{"href":"http:\/\/obeirao.pt\/online\/wp-json\/wp\/v2\/types\/post"}],"author":[{"embeddable":true,"href":"http:\/\/obeirao.pt\/online\/wp-json\/wp\/v2\/users\/2"}],"replies":[{"embeddable":true,"href":"http:\/\/obeirao.pt\/online\/wp-json\/wp\/v2\/comments?post=5014"}],"version-history":[{"count":3,"href":"http:\/\/obeirao.pt\/online\/wp-json\/wp\/v2\/posts\/5014\/revisions"}],"predecessor-version":[{"id":5019,"href":"http:\/\/obeirao.pt\/online\/wp-json\/wp\/v2\/posts\/5014\/revisions\/5019"}],"wp:featuredmedia":[{"embeddable":true,"href":"http:\/\/obeirao.pt\/online\/wp-json\/wp\/v2\/media\/5015"}],"wp:attachment":[{"href":"http:\/\/obeirao.pt\/online\/wp-json\/wp\/v2\/media?parent=5014"}],"wp:term":[{"taxonomy":"category","embeddable":true,"href":"http:\/\/obeirao.pt\/online\/wp-json\/wp\/v2\/categories?post=5014"},{"taxonomy":"post_tag","embeddable":true,"href":"http:\/\/obeirao.pt\/online\/wp-json\/wp\/v2\/tags?post=5014"}],"curies":[{"name":"wp","href":"https:\/\/api.w.org\/{rel}","templated":true}]}}