{"id":5049,"date":"2020-03-24T19:35:39","date_gmt":"2020-03-24T19:35:39","guid":{"rendered":"http:\/\/obeirao.pt\/online\/?p=5049"},"modified":"2020-03-24T19:35:55","modified_gmt":"2020-03-24T19:35:55","slug":"municipio-de-tondela-procede-a-accoes-de-higienizacao-de-espacos-publicos","status":"publish","type":"post","link":"http:\/\/obeirao.pt\/online\/2020\/03\/24\/municipio-de-tondela-procede-a-accoes-de-higienizacao-de-espacos-publicos\/","title":{"rendered":"MUNIC\u00cdPIO DE TONDELA PROCEDE A AC\u00c7\u00d5ES DE HIGIENIZA\u00c7\u00c3O DE ESPA\u00c7OS P\u00daBLICOS"},"content":{"rendered":"<span class=\"span-reading-time rt-reading-time\" style=\"display: block;\"><span class=\"rt-label rt-prefix\">tempo de leitura:<\/span> <span class=\"rt-time\"> &lt; 1<\/span> <span class=\"rt-label rt-postfix\">minuto<\/span><\/span><p><span style=\"font-size: 24pt\"><strong><a href=\"http:\/\/obeirao.pt\/online\/wp-content\/uploads\/2020\/03\/Higiene-nos-espa\u00e7os-p\u00fablicos.jpg\"><img loading=\"lazy\" decoding=\"async\" class=\"alignleft wp-image-5050 size-medium\" src=\"http:\/\/obeirao.pt\/online\/wp-content\/uploads\/2020\/03\/Higiene-nos-espa\u00e7os-p\u00fablicos-300x150.jpg\" alt=\"\" width=\"300\" height=\"150\" srcset=\"http:\/\/obeirao.pt\/online\/wp-content\/uploads\/2020\/03\/Higiene-nos-espa\u00e7os-p\u00fablicos-300x150.jpg 300w, http:\/\/obeirao.pt\/online\/wp-content\/uploads\/2020\/03\/Higiene-nos-espa\u00e7os-p\u00fablicos-768x385.jpg 768w, http:\/\/obeirao.pt\/online\/wp-content\/uploads\/2020\/03\/Higiene-nos-espa\u00e7os-p\u00fablicos.jpg 1024w, http:\/\/obeirao.pt\/online\/wp-content\/uploads\/2020\/03\/Higiene-nos-espa\u00e7os-p\u00fablicos-640x321.jpg 640w\" sizes=\"(max-width: 300px) 100vw, 300px\" \/><\/a><\/strong><\/span><span style=\"font-size: 14pt;font-family: georgia, palatino, serif;color: #000000\"><strong><em>\u00c0 semelhan\u00e7a de tantos outros munic\u00edpios, tamb\u00e9m a limpeza de espa\u00e7os p\u00fablicos est\u00e1 a passar por aqui, nestas terras de Besteiros.<\/em><\/strong><!--more--><\/span><\/p>\n<p><span style=\"font-size: 14pt;font-family: georgia, palatino, serif;color: #000000\">Dessa forma, o Munic\u00edpio de Tondela encetou hoje (24\/3) um conjunto de ac\u00e7\u00f5es de higieniza\u00e7\u00e3o de espa\u00e7os p\u00fablicos, nos principais aglomerados urbanos, mais frequentados pelo p\u00fablico.<\/span><\/p>\n<p><span style=\"font-size: 14pt;font-family: georgia, palatino, serif;color: #000000\">Esta higieniza\u00e7\u00e3o incide em \u201c<strong>espa\u00e7os exteriores na envolvente de unidades de sa\u00fade, entrada das farm\u00e1cias, caixas multibanco, junto aos CTT e passeios p\u00fablicos, junto \u00e0s grandes superf\u00edcies comerciais\u201d.<\/strong><\/span><\/p>\n<p><span style=\"font-size: 14pt;font-family: georgia, palatino, serif;color: #000000\">A decis\u00e3o de levar a cabo ac\u00e7\u00f5es de higieniza\u00e7\u00e3o de espa\u00e7os p\u00fablicos, nos principais aglomerados urbanos, foi tomada ontem, numa reuni\u00e3o da Comiss\u00e3o Municipal de Protec\u00e7\u00e3o Civil de Tondela.<\/span><\/p>\n","protected":false},"excerpt":{"rendered":"<div class=\"mh-excerpt\"><span class=\"span-reading-time rt-reading-time\" style=\"display: block;\"><span class=\"rt-label rt-prefix\">tempo de leitura:<\/span> <span class=\"rt-time\"> &lt; 1<\/span> <span class=\"rt-label rt-postfix\">minuto<\/span><\/span>\u00c0 semelhan\u00e7a de tantos outros munic\u00edpios, tamb\u00e9m a limpeza de espa\u00e7os p\u00fablicos est\u00e1 a passar por aqui, nestas terras de Besteiros.<\/div>\n","protected":false},"author":2,"featured_media":5050,"comment_status":"closed","ping_status":"open","sticky":false,"template":"","format":"standard","meta":{"footnotes":""},"categories":[2,5,4,63],"tags":[],"class_list":["post-5049","post","type-post","status-publish","format-standard","has-post-thumbnail","hentry","category-principal","category-cidade","category-regiao","category-tondela"],"yoast_head":"<!-- This site is optimized with the Yoast SEO plugin v27.4 - https:\/\/yoast.com\/product\/yoast-seo-wordpress\/ -->\n<title>MUNIC\u00cdPIO DE TONDELA PROCEDE A AC\u00c7\u00d5ES DE HIGIENIZA\u00c7\u00c3O DE ESPA\u00c7OS P\u00daBLICOS - Beir\u00e3o Online<\/title>\n<meta name=\"robots\" content=\"index, follow, max-snippet:-1, max-image-preview:large, max-video-preview:-1\" \/>\n<link rel=\"canonical\" href=\"https:\/\/obeirao.pt\/online\/2020\/03\/24\/municipio-de-tondela-procede-a-accoes-de-higienizacao-de-espacos-publicos\/\" \/>\n<meta property=\"og:locale\" content=\"pt_PT\" \/>\n<meta property=\"og:type\" content=\"article\" \/>\n<meta property=\"og:title\" content=\"MUNIC\u00cdPIO DE TONDELA PROCEDE A AC\u00c7\u00d5ES DE HIGIENIZA\u00c7\u00c3O DE ESPA\u00c7OS P\u00daBLICOS - Beir\u00e3o Online\" \/>\n<meta property=\"og:description\" content=\"tempo de leitura: &lt; 1 minuto\u00c0 semelhan\u00e7a de tantos outros munic\u00edpios, tamb\u00e9m a limpeza de espa\u00e7os p\u00fablicos est\u00e1 a passar por aqui, nestas terras de Besteiros.\" \/>\n<meta property=\"og:url\" content=\"https:\/\/obeirao.pt\/online\/2020\/03\/24\/municipio-de-tondela-procede-a-accoes-de-higienizacao-de-espacos-publicos\/\" \/>\n<meta property=\"og:site_name\" content=\"Beir\u00e3o Online\" \/>\n<meta property=\"article:publisher\" content=\"https:\/\/pt-br.facebook.com\/pages\/Amigos-de-Tondela\/273620439973877\" \/>\n<meta property=\"article:published_time\" content=\"2020-03-24T19:35:39+00:00\" \/>\n<meta property=\"article:modified_time\" content=\"2020-03-24T19:35:55+00:00\" \/>\n<meta property=\"og:image\" content=\"https:\/\/obeirao.pt\/online\/wp-content\/uploads\/2020\/03\/Higiene-nos-espa\u00e7os-p\u00fablicos.jpg\" \/>\n\t<meta property=\"og:image:width\" content=\"1024\" \/>\n\t<meta property=\"og:image:height\" content=\"513\" \/>\n\t<meta property=\"og:image:type\" content=\"image\/jpeg\" \/>\n<meta name=\"author\" content=\"Z\u00e9 Beir\u00e3o\" \/>\n<meta name=\"twitter:card\" content=\"summary_large_image\" \/>\n<meta name=\"twitter:creator\" content=\"@JoaquimDuarteP2\" \/>\n<meta name=\"twitter:site\" content=\"@JoaquimDuarteP2\" \/>\n<meta name=\"twitter:label1\" content=\"Escrito por\" \/>\n\t<meta name=\"twitter:data1\" content=\"Z\u00e9 Beir\u00e3o\" \/>\n\t<meta name=\"twitter:label2\" content=\"Tempo estimado de leitura\" \/>\n\t<meta name=\"twitter:data2\" content=\"1 minuto\" \/>\n<script type=\"application\/ld+json\" class=\"yoast-schema-graph\">{\"@context\":\"https:\\\/\\\/schema.org\",\"@graph\":[{\"@type\":\"Article\",\"@id\":\"https:\\\/\\\/obeirao.pt\\\/online\\\/2020\\\/03\\\/24\\\/municipio-de-tondela-procede-a-accoes-de-higienizacao-de-espacos-publicos\\\/#article\",\"isPartOf\":{\"@id\":\"https:\\\/\\\/obeirao.pt\\\/online\\\/2020\\\/03\\\/24\\\/municipio-de-tondela-procede-a-accoes-de-higienizacao-de-espacos-publicos\\\/\"},\"author\":{\"name\":\"Z\u00e9 Beir\u00e3o\",\"@id\":\"http:\\\/\\\/obeirao.pt\\\/online\\\/#\\\/schema\\\/person\\\/efac69bb5a33873e1c1bb9c1165ff38c\"},\"headline\":\"MUNIC\u00cdPIO DE TONDELA PROCEDE A AC\u00c7\u00d5ES DE HIGIENIZA\u00c7\u00c3O DE ESPA\u00c7OS P\u00daBLICOS\",\"datePublished\":\"2020-03-24T19:35:39+00:00\",\"dateModified\":\"2020-03-24T19:35:55+00:00\",\"mainEntityOfPage\":{\"@id\":\"https:\\\/\\\/obeirao.pt\\\/online\\\/2020\\\/03\\\/24\\\/municipio-de-tondela-procede-a-accoes-de-higienizacao-de-espacos-publicos\\\/\"},\"wordCount\":143,\"image\":{\"@id\":\"https:\\\/\\\/obeirao.pt\\\/online\\\/2020\\\/03\\\/24\\\/municipio-de-tondela-procede-a-accoes-de-higienizacao-de-espacos-publicos\\\/#primaryimage\"},\"thumbnailUrl\":\"http:\\\/\\\/obeirao.pt\\\/online\\\/wp-content\\\/uploads\\\/2020\\\/03\\\/Higiene-nos-espa\u00e7os-p\u00fablicos.jpg\",\"articleSection\":[\"_Principal\",\"Cidade\",\"Regi\u00e3o\",\"Tondela\"],\"inLanguage\":\"pt-PT\"},{\"@type\":\"WebPage\",\"@id\":\"https:\\\/\\\/obeirao.pt\\\/online\\\/2020\\\/03\\\/24\\\/municipio-de-tondela-procede-a-accoes-de-higienizacao-de-espacos-publicos\\\/\",\"url\":\"https:\\\/\\\/obeirao.pt\\\/online\\\/2020\\\/03\\\/24\\\/municipio-de-tondela-procede-a-accoes-de-higienizacao-de-espacos-publicos\\\/\",\"name\":\"MUNIC\u00cdPIO DE TONDELA PROCEDE A AC\u00c7\u00d5ES DE HIGIENIZA\u00c7\u00c3O DE ESPA\u00c7OS P\u00daBLICOS - Beir\u00e3o Online\",\"isPartOf\":{\"@id\":\"http:\\\/\\\/obeirao.pt\\\/online\\\/#website\"},\"primaryImageOfPage\":{\"@id\":\"https:\\\/\\\/obeirao.pt\\\/online\\\/2020\\\/03\\\/24\\\/municipio-de-tondela-procede-a-accoes-de-higienizacao-de-espacos-publicos\\\/#primaryimage\"},\"image\":{\"@id\":\"https:\\\/\\\/obeirao.pt\\\/online\\\/2020\\\/03\\\/24\\\/municipio-de-tondela-procede-a-accoes-de-higienizacao-de-espacos-publicos\\\/#primaryimage\"},\"thumbnailUrl\":\"http:\\\/\\\/obeirao.pt\\\/online\\\/wp-content\\\/uploads\\\/2020\\\/03\\\/Higiene-nos-espa\u00e7os-p\u00fablicos.jpg\",\"datePublished\":\"2020-03-24T19:35:39+00:00\",\"dateModified\":\"2020-03-24T19:35:55+00:00\",\"author\":{\"@id\":\"http:\\\/\\\/obeirao.pt\\\/online\\\/#\\\/schema\\\/person\\\/efac69bb5a33873e1c1bb9c1165ff38c\"},\"breadcrumb\":{\"@id\":\"https:\\\/\\\/obeirao.pt\\\/online\\\/2020\\\/03\\\/24\\\/municipio-de-tondela-procede-a-accoes-de-higienizacao-de-espacos-publicos\\\/#breadcrumb\"},\"inLanguage\":\"pt-PT\",\"potentialAction\":[{\"@type\":\"ReadAction\",\"target\":[\"https:\\\/\\\/obeirao.pt\\\/online\\\/2020\\\/03\\\/24\\\/municipio-de-tondela-procede-a-accoes-de-higienizacao-de-espacos-publicos\\\/\"]}]},{\"@type\":\"ImageObject\",\"inLanguage\":\"pt-PT\",\"@id\":\"https:\\\/\\\/obeirao.pt\\\/online\\\/2020\\\/03\\\/24\\\/municipio-de-tondela-procede-a-accoes-de-higienizacao-de-espacos-publicos\\\/#primaryimage\",\"url\":\"http:\\\/\\\/obeirao.pt\\\/online\\\/wp-content\\\/uploads\\\/2020\\\/03\\\/Higiene-nos-espa\u00e7os-p\u00fablicos.jpg\",\"contentUrl\":\"http:\\\/\\\/obeirao.pt\\\/online\\\/wp-content\\\/uploads\\\/2020\\\/03\\\/Higiene-nos-espa\u00e7os-p\u00fablicos.jpg\",\"width\":1024,\"height\":513},{\"@type\":\"BreadcrumbList\",\"@id\":\"https:\\\/\\\/obeirao.pt\\\/online\\\/2020\\\/03\\\/24\\\/municipio-de-tondela-procede-a-accoes-de-higienizacao-de-espacos-publicos\\\/#breadcrumb\",\"itemListElement\":[{\"@type\":\"ListItem\",\"position\":1,\"name\":\"Home\",\"item\":\"http:\\\/\\\/obeirao.pt\\\/online\\\/\"},{\"@type\":\"ListItem\",\"position\":2,\"name\":\"MUNIC\u00cdPIO DE TONDELA PROCEDE A AC\u00c7\u00d5ES DE HIGIENIZA\u00c7\u00c3O DE ESPA\u00c7OS P\u00daBLICOS\"}]},{\"@type\":\"WebSite\",\"@id\":\"http:\\\/\\\/obeirao.pt\\\/online\\\/#website\",\"url\":\"http:\\\/\\\/obeirao.pt\\\/online\\\/\",\"name\":\"Beir\u00e3o Online\",\"description\":\"www.obeirao.pt\",\"potentialAction\":[{\"@type\":\"SearchAction\",\"target\":{\"@type\":\"EntryPoint\",\"urlTemplate\":\"http:\\\/\\\/obeirao.pt\\\/online\\\/?s={search_term_string}\"},\"query-input\":{\"@type\":\"PropertyValueSpecification\",\"valueRequired\":true,\"valueName\":\"search_term_string\"}}],\"inLanguage\":\"pt-PT\"},{\"@type\":\"Person\",\"@id\":\"http:\\\/\\\/obeirao.pt\\\/online\\\/#\\\/schema\\\/person\\\/efac69bb5a33873e1c1bb9c1165ff38c\",\"name\":\"Z\u00e9 Beir\u00e3o\",\"image\":{\"@type\":\"ImageObject\",\"inLanguage\":\"pt-PT\",\"@id\":\"http:\\\/\\\/0.gravatar.com\\\/avatar\\\/c8c44d1f9327baa4d27e9b1149cd71b3?s=96&d=mm&r=g\",\"url\":\"http:\\\/\\\/0.gravatar.com\\\/avatar\\\/c8c44d1f9327baa4d27e9b1149cd71b3?s=96&d=mm&r=g\",\"contentUrl\":\"http:\\\/\\\/0.gravatar.com\\\/avatar\\\/c8c44d1f9327baa4d27e9b1149cd71b3?s=96&d=mm&r=g\",\"caption\":\"Z\u00e9 Beir\u00e3o\"},\"url\":\"http:\\\/\\\/obeirao.pt\\\/online\\\/author\\\/zebeirao\\\/\"}]}<\/script>\n<!-- \/ Yoast SEO plugin. -->","yoast_head_json":{"title":"MUNIC\u00cdPIO DE TONDELA PROCEDE A AC\u00c7\u00d5ES DE HIGIENIZA\u00c7\u00c3O DE ESPA\u00c7OS P\u00daBLICOS - Beir\u00e3o Online","robots":{"index":"index","follow":"follow","max-snippet":"max-snippet:-1","max-image-preview":"max-image-preview:large","max-video-preview":"max-video-preview:-1"},"canonical":"https:\/\/obeirao.pt\/online\/2020\/03\/24\/municipio-de-tondela-procede-a-accoes-de-higienizacao-de-espacos-publicos\/","og_locale":"pt_PT","og_type":"article","og_title":"MUNIC\u00cdPIO DE TONDELA PROCEDE A AC\u00c7\u00d5ES DE HIGIENIZA\u00c7\u00c3O DE ESPA\u00c7OS P\u00daBLICOS - Beir\u00e3o Online","og_description":"tempo de leitura: &lt; 1 minuto\u00c0 semelhan\u00e7a de tantos outros munic\u00edpios, tamb\u00e9m a limpeza de espa\u00e7os p\u00fablicos est\u00e1 a passar por aqui, nestas terras de Besteiros.","og_url":"https:\/\/obeirao.pt\/online\/2020\/03\/24\/municipio-de-tondela-procede-a-accoes-de-higienizacao-de-espacos-publicos\/","og_site_name":"Beir\u00e3o Online","article_publisher":"https:\/\/pt-br.facebook.com\/pages\/Amigos-de-Tondela\/273620439973877","article_published_time":"2020-03-24T19:35:39+00:00","article_modified_time":"2020-03-24T19:35:55+00:00","og_image":[{"width":1024,"height":513,"url":"https:\/\/obeirao.pt\/online\/wp-content\/uploads\/2020\/03\/Higiene-nos-espa\u00e7os-p\u00fablicos.jpg","type":"image\/jpeg"}],"author":"Z\u00e9 Beir\u00e3o","twitter_card":"summary_large_image","twitter_creator":"@JoaquimDuarteP2","twitter_site":"@JoaquimDuarteP2","twitter_misc":{"Escrito por":"Z\u00e9 Beir\u00e3o","Tempo estimado de leitura":"1 minuto"},"schema":{"@context":"https:\/\/schema.org","@graph":[{"@type":"Article","@id":"https:\/\/obeirao.pt\/online\/2020\/03\/24\/municipio-de-tondela-procede-a-accoes-de-higienizacao-de-espacos-publicos\/#article","isPartOf":{"@id":"https:\/\/obeirao.pt\/online\/2020\/03\/24\/municipio-de-tondela-procede-a-accoes-de-higienizacao-de-espacos-publicos\/"},"author":{"name":"Z\u00e9 Beir\u00e3o","@id":"http:\/\/obeirao.pt\/online\/#\/schema\/person\/efac69bb5a33873e1c1bb9c1165ff38c"},"headline":"MUNIC\u00cdPIO DE TONDELA PROCEDE A AC\u00c7\u00d5ES DE HIGIENIZA\u00c7\u00c3O DE ESPA\u00c7OS P\u00daBLICOS","datePublished":"2020-03-24T19:35:39+00:00","dateModified":"2020-03-24T19:35:55+00:00","mainEntityOfPage":{"@id":"https:\/\/obeirao.pt\/online\/2020\/03\/24\/municipio-de-tondela-procede-a-accoes-de-higienizacao-de-espacos-publicos\/"},"wordCount":143,"image":{"@id":"https:\/\/obeirao.pt\/online\/2020\/03\/24\/municipio-de-tondela-procede-a-accoes-de-higienizacao-de-espacos-publicos\/#primaryimage"},"thumbnailUrl":"http:\/\/obeirao.pt\/online\/wp-content\/uploads\/2020\/03\/Higiene-nos-espa\u00e7os-p\u00fablicos.jpg","articleSection":["_Principal","Cidade","Regi\u00e3o","Tondela"],"inLanguage":"pt-PT"},{"@type":"WebPage","@id":"https:\/\/obeirao.pt\/online\/2020\/03\/24\/municipio-de-tondela-procede-a-accoes-de-higienizacao-de-espacos-publicos\/","url":"https:\/\/obeirao.pt\/online\/2020\/03\/24\/municipio-de-tondela-procede-a-accoes-de-higienizacao-de-espacos-publicos\/","name":"MUNIC\u00cdPIO DE TONDELA PROCEDE A AC\u00c7\u00d5ES DE HIGIENIZA\u00c7\u00c3O DE ESPA\u00c7OS P\u00daBLICOS - Beir\u00e3o Online","isPartOf":{"@id":"http:\/\/obeirao.pt\/online\/#website"},"primaryImageOfPage":{"@id":"https:\/\/obeirao.pt\/online\/2020\/03\/24\/municipio-de-tondela-procede-a-accoes-de-higienizacao-de-espacos-publicos\/#primaryimage"},"image":{"@id":"https:\/\/obeirao.pt\/online\/2020\/03\/24\/municipio-de-tondela-procede-a-accoes-de-higienizacao-de-espacos-publicos\/#primaryimage"},"thumbnailUrl":"http:\/\/obeirao.pt\/online\/wp-content\/uploads\/2020\/03\/Higiene-nos-espa\u00e7os-p\u00fablicos.jpg","datePublished":"2020-03-24T19:35:39+00:00","dateModified":"2020-03-24T19:35:55+00:00","author":{"@id":"http:\/\/obeirao.pt\/online\/#\/schema\/person\/efac69bb5a33873e1c1bb9c1165ff38c"},"breadcrumb":{"@id":"https:\/\/obeirao.pt\/online\/2020\/03\/24\/municipio-de-tondela-procede-a-accoes-de-higienizacao-de-espacos-publicos\/#breadcrumb"},"inLanguage":"pt-PT","potentialAction":[{"@type":"ReadAction","target":["https:\/\/obeirao.pt\/online\/2020\/03\/24\/municipio-de-tondela-procede-a-accoes-de-higienizacao-de-espacos-publicos\/"]}]},{"@type":"ImageObject","inLanguage":"pt-PT","@id":"https:\/\/obeirao.pt\/online\/2020\/03\/24\/municipio-de-tondela-procede-a-accoes-de-higienizacao-de-espacos-publicos\/#primaryimage","url":"http:\/\/obeirao.pt\/online\/wp-content\/uploads\/2020\/03\/Higiene-nos-espa\u00e7os-p\u00fablicos.jpg","contentUrl":"http:\/\/obeirao.pt\/online\/wp-content\/uploads\/2020\/03\/Higiene-nos-espa\u00e7os-p\u00fablicos.jpg","width":1024,"height":513},{"@type":"BreadcrumbList","@id":"https:\/\/obeirao.pt\/online\/2020\/03\/24\/municipio-de-tondela-procede-a-accoes-de-higienizacao-de-espacos-publicos\/#breadcrumb","itemListElement":[{"@type":"ListItem","position":1,"name":"Home","item":"http:\/\/obeirao.pt\/online\/"},{"@type":"ListItem","position":2,"name":"MUNIC\u00cdPIO DE TONDELA PROCEDE A AC\u00c7\u00d5ES DE HIGIENIZA\u00c7\u00c3O DE ESPA\u00c7OS P\u00daBLICOS"}]},{"@type":"WebSite","@id":"http:\/\/obeirao.pt\/online\/#website","url":"http:\/\/obeirao.pt\/online\/","name":"Beir\u00e3o Online","description":"www.obeirao.pt","potentialAction":[{"@type":"SearchAction","target":{"@type":"EntryPoint","urlTemplate":"http:\/\/obeirao.pt\/online\/?s={search_term_string}"},"query-input":{"@type":"PropertyValueSpecification","valueRequired":true,"valueName":"search_term_string"}}],"inLanguage":"pt-PT"},{"@type":"Person","@id":"http:\/\/obeirao.pt\/online\/#\/schema\/person\/efac69bb5a33873e1c1bb9c1165ff38c","name":"Z\u00e9 Beir\u00e3o","image":{"@type":"ImageObject","inLanguage":"pt-PT","@id":"http:\/\/0.gravatar.com\/avatar\/c8c44d1f9327baa4d27e9b1149cd71b3?s=96&d=mm&r=g","url":"http:\/\/0.gravatar.com\/avatar\/c8c44d1f9327baa4d27e9b1149cd71b3?s=96&d=mm&r=g","contentUrl":"http:\/\/0.gravatar.com\/avatar\/c8c44d1f9327baa4d27e9b1149cd71b3?s=96&d=mm&r=g","caption":"Z\u00e9 Beir\u00e3o"},"url":"http:\/\/obeirao.pt\/online\/author\/zebeirao\/"}]}},"_links":{"self":[{"href":"http:\/\/obeirao.pt\/online\/wp-json\/wp\/v2\/posts\/5049"}],"collection":[{"href":"http:\/\/obeirao.pt\/online\/wp-json\/wp\/v2\/posts"}],"about":[{"href":"http:\/\/obeirao.pt\/online\/wp-json\/wp\/v2\/types\/post"}],"author":[{"embeddable":true,"href":"http:\/\/obeirao.pt\/online\/wp-json\/wp\/v2\/users\/2"}],"replies":[{"embeddable":true,"href":"http:\/\/obeirao.pt\/online\/wp-json\/wp\/v2\/comments?post=5049"}],"version-history":[{"count":1,"href":"http:\/\/obeirao.pt\/online\/wp-json\/wp\/v2\/posts\/5049\/revisions"}],"predecessor-version":[{"id":5051,"href":"http:\/\/obeirao.pt\/online\/wp-json\/wp\/v2\/posts\/5049\/revisions\/5051"}],"wp:featuredmedia":[{"embeddable":true,"href":"http:\/\/obeirao.pt\/online\/wp-json\/wp\/v2\/media\/5050"}],"wp:attachment":[{"href":"http:\/\/obeirao.pt\/online\/wp-json\/wp\/v2\/media?parent=5049"}],"wp:term":[{"taxonomy":"category","embeddable":true,"href":"http:\/\/obeirao.pt\/online\/wp-json\/wp\/v2\/categories?post=5049"},{"taxonomy":"post_tag","embeddable":true,"href":"http:\/\/obeirao.pt\/online\/wp-json\/wp\/v2\/tags?post=5049"}],"curies":[{"name":"wp","href":"https:\/\/api.w.org\/{rel}","templated":true}]}}