{"id":5113,"date":"2020-04-14T17:23:50","date_gmt":"2020-04-14T16:23:50","guid":{"rendered":"http:\/\/obeirao.pt\/online\/?p=5113"},"modified":"2020-04-14T17:39:43","modified_gmt":"2020-04-14T16:39:43","slug":"tondela-com-cerca-de-250-camas-para-eventuais-necessidades-de-alojamento-temporario","status":"publish","type":"post","link":"http:\/\/obeirao.pt\/online\/2020\/04\/14\/tondela-com-cerca-de-250-camas-para-eventuais-necessidades-de-alojamento-temporario\/","title":{"rendered":"TONDELA COM CERCA DE 250 CAMAS PARA EVENTUAIS NECESSIDADES DE ALOJAMENTO TEMPOR\u00c1RIO"},"content":{"rendered":"<span class=\"span-reading-time rt-reading-time\" style=\"display: block;\"><span class=\"rt-label rt-prefix\">tempo de leitura:<\/span> <span class=\"rt-time\"> 2<\/span> <span class=\"rt-label rt-postfix\">minutos<\/span><\/span><p><span style=\"font-size: 24pt\"><strong><a href=\"http:\/\/obeirao.pt\/online\/wp-content\/uploads\/2020\/04\/TONDELA-trecho-da-cidade-perante-a-serra-do-Caramulo-arquivo-24.jpg\"><img loading=\"lazy\" decoding=\"async\" class=\"alignleft wp-image-5114 size-medium\" src=\"http:\/\/obeirao.pt\/online\/wp-content\/uploads\/2020\/04\/TONDELA-trecho-da-cidade-perante-a-serra-do-Caramulo-arquivo-24-300x110.jpg\" alt=\"\" width=\"300\" height=\"110\" srcset=\"http:\/\/obeirao.pt\/online\/wp-content\/uploads\/2020\/04\/TONDELA-trecho-da-cidade-perante-a-serra-do-Caramulo-arquivo-24-300x110.jpg 300w, http:\/\/obeirao.pt\/online\/wp-content\/uploads\/2020\/04\/TONDELA-trecho-da-cidade-perante-a-serra-do-Caramulo-arquivo-24-768x281.jpg 768w, http:\/\/obeirao.pt\/online\/wp-content\/uploads\/2020\/04\/TONDELA-trecho-da-cidade-perante-a-serra-do-Caramulo-arquivo-24.jpg 1024w, http:\/\/obeirao.pt\/online\/wp-content\/uploads\/2020\/04\/TONDELA-trecho-da-cidade-perante-a-serra-do-Caramulo-arquivo-24-640x234.jpg 640w\" sizes=\"(max-width: 300px) 100vw, 300px\" \/><\/a><\/strong><\/span><span style=\"color: #000000;font-family: georgia, palatino, serif;font-size: 14pt\"><strong><em>O Munic\u00edpio de Tondela informa que tem actualmente cerca de 250 camas identificadas para assegurar eventuais necessidades de alojamento tempor\u00e1rio, no \u00e2mbito da pandemia da Covid-19.<\/em><\/strong><\/span><!--more--><\/p>\n<p><span style=\"color: #000000;font-family: georgia, palatino, serif;font-size: 14pt\">Nos \u00faltimos dias foram vistoriados um conjunto de equipamentos do concelho, de forma a verificar se estes apresentavam as condi\u00e7\u00f5es necess\u00e1rias para poderem vir a ser utilizados por utentes de lares, resid\u00eancias de idosos e IPSS, como forma de prevenir eventuais casos de evacua\u00e7\u00e3o em situa\u00e7\u00e3o de emerg\u00eancia.<\/span><\/p>\n<p><a href=\"http:\/\/obeirao.pt\/online\/wp-content\/uploads\/2020\/04\/Vila-do-Caramulo-1.jpg\"><img loading=\"lazy\" decoding=\"async\" class=\"wp-image-5116 size-medium alignright\" src=\"http:\/\/obeirao.pt\/online\/wp-content\/uploads\/2020\/04\/Vila-do-Caramulo-1-300x173.jpg\" alt=\"\" width=\"300\" height=\"173\" srcset=\"http:\/\/obeirao.pt\/online\/wp-content\/uploads\/2020\/04\/Vila-do-Caramulo-1-300x173.jpg 300w, http:\/\/obeirao.pt\/online\/wp-content\/uploads\/2020\/04\/Vila-do-Caramulo-1-768x443.jpg 768w, http:\/\/obeirao.pt\/online\/wp-content\/uploads\/2020\/04\/Vila-do-Caramulo-1.jpg 1024w, http:\/\/obeirao.pt\/online\/wp-content\/uploads\/2020\/04\/Vila-do-Caramulo-1-640x369.jpg 640w\" sizes=\"(max-width: 300px) 100vw, 300px\" \/><\/a><\/p>\n<p><span style=\"color: #000000;font-family: georgia, palatino, serif;font-size: 14pt\">O Hotel do Caramulo \u00e9 aquele que disponibiliza o maior n\u00famero de camas, seguindo-se o Hotel S. Jos\u00e9, localizado na cidade de Tondela e o Albergue de S. Tiago (em Santiago de Besteiros).<\/span><\/p>\n<p><span style=\"color: #000000;font-family: georgia, palatino, serif;font-size: 14pt\">Em caso de necessidade, para al\u00e9m destas cerca de 250 camas que j\u00e1 est\u00e3o dispon\u00edveis, poder\u00e3o ser colocadas camas na Escola B\u00e1sica 1,2 e 3 do Caramulo, bem como no Centro Social e Paroquial de Tondela.<\/span><\/p>\n<p><a href=\"http:\/\/obeirao.pt\/online\/wp-content\/uploads\/2020\/04\/028.jpg\"><img loading=\"lazy\" decoding=\"async\" class=\"wp-image-5119 size-medium alignleft\" src=\"http:\/\/obeirao.pt\/online\/wp-content\/uploads\/2020\/04\/028-300x137.jpg\" alt=\"\" width=\"300\" height=\"137\" srcset=\"http:\/\/obeirao.pt\/online\/wp-content\/uploads\/2020\/04\/028-300x137.jpg 300w, http:\/\/obeirao.pt\/online\/wp-content\/uploads\/2020\/04\/028-768x352.jpg 768w, http:\/\/obeirao.pt\/online\/wp-content\/uploads\/2020\/04\/028.jpg 1024w, http:\/\/obeirao.pt\/online\/wp-content\/uploads\/2020\/04\/028-640x293.jpg 640w\" sizes=\"(max-width: 300px) 100vw, 300px\" \/><\/a><\/p>\n<p><span style=\"color: #000000;font-family: georgia, palatino, serif;font-size: 14pt\">S\u00e3o ainda op\u00e7\u00e3o para instala\u00e7\u00e3o de camas o Centro de Dia do Centro Paroquial de S. Salvador de Tonda e o sal\u00e3o do Centro de Dia do Centro paroquial de Santiago de Besteiros.<\/span><\/p>\n<p><span style=\"color: #000000;font-family: georgia, palatino, serif;font-size: 14pt\">J\u00e1 o Pavilh\u00e3o Desportivo Municipal \u00e9 o local identificado para servir de retaguarda ao Hospital, caso venha a ser necess\u00e1rio, ou para acolhimento de eventual unidade de socorro.<\/span><\/p>\n<p>&nbsp;<\/p>\n","protected":false},"excerpt":{"rendered":"<div class=\"mh-excerpt\"><span class=\"span-reading-time rt-reading-time\" style=\"display: block;\"><span class=\"rt-label rt-prefix\">tempo de leitura:<\/span> <span class=\"rt-time\"> 2<\/span> <span class=\"rt-label rt-postfix\">minutos<\/span><\/span>O Munic\u00edpio de Tondela informa que tem actualmente cerca de 250 camas identificadas para assegurar eventuais necessidades de alojamento tempor\u00e1rio, no \u00e2mbito da pandemia da <a class=\"mh-excerpt-more\" href=\"http:\/\/obeirao.pt\/online\/2020\/04\/14\/tondela-com-cerca-de-250-camas-para-eventuais-necessidades-de-alojamento-temporario\/\" title=\"TONDELA COM CERCA DE 250 CAMAS PARA EVENTUAIS NECESSIDADES DE ALOJAMENTO TEMPOR\u00c1RIO\">[&#8230;]<\/a><\/div>\n","protected":false},"author":2,"featured_media":5114,"comment_status":"closed","ping_status":"open","sticky":false,"template":"","format":"standard","meta":{"footnotes":""},"categories":[2,4,63],"tags":[],"class_list":["post-5113","post","type-post","status-publish","format-standard","has-post-thumbnail","hentry","category-principal","category-regiao","category-tondela"],"yoast_head":"<!-- This site is optimized with the Yoast SEO plugin v27.4 - https:\/\/yoast.com\/product\/yoast-seo-wordpress\/ -->\n<title>TONDELA COM CERCA DE 250 CAMAS PARA EVENTUAIS NECESSIDADES DE ALOJAMENTO TEMPOR\u00c1RIO - Beir\u00e3o Online<\/title>\n<meta name=\"robots\" content=\"index, follow, max-snippet:-1, max-image-preview:large, max-video-preview:-1\" \/>\n<link rel=\"canonical\" href=\"https:\/\/obeirao.pt\/online\/2020\/04\/14\/tondela-com-cerca-de-250-camas-para-eventuais-necessidades-de-alojamento-temporario\/\" \/>\n<meta property=\"og:locale\" content=\"pt_PT\" \/>\n<meta property=\"og:type\" content=\"article\" \/>\n<meta property=\"og:title\" content=\"TONDELA COM CERCA DE 250 CAMAS PARA EVENTUAIS NECESSIDADES DE ALOJAMENTO TEMPOR\u00c1RIO - Beir\u00e3o Online\" \/>\n<meta property=\"og:description\" content=\"tempo de leitura: 2 minutosO Munic\u00edpio de Tondela informa que tem actualmente cerca de 250 camas identificadas para assegurar eventuais necessidades de alojamento tempor\u00e1rio, no \u00e2mbito da pandemia da [...]\" \/>\n<meta property=\"og:url\" content=\"https:\/\/obeirao.pt\/online\/2020\/04\/14\/tondela-com-cerca-de-250-camas-para-eventuais-necessidades-de-alojamento-temporario\/\" \/>\n<meta property=\"og:site_name\" content=\"Beir\u00e3o Online\" \/>\n<meta property=\"article:publisher\" content=\"https:\/\/pt-br.facebook.com\/pages\/Amigos-de-Tondela\/273620439973877\" \/>\n<meta property=\"article:published_time\" content=\"2020-04-14T16:23:50+00:00\" \/>\n<meta property=\"article:modified_time\" content=\"2020-04-14T16:39:43+00:00\" \/>\n<meta property=\"og:image\" content=\"https:\/\/obeirao.pt\/online\/wp-content\/uploads\/2020\/04\/TONDELA-trecho-da-cidade-perante-a-serra-do-Caramulo-arquivo-24.jpg\" \/>\n\t<meta property=\"og:image:width\" content=\"1024\" \/>\n\t<meta property=\"og:image:height\" content=\"375\" \/>\n\t<meta property=\"og:image:type\" content=\"image\/jpeg\" \/>\n<meta name=\"author\" content=\"Z\u00e9 Beir\u00e3o\" \/>\n<meta name=\"twitter:card\" content=\"summary_large_image\" \/>\n<meta name=\"twitter:creator\" content=\"@JoaquimDuarteP2\" \/>\n<meta name=\"twitter:site\" content=\"@JoaquimDuarteP2\" \/>\n<meta name=\"twitter:label1\" content=\"Escrito por\" \/>\n\t<meta name=\"twitter:data1\" content=\"Z\u00e9 Beir\u00e3o\" \/>\n\t<meta name=\"twitter:label2\" content=\"Tempo estimado de leitura\" \/>\n\t<meta name=\"twitter:data2\" content=\"1 minuto\" \/>\n<script type=\"application\/ld+json\" class=\"yoast-schema-graph\">{\"@context\":\"https:\\\/\\\/schema.org\",\"@graph\":[{\"@type\":\"Article\",\"@id\":\"https:\\\/\\\/obeirao.pt\\\/online\\\/2020\\\/04\\\/14\\\/tondela-com-cerca-de-250-camas-para-eventuais-necessidades-de-alojamento-temporario\\\/#article\",\"isPartOf\":{\"@id\":\"https:\\\/\\\/obeirao.pt\\\/online\\\/2020\\\/04\\\/14\\\/tondela-com-cerca-de-250-camas-para-eventuais-necessidades-de-alojamento-temporario\\\/\"},\"author\":{\"name\":\"Z\u00e9 Beir\u00e3o\",\"@id\":\"http:\\\/\\\/obeirao.pt\\\/online\\\/#\\\/schema\\\/person\\\/efac69bb5a33873e1c1bb9c1165ff38c\"},\"headline\":\"TONDELA COM CERCA DE 250 CAMAS PARA EVENTUAIS NECESSIDADES DE ALOJAMENTO TEMPOR\u00c1RIO\",\"datePublished\":\"2020-04-14T16:23:50+00:00\",\"dateModified\":\"2020-04-14T16:39:43+00:00\",\"mainEntityOfPage\":{\"@id\":\"https:\\\/\\\/obeirao.pt\\\/online\\\/2020\\\/04\\\/14\\\/tondela-com-cerca-de-250-camas-para-eventuais-necessidades-de-alojamento-temporario\\\/\"},\"wordCount\":231,\"image\":{\"@id\":\"https:\\\/\\\/obeirao.pt\\\/online\\\/2020\\\/04\\\/14\\\/tondela-com-cerca-de-250-camas-para-eventuais-necessidades-de-alojamento-temporario\\\/#primaryimage\"},\"thumbnailUrl\":\"http:\\\/\\\/obeirao.pt\\\/online\\\/wp-content\\\/uploads\\\/2020\\\/04\\\/TONDELA-trecho-da-cidade-perante-a-serra-do-Caramulo-arquivo-24.jpg\",\"articleSection\":[\"_Principal\",\"Regi\u00e3o\",\"Tondela\"],\"inLanguage\":\"pt-PT\"},{\"@type\":\"WebPage\",\"@id\":\"https:\\\/\\\/obeirao.pt\\\/online\\\/2020\\\/04\\\/14\\\/tondela-com-cerca-de-250-camas-para-eventuais-necessidades-de-alojamento-temporario\\\/\",\"url\":\"https:\\\/\\\/obeirao.pt\\\/online\\\/2020\\\/04\\\/14\\\/tondela-com-cerca-de-250-camas-para-eventuais-necessidades-de-alojamento-temporario\\\/\",\"name\":\"TONDELA COM CERCA DE 250 CAMAS PARA EVENTUAIS NECESSIDADES DE ALOJAMENTO TEMPOR\u00c1RIO - Beir\u00e3o Online\",\"isPartOf\":{\"@id\":\"http:\\\/\\\/obeirao.pt\\\/online\\\/#website\"},\"primaryImageOfPage\":{\"@id\":\"https:\\\/\\\/obeirao.pt\\\/online\\\/2020\\\/04\\\/14\\\/tondela-com-cerca-de-250-camas-para-eventuais-necessidades-de-alojamento-temporario\\\/#primaryimage\"},\"image\":{\"@id\":\"https:\\\/\\\/obeirao.pt\\\/online\\\/2020\\\/04\\\/14\\\/tondela-com-cerca-de-250-camas-para-eventuais-necessidades-de-alojamento-temporario\\\/#primaryimage\"},\"thumbnailUrl\":\"http:\\\/\\\/obeirao.pt\\\/online\\\/wp-content\\\/uploads\\\/2020\\\/04\\\/TONDELA-trecho-da-cidade-perante-a-serra-do-Caramulo-arquivo-24.jpg\",\"datePublished\":\"2020-04-14T16:23:50+00:00\",\"dateModified\":\"2020-04-14T16:39:43+00:00\",\"author\":{\"@id\":\"http:\\\/\\\/obeirao.pt\\\/online\\\/#\\\/schema\\\/person\\\/efac69bb5a33873e1c1bb9c1165ff38c\"},\"breadcrumb\":{\"@id\":\"https:\\\/\\\/obeirao.pt\\\/online\\\/2020\\\/04\\\/14\\\/tondela-com-cerca-de-250-camas-para-eventuais-necessidades-de-alojamento-temporario\\\/#breadcrumb\"},\"inLanguage\":\"pt-PT\",\"potentialAction\":[{\"@type\":\"ReadAction\",\"target\":[\"https:\\\/\\\/obeirao.pt\\\/online\\\/2020\\\/04\\\/14\\\/tondela-com-cerca-de-250-camas-para-eventuais-necessidades-de-alojamento-temporario\\\/\"]}]},{\"@type\":\"ImageObject\",\"inLanguage\":\"pt-PT\",\"@id\":\"https:\\\/\\\/obeirao.pt\\\/online\\\/2020\\\/04\\\/14\\\/tondela-com-cerca-de-250-camas-para-eventuais-necessidades-de-alojamento-temporario\\\/#primaryimage\",\"url\":\"http:\\\/\\\/obeirao.pt\\\/online\\\/wp-content\\\/uploads\\\/2020\\\/04\\\/TONDELA-trecho-da-cidade-perante-a-serra-do-Caramulo-arquivo-24.jpg\",\"contentUrl\":\"http:\\\/\\\/obeirao.pt\\\/online\\\/wp-content\\\/uploads\\\/2020\\\/04\\\/TONDELA-trecho-da-cidade-perante-a-serra-do-Caramulo-arquivo-24.jpg\",\"width\":1024,\"height\":375},{\"@type\":\"BreadcrumbList\",\"@id\":\"https:\\\/\\\/obeirao.pt\\\/online\\\/2020\\\/04\\\/14\\\/tondela-com-cerca-de-250-camas-para-eventuais-necessidades-de-alojamento-temporario\\\/#breadcrumb\",\"itemListElement\":[{\"@type\":\"ListItem\",\"position\":1,\"name\":\"Home\",\"item\":\"http:\\\/\\\/obeirao.pt\\\/online\\\/\"},{\"@type\":\"ListItem\",\"position\":2,\"name\":\"TONDELA COM CERCA DE 250 CAMAS PARA EVENTUAIS NECESSIDADES DE ALOJAMENTO TEMPOR\u00c1RIO\"}]},{\"@type\":\"WebSite\",\"@id\":\"http:\\\/\\\/obeirao.pt\\\/online\\\/#website\",\"url\":\"http:\\\/\\\/obeirao.pt\\\/online\\\/\",\"name\":\"Beir\u00e3o Online\",\"description\":\"www.obeirao.pt\",\"potentialAction\":[{\"@type\":\"SearchAction\",\"target\":{\"@type\":\"EntryPoint\",\"urlTemplate\":\"http:\\\/\\\/obeirao.pt\\\/online\\\/?s={search_term_string}\"},\"query-input\":{\"@type\":\"PropertyValueSpecification\",\"valueRequired\":true,\"valueName\":\"search_term_string\"}}],\"inLanguage\":\"pt-PT\"},{\"@type\":\"Person\",\"@id\":\"http:\\\/\\\/obeirao.pt\\\/online\\\/#\\\/schema\\\/person\\\/efac69bb5a33873e1c1bb9c1165ff38c\",\"name\":\"Z\u00e9 Beir\u00e3o\",\"image\":{\"@type\":\"ImageObject\",\"inLanguage\":\"pt-PT\",\"@id\":\"http:\\\/\\\/0.gravatar.com\\\/avatar\\\/c8c44d1f9327baa4d27e9b1149cd71b3?s=96&d=mm&r=g\",\"url\":\"http:\\\/\\\/0.gravatar.com\\\/avatar\\\/c8c44d1f9327baa4d27e9b1149cd71b3?s=96&d=mm&r=g\",\"contentUrl\":\"http:\\\/\\\/0.gravatar.com\\\/avatar\\\/c8c44d1f9327baa4d27e9b1149cd71b3?s=96&d=mm&r=g\",\"caption\":\"Z\u00e9 Beir\u00e3o\"},\"url\":\"http:\\\/\\\/obeirao.pt\\\/online\\\/author\\\/zebeirao\\\/\"}]}<\/script>\n<!-- \/ Yoast SEO plugin. -->","yoast_head_json":{"title":"TONDELA COM CERCA DE 250 CAMAS PARA EVENTUAIS NECESSIDADES DE ALOJAMENTO TEMPOR\u00c1RIO - Beir\u00e3o Online","robots":{"index":"index","follow":"follow","max-snippet":"max-snippet:-1","max-image-preview":"max-image-preview:large","max-video-preview":"max-video-preview:-1"},"canonical":"https:\/\/obeirao.pt\/online\/2020\/04\/14\/tondela-com-cerca-de-250-camas-para-eventuais-necessidades-de-alojamento-temporario\/","og_locale":"pt_PT","og_type":"article","og_title":"TONDELA COM CERCA DE 250 CAMAS PARA EVENTUAIS NECESSIDADES DE ALOJAMENTO TEMPOR\u00c1RIO - Beir\u00e3o Online","og_description":"tempo de leitura: 2 minutosO Munic\u00edpio de Tondela informa que tem actualmente cerca de 250 camas identificadas para assegurar eventuais necessidades de alojamento tempor\u00e1rio, no \u00e2mbito da pandemia da [...]","og_url":"https:\/\/obeirao.pt\/online\/2020\/04\/14\/tondela-com-cerca-de-250-camas-para-eventuais-necessidades-de-alojamento-temporario\/","og_site_name":"Beir\u00e3o Online","article_publisher":"https:\/\/pt-br.facebook.com\/pages\/Amigos-de-Tondela\/273620439973877","article_published_time":"2020-04-14T16:23:50+00:00","article_modified_time":"2020-04-14T16:39:43+00:00","og_image":[{"width":1024,"height":375,"url":"https:\/\/obeirao.pt\/online\/wp-content\/uploads\/2020\/04\/TONDELA-trecho-da-cidade-perante-a-serra-do-Caramulo-arquivo-24.jpg","type":"image\/jpeg"}],"author":"Z\u00e9 Beir\u00e3o","twitter_card":"summary_large_image","twitter_creator":"@JoaquimDuarteP2","twitter_site":"@JoaquimDuarteP2","twitter_misc":{"Escrito por":"Z\u00e9 Beir\u00e3o","Tempo estimado de leitura":"1 minuto"},"schema":{"@context":"https:\/\/schema.org","@graph":[{"@type":"Article","@id":"https:\/\/obeirao.pt\/online\/2020\/04\/14\/tondela-com-cerca-de-250-camas-para-eventuais-necessidades-de-alojamento-temporario\/#article","isPartOf":{"@id":"https:\/\/obeirao.pt\/online\/2020\/04\/14\/tondela-com-cerca-de-250-camas-para-eventuais-necessidades-de-alojamento-temporario\/"},"author":{"name":"Z\u00e9 Beir\u00e3o","@id":"http:\/\/obeirao.pt\/online\/#\/schema\/person\/efac69bb5a33873e1c1bb9c1165ff38c"},"headline":"TONDELA COM CERCA DE 250 CAMAS PARA EVENTUAIS NECESSIDADES DE ALOJAMENTO TEMPOR\u00c1RIO","datePublished":"2020-04-14T16:23:50+00:00","dateModified":"2020-04-14T16:39:43+00:00","mainEntityOfPage":{"@id":"https:\/\/obeirao.pt\/online\/2020\/04\/14\/tondela-com-cerca-de-250-camas-para-eventuais-necessidades-de-alojamento-temporario\/"},"wordCount":231,"image":{"@id":"https:\/\/obeirao.pt\/online\/2020\/04\/14\/tondela-com-cerca-de-250-camas-para-eventuais-necessidades-de-alojamento-temporario\/#primaryimage"},"thumbnailUrl":"http:\/\/obeirao.pt\/online\/wp-content\/uploads\/2020\/04\/TONDELA-trecho-da-cidade-perante-a-serra-do-Caramulo-arquivo-24.jpg","articleSection":["_Principal","Regi\u00e3o","Tondela"],"inLanguage":"pt-PT"},{"@type":"WebPage","@id":"https:\/\/obeirao.pt\/online\/2020\/04\/14\/tondela-com-cerca-de-250-camas-para-eventuais-necessidades-de-alojamento-temporario\/","url":"https:\/\/obeirao.pt\/online\/2020\/04\/14\/tondela-com-cerca-de-250-camas-para-eventuais-necessidades-de-alojamento-temporario\/","name":"TONDELA COM CERCA DE 250 CAMAS PARA EVENTUAIS NECESSIDADES DE ALOJAMENTO TEMPOR\u00c1RIO - Beir\u00e3o Online","isPartOf":{"@id":"http:\/\/obeirao.pt\/online\/#website"},"primaryImageOfPage":{"@id":"https:\/\/obeirao.pt\/online\/2020\/04\/14\/tondela-com-cerca-de-250-camas-para-eventuais-necessidades-de-alojamento-temporario\/#primaryimage"},"image":{"@id":"https:\/\/obeirao.pt\/online\/2020\/04\/14\/tondela-com-cerca-de-250-camas-para-eventuais-necessidades-de-alojamento-temporario\/#primaryimage"},"thumbnailUrl":"http:\/\/obeirao.pt\/online\/wp-content\/uploads\/2020\/04\/TONDELA-trecho-da-cidade-perante-a-serra-do-Caramulo-arquivo-24.jpg","datePublished":"2020-04-14T16:23:50+00:00","dateModified":"2020-04-14T16:39:43+00:00","author":{"@id":"http:\/\/obeirao.pt\/online\/#\/schema\/person\/efac69bb5a33873e1c1bb9c1165ff38c"},"breadcrumb":{"@id":"https:\/\/obeirao.pt\/online\/2020\/04\/14\/tondela-com-cerca-de-250-camas-para-eventuais-necessidades-de-alojamento-temporario\/#breadcrumb"},"inLanguage":"pt-PT","potentialAction":[{"@type":"ReadAction","target":["https:\/\/obeirao.pt\/online\/2020\/04\/14\/tondela-com-cerca-de-250-camas-para-eventuais-necessidades-de-alojamento-temporario\/"]}]},{"@type":"ImageObject","inLanguage":"pt-PT","@id":"https:\/\/obeirao.pt\/online\/2020\/04\/14\/tondela-com-cerca-de-250-camas-para-eventuais-necessidades-de-alojamento-temporario\/#primaryimage","url":"http:\/\/obeirao.pt\/online\/wp-content\/uploads\/2020\/04\/TONDELA-trecho-da-cidade-perante-a-serra-do-Caramulo-arquivo-24.jpg","contentUrl":"http:\/\/obeirao.pt\/online\/wp-content\/uploads\/2020\/04\/TONDELA-trecho-da-cidade-perante-a-serra-do-Caramulo-arquivo-24.jpg","width":1024,"height":375},{"@type":"BreadcrumbList","@id":"https:\/\/obeirao.pt\/online\/2020\/04\/14\/tondela-com-cerca-de-250-camas-para-eventuais-necessidades-de-alojamento-temporario\/#breadcrumb","itemListElement":[{"@type":"ListItem","position":1,"name":"Home","item":"http:\/\/obeirao.pt\/online\/"},{"@type":"ListItem","position":2,"name":"TONDELA COM CERCA DE 250 CAMAS PARA EVENTUAIS NECESSIDADES DE ALOJAMENTO TEMPOR\u00c1RIO"}]},{"@type":"WebSite","@id":"http:\/\/obeirao.pt\/online\/#website","url":"http:\/\/obeirao.pt\/online\/","name":"Beir\u00e3o Online","description":"www.obeirao.pt","potentialAction":[{"@type":"SearchAction","target":{"@type":"EntryPoint","urlTemplate":"http:\/\/obeirao.pt\/online\/?s={search_term_string}"},"query-input":{"@type":"PropertyValueSpecification","valueRequired":true,"valueName":"search_term_string"}}],"inLanguage":"pt-PT"},{"@type":"Person","@id":"http:\/\/obeirao.pt\/online\/#\/schema\/person\/efac69bb5a33873e1c1bb9c1165ff38c","name":"Z\u00e9 Beir\u00e3o","image":{"@type":"ImageObject","inLanguage":"pt-PT","@id":"http:\/\/0.gravatar.com\/avatar\/c8c44d1f9327baa4d27e9b1149cd71b3?s=96&d=mm&r=g","url":"http:\/\/0.gravatar.com\/avatar\/c8c44d1f9327baa4d27e9b1149cd71b3?s=96&d=mm&r=g","contentUrl":"http:\/\/0.gravatar.com\/avatar\/c8c44d1f9327baa4d27e9b1149cd71b3?s=96&d=mm&r=g","caption":"Z\u00e9 Beir\u00e3o"},"url":"http:\/\/obeirao.pt\/online\/author\/zebeirao\/"}]}},"_links":{"self":[{"href":"http:\/\/obeirao.pt\/online\/wp-json\/wp\/v2\/posts\/5113"}],"collection":[{"href":"http:\/\/obeirao.pt\/online\/wp-json\/wp\/v2\/posts"}],"about":[{"href":"http:\/\/obeirao.pt\/online\/wp-json\/wp\/v2\/types\/post"}],"author":[{"embeddable":true,"href":"http:\/\/obeirao.pt\/online\/wp-json\/wp\/v2\/users\/2"}],"replies":[{"embeddable":true,"href":"http:\/\/obeirao.pt\/online\/wp-json\/wp\/v2\/comments?post=5113"}],"version-history":[{"count":5,"href":"http:\/\/obeirao.pt\/online\/wp-json\/wp\/v2\/posts\/5113\/revisions"}],"predecessor-version":[{"id":5121,"href":"http:\/\/obeirao.pt\/online\/wp-json\/wp\/v2\/posts\/5113\/revisions\/5121"}],"wp:featuredmedia":[{"embeddable":true,"href":"http:\/\/obeirao.pt\/online\/wp-json\/wp\/v2\/media\/5114"}],"wp:attachment":[{"href":"http:\/\/obeirao.pt\/online\/wp-json\/wp\/v2\/media?parent=5113"}],"wp:term":[{"taxonomy":"category","embeddable":true,"href":"http:\/\/obeirao.pt\/online\/wp-json\/wp\/v2\/categories?post=5113"},{"taxonomy":"post_tag","embeddable":true,"href":"http:\/\/obeirao.pt\/online\/wp-json\/wp\/v2\/tags?post=5113"}],"curies":[{"name":"wp","href":"https:\/\/api.w.org\/{rel}","templated":true}]}}