{"id":5123,"date":"2020-04-20T13:36:53","date_gmt":"2020-04-20T12:36:53","guid":{"rendered":"http:\/\/obeirao.pt\/online\/?p=5123"},"modified":"2020-04-20T13:37:20","modified_gmt":"2020-04-20T12:37:20","slug":"municipio-de-tondela-realiza-testes-a-bombeiros-e-funcionarios-de-lares-e-instituicoes-de-apoio-a-deficiencia","status":"publish","type":"post","link":"http:\/\/obeirao.pt\/online\/2020\/04\/20\/municipio-de-tondela-realiza-testes-a-bombeiros-e-funcionarios-de-lares-e-instituicoes-de-apoio-a-deficiencia\/","title":{"rendered":"MUNIC\u00cdPIO DE TONDELA REALIZA TESTES A BOMBEIROS E FUNCION\u00c1RIOS DE LARES E INSTITUI\u00c7\u00d5ES DE APOIO \u00c0 DEFICI\u00caNCIA"},"content":{"rendered":"<span class=\"span-reading-time rt-reading-time\" style=\"display: block;\"><span class=\"rt-label rt-prefix\">tempo de leitura:<\/span> <span class=\"rt-time\"> 1<\/span> <span class=\"rt-label rt-postfix\">minuto<\/span><\/span><p><span style=\"font-family: georgia, palatino, serif;font-size: 18pt\"><strong><a href=\"http:\/\/obeirao.pt\/online\/wp-content\/uploads\/2020\/04\/rtp.pt_-1.jpg\"><img loading=\"lazy\" decoding=\"async\" class=\"alignleft wp-image-5124 size-medium\" src=\"http:\/\/obeirao.pt\/online\/wp-content\/uploads\/2020\/04\/rtp.pt_-1-300x164.jpg\" alt=\"\" width=\"300\" height=\"164\" srcset=\"http:\/\/obeirao.pt\/online\/wp-content\/uploads\/2020\/04\/rtp.pt_-1-300x164.jpg 300w, http:\/\/obeirao.pt\/online\/wp-content\/uploads\/2020\/04\/rtp.pt_-1-768x421.jpg 768w, http:\/\/obeirao.pt\/online\/wp-content\/uploads\/2020\/04\/rtp.pt_-1-640x351.jpg 640w, http:\/\/obeirao.pt\/online\/wp-content\/uploads\/2020\/04\/rtp.pt_-1.jpg 860w\" sizes=\"(max-width: 300px) 100vw, 300px\" \/><\/a><\/strong><\/span><span style=\"font-family: georgia, palatino, serif\"><strong><em>O Munic\u00edpio de Tondela informa que vai concretizar a realiza\u00e7\u00e3o de testes \u00e0 COVID-19, em bombeiros do concelho que tenham transportado nos \u00faltimos 14 dias doentes suspeitos ou que, depois disso, tenham transportado um doente que venha a revelar-se positivo.<\/em><\/strong><\/span><!--more--><\/p>\n<p><span style=\"font-family: georgia, palatino, serif\">A realiza\u00e7\u00e3o destes testes tem o prop\u00f3sito de <strong>\u201cdespistar qualquer situa\u00e7\u00e3o assintom\u00e1tica e estabelecer o necess\u00e1rio conforto a estes profissionais de socorro\u201d.<br \/>\n<\/strong>O Munic\u00edpio de Tondela tem vindo tamb\u00e9m a suportar parte dos custos dos testes de COVID-19 a funcion\u00e1rios de lares, que estejam a fazer turnos cont\u00ednuos de 7 dias\/24h, antes de entrarem no turno semanal, de forma detectar a hipot\u00e9tica presen\u00e7a do v\u00edrus.<\/span><br \/>\n<span style=\"font-family: georgia, palatino, serif\">Agora, estas institui\u00e7\u00f5es deixam de ter qualquer custo na realiza\u00e7\u00e3o dos testes \u00e0 COVID-19, fruto de um projecto desenvolvido pelo Munic\u00edpio de Tondela, com o Minist\u00e9rio da Solidariedade, Emprego e da Seguran\u00e7a Social.<\/span><br \/>\n<span style=\"font-family: georgia, palatino, serif\">Ser\u00e3o igualmente realizados testes junto da unidade de apoio \u00e0 defici\u00eancia \u2013 a Cooperativa V\u00e1rios, bem como junto de outros profissionais de Lares, Institui\u00e7\u00f5es Particulares de Solidariedade Social (IPSS) e Miseric\u00f3rdias.<\/span><br \/>\n<span style=\"font-family: georgia, palatino, serif\">Fruto do entendimento que o presidente da C\u00e2mara Municipal de Tondela teve com as diferentes institui\u00e7\u00f5es sociais, tamb\u00e9m passar\u00e3o a ser testados todos os utentes de lares que tenham de se deslocar a urg\u00eancias hospitalares, por raz\u00f5es diferentes da COVID-19.<\/span><br \/>\n<span style=\"font-family: georgia, palatino, serif\"><strong>\u201cAo regressarem ao Lar, estes ficar\u00e3o em isolamento at\u00e9 serem testados, afastando os riscos de cont\u00e1gio no seio da institui\u00e7\u00e3o<\/strong>\u201d, pode ainda ler-se numa nota de imprensa do Munic\u00edpio de Tondela.<\/span><\/p>\n","protected":false},"excerpt":{"rendered":"<div class=\"mh-excerpt\"><span class=\"span-reading-time rt-reading-time\" style=\"display: block;\"><span class=\"rt-label rt-prefix\">tempo de leitura:<\/span> <span class=\"rt-time\"> 1<\/span> <span class=\"rt-label rt-postfix\">minuto<\/span><\/span>O Munic\u00edpio de Tondela informa que vai concretizar a realiza\u00e7\u00e3o de testes \u00e0 COVID-19, em bombeiros do concelho que tenham transportado nos \u00faltimos 14 dias <a class=\"mh-excerpt-more\" href=\"http:\/\/obeirao.pt\/online\/2020\/04\/20\/municipio-de-tondela-realiza-testes-a-bombeiros-e-funcionarios-de-lares-e-instituicoes-de-apoio-a-deficiencia\/\" title=\"MUNIC\u00cdPIO DE TONDELA REALIZA TESTES A BOMBEIROS E FUNCION\u00c1RIOS DE LARES E INSTITUI\u00c7\u00d5ES DE APOIO \u00c0 DEFICI\u00caNCIA\">[&#8230;]<\/a><\/div>\n","protected":false},"author":2,"featured_media":5124,"comment_status":"closed","ping_status":"open","sticky":false,"template":"","format":"standard","meta":{"footnotes":""},"categories":[2,5,4,63],"tags":[],"class_list":["post-5123","post","type-post","status-publish","format-standard","has-post-thumbnail","hentry","category-principal","category-cidade","category-regiao","category-tondela"],"yoast_head":"<!-- This site is optimized with the Yoast SEO plugin v27.4 - https:\/\/yoast.com\/product\/yoast-seo-wordpress\/ -->\n<title>MUNIC\u00cdPIO DE TONDELA REALIZA TESTES A BOMBEIROS E FUNCION\u00c1RIOS DE LARES E INSTITUI\u00c7\u00d5ES DE APOIO \u00c0 DEFICI\u00caNCIA - Beir\u00e3o Online<\/title>\n<meta name=\"robots\" content=\"index, follow, max-snippet:-1, max-image-preview:large, max-video-preview:-1\" \/>\n<link rel=\"canonical\" href=\"http:\/\/obeirao.pt\/online\/2020\/04\/20\/municipio-de-tondela-realiza-testes-a-bombeiros-e-funcionarios-de-lares-e-instituicoes-de-apoio-a-deficiencia\/\" \/>\n<meta property=\"og:locale\" content=\"pt_PT\" \/>\n<meta property=\"og:type\" content=\"article\" \/>\n<meta property=\"og:title\" content=\"MUNIC\u00cdPIO DE TONDELA REALIZA TESTES A BOMBEIROS E FUNCION\u00c1RIOS DE LARES E INSTITUI\u00c7\u00d5ES DE APOIO \u00c0 DEFICI\u00caNCIA - Beir\u00e3o Online\" \/>\n<meta property=\"og:description\" content=\"tempo de leitura: 1 minutoO Munic\u00edpio de Tondela informa que vai concretizar a realiza\u00e7\u00e3o de testes \u00e0 COVID-19, em bombeiros do concelho que tenham transportado nos \u00faltimos 14 dias [...]\" \/>\n<meta property=\"og:url\" content=\"http:\/\/obeirao.pt\/online\/2020\/04\/20\/municipio-de-tondela-realiza-testes-a-bombeiros-e-funcionarios-de-lares-e-instituicoes-de-apoio-a-deficiencia\/\" \/>\n<meta property=\"og:site_name\" content=\"Beir\u00e3o Online\" \/>\n<meta property=\"article:publisher\" content=\"https:\/\/pt-br.facebook.com\/pages\/Amigos-de-Tondela\/273620439973877\" \/>\n<meta property=\"article:published_time\" content=\"2020-04-20T12:36:53+00:00\" \/>\n<meta property=\"article:modified_time\" content=\"2020-04-20T12:37:20+00:00\" \/>\n<meta property=\"og:image\" content=\"http:\/\/obeirao.pt\/online\/wp-content\/uploads\/2020\/04\/rtp.pt_-1.jpg\" \/>\n\t<meta property=\"og:image:width\" content=\"860\" \/>\n\t<meta property=\"og:image:height\" content=\"471\" \/>\n\t<meta property=\"og:image:type\" content=\"image\/jpeg\" \/>\n<meta name=\"author\" content=\"Z\u00e9 Beir\u00e3o\" \/>\n<meta name=\"twitter:card\" content=\"summary_large_image\" \/>\n<meta name=\"twitter:creator\" content=\"@JoaquimDuarteP2\" \/>\n<meta name=\"twitter:site\" content=\"@JoaquimDuarteP2\" \/>\n<meta name=\"twitter:label1\" content=\"Escrito por\" \/>\n\t<meta name=\"twitter:data1\" content=\"Z\u00e9 Beir\u00e3o\" \/>\n\t<meta name=\"twitter:label2\" content=\"Tempo estimado de leitura\" \/>\n\t<meta name=\"twitter:data2\" content=\"1 minuto\" \/>\n<script type=\"application\/ld+json\" class=\"yoast-schema-graph\">{\"@context\":\"https:\\\/\\\/schema.org\",\"@graph\":[{\"@type\":\"Article\",\"@id\":\"http:\\\/\\\/obeirao.pt\\\/online\\\/2020\\\/04\\\/20\\\/municipio-de-tondela-realiza-testes-a-bombeiros-e-funcionarios-de-lares-e-instituicoes-de-apoio-a-deficiencia\\\/#article\",\"isPartOf\":{\"@id\":\"http:\\\/\\\/obeirao.pt\\\/online\\\/2020\\\/04\\\/20\\\/municipio-de-tondela-realiza-testes-a-bombeiros-e-funcionarios-de-lares-e-instituicoes-de-apoio-a-deficiencia\\\/\"},\"author\":{\"name\":\"Z\u00e9 Beir\u00e3o\",\"@id\":\"http:\\\/\\\/obeirao.pt\\\/online\\\/#\\\/schema\\\/person\\\/efac69bb5a33873e1c1bb9c1165ff38c\"},\"headline\":\"MUNIC\u00cdPIO DE TONDELA REALIZA TESTES A BOMBEIROS E FUNCION\u00c1RIOS DE LARES E INSTITUI\u00c7\u00d5ES DE APOIO \u00c0 DEFICI\u00caNCIA\",\"datePublished\":\"2020-04-20T12:36:53+00:00\",\"dateModified\":\"2020-04-20T12:37:20+00:00\",\"mainEntityOfPage\":{\"@id\":\"http:\\\/\\\/obeirao.pt\\\/online\\\/2020\\\/04\\\/20\\\/municipio-de-tondela-realiza-testes-a-bombeiros-e-funcionarios-de-lares-e-instituicoes-de-apoio-a-deficiencia\\\/\"},\"wordCount\":289,\"image\":{\"@id\":\"http:\\\/\\\/obeirao.pt\\\/online\\\/2020\\\/04\\\/20\\\/municipio-de-tondela-realiza-testes-a-bombeiros-e-funcionarios-de-lares-e-instituicoes-de-apoio-a-deficiencia\\\/#primaryimage\"},\"thumbnailUrl\":\"http:\\\/\\\/obeirao.pt\\\/online\\\/wp-content\\\/uploads\\\/2020\\\/04\\\/rtp.pt_-1.jpg\",\"articleSection\":[\"_Principal\",\"Cidade\",\"Regi\u00e3o\",\"Tondela\"],\"inLanguage\":\"pt-PT\"},{\"@type\":\"WebPage\",\"@id\":\"http:\\\/\\\/obeirao.pt\\\/online\\\/2020\\\/04\\\/20\\\/municipio-de-tondela-realiza-testes-a-bombeiros-e-funcionarios-de-lares-e-instituicoes-de-apoio-a-deficiencia\\\/\",\"url\":\"http:\\\/\\\/obeirao.pt\\\/online\\\/2020\\\/04\\\/20\\\/municipio-de-tondela-realiza-testes-a-bombeiros-e-funcionarios-de-lares-e-instituicoes-de-apoio-a-deficiencia\\\/\",\"name\":\"MUNIC\u00cdPIO DE TONDELA REALIZA TESTES A BOMBEIROS E FUNCION\u00c1RIOS DE LARES E INSTITUI\u00c7\u00d5ES DE APOIO \u00c0 DEFICI\u00caNCIA - Beir\u00e3o Online\",\"isPartOf\":{\"@id\":\"http:\\\/\\\/obeirao.pt\\\/online\\\/#website\"},\"primaryImageOfPage\":{\"@id\":\"http:\\\/\\\/obeirao.pt\\\/online\\\/2020\\\/04\\\/20\\\/municipio-de-tondela-realiza-testes-a-bombeiros-e-funcionarios-de-lares-e-instituicoes-de-apoio-a-deficiencia\\\/#primaryimage\"},\"image\":{\"@id\":\"http:\\\/\\\/obeirao.pt\\\/online\\\/2020\\\/04\\\/20\\\/municipio-de-tondela-realiza-testes-a-bombeiros-e-funcionarios-de-lares-e-instituicoes-de-apoio-a-deficiencia\\\/#primaryimage\"},\"thumbnailUrl\":\"http:\\\/\\\/obeirao.pt\\\/online\\\/wp-content\\\/uploads\\\/2020\\\/04\\\/rtp.pt_-1.jpg\",\"datePublished\":\"2020-04-20T12:36:53+00:00\",\"dateModified\":\"2020-04-20T12:37:20+00:00\",\"author\":{\"@id\":\"http:\\\/\\\/obeirao.pt\\\/online\\\/#\\\/schema\\\/person\\\/efac69bb5a33873e1c1bb9c1165ff38c\"},\"breadcrumb\":{\"@id\":\"http:\\\/\\\/obeirao.pt\\\/online\\\/2020\\\/04\\\/20\\\/municipio-de-tondela-realiza-testes-a-bombeiros-e-funcionarios-de-lares-e-instituicoes-de-apoio-a-deficiencia\\\/#breadcrumb\"},\"inLanguage\":\"pt-PT\",\"potentialAction\":[{\"@type\":\"ReadAction\",\"target\":[\"http:\\\/\\\/obeirao.pt\\\/online\\\/2020\\\/04\\\/20\\\/municipio-de-tondela-realiza-testes-a-bombeiros-e-funcionarios-de-lares-e-instituicoes-de-apoio-a-deficiencia\\\/\"]}]},{\"@type\":\"ImageObject\",\"inLanguage\":\"pt-PT\",\"@id\":\"http:\\\/\\\/obeirao.pt\\\/online\\\/2020\\\/04\\\/20\\\/municipio-de-tondela-realiza-testes-a-bombeiros-e-funcionarios-de-lares-e-instituicoes-de-apoio-a-deficiencia\\\/#primaryimage\",\"url\":\"http:\\\/\\\/obeirao.pt\\\/online\\\/wp-content\\\/uploads\\\/2020\\\/04\\\/rtp.pt_-1.jpg\",\"contentUrl\":\"http:\\\/\\\/obeirao.pt\\\/online\\\/wp-content\\\/uploads\\\/2020\\\/04\\\/rtp.pt_-1.jpg\",\"width\":860,\"height\":471},{\"@type\":\"BreadcrumbList\",\"@id\":\"http:\\\/\\\/obeirao.pt\\\/online\\\/2020\\\/04\\\/20\\\/municipio-de-tondela-realiza-testes-a-bombeiros-e-funcionarios-de-lares-e-instituicoes-de-apoio-a-deficiencia\\\/#breadcrumb\",\"itemListElement\":[{\"@type\":\"ListItem\",\"position\":1,\"name\":\"Home\",\"item\":\"http:\\\/\\\/obeirao.pt\\\/online\\\/\"},{\"@type\":\"ListItem\",\"position\":2,\"name\":\"MUNIC\u00cdPIO DE TONDELA REALIZA TESTES A BOMBEIROS E FUNCION\u00c1RIOS DE LARES E INSTITUI\u00c7\u00d5ES DE APOIO \u00c0 DEFICI\u00caNCIA\"}]},{\"@type\":\"WebSite\",\"@id\":\"http:\\\/\\\/obeirao.pt\\\/online\\\/#website\",\"url\":\"http:\\\/\\\/obeirao.pt\\\/online\\\/\",\"name\":\"Beir\u00e3o Online\",\"description\":\"www.obeirao.pt\",\"potentialAction\":[{\"@type\":\"SearchAction\",\"target\":{\"@type\":\"EntryPoint\",\"urlTemplate\":\"http:\\\/\\\/obeirao.pt\\\/online\\\/?s={search_term_string}\"},\"query-input\":{\"@type\":\"PropertyValueSpecification\",\"valueRequired\":true,\"valueName\":\"search_term_string\"}}],\"inLanguage\":\"pt-PT\"},{\"@type\":\"Person\",\"@id\":\"http:\\\/\\\/obeirao.pt\\\/online\\\/#\\\/schema\\\/person\\\/efac69bb5a33873e1c1bb9c1165ff38c\",\"name\":\"Z\u00e9 Beir\u00e3o\",\"image\":{\"@type\":\"ImageObject\",\"inLanguage\":\"pt-PT\",\"@id\":\"http:\\\/\\\/0.gravatar.com\\\/avatar\\\/c8c44d1f9327baa4d27e9b1149cd71b3?s=96&d=mm&r=g\",\"url\":\"http:\\\/\\\/0.gravatar.com\\\/avatar\\\/c8c44d1f9327baa4d27e9b1149cd71b3?s=96&d=mm&r=g\",\"contentUrl\":\"http:\\\/\\\/0.gravatar.com\\\/avatar\\\/c8c44d1f9327baa4d27e9b1149cd71b3?s=96&d=mm&r=g\",\"caption\":\"Z\u00e9 Beir\u00e3o\"},\"url\":\"http:\\\/\\\/obeirao.pt\\\/online\\\/author\\\/zebeirao\\\/\"}]}<\/script>\n<!-- \/ Yoast SEO plugin. -->","yoast_head_json":{"title":"MUNIC\u00cdPIO DE TONDELA REALIZA TESTES A BOMBEIROS E FUNCION\u00c1RIOS DE LARES E INSTITUI\u00c7\u00d5ES DE APOIO \u00c0 DEFICI\u00caNCIA - Beir\u00e3o Online","robots":{"index":"index","follow":"follow","max-snippet":"max-snippet:-1","max-image-preview":"max-image-preview:large","max-video-preview":"max-video-preview:-1"},"canonical":"http:\/\/obeirao.pt\/online\/2020\/04\/20\/municipio-de-tondela-realiza-testes-a-bombeiros-e-funcionarios-de-lares-e-instituicoes-de-apoio-a-deficiencia\/","og_locale":"pt_PT","og_type":"article","og_title":"MUNIC\u00cdPIO DE TONDELA REALIZA TESTES A BOMBEIROS E FUNCION\u00c1RIOS DE LARES E INSTITUI\u00c7\u00d5ES DE APOIO \u00c0 DEFICI\u00caNCIA - Beir\u00e3o Online","og_description":"tempo de leitura: 1 minutoO Munic\u00edpio de Tondela informa que vai concretizar a realiza\u00e7\u00e3o de testes \u00e0 COVID-19, em bombeiros do concelho que tenham transportado nos \u00faltimos 14 dias [...]","og_url":"http:\/\/obeirao.pt\/online\/2020\/04\/20\/municipio-de-tondela-realiza-testes-a-bombeiros-e-funcionarios-de-lares-e-instituicoes-de-apoio-a-deficiencia\/","og_site_name":"Beir\u00e3o Online","article_publisher":"https:\/\/pt-br.facebook.com\/pages\/Amigos-de-Tondela\/273620439973877","article_published_time":"2020-04-20T12:36:53+00:00","article_modified_time":"2020-04-20T12:37:20+00:00","og_image":[{"width":860,"height":471,"url":"http:\/\/obeirao.pt\/online\/wp-content\/uploads\/2020\/04\/rtp.pt_-1.jpg","type":"image\/jpeg"}],"author":"Z\u00e9 Beir\u00e3o","twitter_card":"summary_large_image","twitter_creator":"@JoaquimDuarteP2","twitter_site":"@JoaquimDuarteP2","twitter_misc":{"Escrito por":"Z\u00e9 Beir\u00e3o","Tempo estimado de leitura":"1 minuto"},"schema":{"@context":"https:\/\/schema.org","@graph":[{"@type":"Article","@id":"http:\/\/obeirao.pt\/online\/2020\/04\/20\/municipio-de-tondela-realiza-testes-a-bombeiros-e-funcionarios-de-lares-e-instituicoes-de-apoio-a-deficiencia\/#article","isPartOf":{"@id":"http:\/\/obeirao.pt\/online\/2020\/04\/20\/municipio-de-tondela-realiza-testes-a-bombeiros-e-funcionarios-de-lares-e-instituicoes-de-apoio-a-deficiencia\/"},"author":{"name":"Z\u00e9 Beir\u00e3o","@id":"http:\/\/obeirao.pt\/online\/#\/schema\/person\/efac69bb5a33873e1c1bb9c1165ff38c"},"headline":"MUNIC\u00cdPIO DE TONDELA REALIZA TESTES A BOMBEIROS E FUNCION\u00c1RIOS DE LARES E INSTITUI\u00c7\u00d5ES DE APOIO \u00c0 DEFICI\u00caNCIA","datePublished":"2020-04-20T12:36:53+00:00","dateModified":"2020-04-20T12:37:20+00:00","mainEntityOfPage":{"@id":"http:\/\/obeirao.pt\/online\/2020\/04\/20\/municipio-de-tondela-realiza-testes-a-bombeiros-e-funcionarios-de-lares-e-instituicoes-de-apoio-a-deficiencia\/"},"wordCount":289,"image":{"@id":"http:\/\/obeirao.pt\/online\/2020\/04\/20\/municipio-de-tondela-realiza-testes-a-bombeiros-e-funcionarios-de-lares-e-instituicoes-de-apoio-a-deficiencia\/#primaryimage"},"thumbnailUrl":"http:\/\/obeirao.pt\/online\/wp-content\/uploads\/2020\/04\/rtp.pt_-1.jpg","articleSection":["_Principal","Cidade","Regi\u00e3o","Tondela"],"inLanguage":"pt-PT"},{"@type":"WebPage","@id":"http:\/\/obeirao.pt\/online\/2020\/04\/20\/municipio-de-tondela-realiza-testes-a-bombeiros-e-funcionarios-de-lares-e-instituicoes-de-apoio-a-deficiencia\/","url":"http:\/\/obeirao.pt\/online\/2020\/04\/20\/municipio-de-tondela-realiza-testes-a-bombeiros-e-funcionarios-de-lares-e-instituicoes-de-apoio-a-deficiencia\/","name":"MUNIC\u00cdPIO DE TONDELA REALIZA TESTES A BOMBEIROS E FUNCION\u00c1RIOS DE LARES E INSTITUI\u00c7\u00d5ES DE APOIO \u00c0 DEFICI\u00caNCIA - Beir\u00e3o Online","isPartOf":{"@id":"http:\/\/obeirao.pt\/online\/#website"},"primaryImageOfPage":{"@id":"http:\/\/obeirao.pt\/online\/2020\/04\/20\/municipio-de-tondela-realiza-testes-a-bombeiros-e-funcionarios-de-lares-e-instituicoes-de-apoio-a-deficiencia\/#primaryimage"},"image":{"@id":"http:\/\/obeirao.pt\/online\/2020\/04\/20\/municipio-de-tondela-realiza-testes-a-bombeiros-e-funcionarios-de-lares-e-instituicoes-de-apoio-a-deficiencia\/#primaryimage"},"thumbnailUrl":"http:\/\/obeirao.pt\/online\/wp-content\/uploads\/2020\/04\/rtp.pt_-1.jpg","datePublished":"2020-04-20T12:36:53+00:00","dateModified":"2020-04-20T12:37:20+00:00","author":{"@id":"http:\/\/obeirao.pt\/online\/#\/schema\/person\/efac69bb5a33873e1c1bb9c1165ff38c"},"breadcrumb":{"@id":"http:\/\/obeirao.pt\/online\/2020\/04\/20\/municipio-de-tondela-realiza-testes-a-bombeiros-e-funcionarios-de-lares-e-instituicoes-de-apoio-a-deficiencia\/#breadcrumb"},"inLanguage":"pt-PT","potentialAction":[{"@type":"ReadAction","target":["http:\/\/obeirao.pt\/online\/2020\/04\/20\/municipio-de-tondela-realiza-testes-a-bombeiros-e-funcionarios-de-lares-e-instituicoes-de-apoio-a-deficiencia\/"]}]},{"@type":"ImageObject","inLanguage":"pt-PT","@id":"http:\/\/obeirao.pt\/online\/2020\/04\/20\/municipio-de-tondela-realiza-testes-a-bombeiros-e-funcionarios-de-lares-e-instituicoes-de-apoio-a-deficiencia\/#primaryimage","url":"http:\/\/obeirao.pt\/online\/wp-content\/uploads\/2020\/04\/rtp.pt_-1.jpg","contentUrl":"http:\/\/obeirao.pt\/online\/wp-content\/uploads\/2020\/04\/rtp.pt_-1.jpg","width":860,"height":471},{"@type":"BreadcrumbList","@id":"http:\/\/obeirao.pt\/online\/2020\/04\/20\/municipio-de-tondela-realiza-testes-a-bombeiros-e-funcionarios-de-lares-e-instituicoes-de-apoio-a-deficiencia\/#breadcrumb","itemListElement":[{"@type":"ListItem","position":1,"name":"Home","item":"http:\/\/obeirao.pt\/online\/"},{"@type":"ListItem","position":2,"name":"MUNIC\u00cdPIO DE TONDELA REALIZA TESTES A BOMBEIROS E FUNCION\u00c1RIOS DE LARES E INSTITUI\u00c7\u00d5ES DE APOIO \u00c0 DEFICI\u00caNCIA"}]},{"@type":"WebSite","@id":"http:\/\/obeirao.pt\/online\/#website","url":"http:\/\/obeirao.pt\/online\/","name":"Beir\u00e3o Online","description":"www.obeirao.pt","potentialAction":[{"@type":"SearchAction","target":{"@type":"EntryPoint","urlTemplate":"http:\/\/obeirao.pt\/online\/?s={search_term_string}"},"query-input":{"@type":"PropertyValueSpecification","valueRequired":true,"valueName":"search_term_string"}}],"inLanguage":"pt-PT"},{"@type":"Person","@id":"http:\/\/obeirao.pt\/online\/#\/schema\/person\/efac69bb5a33873e1c1bb9c1165ff38c","name":"Z\u00e9 Beir\u00e3o","image":{"@type":"ImageObject","inLanguage":"pt-PT","@id":"http:\/\/0.gravatar.com\/avatar\/c8c44d1f9327baa4d27e9b1149cd71b3?s=96&d=mm&r=g","url":"http:\/\/0.gravatar.com\/avatar\/c8c44d1f9327baa4d27e9b1149cd71b3?s=96&d=mm&r=g","contentUrl":"http:\/\/0.gravatar.com\/avatar\/c8c44d1f9327baa4d27e9b1149cd71b3?s=96&d=mm&r=g","caption":"Z\u00e9 Beir\u00e3o"},"url":"http:\/\/obeirao.pt\/online\/author\/zebeirao\/"}]}},"_links":{"self":[{"href":"http:\/\/obeirao.pt\/online\/wp-json\/wp\/v2\/posts\/5123"}],"collection":[{"href":"http:\/\/obeirao.pt\/online\/wp-json\/wp\/v2\/posts"}],"about":[{"href":"http:\/\/obeirao.pt\/online\/wp-json\/wp\/v2\/types\/post"}],"author":[{"embeddable":true,"href":"http:\/\/obeirao.pt\/online\/wp-json\/wp\/v2\/users\/2"}],"replies":[{"embeddable":true,"href":"http:\/\/obeirao.pt\/online\/wp-json\/wp\/v2\/comments?post=5123"}],"version-history":[{"count":2,"href":"http:\/\/obeirao.pt\/online\/wp-json\/wp\/v2\/posts\/5123\/revisions"}],"predecessor-version":[{"id":5126,"href":"http:\/\/obeirao.pt\/online\/wp-json\/wp\/v2\/posts\/5123\/revisions\/5126"}],"wp:featuredmedia":[{"embeddable":true,"href":"http:\/\/obeirao.pt\/online\/wp-json\/wp\/v2\/media\/5124"}],"wp:attachment":[{"href":"http:\/\/obeirao.pt\/online\/wp-json\/wp\/v2\/media?parent=5123"}],"wp:term":[{"taxonomy":"category","embeddable":true,"href":"http:\/\/obeirao.pt\/online\/wp-json\/wp\/v2\/categories?post=5123"},{"taxonomy":"post_tag","embeddable":true,"href":"http:\/\/obeirao.pt\/online\/wp-json\/wp\/v2\/tags?post=5123"}],"curies":[{"name":"wp","href":"https:\/\/api.w.org\/{rel}","templated":true}]}}