{"id":5210,"date":"2020-05-06T14:11:17","date_gmt":"2020-05-06T13:11:17","guid":{"rendered":"http:\/\/obeirao.pt\/online\/?p=5210"},"modified":"2020-05-06T15:19:31","modified_gmt":"2020-05-06T14:19:31","slug":"adices-analisa-candidaturas-de-mais-de-1-milhao-de-euros-para-renovacao-de-aldeias","status":"publish","type":"post","link":"http:\/\/obeirao.pt\/online\/2020\/05\/06\/adices-analisa-candidaturas-de-mais-de-1-milhao-de-euros-para-renovacao-de-aldeias\/","title":{"rendered":"ADICES ANALISA CANDIDATURAS DE MAIS DE 1 MILH\u00c3O DE EUROS PARA RENOVA\u00c7\u00c3O DE ALDEIAS"},"content":{"rendered":"<span class=\"span-reading-time rt-reading-time\" style=\"display: block;\"><span class=\"rt-label rt-prefix\">tempo de leitura:<\/span> <span class=\"rt-time\"> 2<\/span> <span class=\"rt-label rt-postfix\">minutos<\/span><\/span><p><span style=\"font-size: 24pt\"><strong><a href=\"http:\/\/obeirao.pt\/online\/wp-content\/uploads\/2020\/05\/JUEUS-3.jpg\"><img loading=\"lazy\" decoding=\"async\" class=\"alignleft wp-image-5211 size-medium\" src=\"http:\/\/obeirao.pt\/online\/wp-content\/uploads\/2020\/05\/JUEUS-3-300x192.jpg\" alt=\"\" width=\"300\" height=\"192\" srcset=\"http:\/\/obeirao.pt\/online\/wp-content\/uploads\/2020\/05\/JUEUS-3-300x192.jpg 300w, http:\/\/obeirao.pt\/online\/wp-content\/uploads\/2020\/05\/JUEUS-3.jpg 505w\" sizes=\"(max-width: 300px) 100vw, 300px\" \/><\/a><\/strong><\/span><span style=\"font-family: georgia, palatino, serif;font-size: 14pt\"><strong><em>A ADICES \u2013 Associa\u00e7\u00e3o de Desenvolvimento Local, anunciou esta semana que recepcionou candidaturas relativas \u00e0 medida 10.2.1.6 \u201cRenova\u00e7\u00e3o de Aldeias\u201d cujo investimento previsto ascende a 1.187.347,28\u20ac<\/em><\/strong><\/span><!--more--><\/p>\n<p><span style=\"font-family: georgia, palatino, serif;font-size: 14pt\">A medida \u201c<strong>Renova\u00e7\u00e3o de Aldeias\u201d<\/strong> enquadrado no PDR 2020 (Programa de Desenvolvimento Rural) visa <strong>\u201cpromover a preserva\u00e7\u00e3o e contribuir para a dinamiza\u00e7\u00e3o do territ\u00f3rio rural, apoiando obras de recupera\u00e7\u00e3o e beneficia\u00e7\u00e3o de interesse colectivo, sinal\u00e9tica de itiner\u00e1rios paisag\u00edsticos, ambientais e elabora\u00e7\u00e3o e divulga\u00e7\u00e3o de material informativo referente ao patrim\u00f3nio alvo de interven\u00e7\u00e3o\u201d.<\/strong><\/span><\/p>\n<figure id=\"attachment_5216\" aria-describedby=\"caption-attachment-5216\" style=\"width: 300px\" class=\"wp-caption alignright\"><a href=\"http:\/\/obeirao.pt\/online\/wp-content\/uploads\/2020\/05\/Foto-107-Estrada-dos-Jueus.jpg\"><img loading=\"lazy\" decoding=\"async\" class=\"wp-image-5216 size-medium\" src=\"http:\/\/obeirao.pt\/online\/wp-content\/uploads\/2020\/05\/Foto-107-Estrada-dos-Jueus-300x199.jpg\" alt=\"\" width=\"300\" height=\"199\" srcset=\"http:\/\/obeirao.pt\/online\/wp-content\/uploads\/2020\/05\/Foto-107-Estrada-dos-Jueus-300x199.jpg 300w, http:\/\/obeirao.pt\/online\/wp-content\/uploads\/2020\/05\/Foto-107-Estrada-dos-Jueus-768x511.jpg 768w, http:\/\/obeirao.pt\/online\/wp-content\/uploads\/2020\/05\/Foto-107-Estrada-dos-Jueus.jpg 1024w, http:\/\/obeirao.pt\/online\/wp-content\/uploads\/2020\/05\/Foto-107-Estrada-dos-Jueus-640x426.jpg 640w\" sizes=\"(max-width: 300px) 100vw, 300px\" \/><\/a><figcaption id=\"caption-attachment-5216\" class=\"wp-caption-text\">Estradinha Alto do Cadra\u00e7o-Malhap\u00e3o de Cima, por Laceiras, Pedr\u00f3g\u00e3o e Jueus<\/figcaption><\/figure>\n<p><span style=\"font-family: georgia, palatino, serif;font-size: 14pt\">Segundo a ADICES, esta medida gerida pelos Grupos de Ac\u00e7\u00e3o Local (GAL) \u00e9 destinada a associa\u00e7\u00f5es, autarquias locais, bem como a pessoas singulares detentoras de patrim\u00f3nio considerado de interesse p\u00fablico.<\/span><\/p>\n<p><span style=\"font-family: georgia, palatino, serif;font-size: 14pt\">As candidaturas, ora em an\u00e1lise, visam essa promo\u00e7\u00e3o e valoriza\u00e7\u00e3o ao mesmo tempo que recuperam e promovem elementos patrimoniais de algumas das localidades do territ\u00f3rio de interven\u00e7\u00e3o da ADICES, com especial relev\u00e2ncia para o patrim\u00f3nio ambiental, hist\u00f3rico e paisag\u00edstico.<\/span><\/p>\n<p><span style=\"font-family: georgia, palatino, serif;font-size: 14pt\">O valor do investimento solicitado corresponde a 7 candidaturas oriundas do territ\u00f3rio de interven\u00e7\u00e3o desta Associa\u00e7\u00e3o de Desenvolvimento \u2013 <strong>\u00c1gueda, Carregal do Sal, Mort\u00e1gua, Santa Comba D\u00e3o e Tondela.<\/strong><\/span><\/p>\n<p>_________________<\/p>\n<figure id=\"attachment_5214\" aria-describedby=\"caption-attachment-5214\" style=\"width: 300px\" class=\"wp-caption alignleft\"><a href=\"http:\/\/obeirao.pt\/online\/wp-content\/uploads\/2020\/05\/A-linda-Marruje-sem-acesso.jpg\"><img loading=\"lazy\" decoding=\"async\" class=\"wp-image-5214 size-medium\" src=\"http:\/\/obeirao.pt\/online\/wp-content\/uploads\/2020\/05\/A-linda-Marruje-sem-acesso-300x170.jpg\" alt=\"\" width=\"300\" height=\"170\" srcset=\"http:\/\/obeirao.pt\/online\/wp-content\/uploads\/2020\/05\/A-linda-Marruje-sem-acesso-300x170.jpg 300w, http:\/\/obeirao.pt\/online\/wp-content\/uploads\/2020\/05\/A-linda-Marruje-sem-acesso-768x436.jpg 768w, http:\/\/obeirao.pt\/online\/wp-content\/uploads\/2020\/05\/A-linda-Marruje-sem-acesso.jpg 1024w, http:\/\/obeirao.pt\/online\/wp-content\/uploads\/2020\/05\/A-linda-Marruje-sem-acesso-640x363.jpg 640w, http:\/\/obeirao.pt\/online\/wp-content\/uploads\/2020\/05\/A-linda-Marruje-sem-acesso-678x381.jpg 678w\" sizes=\"(max-width: 300px) 100vw, 300px\" \/><\/a><figcaption id=\"caption-attachment-5214\" class=\"wp-caption-text\">Marruje condenada a desaparecer?<\/figcaption><\/figure>\n<p><em><span style=\"color: #000000;font-family: 'arial black', sans-serif\"><strong>N. DO DIRECTOR:<\/strong><\/span>\u00a0\u00a0<span style=\"background-color: #ffff99\">Renova\u00e7\u00e3o de aldeias, \u00e9 aquilo que muitas aldeias, neste caso, do concelho de Tondela, necessitam, pois existem povoados sem acessos condignos. Eles s\u00e3o estreitos, cheios de curvas e curvinhas, como se estiv\u00e9ssemos ainda no tempo dos carros de bois, em que n\u00e3o havia os meios de transporte de que hoje dispomos. E n\u00e3o s\u00e3o apenas as estradas, \u00e9 o sistema de ilumina\u00e7\u00e3o p\u00fablica, a falta de antenas para telecomunica\u00e7\u00f5es, pequenos logradouros p\u00fablicos, fontan\u00e1rios e melhores caminhos de acesso aos campos agr\u00edcolas, pois, em muitos casos, est\u00e1 tudo como no antigamente.<\/span><\/em><\/p>\n<p><em><span style=\"background-color: #ffff99\">Referindo-me, apenas, a tr\u00eas casos no concelho de Tondela, onde existem outros exemplos: O caso da linda aldeia de Jueus, onde existe um local virado para o turismo, com estradinha bem estreita e fraqu\u00edssima luz el\u00e9ctrica, como \u00e9 o caso de Malhap\u00e3o de Baixo e Marruje, respectivamente, das freguesias do Guard\u00e3o, Mosteirinho e Barreiro de Besteiros, afinal, tr\u00eas freguesias vizinhas.<\/span><\/em><\/p>\n<p>&nbsp;<\/p>\n<p>&nbsp;<\/p>\n","protected":false},"excerpt":{"rendered":"<div class=\"mh-excerpt\"><span class=\"span-reading-time rt-reading-time\" style=\"display: block;\"><span class=\"rt-label rt-prefix\">tempo de leitura:<\/span> <span class=\"rt-time\"> 2<\/span> <span class=\"rt-label rt-postfix\">minutos<\/span><\/span>A ADICES \u2013 Associa\u00e7\u00e3o de Desenvolvimento Local, anunciou esta semana que recepcionou candidaturas relativas \u00e0 medida 10.2.1.6 \u201cRenova\u00e7\u00e3o de Aldeias\u201d cujo investimento previsto ascende a <a class=\"mh-excerpt-more\" href=\"http:\/\/obeirao.pt\/online\/2020\/05\/06\/adices-analisa-candidaturas-de-mais-de-1-milhao-de-euros-para-renovacao-de-aldeias\/\" title=\"ADICES ANALISA CANDIDATURAS DE MAIS DE 1 MILH\u00c3O DE EUROS PARA RENOVA\u00c7\u00c3O DE ALDEIAS\">[&#8230;]<\/a><\/div>\n","protected":false},"author":2,"featured_media":5211,"comment_status":"closed","ping_status":"open","sticky":false,"template":"","format":"standard","meta":{"footnotes":""},"categories":[2,5,4,63],"tags":[],"class_list":["post-5210","post","type-post","status-publish","format-standard","has-post-thumbnail","hentry","category-principal","category-cidade","category-regiao","category-tondela"],"yoast_head":"<!-- This site is optimized with the Yoast SEO plugin v27.4 - https:\/\/yoast.com\/product\/yoast-seo-wordpress\/ -->\n<title>ADICES ANALISA CANDIDATURAS DE MAIS DE 1 MILH\u00c3O DE EUROS PARA RENOVA\u00c7\u00c3O DE ALDEIAS - Beir\u00e3o Online<\/title>\n<meta name=\"robots\" content=\"index, follow, max-snippet:-1, max-image-preview:large, max-video-preview:-1\" \/>\n<link rel=\"canonical\" href=\"https:\/\/obeirao.pt\/online\/2020\/05\/06\/adices-analisa-candidaturas-de-mais-de-1-milhao-de-euros-para-renovacao-de-aldeias\/\" \/>\n<meta property=\"og:locale\" content=\"pt_PT\" \/>\n<meta property=\"og:type\" content=\"article\" \/>\n<meta property=\"og:title\" content=\"ADICES ANALISA CANDIDATURAS DE MAIS DE 1 MILH\u00c3O DE EUROS PARA RENOVA\u00c7\u00c3O DE ALDEIAS - Beir\u00e3o Online\" \/>\n<meta property=\"og:description\" content=\"tempo de leitura: 2 minutosA ADICES \u2013 Associa\u00e7\u00e3o de Desenvolvimento Local, anunciou esta semana que recepcionou candidaturas relativas \u00e0 medida 10.2.1.6 \u201cRenova\u00e7\u00e3o de Aldeias\u201d cujo investimento previsto ascende a [...]\" \/>\n<meta property=\"og:url\" content=\"https:\/\/obeirao.pt\/online\/2020\/05\/06\/adices-analisa-candidaturas-de-mais-de-1-milhao-de-euros-para-renovacao-de-aldeias\/\" \/>\n<meta property=\"og:site_name\" content=\"Beir\u00e3o Online\" \/>\n<meta property=\"article:publisher\" content=\"https:\/\/pt-br.facebook.com\/pages\/Amigos-de-Tondela\/273620439973877\" \/>\n<meta property=\"article:published_time\" content=\"2020-05-06T13:11:17+00:00\" \/>\n<meta property=\"article:modified_time\" content=\"2020-05-06T14:19:31+00:00\" \/>\n<meta property=\"og:image\" content=\"https:\/\/obeirao.pt\/online\/wp-content\/uploads\/2020\/05\/JUEUS-3.jpg\" \/>\n\t<meta property=\"og:image:width\" content=\"505\" \/>\n\t<meta property=\"og:image:height\" content=\"323\" \/>\n\t<meta property=\"og:image:type\" content=\"image\/jpeg\" \/>\n<meta name=\"author\" content=\"Z\u00e9 Beir\u00e3o\" \/>\n<meta name=\"twitter:card\" content=\"summary_large_image\" \/>\n<meta name=\"twitter:creator\" content=\"@JoaquimDuarteP2\" \/>\n<meta name=\"twitter:site\" content=\"@JoaquimDuarteP2\" \/>\n<meta name=\"twitter:label1\" content=\"Escrito por\" \/>\n\t<meta name=\"twitter:data1\" content=\"Z\u00e9 Beir\u00e3o\" \/>\n\t<meta name=\"twitter:label2\" content=\"Tempo estimado de leitura\" \/>\n\t<meta name=\"twitter:data2\" content=\"2 minutos\" \/>\n<script type=\"application\/ld+json\" class=\"yoast-schema-graph\">{\"@context\":\"https:\\\/\\\/schema.org\",\"@graph\":[{\"@type\":\"Article\",\"@id\":\"https:\\\/\\\/obeirao.pt\\\/online\\\/2020\\\/05\\\/06\\\/adices-analisa-candidaturas-de-mais-de-1-milhao-de-euros-para-renovacao-de-aldeias\\\/#article\",\"isPartOf\":{\"@id\":\"https:\\\/\\\/obeirao.pt\\\/online\\\/2020\\\/05\\\/06\\\/adices-analisa-candidaturas-de-mais-de-1-milhao-de-euros-para-renovacao-de-aldeias\\\/\"},\"author\":{\"name\":\"Z\u00e9 Beir\u00e3o\",\"@id\":\"http:\\\/\\\/obeirao.pt\\\/online\\\/#\\\/schema\\\/person\\\/efac69bb5a33873e1c1bb9c1165ff38c\"},\"headline\":\"ADICES ANALISA CANDIDATURAS DE MAIS DE 1 MILH\u00c3O DE EUROS PARA RENOVA\u00c7\u00c3O DE ALDEIAS\",\"datePublished\":\"2020-05-06T13:11:17+00:00\",\"dateModified\":\"2020-05-06T14:19:31+00:00\",\"mainEntityOfPage\":{\"@id\":\"https:\\\/\\\/obeirao.pt\\\/online\\\/2020\\\/05\\\/06\\\/adices-analisa-candidaturas-de-mais-de-1-milhao-de-euros-para-renovacao-de-aldeias\\\/\"},\"wordCount\":419,\"image\":{\"@id\":\"https:\\\/\\\/obeirao.pt\\\/online\\\/2020\\\/05\\\/06\\\/adices-analisa-candidaturas-de-mais-de-1-milhao-de-euros-para-renovacao-de-aldeias\\\/#primaryimage\"},\"thumbnailUrl\":\"http:\\\/\\\/obeirao.pt\\\/online\\\/wp-content\\\/uploads\\\/2020\\\/05\\\/JUEUS-3.jpg\",\"articleSection\":[\"_Principal\",\"Cidade\",\"Regi\u00e3o\",\"Tondela\"],\"inLanguage\":\"pt-PT\"},{\"@type\":\"WebPage\",\"@id\":\"https:\\\/\\\/obeirao.pt\\\/online\\\/2020\\\/05\\\/06\\\/adices-analisa-candidaturas-de-mais-de-1-milhao-de-euros-para-renovacao-de-aldeias\\\/\",\"url\":\"https:\\\/\\\/obeirao.pt\\\/online\\\/2020\\\/05\\\/06\\\/adices-analisa-candidaturas-de-mais-de-1-milhao-de-euros-para-renovacao-de-aldeias\\\/\",\"name\":\"ADICES ANALISA CANDIDATURAS DE MAIS DE 1 MILH\u00c3O DE EUROS PARA RENOVA\u00c7\u00c3O DE ALDEIAS - Beir\u00e3o Online\",\"isPartOf\":{\"@id\":\"http:\\\/\\\/obeirao.pt\\\/online\\\/#website\"},\"primaryImageOfPage\":{\"@id\":\"https:\\\/\\\/obeirao.pt\\\/online\\\/2020\\\/05\\\/06\\\/adices-analisa-candidaturas-de-mais-de-1-milhao-de-euros-para-renovacao-de-aldeias\\\/#primaryimage\"},\"image\":{\"@id\":\"https:\\\/\\\/obeirao.pt\\\/online\\\/2020\\\/05\\\/06\\\/adices-analisa-candidaturas-de-mais-de-1-milhao-de-euros-para-renovacao-de-aldeias\\\/#primaryimage\"},\"thumbnailUrl\":\"http:\\\/\\\/obeirao.pt\\\/online\\\/wp-content\\\/uploads\\\/2020\\\/05\\\/JUEUS-3.jpg\",\"datePublished\":\"2020-05-06T13:11:17+00:00\",\"dateModified\":\"2020-05-06T14:19:31+00:00\",\"author\":{\"@id\":\"http:\\\/\\\/obeirao.pt\\\/online\\\/#\\\/schema\\\/person\\\/efac69bb5a33873e1c1bb9c1165ff38c\"},\"breadcrumb\":{\"@id\":\"https:\\\/\\\/obeirao.pt\\\/online\\\/2020\\\/05\\\/06\\\/adices-analisa-candidaturas-de-mais-de-1-milhao-de-euros-para-renovacao-de-aldeias\\\/#breadcrumb\"},\"inLanguage\":\"pt-PT\",\"potentialAction\":[{\"@type\":\"ReadAction\",\"target\":[\"https:\\\/\\\/obeirao.pt\\\/online\\\/2020\\\/05\\\/06\\\/adices-analisa-candidaturas-de-mais-de-1-milhao-de-euros-para-renovacao-de-aldeias\\\/\"]}]},{\"@type\":\"ImageObject\",\"inLanguage\":\"pt-PT\",\"@id\":\"https:\\\/\\\/obeirao.pt\\\/online\\\/2020\\\/05\\\/06\\\/adices-analisa-candidaturas-de-mais-de-1-milhao-de-euros-para-renovacao-de-aldeias\\\/#primaryimage\",\"url\":\"http:\\\/\\\/obeirao.pt\\\/online\\\/wp-content\\\/uploads\\\/2020\\\/05\\\/JUEUS-3.jpg\",\"contentUrl\":\"http:\\\/\\\/obeirao.pt\\\/online\\\/wp-content\\\/uploads\\\/2020\\\/05\\\/JUEUS-3.jpg\",\"width\":505,\"height\":323},{\"@type\":\"BreadcrumbList\",\"@id\":\"https:\\\/\\\/obeirao.pt\\\/online\\\/2020\\\/05\\\/06\\\/adices-analisa-candidaturas-de-mais-de-1-milhao-de-euros-para-renovacao-de-aldeias\\\/#breadcrumb\",\"itemListElement\":[{\"@type\":\"ListItem\",\"position\":1,\"name\":\"Home\",\"item\":\"http:\\\/\\\/obeirao.pt\\\/online\\\/\"},{\"@type\":\"ListItem\",\"position\":2,\"name\":\"ADICES ANALISA CANDIDATURAS DE MAIS DE 1 MILH\u00c3O DE EUROS PARA RENOVA\u00c7\u00c3O DE ALDEIAS\"}]},{\"@type\":\"WebSite\",\"@id\":\"http:\\\/\\\/obeirao.pt\\\/online\\\/#website\",\"url\":\"http:\\\/\\\/obeirao.pt\\\/online\\\/\",\"name\":\"Beir\u00e3o Online\",\"description\":\"www.obeirao.pt\",\"potentialAction\":[{\"@type\":\"SearchAction\",\"target\":{\"@type\":\"EntryPoint\",\"urlTemplate\":\"http:\\\/\\\/obeirao.pt\\\/online\\\/?s={search_term_string}\"},\"query-input\":{\"@type\":\"PropertyValueSpecification\",\"valueRequired\":true,\"valueName\":\"search_term_string\"}}],\"inLanguage\":\"pt-PT\"},{\"@type\":\"Person\",\"@id\":\"http:\\\/\\\/obeirao.pt\\\/online\\\/#\\\/schema\\\/person\\\/efac69bb5a33873e1c1bb9c1165ff38c\",\"name\":\"Z\u00e9 Beir\u00e3o\",\"image\":{\"@type\":\"ImageObject\",\"inLanguage\":\"pt-PT\",\"@id\":\"http:\\\/\\\/0.gravatar.com\\\/avatar\\\/c8c44d1f9327baa4d27e9b1149cd71b3?s=96&d=mm&r=g\",\"url\":\"http:\\\/\\\/0.gravatar.com\\\/avatar\\\/c8c44d1f9327baa4d27e9b1149cd71b3?s=96&d=mm&r=g\",\"contentUrl\":\"http:\\\/\\\/0.gravatar.com\\\/avatar\\\/c8c44d1f9327baa4d27e9b1149cd71b3?s=96&d=mm&r=g\",\"caption\":\"Z\u00e9 Beir\u00e3o\"},\"url\":\"http:\\\/\\\/obeirao.pt\\\/online\\\/author\\\/zebeirao\\\/\"}]}<\/script>\n<!-- \/ Yoast SEO plugin. -->","yoast_head_json":{"title":"ADICES ANALISA CANDIDATURAS DE MAIS DE 1 MILH\u00c3O DE EUROS PARA RENOVA\u00c7\u00c3O DE ALDEIAS - Beir\u00e3o Online","robots":{"index":"index","follow":"follow","max-snippet":"max-snippet:-1","max-image-preview":"max-image-preview:large","max-video-preview":"max-video-preview:-1"},"canonical":"https:\/\/obeirao.pt\/online\/2020\/05\/06\/adices-analisa-candidaturas-de-mais-de-1-milhao-de-euros-para-renovacao-de-aldeias\/","og_locale":"pt_PT","og_type":"article","og_title":"ADICES ANALISA CANDIDATURAS DE MAIS DE 1 MILH\u00c3O DE EUROS PARA RENOVA\u00c7\u00c3O DE ALDEIAS - Beir\u00e3o Online","og_description":"tempo de leitura: 2 minutosA ADICES \u2013 Associa\u00e7\u00e3o de Desenvolvimento Local, anunciou esta semana que recepcionou candidaturas relativas \u00e0 medida 10.2.1.6 \u201cRenova\u00e7\u00e3o de Aldeias\u201d cujo investimento previsto ascende a [...]","og_url":"https:\/\/obeirao.pt\/online\/2020\/05\/06\/adices-analisa-candidaturas-de-mais-de-1-milhao-de-euros-para-renovacao-de-aldeias\/","og_site_name":"Beir\u00e3o Online","article_publisher":"https:\/\/pt-br.facebook.com\/pages\/Amigos-de-Tondela\/273620439973877","article_published_time":"2020-05-06T13:11:17+00:00","article_modified_time":"2020-05-06T14:19:31+00:00","og_image":[{"width":505,"height":323,"url":"https:\/\/obeirao.pt\/online\/wp-content\/uploads\/2020\/05\/JUEUS-3.jpg","type":"image\/jpeg"}],"author":"Z\u00e9 Beir\u00e3o","twitter_card":"summary_large_image","twitter_creator":"@JoaquimDuarteP2","twitter_site":"@JoaquimDuarteP2","twitter_misc":{"Escrito por":"Z\u00e9 Beir\u00e3o","Tempo estimado de leitura":"2 minutos"},"schema":{"@context":"https:\/\/schema.org","@graph":[{"@type":"Article","@id":"https:\/\/obeirao.pt\/online\/2020\/05\/06\/adices-analisa-candidaturas-de-mais-de-1-milhao-de-euros-para-renovacao-de-aldeias\/#article","isPartOf":{"@id":"https:\/\/obeirao.pt\/online\/2020\/05\/06\/adices-analisa-candidaturas-de-mais-de-1-milhao-de-euros-para-renovacao-de-aldeias\/"},"author":{"name":"Z\u00e9 Beir\u00e3o","@id":"http:\/\/obeirao.pt\/online\/#\/schema\/person\/efac69bb5a33873e1c1bb9c1165ff38c"},"headline":"ADICES ANALISA CANDIDATURAS DE MAIS DE 1 MILH\u00c3O DE EUROS PARA RENOVA\u00c7\u00c3O DE ALDEIAS","datePublished":"2020-05-06T13:11:17+00:00","dateModified":"2020-05-06T14:19:31+00:00","mainEntityOfPage":{"@id":"https:\/\/obeirao.pt\/online\/2020\/05\/06\/adices-analisa-candidaturas-de-mais-de-1-milhao-de-euros-para-renovacao-de-aldeias\/"},"wordCount":419,"image":{"@id":"https:\/\/obeirao.pt\/online\/2020\/05\/06\/adices-analisa-candidaturas-de-mais-de-1-milhao-de-euros-para-renovacao-de-aldeias\/#primaryimage"},"thumbnailUrl":"http:\/\/obeirao.pt\/online\/wp-content\/uploads\/2020\/05\/JUEUS-3.jpg","articleSection":["_Principal","Cidade","Regi\u00e3o","Tondela"],"inLanguage":"pt-PT"},{"@type":"WebPage","@id":"https:\/\/obeirao.pt\/online\/2020\/05\/06\/adices-analisa-candidaturas-de-mais-de-1-milhao-de-euros-para-renovacao-de-aldeias\/","url":"https:\/\/obeirao.pt\/online\/2020\/05\/06\/adices-analisa-candidaturas-de-mais-de-1-milhao-de-euros-para-renovacao-de-aldeias\/","name":"ADICES ANALISA CANDIDATURAS DE MAIS DE 1 MILH\u00c3O DE EUROS PARA RENOVA\u00c7\u00c3O DE ALDEIAS - Beir\u00e3o Online","isPartOf":{"@id":"http:\/\/obeirao.pt\/online\/#website"},"primaryImageOfPage":{"@id":"https:\/\/obeirao.pt\/online\/2020\/05\/06\/adices-analisa-candidaturas-de-mais-de-1-milhao-de-euros-para-renovacao-de-aldeias\/#primaryimage"},"image":{"@id":"https:\/\/obeirao.pt\/online\/2020\/05\/06\/adices-analisa-candidaturas-de-mais-de-1-milhao-de-euros-para-renovacao-de-aldeias\/#primaryimage"},"thumbnailUrl":"http:\/\/obeirao.pt\/online\/wp-content\/uploads\/2020\/05\/JUEUS-3.jpg","datePublished":"2020-05-06T13:11:17+00:00","dateModified":"2020-05-06T14:19:31+00:00","author":{"@id":"http:\/\/obeirao.pt\/online\/#\/schema\/person\/efac69bb5a33873e1c1bb9c1165ff38c"},"breadcrumb":{"@id":"https:\/\/obeirao.pt\/online\/2020\/05\/06\/adices-analisa-candidaturas-de-mais-de-1-milhao-de-euros-para-renovacao-de-aldeias\/#breadcrumb"},"inLanguage":"pt-PT","potentialAction":[{"@type":"ReadAction","target":["https:\/\/obeirao.pt\/online\/2020\/05\/06\/adices-analisa-candidaturas-de-mais-de-1-milhao-de-euros-para-renovacao-de-aldeias\/"]}]},{"@type":"ImageObject","inLanguage":"pt-PT","@id":"https:\/\/obeirao.pt\/online\/2020\/05\/06\/adices-analisa-candidaturas-de-mais-de-1-milhao-de-euros-para-renovacao-de-aldeias\/#primaryimage","url":"http:\/\/obeirao.pt\/online\/wp-content\/uploads\/2020\/05\/JUEUS-3.jpg","contentUrl":"http:\/\/obeirao.pt\/online\/wp-content\/uploads\/2020\/05\/JUEUS-3.jpg","width":505,"height":323},{"@type":"BreadcrumbList","@id":"https:\/\/obeirao.pt\/online\/2020\/05\/06\/adices-analisa-candidaturas-de-mais-de-1-milhao-de-euros-para-renovacao-de-aldeias\/#breadcrumb","itemListElement":[{"@type":"ListItem","position":1,"name":"Home","item":"http:\/\/obeirao.pt\/online\/"},{"@type":"ListItem","position":2,"name":"ADICES ANALISA CANDIDATURAS DE MAIS DE 1 MILH\u00c3O DE EUROS PARA RENOVA\u00c7\u00c3O DE ALDEIAS"}]},{"@type":"WebSite","@id":"http:\/\/obeirao.pt\/online\/#website","url":"http:\/\/obeirao.pt\/online\/","name":"Beir\u00e3o Online","description":"www.obeirao.pt","potentialAction":[{"@type":"SearchAction","target":{"@type":"EntryPoint","urlTemplate":"http:\/\/obeirao.pt\/online\/?s={search_term_string}"},"query-input":{"@type":"PropertyValueSpecification","valueRequired":true,"valueName":"search_term_string"}}],"inLanguage":"pt-PT"},{"@type":"Person","@id":"http:\/\/obeirao.pt\/online\/#\/schema\/person\/efac69bb5a33873e1c1bb9c1165ff38c","name":"Z\u00e9 Beir\u00e3o","image":{"@type":"ImageObject","inLanguage":"pt-PT","@id":"http:\/\/0.gravatar.com\/avatar\/c8c44d1f9327baa4d27e9b1149cd71b3?s=96&d=mm&r=g","url":"http:\/\/0.gravatar.com\/avatar\/c8c44d1f9327baa4d27e9b1149cd71b3?s=96&d=mm&r=g","contentUrl":"http:\/\/0.gravatar.com\/avatar\/c8c44d1f9327baa4d27e9b1149cd71b3?s=96&d=mm&r=g","caption":"Z\u00e9 Beir\u00e3o"},"url":"http:\/\/obeirao.pt\/online\/author\/zebeirao\/"}]}},"_links":{"self":[{"href":"http:\/\/obeirao.pt\/online\/wp-json\/wp\/v2\/posts\/5210"}],"collection":[{"href":"http:\/\/obeirao.pt\/online\/wp-json\/wp\/v2\/posts"}],"about":[{"href":"http:\/\/obeirao.pt\/online\/wp-json\/wp\/v2\/types\/post"}],"author":[{"embeddable":true,"href":"http:\/\/obeirao.pt\/online\/wp-json\/wp\/v2\/users\/2"}],"replies":[{"embeddable":true,"href":"http:\/\/obeirao.pt\/online\/wp-json\/wp\/v2\/comments?post=5210"}],"version-history":[{"count":4,"href":"http:\/\/obeirao.pt\/online\/wp-json\/wp\/v2\/posts\/5210\/revisions"}],"predecessor-version":[{"id":5217,"href":"http:\/\/obeirao.pt\/online\/wp-json\/wp\/v2\/posts\/5210\/revisions\/5217"}],"wp:featuredmedia":[{"embeddable":true,"href":"http:\/\/obeirao.pt\/online\/wp-json\/wp\/v2\/media\/5211"}],"wp:attachment":[{"href":"http:\/\/obeirao.pt\/online\/wp-json\/wp\/v2\/media?parent=5210"}],"wp:term":[{"taxonomy":"category","embeddable":true,"href":"http:\/\/obeirao.pt\/online\/wp-json\/wp\/v2\/categories?post=5210"},{"taxonomy":"post_tag","embeddable":true,"href":"http:\/\/obeirao.pt\/online\/wp-json\/wp\/v2\/tags?post=5210"}],"curies":[{"name":"wp","href":"https:\/\/api.w.org\/{rel}","templated":true}]}}