{"id":526,"date":"2016-07-28T17:16:05","date_gmt":"2016-07-28T16:16:05","guid":{"rendered":"http:\/\/obeirao.pt\/online\/?p=526"},"modified":"2021-03-18T10:10:34","modified_gmt":"2021-03-18T10:10:34","slug":"pj-detem-homem-que-impediu-abastecimento-de-agua-para-combate-a-incendio","status":"publish","type":"post","link":"http:\/\/obeirao.pt\/online\/2016\/07\/28\/pj-detem-homem-que-impediu-abastecimento-de-agua-para-combate-a-incendio\/","title":{"rendered":"PJ det\u00e9m homem que impediu abastecimento de \u00e1gua para combate a inc\u00eandio"},"content":{"rendered":"<span class=\"span-reading-time rt-reading-time\" style=\"display: block;\"><span class=\"rt-label rt-prefix\">tempo de leitura:<\/span> <span class=\"rt-time\"> 2<\/span> <span class=\"rt-label rt-postfix\">minutos<\/span><\/span><p style=\"text-align: justify;\"><strong><span style=\"font-size: 14pt;\">Suspeito ter\u00e1 usado uma espingarda ca\u00e7adeira para impedir que Protec\u00e7\u00e3o Civil usasse dois tanques de \u00e1gua na sua propriedade<\/span><\/strong><\/p>\n<p style=\"text-align: justify;\"><img loading=\"lazy\" decoding=\"async\" class=\"aligncenter size-full wp-image-527\" src=\"http:\/\/obeirao.pt\/online\/wp-content\/uploads\/2018\/02\/708546.jpg\" alt=\"\" width=\"749\" height=\"444\" srcset=\"http:\/\/obeirao.pt\/online\/wp-content\/uploads\/2018\/02\/708546.jpg 749w, http:\/\/obeirao.pt\/online\/wp-content\/uploads\/2018\/02\/708546-300x178.jpg 300w\" sizes=\"(max-width: 749px) 100vw, 749px\" \/>A Pol\u00edcia Judici\u00e1ria (PJ) anunciou nesta quarta-feira a deten\u00e7\u00e3o de um homem de 52 anos que ter\u00e1 impedido o abastecimento de \u00e1gua a um helic\u00f3ptero que combatia um inc\u00eandio florestal na zona de Lamego.<\/p>\n<p style=\"text-align: justify;\">&#8220;Os factos ocorreram no dia 17 de Julho de 2016, cerca das 19h20, na freguesia de Vila Nova de Souto d\u2019El-Rei, em Lamego, tendo o arguido, mediante a amea\u00e7a de arma de fogo \u2014 espingarda ca\u00e7adeira \u2014, impedido o abastecimento de \u00e1gua a um helic\u00f3ptero do Centro de Meios A\u00e9reos de Armamar em dois tanques da sua propriedade, situada pr\u00f3xima da \u00e1rea ardida\u201d, revela a pol\u00edcia num comunicado da Unidade Local de Investiga\u00e7\u00e3o Criminal de Vila Real.<\/p>\n<p style=\"text-align: justify;\">A nota especifica que o suspeito est\u00e1 \u201cfortemente indiciado pela pr\u00e1tica de crime de inc\u00eandio florestal\u201d, um il\u00edcito previsto no artigo 274.\u00ba do C\u00f3digo Penal. O n\u00famero 8 do respectivo artigo prev\u00ea que \u201cquem impedir o combate aos inc\u00eandios&#8221; \u00e9 punido com &#8220;pena de pris\u00e3o de um a oito anos\u201d.<\/p>\n<p style=\"text-align: justify;\">O homem, manobrador de m\u00e1quinas, vai ser presente a um juiz de instru\u00e7\u00e3o, que lhe ir\u00e1 aplicar as medidas de coac\u00e7\u00e3o que considerar adequadas.<\/p>\n<p style=\"text-align: justify;\">A Lei de Bases da Protec\u00e7\u00e3o Civil determina ainda que &#8220;todos os cidad\u00e3os e demais entidades privadas est\u00e3o obrigados, na \u00e1rea abrangida, a prestar \u00e0s autoridades de protec\u00e7\u00e3o civil a colabora\u00e7\u00e3o pessoal que lhes for requerida, respeitando as ordens e orienta\u00e7\u00f5es que lhes forem dirigidas e correspondendo \u00e0s respectivas solicita\u00e7\u00f5es&#8221;. Ao recusar cumprir essas orienta\u00e7\u00f5es, o cidad\u00e3o incorre num crime de desobedi\u00eancia.<\/p>\n<p style=\"text-align: justify;\">Esta quarta-feira, a PJ anunciou a deten\u00e7\u00e3o de mais um suspeito que ter\u00e1 ateado um inc\u00eandio florestal na madrugada de ontem em Vila Nova de Famalic\u00e3o. Trata-se de um oper\u00e1rio fabril de 56 anos que ter\u00e1 atirado &#8220;peda\u00e7os de madeira incandescentes&#8221; para terrenos anexos a uma zona habitacional. As casas e v\u00e1rias viaturas ali estacionadas s\u00f3 n\u00e3o foram afectadas &#8220;dada a pronta interven\u00e7\u00e3o dos bombeiros&#8221;.<\/p>\n<p style=\"text-align: justify;\">Desde o in\u00edcio do ano, a PJ deteve 17 pessoas pela autoria do crime de inc\u00eandio florestal.<\/p>\n","protected":false},"excerpt":{"rendered":"<div class=\"mh-excerpt\"><span class=\"span-reading-time rt-reading-time\" style=\"display: block;\"><span class=\"rt-label rt-prefix\">tempo de leitura:<\/span> <span class=\"rt-time\"> 2<\/span> <span class=\"rt-label rt-postfix\">minutos<\/span><\/span>Suspeito ter\u00e1 usado uma espingarda ca\u00e7adeira para impedir que Protec\u00e7\u00e3o Civil usasse dois tanques de \u00e1gua na sua propriedade A Pol\u00edcia Judici\u00e1ria (PJ) anunciou nesta <a class=\"mh-excerpt-more\" href=\"http:\/\/obeirao.pt\/online\/2016\/07\/28\/pj-detem-homem-que-impediu-abastecimento-de-agua-para-combate-a-incendio\/\" title=\"PJ det\u00e9m homem que impediu abastecimento de \u00e1gua para combate a inc\u00eandio\">[&#8230;]<\/a><\/div>\n","protected":false},"author":2,"featured_media":527,"comment_status":"closed","ping_status":"closed","sticky":false,"template":"","format":"standard","meta":{"footnotes":""},"categories":[209],"tags":[85],"class_list":["post-526","post","type-post","status-publish","format-standard","has-post-thumbnail","hentry","category-lamego-comunidade-intermunicipal-do-douro","tag-mariana-oliveira-publico"],"yoast_head":"<!-- This site is optimized with the Yoast SEO plugin v27.4 - https:\/\/yoast.com\/product\/yoast-seo-wordpress\/ -->\n<title>PJ det\u00e9m homem que impediu abastecimento de \u00e1gua para combate a inc\u00eandio - Beir\u00e3o Online<\/title>\n<meta name=\"robots\" content=\"index, follow, max-snippet:-1, max-image-preview:large, max-video-preview:-1\" \/>\n<link rel=\"canonical\" href=\"http:\/\/obeirao.pt\/online\/2016\/07\/28\/pj-detem-homem-que-impediu-abastecimento-de-agua-para-combate-a-incendio\/\" \/>\n<meta property=\"og:locale\" content=\"pt_PT\" \/>\n<meta property=\"og:type\" content=\"article\" \/>\n<meta property=\"og:title\" content=\"PJ det\u00e9m homem que impediu abastecimento de \u00e1gua para combate a inc\u00eandio - Beir\u00e3o Online\" \/>\n<meta property=\"og:description\" content=\"tempo de leitura: 2 minutosSuspeito ter\u00e1 usado uma espingarda ca\u00e7adeira para impedir que Protec\u00e7\u00e3o Civil usasse dois tanques de \u00e1gua na sua propriedade A Pol\u00edcia Judici\u00e1ria (PJ) anunciou nesta [...]\" \/>\n<meta property=\"og:url\" content=\"http:\/\/obeirao.pt\/online\/2016\/07\/28\/pj-detem-homem-que-impediu-abastecimento-de-agua-para-combate-a-incendio\/\" \/>\n<meta property=\"og:site_name\" content=\"Beir\u00e3o Online\" \/>\n<meta property=\"article:publisher\" content=\"https:\/\/pt-br.facebook.com\/pages\/Amigos-de-Tondela\/273620439973877\" \/>\n<meta property=\"article:published_time\" content=\"2016-07-28T16:16:05+00:00\" \/>\n<meta property=\"article:modified_time\" content=\"2021-03-18T10:10:34+00:00\" \/>\n<meta property=\"og:image\" content=\"http:\/\/obeirao.pt\/online\/wp-content\/uploads\/2018\/02\/708546.jpg\" \/>\n\t<meta property=\"og:image:width\" content=\"749\" \/>\n\t<meta property=\"og:image:height\" content=\"444\" \/>\n\t<meta property=\"og:image:type\" content=\"image\/jpeg\" \/>\n<meta name=\"author\" content=\"Z\u00e9 Beir\u00e3o\" \/>\n<meta name=\"twitter:card\" content=\"summary_large_image\" \/>\n<meta name=\"twitter:creator\" content=\"@JoaquimDuarteP2\" \/>\n<meta name=\"twitter:site\" content=\"@JoaquimDuarteP2\" \/>\n<meta name=\"twitter:label1\" content=\"Escrito por\" \/>\n\t<meta name=\"twitter:data1\" content=\"Z\u00e9 Beir\u00e3o\" \/>\n\t<meta name=\"twitter:label2\" content=\"Tempo estimado de leitura\" \/>\n\t<meta name=\"twitter:data2\" content=\"2 minutos\" \/>\n<script type=\"application\/ld+json\" class=\"yoast-schema-graph\">{\"@context\":\"https:\\\/\\\/schema.org\",\"@graph\":[{\"@type\":\"Article\",\"@id\":\"http:\\\/\\\/obeirao.pt\\\/online\\\/2016\\\/07\\\/28\\\/pj-detem-homem-que-impediu-abastecimento-de-agua-para-combate-a-incendio\\\/#article\",\"isPartOf\":{\"@id\":\"http:\\\/\\\/obeirao.pt\\\/online\\\/2016\\\/07\\\/28\\\/pj-detem-homem-que-impediu-abastecimento-de-agua-para-combate-a-incendio\\\/\"},\"author\":{\"name\":\"Z\u00e9 Beir\u00e3o\",\"@id\":\"http:\\\/\\\/obeirao.pt\\\/online\\\/#\\\/schema\\\/person\\\/efac69bb5a33873e1c1bb9c1165ff38c\"},\"headline\":\"PJ det\u00e9m homem que impediu abastecimento de \u00e1gua para combate a inc\u00eandio\",\"datePublished\":\"2016-07-28T16:16:05+00:00\",\"dateModified\":\"2021-03-18T10:10:34+00:00\",\"mainEntityOfPage\":{\"@id\":\"http:\\\/\\\/obeirao.pt\\\/online\\\/2016\\\/07\\\/28\\\/pj-detem-homem-que-impediu-abastecimento-de-agua-para-combate-a-incendio\\\/\"},\"wordCount\":397,\"image\":{\"@id\":\"http:\\\/\\\/obeirao.pt\\\/online\\\/2016\\\/07\\\/28\\\/pj-detem-homem-que-impediu-abastecimento-de-agua-para-combate-a-incendio\\\/#primaryimage\"},\"thumbnailUrl\":\"http:\\\/\\\/obeirao.pt\\\/online\\\/wp-content\\\/uploads\\\/2018\\\/02\\\/708546.jpg\",\"keywords\":[\"Mariana Oliveira (P\u00fablico)\"],\"articleSection\":[\"Lamego\"],\"inLanguage\":\"pt-PT\"},{\"@type\":\"WebPage\",\"@id\":\"http:\\\/\\\/obeirao.pt\\\/online\\\/2016\\\/07\\\/28\\\/pj-detem-homem-que-impediu-abastecimento-de-agua-para-combate-a-incendio\\\/\",\"url\":\"http:\\\/\\\/obeirao.pt\\\/online\\\/2016\\\/07\\\/28\\\/pj-detem-homem-que-impediu-abastecimento-de-agua-para-combate-a-incendio\\\/\",\"name\":\"PJ det\u00e9m homem que impediu abastecimento de \u00e1gua para combate a inc\u00eandio - Beir\u00e3o Online\",\"isPartOf\":{\"@id\":\"http:\\\/\\\/obeirao.pt\\\/online\\\/#website\"},\"primaryImageOfPage\":{\"@id\":\"http:\\\/\\\/obeirao.pt\\\/online\\\/2016\\\/07\\\/28\\\/pj-detem-homem-que-impediu-abastecimento-de-agua-para-combate-a-incendio\\\/#primaryimage\"},\"image\":{\"@id\":\"http:\\\/\\\/obeirao.pt\\\/online\\\/2016\\\/07\\\/28\\\/pj-detem-homem-que-impediu-abastecimento-de-agua-para-combate-a-incendio\\\/#primaryimage\"},\"thumbnailUrl\":\"http:\\\/\\\/obeirao.pt\\\/online\\\/wp-content\\\/uploads\\\/2018\\\/02\\\/708546.jpg\",\"datePublished\":\"2016-07-28T16:16:05+00:00\",\"dateModified\":\"2021-03-18T10:10:34+00:00\",\"author\":{\"@id\":\"http:\\\/\\\/obeirao.pt\\\/online\\\/#\\\/schema\\\/person\\\/efac69bb5a33873e1c1bb9c1165ff38c\"},\"breadcrumb\":{\"@id\":\"http:\\\/\\\/obeirao.pt\\\/online\\\/2016\\\/07\\\/28\\\/pj-detem-homem-que-impediu-abastecimento-de-agua-para-combate-a-incendio\\\/#breadcrumb\"},\"inLanguage\":\"pt-PT\",\"potentialAction\":[{\"@type\":\"ReadAction\",\"target\":[\"http:\\\/\\\/obeirao.pt\\\/online\\\/2016\\\/07\\\/28\\\/pj-detem-homem-que-impediu-abastecimento-de-agua-para-combate-a-incendio\\\/\"]}]},{\"@type\":\"ImageObject\",\"inLanguage\":\"pt-PT\",\"@id\":\"http:\\\/\\\/obeirao.pt\\\/online\\\/2016\\\/07\\\/28\\\/pj-detem-homem-que-impediu-abastecimento-de-agua-para-combate-a-incendio\\\/#primaryimage\",\"url\":\"http:\\\/\\\/obeirao.pt\\\/online\\\/wp-content\\\/uploads\\\/2018\\\/02\\\/708546.jpg\",\"contentUrl\":\"http:\\\/\\\/obeirao.pt\\\/online\\\/wp-content\\\/uploads\\\/2018\\\/02\\\/708546.jpg\",\"width\":749,\"height\":444},{\"@type\":\"BreadcrumbList\",\"@id\":\"http:\\\/\\\/obeirao.pt\\\/online\\\/2016\\\/07\\\/28\\\/pj-detem-homem-que-impediu-abastecimento-de-agua-para-combate-a-incendio\\\/#breadcrumb\",\"itemListElement\":[{\"@type\":\"ListItem\",\"position\":1,\"name\":\"Home\",\"item\":\"http:\\\/\\\/obeirao.pt\\\/online\\\/\"},{\"@type\":\"ListItem\",\"position\":2,\"name\":\"PJ det\u00e9m homem que impediu abastecimento de \u00e1gua para combate a inc\u00eandio\"}]},{\"@type\":\"WebSite\",\"@id\":\"http:\\\/\\\/obeirao.pt\\\/online\\\/#website\",\"url\":\"http:\\\/\\\/obeirao.pt\\\/online\\\/\",\"name\":\"Beir\u00e3o Online\",\"description\":\"www.obeirao.pt\",\"potentialAction\":[{\"@type\":\"SearchAction\",\"target\":{\"@type\":\"EntryPoint\",\"urlTemplate\":\"http:\\\/\\\/obeirao.pt\\\/online\\\/?s={search_term_string}\"},\"query-input\":{\"@type\":\"PropertyValueSpecification\",\"valueRequired\":true,\"valueName\":\"search_term_string\"}}],\"inLanguage\":\"pt-PT\"},{\"@type\":\"Person\",\"@id\":\"http:\\\/\\\/obeirao.pt\\\/online\\\/#\\\/schema\\\/person\\\/efac69bb5a33873e1c1bb9c1165ff38c\",\"name\":\"Z\u00e9 Beir\u00e3o\",\"image\":{\"@type\":\"ImageObject\",\"inLanguage\":\"pt-PT\",\"@id\":\"http:\\\/\\\/0.gravatar.com\\\/avatar\\\/c8c44d1f9327baa4d27e9b1149cd71b3?s=96&d=mm&r=g\",\"url\":\"http:\\\/\\\/0.gravatar.com\\\/avatar\\\/c8c44d1f9327baa4d27e9b1149cd71b3?s=96&d=mm&r=g\",\"contentUrl\":\"http:\\\/\\\/0.gravatar.com\\\/avatar\\\/c8c44d1f9327baa4d27e9b1149cd71b3?s=96&d=mm&r=g\",\"caption\":\"Z\u00e9 Beir\u00e3o\"},\"url\":\"http:\\\/\\\/obeirao.pt\\\/online\\\/author\\\/zebeirao\\\/\"}]}<\/script>\n<!-- \/ Yoast SEO plugin. -->","yoast_head_json":{"title":"PJ det\u00e9m homem que impediu abastecimento de \u00e1gua para combate a inc\u00eandio - Beir\u00e3o Online","robots":{"index":"index","follow":"follow","max-snippet":"max-snippet:-1","max-image-preview":"max-image-preview:large","max-video-preview":"max-video-preview:-1"},"canonical":"http:\/\/obeirao.pt\/online\/2016\/07\/28\/pj-detem-homem-que-impediu-abastecimento-de-agua-para-combate-a-incendio\/","og_locale":"pt_PT","og_type":"article","og_title":"PJ det\u00e9m homem que impediu abastecimento de \u00e1gua para combate a inc\u00eandio - Beir\u00e3o Online","og_description":"tempo de leitura: 2 minutosSuspeito ter\u00e1 usado uma espingarda ca\u00e7adeira para impedir que Protec\u00e7\u00e3o Civil usasse dois tanques de \u00e1gua na sua propriedade A Pol\u00edcia Judici\u00e1ria (PJ) anunciou nesta [...]","og_url":"http:\/\/obeirao.pt\/online\/2016\/07\/28\/pj-detem-homem-que-impediu-abastecimento-de-agua-para-combate-a-incendio\/","og_site_name":"Beir\u00e3o Online","article_publisher":"https:\/\/pt-br.facebook.com\/pages\/Amigos-de-Tondela\/273620439973877","article_published_time":"2016-07-28T16:16:05+00:00","article_modified_time":"2021-03-18T10:10:34+00:00","og_image":[{"width":749,"height":444,"url":"http:\/\/obeirao.pt\/online\/wp-content\/uploads\/2018\/02\/708546.jpg","type":"image\/jpeg"}],"author":"Z\u00e9 Beir\u00e3o","twitter_card":"summary_large_image","twitter_creator":"@JoaquimDuarteP2","twitter_site":"@JoaquimDuarteP2","twitter_misc":{"Escrito por":"Z\u00e9 Beir\u00e3o","Tempo estimado de leitura":"2 minutos"},"schema":{"@context":"https:\/\/schema.org","@graph":[{"@type":"Article","@id":"http:\/\/obeirao.pt\/online\/2016\/07\/28\/pj-detem-homem-que-impediu-abastecimento-de-agua-para-combate-a-incendio\/#article","isPartOf":{"@id":"http:\/\/obeirao.pt\/online\/2016\/07\/28\/pj-detem-homem-que-impediu-abastecimento-de-agua-para-combate-a-incendio\/"},"author":{"name":"Z\u00e9 Beir\u00e3o","@id":"http:\/\/obeirao.pt\/online\/#\/schema\/person\/efac69bb5a33873e1c1bb9c1165ff38c"},"headline":"PJ det\u00e9m homem que impediu abastecimento de \u00e1gua para combate a inc\u00eandio","datePublished":"2016-07-28T16:16:05+00:00","dateModified":"2021-03-18T10:10:34+00:00","mainEntityOfPage":{"@id":"http:\/\/obeirao.pt\/online\/2016\/07\/28\/pj-detem-homem-que-impediu-abastecimento-de-agua-para-combate-a-incendio\/"},"wordCount":397,"image":{"@id":"http:\/\/obeirao.pt\/online\/2016\/07\/28\/pj-detem-homem-que-impediu-abastecimento-de-agua-para-combate-a-incendio\/#primaryimage"},"thumbnailUrl":"http:\/\/obeirao.pt\/online\/wp-content\/uploads\/2018\/02\/708546.jpg","keywords":["Mariana Oliveira (P\u00fablico)"],"articleSection":["Lamego"],"inLanguage":"pt-PT"},{"@type":"WebPage","@id":"http:\/\/obeirao.pt\/online\/2016\/07\/28\/pj-detem-homem-que-impediu-abastecimento-de-agua-para-combate-a-incendio\/","url":"http:\/\/obeirao.pt\/online\/2016\/07\/28\/pj-detem-homem-que-impediu-abastecimento-de-agua-para-combate-a-incendio\/","name":"PJ det\u00e9m homem que impediu abastecimento de \u00e1gua para combate a inc\u00eandio - Beir\u00e3o Online","isPartOf":{"@id":"http:\/\/obeirao.pt\/online\/#website"},"primaryImageOfPage":{"@id":"http:\/\/obeirao.pt\/online\/2016\/07\/28\/pj-detem-homem-que-impediu-abastecimento-de-agua-para-combate-a-incendio\/#primaryimage"},"image":{"@id":"http:\/\/obeirao.pt\/online\/2016\/07\/28\/pj-detem-homem-que-impediu-abastecimento-de-agua-para-combate-a-incendio\/#primaryimage"},"thumbnailUrl":"http:\/\/obeirao.pt\/online\/wp-content\/uploads\/2018\/02\/708546.jpg","datePublished":"2016-07-28T16:16:05+00:00","dateModified":"2021-03-18T10:10:34+00:00","author":{"@id":"http:\/\/obeirao.pt\/online\/#\/schema\/person\/efac69bb5a33873e1c1bb9c1165ff38c"},"breadcrumb":{"@id":"http:\/\/obeirao.pt\/online\/2016\/07\/28\/pj-detem-homem-que-impediu-abastecimento-de-agua-para-combate-a-incendio\/#breadcrumb"},"inLanguage":"pt-PT","potentialAction":[{"@type":"ReadAction","target":["http:\/\/obeirao.pt\/online\/2016\/07\/28\/pj-detem-homem-que-impediu-abastecimento-de-agua-para-combate-a-incendio\/"]}]},{"@type":"ImageObject","inLanguage":"pt-PT","@id":"http:\/\/obeirao.pt\/online\/2016\/07\/28\/pj-detem-homem-que-impediu-abastecimento-de-agua-para-combate-a-incendio\/#primaryimage","url":"http:\/\/obeirao.pt\/online\/wp-content\/uploads\/2018\/02\/708546.jpg","contentUrl":"http:\/\/obeirao.pt\/online\/wp-content\/uploads\/2018\/02\/708546.jpg","width":749,"height":444},{"@type":"BreadcrumbList","@id":"http:\/\/obeirao.pt\/online\/2016\/07\/28\/pj-detem-homem-que-impediu-abastecimento-de-agua-para-combate-a-incendio\/#breadcrumb","itemListElement":[{"@type":"ListItem","position":1,"name":"Home","item":"http:\/\/obeirao.pt\/online\/"},{"@type":"ListItem","position":2,"name":"PJ det\u00e9m homem que impediu abastecimento de \u00e1gua para combate a inc\u00eandio"}]},{"@type":"WebSite","@id":"http:\/\/obeirao.pt\/online\/#website","url":"http:\/\/obeirao.pt\/online\/","name":"Beir\u00e3o Online","description":"www.obeirao.pt","potentialAction":[{"@type":"SearchAction","target":{"@type":"EntryPoint","urlTemplate":"http:\/\/obeirao.pt\/online\/?s={search_term_string}"},"query-input":{"@type":"PropertyValueSpecification","valueRequired":true,"valueName":"search_term_string"}}],"inLanguage":"pt-PT"},{"@type":"Person","@id":"http:\/\/obeirao.pt\/online\/#\/schema\/person\/efac69bb5a33873e1c1bb9c1165ff38c","name":"Z\u00e9 Beir\u00e3o","image":{"@type":"ImageObject","inLanguage":"pt-PT","@id":"http:\/\/0.gravatar.com\/avatar\/c8c44d1f9327baa4d27e9b1149cd71b3?s=96&d=mm&r=g","url":"http:\/\/0.gravatar.com\/avatar\/c8c44d1f9327baa4d27e9b1149cd71b3?s=96&d=mm&r=g","contentUrl":"http:\/\/0.gravatar.com\/avatar\/c8c44d1f9327baa4d27e9b1149cd71b3?s=96&d=mm&r=g","caption":"Z\u00e9 Beir\u00e3o"},"url":"http:\/\/obeirao.pt\/online\/author\/zebeirao\/"}]}},"_links":{"self":[{"href":"http:\/\/obeirao.pt\/online\/wp-json\/wp\/v2\/posts\/526"}],"collection":[{"href":"http:\/\/obeirao.pt\/online\/wp-json\/wp\/v2\/posts"}],"about":[{"href":"http:\/\/obeirao.pt\/online\/wp-json\/wp\/v2\/types\/post"}],"author":[{"embeddable":true,"href":"http:\/\/obeirao.pt\/online\/wp-json\/wp\/v2\/users\/2"}],"replies":[{"embeddable":true,"href":"http:\/\/obeirao.pt\/online\/wp-json\/wp\/v2\/comments?post=526"}],"version-history":[{"count":1,"href":"http:\/\/obeirao.pt\/online\/wp-json\/wp\/v2\/posts\/526\/revisions"}],"predecessor-version":[{"id":528,"href":"http:\/\/obeirao.pt\/online\/wp-json\/wp\/v2\/posts\/526\/revisions\/528"}],"wp:featuredmedia":[{"embeddable":true,"href":"http:\/\/obeirao.pt\/online\/wp-json\/wp\/v2\/media\/527"}],"wp:attachment":[{"href":"http:\/\/obeirao.pt\/online\/wp-json\/wp\/v2\/media?parent=526"}],"wp:term":[{"taxonomy":"category","embeddable":true,"href":"http:\/\/obeirao.pt\/online\/wp-json\/wp\/v2\/categories?post=526"},{"taxonomy":"post_tag","embeddable":true,"href":"http:\/\/obeirao.pt\/online\/wp-json\/wp\/v2\/tags?post=526"}],"curies":[{"name":"wp","href":"https:\/\/api.w.org\/{rel}","templated":true}]}}