{"id":5269,"date":"2020-05-18T20:48:05","date_gmt":"2020-05-18T19:48:05","guid":{"rendered":"http:\/\/obeirao.pt\/online\/?p=5269"},"modified":"2020-05-18T20:48:28","modified_gmt":"2020-05-18T19:48:28","slug":"parque-urbano-de-tondela-reabre-esta-terca-feira","status":"publish","type":"post","link":"http:\/\/obeirao.pt\/online\/2020\/05\/18\/parque-urbano-de-tondela-reabre-esta-terca-feira\/","title":{"rendered":"PARQUE URBANO DE TONDELA REABRE ESTA TER\u00c7A-FEIRA"},"content":{"rendered":"<span class=\"span-reading-time rt-reading-time\" style=\"display: block;\"><span class=\"rt-label rt-prefix\">tempo de leitura:<\/span> <span class=\"rt-time\"> &lt; 1<\/span> <span class=\"rt-label rt-postfix\">minuto<\/span><\/span><p><span style=\"font-size: 24pt\"><strong><a href=\"http:\/\/obeirao.pt\/online\/wp-content\/uploads\/2020\/05\/Parque-Urbano-1536x1022.jpg\"><img loading=\"lazy\" decoding=\"async\" class=\"alignleft wp-image-5270 size-medium\" src=\"http:\/\/obeirao.pt\/online\/wp-content\/uploads\/2020\/05\/Parque-Urbano-1536x1022-300x143.jpg\" alt=\"\" width=\"300\" height=\"143\" srcset=\"http:\/\/obeirao.pt\/online\/wp-content\/uploads\/2020\/05\/Parque-Urbano-1536x1022-300x143.jpg 300w, http:\/\/obeirao.pt\/online\/wp-content\/uploads\/2020\/05\/Parque-Urbano-1536x1022-768x366.jpg 768w, http:\/\/obeirao.pt\/online\/wp-content\/uploads\/2020\/05\/Parque-Urbano-1536x1022.jpg 1024w, http:\/\/obeirao.pt\/online\/wp-content\/uploads\/2020\/05\/Parque-Urbano-1536x1022-640x305.jpg 640w\" sizes=\"(max-width: 300px) 100vw, 300px\" \/><\/a><\/strong><\/span><span style=\"font-family: georgia, palatino, serif\"><span style=\"font-size: 14pt\"><strong><em>O Munic\u00edpio de Tondela informa que a partir de amanha\u0303, dia 19 de Maio, o Parque Urbano de Tondela ser<\/em><\/strong><strong><em>\u00e1<\/em><\/strong><strong><em> reaberto ao p<\/em><\/strong><strong><em>\u00fa<\/em><\/strong><strong><em>blico.<\/em><\/strong><\/span><!--more--><\/span><\/p>\n<p><span style=\"font-family: georgia, palatino, serif;font-size: 14pt\">As portas do Parque Urbano estar\u00e3o abertas entre as 10:00 e as 21:00, sendo que o bar a\u00ed localizado ter\u00e1 dias em que <strong>\u201cencerra em per\u00edodo anterior\u201d.<\/strong><\/span><\/p>\n<p><span style=\"font-family: georgia, palatino, serif;font-size: 14pt\">Apesar desta reabertura, de acordo com as normas da Direc\u00e7\u00e3o- Geral de Sa\u00fade (DGS), n\u00e3o ser\u00e1 permitida a utiliza\u00e7\u00e3o do parque infantil, bem como as infra-estruturas desportivas e de recreio (slide).<\/span><\/p>\n<p><span style=\"font-family: georgia, palatino, serif;font-size: 14pt\">Tamb\u00e9m n\u00e3o ser\u00e1 permitida a pr\u00e1tica de desportos colectivos.<\/span><\/p>\n<p><span style=\"font-family: georgia, palatino, serif;font-size: 14pt\">A utiliza\u00e7\u00e3o deste equipamento deve seguir, de acordo com a autarquia, outras recomenda\u00e7\u00f5es da DGS que aconselha que se mantenha, sempre que poss\u00edvel, uma dist\u00e2ncia superior a dois metros das outras pessoas.<\/span><\/p>\n","protected":false},"excerpt":{"rendered":"<div class=\"mh-excerpt\"><span class=\"span-reading-time rt-reading-time\" style=\"display: block;\"><span class=\"rt-label rt-prefix\">tempo de leitura:<\/span> <span class=\"rt-time\"> &lt; 1<\/span> <span class=\"rt-label rt-postfix\">minuto<\/span><\/span>O Munic\u00edpio de Tondela informa que a partir de amanha\u0303, dia 19 de Maio, o Parque Urbano de Tondela ser\u00e1 reaberto ao p\u00fablico.<\/div>\n","protected":false},"author":2,"featured_media":5270,"comment_status":"closed","ping_status":"open","sticky":false,"template":"","format":"standard","meta":{"footnotes":""},"categories":[2,5,4,63],"tags":[],"class_list":["post-5269","post","type-post","status-publish","format-standard","has-post-thumbnail","hentry","category-principal","category-cidade","category-regiao","category-tondela"],"yoast_head":"<!-- This site is optimized with the Yoast SEO plugin v27.4 - https:\/\/yoast.com\/product\/yoast-seo-wordpress\/ -->\n<title>PARQUE URBANO DE TONDELA REABRE ESTA TER\u00c7A-FEIRA - Beir\u00e3o Online<\/title>\n<meta name=\"robots\" content=\"index, follow, max-snippet:-1, max-image-preview:large, max-video-preview:-1\" \/>\n<link rel=\"canonical\" href=\"http:\/\/obeirao.pt\/online\/2020\/05\/18\/parque-urbano-de-tondela-reabre-esta-terca-feira\/\" \/>\n<meta property=\"og:locale\" content=\"pt_PT\" \/>\n<meta property=\"og:type\" content=\"article\" \/>\n<meta property=\"og:title\" content=\"PARQUE URBANO DE TONDELA REABRE ESTA TER\u00c7A-FEIRA - Beir\u00e3o Online\" \/>\n<meta property=\"og:description\" content=\"tempo de leitura: &lt; 1 minutoO Munic\u00edpio de Tondela informa que a partir de amanha\u0303, dia 19 de Maio, o Parque Urbano de Tondela ser\u00e1 reaberto ao p\u00fablico.\" \/>\n<meta property=\"og:url\" content=\"http:\/\/obeirao.pt\/online\/2020\/05\/18\/parque-urbano-de-tondela-reabre-esta-terca-feira\/\" \/>\n<meta property=\"og:site_name\" content=\"Beir\u00e3o Online\" \/>\n<meta property=\"article:publisher\" content=\"https:\/\/pt-br.facebook.com\/pages\/Amigos-de-Tondela\/273620439973877\" \/>\n<meta property=\"article:published_time\" content=\"2020-05-18T19:48:05+00:00\" \/>\n<meta property=\"article:modified_time\" content=\"2020-05-18T19:48:28+00:00\" \/>\n<meta property=\"og:image\" content=\"http:\/\/obeirao.pt\/online\/wp-content\/uploads\/2020\/05\/Parque-Urbano-1536x1022.jpg\" \/>\n\t<meta property=\"og:image:width\" content=\"1024\" \/>\n\t<meta property=\"og:image:height\" content=\"488\" \/>\n\t<meta property=\"og:image:type\" content=\"image\/jpeg\" \/>\n<meta name=\"author\" content=\"Z\u00e9 Beir\u00e3o\" \/>\n<meta name=\"twitter:card\" content=\"summary_large_image\" \/>\n<meta name=\"twitter:creator\" content=\"@JoaquimDuarteP2\" \/>\n<meta name=\"twitter:site\" content=\"@JoaquimDuarteP2\" \/>\n<meta name=\"twitter:label1\" content=\"Escrito por\" \/>\n\t<meta name=\"twitter:data1\" content=\"Z\u00e9 Beir\u00e3o\" \/>\n\t<meta name=\"twitter:label2\" content=\"Tempo estimado de leitura\" \/>\n\t<meta name=\"twitter:data2\" content=\"1 minuto\" \/>\n<script type=\"application\/ld+json\" class=\"yoast-schema-graph\">{\"@context\":\"https:\\\/\\\/schema.org\",\"@graph\":[{\"@type\":\"Article\",\"@id\":\"http:\\\/\\\/obeirao.pt\\\/online\\\/2020\\\/05\\\/18\\\/parque-urbano-de-tondela-reabre-esta-terca-feira\\\/#article\",\"isPartOf\":{\"@id\":\"http:\\\/\\\/obeirao.pt\\\/online\\\/2020\\\/05\\\/18\\\/parque-urbano-de-tondela-reabre-esta-terca-feira\\\/\"},\"author\":{\"name\":\"Z\u00e9 Beir\u00e3o\",\"@id\":\"https:\\\/\\\/obeirao.pt\\\/online\\\/#\\\/schema\\\/person\\\/efac69bb5a33873e1c1bb9c1165ff38c\"},\"headline\":\"PARQUE URBANO DE TONDELA REABRE ESTA TER\u00c7A-FEIRA\",\"datePublished\":\"2020-05-18T19:48:05+00:00\",\"dateModified\":\"2020-05-18T19:48:28+00:00\",\"mainEntityOfPage\":{\"@id\":\"http:\\\/\\\/obeirao.pt\\\/online\\\/2020\\\/05\\\/18\\\/parque-urbano-de-tondela-reabre-esta-terca-feira\\\/\"},\"wordCount\":142,\"image\":{\"@id\":\"http:\\\/\\\/obeirao.pt\\\/online\\\/2020\\\/05\\\/18\\\/parque-urbano-de-tondela-reabre-esta-terca-feira\\\/#primaryimage\"},\"thumbnailUrl\":\"http:\\\/\\\/obeirao.pt\\\/online\\\/wp-content\\\/uploads\\\/2020\\\/05\\\/Parque-Urbano-1536x1022.jpg\",\"articleSection\":[\"_Principal\",\"Cidade\",\"Regi\u00e3o\",\"Tondela\"],\"inLanguage\":\"pt-PT\"},{\"@type\":\"WebPage\",\"@id\":\"http:\\\/\\\/obeirao.pt\\\/online\\\/2020\\\/05\\\/18\\\/parque-urbano-de-tondela-reabre-esta-terca-feira\\\/\",\"url\":\"http:\\\/\\\/obeirao.pt\\\/online\\\/2020\\\/05\\\/18\\\/parque-urbano-de-tondela-reabre-esta-terca-feira\\\/\",\"name\":\"PARQUE URBANO DE TONDELA REABRE ESTA TER\u00c7A-FEIRA - Beir\u00e3o Online\",\"isPartOf\":{\"@id\":\"https:\\\/\\\/obeirao.pt\\\/online\\\/#website\"},\"primaryImageOfPage\":{\"@id\":\"http:\\\/\\\/obeirao.pt\\\/online\\\/2020\\\/05\\\/18\\\/parque-urbano-de-tondela-reabre-esta-terca-feira\\\/#primaryimage\"},\"image\":{\"@id\":\"http:\\\/\\\/obeirao.pt\\\/online\\\/2020\\\/05\\\/18\\\/parque-urbano-de-tondela-reabre-esta-terca-feira\\\/#primaryimage\"},\"thumbnailUrl\":\"http:\\\/\\\/obeirao.pt\\\/online\\\/wp-content\\\/uploads\\\/2020\\\/05\\\/Parque-Urbano-1536x1022.jpg\",\"datePublished\":\"2020-05-18T19:48:05+00:00\",\"dateModified\":\"2020-05-18T19:48:28+00:00\",\"author\":{\"@id\":\"https:\\\/\\\/obeirao.pt\\\/online\\\/#\\\/schema\\\/person\\\/efac69bb5a33873e1c1bb9c1165ff38c\"},\"breadcrumb\":{\"@id\":\"http:\\\/\\\/obeirao.pt\\\/online\\\/2020\\\/05\\\/18\\\/parque-urbano-de-tondela-reabre-esta-terca-feira\\\/#breadcrumb\"},\"inLanguage\":\"pt-PT\",\"potentialAction\":[{\"@type\":\"ReadAction\",\"target\":[\"http:\\\/\\\/obeirao.pt\\\/online\\\/2020\\\/05\\\/18\\\/parque-urbano-de-tondela-reabre-esta-terca-feira\\\/\"]}]},{\"@type\":\"ImageObject\",\"inLanguage\":\"pt-PT\",\"@id\":\"http:\\\/\\\/obeirao.pt\\\/online\\\/2020\\\/05\\\/18\\\/parque-urbano-de-tondela-reabre-esta-terca-feira\\\/#primaryimage\",\"url\":\"http:\\\/\\\/obeirao.pt\\\/online\\\/wp-content\\\/uploads\\\/2020\\\/05\\\/Parque-Urbano-1536x1022.jpg\",\"contentUrl\":\"http:\\\/\\\/obeirao.pt\\\/online\\\/wp-content\\\/uploads\\\/2020\\\/05\\\/Parque-Urbano-1536x1022.jpg\",\"width\":1024,\"height\":488},{\"@type\":\"BreadcrumbList\",\"@id\":\"http:\\\/\\\/obeirao.pt\\\/online\\\/2020\\\/05\\\/18\\\/parque-urbano-de-tondela-reabre-esta-terca-feira\\\/#breadcrumb\",\"itemListElement\":[{\"@type\":\"ListItem\",\"position\":1,\"name\":\"Home\",\"item\":\"http:\\\/\\\/obeirao.pt\\\/online\\\/\"},{\"@type\":\"ListItem\",\"position\":2,\"name\":\"PARQUE URBANO DE TONDELA REABRE ESTA TER\u00c7A-FEIRA\"}]},{\"@type\":\"WebSite\",\"@id\":\"https:\\\/\\\/obeirao.pt\\\/online\\\/#website\",\"url\":\"https:\\\/\\\/obeirao.pt\\\/online\\\/\",\"name\":\"Beir\u00e3o Online\",\"description\":\"www.obeirao.pt\",\"potentialAction\":[{\"@type\":\"SearchAction\",\"target\":{\"@type\":\"EntryPoint\",\"urlTemplate\":\"https:\\\/\\\/obeirao.pt\\\/online\\\/?s={search_term_string}\"},\"query-input\":{\"@type\":\"PropertyValueSpecification\",\"valueRequired\":true,\"valueName\":\"search_term_string\"}}],\"inLanguage\":\"pt-PT\"},{\"@type\":\"Person\",\"@id\":\"https:\\\/\\\/obeirao.pt\\\/online\\\/#\\\/schema\\\/person\\\/efac69bb5a33873e1c1bb9c1165ff38c\",\"name\":\"Z\u00e9 Beir\u00e3o\",\"image\":{\"@type\":\"ImageObject\",\"inLanguage\":\"pt-PT\",\"@id\":\"http:\\\/\\\/0.gravatar.com\\\/avatar\\\/c8c44d1f9327baa4d27e9b1149cd71b3?s=96&d=mm&r=g\",\"url\":\"http:\\\/\\\/0.gravatar.com\\\/avatar\\\/c8c44d1f9327baa4d27e9b1149cd71b3?s=96&d=mm&r=g\",\"contentUrl\":\"http:\\\/\\\/0.gravatar.com\\\/avatar\\\/c8c44d1f9327baa4d27e9b1149cd71b3?s=96&d=mm&r=g\",\"caption\":\"Z\u00e9 Beir\u00e3o\"},\"url\":\"http:\\\/\\\/obeirao.pt\\\/online\\\/author\\\/zebeirao\\\/\"}]}<\/script>\n<!-- \/ Yoast SEO plugin. -->","yoast_head_json":{"title":"PARQUE URBANO DE TONDELA REABRE ESTA TER\u00c7A-FEIRA - Beir\u00e3o Online","robots":{"index":"index","follow":"follow","max-snippet":"max-snippet:-1","max-image-preview":"max-image-preview:large","max-video-preview":"max-video-preview:-1"},"canonical":"http:\/\/obeirao.pt\/online\/2020\/05\/18\/parque-urbano-de-tondela-reabre-esta-terca-feira\/","og_locale":"pt_PT","og_type":"article","og_title":"PARQUE URBANO DE TONDELA REABRE ESTA TER\u00c7A-FEIRA - Beir\u00e3o Online","og_description":"tempo de leitura: &lt; 1 minutoO Munic\u00edpio de Tondela informa que a partir de amanha\u0303, dia 19 de Maio, o Parque Urbano de Tondela ser\u00e1 reaberto ao p\u00fablico.","og_url":"http:\/\/obeirao.pt\/online\/2020\/05\/18\/parque-urbano-de-tondela-reabre-esta-terca-feira\/","og_site_name":"Beir\u00e3o Online","article_publisher":"https:\/\/pt-br.facebook.com\/pages\/Amigos-de-Tondela\/273620439973877","article_published_time":"2020-05-18T19:48:05+00:00","article_modified_time":"2020-05-18T19:48:28+00:00","og_image":[{"width":1024,"height":488,"url":"http:\/\/obeirao.pt\/online\/wp-content\/uploads\/2020\/05\/Parque-Urbano-1536x1022.jpg","type":"image\/jpeg"}],"author":"Z\u00e9 Beir\u00e3o","twitter_card":"summary_large_image","twitter_creator":"@JoaquimDuarteP2","twitter_site":"@JoaquimDuarteP2","twitter_misc":{"Escrito por":"Z\u00e9 Beir\u00e3o","Tempo estimado de leitura":"1 minuto"},"schema":{"@context":"https:\/\/schema.org","@graph":[{"@type":"Article","@id":"http:\/\/obeirao.pt\/online\/2020\/05\/18\/parque-urbano-de-tondela-reabre-esta-terca-feira\/#article","isPartOf":{"@id":"http:\/\/obeirao.pt\/online\/2020\/05\/18\/parque-urbano-de-tondela-reabre-esta-terca-feira\/"},"author":{"name":"Z\u00e9 Beir\u00e3o","@id":"https:\/\/obeirao.pt\/online\/#\/schema\/person\/efac69bb5a33873e1c1bb9c1165ff38c"},"headline":"PARQUE URBANO DE TONDELA REABRE ESTA TER\u00c7A-FEIRA","datePublished":"2020-05-18T19:48:05+00:00","dateModified":"2020-05-18T19:48:28+00:00","mainEntityOfPage":{"@id":"http:\/\/obeirao.pt\/online\/2020\/05\/18\/parque-urbano-de-tondela-reabre-esta-terca-feira\/"},"wordCount":142,"image":{"@id":"http:\/\/obeirao.pt\/online\/2020\/05\/18\/parque-urbano-de-tondela-reabre-esta-terca-feira\/#primaryimage"},"thumbnailUrl":"http:\/\/obeirao.pt\/online\/wp-content\/uploads\/2020\/05\/Parque-Urbano-1536x1022.jpg","articleSection":["_Principal","Cidade","Regi\u00e3o","Tondela"],"inLanguage":"pt-PT"},{"@type":"WebPage","@id":"http:\/\/obeirao.pt\/online\/2020\/05\/18\/parque-urbano-de-tondela-reabre-esta-terca-feira\/","url":"http:\/\/obeirao.pt\/online\/2020\/05\/18\/parque-urbano-de-tondela-reabre-esta-terca-feira\/","name":"PARQUE URBANO DE TONDELA REABRE ESTA TER\u00c7A-FEIRA - Beir\u00e3o Online","isPartOf":{"@id":"https:\/\/obeirao.pt\/online\/#website"},"primaryImageOfPage":{"@id":"http:\/\/obeirao.pt\/online\/2020\/05\/18\/parque-urbano-de-tondela-reabre-esta-terca-feira\/#primaryimage"},"image":{"@id":"http:\/\/obeirao.pt\/online\/2020\/05\/18\/parque-urbano-de-tondela-reabre-esta-terca-feira\/#primaryimage"},"thumbnailUrl":"http:\/\/obeirao.pt\/online\/wp-content\/uploads\/2020\/05\/Parque-Urbano-1536x1022.jpg","datePublished":"2020-05-18T19:48:05+00:00","dateModified":"2020-05-18T19:48:28+00:00","author":{"@id":"https:\/\/obeirao.pt\/online\/#\/schema\/person\/efac69bb5a33873e1c1bb9c1165ff38c"},"breadcrumb":{"@id":"http:\/\/obeirao.pt\/online\/2020\/05\/18\/parque-urbano-de-tondela-reabre-esta-terca-feira\/#breadcrumb"},"inLanguage":"pt-PT","potentialAction":[{"@type":"ReadAction","target":["http:\/\/obeirao.pt\/online\/2020\/05\/18\/parque-urbano-de-tondela-reabre-esta-terca-feira\/"]}]},{"@type":"ImageObject","inLanguage":"pt-PT","@id":"http:\/\/obeirao.pt\/online\/2020\/05\/18\/parque-urbano-de-tondela-reabre-esta-terca-feira\/#primaryimage","url":"http:\/\/obeirao.pt\/online\/wp-content\/uploads\/2020\/05\/Parque-Urbano-1536x1022.jpg","contentUrl":"http:\/\/obeirao.pt\/online\/wp-content\/uploads\/2020\/05\/Parque-Urbano-1536x1022.jpg","width":1024,"height":488},{"@type":"BreadcrumbList","@id":"http:\/\/obeirao.pt\/online\/2020\/05\/18\/parque-urbano-de-tondela-reabre-esta-terca-feira\/#breadcrumb","itemListElement":[{"@type":"ListItem","position":1,"name":"Home","item":"http:\/\/obeirao.pt\/online\/"},{"@type":"ListItem","position":2,"name":"PARQUE URBANO DE TONDELA REABRE ESTA TER\u00c7A-FEIRA"}]},{"@type":"WebSite","@id":"https:\/\/obeirao.pt\/online\/#website","url":"https:\/\/obeirao.pt\/online\/","name":"Beir\u00e3o Online","description":"www.obeirao.pt","potentialAction":[{"@type":"SearchAction","target":{"@type":"EntryPoint","urlTemplate":"https:\/\/obeirao.pt\/online\/?s={search_term_string}"},"query-input":{"@type":"PropertyValueSpecification","valueRequired":true,"valueName":"search_term_string"}}],"inLanguage":"pt-PT"},{"@type":"Person","@id":"https:\/\/obeirao.pt\/online\/#\/schema\/person\/efac69bb5a33873e1c1bb9c1165ff38c","name":"Z\u00e9 Beir\u00e3o","image":{"@type":"ImageObject","inLanguage":"pt-PT","@id":"http:\/\/0.gravatar.com\/avatar\/c8c44d1f9327baa4d27e9b1149cd71b3?s=96&d=mm&r=g","url":"http:\/\/0.gravatar.com\/avatar\/c8c44d1f9327baa4d27e9b1149cd71b3?s=96&d=mm&r=g","contentUrl":"http:\/\/0.gravatar.com\/avatar\/c8c44d1f9327baa4d27e9b1149cd71b3?s=96&d=mm&r=g","caption":"Z\u00e9 Beir\u00e3o"},"url":"http:\/\/obeirao.pt\/online\/author\/zebeirao\/"}]}},"_links":{"self":[{"href":"http:\/\/obeirao.pt\/online\/wp-json\/wp\/v2\/posts\/5269"}],"collection":[{"href":"http:\/\/obeirao.pt\/online\/wp-json\/wp\/v2\/posts"}],"about":[{"href":"http:\/\/obeirao.pt\/online\/wp-json\/wp\/v2\/types\/post"}],"author":[{"embeddable":true,"href":"http:\/\/obeirao.pt\/online\/wp-json\/wp\/v2\/users\/2"}],"replies":[{"embeddable":true,"href":"http:\/\/obeirao.pt\/online\/wp-json\/wp\/v2\/comments?post=5269"}],"version-history":[{"count":1,"href":"http:\/\/obeirao.pt\/online\/wp-json\/wp\/v2\/posts\/5269\/revisions"}],"predecessor-version":[{"id":5271,"href":"http:\/\/obeirao.pt\/online\/wp-json\/wp\/v2\/posts\/5269\/revisions\/5271"}],"wp:featuredmedia":[{"embeddable":true,"href":"http:\/\/obeirao.pt\/online\/wp-json\/wp\/v2\/media\/5270"}],"wp:attachment":[{"href":"http:\/\/obeirao.pt\/online\/wp-json\/wp\/v2\/media?parent=5269"}],"wp:term":[{"taxonomy":"category","embeddable":true,"href":"http:\/\/obeirao.pt\/online\/wp-json\/wp\/v2\/categories?post=5269"},{"taxonomy":"post_tag","embeddable":true,"href":"http:\/\/obeirao.pt\/online\/wp-json\/wp\/v2\/tags?post=5269"}],"curies":[{"name":"wp","href":"https:\/\/api.w.org\/{rel}","templated":true}]}}