{"id":5422,"date":"2020-06-22T22:15:38","date_gmt":"2020-06-22T21:15:38","guid":{"rendered":"http:\/\/obeirao.pt\/online\/?p=5422"},"modified":"2020-06-22T22:17:41","modified_gmt":"2020-06-22T21:17:41","slug":"5422","status":"publish","type":"post","link":"http:\/\/obeirao.pt\/online\/2020\/06\/22\/5422\/","title":{"rendered":"MUNIC\u00cdPIO DE TONDELA APROVA BENEF\u00cdCIOS SOCIAIS AOS BOMBEIROS DO CONCELHO"},"content":{"rendered":"<span class=\"span-reading-time rt-reading-time\" style=\"display: block;\"><span class=\"rt-label rt-prefix\">tempo de leitura:<\/span> <span class=\"rt-time\"> 2<\/span> <span class=\"rt-label rt-postfix\">minutos<\/span><\/span><p><span style=\"font-size: 24pt\"><strong><a href=\"http:\/\/obeirao.pt\/online\/wp-content\/uploads\/2020\/06\/jn.pt_-1.jpg\"><img loading=\"lazy\" decoding=\"async\" class=\"alignleft wp-image-5423 size-medium\" src=\"http:\/\/obeirao.pt\/online\/wp-content\/uploads\/2020\/06\/jn.pt_-1-300x182.jpg\" alt=\"\" width=\"300\" height=\"182\" srcset=\"http:\/\/obeirao.pt\/online\/wp-content\/uploads\/2020\/06\/jn.pt_-1-300x182.jpg 300w, http:\/\/obeirao.pt\/online\/wp-content\/uploads\/2020\/06\/jn.pt_-1-640x389.jpg 640w, http:\/\/obeirao.pt\/online\/wp-content\/uploads\/2020\/06\/jn.pt_-1.jpg 744w\" sizes=\"(max-width: 300px) 100vw, 300px\" \/><\/a><\/strong><\/span><span style=\"color: #000000;font-family: georgia, palatino, serif\"><strong><em>A C\u00e2mara de Tondela aprovou, na \u00faltima reuni\u00e3o do executivo, o regulamento para a concess\u00e3o de benef\u00edcios sociais aos bombeiros do concelho de Tondela, \u201cum instrumento de car\u00e1cter social que visa reconhecer, proteger e fomentar o voluntariado\u201d.<\/em><\/strong><\/span><!--more--><\/p>\n<p><span style=\"color: #000000;font-family: georgia, palatino, serif\"><strong>\u201cTrata-se de um conjunto de benef\u00edcios, mais do que justos, que estabelecem uma diferencia\u00e7\u00e3o positiva para uma minoria de cidad\u00e3os que dedica a sua vida \u00e0 protec\u00e7\u00e3o de vidas humanas e bens em perigo. A abnega\u00e7\u00e3o dos nossos bombeiros volunt\u00e1rios \u00e9 credora de incondicional reconhecimento de todos\u201d,<\/strong> justificou Jos\u00e9 Ant\u00f3nio de Jesus.<\/span><\/p>\n<p><span style=\"color: #000000;font-family: georgia, palatino, serif\">Entre os v\u00e1rios benef\u00edcios aprovados para os bombeiros e descendentes est\u00e3o, por exemplo, apoios \u00e0 habita\u00e7\u00e3o, de \u00e2mbito escolar, no acesso \u00e0s piscinas municipais e ao balne\u00e1rio termal de Sangemil, e em actividades desportivas e culturais organizadas pela autarquia, assim como em estabelecimentos comerciais no concelho.<\/span><\/p>\n<ul style=\"list-style-type: circle\">\n<li><span style=\"font-size: 18pt;font-family: georgia, palatino, serif;color: #ff0000;background-color: #ffff00\"><em><strong>180.000 euros para as corpora\u00e7\u00f5es do concelho de Tondela<\/strong><\/em><\/span><\/li>\n<\/ul>\n<p><span style=\"color: #000000;font-family: georgia, palatino, serif\">Foram ainda aprovados quatro protocolos com as duas corpora\u00e7\u00f5es do concelho, no valor total de 180.000 euros, assim distribu\u00eddos: Para os Bombeiros de Tondela est\u00e1 previsto um <strong>\u201capoio, para o ano em curso, de 88 mil euros, que visa apoiar na realiza\u00e7\u00e3o de actividades e investimentos\u201d,<\/strong> e ainda um <strong>\u201capoio suplementar de 12.500 euros, para fazer face \u00e0s conting\u00eancias criadas com a covid-19\u201d.<\/strong><\/span><\/p>\n<p><span style=\"color: #000000;font-family: georgia, palatino, serif\"><strong>\u201cJ\u00e1 o protocolo com os Bombeiros Volunt\u00e1rios do Campo de Besteiros prev\u00ea um apoio de cerca de 72 mil euros, para actividades e investimentos ao longo de 2020, e um apoio suplementar, por causa da covid-19, de 7.500 euros<\/strong>\u201d, refere o documento.<\/span><\/p>\n","protected":false},"excerpt":{"rendered":"<div class=\"mh-excerpt\"><span class=\"span-reading-time rt-reading-time\" style=\"display: block;\"><span class=\"rt-label rt-prefix\">tempo de leitura:<\/span> <span class=\"rt-time\"> 2<\/span> <span class=\"rt-label rt-postfix\">minutos<\/span><\/span>A C\u00e2mara de Tondela aprovou, na \u00faltima reuni\u00e3o do executivo, o regulamento para a concess\u00e3o de benef\u00edcios sociais aos bombeiros do concelho de Tondela, \u201cum <a class=\"mh-excerpt-more\" href=\"http:\/\/obeirao.pt\/online\/2020\/06\/22\/5422\/\" title=\"MUNIC\u00cdPIO DE TONDELA APROVA BENEF\u00cdCIOS SOCIAIS AOS BOMBEIROS DO CONCELHO\">[&#8230;]<\/a><\/div>\n","protected":false},"author":2,"featured_media":5423,"comment_status":"closed","ping_status":"closed","sticky":false,"template":"","format":"standard","meta":{"footnotes":""},"categories":[2,5,4,63],"tags":[],"class_list":["post-5422","post","type-post","status-publish","format-standard","has-post-thumbnail","hentry","category-principal","category-cidade","category-regiao","category-tondela"],"yoast_head":"<!-- This site is optimized with the Yoast SEO plugin v27.4 - https:\/\/yoast.com\/product\/yoast-seo-wordpress\/ -->\n<title>MUNIC\u00cdPIO DE TONDELA APROVA BENEF\u00cdCIOS SOCIAIS AOS BOMBEIROS DO CONCELHO - Beir\u00e3o Online<\/title>\n<meta name=\"robots\" content=\"index, follow, max-snippet:-1, max-image-preview:large, max-video-preview:-1\" \/>\n<link rel=\"canonical\" href=\"http:\/\/obeirao.pt\/online\/2020\/06\/22\/5422\/\" \/>\n<meta property=\"og:locale\" content=\"pt_PT\" \/>\n<meta property=\"og:type\" content=\"article\" \/>\n<meta property=\"og:title\" content=\"MUNIC\u00cdPIO DE TONDELA APROVA BENEF\u00cdCIOS SOCIAIS AOS BOMBEIROS DO CONCELHO - Beir\u00e3o Online\" \/>\n<meta property=\"og:description\" content=\"tempo de leitura: 2 minutosA C\u00e2mara de Tondela aprovou, na \u00faltima reuni\u00e3o do executivo, o regulamento para a concess\u00e3o de benef\u00edcios sociais aos bombeiros do concelho de Tondela, \u201cum [...]\" \/>\n<meta property=\"og:url\" content=\"http:\/\/obeirao.pt\/online\/2020\/06\/22\/5422\/\" \/>\n<meta property=\"og:site_name\" content=\"Beir\u00e3o Online\" \/>\n<meta property=\"article:publisher\" content=\"https:\/\/pt-br.facebook.com\/pages\/Amigos-de-Tondela\/273620439973877\" \/>\n<meta property=\"article:published_time\" content=\"2020-06-22T21:15:38+00:00\" \/>\n<meta property=\"article:modified_time\" content=\"2020-06-22T21:17:41+00:00\" \/>\n<meta property=\"og:image\" content=\"http:\/\/obeirao.pt\/online\/wp-content\/uploads\/2020\/06\/jn.pt_-1.jpg\" \/>\n\t<meta property=\"og:image:width\" content=\"744\" \/>\n\t<meta property=\"og:image:height\" content=\"452\" \/>\n\t<meta property=\"og:image:type\" content=\"image\/jpeg\" \/>\n<meta name=\"author\" content=\"Z\u00e9 Beir\u00e3o\" \/>\n<meta name=\"twitter:card\" content=\"summary_large_image\" \/>\n<meta name=\"twitter:creator\" content=\"@JoaquimDuarteP2\" \/>\n<meta name=\"twitter:site\" content=\"@JoaquimDuarteP2\" \/>\n<meta name=\"twitter:label1\" content=\"Escrito por\" \/>\n\t<meta name=\"twitter:data1\" content=\"Z\u00e9 Beir\u00e3o\" \/>\n\t<meta name=\"twitter:label2\" content=\"Tempo estimado de leitura\" \/>\n\t<meta name=\"twitter:data2\" content=\"1 minuto\" \/>\n<script type=\"application\/ld+json\" class=\"yoast-schema-graph\">{\"@context\":\"https:\\\/\\\/schema.org\",\"@graph\":[{\"@type\":\"Article\",\"@id\":\"http:\\\/\\\/obeirao.pt\\\/online\\\/2020\\\/06\\\/22\\\/5422\\\/#article\",\"isPartOf\":{\"@id\":\"http:\\\/\\\/obeirao.pt\\\/online\\\/2020\\\/06\\\/22\\\/5422\\\/\"},\"author\":{\"name\":\"Z\u00e9 Beir\u00e3o\",\"@id\":\"http:\\\/\\\/obeirao.pt\\\/online\\\/#\\\/schema\\\/person\\\/efac69bb5a33873e1c1bb9c1165ff38c\"},\"headline\":\"MUNIC\u00cdPIO DE TONDELA APROVA BENEF\u00cdCIOS SOCIAIS AOS BOMBEIROS DO CONCELHO\",\"datePublished\":\"2020-06-22T21:15:38+00:00\",\"dateModified\":\"2020-06-22T21:17:41+00:00\",\"mainEntityOfPage\":{\"@id\":\"http:\\\/\\\/obeirao.pt\\\/online\\\/2020\\\/06\\\/22\\\/5422\\\/\"},\"wordCount\":274,\"image\":{\"@id\":\"http:\\\/\\\/obeirao.pt\\\/online\\\/2020\\\/06\\\/22\\\/5422\\\/#primaryimage\"},\"thumbnailUrl\":\"http:\\\/\\\/obeirao.pt\\\/online\\\/wp-content\\\/uploads\\\/2020\\\/06\\\/jn.pt_-1.jpg\",\"articleSection\":[\"_Principal\",\"Cidade\",\"Regi\u00e3o\",\"Tondela\"],\"inLanguage\":\"pt-PT\"},{\"@type\":\"WebPage\",\"@id\":\"http:\\\/\\\/obeirao.pt\\\/online\\\/2020\\\/06\\\/22\\\/5422\\\/\",\"url\":\"http:\\\/\\\/obeirao.pt\\\/online\\\/2020\\\/06\\\/22\\\/5422\\\/\",\"name\":\"MUNIC\u00cdPIO DE TONDELA APROVA BENEF\u00cdCIOS SOCIAIS AOS BOMBEIROS DO CONCELHO - Beir\u00e3o Online\",\"isPartOf\":{\"@id\":\"http:\\\/\\\/obeirao.pt\\\/online\\\/#website\"},\"primaryImageOfPage\":{\"@id\":\"http:\\\/\\\/obeirao.pt\\\/online\\\/2020\\\/06\\\/22\\\/5422\\\/#primaryimage\"},\"image\":{\"@id\":\"http:\\\/\\\/obeirao.pt\\\/online\\\/2020\\\/06\\\/22\\\/5422\\\/#primaryimage\"},\"thumbnailUrl\":\"http:\\\/\\\/obeirao.pt\\\/online\\\/wp-content\\\/uploads\\\/2020\\\/06\\\/jn.pt_-1.jpg\",\"datePublished\":\"2020-06-22T21:15:38+00:00\",\"dateModified\":\"2020-06-22T21:17:41+00:00\",\"author\":{\"@id\":\"http:\\\/\\\/obeirao.pt\\\/online\\\/#\\\/schema\\\/person\\\/efac69bb5a33873e1c1bb9c1165ff38c\"},\"breadcrumb\":{\"@id\":\"http:\\\/\\\/obeirao.pt\\\/online\\\/2020\\\/06\\\/22\\\/5422\\\/#breadcrumb\"},\"inLanguage\":\"pt-PT\",\"potentialAction\":[{\"@type\":\"ReadAction\",\"target\":[\"http:\\\/\\\/obeirao.pt\\\/online\\\/2020\\\/06\\\/22\\\/5422\\\/\"]}]},{\"@type\":\"ImageObject\",\"inLanguage\":\"pt-PT\",\"@id\":\"http:\\\/\\\/obeirao.pt\\\/online\\\/2020\\\/06\\\/22\\\/5422\\\/#primaryimage\",\"url\":\"http:\\\/\\\/obeirao.pt\\\/online\\\/wp-content\\\/uploads\\\/2020\\\/06\\\/jn.pt_-1.jpg\",\"contentUrl\":\"http:\\\/\\\/obeirao.pt\\\/online\\\/wp-content\\\/uploads\\\/2020\\\/06\\\/jn.pt_-1.jpg\",\"width\":744,\"height\":452},{\"@type\":\"BreadcrumbList\",\"@id\":\"http:\\\/\\\/obeirao.pt\\\/online\\\/2020\\\/06\\\/22\\\/5422\\\/#breadcrumb\",\"itemListElement\":[{\"@type\":\"ListItem\",\"position\":1,\"name\":\"Home\",\"item\":\"http:\\\/\\\/obeirao.pt\\\/online\\\/\"},{\"@type\":\"ListItem\",\"position\":2,\"name\":\"MUNIC\u00cdPIO DE TONDELA APROVA BENEF\u00cdCIOS SOCIAIS AOS BOMBEIROS DO CONCELHO\"}]},{\"@type\":\"WebSite\",\"@id\":\"http:\\\/\\\/obeirao.pt\\\/online\\\/#website\",\"url\":\"http:\\\/\\\/obeirao.pt\\\/online\\\/\",\"name\":\"Beir\u00e3o Online\",\"description\":\"www.obeirao.pt\",\"potentialAction\":[{\"@type\":\"SearchAction\",\"target\":{\"@type\":\"EntryPoint\",\"urlTemplate\":\"http:\\\/\\\/obeirao.pt\\\/online\\\/?s={search_term_string}\"},\"query-input\":{\"@type\":\"PropertyValueSpecification\",\"valueRequired\":true,\"valueName\":\"search_term_string\"}}],\"inLanguage\":\"pt-PT\"},{\"@type\":\"Person\",\"@id\":\"http:\\\/\\\/obeirao.pt\\\/online\\\/#\\\/schema\\\/person\\\/efac69bb5a33873e1c1bb9c1165ff38c\",\"name\":\"Z\u00e9 Beir\u00e3o\",\"image\":{\"@type\":\"ImageObject\",\"inLanguage\":\"pt-PT\",\"@id\":\"http:\\\/\\\/0.gravatar.com\\\/avatar\\\/c8c44d1f9327baa4d27e9b1149cd71b3?s=96&d=mm&r=g\",\"url\":\"http:\\\/\\\/0.gravatar.com\\\/avatar\\\/c8c44d1f9327baa4d27e9b1149cd71b3?s=96&d=mm&r=g\",\"contentUrl\":\"http:\\\/\\\/0.gravatar.com\\\/avatar\\\/c8c44d1f9327baa4d27e9b1149cd71b3?s=96&d=mm&r=g\",\"caption\":\"Z\u00e9 Beir\u00e3o\"},\"url\":\"http:\\\/\\\/obeirao.pt\\\/online\\\/author\\\/zebeirao\\\/\"}]}<\/script>\n<!-- \/ Yoast SEO plugin. -->","yoast_head_json":{"title":"MUNIC\u00cdPIO DE TONDELA APROVA BENEF\u00cdCIOS SOCIAIS AOS BOMBEIROS DO CONCELHO - Beir\u00e3o Online","robots":{"index":"index","follow":"follow","max-snippet":"max-snippet:-1","max-image-preview":"max-image-preview:large","max-video-preview":"max-video-preview:-1"},"canonical":"http:\/\/obeirao.pt\/online\/2020\/06\/22\/5422\/","og_locale":"pt_PT","og_type":"article","og_title":"MUNIC\u00cdPIO DE TONDELA APROVA BENEF\u00cdCIOS SOCIAIS AOS BOMBEIROS DO CONCELHO - Beir\u00e3o Online","og_description":"tempo de leitura: 2 minutosA C\u00e2mara de Tondela aprovou, na \u00faltima reuni\u00e3o do executivo, o regulamento para a concess\u00e3o de benef\u00edcios sociais aos bombeiros do concelho de Tondela, \u201cum [...]","og_url":"http:\/\/obeirao.pt\/online\/2020\/06\/22\/5422\/","og_site_name":"Beir\u00e3o Online","article_publisher":"https:\/\/pt-br.facebook.com\/pages\/Amigos-de-Tondela\/273620439973877","article_published_time":"2020-06-22T21:15:38+00:00","article_modified_time":"2020-06-22T21:17:41+00:00","og_image":[{"width":744,"height":452,"url":"http:\/\/obeirao.pt\/online\/wp-content\/uploads\/2020\/06\/jn.pt_-1.jpg","type":"image\/jpeg"}],"author":"Z\u00e9 Beir\u00e3o","twitter_card":"summary_large_image","twitter_creator":"@JoaquimDuarteP2","twitter_site":"@JoaquimDuarteP2","twitter_misc":{"Escrito por":"Z\u00e9 Beir\u00e3o","Tempo estimado de leitura":"1 minuto"},"schema":{"@context":"https:\/\/schema.org","@graph":[{"@type":"Article","@id":"http:\/\/obeirao.pt\/online\/2020\/06\/22\/5422\/#article","isPartOf":{"@id":"http:\/\/obeirao.pt\/online\/2020\/06\/22\/5422\/"},"author":{"name":"Z\u00e9 Beir\u00e3o","@id":"http:\/\/obeirao.pt\/online\/#\/schema\/person\/efac69bb5a33873e1c1bb9c1165ff38c"},"headline":"MUNIC\u00cdPIO DE TONDELA APROVA BENEF\u00cdCIOS SOCIAIS AOS BOMBEIROS DO CONCELHO","datePublished":"2020-06-22T21:15:38+00:00","dateModified":"2020-06-22T21:17:41+00:00","mainEntityOfPage":{"@id":"http:\/\/obeirao.pt\/online\/2020\/06\/22\/5422\/"},"wordCount":274,"image":{"@id":"http:\/\/obeirao.pt\/online\/2020\/06\/22\/5422\/#primaryimage"},"thumbnailUrl":"http:\/\/obeirao.pt\/online\/wp-content\/uploads\/2020\/06\/jn.pt_-1.jpg","articleSection":["_Principal","Cidade","Regi\u00e3o","Tondela"],"inLanguage":"pt-PT"},{"@type":"WebPage","@id":"http:\/\/obeirao.pt\/online\/2020\/06\/22\/5422\/","url":"http:\/\/obeirao.pt\/online\/2020\/06\/22\/5422\/","name":"MUNIC\u00cdPIO DE TONDELA APROVA BENEF\u00cdCIOS SOCIAIS AOS BOMBEIROS DO CONCELHO - Beir\u00e3o Online","isPartOf":{"@id":"http:\/\/obeirao.pt\/online\/#website"},"primaryImageOfPage":{"@id":"http:\/\/obeirao.pt\/online\/2020\/06\/22\/5422\/#primaryimage"},"image":{"@id":"http:\/\/obeirao.pt\/online\/2020\/06\/22\/5422\/#primaryimage"},"thumbnailUrl":"http:\/\/obeirao.pt\/online\/wp-content\/uploads\/2020\/06\/jn.pt_-1.jpg","datePublished":"2020-06-22T21:15:38+00:00","dateModified":"2020-06-22T21:17:41+00:00","author":{"@id":"http:\/\/obeirao.pt\/online\/#\/schema\/person\/efac69bb5a33873e1c1bb9c1165ff38c"},"breadcrumb":{"@id":"http:\/\/obeirao.pt\/online\/2020\/06\/22\/5422\/#breadcrumb"},"inLanguage":"pt-PT","potentialAction":[{"@type":"ReadAction","target":["http:\/\/obeirao.pt\/online\/2020\/06\/22\/5422\/"]}]},{"@type":"ImageObject","inLanguage":"pt-PT","@id":"http:\/\/obeirao.pt\/online\/2020\/06\/22\/5422\/#primaryimage","url":"http:\/\/obeirao.pt\/online\/wp-content\/uploads\/2020\/06\/jn.pt_-1.jpg","contentUrl":"http:\/\/obeirao.pt\/online\/wp-content\/uploads\/2020\/06\/jn.pt_-1.jpg","width":744,"height":452},{"@type":"BreadcrumbList","@id":"http:\/\/obeirao.pt\/online\/2020\/06\/22\/5422\/#breadcrumb","itemListElement":[{"@type":"ListItem","position":1,"name":"Home","item":"http:\/\/obeirao.pt\/online\/"},{"@type":"ListItem","position":2,"name":"MUNIC\u00cdPIO DE TONDELA APROVA BENEF\u00cdCIOS SOCIAIS AOS BOMBEIROS DO CONCELHO"}]},{"@type":"WebSite","@id":"http:\/\/obeirao.pt\/online\/#website","url":"http:\/\/obeirao.pt\/online\/","name":"Beir\u00e3o Online","description":"www.obeirao.pt","potentialAction":[{"@type":"SearchAction","target":{"@type":"EntryPoint","urlTemplate":"http:\/\/obeirao.pt\/online\/?s={search_term_string}"},"query-input":{"@type":"PropertyValueSpecification","valueRequired":true,"valueName":"search_term_string"}}],"inLanguage":"pt-PT"},{"@type":"Person","@id":"http:\/\/obeirao.pt\/online\/#\/schema\/person\/efac69bb5a33873e1c1bb9c1165ff38c","name":"Z\u00e9 Beir\u00e3o","image":{"@type":"ImageObject","inLanguage":"pt-PT","@id":"http:\/\/0.gravatar.com\/avatar\/c8c44d1f9327baa4d27e9b1149cd71b3?s=96&d=mm&r=g","url":"http:\/\/0.gravatar.com\/avatar\/c8c44d1f9327baa4d27e9b1149cd71b3?s=96&d=mm&r=g","contentUrl":"http:\/\/0.gravatar.com\/avatar\/c8c44d1f9327baa4d27e9b1149cd71b3?s=96&d=mm&r=g","caption":"Z\u00e9 Beir\u00e3o"},"url":"http:\/\/obeirao.pt\/online\/author\/zebeirao\/"}]}},"_links":{"self":[{"href":"http:\/\/obeirao.pt\/online\/wp-json\/wp\/v2\/posts\/5422"}],"collection":[{"href":"http:\/\/obeirao.pt\/online\/wp-json\/wp\/v2\/posts"}],"about":[{"href":"http:\/\/obeirao.pt\/online\/wp-json\/wp\/v2\/types\/post"}],"author":[{"embeddable":true,"href":"http:\/\/obeirao.pt\/online\/wp-json\/wp\/v2\/users\/2"}],"replies":[{"embeddable":true,"href":"http:\/\/obeirao.pt\/online\/wp-json\/wp\/v2\/comments?post=5422"}],"version-history":[{"count":2,"href":"http:\/\/obeirao.pt\/online\/wp-json\/wp\/v2\/posts\/5422\/revisions"}],"predecessor-version":[{"id":5425,"href":"http:\/\/obeirao.pt\/online\/wp-json\/wp\/v2\/posts\/5422\/revisions\/5425"}],"wp:featuredmedia":[{"embeddable":true,"href":"http:\/\/obeirao.pt\/online\/wp-json\/wp\/v2\/media\/5423"}],"wp:attachment":[{"href":"http:\/\/obeirao.pt\/online\/wp-json\/wp\/v2\/media?parent=5422"}],"wp:term":[{"taxonomy":"category","embeddable":true,"href":"http:\/\/obeirao.pt\/online\/wp-json\/wp\/v2\/categories?post=5422"},{"taxonomy":"post_tag","embeddable":true,"href":"http:\/\/obeirao.pt\/online\/wp-json\/wp\/v2\/tags?post=5422"}],"curies":[{"name":"wp","href":"https:\/\/api.w.org\/{rel}","templated":true}]}}