{"id":5528,"date":"2020-08-20T20:17:49","date_gmt":"2020-08-20T19:17:49","guid":{"rendered":"http:\/\/obeirao.pt\/online\/?p=5528"},"modified":"2020-08-20T20:31:53","modified_gmt":"2020-08-20T19:31:53","slug":"cidade-com-mais-encanto-em-molelos","status":"publish","type":"post","link":"http:\/\/obeirao.pt\/online\/2020\/08\/20\/cidade-com-mais-encanto-em-molelos\/","title":{"rendered":"CIDADE COM MAIS ENCANTO EM MOLELOS"},"content":{"rendered":"<span class=\"span-reading-time rt-reading-time\" style=\"display: block;\"><span class=\"rt-label rt-prefix\">tempo de leitura:<\/span> <span class=\"rt-time\"> 3<\/span> <span class=\"rt-label rt-postfix\">minutos<\/span><\/span><figure id=\"attachment_5529\" aria-describedby=\"caption-attachment-5529\" style=\"width: 300px\" class=\"wp-caption alignleft\"><a href=\"http:\/\/obeirao.pt\/online\/wp-content\/uploads\/2020\/08\/A-inaugura\u00e7\u00e3o-do-Jardim-em-Molelos-scaled.jpg\"><img loading=\"lazy\" decoding=\"async\" class=\"wp-image-5529 size-medium\" src=\"http:\/\/obeirao.pt\/online\/wp-content\/uploads\/2020\/08\/A-inaugura\u00e7\u00e3o-do-Jardim-em-Molelos-300x176.jpg\" alt=\"\" width=\"300\" height=\"176\" srcset=\"http:\/\/obeirao.pt\/online\/wp-content\/uploads\/2020\/08\/A-inaugura\u00e7\u00e3o-do-Jardim-em-Molelos-300x176.jpg 300w, http:\/\/obeirao.pt\/online\/wp-content\/uploads\/2020\/08\/A-inaugura\u00e7\u00e3o-do-Jardim-em-Molelos-scaled.jpg 1024w, http:\/\/obeirao.pt\/online\/wp-content\/uploads\/2020\/08\/A-inaugura\u00e7\u00e3o-do-Jardim-em-Molelos-768x450.jpg 768w, http:\/\/obeirao.pt\/online\/wp-content\/uploads\/2020\/08\/A-inaugura\u00e7\u00e3o-do-Jardim-em-Molelos-640x375.jpg 640w\" sizes=\"(max-width: 300px) 100vw, 300px\" \/><\/a><figcaption id=\"caption-attachment-5529\" class=\"wp-caption-text\">Jardim Dias de Matos<\/figcaption><\/figure>\n<p><strong><em><span style=\"font-family: georgia, palatino, serif;font-size: 12pt;color: #000000\">S\u00e3o as pequenas\/grandes obras num determinado burgo, que d\u00e3o a verdadeira tonalidade de um desenvolvimento de proximidade, capazes de deixar aos vindouros a ideia de que as gentes vivem de acordo com os seus ideais de progresso e de modernidade.<\/span><\/em><\/strong><!--more--><\/p>\n<p><span style=\"font-family: georgia, palatino, serif;font-size: 12pt;color: #000000\">E, \u00e0s vezes, trata-se de obras feitas a partir de boas-vontades das gentes locais e das suas autarquias, neste caso da C\u00e2mara Municipal de Tondela e da Junta de Freguesia de Molelos, naturalmente, a partir de uma d\u00e1diva de um casal da terra da loi\u00e7a preta.<\/span><\/p>\n<figure id=\"attachment_5531\" aria-describedby=\"caption-attachment-5531\" style=\"width: 300px\" class=\"wp-caption alignright\"><a href=\"http:\/\/obeirao.pt\/online\/wp-content\/uploads\/2020\/08\/Jardim-Dias-de-Matos-novo-parlamento...-scaled.jpg\"><img loading=\"lazy\" decoding=\"async\" class=\"wp-image-5531 size-medium\" src=\"http:\/\/obeirao.pt\/online\/wp-content\/uploads\/2020\/08\/Jardim-Dias-de-Matos-novo-parlamento...-300x142.jpg\" alt=\"\" width=\"300\" height=\"142\" srcset=\"http:\/\/obeirao.pt\/online\/wp-content\/uploads\/2020\/08\/Jardim-Dias-de-Matos-novo-parlamento...-300x142.jpg 300w, http:\/\/obeirao.pt\/online\/wp-content\/uploads\/2020\/08\/Jardim-Dias-de-Matos-novo-parlamento...-scaled.jpg 1024w, http:\/\/obeirao.pt\/online\/wp-content\/uploads\/2020\/08\/Jardim-Dias-de-Matos-novo-parlamento...-768x364.jpg 768w, http:\/\/obeirao.pt\/online\/wp-content\/uploads\/2020\/08\/Jardim-Dias-de-Matos-novo-parlamento...-640x303.jpg 640w\" sizes=\"(max-width: 300px) 100vw, 300px\" \/><\/a><figcaption id=\"caption-attachment-5531\" class=\"wp-caption-text\">Recanto do Jardim Dias de Matos<\/figcaption><\/figure>\n<p><span style=\"font-family: georgia, palatino, serif;font-size: 12pt;color: #000000\">Numa inaugura\u00e7\u00e3o conjunta do munic\u00edpio e da freguesia, no final da tarde da \u00faltima sexta-feira, dia 15 de Agosto, a urbe que, com Tondela, faz o maior aglomerado urbano do concelho, passou a contar com mais um lugar emblem\u00e1tico, que passou a ser o Jardim Dias de Matos, um recanto apraz\u00edvel e mimoso, que ficou ao servi\u00e7o da popula\u00e7\u00e3o.<\/span><\/p>\n<p><span style=\"font-family: georgia, palatino, serif;font-size: 12pt;color: #000000\">Esse espa\u00e7o atraente, ali \u00e0 entrada do Casal, \u00e0 beira da antiga EN 230, praticamente no enfiamento do acesso \u00e0s Raposeiras e bem pr\u00f3ximo da Farm\u00e1cia de Molelos, foi doado \u00e0 freguesia pelo casal Lurdes Vale e Ant\u00f3nio Coimbra Nunes, certamente em homenagem aos seus primeiros propriet\u00e1rios, a fam\u00edlia Dias de Matos.<\/span><\/p>\n<p><span style=\"font-family: georgia, palatino, serif;font-size: 12pt;color: #000000\">Depois do descerramento da l\u00e1pide, pelos autarcas e pelo referido casal, ap\u00f3s uma merenda agrad\u00e1vel, seguiu-se uma visita a diversas obras em curso na freguesia de Molelos, a pedir, nestes tempos que correm, um plano de urbaniza\u00e7\u00e3o que fa\u00e7a esquecer a tal \u201ccidade das couves\u201d, como lhe chamou o saudoso molelense Nelson de Matos Coimbra, para se tornar numa parte da cidade mais solid\u00e1ria e participativa, no fundo, a cidade dos novos caminhos do s\u00e9culo XXI.<\/span><\/p>\n<p><span style=\"font-family: georgia, palatino, serif;font-size: 18pt;color: #0000ff;background-color: #ffff00\"><strong><em>RAPOSEIRAS: Parque urbano \u00e0 vista<\/em><\/strong><\/span><\/p>\n<figure id=\"attachment_5533\" aria-describedby=\"caption-attachment-5533\" style=\"width: 300px\" class=\"wp-caption alignright\"><a href=\"http:\/\/obeirao.pt\/online\/wp-content\/uploads\/2020\/08\/Jos\u00e9-Dias-no-uso-da-palavra-scaled.jpg\"><img loading=\"lazy\" decoding=\"async\" class=\"wp-image-5533 size-medium\" src=\"http:\/\/obeirao.pt\/online\/wp-content\/uploads\/2020\/08\/Jos\u00e9-Dias-no-uso-da-palavra-300x183.jpg\" alt=\"\" width=\"300\" height=\"183\" srcset=\"http:\/\/obeirao.pt\/online\/wp-content\/uploads\/2020\/08\/Jos\u00e9-Dias-no-uso-da-palavra-300x183.jpg 300w, http:\/\/obeirao.pt\/online\/wp-content\/uploads\/2020\/08\/Jos\u00e9-Dias-no-uso-da-palavra-scaled.jpg 1024w, http:\/\/obeirao.pt\/online\/wp-content\/uploads\/2020\/08\/Jos\u00e9-Dias-no-uso-da-palavra-768x469.jpg 768w, http:\/\/obeirao.pt\/online\/wp-content\/uploads\/2020\/08\/Jos\u00e9-Dias-no-uso-da-palavra-640x391.jpg 640w\" sizes=\"(max-width: 300px) 100vw, 300px\" \/><\/a><figcaption id=\"caption-attachment-5533\" class=\"wp-caption-text\">Jos\u00e9 Dias no uso da palavra<\/figcaption><\/figure>\n<p><span style=\"font-family: georgia, palatino, serif;font-size: 12pt;color: #000000\">No uso da palavra, lembrando as obras em curso, o presidente da Junta local, Jos\u00e9 Dias, destacou a empreitada que decorre no Parque das Raposeiras, onde se realiza a tradicional \u201csoenga\u201d, com as casas de banho e a churrasqueira em fase de constru\u00e7\u00e3o e \u201cem bom ritmo\u201d, estando prevista uma avenida moderna que ligue \u00e0 estrada 627, na zona do Tojal Mau e Nandufe, a outra frac\u00e7\u00e3o do territ\u00f3rio citadino.<\/span><\/p>\n<p><span style=\"font-family: georgia, palatino, serif;font-size: 12pt;color: #000000\">Lembrou igualmente os trabalhos no armaz\u00e9m\/garagem da Junta de Freguesia, que ardeu nos inc\u00eandios de 2017, e que dever\u00e1 estar conclu\u00eddo, junto \u00e0 SMIR, no in\u00edcio de Outubro.<\/span><\/p>\n<p><span style=\"font-family: georgia, palatino, serif;font-size: 12pt;color: #000000\">Na localidade de Molelinhos, para al\u00e9m da coloca\u00e7\u00e3o da tubagem para o saneamento, Jos\u00e9 Dias afirmou que o parque infantil est\u00e1 \u201cquase conclu\u00eddo, faltando instalar o piso sint\u00e9tico\u201d.<\/span><\/p>\n<p><span style=\"font-family: georgia, palatino, serif;font-size: 12pt;color: #000000\">Segundo o presidente da Junta de Molelos, eleito pelo PSD, teve ainda in\u00edcio o calcetamento de uma rua no Salgueiral.<\/span><\/p>\n<p><span style=\"font-family: georgia, palatino, serif;font-size: 18pt;color: #0000ff;background-color: #ffff00\"><strong><em>ESTRADA LAJEDO\/IP 3, uma grande obra a beneficiar Molelos<\/em><\/strong><\/span><\/p>\n<figure id=\"attachment_5534\" aria-describedby=\"caption-attachment-5534\" style=\"width: 300px\" class=\"wp-caption alignleft\"><a href=\"http:\/\/obeirao.pt\/online\/wp-content\/uploads\/2020\/08\/Nas-Raposeiras-em-Molelos-scaled.jpg\"><img loading=\"lazy\" decoding=\"async\" class=\"wp-image-5534 size-medium\" src=\"http:\/\/obeirao.pt\/online\/wp-content\/uploads\/2020\/08\/Nas-Raposeiras-em-Molelos-300x176.jpg\" alt=\"\" width=\"300\" height=\"176\" srcset=\"http:\/\/obeirao.pt\/online\/wp-content\/uploads\/2020\/08\/Nas-Raposeiras-em-Molelos-300x176.jpg 300w, http:\/\/obeirao.pt\/online\/wp-content\/uploads\/2020\/08\/Nas-Raposeiras-em-Molelos-scaled.jpg 1024w, http:\/\/obeirao.pt\/online\/wp-content\/uploads\/2020\/08\/Nas-Raposeiras-em-Molelos-768x450.jpg 768w, http:\/\/obeirao.pt\/online\/wp-content\/uploads\/2020\/08\/Nas-Raposeiras-em-Molelos-640x375.jpg 640w\" sizes=\"(max-width: 300px) 100vw, 300px\" \/><\/a><figcaption id=\"caption-attachment-5534\" class=\"wp-caption-text\">No futuro parque das Raposeiras<\/figcaption><\/figure>\n<p><span style=\"font-family: georgia, palatino, serif;font-size: 12pt;color: #000000\">Por seu lado, o presidente da C\u00e2mara Municipal de Tondela, Jos\u00e9 Ant\u00f3nio de Jesus, que se fez acompanhar nesta visita pela vereadora Sofia Ferreira e pelos membros da Junta de Molelos, anunciou uma obra \u201cde grande complexidade\u201d, que dever\u00e1 arrancar ainda antes do final do ano.<\/span><\/p>\n<p><span style=\"font-family: georgia, palatino, serif;font-size: 12pt;color: #000000\">Trata-se de uma nova liga\u00e7\u00e3o rodovi\u00e1ria entre a Escola Secund\u00e1ria de Molelos\/Tondela, a zona de S\u00e3o Domingos, Raposeiras, Alto Pina, Ribeira e com liga\u00e7\u00e3o \u00e0 estrada 628, na proximidade da ZIM do Lajedo que, assim, ficar\u00e1 ligada em corredor directo \u00e0 cidade, fazendo uma bela variante.<\/span><\/p>\n<p><span style=\"font-family: georgia, palatino, serif;font-size: 12pt;color: #000000\">O autarca admitiu ser uma \u201cinfra-estrutura rodovi\u00e1ria de grande complexidade e ambiciosa, quer para a freguesia de Molelos, quer para o concelho de Tondela\u201d.<\/span><\/p>\n<p><span style=\"font-family: georgia, palatino, serif;font-size: 12pt;color: #000000\">Jos\u00e9 Ant\u00f3nio de Jesus lembrou igualmente a amplia\u00e7\u00e3o do Jardim de Inf\u00e2ncia de Molelos, com a constru\u00e7\u00e3o de uma nova sala em \u201c<em>a\u00e7o leve<\/em>\u201d, espa\u00e7o tamb\u00e9m visitado pela comunica\u00e7\u00e3o social local.<\/span><\/p>\n<p><span style=\"font-family: georgia, palatino, serif;font-size: 12pt;color: #000000\">Pelo que se v\u00ea e a comunica\u00e7\u00e3o social testemunhou, s\u00e3o not\u00edcias boas e muito importantes, n\u00e3o s\u00f3 para os que aqui vivem e trabalham, mas tamb\u00e9m para todos aqueles que, em pa\u00edses distantes, labutam por uma vida melhor, mas, naturalmente, sempre com o sentido do regresso.<\/span><\/p>\n","protected":false},"excerpt":{"rendered":"<div class=\"mh-excerpt\"><span class=\"span-reading-time rt-reading-time\" style=\"display: block;\"><span class=\"rt-label rt-prefix\">tempo de leitura:<\/span> <span class=\"rt-time\"> 3<\/span> <span class=\"rt-label rt-postfix\">minutos<\/span><\/span>S\u00e3o as pequenas\/grandes obras num determinado burgo, que d\u00e3o a verdadeira tonalidade de um desenvolvimento de proximidade, capazes de deixar aos vindouros a ideia de <a class=\"mh-excerpt-more\" href=\"http:\/\/obeirao.pt\/online\/2020\/08\/20\/cidade-com-mais-encanto-em-molelos\/\" title=\"CIDADE COM MAIS ENCANTO EM MOLELOS\">[&#8230;]<\/a><\/div>\n","protected":false},"author":2,"featured_media":5529,"comment_status":"closed","ping_status":"closed","sticky":false,"template":"","format":"standard","meta":{"footnotes":""},"categories":[2,5,4,63],"tags":[],"class_list":["post-5528","post","type-post","status-publish","format-standard","has-post-thumbnail","hentry","category-principal","category-cidade","category-regiao","category-tondela"],"yoast_head":"<!-- This site is optimized with the Yoast SEO plugin v27.4 - https:\/\/yoast.com\/product\/yoast-seo-wordpress\/ -->\n<title>CIDADE COM MAIS ENCANTO EM MOLELOS - Beir\u00e3o Online<\/title>\n<meta name=\"robots\" content=\"index, follow, max-snippet:-1, max-image-preview:large, max-video-preview:-1\" \/>\n<link rel=\"canonical\" href=\"http:\/\/obeirao.pt\/online\/2020\/08\/20\/cidade-com-mais-encanto-em-molelos\/\" \/>\n<meta property=\"og:locale\" content=\"pt_PT\" \/>\n<meta property=\"og:type\" content=\"article\" \/>\n<meta property=\"og:title\" content=\"CIDADE COM MAIS ENCANTO EM MOLELOS - Beir\u00e3o Online\" \/>\n<meta property=\"og:description\" content=\"tempo de leitura: 3 minutosS\u00e3o as pequenas\/grandes obras num determinado burgo, que d\u00e3o a verdadeira tonalidade de um desenvolvimento de proximidade, capazes de deixar aos vindouros a ideia de [...]\" \/>\n<meta property=\"og:url\" content=\"http:\/\/obeirao.pt\/online\/2020\/08\/20\/cidade-com-mais-encanto-em-molelos\/\" \/>\n<meta property=\"og:site_name\" content=\"Beir\u00e3o Online\" \/>\n<meta property=\"article:publisher\" content=\"https:\/\/pt-br.facebook.com\/pages\/Amigos-de-Tondela\/273620439973877\" \/>\n<meta property=\"article:published_time\" content=\"2020-08-20T19:17:49+00:00\" \/>\n<meta property=\"article:modified_time\" content=\"2020-08-20T19:31:53+00:00\" \/>\n<meta property=\"og:image\" content=\"http:\/\/obeirao.pt\/online\/wp-content\/uploads\/2020\/08\/A-inaugura\u00e7\u00e3o-do-Jardim-em-Molelos-scaled.jpg\" \/>\n\t<meta property=\"og:image:width\" content=\"1024\" \/>\n\t<meta property=\"og:image:height\" content=\"599\" \/>\n\t<meta property=\"og:image:type\" content=\"image\/jpeg\" \/>\n<meta name=\"author\" content=\"Z\u00e9 Beir\u00e3o\" \/>\n<meta name=\"twitter:card\" content=\"summary_large_image\" \/>\n<meta name=\"twitter:creator\" content=\"@JoaquimDuarteP2\" \/>\n<meta name=\"twitter:site\" content=\"@JoaquimDuarteP2\" \/>\n<meta name=\"twitter:label1\" content=\"Escrito por\" \/>\n\t<meta name=\"twitter:data1\" content=\"Z\u00e9 Beir\u00e3o\" \/>\n\t<meta name=\"twitter:label2\" content=\"Tempo estimado de leitura\" \/>\n\t<meta name=\"twitter:data2\" content=\"4 minutos\" \/>\n<script type=\"application\/ld+json\" class=\"yoast-schema-graph\">{\"@context\":\"https:\\\/\\\/schema.org\",\"@graph\":[{\"@type\":\"Article\",\"@id\":\"http:\\\/\\\/obeirao.pt\\\/online\\\/2020\\\/08\\\/20\\\/cidade-com-mais-encanto-em-molelos\\\/#article\",\"isPartOf\":{\"@id\":\"http:\\\/\\\/obeirao.pt\\\/online\\\/2020\\\/08\\\/20\\\/cidade-com-mais-encanto-em-molelos\\\/\"},\"author\":{\"name\":\"Z\u00e9 Beir\u00e3o\",\"@id\":\"http:\\\/\\\/obeirao.pt\\\/online\\\/#\\\/schema\\\/person\\\/efac69bb5a33873e1c1bb9c1165ff38c\"},\"headline\":\"CIDADE COM MAIS ENCANTO EM MOLELOS\",\"datePublished\":\"2020-08-20T19:17:49+00:00\",\"dateModified\":\"2020-08-20T19:31:53+00:00\",\"mainEntityOfPage\":{\"@id\":\"http:\\\/\\\/obeirao.pt\\\/online\\\/2020\\\/08\\\/20\\\/cidade-com-mais-encanto-em-molelos\\\/\"},\"wordCount\":729,\"image\":{\"@id\":\"http:\\\/\\\/obeirao.pt\\\/online\\\/2020\\\/08\\\/20\\\/cidade-com-mais-encanto-em-molelos\\\/#primaryimage\"},\"thumbnailUrl\":\"http:\\\/\\\/obeirao.pt\\\/online\\\/wp-content\\\/uploads\\\/2020\\\/08\\\/A-inaugura\u00e7\u00e3o-do-Jardim-em-Molelos-scaled.jpg\",\"articleSection\":[\"_Principal\",\"Cidade\",\"Regi\u00e3o\",\"Tondela\"],\"inLanguage\":\"pt-PT\"},{\"@type\":\"WebPage\",\"@id\":\"http:\\\/\\\/obeirao.pt\\\/online\\\/2020\\\/08\\\/20\\\/cidade-com-mais-encanto-em-molelos\\\/\",\"url\":\"http:\\\/\\\/obeirao.pt\\\/online\\\/2020\\\/08\\\/20\\\/cidade-com-mais-encanto-em-molelos\\\/\",\"name\":\"CIDADE COM MAIS ENCANTO EM MOLELOS - Beir\u00e3o Online\",\"isPartOf\":{\"@id\":\"http:\\\/\\\/obeirao.pt\\\/online\\\/#website\"},\"primaryImageOfPage\":{\"@id\":\"http:\\\/\\\/obeirao.pt\\\/online\\\/2020\\\/08\\\/20\\\/cidade-com-mais-encanto-em-molelos\\\/#primaryimage\"},\"image\":{\"@id\":\"http:\\\/\\\/obeirao.pt\\\/online\\\/2020\\\/08\\\/20\\\/cidade-com-mais-encanto-em-molelos\\\/#primaryimage\"},\"thumbnailUrl\":\"http:\\\/\\\/obeirao.pt\\\/online\\\/wp-content\\\/uploads\\\/2020\\\/08\\\/A-inaugura\u00e7\u00e3o-do-Jardim-em-Molelos-scaled.jpg\",\"datePublished\":\"2020-08-20T19:17:49+00:00\",\"dateModified\":\"2020-08-20T19:31:53+00:00\",\"author\":{\"@id\":\"http:\\\/\\\/obeirao.pt\\\/online\\\/#\\\/schema\\\/person\\\/efac69bb5a33873e1c1bb9c1165ff38c\"},\"breadcrumb\":{\"@id\":\"http:\\\/\\\/obeirao.pt\\\/online\\\/2020\\\/08\\\/20\\\/cidade-com-mais-encanto-em-molelos\\\/#breadcrumb\"},\"inLanguage\":\"pt-PT\",\"potentialAction\":[{\"@type\":\"ReadAction\",\"target\":[\"http:\\\/\\\/obeirao.pt\\\/online\\\/2020\\\/08\\\/20\\\/cidade-com-mais-encanto-em-molelos\\\/\"]}]},{\"@type\":\"ImageObject\",\"inLanguage\":\"pt-PT\",\"@id\":\"http:\\\/\\\/obeirao.pt\\\/online\\\/2020\\\/08\\\/20\\\/cidade-com-mais-encanto-em-molelos\\\/#primaryimage\",\"url\":\"http:\\\/\\\/obeirao.pt\\\/online\\\/wp-content\\\/uploads\\\/2020\\\/08\\\/A-inaugura\u00e7\u00e3o-do-Jardim-em-Molelos-scaled.jpg\",\"contentUrl\":\"http:\\\/\\\/obeirao.pt\\\/online\\\/wp-content\\\/uploads\\\/2020\\\/08\\\/A-inaugura\u00e7\u00e3o-do-Jardim-em-Molelos-scaled.jpg\",\"width\":1024,\"height\":599,\"caption\":\"????????????????????????????????????\"},{\"@type\":\"BreadcrumbList\",\"@id\":\"http:\\\/\\\/obeirao.pt\\\/online\\\/2020\\\/08\\\/20\\\/cidade-com-mais-encanto-em-molelos\\\/#breadcrumb\",\"itemListElement\":[{\"@type\":\"ListItem\",\"position\":1,\"name\":\"Home\",\"item\":\"http:\\\/\\\/obeirao.pt\\\/online\\\/\"},{\"@type\":\"ListItem\",\"position\":2,\"name\":\"CIDADE COM MAIS ENCANTO EM MOLELOS\"}]},{\"@type\":\"WebSite\",\"@id\":\"http:\\\/\\\/obeirao.pt\\\/online\\\/#website\",\"url\":\"http:\\\/\\\/obeirao.pt\\\/online\\\/\",\"name\":\"Beir\u00e3o Online\",\"description\":\"www.obeirao.pt\",\"potentialAction\":[{\"@type\":\"SearchAction\",\"target\":{\"@type\":\"EntryPoint\",\"urlTemplate\":\"http:\\\/\\\/obeirao.pt\\\/online\\\/?s={search_term_string}\"},\"query-input\":{\"@type\":\"PropertyValueSpecification\",\"valueRequired\":true,\"valueName\":\"search_term_string\"}}],\"inLanguage\":\"pt-PT\"},{\"@type\":\"Person\",\"@id\":\"http:\\\/\\\/obeirao.pt\\\/online\\\/#\\\/schema\\\/person\\\/efac69bb5a33873e1c1bb9c1165ff38c\",\"name\":\"Z\u00e9 Beir\u00e3o\",\"image\":{\"@type\":\"ImageObject\",\"inLanguage\":\"pt-PT\",\"@id\":\"http:\\\/\\\/0.gravatar.com\\\/avatar\\\/c8c44d1f9327baa4d27e9b1149cd71b3?s=96&d=mm&r=g\",\"url\":\"http:\\\/\\\/0.gravatar.com\\\/avatar\\\/c8c44d1f9327baa4d27e9b1149cd71b3?s=96&d=mm&r=g\",\"contentUrl\":\"http:\\\/\\\/0.gravatar.com\\\/avatar\\\/c8c44d1f9327baa4d27e9b1149cd71b3?s=96&d=mm&r=g\",\"caption\":\"Z\u00e9 Beir\u00e3o\"},\"url\":\"http:\\\/\\\/obeirao.pt\\\/online\\\/author\\\/zebeirao\\\/\"}]}<\/script>\n<!-- \/ Yoast SEO plugin. -->","yoast_head_json":{"title":"CIDADE COM MAIS ENCANTO EM MOLELOS - Beir\u00e3o Online","robots":{"index":"index","follow":"follow","max-snippet":"max-snippet:-1","max-image-preview":"max-image-preview:large","max-video-preview":"max-video-preview:-1"},"canonical":"http:\/\/obeirao.pt\/online\/2020\/08\/20\/cidade-com-mais-encanto-em-molelos\/","og_locale":"pt_PT","og_type":"article","og_title":"CIDADE COM MAIS ENCANTO EM MOLELOS - Beir\u00e3o Online","og_description":"tempo de leitura: 3 minutosS\u00e3o as pequenas\/grandes obras num determinado burgo, que d\u00e3o a verdadeira tonalidade de um desenvolvimento de proximidade, capazes de deixar aos vindouros a ideia de [...]","og_url":"http:\/\/obeirao.pt\/online\/2020\/08\/20\/cidade-com-mais-encanto-em-molelos\/","og_site_name":"Beir\u00e3o Online","article_publisher":"https:\/\/pt-br.facebook.com\/pages\/Amigos-de-Tondela\/273620439973877","article_published_time":"2020-08-20T19:17:49+00:00","article_modified_time":"2020-08-20T19:31:53+00:00","og_image":[{"width":1024,"height":599,"url":"http:\/\/obeirao.pt\/online\/wp-content\/uploads\/2020\/08\/A-inaugura\u00e7\u00e3o-do-Jardim-em-Molelos-scaled.jpg","type":"image\/jpeg"}],"author":"Z\u00e9 Beir\u00e3o","twitter_card":"summary_large_image","twitter_creator":"@JoaquimDuarteP2","twitter_site":"@JoaquimDuarteP2","twitter_misc":{"Escrito por":"Z\u00e9 Beir\u00e3o","Tempo estimado de leitura":"4 minutos"},"schema":{"@context":"https:\/\/schema.org","@graph":[{"@type":"Article","@id":"http:\/\/obeirao.pt\/online\/2020\/08\/20\/cidade-com-mais-encanto-em-molelos\/#article","isPartOf":{"@id":"http:\/\/obeirao.pt\/online\/2020\/08\/20\/cidade-com-mais-encanto-em-molelos\/"},"author":{"name":"Z\u00e9 Beir\u00e3o","@id":"http:\/\/obeirao.pt\/online\/#\/schema\/person\/efac69bb5a33873e1c1bb9c1165ff38c"},"headline":"CIDADE COM MAIS ENCANTO EM MOLELOS","datePublished":"2020-08-20T19:17:49+00:00","dateModified":"2020-08-20T19:31:53+00:00","mainEntityOfPage":{"@id":"http:\/\/obeirao.pt\/online\/2020\/08\/20\/cidade-com-mais-encanto-em-molelos\/"},"wordCount":729,"image":{"@id":"http:\/\/obeirao.pt\/online\/2020\/08\/20\/cidade-com-mais-encanto-em-molelos\/#primaryimage"},"thumbnailUrl":"http:\/\/obeirao.pt\/online\/wp-content\/uploads\/2020\/08\/A-inaugura\u00e7\u00e3o-do-Jardim-em-Molelos-scaled.jpg","articleSection":["_Principal","Cidade","Regi\u00e3o","Tondela"],"inLanguage":"pt-PT"},{"@type":"WebPage","@id":"http:\/\/obeirao.pt\/online\/2020\/08\/20\/cidade-com-mais-encanto-em-molelos\/","url":"http:\/\/obeirao.pt\/online\/2020\/08\/20\/cidade-com-mais-encanto-em-molelos\/","name":"CIDADE COM MAIS ENCANTO EM MOLELOS - Beir\u00e3o Online","isPartOf":{"@id":"http:\/\/obeirao.pt\/online\/#website"},"primaryImageOfPage":{"@id":"http:\/\/obeirao.pt\/online\/2020\/08\/20\/cidade-com-mais-encanto-em-molelos\/#primaryimage"},"image":{"@id":"http:\/\/obeirao.pt\/online\/2020\/08\/20\/cidade-com-mais-encanto-em-molelos\/#primaryimage"},"thumbnailUrl":"http:\/\/obeirao.pt\/online\/wp-content\/uploads\/2020\/08\/A-inaugura\u00e7\u00e3o-do-Jardim-em-Molelos-scaled.jpg","datePublished":"2020-08-20T19:17:49+00:00","dateModified":"2020-08-20T19:31:53+00:00","author":{"@id":"http:\/\/obeirao.pt\/online\/#\/schema\/person\/efac69bb5a33873e1c1bb9c1165ff38c"},"breadcrumb":{"@id":"http:\/\/obeirao.pt\/online\/2020\/08\/20\/cidade-com-mais-encanto-em-molelos\/#breadcrumb"},"inLanguage":"pt-PT","potentialAction":[{"@type":"ReadAction","target":["http:\/\/obeirao.pt\/online\/2020\/08\/20\/cidade-com-mais-encanto-em-molelos\/"]}]},{"@type":"ImageObject","inLanguage":"pt-PT","@id":"http:\/\/obeirao.pt\/online\/2020\/08\/20\/cidade-com-mais-encanto-em-molelos\/#primaryimage","url":"http:\/\/obeirao.pt\/online\/wp-content\/uploads\/2020\/08\/A-inaugura\u00e7\u00e3o-do-Jardim-em-Molelos-scaled.jpg","contentUrl":"http:\/\/obeirao.pt\/online\/wp-content\/uploads\/2020\/08\/A-inaugura\u00e7\u00e3o-do-Jardim-em-Molelos-scaled.jpg","width":1024,"height":599,"caption":"????????????????????????????????????"},{"@type":"BreadcrumbList","@id":"http:\/\/obeirao.pt\/online\/2020\/08\/20\/cidade-com-mais-encanto-em-molelos\/#breadcrumb","itemListElement":[{"@type":"ListItem","position":1,"name":"Home","item":"http:\/\/obeirao.pt\/online\/"},{"@type":"ListItem","position":2,"name":"CIDADE COM MAIS ENCANTO EM MOLELOS"}]},{"@type":"WebSite","@id":"http:\/\/obeirao.pt\/online\/#website","url":"http:\/\/obeirao.pt\/online\/","name":"Beir\u00e3o Online","description":"www.obeirao.pt","potentialAction":[{"@type":"SearchAction","target":{"@type":"EntryPoint","urlTemplate":"http:\/\/obeirao.pt\/online\/?s={search_term_string}"},"query-input":{"@type":"PropertyValueSpecification","valueRequired":true,"valueName":"search_term_string"}}],"inLanguage":"pt-PT"},{"@type":"Person","@id":"http:\/\/obeirao.pt\/online\/#\/schema\/person\/efac69bb5a33873e1c1bb9c1165ff38c","name":"Z\u00e9 Beir\u00e3o","image":{"@type":"ImageObject","inLanguage":"pt-PT","@id":"http:\/\/0.gravatar.com\/avatar\/c8c44d1f9327baa4d27e9b1149cd71b3?s=96&d=mm&r=g","url":"http:\/\/0.gravatar.com\/avatar\/c8c44d1f9327baa4d27e9b1149cd71b3?s=96&d=mm&r=g","contentUrl":"http:\/\/0.gravatar.com\/avatar\/c8c44d1f9327baa4d27e9b1149cd71b3?s=96&d=mm&r=g","caption":"Z\u00e9 Beir\u00e3o"},"url":"http:\/\/obeirao.pt\/online\/author\/zebeirao\/"}]}},"_links":{"self":[{"href":"http:\/\/obeirao.pt\/online\/wp-json\/wp\/v2\/posts\/5528"}],"collection":[{"href":"http:\/\/obeirao.pt\/online\/wp-json\/wp\/v2\/posts"}],"about":[{"href":"http:\/\/obeirao.pt\/online\/wp-json\/wp\/v2\/types\/post"}],"author":[{"embeddable":true,"href":"http:\/\/obeirao.pt\/online\/wp-json\/wp\/v2\/users\/2"}],"replies":[{"embeddable":true,"href":"http:\/\/obeirao.pt\/online\/wp-json\/wp\/v2\/comments?post=5528"}],"version-history":[{"count":3,"href":"http:\/\/obeirao.pt\/online\/wp-json\/wp\/v2\/posts\/5528\/revisions"}],"predecessor-version":[{"id":5535,"href":"http:\/\/obeirao.pt\/online\/wp-json\/wp\/v2\/posts\/5528\/revisions\/5535"}],"wp:featuredmedia":[{"embeddable":true,"href":"http:\/\/obeirao.pt\/online\/wp-json\/wp\/v2\/media\/5529"}],"wp:attachment":[{"href":"http:\/\/obeirao.pt\/online\/wp-json\/wp\/v2\/media?parent=5528"}],"wp:term":[{"taxonomy":"category","embeddable":true,"href":"http:\/\/obeirao.pt\/online\/wp-json\/wp\/v2\/categories?post=5528"},{"taxonomy":"post_tag","embeddable":true,"href":"http:\/\/obeirao.pt\/online\/wp-json\/wp\/v2\/tags?post=5528"}],"curies":[{"name":"wp","href":"https:\/\/api.w.org\/{rel}","templated":true}]}}