{"id":5536,"date":"2020-08-20T20:45:39","date_gmt":"2020-08-20T19:45:39","guid":{"rendered":"http:\/\/obeirao.pt\/online\/?p=5536"},"modified":"2020-08-20T21:49:16","modified_gmt":"2020-08-20T20:49:16","slug":"ze-beirao","status":"publish","type":"post","link":"http:\/\/obeirao.pt\/online\/2020\/08\/20\/ze-beirao\/","title":{"rendered":"Z\u00c9 BEIR\u00c3O  &#8211;  UMA CIDADE SEMPRE MAIS DIGNA !"},"content":{"rendered":"<span class=\"span-reading-time rt-reading-time\" style=\"display: block;\"><span class=\"rt-label rt-prefix\">tempo de leitura:<\/span> <span class=\"rt-time\"> 4<\/span> <span class=\"rt-label rt-postfix\">minutos<\/span><\/span><p><strong><img loading=\"lazy\" decoding=\"async\" class=\"size-medium wp-image-4225 alignleft\" src=\"http:\/\/obeirao.pt\/online\/wp-content\/uploads\/2019\/11\/Z\u00e9-Beir\u00e3o-278x300.jpg\" alt=\"\" width=\"278\" height=\"300\" srcset=\"http:\/\/obeirao.pt\/online\/wp-content\/uploads\/2019\/11\/Z\u00e9-Beir\u00e3o-278x300.jpg 278w, http:\/\/obeirao.pt\/online\/wp-content\/uploads\/2019\/11\/Z\u00e9-Beir\u00e3o.jpg 574w\" sizes=\"(max-width: 278px) 100vw, 278px\" \/><\/strong><span style=\"font-size: 24pt;font-family: georgia, palatino, serif\"><strong>UMA CIDADE SEMPRE MAIS DIGNA !<\/strong><\/span><\/p>\n<p><span style=\"font-family: georgia, palatino, serif\"><em><strong>Na \u00faltima edi\u00e7\u00e3o do jornal &#8220;Folha de Tondela&#8221;, onde j\u00e1 colaboro h\u00e1 cerca de 60 anos, eu escrevia que Tondela, a cidade de todos n\u00f3s, exigia mais respeito, pelo facto de continuar viva a sua iniciativa privada, que a catapulta para novos patamares de progresso, que dever\u00e1 ser acarinhada e secundada pelas autarquias locais.<\/strong><\/em><\/span><!--more--><\/p>\n<p><span style=\"font-family: georgia, palatino, serif\">Isto, porque fazer avenidas bem dimensionadas, pra\u00e7as e logradouros com beleza e encanto, dotando-a, sempre, com um cada vez mais moderno mobili\u00e1rio urbano, n\u00e3o compete \u00e0 iniciativa privada, mas sim aos poderes p\u00fablicos, nomeadamente, os munic\u00edpios e o poder central.<\/span><\/p>\n<figure id=\"attachment_5539\" aria-describedby=\"caption-attachment-5539\" style=\"width: 300px\" class=\"wp-caption alignright\"><a href=\"http:\/\/obeirao.pt\/online\/wp-content\/uploads\/2020\/08\/Bairro-das-Cumeeiras-Tondela-scaled.jpg\"><img loading=\"lazy\" decoding=\"async\" class=\"wp-image-5539 size-medium\" src=\"http:\/\/obeirao.pt\/online\/wp-content\/uploads\/2020\/08\/Bairro-das-Cumeeiras-Tondela-300x179.jpg\" alt=\"\" width=\"300\" height=\"179\" srcset=\"http:\/\/obeirao.pt\/online\/wp-content\/uploads\/2020\/08\/Bairro-das-Cumeeiras-Tondela-300x179.jpg 300w, http:\/\/obeirao.pt\/online\/wp-content\/uploads\/2020\/08\/Bairro-das-Cumeeiras-Tondela-scaled.jpg 1024w, http:\/\/obeirao.pt\/online\/wp-content\/uploads\/2020\/08\/Bairro-das-Cumeeiras-Tondela-768x458.jpg 768w, http:\/\/obeirao.pt\/online\/wp-content\/uploads\/2020\/08\/Bairro-das-Cumeeiras-Tondela-640x382.jpg 640w\" sizes=\"(max-width: 300px) 100vw, 300px\" \/><\/a><figcaption id=\"caption-attachment-5539\" class=\"wp-caption-text\"><span style=\"font-size: 10pt;font-family: georgia, palatino, serif\"><em>Gaveto da Rua principal com a rua Dr. Jos\u00e9 Homem Correia Telles<\/em><\/span><\/figcaption><\/figure>\n<p><span style=\"font-family: georgia, palatino, serif\">Tondela alarga horizontes, edifica novos edif\u00edcios para habita\u00e7\u00e3o, com\u00e9rcio e servi\u00e7os e, dessa forma, cria espa\u00e7o para a fixa\u00e7\u00e3o de pessoas que, de outras aldeias e de outros concelhos, qui\u00e7\u00e1, do pr\u00f3prio pa\u00eds e at\u00e9 do estrangeiro, aqui encontram um bom acolhimento, para habitar e trabalhar e organismos p\u00fablicos de proximidade, como escolas, creches, centros de emprego e forma\u00e7\u00e3o, seguran\u00e7a social, estruturas de sa\u00fade, for\u00e7as de seguran\u00e7a, bibliotecas, museus, pavilh\u00f5es gimnodesportivos, parques urbanos, piscinas, est\u00e1dios de futebol e rugby, associa\u00e7\u00f5es desportivas e culturais e at\u00e9 uma companhia profissional de teatro. Nem \u00f3rg\u00e3os da comunica\u00e7\u00e3o social lhe faltam, em suporte de papel, digital e r\u00e1dio.<\/span><\/p>\n<p><span style=\"font-family: georgia, palatino, serif\">A cidade, com cada vez mais habitantes, requer um cada vez mais aturado olhar de quem dirige os destinos do munic\u00edpio e, para al\u00e9m de todos os pressupostos de novos est\u00e1dios de desenvolvimento urbano, onde se inclui, naturalmente, a salva\u00e7\u00e3o de um rio que mais parece um riacho, seco, por falta de um competente a\u00e7ude, infestado de matagais e de \u00e1rvores de grande porte, em que se tornaram os amieiros que, livremente, sempre cresceram no seu leito, outrora caudaloso, porque foi mais respeitado no passado.<\/span><\/p>\n<figure id=\"attachment_5290\" aria-describedby=\"caption-attachment-5290\" style=\"width: 300px\" class=\"wp-caption alignleft\"><a href=\"http:\/\/obeirao.pt\/online\/wp-content\/uploads\/2020\/05\/ocorr\u00eancia-detetada-no-rio-dinha-5.jpg\"><img loading=\"lazy\" decoding=\"async\" class=\"wp-image-5290 size-medium\" src=\"http:\/\/obeirao.pt\/online\/wp-content\/uploads\/2020\/05\/ocorr\u00eancia-detetada-no-rio-dinha-5-300x269.jpg\" alt=\"\" width=\"300\" height=\"269\" srcset=\"http:\/\/obeirao.pt\/online\/wp-content\/uploads\/2020\/05\/ocorr\u00eancia-detetada-no-rio-dinha-5-300x269.jpg 300w, http:\/\/obeirao.pt\/online\/wp-content\/uploads\/2020\/05\/ocorr\u00eancia-detetada-no-rio-dinha-5-768x688.jpg 768w, http:\/\/obeirao.pt\/online\/wp-content\/uploads\/2020\/05\/ocorr\u00eancia-detetada-no-rio-dinha-5.jpg 1024w, http:\/\/obeirao.pt\/online\/wp-content\/uploads\/2020\/05\/ocorr\u00eancia-detetada-no-rio-dinha-5-640x573.jpg 640w\" sizes=\"(max-width: 300px) 100vw, 300px\" \/><\/a><figcaption id=\"caption-attachment-5290\" class=\"wp-caption-text\"><span style=\"font-size: 10pt\"><em>A polui\u00e7\u00e3o ataca..<\/em><\/span>.<\/figcaption><\/figure>\n<p><span style=\"font-family: georgia, palatino, serif\">O rio era animado pelas gentes do burgo, nas v\u00e1rias praias do Meal, Fraga, Ponte, Levada Nova e Pego, para g\u00e1udio dos amantes da nata\u00e7\u00e3o e da pesca. Hoje, um rio destru\u00eddo, conspurcado com estercos, usado em proveito pr\u00f3prio, em detrimento do proveito dos tondelenses. Havia moinhos de farinar, lagares de azeite tocados por noras e locais de veraneio, onde o rapazio passava os seus tempos livres, muitas vezes sob os olhares das suas progenitoras que ali lavavam as suas roupas e da criadagem que, nesse sector, servia os senhores da antiga vila.<\/span><\/p>\n<p><span style=\"font-family: georgia, palatino, serif\">S\u00e3o locais de muita hist\u00f3ria dos tondelenses que merecem ser respeitados e que, actualmente, na triste condi\u00e7\u00e3o de abandonados, n\u00e3o dignificam uma cidade que se quer sempre mais bonita e atraente em todos os seus s\u00edtios.<\/span><\/p>\n<p><span style=\"font-family: georgia, palatino, serif\">Neste pressuposto, \u00e9 mister que as obras programadas para a requalifica\u00e7\u00e3o da \u201cFrente Ribeirinha\u201d do Dinha, n\u00e3o sejam proteladas por mais tempo, sob pena de vermos um rio que, no passado, era cheio de vida, agora transformado numa aut\u00eantica cloaca, onde o arvoredo cresce, cresce, sem parar. Ao menos e, para j\u00e1, que se ponha fim \u00e0 floresta.<\/span><\/p>\n<figure id=\"attachment_3906\" aria-describedby=\"caption-attachment-3906\" style=\"width: 300px\" class=\"wp-caption alignright\"><a href=\"http:\/\/obeirao.pt\/online\/wp-content\/uploads\/2019\/09\/O-rio-\u00e9-floresta....jpg\"><img loading=\"lazy\" decoding=\"async\" class=\"wp-image-3906 size-medium\" src=\"http:\/\/obeirao.pt\/online\/wp-content\/uploads\/2019\/09\/O-rio-\u00e9-floresta...-300x175.jpg\" alt=\"\" width=\"300\" height=\"175\" srcset=\"http:\/\/obeirao.pt\/online\/wp-content\/uploads\/2019\/09\/O-rio-\u00e9-floresta...-300x175.jpg 300w, http:\/\/obeirao.pt\/online\/wp-content\/uploads\/2019\/09\/O-rio-\u00e9-floresta...-768x447.jpg 768w, http:\/\/obeirao.pt\/online\/wp-content\/uploads\/2019\/09\/O-rio-\u00e9-floresta....jpg 1024w, http:\/\/obeirao.pt\/online\/wp-content\/uploads\/2019\/09\/O-rio-\u00e9-floresta...-640x372.jpg 640w\" sizes=\"(max-width: 300px) 100vw, 300px\" \/><\/a><figcaption id=\"caption-attachment-3906\" class=\"wp-caption-text\"><span style=\"font-size: 10pt\"><em><strong>O rio Dinha \u00e9 uma &#8220;floresta&#8221;&#8230;<\/strong><\/em><\/span><\/figcaption><\/figure>\n<figure id=\"attachment_5543\" aria-describedby=\"caption-attachment-5543\" style=\"width: 300px\" class=\"wp-caption alignleft\"><a href=\"http:\/\/obeirao.pt\/online\/wp-content\/uploads\/2020\/08\/Liga\u00e7\u00e3o-escolas-Carvalha-para-quando-scaled.jpg\"><img loading=\"lazy\" decoding=\"async\" class=\"wp-image-5543 size-medium\" src=\"http:\/\/obeirao.pt\/online\/wp-content\/uploads\/2020\/08\/Liga\u00e7\u00e3o-escolas-Carvalha-para-quando-300x155.jpg\" alt=\"\" width=\"300\" height=\"155\" srcset=\"http:\/\/obeirao.pt\/online\/wp-content\/uploads\/2020\/08\/Liga\u00e7\u00e3o-escolas-Carvalha-para-quando-300x155.jpg 300w, http:\/\/obeirao.pt\/online\/wp-content\/uploads\/2020\/08\/Liga\u00e7\u00e3o-escolas-Carvalha-para-quando-scaled.jpg 1024w, http:\/\/obeirao.pt\/online\/wp-content\/uploads\/2020\/08\/Liga\u00e7\u00e3o-escolas-Carvalha-para-quando-768x397.jpg 768w, http:\/\/obeirao.pt\/online\/wp-content\/uploads\/2020\/08\/Liga\u00e7\u00e3o-escolas-Carvalha-para-quando-640x331.jpg 640w\" sizes=\"(max-width: 300px) 100vw, 300px\" \/><\/a><figcaption id=\"caption-attachment-5543\" class=\"wp-caption-text\"><span style=\"font-size: 10pt\"><strong><em>Liga\u00e7\u00e3o Escolas &#8211; Carvalha, para quando ?<\/em><\/strong><\/span><\/figcaption><\/figure>\n<p><span style=\"font-family: georgia, palatino, serif\">Noutros aspectos, Tondela \u00e9 credora da melhor aten\u00e7\u00e3o em rela\u00e7\u00e3o ao estado do pavimento de muitas ruas, muito degradado em muit\u00edssimos locais, que se substituam os candeeiros partidos, meses a fio e endireitados outros que, com os tombos, ficaram tortos, que se requalifiquem alguns caminhos, caso da Rua que, em frente \u00e0 Escola Secund\u00e1ria, segue para a Carvalha ao lado de um ribeirito, que dever\u00e1 ser emanilhado e da Rua Viscondessa de Tondela, no Alto do Pend\u00e3o, sem esquecer a coloca\u00e7\u00e3o de lombas em v\u00e1rios locais da cidade, sem esquecer a Rua Frei Bernardo Castelo Branco.<\/span><\/p>\n<p><span style=\"font-family: georgia, palatino, serif\">E, claro, repor a ilumina\u00e7\u00e3o p\u00fablica onde foi cortada, caso, por exemplo, do n\u00f3 para o Carregal do Sal, com locais na mais completa penumbra. Um outro caso que se arrasta h\u00e1 meses, s\u00e3o duas lumin\u00e1rias avariadas na Rua Frei Bernardo Castelo Branco, em frente \u00e0 casa do sr. Jos\u00e9 Oct\u00e1vio, local onde moram um nonagen\u00e1rio e uma octogen\u00e1ria.<\/span><\/p>\n<p><span style=\"font-family: georgia, palatino, serif\"><a href=\"http:\/\/obeirao.pt\/online\/wp-content\/uploads\/2020\/02\/fOTO-157.jpg\"><img loading=\"lazy\" decoding=\"async\" class=\"alignright wp-image-4855 size-medium\" src=\"http:\/\/obeirao.pt\/online\/wp-content\/uploads\/2020\/02\/fOTO-157-300x200.jpg\" alt=\"\" width=\"300\" height=\"200\" srcset=\"http:\/\/obeirao.pt\/online\/wp-content\/uploads\/2020\/02\/fOTO-157-300x200.jpg 300w, http:\/\/obeirao.pt\/online\/wp-content\/uploads\/2020\/02\/fOTO-157.jpg 448w\" sizes=\"(max-width: 300px) 100vw, 300px\" \/><\/a>Uma palavra final, para o passamento de dois amigos. O M\u00e1rio, irm\u00e3o do padre Ant\u00f3nio Z\u00e9 de Figueiredo Marques e do pr\u00f3prio padre Manuel Ant\u00f3nio da Rocha Fontes Santos, mais conhecido pelo padre Rocha, dos Mission\u00e1rios Claretianos que, em boa hora, vieram para Tondela. Est\u00e1vamos no ano de 1990. Foram eles que procederam ao restauro n\u00e3o s\u00f3 da Igreja de Nossa Senhora do Carmo, a \u201cj\u00f3ia da coroa\u201d da cidade, mas tamb\u00e9m das igrejas de Tonda e de Lob\u00e3o.<\/span><\/p>\n<p><span style=\"font-family: georgia, palatino, serif\">O M\u00e1rio prestou um bom servi\u00e7o em muitas colectividades da nossa cidade que, como o padre Rocha, merecem o respeito de todos os tondelenses, que os lembra com imensas saudades.<\/span><\/p>\n<p><span style=\"font-family: georgia, palatino, serif\"><span style=\"background-color: #ffff99\"><em><strong>NOTA: Na foto, o padre Rocha, com o Bispo de Viseu, tamb\u00e9m j\u00e1 falecido, na Redac\u00e7\u00e3o do &#8220;Beir\u00e3o Online&#8221; h\u00e1 poucos anos..<\/strong><\/em><\/span>.<\/span><\/p>\n","protected":false},"excerpt":{"rendered":"<div class=\"mh-excerpt\"><span class=\"span-reading-time rt-reading-time\" style=\"display: block;\"><span class=\"rt-label rt-prefix\">tempo de leitura:<\/span> <span class=\"rt-time\"> 4<\/span> <span class=\"rt-label rt-postfix\">minutos<\/span><\/span>UMA CIDADE SEMPRE MAIS DIGNA ! Na \u00faltima edi\u00e7\u00e3o do jornal &#8220;Folha de Tondela&#8221;, onde j\u00e1 colaboro h\u00e1 cerca de 60 anos, eu escrevia que <a class=\"mh-excerpt-more\" href=\"http:\/\/obeirao.pt\/online\/2020\/08\/20\/ze-beirao\/\" title=\"Z\u00c9 BEIR\u00c3O  &#8211;  UMA CIDADE SEMPRE MAIS DIGNA !\">[&#8230;]<\/a><\/div>\n","protected":false},"author":2,"featured_media":4225,"comment_status":"closed","ping_status":"closed","sticky":false,"template":"","format":"standard","meta":{"footnotes":""},"categories":[2,18,5,4,63,21],"tags":[],"class_list":["post-5536","post","type-post","status-publish","format-standard","has-post-thumbnail","hentry","category-principal","category-artigos-de-opiniao","category-cidade","category-regiao","category-tondela","category-ze-beirao"],"yoast_head":"<!-- This site is optimized with the Yoast SEO plugin v27.4 - https:\/\/yoast.com\/product\/yoast-seo-wordpress\/ -->\n<title>Z\u00c9 BEIR\u00c3O - UMA CIDADE SEMPRE MAIS DIGNA ! - Beir\u00e3o Online<\/title>\n<meta name=\"robots\" content=\"index, follow, max-snippet:-1, max-image-preview:large, max-video-preview:-1\" \/>\n<link rel=\"canonical\" href=\"http:\/\/obeirao.pt\/online\/2020\/08\/20\/ze-beirao\/\" \/>\n<meta property=\"og:locale\" content=\"pt_PT\" \/>\n<meta property=\"og:type\" content=\"article\" \/>\n<meta property=\"og:title\" content=\"Z\u00c9 BEIR\u00c3O - UMA CIDADE SEMPRE MAIS DIGNA ! - Beir\u00e3o Online\" \/>\n<meta property=\"og:description\" content=\"tempo de leitura: 4 minutosUMA CIDADE SEMPRE MAIS DIGNA ! Na \u00faltima edi\u00e7\u00e3o do jornal &#8220;Folha de Tondela&#8221;, onde j\u00e1 colaboro h\u00e1 cerca de 60 anos, eu escrevia que [...]\" \/>\n<meta property=\"og:url\" content=\"http:\/\/obeirao.pt\/online\/2020\/08\/20\/ze-beirao\/\" \/>\n<meta property=\"og:site_name\" content=\"Beir\u00e3o Online\" \/>\n<meta property=\"article:publisher\" content=\"https:\/\/pt-br.facebook.com\/pages\/Amigos-de-Tondela\/273620439973877\" \/>\n<meta property=\"article:published_time\" content=\"2020-08-20T19:45:39+00:00\" \/>\n<meta property=\"article:modified_time\" content=\"2020-08-20T20:49:16+00:00\" \/>\n<meta property=\"og:image\" content=\"http:\/\/obeirao.pt\/online\/wp-content\/uploads\/2019\/11\/Z\u00e9-Beir\u00e3o.jpg\" \/>\n\t<meta property=\"og:image:width\" content=\"574\" \/>\n\t<meta property=\"og:image:height\" content=\"620\" \/>\n\t<meta property=\"og:image:type\" content=\"image\/jpeg\" \/>\n<meta name=\"author\" content=\"Z\u00e9 Beir\u00e3o\" \/>\n<meta name=\"twitter:card\" content=\"summary_large_image\" \/>\n<meta name=\"twitter:creator\" content=\"@JoaquimDuarteP2\" \/>\n<meta name=\"twitter:site\" content=\"@JoaquimDuarteP2\" \/>\n<meta name=\"twitter:label1\" content=\"Escrito por\" \/>\n\t<meta name=\"twitter:data1\" content=\"Z\u00e9 Beir\u00e3o\" \/>\n\t<meta name=\"twitter:label2\" content=\"Tempo estimado de leitura\" \/>\n\t<meta name=\"twitter:data2\" content=\"4 minutos\" \/>\n<script type=\"application\/ld+json\" class=\"yoast-schema-graph\">{\"@context\":\"https:\\\/\\\/schema.org\",\"@graph\":[{\"@type\":\"Article\",\"@id\":\"http:\\\/\\\/obeirao.pt\\\/online\\\/2020\\\/08\\\/20\\\/ze-beirao\\\/#article\",\"isPartOf\":{\"@id\":\"http:\\\/\\\/obeirao.pt\\\/online\\\/2020\\\/08\\\/20\\\/ze-beirao\\\/\"},\"author\":{\"name\":\"Z\u00e9 Beir\u00e3o\",\"@id\":\"http:\\\/\\\/obeirao.pt\\\/online\\\/#\\\/schema\\\/person\\\/efac69bb5a33873e1c1bb9c1165ff38c\"},\"headline\":\"Z\u00c9 BEIR\u00c3O &#8211; UMA CIDADE SEMPRE MAIS DIGNA !\",\"datePublished\":\"2020-08-20T19:45:39+00:00\",\"dateModified\":\"2020-08-20T20:49:16+00:00\",\"mainEntityOfPage\":{\"@id\":\"http:\\\/\\\/obeirao.pt\\\/online\\\/2020\\\/08\\\/20\\\/ze-beirao\\\/\"},\"wordCount\":893,\"image\":{\"@id\":\"http:\\\/\\\/obeirao.pt\\\/online\\\/2020\\\/08\\\/20\\\/ze-beirao\\\/#primaryimage\"},\"thumbnailUrl\":\"http:\\\/\\\/obeirao.pt\\\/online\\\/wp-content\\\/uploads\\\/2019\\\/11\\\/Z\u00e9-Beir\u00e3o.jpg\",\"articleSection\":[\"_Principal\",\"Artigos de Opini\u00e3o\",\"Cidade\",\"Regi\u00e3o\",\"Tondela\",\"Z\u00e9 Beir\u00e3o\"],\"inLanguage\":\"pt-PT\"},{\"@type\":\"WebPage\",\"@id\":\"http:\\\/\\\/obeirao.pt\\\/online\\\/2020\\\/08\\\/20\\\/ze-beirao\\\/\",\"url\":\"http:\\\/\\\/obeirao.pt\\\/online\\\/2020\\\/08\\\/20\\\/ze-beirao\\\/\",\"name\":\"Z\u00c9 BEIR\u00c3O - UMA CIDADE SEMPRE MAIS DIGNA ! - Beir\u00e3o Online\",\"isPartOf\":{\"@id\":\"http:\\\/\\\/obeirao.pt\\\/online\\\/#website\"},\"primaryImageOfPage\":{\"@id\":\"http:\\\/\\\/obeirao.pt\\\/online\\\/2020\\\/08\\\/20\\\/ze-beirao\\\/#primaryimage\"},\"image\":{\"@id\":\"http:\\\/\\\/obeirao.pt\\\/online\\\/2020\\\/08\\\/20\\\/ze-beirao\\\/#primaryimage\"},\"thumbnailUrl\":\"http:\\\/\\\/obeirao.pt\\\/online\\\/wp-content\\\/uploads\\\/2019\\\/11\\\/Z\u00e9-Beir\u00e3o.jpg\",\"datePublished\":\"2020-08-20T19:45:39+00:00\",\"dateModified\":\"2020-08-20T20:49:16+00:00\",\"author\":{\"@id\":\"http:\\\/\\\/obeirao.pt\\\/online\\\/#\\\/schema\\\/person\\\/efac69bb5a33873e1c1bb9c1165ff38c\"},\"breadcrumb\":{\"@id\":\"http:\\\/\\\/obeirao.pt\\\/online\\\/2020\\\/08\\\/20\\\/ze-beirao\\\/#breadcrumb\"},\"inLanguage\":\"pt-PT\",\"potentialAction\":[{\"@type\":\"ReadAction\",\"target\":[\"http:\\\/\\\/obeirao.pt\\\/online\\\/2020\\\/08\\\/20\\\/ze-beirao\\\/\"]}]},{\"@type\":\"ImageObject\",\"inLanguage\":\"pt-PT\",\"@id\":\"http:\\\/\\\/obeirao.pt\\\/online\\\/2020\\\/08\\\/20\\\/ze-beirao\\\/#primaryimage\",\"url\":\"http:\\\/\\\/obeirao.pt\\\/online\\\/wp-content\\\/uploads\\\/2019\\\/11\\\/Z\u00e9-Beir\u00e3o.jpg\",\"contentUrl\":\"http:\\\/\\\/obeirao.pt\\\/online\\\/wp-content\\\/uploads\\\/2019\\\/11\\\/Z\u00e9-Beir\u00e3o.jpg\",\"width\":574,\"height\":620},{\"@type\":\"BreadcrumbList\",\"@id\":\"http:\\\/\\\/obeirao.pt\\\/online\\\/2020\\\/08\\\/20\\\/ze-beirao\\\/#breadcrumb\",\"itemListElement\":[{\"@type\":\"ListItem\",\"position\":1,\"name\":\"Home\",\"item\":\"http:\\\/\\\/obeirao.pt\\\/online\\\/\"},{\"@type\":\"ListItem\",\"position\":2,\"name\":\"Z\u00c9 BEIR\u00c3O &#8211; UMA CIDADE SEMPRE MAIS DIGNA !\"}]},{\"@type\":\"WebSite\",\"@id\":\"http:\\\/\\\/obeirao.pt\\\/online\\\/#website\",\"url\":\"http:\\\/\\\/obeirao.pt\\\/online\\\/\",\"name\":\"Beir\u00e3o Online\",\"description\":\"www.obeirao.pt\",\"potentialAction\":[{\"@type\":\"SearchAction\",\"target\":{\"@type\":\"EntryPoint\",\"urlTemplate\":\"http:\\\/\\\/obeirao.pt\\\/online\\\/?s={search_term_string}\"},\"query-input\":{\"@type\":\"PropertyValueSpecification\",\"valueRequired\":true,\"valueName\":\"search_term_string\"}}],\"inLanguage\":\"pt-PT\"},{\"@type\":\"Person\",\"@id\":\"http:\\\/\\\/obeirao.pt\\\/online\\\/#\\\/schema\\\/person\\\/efac69bb5a33873e1c1bb9c1165ff38c\",\"name\":\"Z\u00e9 Beir\u00e3o\",\"image\":{\"@type\":\"ImageObject\",\"inLanguage\":\"pt-PT\",\"@id\":\"http:\\\/\\\/0.gravatar.com\\\/avatar\\\/c8c44d1f9327baa4d27e9b1149cd71b3?s=96&d=mm&r=g\",\"url\":\"http:\\\/\\\/0.gravatar.com\\\/avatar\\\/c8c44d1f9327baa4d27e9b1149cd71b3?s=96&d=mm&r=g\",\"contentUrl\":\"http:\\\/\\\/0.gravatar.com\\\/avatar\\\/c8c44d1f9327baa4d27e9b1149cd71b3?s=96&d=mm&r=g\",\"caption\":\"Z\u00e9 Beir\u00e3o\"},\"url\":\"http:\\\/\\\/obeirao.pt\\\/online\\\/author\\\/zebeirao\\\/\"}]}<\/script>\n<!-- \/ Yoast SEO plugin. -->","yoast_head_json":{"title":"Z\u00c9 BEIR\u00c3O - UMA CIDADE SEMPRE MAIS DIGNA ! - Beir\u00e3o Online","robots":{"index":"index","follow":"follow","max-snippet":"max-snippet:-1","max-image-preview":"max-image-preview:large","max-video-preview":"max-video-preview:-1"},"canonical":"http:\/\/obeirao.pt\/online\/2020\/08\/20\/ze-beirao\/","og_locale":"pt_PT","og_type":"article","og_title":"Z\u00c9 BEIR\u00c3O - UMA CIDADE SEMPRE MAIS DIGNA ! - Beir\u00e3o Online","og_description":"tempo de leitura: 4 minutosUMA CIDADE SEMPRE MAIS DIGNA ! Na \u00faltima edi\u00e7\u00e3o do jornal &#8220;Folha de Tondela&#8221;, onde j\u00e1 colaboro h\u00e1 cerca de 60 anos, eu escrevia que [...]","og_url":"http:\/\/obeirao.pt\/online\/2020\/08\/20\/ze-beirao\/","og_site_name":"Beir\u00e3o Online","article_publisher":"https:\/\/pt-br.facebook.com\/pages\/Amigos-de-Tondela\/273620439973877","article_published_time":"2020-08-20T19:45:39+00:00","article_modified_time":"2020-08-20T20:49:16+00:00","og_image":[{"width":574,"height":620,"url":"http:\/\/obeirao.pt\/online\/wp-content\/uploads\/2019\/11\/Z\u00e9-Beir\u00e3o.jpg","type":"image\/jpeg"}],"author":"Z\u00e9 Beir\u00e3o","twitter_card":"summary_large_image","twitter_creator":"@JoaquimDuarteP2","twitter_site":"@JoaquimDuarteP2","twitter_misc":{"Escrito por":"Z\u00e9 Beir\u00e3o","Tempo estimado de leitura":"4 minutos"},"schema":{"@context":"https:\/\/schema.org","@graph":[{"@type":"Article","@id":"http:\/\/obeirao.pt\/online\/2020\/08\/20\/ze-beirao\/#article","isPartOf":{"@id":"http:\/\/obeirao.pt\/online\/2020\/08\/20\/ze-beirao\/"},"author":{"name":"Z\u00e9 Beir\u00e3o","@id":"http:\/\/obeirao.pt\/online\/#\/schema\/person\/efac69bb5a33873e1c1bb9c1165ff38c"},"headline":"Z\u00c9 BEIR\u00c3O &#8211; UMA CIDADE SEMPRE MAIS DIGNA !","datePublished":"2020-08-20T19:45:39+00:00","dateModified":"2020-08-20T20:49:16+00:00","mainEntityOfPage":{"@id":"http:\/\/obeirao.pt\/online\/2020\/08\/20\/ze-beirao\/"},"wordCount":893,"image":{"@id":"http:\/\/obeirao.pt\/online\/2020\/08\/20\/ze-beirao\/#primaryimage"},"thumbnailUrl":"http:\/\/obeirao.pt\/online\/wp-content\/uploads\/2019\/11\/Z\u00e9-Beir\u00e3o.jpg","articleSection":["_Principal","Artigos de Opini\u00e3o","Cidade","Regi\u00e3o","Tondela","Z\u00e9 Beir\u00e3o"],"inLanguage":"pt-PT"},{"@type":"WebPage","@id":"http:\/\/obeirao.pt\/online\/2020\/08\/20\/ze-beirao\/","url":"http:\/\/obeirao.pt\/online\/2020\/08\/20\/ze-beirao\/","name":"Z\u00c9 BEIR\u00c3O - UMA CIDADE SEMPRE MAIS DIGNA ! - Beir\u00e3o Online","isPartOf":{"@id":"http:\/\/obeirao.pt\/online\/#website"},"primaryImageOfPage":{"@id":"http:\/\/obeirao.pt\/online\/2020\/08\/20\/ze-beirao\/#primaryimage"},"image":{"@id":"http:\/\/obeirao.pt\/online\/2020\/08\/20\/ze-beirao\/#primaryimage"},"thumbnailUrl":"http:\/\/obeirao.pt\/online\/wp-content\/uploads\/2019\/11\/Z\u00e9-Beir\u00e3o.jpg","datePublished":"2020-08-20T19:45:39+00:00","dateModified":"2020-08-20T20:49:16+00:00","author":{"@id":"http:\/\/obeirao.pt\/online\/#\/schema\/person\/efac69bb5a33873e1c1bb9c1165ff38c"},"breadcrumb":{"@id":"http:\/\/obeirao.pt\/online\/2020\/08\/20\/ze-beirao\/#breadcrumb"},"inLanguage":"pt-PT","potentialAction":[{"@type":"ReadAction","target":["http:\/\/obeirao.pt\/online\/2020\/08\/20\/ze-beirao\/"]}]},{"@type":"ImageObject","inLanguage":"pt-PT","@id":"http:\/\/obeirao.pt\/online\/2020\/08\/20\/ze-beirao\/#primaryimage","url":"http:\/\/obeirao.pt\/online\/wp-content\/uploads\/2019\/11\/Z\u00e9-Beir\u00e3o.jpg","contentUrl":"http:\/\/obeirao.pt\/online\/wp-content\/uploads\/2019\/11\/Z\u00e9-Beir\u00e3o.jpg","width":574,"height":620},{"@type":"BreadcrumbList","@id":"http:\/\/obeirao.pt\/online\/2020\/08\/20\/ze-beirao\/#breadcrumb","itemListElement":[{"@type":"ListItem","position":1,"name":"Home","item":"http:\/\/obeirao.pt\/online\/"},{"@type":"ListItem","position":2,"name":"Z\u00c9 BEIR\u00c3O &#8211; UMA CIDADE SEMPRE MAIS DIGNA !"}]},{"@type":"WebSite","@id":"http:\/\/obeirao.pt\/online\/#website","url":"http:\/\/obeirao.pt\/online\/","name":"Beir\u00e3o Online","description":"www.obeirao.pt","potentialAction":[{"@type":"SearchAction","target":{"@type":"EntryPoint","urlTemplate":"http:\/\/obeirao.pt\/online\/?s={search_term_string}"},"query-input":{"@type":"PropertyValueSpecification","valueRequired":true,"valueName":"search_term_string"}}],"inLanguage":"pt-PT"},{"@type":"Person","@id":"http:\/\/obeirao.pt\/online\/#\/schema\/person\/efac69bb5a33873e1c1bb9c1165ff38c","name":"Z\u00e9 Beir\u00e3o","image":{"@type":"ImageObject","inLanguage":"pt-PT","@id":"http:\/\/0.gravatar.com\/avatar\/c8c44d1f9327baa4d27e9b1149cd71b3?s=96&d=mm&r=g","url":"http:\/\/0.gravatar.com\/avatar\/c8c44d1f9327baa4d27e9b1149cd71b3?s=96&d=mm&r=g","contentUrl":"http:\/\/0.gravatar.com\/avatar\/c8c44d1f9327baa4d27e9b1149cd71b3?s=96&d=mm&r=g","caption":"Z\u00e9 Beir\u00e3o"},"url":"http:\/\/obeirao.pt\/online\/author\/zebeirao\/"}]}},"_links":{"self":[{"href":"http:\/\/obeirao.pt\/online\/wp-json\/wp\/v2\/posts\/5536"}],"collection":[{"href":"http:\/\/obeirao.pt\/online\/wp-json\/wp\/v2\/posts"}],"about":[{"href":"http:\/\/obeirao.pt\/online\/wp-json\/wp\/v2\/types\/post"}],"author":[{"embeddable":true,"href":"http:\/\/obeirao.pt\/online\/wp-json\/wp\/v2\/users\/2"}],"replies":[{"embeddable":true,"href":"http:\/\/obeirao.pt\/online\/wp-json\/wp\/v2\/comments?post=5536"}],"version-history":[{"count":6,"href":"http:\/\/obeirao.pt\/online\/wp-json\/wp\/v2\/posts\/5536\/revisions"}],"predecessor-version":[{"id":5544,"href":"http:\/\/obeirao.pt\/online\/wp-json\/wp\/v2\/posts\/5536\/revisions\/5544"}],"wp:featuredmedia":[{"embeddable":true,"href":"http:\/\/obeirao.pt\/online\/wp-json\/wp\/v2\/media\/4225"}],"wp:attachment":[{"href":"http:\/\/obeirao.pt\/online\/wp-json\/wp\/v2\/media?parent=5536"}],"wp:term":[{"taxonomy":"category","embeddable":true,"href":"http:\/\/obeirao.pt\/online\/wp-json\/wp\/v2\/categories?post=5536"},{"taxonomy":"post_tag","embeddable":true,"href":"http:\/\/obeirao.pt\/online\/wp-json\/wp\/v2\/tags?post=5536"}],"curies":[{"name":"wp","href":"https:\/\/api.w.org\/{rel}","templated":true}]}}