{"id":5876,"date":"2021-01-22T12:52:49","date_gmt":"2021-01-22T12:52:49","guid":{"rendered":"http:\/\/obeirao.pt\/online\/?p=5876"},"modified":"2021-03-18T10:18:04","modified_gmt":"2021-03-18T10:18:04","slug":"mau-tempo-vento-fez-derrubar-arvores-e-so-em-viseu-houve-mais-de-60-ocorrencias","status":"publish","type":"post","link":"http:\/\/obeirao.pt\/online\/2021\/01\/22\/mau-tempo-vento-fez-derrubar-arvores-e-so-em-viseu-houve-mais-de-60-ocorrencias\/","title":{"rendered":"MAU TEMPO: VENTO FEZ DERRUBAR \u00c1RVORES E S\u00d3 EM VISEU HOUVE MAIS DE 60 OCORR\u00caNCIAS"},"content":{"rendered":"<span class=\"span-reading-time rt-reading-time\" style=\"display: block;\"><span class=\"rt-label rt-prefix\">tempo de leitura:<\/span> <span class=\"rt-time\"> 2<\/span> <span class=\"rt-label rt-postfix\">minutos<\/span><\/span><p><span style=\"font-size: 24pt\"><strong><a href=\"http:\/\/obeirao.pt\/online\/wp-content\/uploads\/2021\/01\/Queda-de-\u00e1rvores-arquivo-1.jpg\"><img loading=\"lazy\" decoding=\"async\" class=\"alignleft wp-image-5877 size-medium\" src=\"http:\/\/obeirao.pt\/online\/wp-content\/uploads\/2021\/01\/Queda-de-\u00e1rvores-arquivo-1-300x225.jpg\" alt=\"\" width=\"300\" height=\"225\" srcset=\"http:\/\/obeirao.pt\/online\/wp-content\/uploads\/2021\/01\/Queda-de-\u00e1rvores-arquivo-1-300x225.jpg 300w, http:\/\/obeirao.pt\/online\/wp-content\/uploads\/2021\/01\/Queda-de-\u00e1rvores-arquivo-1-768x576.jpg 768w, http:\/\/obeirao.pt\/online\/wp-content\/uploads\/2021\/01\/Queda-de-\u00e1rvores-arquivo-1-640x480.jpg 640w, http:\/\/obeirao.pt\/online\/wp-content\/uploads\/2021\/01\/Queda-de-\u00e1rvores-arquivo-1-678x509.jpg 678w, http:\/\/obeirao.pt\/online\/wp-content\/uploads\/2021\/01\/Queda-de-\u00e1rvores-arquivo-1-326x245.jpg 326w, http:\/\/obeirao.pt\/online\/wp-content\/uploads\/2021\/01\/Queda-de-\u00e1rvores-arquivo-1-80x60.jpg 80w, http:\/\/obeirao.pt\/online\/wp-content\/uploads\/2021\/01\/Queda-de-\u00e1rvores-arquivo-1.jpg 960w\" sizes=\"(max-width: 300px) 100vw, 300px\" \/><\/a><\/strong><\/span><span style=\"font-family: georgia, palatino, serif\"><strong><em>O vento forte que soprou durante a noite provocou quedas de \u00e1rvores em Portugal continental e s\u00f3 no distrito de Viseu foram registadas 60 ocorr\u00eancias, sem gravidade.<\/em><\/strong><!--more--><\/span><\/p>\n<p><span style=\"font-family: georgia, palatino, serif\">S\u00f3 no distrito de Viseu, fonte do Comando Distrital de Opera\u00e7\u00f5es de Socorro (CDOS) disse terem sido j\u00e1 reportadas cerca de 60 ocorr\u00eancias relacionadas com quedas de \u00e1rvores, entre as 00:00 e as 06:30 devido ao vento forte.<\/span><\/p>\n<p><span style=\"font-family: georgia, palatino, serif\">\u201cRegist\u00e1mos 63 ocorr\u00eancias no distrito relacionadas com quedas de \u00e1rvores, postes e placas de tr\u00e2nsito por causa do vento forte, mas nenhuma situa\u00e7\u00e3o grave\u201d, disse a fonte.<\/span><\/p>\n<p><span style=\"font-family: georgia, palatino, serif\">A Estrada Nacional 16, que liga Viseu a S\u00e3o Pedro do Sul, esteve cortada para limpeza da via na sequ\u00eancia da queda de algumas \u00e1rvores de grande porte, mobilizando 20 operacionais, com o apoio de nove ve\u00edculos.<\/span><\/p>\n<p><span style=\"font-family: georgia, palatino, serif\">\u201cA Estrada j\u00e1 n\u00e3o se encontra cortada\u201d, adiantou a fonte do CDOS de Viseu.<\/span><\/p>\n<p><span style=\"font-family: georgia, palatino, serif\">Portugal continental est\u00e1 a ser afectado hoje por chuva e vento forte e agita\u00e7\u00e3o mar\u00edtima devido \u00e0 passagem de sistemas frontais associados \u00e0 depress\u00e3o Hortense, segundo o Instituto Portugu\u00eas do Mar e da Atmosfera (IPMA).<\/span><\/p>\n<p><span style=\"font-family: georgia, palatino, serif\">Na sequ\u00eancia da previs\u00e3o, o IPMA colocou os distritos de Castelo Branco e Guarda sob aviso laranja at\u00e9 \u00e0s 09:00 de hoje devido \u00e0 previs\u00e3o de oeste com rajadas at\u00e9 95 quil\u00f3metros por hora, sendo at\u00e9 120 quil\u00f3metros por hora (km\/h) nas terras altas.<\/span><\/p>\n<p><span style=\"font-family: georgia, palatino, serif\">Tamb\u00e9m por causa do vento, o IPMA colocou sob aviso amarelo os distritos de Viana do Castelo, Braga, Porto, Vila Real, Bragan\u00e7a, Aveiro, Viseu e Coimbra, at\u00e9 \u00e0s 12:00 de hoje, prevendo-se rajadas at\u00e9 70 km\/h, sendo at\u00e9 90 km\/h nas terras altas.<\/span><\/p>\n<p><span style=\"font-family: georgia, palatino, serif\">Os distritos de Viana do Castelo, Braga, Porto, Viseu, Vila Real, Bragan\u00e7a e Castelo Branco est\u00e3o igualmente sob aviso amarelo devido \u00e0 queda de neve acima da cota dos 1200 metros at\u00e9 \u00e0s 15:00 de hoje.<\/span><\/p>\n<p><span style=\"font-family: georgia, palatino, serif\">O IPMA colocou ainda os distritos de Viana do Castelo, Porto, Braga, Aveiro, Coimbra, Leiria e Lisboa sob aviso laranja at\u00e9 \u00e0s 22:00 de hoje devido \u00e0 agita\u00e7\u00e3o mar\u00edtima com ondas de noroeste com 5 a 6 metros, podendo atingir 10 a 12 metros de altura m\u00e1xima, passando depois a amarelo at\u00e9 \u00e0s 09:00 de s\u00e1bado.<\/span><\/p>\n<p><span style=\"font-family: georgia, palatino, serif\">O aviso laranja indica situa\u00e7\u00e3o meteorol\u00f3gica de risco moderado a elevado e o amarelo \u00e9 emitido pelo IPMA sempre que existe risco para determinadas actividades dependentes da situa\u00e7\u00e3o meteorol\u00f3gica.<\/span><\/p>\n","protected":false},"excerpt":{"rendered":"<div class=\"mh-excerpt\"><span class=\"span-reading-time rt-reading-time\" style=\"display: block;\"><span class=\"rt-label rt-prefix\">tempo de leitura:<\/span> <span class=\"rt-time\"> 2<\/span> <span class=\"rt-label rt-postfix\">minutos<\/span><\/span>O vento forte que soprou durante a noite provocou quedas de \u00e1rvores em Portugal continental e s\u00f3 no distrito de Viseu foram registadas 60 ocorr\u00eancias, <a class=\"mh-excerpt-more\" href=\"http:\/\/obeirao.pt\/online\/2021\/01\/22\/mau-tempo-vento-fez-derrubar-arvores-e-so-em-viseu-houve-mais-de-60-ocorrencias\/\" title=\"MAU TEMPO: VENTO FEZ DERRUBAR \u00c1RVORES E S\u00d3 EM VISEU HOUVE MAIS DE 60 OCORR\u00caNCIAS\">[&#8230;]<\/a><\/div>\n","protected":false},"author":2,"featured_media":5877,"comment_status":"closed","ping_status":"closed","sticky":false,"template":"","format":"standard","meta":{"footnotes":""},"categories":[2,201],"tags":[],"class_list":["post-5876","post","type-post","status-publish","format-standard","has-post-thumbnail","hentry","category-principal","category-viseu-comunidade-intermunicipal-viseu-dao-lafoes"],"yoast_head":"<!-- This site is optimized with the Yoast SEO plugin v27.4 - https:\/\/yoast.com\/product\/yoast-seo-wordpress\/ -->\n<title>MAU TEMPO: VENTO FEZ DERRUBAR \u00c1RVORES E S\u00d3 EM VISEU HOUVE MAIS DE 60 OCORR\u00caNCIAS - Beir\u00e3o Online<\/title>\n<meta name=\"robots\" content=\"index, follow, max-snippet:-1, max-image-preview:large, max-video-preview:-1\" \/>\n<link rel=\"canonical\" href=\"http:\/\/obeirao.pt\/online\/2021\/01\/22\/mau-tempo-vento-fez-derrubar-arvores-e-so-em-viseu-houve-mais-de-60-ocorrencias\/\" \/>\n<meta property=\"og:locale\" content=\"pt_PT\" \/>\n<meta property=\"og:type\" content=\"article\" \/>\n<meta property=\"og:title\" content=\"MAU TEMPO: VENTO FEZ DERRUBAR \u00c1RVORES E S\u00d3 EM VISEU HOUVE MAIS DE 60 OCORR\u00caNCIAS - Beir\u00e3o Online\" \/>\n<meta property=\"og:description\" content=\"tempo de leitura: 2 minutosO vento forte que soprou durante a noite provocou quedas de \u00e1rvores em Portugal continental e s\u00f3 no distrito de Viseu foram registadas 60 ocorr\u00eancias, [...]\" \/>\n<meta property=\"og:url\" content=\"http:\/\/obeirao.pt\/online\/2021\/01\/22\/mau-tempo-vento-fez-derrubar-arvores-e-so-em-viseu-houve-mais-de-60-ocorrencias\/\" \/>\n<meta property=\"og:site_name\" content=\"Beir\u00e3o Online\" \/>\n<meta property=\"article:publisher\" content=\"https:\/\/pt-br.facebook.com\/pages\/Amigos-de-Tondela\/273620439973877\" \/>\n<meta property=\"article:published_time\" content=\"2021-01-22T12:52:49+00:00\" \/>\n<meta property=\"article:modified_time\" content=\"2021-03-18T10:18:04+00:00\" \/>\n<meta property=\"og:image\" content=\"http:\/\/obeirao.pt\/online\/wp-content\/uploads\/2021\/01\/Queda-de-\u00e1rvores-arquivo-1.jpg\" \/>\n\t<meta property=\"og:image:width\" content=\"960\" \/>\n\t<meta property=\"og:image:height\" content=\"720\" \/>\n\t<meta property=\"og:image:type\" content=\"image\/jpeg\" \/>\n<meta name=\"author\" content=\"Z\u00e9 Beir\u00e3o\" \/>\n<meta name=\"twitter:card\" content=\"summary_large_image\" \/>\n<meta name=\"twitter:creator\" content=\"@JoaquimDuarteP2\" \/>\n<meta name=\"twitter:site\" content=\"@JoaquimDuarteP2\" \/>\n<meta name=\"twitter:label1\" content=\"Escrito por\" \/>\n\t<meta name=\"twitter:data1\" content=\"Z\u00e9 Beir\u00e3o\" \/>\n\t<meta name=\"twitter:label2\" content=\"Tempo estimado de leitura\" \/>\n\t<meta name=\"twitter:data2\" content=\"2 minutos\" \/>\n<script type=\"application\/ld+json\" class=\"yoast-schema-graph\">{\"@context\":\"https:\\\/\\\/schema.org\",\"@graph\":[{\"@type\":\"Article\",\"@id\":\"http:\\\/\\\/obeirao.pt\\\/online\\\/2021\\\/01\\\/22\\\/mau-tempo-vento-fez-derrubar-arvores-e-so-em-viseu-houve-mais-de-60-ocorrencias\\\/#article\",\"isPartOf\":{\"@id\":\"http:\\\/\\\/obeirao.pt\\\/online\\\/2021\\\/01\\\/22\\\/mau-tempo-vento-fez-derrubar-arvores-e-so-em-viseu-houve-mais-de-60-ocorrencias\\\/\"},\"author\":{\"name\":\"Z\u00e9 Beir\u00e3o\",\"@id\":\"http:\\\/\\\/obeirao.pt\\\/online\\\/#\\\/schema\\\/person\\\/efac69bb5a33873e1c1bb9c1165ff38c\"},\"headline\":\"MAU TEMPO: VENTO FEZ DERRUBAR \u00c1RVORES E S\u00d3 EM VISEU HOUVE MAIS DE 60 OCORR\u00caNCIAS\",\"datePublished\":\"2021-01-22T12:52:49+00:00\",\"dateModified\":\"2021-03-18T10:18:04+00:00\",\"mainEntityOfPage\":{\"@id\":\"http:\\\/\\\/obeirao.pt\\\/online\\\/2021\\\/01\\\/22\\\/mau-tempo-vento-fez-derrubar-arvores-e-so-em-viseu-houve-mais-de-60-ocorrencias\\\/\"},\"wordCount\":409,\"image\":{\"@id\":\"http:\\\/\\\/obeirao.pt\\\/online\\\/2021\\\/01\\\/22\\\/mau-tempo-vento-fez-derrubar-arvores-e-so-em-viseu-houve-mais-de-60-ocorrencias\\\/#primaryimage\"},\"thumbnailUrl\":\"http:\\\/\\\/obeirao.pt\\\/online\\\/wp-content\\\/uploads\\\/2021\\\/01\\\/Queda-de-\u00e1rvores-arquivo-1.jpg\",\"articleSection\":[\"_Principal\",\"Viseu\"],\"inLanguage\":\"pt-PT\"},{\"@type\":\"WebPage\",\"@id\":\"http:\\\/\\\/obeirao.pt\\\/online\\\/2021\\\/01\\\/22\\\/mau-tempo-vento-fez-derrubar-arvores-e-so-em-viseu-houve-mais-de-60-ocorrencias\\\/\",\"url\":\"http:\\\/\\\/obeirao.pt\\\/online\\\/2021\\\/01\\\/22\\\/mau-tempo-vento-fez-derrubar-arvores-e-so-em-viseu-houve-mais-de-60-ocorrencias\\\/\",\"name\":\"MAU TEMPO: VENTO FEZ DERRUBAR \u00c1RVORES E S\u00d3 EM VISEU HOUVE MAIS DE 60 OCORR\u00caNCIAS - Beir\u00e3o Online\",\"isPartOf\":{\"@id\":\"http:\\\/\\\/obeirao.pt\\\/online\\\/#website\"},\"primaryImageOfPage\":{\"@id\":\"http:\\\/\\\/obeirao.pt\\\/online\\\/2021\\\/01\\\/22\\\/mau-tempo-vento-fez-derrubar-arvores-e-so-em-viseu-houve-mais-de-60-ocorrencias\\\/#primaryimage\"},\"image\":{\"@id\":\"http:\\\/\\\/obeirao.pt\\\/online\\\/2021\\\/01\\\/22\\\/mau-tempo-vento-fez-derrubar-arvores-e-so-em-viseu-houve-mais-de-60-ocorrencias\\\/#primaryimage\"},\"thumbnailUrl\":\"http:\\\/\\\/obeirao.pt\\\/online\\\/wp-content\\\/uploads\\\/2021\\\/01\\\/Queda-de-\u00e1rvores-arquivo-1.jpg\",\"datePublished\":\"2021-01-22T12:52:49+00:00\",\"dateModified\":\"2021-03-18T10:18:04+00:00\",\"author\":{\"@id\":\"http:\\\/\\\/obeirao.pt\\\/online\\\/#\\\/schema\\\/person\\\/efac69bb5a33873e1c1bb9c1165ff38c\"},\"breadcrumb\":{\"@id\":\"http:\\\/\\\/obeirao.pt\\\/online\\\/2021\\\/01\\\/22\\\/mau-tempo-vento-fez-derrubar-arvores-e-so-em-viseu-houve-mais-de-60-ocorrencias\\\/#breadcrumb\"},\"inLanguage\":\"pt-PT\",\"potentialAction\":[{\"@type\":\"ReadAction\",\"target\":[\"http:\\\/\\\/obeirao.pt\\\/online\\\/2021\\\/01\\\/22\\\/mau-tempo-vento-fez-derrubar-arvores-e-so-em-viseu-houve-mais-de-60-ocorrencias\\\/\"]}]},{\"@type\":\"ImageObject\",\"inLanguage\":\"pt-PT\",\"@id\":\"http:\\\/\\\/obeirao.pt\\\/online\\\/2021\\\/01\\\/22\\\/mau-tempo-vento-fez-derrubar-arvores-e-so-em-viseu-houve-mais-de-60-ocorrencias\\\/#primaryimage\",\"url\":\"http:\\\/\\\/obeirao.pt\\\/online\\\/wp-content\\\/uploads\\\/2021\\\/01\\\/Queda-de-\u00e1rvores-arquivo-1.jpg\",\"contentUrl\":\"http:\\\/\\\/obeirao.pt\\\/online\\\/wp-content\\\/uploads\\\/2021\\\/01\\\/Queda-de-\u00e1rvores-arquivo-1.jpg\",\"width\":960,\"height\":720},{\"@type\":\"BreadcrumbList\",\"@id\":\"http:\\\/\\\/obeirao.pt\\\/online\\\/2021\\\/01\\\/22\\\/mau-tempo-vento-fez-derrubar-arvores-e-so-em-viseu-houve-mais-de-60-ocorrencias\\\/#breadcrumb\",\"itemListElement\":[{\"@type\":\"ListItem\",\"position\":1,\"name\":\"Home\",\"item\":\"http:\\\/\\\/obeirao.pt\\\/online\\\/\"},{\"@type\":\"ListItem\",\"position\":2,\"name\":\"MAU TEMPO: VENTO FEZ DERRUBAR \u00c1RVORES E S\u00d3 EM VISEU HOUVE MAIS DE 60 OCORR\u00caNCIAS\"}]},{\"@type\":\"WebSite\",\"@id\":\"http:\\\/\\\/obeirao.pt\\\/online\\\/#website\",\"url\":\"http:\\\/\\\/obeirao.pt\\\/online\\\/\",\"name\":\"Beir\u00e3o Online\",\"description\":\"www.obeirao.pt\",\"potentialAction\":[{\"@type\":\"SearchAction\",\"target\":{\"@type\":\"EntryPoint\",\"urlTemplate\":\"http:\\\/\\\/obeirao.pt\\\/online\\\/?s={search_term_string}\"},\"query-input\":{\"@type\":\"PropertyValueSpecification\",\"valueRequired\":true,\"valueName\":\"search_term_string\"}}],\"inLanguage\":\"pt-PT\"},{\"@type\":\"Person\",\"@id\":\"http:\\\/\\\/obeirao.pt\\\/online\\\/#\\\/schema\\\/person\\\/efac69bb5a33873e1c1bb9c1165ff38c\",\"name\":\"Z\u00e9 Beir\u00e3o\",\"image\":{\"@type\":\"ImageObject\",\"inLanguage\":\"pt-PT\",\"@id\":\"http:\\\/\\\/0.gravatar.com\\\/avatar\\\/c8c44d1f9327baa4d27e9b1149cd71b3?s=96&d=mm&r=g\",\"url\":\"http:\\\/\\\/0.gravatar.com\\\/avatar\\\/c8c44d1f9327baa4d27e9b1149cd71b3?s=96&d=mm&r=g\",\"contentUrl\":\"http:\\\/\\\/0.gravatar.com\\\/avatar\\\/c8c44d1f9327baa4d27e9b1149cd71b3?s=96&d=mm&r=g\",\"caption\":\"Z\u00e9 Beir\u00e3o\"},\"url\":\"http:\\\/\\\/obeirao.pt\\\/online\\\/author\\\/zebeirao\\\/\"}]}<\/script>\n<!-- \/ Yoast SEO plugin. -->","yoast_head_json":{"title":"MAU TEMPO: VENTO FEZ DERRUBAR \u00c1RVORES E S\u00d3 EM VISEU HOUVE MAIS DE 60 OCORR\u00caNCIAS - Beir\u00e3o Online","robots":{"index":"index","follow":"follow","max-snippet":"max-snippet:-1","max-image-preview":"max-image-preview:large","max-video-preview":"max-video-preview:-1"},"canonical":"http:\/\/obeirao.pt\/online\/2021\/01\/22\/mau-tempo-vento-fez-derrubar-arvores-e-so-em-viseu-houve-mais-de-60-ocorrencias\/","og_locale":"pt_PT","og_type":"article","og_title":"MAU TEMPO: VENTO FEZ DERRUBAR \u00c1RVORES E S\u00d3 EM VISEU HOUVE MAIS DE 60 OCORR\u00caNCIAS - Beir\u00e3o Online","og_description":"tempo de leitura: 2 minutosO vento forte que soprou durante a noite provocou quedas de \u00e1rvores em Portugal continental e s\u00f3 no distrito de Viseu foram registadas 60 ocorr\u00eancias, [...]","og_url":"http:\/\/obeirao.pt\/online\/2021\/01\/22\/mau-tempo-vento-fez-derrubar-arvores-e-so-em-viseu-houve-mais-de-60-ocorrencias\/","og_site_name":"Beir\u00e3o Online","article_publisher":"https:\/\/pt-br.facebook.com\/pages\/Amigos-de-Tondela\/273620439973877","article_published_time":"2021-01-22T12:52:49+00:00","article_modified_time":"2021-03-18T10:18:04+00:00","og_image":[{"width":960,"height":720,"url":"http:\/\/obeirao.pt\/online\/wp-content\/uploads\/2021\/01\/Queda-de-\u00e1rvores-arquivo-1.jpg","type":"image\/jpeg"}],"author":"Z\u00e9 Beir\u00e3o","twitter_card":"summary_large_image","twitter_creator":"@JoaquimDuarteP2","twitter_site":"@JoaquimDuarteP2","twitter_misc":{"Escrito por":"Z\u00e9 Beir\u00e3o","Tempo estimado de leitura":"2 minutos"},"schema":{"@context":"https:\/\/schema.org","@graph":[{"@type":"Article","@id":"http:\/\/obeirao.pt\/online\/2021\/01\/22\/mau-tempo-vento-fez-derrubar-arvores-e-so-em-viseu-houve-mais-de-60-ocorrencias\/#article","isPartOf":{"@id":"http:\/\/obeirao.pt\/online\/2021\/01\/22\/mau-tempo-vento-fez-derrubar-arvores-e-so-em-viseu-houve-mais-de-60-ocorrencias\/"},"author":{"name":"Z\u00e9 Beir\u00e3o","@id":"http:\/\/obeirao.pt\/online\/#\/schema\/person\/efac69bb5a33873e1c1bb9c1165ff38c"},"headline":"MAU TEMPO: VENTO FEZ DERRUBAR \u00c1RVORES E S\u00d3 EM VISEU HOUVE MAIS DE 60 OCORR\u00caNCIAS","datePublished":"2021-01-22T12:52:49+00:00","dateModified":"2021-03-18T10:18:04+00:00","mainEntityOfPage":{"@id":"http:\/\/obeirao.pt\/online\/2021\/01\/22\/mau-tempo-vento-fez-derrubar-arvores-e-so-em-viseu-houve-mais-de-60-ocorrencias\/"},"wordCount":409,"image":{"@id":"http:\/\/obeirao.pt\/online\/2021\/01\/22\/mau-tempo-vento-fez-derrubar-arvores-e-so-em-viseu-houve-mais-de-60-ocorrencias\/#primaryimage"},"thumbnailUrl":"http:\/\/obeirao.pt\/online\/wp-content\/uploads\/2021\/01\/Queda-de-\u00e1rvores-arquivo-1.jpg","articleSection":["_Principal","Viseu"],"inLanguage":"pt-PT"},{"@type":"WebPage","@id":"http:\/\/obeirao.pt\/online\/2021\/01\/22\/mau-tempo-vento-fez-derrubar-arvores-e-so-em-viseu-houve-mais-de-60-ocorrencias\/","url":"http:\/\/obeirao.pt\/online\/2021\/01\/22\/mau-tempo-vento-fez-derrubar-arvores-e-so-em-viseu-houve-mais-de-60-ocorrencias\/","name":"MAU TEMPO: VENTO FEZ DERRUBAR \u00c1RVORES E S\u00d3 EM VISEU HOUVE MAIS DE 60 OCORR\u00caNCIAS - Beir\u00e3o Online","isPartOf":{"@id":"http:\/\/obeirao.pt\/online\/#website"},"primaryImageOfPage":{"@id":"http:\/\/obeirao.pt\/online\/2021\/01\/22\/mau-tempo-vento-fez-derrubar-arvores-e-so-em-viseu-houve-mais-de-60-ocorrencias\/#primaryimage"},"image":{"@id":"http:\/\/obeirao.pt\/online\/2021\/01\/22\/mau-tempo-vento-fez-derrubar-arvores-e-so-em-viseu-houve-mais-de-60-ocorrencias\/#primaryimage"},"thumbnailUrl":"http:\/\/obeirao.pt\/online\/wp-content\/uploads\/2021\/01\/Queda-de-\u00e1rvores-arquivo-1.jpg","datePublished":"2021-01-22T12:52:49+00:00","dateModified":"2021-03-18T10:18:04+00:00","author":{"@id":"http:\/\/obeirao.pt\/online\/#\/schema\/person\/efac69bb5a33873e1c1bb9c1165ff38c"},"breadcrumb":{"@id":"http:\/\/obeirao.pt\/online\/2021\/01\/22\/mau-tempo-vento-fez-derrubar-arvores-e-so-em-viseu-houve-mais-de-60-ocorrencias\/#breadcrumb"},"inLanguage":"pt-PT","potentialAction":[{"@type":"ReadAction","target":["http:\/\/obeirao.pt\/online\/2021\/01\/22\/mau-tempo-vento-fez-derrubar-arvores-e-so-em-viseu-houve-mais-de-60-ocorrencias\/"]}]},{"@type":"ImageObject","inLanguage":"pt-PT","@id":"http:\/\/obeirao.pt\/online\/2021\/01\/22\/mau-tempo-vento-fez-derrubar-arvores-e-so-em-viseu-houve-mais-de-60-ocorrencias\/#primaryimage","url":"http:\/\/obeirao.pt\/online\/wp-content\/uploads\/2021\/01\/Queda-de-\u00e1rvores-arquivo-1.jpg","contentUrl":"http:\/\/obeirao.pt\/online\/wp-content\/uploads\/2021\/01\/Queda-de-\u00e1rvores-arquivo-1.jpg","width":960,"height":720},{"@type":"BreadcrumbList","@id":"http:\/\/obeirao.pt\/online\/2021\/01\/22\/mau-tempo-vento-fez-derrubar-arvores-e-so-em-viseu-houve-mais-de-60-ocorrencias\/#breadcrumb","itemListElement":[{"@type":"ListItem","position":1,"name":"Home","item":"http:\/\/obeirao.pt\/online\/"},{"@type":"ListItem","position":2,"name":"MAU TEMPO: VENTO FEZ DERRUBAR \u00c1RVORES E S\u00d3 EM VISEU HOUVE MAIS DE 60 OCORR\u00caNCIAS"}]},{"@type":"WebSite","@id":"http:\/\/obeirao.pt\/online\/#website","url":"http:\/\/obeirao.pt\/online\/","name":"Beir\u00e3o Online","description":"www.obeirao.pt","potentialAction":[{"@type":"SearchAction","target":{"@type":"EntryPoint","urlTemplate":"http:\/\/obeirao.pt\/online\/?s={search_term_string}"},"query-input":{"@type":"PropertyValueSpecification","valueRequired":true,"valueName":"search_term_string"}}],"inLanguage":"pt-PT"},{"@type":"Person","@id":"http:\/\/obeirao.pt\/online\/#\/schema\/person\/efac69bb5a33873e1c1bb9c1165ff38c","name":"Z\u00e9 Beir\u00e3o","image":{"@type":"ImageObject","inLanguage":"pt-PT","@id":"http:\/\/0.gravatar.com\/avatar\/c8c44d1f9327baa4d27e9b1149cd71b3?s=96&d=mm&r=g","url":"http:\/\/0.gravatar.com\/avatar\/c8c44d1f9327baa4d27e9b1149cd71b3?s=96&d=mm&r=g","contentUrl":"http:\/\/0.gravatar.com\/avatar\/c8c44d1f9327baa4d27e9b1149cd71b3?s=96&d=mm&r=g","caption":"Z\u00e9 Beir\u00e3o"},"url":"http:\/\/obeirao.pt\/online\/author\/zebeirao\/"}]}},"_links":{"self":[{"href":"http:\/\/obeirao.pt\/online\/wp-json\/wp\/v2\/posts\/5876"}],"collection":[{"href":"http:\/\/obeirao.pt\/online\/wp-json\/wp\/v2\/posts"}],"about":[{"href":"http:\/\/obeirao.pt\/online\/wp-json\/wp\/v2\/types\/post"}],"author":[{"embeddable":true,"href":"http:\/\/obeirao.pt\/online\/wp-json\/wp\/v2\/users\/2"}],"replies":[{"embeddable":true,"href":"http:\/\/obeirao.pt\/online\/wp-json\/wp\/v2\/comments?post=5876"}],"version-history":[{"count":1,"href":"http:\/\/obeirao.pt\/online\/wp-json\/wp\/v2\/posts\/5876\/revisions"}],"predecessor-version":[{"id":5878,"href":"http:\/\/obeirao.pt\/online\/wp-json\/wp\/v2\/posts\/5876\/revisions\/5878"}],"wp:featuredmedia":[{"embeddable":true,"href":"http:\/\/obeirao.pt\/online\/wp-json\/wp\/v2\/media\/5877"}],"wp:attachment":[{"href":"http:\/\/obeirao.pt\/online\/wp-json\/wp\/v2\/media?parent=5876"}],"wp:term":[{"taxonomy":"category","embeddable":true,"href":"http:\/\/obeirao.pt\/online\/wp-json\/wp\/v2\/categories?post=5876"},{"taxonomy":"post_tag","embeddable":true,"href":"http:\/\/obeirao.pt\/online\/wp-json\/wp\/v2\/tags?post=5876"}],"curies":[{"name":"wp","href":"https:\/\/api.w.org\/{rel}","templated":true}]}}