{"id":6227,"date":"2021-04-15T21:03:11","date_gmt":"2021-04-15T20:03:11","guid":{"rendered":"http:\/\/obeirao.pt\/online\/?p=6227"},"modified":"2021-04-15T21:24:48","modified_gmt":"2021-04-15T20:24:48","slug":"viseu-municipio-aprova-unanimemente-atribuicao-da-medalha-de-ouro-a-antonio-almeida-henriques","status":"publish","type":"post","link":"http:\/\/obeirao.pt\/online\/2021\/04\/15\/viseu-municipio-aprova-unanimemente-atribuicao-da-medalha-de-ouro-a-antonio-almeida-henriques\/","title":{"rendered":"VISEU: MUNIC\u00cdPIO APROVA UNANIMEMENTE ATRIBUI\u00c7\u00c3O DA MEDALHA DE OURO A ANT\u00d3NIO ALMEIDA HENRIQUES"},"content":{"rendered":"<span class=\"span-reading-time rt-reading-time\" style=\"display: block;\"><span class=\"rt-label rt-prefix\">tempo de leitura:<\/span> <span class=\"rt-time\"> 2<\/span> <span class=\"rt-label rt-postfix\">minutos<\/span><\/span><p><span style=\"font-size: 18pt\"><strong><a href=\"http:\/\/obeirao.pt\/online\/wp-content\/uploads\/2021\/04\/cmjornal.pt-ah-1-scaled.jpg\"><img loading=\"lazy\" decoding=\"async\" class=\"alignleft wp-image-6228 size-medium\" src=\"http:\/\/obeirao.pt\/online\/wp-content\/uploads\/2021\/04\/cmjornal.pt-ah-1-300x169.jpg\" alt=\"\" width=\"300\" height=\"169\" srcset=\"http:\/\/obeirao.pt\/online\/wp-content\/uploads\/2021\/04\/cmjornal.pt-ah-1-300x169.jpg 300w, http:\/\/obeirao.pt\/online\/wp-content\/uploads\/2021\/04\/cmjornal.pt-ah-1-scaled.jpg 1024w, http:\/\/obeirao.pt\/online\/wp-content\/uploads\/2021\/04\/cmjornal.pt-ah-1-768x432.jpg 768w, http:\/\/obeirao.pt\/online\/wp-content\/uploads\/2021\/04\/cmjornal.pt-ah-1-640x360.jpg 640w, http:\/\/obeirao.pt\/online\/wp-content\/uploads\/2021\/04\/cmjornal.pt-ah-1-678x381.jpg 678w\" sizes=\"(max-width: 300px) 100vw, 300px\" \/><\/a><\/strong><\/span><strong><em>O Executivo Municipal de Viseu deliberou hoje, em reuni\u00e3o de C\u00e2mara, atribuir a Medalha de Ouro Municipal a Ant\u00f3nio de Almeida Henriques.<\/em><\/strong><!--more--><\/p>\n<p><em>\u201cO homem que liderou o projecto pol\u00edtico mais impactante do interior do pa\u00eds merece esta distin\u00e7\u00e3o e muito mais, pelo que vamos tamb\u00e9m iniciar os procedimentos, em conjunto com a Assembleia Municipal, para atribui\u00e7\u00e3o do \u2018Viriato de Ouro\u2019<\/em>, afirmou Concei\u00e7\u00e3o Azevedo, Presidente da autarquia.<\/p>\n<p><em>\u201cCom o Presidente Ant\u00f3nio Almeida Henriques, Viseu afirmou-se como a cidade portuguesa com mais qualidade de vida. Um trabalho do qual \u2013 dizia sempre \u2013 tamb\u00e9m queria usufruir, porque era em Viseu que queria continuar a viver, o concelho do seu cora\u00e7\u00e3o, do qual com tanto carinho e orgulho falava.<\/em><\/p>\n<p><em>O seu partido de sempre, tinha-o j\u00e1 indicado como candidato a um pr\u00f3ximo mandato \u00e0 frente dos destinos do Munic\u00edpio de Viseu, com o objectivo claro de concluir o seu sonho, a sua vis\u00e3o\u201d,<\/em> l\u00ea-se na proposta de atribui\u00e7\u00e3o da Medalha de Ouro Municipal, apresentada pela Presidente da C\u00e2mara Municipal de Viseu.<\/p>\n<p><a href=\"http:\/\/obeirao.pt\/online\/wp-content\/uploads\/2021\/04\/Almeida-Henriques-1.\u00ba-da-esquerda-scaled.jpg\"><img loading=\"lazy\" decoding=\"async\" class=\"alignright wp-image-6230 size-medium\" src=\"http:\/\/obeirao.pt\/online\/wp-content\/uploads\/2021\/04\/Almeida-Henriques-1.\u00ba-da-esquerda-300x175.jpg\" alt=\"\" width=\"300\" height=\"175\" srcset=\"http:\/\/obeirao.pt\/online\/wp-content\/uploads\/2021\/04\/Almeida-Henriques-1.\u00ba-da-esquerda-300x175.jpg 300w, http:\/\/obeirao.pt\/online\/wp-content\/uploads\/2021\/04\/Almeida-Henriques-1.\u00ba-da-esquerda-scaled.jpg 1024w, http:\/\/obeirao.pt\/online\/wp-content\/uploads\/2021\/04\/Almeida-Henriques-1.\u00ba-da-esquerda-768x448.jpg 768w, http:\/\/obeirao.pt\/online\/wp-content\/uploads\/2021\/04\/Almeida-Henriques-1.\u00ba-da-esquerda-640x373.jpg 640w\" sizes=\"(max-width: 300px) 100vw, 300px\" \/><\/a>O Executivo lembra tamb\u00e9m a dimens\u00e3o nacional de Ant\u00f3nio Almeida Henriques, que entre <em>\u201c2011 e 2013 exerceu as fun\u00e7\u00f5es de Secret\u00e1rio de Estado Adjunto da Economia e Desenvolvimento Regional do XIX Governo Constitucional, tendo-se destacado no lan\u00e7amento de programas de pol\u00edtica p\u00fablica, na reprograma\u00e7\u00e3o estrat\u00e9gica e no avan\u00e7o da execu\u00e7\u00e3o do QREN (Quadro de Refer\u00eancia Estrat\u00e9gico Nacional), e na aprova\u00e7\u00e3o e implementa\u00e7\u00e3o do pacote de medidas de apoio \u00e0s fam\u00edlias endividadas e de disciplina de pr\u00e1ticas banc\u00e1rias abusivas\u201d.<\/em> Uma dimens\u00e3o que justifica plenamente o <em>\u201creconhecimento dos servi\u00e7os de excepcional relev\u00e2ncia prestados ao Concelho de Viseu<\/em>\u201d, tendo em considera\u00e7\u00e3o o disposto no artigo 3\u00ba. do Regulamento dos Galard\u00f5es Municipais.<\/p>\n<p>A proposta, aprovada por unanimidade, n\u00e3o esquece as palavras do Presidente da Rep\u00fablica, Marcelo Rebelo de Sousa, que descreveu Ant\u00f3nio Almeida Henriques como um <em>\u201cHomem Bom\u201d;<\/em> \u201c<em>dedicou a sua vida a Viseu e a Portugal, como autarca, como deputado nacional, como Membro do Governo; deixa obra e deixa saudades\u201d.<\/em> E n\u00e3o esquece que o autarca fez \u201c<em>\u2019o que \u00e9 rar\u00edssimo em Portugal\u2019 [\u2026] Largou um lugar no Governo de Portugal com o \u00fanico intuito de se candidatar \u00e0 Presid\u00eancia da C\u00e2mara Municipal da sua terra, o concelho que amava\u201d.<br \/>\n<\/em><\/p>\n<p>Paralelamente, o voto de pesar tamb\u00e9m hoje aprovado, recorda que, entre os muitos feitos, distin\u00e7\u00f5es e conquistas alcan\u00e7adas, um dos sonhos que Ant\u00f3nio Almeida Henriques <em>\u201cacalentava com mais carinho, era a transforma\u00e7\u00e3o de Viseu numa Cidade Inteligente\u201d.<\/em><\/p>\n<p>Concei\u00e7\u00e3o Azevedo adiantou que o Munic\u00edpio de Viseu ir\u00e1 ponderar, a seu tempo, a atribui\u00e7\u00e3o do nome de Ant\u00f3nio Almeida Henriques a uma das art\u00e9rias da cidade, assim como a um edif\u00edcio que represente <em>\u201crealmente a abrang\u00eancia do sonho que sonhou para Viseu\u201d.<br \/>\n<\/em><\/p>\n<p><em>\u201cA \u00fanica coisa que podemos fazer, a melhor homenagem que lhe podemos prestar, \u00e9 honrar os compromissos assumidos pelo nosso Presidente e concretizar a sua vis\u00e3o. N\u00e3o consigo imaginar outro futuro para Viseu\u201d,<\/em> acrescentou ainda.<\/p>\n","protected":false},"excerpt":{"rendered":"<div class=\"mh-excerpt\"><span class=\"span-reading-time rt-reading-time\" style=\"display: block;\"><span class=\"rt-label rt-prefix\">tempo de leitura:<\/span> <span class=\"rt-time\"> 2<\/span> <span class=\"rt-label rt-postfix\">minutos<\/span><\/span>O Executivo Municipal de Viseu deliberou hoje, em reuni\u00e3o de C\u00e2mara, atribuir a Medalha de Ouro Municipal a Ant\u00f3nio de Almeida Henriques.<\/div>\n","protected":false},"author":2,"featured_media":6228,"comment_status":"closed","ping_status":"closed","sticky":false,"template":"","format":"standard","meta":{"footnotes":""},"categories":[2,188,6,4,201],"tags":[],"class_list":["post-6227","post","type-post","status-publish","format-standard","has-post-thumbnail","hentry","category-principal","category-comunidade-intermunicipal-viseu-dao-lafoes","category-pais","category-regiao","category-viseu-comunidade-intermunicipal-viseu-dao-lafoes"],"yoast_head":"<!-- This site is optimized with the Yoast SEO plugin v27.4 - https:\/\/yoast.com\/product\/yoast-seo-wordpress\/ -->\n<title>VISEU: MUNIC\u00cdPIO APROVA UNANIMEMENTE ATRIBUI\u00c7\u00c3O DA MEDALHA DE OURO A ANT\u00d3NIO ALMEIDA HENRIQUES - Beir\u00e3o Online<\/title>\n<meta name=\"robots\" content=\"index, follow, max-snippet:-1, max-image-preview:large, max-video-preview:-1\" \/>\n<link rel=\"canonical\" href=\"http:\/\/obeirao.pt\/online\/2021\/04\/15\/viseu-municipio-aprova-unanimemente-atribuicao-da-medalha-de-ouro-a-antonio-almeida-henriques\/\" \/>\n<meta property=\"og:locale\" content=\"pt_PT\" \/>\n<meta property=\"og:type\" content=\"article\" \/>\n<meta property=\"og:title\" content=\"VISEU: MUNIC\u00cdPIO APROVA UNANIMEMENTE ATRIBUI\u00c7\u00c3O DA MEDALHA DE OURO A ANT\u00d3NIO ALMEIDA HENRIQUES - Beir\u00e3o Online\" \/>\n<meta property=\"og:description\" content=\"tempo de leitura: 2 minutosO Executivo Municipal de Viseu deliberou hoje, em reuni\u00e3o de C\u00e2mara, atribuir a Medalha de Ouro Municipal a Ant\u00f3nio de Almeida Henriques.\" \/>\n<meta property=\"og:url\" content=\"http:\/\/obeirao.pt\/online\/2021\/04\/15\/viseu-municipio-aprova-unanimemente-atribuicao-da-medalha-de-ouro-a-antonio-almeida-henriques\/\" \/>\n<meta property=\"og:site_name\" content=\"Beir\u00e3o Online\" \/>\n<meta property=\"article:publisher\" content=\"https:\/\/pt-br.facebook.com\/pages\/Amigos-de-Tondela\/273620439973877\" \/>\n<meta property=\"article:published_time\" content=\"2021-04-15T20:03:11+00:00\" \/>\n<meta property=\"article:modified_time\" content=\"2021-04-15T20:24:48+00:00\" \/>\n<meta property=\"og:image\" content=\"http:\/\/obeirao.pt\/online\/wp-content\/uploads\/2021\/04\/cmjornal.pt-ah-1-scaled.jpg\" \/>\n\t<meta property=\"og:image:width\" content=\"1024\" \/>\n\t<meta property=\"og:image:height\" content=\"576\" \/>\n\t<meta property=\"og:image:type\" content=\"image\/jpeg\" \/>\n<meta name=\"author\" content=\"Z\u00e9 Beir\u00e3o\" \/>\n<meta name=\"twitter:card\" content=\"summary_large_image\" \/>\n<meta name=\"twitter:creator\" content=\"@JoaquimDuarteP2\" \/>\n<meta name=\"twitter:site\" content=\"@JoaquimDuarteP2\" \/>\n<meta name=\"twitter:label1\" content=\"Escrito por\" \/>\n\t<meta name=\"twitter:data1\" content=\"Z\u00e9 Beir\u00e3o\" \/>\n\t<meta name=\"twitter:label2\" content=\"Tempo estimado de leitura\" \/>\n\t<meta name=\"twitter:data2\" content=\"3 minutos\" \/>\n<script type=\"application\/ld+json\" class=\"yoast-schema-graph\">{\"@context\":\"https:\\\/\\\/schema.org\",\"@graph\":[{\"@type\":\"Article\",\"@id\":\"http:\\\/\\\/obeirao.pt\\\/online\\\/2021\\\/04\\\/15\\\/viseu-municipio-aprova-unanimemente-atribuicao-da-medalha-de-ouro-a-antonio-almeida-henriques\\\/#article\",\"isPartOf\":{\"@id\":\"http:\\\/\\\/obeirao.pt\\\/online\\\/2021\\\/04\\\/15\\\/viseu-municipio-aprova-unanimemente-atribuicao-da-medalha-de-ouro-a-antonio-almeida-henriques\\\/\"},\"author\":{\"name\":\"Z\u00e9 Beir\u00e3o\",\"@id\":\"http:\\\/\\\/obeirao.pt\\\/online\\\/#\\\/schema\\\/person\\\/efac69bb5a33873e1c1bb9c1165ff38c\"},\"headline\":\"VISEU: MUNIC\u00cdPIO APROVA UNANIMEMENTE ATRIBUI\u00c7\u00c3O DA MEDALHA DE OURO A ANT\u00d3NIO ALMEIDA HENRIQUES\",\"datePublished\":\"2021-04-15T20:03:11+00:00\",\"dateModified\":\"2021-04-15T20:24:48+00:00\",\"mainEntityOfPage\":{\"@id\":\"http:\\\/\\\/obeirao.pt\\\/online\\\/2021\\\/04\\\/15\\\/viseu-municipio-aprova-unanimemente-atribuicao-da-medalha-de-ouro-a-antonio-almeida-henriques\\\/\"},\"wordCount\":549,\"image\":{\"@id\":\"http:\\\/\\\/obeirao.pt\\\/online\\\/2021\\\/04\\\/15\\\/viseu-municipio-aprova-unanimemente-atribuicao-da-medalha-de-ouro-a-antonio-almeida-henriques\\\/#primaryimage\"},\"thumbnailUrl\":\"http:\\\/\\\/obeirao.pt\\\/online\\\/wp-content\\\/uploads\\\/2021\\\/04\\\/cmjornal.pt-ah-1-scaled.jpg\",\"articleSection\":[\"_Principal\",\"Comunidade Intermunicipal Viseu D\u00e3o Laf\u00f5es\",\"Pa\u00eds\",\"Regi\u00e3o\",\"Viseu\"],\"inLanguage\":\"pt-PT\"},{\"@type\":\"WebPage\",\"@id\":\"http:\\\/\\\/obeirao.pt\\\/online\\\/2021\\\/04\\\/15\\\/viseu-municipio-aprova-unanimemente-atribuicao-da-medalha-de-ouro-a-antonio-almeida-henriques\\\/\",\"url\":\"http:\\\/\\\/obeirao.pt\\\/online\\\/2021\\\/04\\\/15\\\/viseu-municipio-aprova-unanimemente-atribuicao-da-medalha-de-ouro-a-antonio-almeida-henriques\\\/\",\"name\":\"VISEU: MUNIC\u00cdPIO APROVA UNANIMEMENTE ATRIBUI\u00c7\u00c3O DA MEDALHA DE OURO A ANT\u00d3NIO ALMEIDA HENRIQUES - Beir\u00e3o Online\",\"isPartOf\":{\"@id\":\"http:\\\/\\\/obeirao.pt\\\/online\\\/#website\"},\"primaryImageOfPage\":{\"@id\":\"http:\\\/\\\/obeirao.pt\\\/online\\\/2021\\\/04\\\/15\\\/viseu-municipio-aprova-unanimemente-atribuicao-da-medalha-de-ouro-a-antonio-almeida-henriques\\\/#primaryimage\"},\"image\":{\"@id\":\"http:\\\/\\\/obeirao.pt\\\/online\\\/2021\\\/04\\\/15\\\/viseu-municipio-aprova-unanimemente-atribuicao-da-medalha-de-ouro-a-antonio-almeida-henriques\\\/#primaryimage\"},\"thumbnailUrl\":\"http:\\\/\\\/obeirao.pt\\\/online\\\/wp-content\\\/uploads\\\/2021\\\/04\\\/cmjornal.pt-ah-1-scaled.jpg\",\"datePublished\":\"2021-04-15T20:03:11+00:00\",\"dateModified\":\"2021-04-15T20:24:48+00:00\",\"author\":{\"@id\":\"http:\\\/\\\/obeirao.pt\\\/online\\\/#\\\/schema\\\/person\\\/efac69bb5a33873e1c1bb9c1165ff38c\"},\"breadcrumb\":{\"@id\":\"http:\\\/\\\/obeirao.pt\\\/online\\\/2021\\\/04\\\/15\\\/viseu-municipio-aprova-unanimemente-atribuicao-da-medalha-de-ouro-a-antonio-almeida-henriques\\\/#breadcrumb\"},\"inLanguage\":\"pt-PT\",\"potentialAction\":[{\"@type\":\"ReadAction\",\"target\":[\"http:\\\/\\\/obeirao.pt\\\/online\\\/2021\\\/04\\\/15\\\/viseu-municipio-aprova-unanimemente-atribuicao-da-medalha-de-ouro-a-antonio-almeida-henriques\\\/\"]}]},{\"@type\":\"ImageObject\",\"inLanguage\":\"pt-PT\",\"@id\":\"http:\\\/\\\/obeirao.pt\\\/online\\\/2021\\\/04\\\/15\\\/viseu-municipio-aprova-unanimemente-atribuicao-da-medalha-de-ouro-a-antonio-almeida-henriques\\\/#primaryimage\",\"url\":\"http:\\\/\\\/obeirao.pt\\\/online\\\/wp-content\\\/uploads\\\/2021\\\/04\\\/cmjornal.pt-ah-1-scaled.jpg\",\"contentUrl\":\"http:\\\/\\\/obeirao.pt\\\/online\\\/wp-content\\\/uploads\\\/2021\\\/04\\\/cmjornal.pt-ah-1-scaled.jpg\",\"width\":1024,\"height\":576},{\"@type\":\"BreadcrumbList\",\"@id\":\"http:\\\/\\\/obeirao.pt\\\/online\\\/2021\\\/04\\\/15\\\/viseu-municipio-aprova-unanimemente-atribuicao-da-medalha-de-ouro-a-antonio-almeida-henriques\\\/#breadcrumb\",\"itemListElement\":[{\"@type\":\"ListItem\",\"position\":1,\"name\":\"Home\",\"item\":\"http:\\\/\\\/obeirao.pt\\\/online\\\/\"},{\"@type\":\"ListItem\",\"position\":2,\"name\":\"VISEU: MUNIC\u00cdPIO APROVA UNANIMEMENTE ATRIBUI\u00c7\u00c3O DA MEDALHA DE OURO A ANT\u00d3NIO ALMEIDA HENRIQUES\"}]},{\"@type\":\"WebSite\",\"@id\":\"http:\\\/\\\/obeirao.pt\\\/online\\\/#website\",\"url\":\"http:\\\/\\\/obeirao.pt\\\/online\\\/\",\"name\":\"Beir\u00e3o Online\",\"description\":\"www.obeirao.pt\",\"potentialAction\":[{\"@type\":\"SearchAction\",\"target\":{\"@type\":\"EntryPoint\",\"urlTemplate\":\"http:\\\/\\\/obeirao.pt\\\/online\\\/?s={search_term_string}\"},\"query-input\":{\"@type\":\"PropertyValueSpecification\",\"valueRequired\":true,\"valueName\":\"search_term_string\"}}],\"inLanguage\":\"pt-PT\"},{\"@type\":\"Person\",\"@id\":\"http:\\\/\\\/obeirao.pt\\\/online\\\/#\\\/schema\\\/person\\\/efac69bb5a33873e1c1bb9c1165ff38c\",\"name\":\"Z\u00e9 Beir\u00e3o\",\"image\":{\"@type\":\"ImageObject\",\"inLanguage\":\"pt-PT\",\"@id\":\"http:\\\/\\\/0.gravatar.com\\\/avatar\\\/c8c44d1f9327baa4d27e9b1149cd71b3?s=96&d=mm&r=g\",\"url\":\"http:\\\/\\\/0.gravatar.com\\\/avatar\\\/c8c44d1f9327baa4d27e9b1149cd71b3?s=96&d=mm&r=g\",\"contentUrl\":\"http:\\\/\\\/0.gravatar.com\\\/avatar\\\/c8c44d1f9327baa4d27e9b1149cd71b3?s=96&d=mm&r=g\",\"caption\":\"Z\u00e9 Beir\u00e3o\"},\"url\":\"http:\\\/\\\/obeirao.pt\\\/online\\\/author\\\/zebeirao\\\/\"}]}<\/script>\n<!-- \/ Yoast SEO plugin. -->","yoast_head_json":{"title":"VISEU: MUNIC\u00cdPIO APROVA UNANIMEMENTE ATRIBUI\u00c7\u00c3O DA MEDALHA DE OURO A ANT\u00d3NIO ALMEIDA HENRIQUES - Beir\u00e3o Online","robots":{"index":"index","follow":"follow","max-snippet":"max-snippet:-1","max-image-preview":"max-image-preview:large","max-video-preview":"max-video-preview:-1"},"canonical":"http:\/\/obeirao.pt\/online\/2021\/04\/15\/viseu-municipio-aprova-unanimemente-atribuicao-da-medalha-de-ouro-a-antonio-almeida-henriques\/","og_locale":"pt_PT","og_type":"article","og_title":"VISEU: MUNIC\u00cdPIO APROVA UNANIMEMENTE ATRIBUI\u00c7\u00c3O DA MEDALHA DE OURO A ANT\u00d3NIO ALMEIDA HENRIQUES - Beir\u00e3o Online","og_description":"tempo de leitura: 2 minutosO Executivo Municipal de Viseu deliberou hoje, em reuni\u00e3o de C\u00e2mara, atribuir a Medalha de Ouro Municipal a Ant\u00f3nio de Almeida Henriques.","og_url":"http:\/\/obeirao.pt\/online\/2021\/04\/15\/viseu-municipio-aprova-unanimemente-atribuicao-da-medalha-de-ouro-a-antonio-almeida-henriques\/","og_site_name":"Beir\u00e3o Online","article_publisher":"https:\/\/pt-br.facebook.com\/pages\/Amigos-de-Tondela\/273620439973877","article_published_time":"2021-04-15T20:03:11+00:00","article_modified_time":"2021-04-15T20:24:48+00:00","og_image":[{"width":1024,"height":576,"url":"http:\/\/obeirao.pt\/online\/wp-content\/uploads\/2021\/04\/cmjornal.pt-ah-1-scaled.jpg","type":"image\/jpeg"}],"author":"Z\u00e9 Beir\u00e3o","twitter_card":"summary_large_image","twitter_creator":"@JoaquimDuarteP2","twitter_site":"@JoaquimDuarteP2","twitter_misc":{"Escrito por":"Z\u00e9 Beir\u00e3o","Tempo estimado de leitura":"3 minutos"},"schema":{"@context":"https:\/\/schema.org","@graph":[{"@type":"Article","@id":"http:\/\/obeirao.pt\/online\/2021\/04\/15\/viseu-municipio-aprova-unanimemente-atribuicao-da-medalha-de-ouro-a-antonio-almeida-henriques\/#article","isPartOf":{"@id":"http:\/\/obeirao.pt\/online\/2021\/04\/15\/viseu-municipio-aprova-unanimemente-atribuicao-da-medalha-de-ouro-a-antonio-almeida-henriques\/"},"author":{"name":"Z\u00e9 Beir\u00e3o","@id":"http:\/\/obeirao.pt\/online\/#\/schema\/person\/efac69bb5a33873e1c1bb9c1165ff38c"},"headline":"VISEU: MUNIC\u00cdPIO APROVA UNANIMEMENTE ATRIBUI\u00c7\u00c3O DA MEDALHA DE OURO A ANT\u00d3NIO ALMEIDA HENRIQUES","datePublished":"2021-04-15T20:03:11+00:00","dateModified":"2021-04-15T20:24:48+00:00","mainEntityOfPage":{"@id":"http:\/\/obeirao.pt\/online\/2021\/04\/15\/viseu-municipio-aprova-unanimemente-atribuicao-da-medalha-de-ouro-a-antonio-almeida-henriques\/"},"wordCount":549,"image":{"@id":"http:\/\/obeirao.pt\/online\/2021\/04\/15\/viseu-municipio-aprova-unanimemente-atribuicao-da-medalha-de-ouro-a-antonio-almeida-henriques\/#primaryimage"},"thumbnailUrl":"http:\/\/obeirao.pt\/online\/wp-content\/uploads\/2021\/04\/cmjornal.pt-ah-1-scaled.jpg","articleSection":["_Principal","Comunidade Intermunicipal Viseu D\u00e3o Laf\u00f5es","Pa\u00eds","Regi\u00e3o","Viseu"],"inLanguage":"pt-PT"},{"@type":"WebPage","@id":"http:\/\/obeirao.pt\/online\/2021\/04\/15\/viseu-municipio-aprova-unanimemente-atribuicao-da-medalha-de-ouro-a-antonio-almeida-henriques\/","url":"http:\/\/obeirao.pt\/online\/2021\/04\/15\/viseu-municipio-aprova-unanimemente-atribuicao-da-medalha-de-ouro-a-antonio-almeida-henriques\/","name":"VISEU: MUNIC\u00cdPIO APROVA UNANIMEMENTE ATRIBUI\u00c7\u00c3O DA MEDALHA DE OURO A ANT\u00d3NIO ALMEIDA HENRIQUES - Beir\u00e3o Online","isPartOf":{"@id":"http:\/\/obeirao.pt\/online\/#website"},"primaryImageOfPage":{"@id":"http:\/\/obeirao.pt\/online\/2021\/04\/15\/viseu-municipio-aprova-unanimemente-atribuicao-da-medalha-de-ouro-a-antonio-almeida-henriques\/#primaryimage"},"image":{"@id":"http:\/\/obeirao.pt\/online\/2021\/04\/15\/viseu-municipio-aprova-unanimemente-atribuicao-da-medalha-de-ouro-a-antonio-almeida-henriques\/#primaryimage"},"thumbnailUrl":"http:\/\/obeirao.pt\/online\/wp-content\/uploads\/2021\/04\/cmjornal.pt-ah-1-scaled.jpg","datePublished":"2021-04-15T20:03:11+00:00","dateModified":"2021-04-15T20:24:48+00:00","author":{"@id":"http:\/\/obeirao.pt\/online\/#\/schema\/person\/efac69bb5a33873e1c1bb9c1165ff38c"},"breadcrumb":{"@id":"http:\/\/obeirao.pt\/online\/2021\/04\/15\/viseu-municipio-aprova-unanimemente-atribuicao-da-medalha-de-ouro-a-antonio-almeida-henriques\/#breadcrumb"},"inLanguage":"pt-PT","potentialAction":[{"@type":"ReadAction","target":["http:\/\/obeirao.pt\/online\/2021\/04\/15\/viseu-municipio-aprova-unanimemente-atribuicao-da-medalha-de-ouro-a-antonio-almeida-henriques\/"]}]},{"@type":"ImageObject","inLanguage":"pt-PT","@id":"http:\/\/obeirao.pt\/online\/2021\/04\/15\/viseu-municipio-aprova-unanimemente-atribuicao-da-medalha-de-ouro-a-antonio-almeida-henriques\/#primaryimage","url":"http:\/\/obeirao.pt\/online\/wp-content\/uploads\/2021\/04\/cmjornal.pt-ah-1-scaled.jpg","contentUrl":"http:\/\/obeirao.pt\/online\/wp-content\/uploads\/2021\/04\/cmjornal.pt-ah-1-scaled.jpg","width":1024,"height":576},{"@type":"BreadcrumbList","@id":"http:\/\/obeirao.pt\/online\/2021\/04\/15\/viseu-municipio-aprova-unanimemente-atribuicao-da-medalha-de-ouro-a-antonio-almeida-henriques\/#breadcrumb","itemListElement":[{"@type":"ListItem","position":1,"name":"Home","item":"http:\/\/obeirao.pt\/online\/"},{"@type":"ListItem","position":2,"name":"VISEU: MUNIC\u00cdPIO APROVA UNANIMEMENTE ATRIBUI\u00c7\u00c3O DA MEDALHA DE OURO A ANT\u00d3NIO ALMEIDA HENRIQUES"}]},{"@type":"WebSite","@id":"http:\/\/obeirao.pt\/online\/#website","url":"http:\/\/obeirao.pt\/online\/","name":"Beir\u00e3o Online","description":"www.obeirao.pt","potentialAction":[{"@type":"SearchAction","target":{"@type":"EntryPoint","urlTemplate":"http:\/\/obeirao.pt\/online\/?s={search_term_string}"},"query-input":{"@type":"PropertyValueSpecification","valueRequired":true,"valueName":"search_term_string"}}],"inLanguage":"pt-PT"},{"@type":"Person","@id":"http:\/\/obeirao.pt\/online\/#\/schema\/person\/efac69bb5a33873e1c1bb9c1165ff38c","name":"Z\u00e9 Beir\u00e3o","image":{"@type":"ImageObject","inLanguage":"pt-PT","@id":"http:\/\/0.gravatar.com\/avatar\/c8c44d1f9327baa4d27e9b1149cd71b3?s=96&d=mm&r=g","url":"http:\/\/0.gravatar.com\/avatar\/c8c44d1f9327baa4d27e9b1149cd71b3?s=96&d=mm&r=g","contentUrl":"http:\/\/0.gravatar.com\/avatar\/c8c44d1f9327baa4d27e9b1149cd71b3?s=96&d=mm&r=g","caption":"Z\u00e9 Beir\u00e3o"},"url":"http:\/\/obeirao.pt\/online\/author\/zebeirao\/"}]}},"_links":{"self":[{"href":"http:\/\/obeirao.pt\/online\/wp-json\/wp\/v2\/posts\/6227"}],"collection":[{"href":"http:\/\/obeirao.pt\/online\/wp-json\/wp\/v2\/posts"}],"about":[{"href":"http:\/\/obeirao.pt\/online\/wp-json\/wp\/v2\/types\/post"}],"author":[{"embeddable":true,"href":"http:\/\/obeirao.pt\/online\/wp-json\/wp\/v2\/users\/2"}],"replies":[{"embeddable":true,"href":"http:\/\/obeirao.pt\/online\/wp-json\/wp\/v2\/comments?post=6227"}],"version-history":[{"count":3,"href":"http:\/\/obeirao.pt\/online\/wp-json\/wp\/v2\/posts\/6227\/revisions"}],"predecessor-version":[{"id":6232,"href":"http:\/\/obeirao.pt\/online\/wp-json\/wp\/v2\/posts\/6227\/revisions\/6232"}],"wp:featuredmedia":[{"embeddable":true,"href":"http:\/\/obeirao.pt\/online\/wp-json\/wp\/v2\/media\/6228"}],"wp:attachment":[{"href":"http:\/\/obeirao.pt\/online\/wp-json\/wp\/v2\/media?parent=6227"}],"wp:term":[{"taxonomy":"category","embeddable":true,"href":"http:\/\/obeirao.pt\/online\/wp-json\/wp\/v2\/categories?post=6227"},{"taxonomy":"post_tag","embeddable":true,"href":"http:\/\/obeirao.pt\/online\/wp-json\/wp\/v2\/tags?post=6227"}],"curies":[{"name":"wp","href":"https:\/\/api.w.org\/{rel}","templated":true}]}}