{"id":6335,"date":"2021-06-13T22:37:00","date_gmt":"2021-06-13T21:37:00","guid":{"rendered":"http:\/\/obeirao.pt\/online\/?p=6335"},"modified":"2021-06-13T23:01:09","modified_gmt":"2021-06-13T22:01:09","slug":"distrito-de-viseu-com-50-ocorrencias-devido-a-mau-tempo","status":"publish","type":"post","link":"http:\/\/obeirao.pt\/online\/2021\/06\/13\/distrito-de-viseu-com-50-ocorrencias-devido-a-mau-tempo\/","title":{"rendered":"DISTRITO DE VISEU COM 50 OCORR\u00caNCIAS DEVIDO A MAU TEMPO"},"content":{"rendered":"<span class=\"span-reading-time rt-reading-time\" style=\"display: block;\"><span class=\"rt-label rt-prefix\">tempo de leitura:<\/span> <span class=\"rt-time\"> 3<\/span> <span class=\"rt-label rt-postfix\">minutos<\/span><\/span><p><span style=\"font-size: 24pt\"><strong><a href=\"http:\/\/obeirao.pt\/online\/wp-content\/uploads\/2021\/06\/Inunda\u00e7\u00f5es.-Foto-Ao-Tondela.jpg\"><img loading=\"lazy\" decoding=\"async\" class=\"alignleft wp-image-6336 size-medium\" src=\"http:\/\/obeirao.pt\/online\/wp-content\/uploads\/2021\/06\/Inunda\u00e7\u00f5es.-Foto-Ao-Tondela-300x225.jpg\" alt=\"\" width=\"300\" height=\"225\" srcset=\"http:\/\/obeirao.pt\/online\/wp-content\/uploads\/2021\/06\/Inunda\u00e7\u00f5es.-Foto-Ao-Tondela-300x225.jpg 300w, http:\/\/obeirao.pt\/online\/wp-content\/uploads\/2021\/06\/Inunda\u00e7\u00f5es.-Foto-Ao-Tondela-768x576.jpg 768w, http:\/\/obeirao.pt\/online\/wp-content\/uploads\/2021\/06\/Inunda\u00e7\u00f5es.-Foto-Ao-Tondela-640x480.jpg 640w, http:\/\/obeirao.pt\/online\/wp-content\/uploads\/2021\/06\/Inunda\u00e7\u00f5es.-Foto-Ao-Tondela-678x509.jpg 678w, http:\/\/obeirao.pt\/online\/wp-content\/uploads\/2021\/06\/Inunda\u00e7\u00f5es.-Foto-Ao-Tondela-326x245.jpg 326w, http:\/\/obeirao.pt\/online\/wp-content\/uploads\/2021\/06\/Inunda\u00e7\u00f5es.-Foto-Ao-Tondela-80x60.jpg 80w, http:\/\/obeirao.pt\/online\/wp-content\/uploads\/2021\/06\/Inunda\u00e7\u00f5es.-Foto-Ao-Tondela.jpg 960w\" sizes=\"(max-width: 300px) 100vw, 300px\" \/><\/a><\/strong><\/span><span style=\"font-family: georgia, palatino, serif\"><strong><em>Balan\u00e7o feito pelo Comando Distrital de Opera\u00e7\u00f5es de Socorro. Concelho de Tondela &#8220;arrasado&#8221; pelas inunda\u00e7\u00f5es e quedas de \u00e1rvores<\/em><\/strong><!--more--><\/span><\/p>\n<p><span style=\"font-family: georgia, palatino, serif\">Chuva intensa, granizo de grandes dimens\u00f5es e trovoada marcaram a \u00faltima noite de s\u00e1bado (12 de Junho) na regi\u00e3o de Viseu, segundo o \u201cJornal do Centro\u201d (JC).<\/span><\/p>\n<p><span style=\"font-family: georgia, palatino, serif\">Segundo o balan\u00e7o feito pelo Comando Distrital de Opera\u00e7\u00f5es de Socorro (CDOS) ao JC, por volta das 9h00 desta manh\u00e3 de domingo, no distrito de Viseu foram registadas cerca de 50 ocorr\u00eancias, entre as 19h00 e as 23h30.<\/span><\/p>\n<p><span style=\"font-family: georgia, palatino, serif\">O concelho de Tondela ter\u00e1 reportado mais &#8220;estragos&#8221;. Ao Jornal do Centro, o comandante dos Bombeiros Volunt\u00e1rios de Tondela, Nuno Pereira, confirmou que \u201cimensas ocorr\u00eancias\u201d apareceram depois das 19h00. \u201cS\u00e3o inunda\u00e7\u00f5es, queda de \u00e1rvores, via p\u00fablica completamente obstru\u00edda, tr\u00e2nsito cortado. \u00c9 uma pan\u00f3plia\u201d, enumerou o comandante.<\/span><\/p>\n<p><span style=\"font-family: georgia, palatino, serif\">Castro Daire, Cinf\u00e3es, Nelas, Oliveira de Frades, S\u00e3o Pedro do Sul, Viseu e Vouzela com quedas de \u00e1rvores e inunda\u00e7\u00f5es.<\/span><\/p>\n<p><span style=\"font-family: georgia, palatino, serif\">De acordo com a previs\u00e3o do Instituto do Portugu\u00eas do Mar e da Atmosfera (IPMA), o distrito de Viseu vai estar em aviso laranja entre as 12h00 e as 21h00 deste domingo (13 de Junho) por causa de aguaceiros intensos, granizo e trovoada pontual em algumas zonas da regi\u00e3o.<\/span><\/p>\n<ul style=\"list-style-type: disc\">\n<li><span style=\"font-family: georgia, palatino, serif;font-size: 18pt;color: #ff0000;background-color: #ffff00\"><strong><em>FIM DE TARDE INFERNAL<\/em><\/strong><\/span><\/li>\n<\/ul>\n<p><span style=\"font-family: georgia, palatino, serif\">O \u201cBeir\u00e3o Online\u201d viveu, na tarde de s\u00e1bado (12 de Junho), entre as 18 e as 19 horas, um final de dia infernal.<\/span><\/p>\n<p><span style=\"font-family: georgia, palatino, serif\">Na pequena dist\u00e2ncia de 3 quil\u00f3metros entre Molelos e Tondela, uns pingos grossos no p\u00e1ra-brisas do seu carro, foram o pren\u00fancio de um fim de tarde infernal para o director do Jornal, o jornalista Z\u00e9 Beir\u00e3o.<\/span><\/p>\n<p><span style=\"font-family: georgia, palatino, serif\">De um momento para o outro, o ribombar da trovoada forte, a abater-se na \u00e1rea da cidade e a queda de granizo em catadupa, de grandes dimens\u00f5es, que mais pareciam pedras do tamanho de ameixas, tudo acompanhado por uma brutal tromba de \u00e1gua, que haveria, mais tarde, de causar inunda\u00e7\u00f5es na sede do concelho, quedas de \u00e1rvores, entre outras ocorr\u00eancias.<\/span><\/p>\n<p><span style=\"font-family: georgia, palatino, serif\">A queda do granizo, mais parecia uma metralhadora a disparar, para tudo quanto fossem \u00e1rvores, casas e carros, que mais parecia que estavam a ser corridos \u00e0 pedrada. O barulho no tejadilho, provocado pela queda do granizo, era ensurdecedor. Durante uns 7 ou 8 minutos a minha viatura foi fustigada sem piedade, n\u00e3o havendo, nas imedia\u00e7\u00f5es, qualquer abrigo para meter o carro, o que s\u00f3 p\u00f4de acontecer sob a cobertura do parque de estacionamento do \u201cContinente\u201d, que haveria de sofrer uma inunda\u00e7\u00e3o e ter de mandar evacuar as instala\u00e7\u00f5es e fechar a loja.<\/span><\/p>\n<p><span style=\"font-family: georgia, palatino, serif\">Do mesmo modo, as \u00e1rvores viram-se fustigadas pelas pedras do granizo, o que provocou ramos partidos e imensa folhagem nas estradas e ruas da cidade. Noutras situa\u00e7\u00f5es, as pedras destru\u00edram completamente algumas coberturas de pl\u00e1stico, com mais incid\u00eancia, no posto de lavagem de viaturas do antigo \u201cPonto Final\u201d, com a cobertura toda partida, sofrendo um grande preju\u00edzo, como revelou o propriet\u00e1rio Ant\u00f3nio Gouveia.<\/span><\/p>\n<p><span style=\"font-family: georgia, palatino, serif\">Olhado e remirado o meu pobre carro, verifico que os preju\u00edzos s\u00e3o grandes ao n\u00edvel do cap\u00f4 e do tejadilho, com imensas amassadelas provocadas pelas pedras de granizo, que mais pareciam balas. Tamb\u00e9m um dos farolins traseiros ficou esburacado.<\/span><\/p>\n<p><span style=\"font-family: georgia, palatino, serif\">Outros condutores se queixaram da mesma situa\u00e7\u00e3o. Foi uma coisa inusitada, numa experi\u00eancia que nunca tinha tido at\u00e9 ent\u00e3o, o ser fustigado e apedrejado pelas \u201cbalas\u201d de granizo, que iam pejando o ch\u00e3o, como que parecendo neve.<\/span><\/p>\n","protected":false},"excerpt":{"rendered":"<div class=\"mh-excerpt\"><span class=\"span-reading-time rt-reading-time\" style=\"display: block;\"><span class=\"rt-label rt-prefix\">tempo de leitura:<\/span> <span class=\"rt-time\"> 3<\/span> <span class=\"rt-label rt-postfix\">minutos<\/span><\/span>Balan\u00e7o feito pelo Comando Distrital de Opera\u00e7\u00f5es de Socorro. Concelho de Tondela &#8220;arrasado&#8221; pelas inunda\u00e7\u00f5es e quedas de \u00e1rvores<\/div>\n","protected":false},"author":2,"featured_media":6336,"comment_status":"closed","ping_status":"closed","sticky":false,"template":"","format":"standard","meta":{"footnotes":""},"categories":[2,5,188,6,4,63],"tags":[],"class_list":["post-6335","post","type-post","status-publish","format-standard","has-post-thumbnail","hentry","category-principal","category-cidade","category-comunidade-intermunicipal-viseu-dao-lafoes","category-pais","category-regiao","category-tondela"],"yoast_head":"<!-- This site is optimized with the Yoast SEO plugin v27.4 - https:\/\/yoast.com\/product\/yoast-seo-wordpress\/ -->\n<title>DISTRITO DE VISEU COM 50 OCORR\u00caNCIAS DEVIDO A MAU TEMPO - Beir\u00e3o Online<\/title>\n<meta name=\"robots\" content=\"index, follow, max-snippet:-1, max-image-preview:large, max-video-preview:-1\" \/>\n<link rel=\"canonical\" href=\"http:\/\/obeirao.pt\/online\/2021\/06\/13\/distrito-de-viseu-com-50-ocorrencias-devido-a-mau-tempo\/\" \/>\n<meta property=\"og:locale\" content=\"pt_PT\" \/>\n<meta property=\"og:type\" content=\"article\" \/>\n<meta property=\"og:title\" content=\"DISTRITO DE VISEU COM 50 OCORR\u00caNCIAS DEVIDO A MAU TEMPO - Beir\u00e3o Online\" \/>\n<meta property=\"og:description\" content=\"tempo de leitura: 3 minutosBalan\u00e7o feito pelo Comando Distrital de Opera\u00e7\u00f5es de Socorro. Concelho de Tondela &#8220;arrasado&#8221; pelas inunda\u00e7\u00f5es e quedas de \u00e1rvores\" \/>\n<meta property=\"og:url\" content=\"http:\/\/obeirao.pt\/online\/2021\/06\/13\/distrito-de-viseu-com-50-ocorrencias-devido-a-mau-tempo\/\" \/>\n<meta property=\"og:site_name\" content=\"Beir\u00e3o Online\" \/>\n<meta property=\"article:publisher\" content=\"https:\/\/pt-br.facebook.com\/pages\/Amigos-de-Tondela\/273620439973877\" \/>\n<meta property=\"article:published_time\" content=\"2021-06-13T21:37:00+00:00\" \/>\n<meta property=\"article:modified_time\" content=\"2021-06-13T22:01:09+00:00\" \/>\n<meta property=\"og:image\" content=\"http:\/\/obeirao.pt\/online\/wp-content\/uploads\/2021\/06\/Inunda\u00e7\u00f5es.-Foto-Ao-Tondela.jpg\" \/>\n\t<meta property=\"og:image:width\" content=\"960\" \/>\n\t<meta property=\"og:image:height\" content=\"720\" \/>\n\t<meta property=\"og:image:type\" content=\"image\/jpeg\" \/>\n<meta name=\"author\" content=\"Z\u00e9 Beir\u00e3o\" \/>\n<meta name=\"twitter:card\" content=\"summary_large_image\" \/>\n<meta name=\"twitter:creator\" content=\"@JoaquimDuarteP2\" \/>\n<meta name=\"twitter:site\" content=\"@JoaquimDuarteP2\" \/>\n<meta name=\"twitter:label1\" content=\"Escrito por\" \/>\n\t<meta name=\"twitter:data1\" content=\"Z\u00e9 Beir\u00e3o\" \/>\n\t<meta name=\"twitter:label2\" content=\"Tempo estimado de leitura\" \/>\n\t<meta name=\"twitter:data2\" content=\"3 minutos\" \/>\n<script type=\"application\/ld+json\" class=\"yoast-schema-graph\">{\"@context\":\"https:\\\/\\\/schema.org\",\"@graph\":[{\"@type\":\"Article\",\"@id\":\"http:\\\/\\\/obeirao.pt\\\/online\\\/2021\\\/06\\\/13\\\/distrito-de-viseu-com-50-ocorrencias-devido-a-mau-tempo\\\/#article\",\"isPartOf\":{\"@id\":\"http:\\\/\\\/obeirao.pt\\\/online\\\/2021\\\/06\\\/13\\\/distrito-de-viseu-com-50-ocorrencias-devido-a-mau-tempo\\\/\"},\"author\":{\"name\":\"Z\u00e9 Beir\u00e3o\",\"@id\":\"http:\\\/\\\/obeirao.pt\\\/online\\\/#\\\/schema\\\/person\\\/efac69bb5a33873e1c1bb9c1165ff38c\"},\"headline\":\"DISTRITO DE VISEU COM 50 OCORR\u00caNCIAS DEVIDO A MAU TEMPO\",\"datePublished\":\"2021-06-13T21:37:00+00:00\",\"dateModified\":\"2021-06-13T22:01:09+00:00\",\"mainEntityOfPage\":{\"@id\":\"http:\\\/\\\/obeirao.pt\\\/online\\\/2021\\\/06\\\/13\\\/distrito-de-viseu-com-50-ocorrencias-devido-a-mau-tempo\\\/\"},\"wordCount\":606,\"image\":{\"@id\":\"http:\\\/\\\/obeirao.pt\\\/online\\\/2021\\\/06\\\/13\\\/distrito-de-viseu-com-50-ocorrencias-devido-a-mau-tempo\\\/#primaryimage\"},\"thumbnailUrl\":\"http:\\\/\\\/obeirao.pt\\\/online\\\/wp-content\\\/uploads\\\/2021\\\/06\\\/Inunda\u00e7\u00f5es.-Foto-Ao-Tondela.jpg\",\"articleSection\":[\"_Principal\",\"Cidade\",\"Comunidade Intermunicipal Viseu D\u00e3o Laf\u00f5es\",\"Pa\u00eds\",\"Regi\u00e3o\",\"Tondela\"],\"inLanguage\":\"pt-PT\"},{\"@type\":\"WebPage\",\"@id\":\"http:\\\/\\\/obeirao.pt\\\/online\\\/2021\\\/06\\\/13\\\/distrito-de-viseu-com-50-ocorrencias-devido-a-mau-tempo\\\/\",\"url\":\"http:\\\/\\\/obeirao.pt\\\/online\\\/2021\\\/06\\\/13\\\/distrito-de-viseu-com-50-ocorrencias-devido-a-mau-tempo\\\/\",\"name\":\"DISTRITO DE VISEU COM 50 OCORR\u00caNCIAS DEVIDO A MAU TEMPO - Beir\u00e3o Online\",\"isPartOf\":{\"@id\":\"http:\\\/\\\/obeirao.pt\\\/online\\\/#website\"},\"primaryImageOfPage\":{\"@id\":\"http:\\\/\\\/obeirao.pt\\\/online\\\/2021\\\/06\\\/13\\\/distrito-de-viseu-com-50-ocorrencias-devido-a-mau-tempo\\\/#primaryimage\"},\"image\":{\"@id\":\"http:\\\/\\\/obeirao.pt\\\/online\\\/2021\\\/06\\\/13\\\/distrito-de-viseu-com-50-ocorrencias-devido-a-mau-tempo\\\/#primaryimage\"},\"thumbnailUrl\":\"http:\\\/\\\/obeirao.pt\\\/online\\\/wp-content\\\/uploads\\\/2021\\\/06\\\/Inunda\u00e7\u00f5es.-Foto-Ao-Tondela.jpg\",\"datePublished\":\"2021-06-13T21:37:00+00:00\",\"dateModified\":\"2021-06-13T22:01:09+00:00\",\"author\":{\"@id\":\"http:\\\/\\\/obeirao.pt\\\/online\\\/#\\\/schema\\\/person\\\/efac69bb5a33873e1c1bb9c1165ff38c\"},\"breadcrumb\":{\"@id\":\"http:\\\/\\\/obeirao.pt\\\/online\\\/2021\\\/06\\\/13\\\/distrito-de-viseu-com-50-ocorrencias-devido-a-mau-tempo\\\/#breadcrumb\"},\"inLanguage\":\"pt-PT\",\"potentialAction\":[{\"@type\":\"ReadAction\",\"target\":[\"http:\\\/\\\/obeirao.pt\\\/online\\\/2021\\\/06\\\/13\\\/distrito-de-viseu-com-50-ocorrencias-devido-a-mau-tempo\\\/\"]}]},{\"@type\":\"ImageObject\",\"inLanguage\":\"pt-PT\",\"@id\":\"http:\\\/\\\/obeirao.pt\\\/online\\\/2021\\\/06\\\/13\\\/distrito-de-viseu-com-50-ocorrencias-devido-a-mau-tempo\\\/#primaryimage\",\"url\":\"http:\\\/\\\/obeirao.pt\\\/online\\\/wp-content\\\/uploads\\\/2021\\\/06\\\/Inunda\u00e7\u00f5es.-Foto-Ao-Tondela.jpg\",\"contentUrl\":\"http:\\\/\\\/obeirao.pt\\\/online\\\/wp-content\\\/uploads\\\/2021\\\/06\\\/Inunda\u00e7\u00f5es.-Foto-Ao-Tondela.jpg\",\"width\":960,\"height\":720},{\"@type\":\"BreadcrumbList\",\"@id\":\"http:\\\/\\\/obeirao.pt\\\/online\\\/2021\\\/06\\\/13\\\/distrito-de-viseu-com-50-ocorrencias-devido-a-mau-tempo\\\/#breadcrumb\",\"itemListElement\":[{\"@type\":\"ListItem\",\"position\":1,\"name\":\"Home\",\"item\":\"http:\\\/\\\/obeirao.pt\\\/online\\\/\"},{\"@type\":\"ListItem\",\"position\":2,\"name\":\"DISTRITO DE VISEU COM 50 OCORR\u00caNCIAS DEVIDO A MAU TEMPO\"}]},{\"@type\":\"WebSite\",\"@id\":\"http:\\\/\\\/obeirao.pt\\\/online\\\/#website\",\"url\":\"http:\\\/\\\/obeirao.pt\\\/online\\\/\",\"name\":\"Beir\u00e3o Online\",\"description\":\"www.obeirao.pt\",\"potentialAction\":[{\"@type\":\"SearchAction\",\"target\":{\"@type\":\"EntryPoint\",\"urlTemplate\":\"http:\\\/\\\/obeirao.pt\\\/online\\\/?s={search_term_string}\"},\"query-input\":{\"@type\":\"PropertyValueSpecification\",\"valueRequired\":true,\"valueName\":\"search_term_string\"}}],\"inLanguage\":\"pt-PT\"},{\"@type\":\"Person\",\"@id\":\"http:\\\/\\\/obeirao.pt\\\/online\\\/#\\\/schema\\\/person\\\/efac69bb5a33873e1c1bb9c1165ff38c\",\"name\":\"Z\u00e9 Beir\u00e3o\",\"image\":{\"@type\":\"ImageObject\",\"inLanguage\":\"pt-PT\",\"@id\":\"http:\\\/\\\/0.gravatar.com\\\/avatar\\\/c8c44d1f9327baa4d27e9b1149cd71b3?s=96&d=mm&r=g\",\"url\":\"http:\\\/\\\/0.gravatar.com\\\/avatar\\\/c8c44d1f9327baa4d27e9b1149cd71b3?s=96&d=mm&r=g\",\"contentUrl\":\"http:\\\/\\\/0.gravatar.com\\\/avatar\\\/c8c44d1f9327baa4d27e9b1149cd71b3?s=96&d=mm&r=g\",\"caption\":\"Z\u00e9 Beir\u00e3o\"},\"url\":\"http:\\\/\\\/obeirao.pt\\\/online\\\/author\\\/zebeirao\\\/\"}]}<\/script>\n<!-- \/ Yoast SEO plugin. -->","yoast_head_json":{"title":"DISTRITO DE VISEU COM 50 OCORR\u00caNCIAS DEVIDO A MAU TEMPO - Beir\u00e3o Online","robots":{"index":"index","follow":"follow","max-snippet":"max-snippet:-1","max-image-preview":"max-image-preview:large","max-video-preview":"max-video-preview:-1"},"canonical":"http:\/\/obeirao.pt\/online\/2021\/06\/13\/distrito-de-viseu-com-50-ocorrencias-devido-a-mau-tempo\/","og_locale":"pt_PT","og_type":"article","og_title":"DISTRITO DE VISEU COM 50 OCORR\u00caNCIAS DEVIDO A MAU TEMPO - Beir\u00e3o Online","og_description":"tempo de leitura: 3 minutosBalan\u00e7o feito pelo Comando Distrital de Opera\u00e7\u00f5es de Socorro. Concelho de Tondela &#8220;arrasado&#8221; pelas inunda\u00e7\u00f5es e quedas de \u00e1rvores","og_url":"http:\/\/obeirao.pt\/online\/2021\/06\/13\/distrito-de-viseu-com-50-ocorrencias-devido-a-mau-tempo\/","og_site_name":"Beir\u00e3o Online","article_publisher":"https:\/\/pt-br.facebook.com\/pages\/Amigos-de-Tondela\/273620439973877","article_published_time":"2021-06-13T21:37:00+00:00","article_modified_time":"2021-06-13T22:01:09+00:00","og_image":[{"width":960,"height":720,"url":"http:\/\/obeirao.pt\/online\/wp-content\/uploads\/2021\/06\/Inunda\u00e7\u00f5es.-Foto-Ao-Tondela.jpg","type":"image\/jpeg"}],"author":"Z\u00e9 Beir\u00e3o","twitter_card":"summary_large_image","twitter_creator":"@JoaquimDuarteP2","twitter_site":"@JoaquimDuarteP2","twitter_misc":{"Escrito por":"Z\u00e9 Beir\u00e3o","Tempo estimado de leitura":"3 minutos"},"schema":{"@context":"https:\/\/schema.org","@graph":[{"@type":"Article","@id":"http:\/\/obeirao.pt\/online\/2021\/06\/13\/distrito-de-viseu-com-50-ocorrencias-devido-a-mau-tempo\/#article","isPartOf":{"@id":"http:\/\/obeirao.pt\/online\/2021\/06\/13\/distrito-de-viseu-com-50-ocorrencias-devido-a-mau-tempo\/"},"author":{"name":"Z\u00e9 Beir\u00e3o","@id":"http:\/\/obeirao.pt\/online\/#\/schema\/person\/efac69bb5a33873e1c1bb9c1165ff38c"},"headline":"DISTRITO DE VISEU COM 50 OCORR\u00caNCIAS DEVIDO A MAU TEMPO","datePublished":"2021-06-13T21:37:00+00:00","dateModified":"2021-06-13T22:01:09+00:00","mainEntityOfPage":{"@id":"http:\/\/obeirao.pt\/online\/2021\/06\/13\/distrito-de-viseu-com-50-ocorrencias-devido-a-mau-tempo\/"},"wordCount":606,"image":{"@id":"http:\/\/obeirao.pt\/online\/2021\/06\/13\/distrito-de-viseu-com-50-ocorrencias-devido-a-mau-tempo\/#primaryimage"},"thumbnailUrl":"http:\/\/obeirao.pt\/online\/wp-content\/uploads\/2021\/06\/Inunda\u00e7\u00f5es.-Foto-Ao-Tondela.jpg","articleSection":["_Principal","Cidade","Comunidade Intermunicipal Viseu D\u00e3o Laf\u00f5es","Pa\u00eds","Regi\u00e3o","Tondela"],"inLanguage":"pt-PT"},{"@type":"WebPage","@id":"http:\/\/obeirao.pt\/online\/2021\/06\/13\/distrito-de-viseu-com-50-ocorrencias-devido-a-mau-tempo\/","url":"http:\/\/obeirao.pt\/online\/2021\/06\/13\/distrito-de-viseu-com-50-ocorrencias-devido-a-mau-tempo\/","name":"DISTRITO DE VISEU COM 50 OCORR\u00caNCIAS DEVIDO A MAU TEMPO - Beir\u00e3o Online","isPartOf":{"@id":"http:\/\/obeirao.pt\/online\/#website"},"primaryImageOfPage":{"@id":"http:\/\/obeirao.pt\/online\/2021\/06\/13\/distrito-de-viseu-com-50-ocorrencias-devido-a-mau-tempo\/#primaryimage"},"image":{"@id":"http:\/\/obeirao.pt\/online\/2021\/06\/13\/distrito-de-viseu-com-50-ocorrencias-devido-a-mau-tempo\/#primaryimage"},"thumbnailUrl":"http:\/\/obeirao.pt\/online\/wp-content\/uploads\/2021\/06\/Inunda\u00e7\u00f5es.-Foto-Ao-Tondela.jpg","datePublished":"2021-06-13T21:37:00+00:00","dateModified":"2021-06-13T22:01:09+00:00","author":{"@id":"http:\/\/obeirao.pt\/online\/#\/schema\/person\/efac69bb5a33873e1c1bb9c1165ff38c"},"breadcrumb":{"@id":"http:\/\/obeirao.pt\/online\/2021\/06\/13\/distrito-de-viseu-com-50-ocorrencias-devido-a-mau-tempo\/#breadcrumb"},"inLanguage":"pt-PT","potentialAction":[{"@type":"ReadAction","target":["http:\/\/obeirao.pt\/online\/2021\/06\/13\/distrito-de-viseu-com-50-ocorrencias-devido-a-mau-tempo\/"]}]},{"@type":"ImageObject","inLanguage":"pt-PT","@id":"http:\/\/obeirao.pt\/online\/2021\/06\/13\/distrito-de-viseu-com-50-ocorrencias-devido-a-mau-tempo\/#primaryimage","url":"http:\/\/obeirao.pt\/online\/wp-content\/uploads\/2021\/06\/Inunda\u00e7\u00f5es.-Foto-Ao-Tondela.jpg","contentUrl":"http:\/\/obeirao.pt\/online\/wp-content\/uploads\/2021\/06\/Inunda\u00e7\u00f5es.-Foto-Ao-Tondela.jpg","width":960,"height":720},{"@type":"BreadcrumbList","@id":"http:\/\/obeirao.pt\/online\/2021\/06\/13\/distrito-de-viseu-com-50-ocorrencias-devido-a-mau-tempo\/#breadcrumb","itemListElement":[{"@type":"ListItem","position":1,"name":"Home","item":"http:\/\/obeirao.pt\/online\/"},{"@type":"ListItem","position":2,"name":"DISTRITO DE VISEU COM 50 OCORR\u00caNCIAS DEVIDO A MAU TEMPO"}]},{"@type":"WebSite","@id":"http:\/\/obeirao.pt\/online\/#website","url":"http:\/\/obeirao.pt\/online\/","name":"Beir\u00e3o Online","description":"www.obeirao.pt","potentialAction":[{"@type":"SearchAction","target":{"@type":"EntryPoint","urlTemplate":"http:\/\/obeirao.pt\/online\/?s={search_term_string}"},"query-input":{"@type":"PropertyValueSpecification","valueRequired":true,"valueName":"search_term_string"}}],"inLanguage":"pt-PT"},{"@type":"Person","@id":"http:\/\/obeirao.pt\/online\/#\/schema\/person\/efac69bb5a33873e1c1bb9c1165ff38c","name":"Z\u00e9 Beir\u00e3o","image":{"@type":"ImageObject","inLanguage":"pt-PT","@id":"http:\/\/0.gravatar.com\/avatar\/c8c44d1f9327baa4d27e9b1149cd71b3?s=96&d=mm&r=g","url":"http:\/\/0.gravatar.com\/avatar\/c8c44d1f9327baa4d27e9b1149cd71b3?s=96&d=mm&r=g","contentUrl":"http:\/\/0.gravatar.com\/avatar\/c8c44d1f9327baa4d27e9b1149cd71b3?s=96&d=mm&r=g","caption":"Z\u00e9 Beir\u00e3o"},"url":"http:\/\/obeirao.pt\/online\/author\/zebeirao\/"}]}},"_links":{"self":[{"href":"http:\/\/obeirao.pt\/online\/wp-json\/wp\/v2\/posts\/6335"}],"collection":[{"href":"http:\/\/obeirao.pt\/online\/wp-json\/wp\/v2\/posts"}],"about":[{"href":"http:\/\/obeirao.pt\/online\/wp-json\/wp\/v2\/types\/post"}],"author":[{"embeddable":true,"href":"http:\/\/obeirao.pt\/online\/wp-json\/wp\/v2\/users\/2"}],"replies":[{"embeddable":true,"href":"http:\/\/obeirao.pt\/online\/wp-json\/wp\/v2\/comments?post=6335"}],"version-history":[{"count":1,"href":"http:\/\/obeirao.pt\/online\/wp-json\/wp\/v2\/posts\/6335\/revisions"}],"predecessor-version":[{"id":6337,"href":"http:\/\/obeirao.pt\/online\/wp-json\/wp\/v2\/posts\/6335\/revisions\/6337"}],"wp:featuredmedia":[{"embeddable":true,"href":"http:\/\/obeirao.pt\/online\/wp-json\/wp\/v2\/media\/6336"}],"wp:attachment":[{"href":"http:\/\/obeirao.pt\/online\/wp-json\/wp\/v2\/media?parent=6335"}],"wp:term":[{"taxonomy":"category","embeddable":true,"href":"http:\/\/obeirao.pt\/online\/wp-json\/wp\/v2\/categories?post=6335"},{"taxonomy":"post_tag","embeddable":true,"href":"http:\/\/obeirao.pt\/online\/wp-json\/wp\/v2\/tags?post=6335"}],"curies":[{"name":"wp","href":"https:\/\/api.w.org\/{rel}","templated":true}]}}