{"id":6402,"date":"2021-07-21T15:30:51","date_gmt":"2021-07-21T14:30:51","guid":{"rendered":"http:\/\/obeirao.pt\/online\/?p=6402"},"modified":"2021-07-21T15:36:46","modified_gmt":"2021-07-21T14:36:46","slug":"molelos-com-novos-e-importantes-passos-no-desenvolvimento","status":"publish","type":"post","link":"http:\/\/obeirao.pt\/online\/2021\/07\/21\/molelos-com-novos-e-importantes-passos-no-desenvolvimento\/","title":{"rendered":"MOLELOS COM NOVOS E IMPORTANTES PASSOS NO DESENVOLVIMENTO"},"content":{"rendered":"<span class=\"span-reading-time rt-reading-time\" style=\"display: block;\"><span class=\"rt-label rt-prefix\">tempo de leitura:<\/span> <span class=\"rt-time\"> 4<\/span> <span class=\"rt-label rt-postfix\">minutos<\/span><\/span><p><span style=\"font-size: 24pt\"><strong><a href=\"http:\/\/obeirao.pt\/online\/wp-content\/uploads\/2021\/07\/image1.jpeg\"><img loading=\"lazy\" decoding=\"async\" class=\"alignleft wp-image-6403 size-medium\" src=\"http:\/\/obeirao.pt\/online\/wp-content\/uploads\/2021\/07\/image1-300x186.jpeg\" alt=\"\" width=\"300\" height=\"186\" srcset=\"http:\/\/obeirao.pt\/online\/wp-content\/uploads\/2021\/07\/image1-300x186.jpeg 300w, http:\/\/obeirao.pt\/online\/wp-content\/uploads\/2021\/07\/image1-768x476.jpeg 768w, http:\/\/obeirao.pt\/online\/wp-content\/uploads\/2021\/07\/image1-640x397.jpeg 640w, http:\/\/obeirao.pt\/online\/wp-content\/uploads\/2021\/07\/image1.jpeg 960w\" sizes=\"(max-width: 300px) 100vw, 300px\" \/><\/a><\/strong><\/span><span style=\"font-family: georgia, palatino, serif\"><strong><em>Julgamos que nunca, tanto como agora, o Munic\u00edpio de Tondela apoiou a vasta e antiga freguesia de Molelos, a tal que j\u00e1 foi sede do concelho de Besteiros, precisamente entre 1515 e 1665, sensivelmente.<\/em><\/strong><!--more--><\/span><\/p>\n<p><span style=\"font-family: georgia, palatino, serif\">S\u00e3o obras por toda a freguesia que, a continuar assim, deixar\u00e1 de ser a tal \u201ccidade das couves\u201d, como lhe chamou o benquisto e saudoso cidad\u00e3o, Nelson de Matos Coimbra.<\/span><\/p>\n<p><span style=\"font-family: georgia, palatino, serif\">Nesse sentido, para mostrar \u00e0 comunica\u00e7\u00e3o social o estado de todas as obras, o Munic\u00edpio convidou os jornalistas para uma visita aos locais intervencionados.<\/span><\/p>\n<p><span style=\"font-family: georgia, palatino, serif\"><a href=\"http:\/\/obeirao.pt\/online\/wp-content\/uploads\/2021\/07\/image4.jpeg\"><img loading=\"lazy\" decoding=\"async\" class=\"alignright wp-image-6405 size-medium\" src=\"http:\/\/obeirao.pt\/online\/wp-content\/uploads\/2021\/07\/image4-300x160.jpeg\" alt=\"\" width=\"300\" height=\"160\" srcset=\"http:\/\/obeirao.pt\/online\/wp-content\/uploads\/2021\/07\/image4-300x160.jpeg 300w, http:\/\/obeirao.pt\/online\/wp-content\/uploads\/2021\/07\/image4-768x410.jpeg 768w, http:\/\/obeirao.pt\/online\/wp-content\/uploads\/2021\/07\/image4-640x342.jpeg 640w, http:\/\/obeirao.pt\/online\/wp-content\/uploads\/2021\/07\/image4.jpeg 960w\" sizes=\"(max-width: 300px) 100vw, 300px\" \/><\/a>Com o presidente da C\u00e2mara, Jos\u00e9 Ant\u00f3nio de Jesus, os vereadores Pedro Ad\u00e3o e Miguel Torres, fizeram-se representar o Presidente da Junta de Freguesia Jos\u00e9 Dias, entre outros membros da autarquia e da Assembleia de Freguesia de Molelos.<\/span><\/p>\n<p><span style=\"font-family: georgia, palatino, serif\">O local do encontro, foi no Largo de Santa Luzia, no Botulho, onde Jos\u00e9 Ant\u00f3nio de Jesus revelou que \u201cestas s\u00e3o obras muito relevantes para esta freguesia, em diferentes \u00e1reas. S\u00f3 nas visitas de hoje est\u00e3o mais de 700 mil euros em protocolos\u201d.<\/span><\/p>\n<p><span style=\"font-family: georgia, palatino, serif\">No Botulho, bairro populoso paredes-meias com Tondela, foram visitadas as obras na sede da associa\u00e7\u00e3o local, um edif\u00edcio perten\u00e7a da Junta de Freguesia de Molelos, em figura de comodato com a Associa\u00e7\u00e3o Juvenil de Desenvolvimento e Anima\u00e7\u00e3o\u00a0 (AJUDA).<\/span><\/p>\n<p><span style=\"font-family: georgia, palatino, serif\"><a href=\"http:\/\/obeirao.pt\/online\/wp-content\/uploads\/2021\/07\/image7.jpeg\"><img loading=\"lazy\" decoding=\"async\" class=\"alignleft wp-image-6406 size-medium\" src=\"http:\/\/obeirao.pt\/online\/wp-content\/uploads\/2021\/07\/image7-300x158.jpeg\" alt=\"\" width=\"300\" height=\"158\" srcset=\"http:\/\/obeirao.pt\/online\/wp-content\/uploads\/2021\/07\/image7-300x158.jpeg 300w, http:\/\/obeirao.pt\/online\/wp-content\/uploads\/2021\/07\/image7-768x406.jpeg 768w, http:\/\/obeirao.pt\/online\/wp-content\/uploads\/2021\/07\/image7-640x338.jpeg 640w, http:\/\/obeirao.pt\/online\/wp-content\/uploads\/2021\/07\/image7.jpeg 960w\" sizes=\"(max-width: 300px) 100vw, 300px\" \/><\/a>Recorde-se que o Munic\u00edpio de Tondela contribuiu para esta interven\u00e7\u00e3o com o apoio de cerca de 90 mil euros, fruto de dois protocolos de apoio: o primeiro no valor de 40 mil euros em 2017 e o segundo no valor de 50 mil euros em 2020.<\/span><\/p>\n<p><span style=\"font-family: georgia, palatino, serif\">Estas instala\u00e7\u00f5es situam-se mesmo junto ao parque de lazer e de festas de Santa Luzia e, assim, uma mais-valia para aquele espa\u00e7o que se pode considerar de valor citadino, dada a sua proximidade ao centro da cidade.<\/span><\/p>\n<p><span style=\"font-family: georgia, palatino, serif\">\u00e0 sede da Associa\u00e7\u00e3o do Escola Futebol Clube de Molelinhos, que se encontram numa fase inicial, que contam com um apoio municipal de 88 mil euros.<\/span><\/p>\n<p><span style=\"font-family: georgia, palatino, serif\"><a href=\"http:\/\/obeirao.pt\/online\/wp-content\/uploads\/2021\/07\/image9.jpeg\"><img loading=\"lazy\" decoding=\"async\" class=\"alignright wp-image-6407 size-medium\" src=\"http:\/\/obeirao.pt\/online\/wp-content\/uploads\/2021\/07\/image9-300x159.jpeg\" alt=\"\" width=\"300\" height=\"159\" srcset=\"http:\/\/obeirao.pt\/online\/wp-content\/uploads\/2021\/07\/image9-300x159.jpeg 300w, http:\/\/obeirao.pt\/online\/wp-content\/uploads\/2021\/07\/image9-768x407.jpeg 768w, http:\/\/obeirao.pt\/online\/wp-content\/uploads\/2021\/07\/image9-640x339.jpeg 640w, http:\/\/obeirao.pt\/online\/wp-content\/uploads\/2021\/07\/image9.jpeg 960w\" sizes=\"(max-width: 300px) 100vw, 300px\" \/><\/a>Destaque tamb\u00e9m para a visita ao armaz\u00e9m\/garagem da Junta de Freguesia, onde tamb\u00e9m foi constru\u00eddo um muro de suporte no Parque do Calv\u00e1rio (SMIR), num custo total que ronda os 150 mil euros.<\/span><\/p>\n<p><span style=\"font-family: georgia, palatino, serif\">Seguiu-se uma visita ao alargamento da estrada de acesso \u00e0 povoa\u00e7\u00e3o da Mata que, a breve trecho, ser\u00e1 asfaltada, com a possibilidade de, finalmente, ser estabelecida uma liga\u00e7\u00e3o ao tamb\u00e9m populoso bairro da Ermida, com pont\u00e3o no ribeiro, um anseio antigo daquelas gentes.<\/span><\/p>\n<p><span style=\"font-family: georgia, palatino, serif\"><a href=\"http:\/\/obeirao.pt\/online\/wp-content\/uploads\/2021\/07\/image0.jpeg\"><img loading=\"lazy\" decoding=\"async\" class=\"alignleft wp-image-6408 size-medium\" src=\"http:\/\/obeirao.pt\/online\/wp-content\/uploads\/2021\/07\/image0-300x200.jpeg\" alt=\"\" width=\"300\" height=\"200\" srcset=\"http:\/\/obeirao.pt\/online\/wp-content\/uploads\/2021\/07\/image0-300x200.jpeg 300w, http:\/\/obeirao.pt\/online\/wp-content\/uploads\/2021\/07\/image0-768x512.jpeg 768w, http:\/\/obeirao.pt\/online\/wp-content\/uploads\/2021\/07\/image0-640x427.jpeg 640w, http:\/\/obeirao.pt\/online\/wp-content\/uploads\/2021\/07\/image0.jpeg 960w\" sizes=\"(max-width: 300px) 100vw, 300px\" \/><\/a>Depois da passagem por algumas pavimenta\u00e7\u00f5es com cal\u00e7ada, a \u00faltima visita decorreu no Parque das Raposeiras, onde o Munic\u00edpio de Tondela e a Junta se Freguesia est\u00e3o a investir cerca de 230 mil euros, na constru\u00e7\u00e3o de v\u00e1rios equipamentos de apoio \u00e0 soenga, para al\u00e9m de executar arruamentos, passeios, ilumina\u00e7\u00e3o e arranjos exteriores.<\/span><\/p>\n<p><span style=\"font-family: georgia, palatino, serif\">De acordo com o presidente da C\u00e2mara de Tondela, trata-se de uma obra emblem\u00e1tica, que vem dar melhores condi\u00e7\u00f5es para que a soenga se realize bem como outras actividades relacionadas com as olarias.<\/span><\/p>\n<p><span style=\"font-family: georgia, palatino, serif\">Ali, n\u00e3o faltar\u00e3o assadores, \u00e1gua pot\u00e1vel, casas de banho e outras acomoda\u00e7\u00f5es de bem-estar, com \u00e1rvores, relvados e bancos.<\/span><\/p>\n<p><span style=\"font-family: georgia, palatino, serif\">\u201cA par disto, \u00e9 ainda mais um parque de lazer que se cria no concelho. Dar\u00e1 resposta a grupos e excurs\u00f5es, sendo um ponto de encontro comunit\u00e1rio\u201d, concluiu.<\/span><\/p>\n<p><span style=\"font-size: 14pt;color: #ff0000;background-color: #ffff00\"><strong style=\"font-family: georgia, palatino, serif\"><em>NOVA ESTRADA LAJEDO\/IP 3 CUSTAR\u00c1 7,5 MILH\u00d5ES DE EUROS<\/em><\/strong><\/span><\/p>\n<p><span style=\"font-family: georgia, palatino, serif\"><a href=\"http:\/\/obeirao.pt\/online\/wp-content\/uploads\/2021\/07\/Uma-obra-muito-importante.jpeg\"><img loading=\"lazy\" decoding=\"async\" class=\"alignright wp-image-6404 size-medium\" src=\"http:\/\/obeirao.pt\/online\/wp-content\/uploads\/2021\/07\/Uma-obra-muito-importante-300x189.jpeg\" alt=\"\" width=\"300\" height=\"189\" srcset=\"http:\/\/obeirao.pt\/online\/wp-content\/uploads\/2021\/07\/Uma-obra-muito-importante-300x189.jpeg 300w, http:\/\/obeirao.pt\/online\/wp-content\/uploads\/2021\/07\/Uma-obra-muito-importante-768x483.jpeg 768w, http:\/\/obeirao.pt\/online\/wp-content\/uploads\/2021\/07\/Uma-obra-muito-importante-640x403.jpeg 640w, http:\/\/obeirao.pt\/online\/wp-content\/uploads\/2021\/07\/Uma-obra-muito-importante.jpeg 960w\" sizes=\"(max-width: 300px) 100vw, 300px\" \/><\/a>No piso t\u00e9rreo da obra da sede da Associa\u00e7\u00e3o do Botulho, o Presidente da C\u00e2mara, com a ajuda de um mapa da zona de entre a Escola Secund\u00e1ria de Molelos\/Tondela e Santiago de Besteiros, teve a oportunidade de falar sobre a nova e projectada estrada de liga\u00e7\u00e3o da Zona Industrial do Lajedo ao n\u00f3 central do IP 3 em Tondela.<\/span><\/p>\n<p><span style=\"font-family: georgia, palatino, serif\">A estrada ter\u00e1 5,5 quil\u00f3metros de dist\u00e2ncia, com variantes \u00e0 Ribeira e a Molelos, aqui, indo de encontro \u00e0s pretens\u00f5es dos habitantes, que n\u00e3o desejavam a estrada dentro do per\u00edmetro urbano da freguesia.<\/span><\/p>\n<p><span style=\"font-family: georgia, palatino, serif\">Esta obra, que visa a coes\u00e3o territorial e a liga\u00e7\u00e3o entre as duas zonas industriais de maior expans\u00e3o no concelho (Adi\u00e7a\/Tondela e Lajedo\/Santiago), custar\u00e1, como revelou Jos\u00e9 Ant\u00f3nio de Jesus, cerca de oito milh\u00f5es de euros.<\/span><\/p>\n<p>&nbsp;<\/p>\n","protected":false},"excerpt":{"rendered":"<div class=\"mh-excerpt\"><span class=\"span-reading-time rt-reading-time\" style=\"display: block;\"><span class=\"rt-label rt-prefix\">tempo de leitura:<\/span> <span class=\"rt-time\"> 4<\/span> <span class=\"rt-label rt-postfix\">minutos<\/span><\/span>Julgamos que nunca, tanto como agora, o Munic\u00edpio de Tondela apoiou a vasta e antiga freguesia de Molelos, a tal que j\u00e1 foi sede do <a class=\"mh-excerpt-more\" href=\"http:\/\/obeirao.pt\/online\/2021\/07\/21\/molelos-com-novos-e-importantes-passos-no-desenvolvimento\/\" title=\"MOLELOS COM NOVOS E IMPORTANTES PASSOS NO DESENVOLVIMENTO\">[&#8230;]<\/a><\/div>\n","protected":false},"author":2,"featured_media":6403,"comment_status":"closed","ping_status":"closed","sticky":false,"template":"","format":"standard","meta":{"footnotes":""},"categories":[2,5,188,6,4,63],"tags":[],"class_list":["post-6402","post","type-post","status-publish","format-standard","has-post-thumbnail","hentry","category-principal","category-cidade","category-comunidade-intermunicipal-viseu-dao-lafoes","category-pais","category-regiao","category-tondela"],"yoast_head":"<!-- This site is optimized with the Yoast SEO plugin v27.4 - https:\/\/yoast.com\/product\/yoast-seo-wordpress\/ -->\n<title>MOLELOS COM NOVOS E IMPORTANTES PASSOS NO DESENVOLVIMENTO - Beir\u00e3o Online<\/title>\n<meta name=\"robots\" content=\"index, follow, max-snippet:-1, max-image-preview:large, max-video-preview:-1\" \/>\n<link rel=\"canonical\" href=\"http:\/\/obeirao.pt\/online\/2021\/07\/21\/molelos-com-novos-e-importantes-passos-no-desenvolvimento\/\" \/>\n<meta property=\"og:locale\" content=\"pt_PT\" \/>\n<meta property=\"og:type\" content=\"article\" \/>\n<meta property=\"og:title\" content=\"MOLELOS COM NOVOS E IMPORTANTES PASSOS NO DESENVOLVIMENTO - Beir\u00e3o Online\" \/>\n<meta property=\"og:description\" content=\"tempo de leitura: 4 minutosJulgamos que nunca, tanto como agora, o Munic\u00edpio de Tondela apoiou a vasta e antiga freguesia de Molelos, a tal que j\u00e1 foi sede do [...]\" \/>\n<meta property=\"og:url\" content=\"http:\/\/obeirao.pt\/online\/2021\/07\/21\/molelos-com-novos-e-importantes-passos-no-desenvolvimento\/\" \/>\n<meta property=\"og:site_name\" content=\"Beir\u00e3o Online\" \/>\n<meta property=\"article:publisher\" content=\"https:\/\/pt-br.facebook.com\/pages\/Amigos-de-Tondela\/273620439973877\" \/>\n<meta property=\"article:published_time\" content=\"2021-07-21T14:30:51+00:00\" \/>\n<meta property=\"article:modified_time\" content=\"2021-07-21T14:36:46+00:00\" \/>\n<meta property=\"og:image\" content=\"http:\/\/obeirao.pt\/online\/wp-content\/uploads\/2021\/07\/image1.jpeg\" \/>\n\t<meta property=\"og:image:width\" content=\"960\" \/>\n\t<meta property=\"og:image:height\" content=\"595\" \/>\n\t<meta property=\"og:image:type\" content=\"image\/jpeg\" \/>\n<meta name=\"author\" content=\"Z\u00e9 Beir\u00e3o\" \/>\n<meta name=\"twitter:card\" content=\"summary_large_image\" \/>\n<meta name=\"twitter:creator\" content=\"@JoaquimDuarteP2\" \/>\n<meta name=\"twitter:site\" content=\"@JoaquimDuarteP2\" \/>\n<meta name=\"twitter:label1\" content=\"Escrito por\" \/>\n\t<meta name=\"twitter:data1\" content=\"Z\u00e9 Beir\u00e3o\" \/>\n\t<meta name=\"twitter:label2\" content=\"Tempo estimado de leitura\" \/>\n\t<meta name=\"twitter:data2\" content=\"5 minutos\" \/>\n<script type=\"application\/ld+json\" class=\"yoast-schema-graph\">{\"@context\":\"https:\\\/\\\/schema.org\",\"@graph\":[{\"@type\":\"Article\",\"@id\":\"http:\\\/\\\/obeirao.pt\\\/online\\\/2021\\\/07\\\/21\\\/molelos-com-novos-e-importantes-passos-no-desenvolvimento\\\/#article\",\"isPartOf\":{\"@id\":\"http:\\\/\\\/obeirao.pt\\\/online\\\/2021\\\/07\\\/21\\\/molelos-com-novos-e-importantes-passos-no-desenvolvimento\\\/\"},\"author\":{\"name\":\"Z\u00e9 Beir\u00e3o\",\"@id\":\"http:\\\/\\\/obeirao.pt\\\/online\\\/#\\\/schema\\\/person\\\/efac69bb5a33873e1c1bb9c1165ff38c\"},\"headline\":\"MOLELOS COM NOVOS E IMPORTANTES PASSOS NO DESENVOLVIMENTO\",\"datePublished\":\"2021-07-21T14:30:51+00:00\",\"dateModified\":\"2021-07-21T14:36:46+00:00\",\"mainEntityOfPage\":{\"@id\":\"http:\\\/\\\/obeirao.pt\\\/online\\\/2021\\\/07\\\/21\\\/molelos-com-novos-e-importantes-passos-no-desenvolvimento\\\/\"},\"wordCount\":720,\"image\":{\"@id\":\"http:\\\/\\\/obeirao.pt\\\/online\\\/2021\\\/07\\\/21\\\/molelos-com-novos-e-importantes-passos-no-desenvolvimento\\\/#primaryimage\"},\"thumbnailUrl\":\"http:\\\/\\\/obeirao.pt\\\/online\\\/wp-content\\\/uploads\\\/2021\\\/07\\\/image1.jpeg\",\"articleSection\":[\"_Principal\",\"Cidade\",\"Comunidade Intermunicipal Viseu D\u00e3o Laf\u00f5es\",\"Pa\u00eds\",\"Regi\u00e3o\",\"Tondela\"],\"inLanguage\":\"pt-PT\"},{\"@type\":\"WebPage\",\"@id\":\"http:\\\/\\\/obeirao.pt\\\/online\\\/2021\\\/07\\\/21\\\/molelos-com-novos-e-importantes-passos-no-desenvolvimento\\\/\",\"url\":\"http:\\\/\\\/obeirao.pt\\\/online\\\/2021\\\/07\\\/21\\\/molelos-com-novos-e-importantes-passos-no-desenvolvimento\\\/\",\"name\":\"MOLELOS COM NOVOS E IMPORTANTES PASSOS NO DESENVOLVIMENTO - Beir\u00e3o Online\",\"isPartOf\":{\"@id\":\"http:\\\/\\\/obeirao.pt\\\/online\\\/#website\"},\"primaryImageOfPage\":{\"@id\":\"http:\\\/\\\/obeirao.pt\\\/online\\\/2021\\\/07\\\/21\\\/molelos-com-novos-e-importantes-passos-no-desenvolvimento\\\/#primaryimage\"},\"image\":{\"@id\":\"http:\\\/\\\/obeirao.pt\\\/online\\\/2021\\\/07\\\/21\\\/molelos-com-novos-e-importantes-passos-no-desenvolvimento\\\/#primaryimage\"},\"thumbnailUrl\":\"http:\\\/\\\/obeirao.pt\\\/online\\\/wp-content\\\/uploads\\\/2021\\\/07\\\/image1.jpeg\",\"datePublished\":\"2021-07-21T14:30:51+00:00\",\"dateModified\":\"2021-07-21T14:36:46+00:00\",\"author\":{\"@id\":\"http:\\\/\\\/obeirao.pt\\\/online\\\/#\\\/schema\\\/person\\\/efac69bb5a33873e1c1bb9c1165ff38c\"},\"breadcrumb\":{\"@id\":\"http:\\\/\\\/obeirao.pt\\\/online\\\/2021\\\/07\\\/21\\\/molelos-com-novos-e-importantes-passos-no-desenvolvimento\\\/#breadcrumb\"},\"inLanguage\":\"pt-PT\",\"potentialAction\":[{\"@type\":\"ReadAction\",\"target\":[\"http:\\\/\\\/obeirao.pt\\\/online\\\/2021\\\/07\\\/21\\\/molelos-com-novos-e-importantes-passos-no-desenvolvimento\\\/\"]}]},{\"@type\":\"ImageObject\",\"inLanguage\":\"pt-PT\",\"@id\":\"http:\\\/\\\/obeirao.pt\\\/online\\\/2021\\\/07\\\/21\\\/molelos-com-novos-e-importantes-passos-no-desenvolvimento\\\/#primaryimage\",\"url\":\"http:\\\/\\\/obeirao.pt\\\/online\\\/wp-content\\\/uploads\\\/2021\\\/07\\\/image1.jpeg\",\"contentUrl\":\"http:\\\/\\\/obeirao.pt\\\/online\\\/wp-content\\\/uploads\\\/2021\\\/07\\\/image1.jpeg\",\"width\":960,\"height\":595},{\"@type\":\"BreadcrumbList\",\"@id\":\"http:\\\/\\\/obeirao.pt\\\/online\\\/2021\\\/07\\\/21\\\/molelos-com-novos-e-importantes-passos-no-desenvolvimento\\\/#breadcrumb\",\"itemListElement\":[{\"@type\":\"ListItem\",\"position\":1,\"name\":\"Home\",\"item\":\"http:\\\/\\\/obeirao.pt\\\/online\\\/\"},{\"@type\":\"ListItem\",\"position\":2,\"name\":\"MOLELOS COM NOVOS E IMPORTANTES PASSOS NO DESENVOLVIMENTO\"}]},{\"@type\":\"WebSite\",\"@id\":\"http:\\\/\\\/obeirao.pt\\\/online\\\/#website\",\"url\":\"http:\\\/\\\/obeirao.pt\\\/online\\\/\",\"name\":\"Beir\u00e3o Online\",\"description\":\"www.obeirao.pt\",\"potentialAction\":[{\"@type\":\"SearchAction\",\"target\":{\"@type\":\"EntryPoint\",\"urlTemplate\":\"http:\\\/\\\/obeirao.pt\\\/online\\\/?s={search_term_string}\"},\"query-input\":{\"@type\":\"PropertyValueSpecification\",\"valueRequired\":true,\"valueName\":\"search_term_string\"}}],\"inLanguage\":\"pt-PT\"},{\"@type\":\"Person\",\"@id\":\"http:\\\/\\\/obeirao.pt\\\/online\\\/#\\\/schema\\\/person\\\/efac69bb5a33873e1c1bb9c1165ff38c\",\"name\":\"Z\u00e9 Beir\u00e3o\",\"image\":{\"@type\":\"ImageObject\",\"inLanguage\":\"pt-PT\",\"@id\":\"http:\\\/\\\/0.gravatar.com\\\/avatar\\\/c8c44d1f9327baa4d27e9b1149cd71b3?s=96&d=mm&r=g\",\"url\":\"http:\\\/\\\/0.gravatar.com\\\/avatar\\\/c8c44d1f9327baa4d27e9b1149cd71b3?s=96&d=mm&r=g\",\"contentUrl\":\"http:\\\/\\\/0.gravatar.com\\\/avatar\\\/c8c44d1f9327baa4d27e9b1149cd71b3?s=96&d=mm&r=g\",\"caption\":\"Z\u00e9 Beir\u00e3o\"},\"url\":\"http:\\\/\\\/obeirao.pt\\\/online\\\/author\\\/zebeirao\\\/\"}]}<\/script>\n<!-- \/ Yoast SEO plugin. -->","yoast_head_json":{"title":"MOLELOS COM NOVOS E IMPORTANTES PASSOS NO DESENVOLVIMENTO - Beir\u00e3o Online","robots":{"index":"index","follow":"follow","max-snippet":"max-snippet:-1","max-image-preview":"max-image-preview:large","max-video-preview":"max-video-preview:-1"},"canonical":"http:\/\/obeirao.pt\/online\/2021\/07\/21\/molelos-com-novos-e-importantes-passos-no-desenvolvimento\/","og_locale":"pt_PT","og_type":"article","og_title":"MOLELOS COM NOVOS E IMPORTANTES PASSOS NO DESENVOLVIMENTO - Beir\u00e3o Online","og_description":"tempo de leitura: 4 minutosJulgamos que nunca, tanto como agora, o Munic\u00edpio de Tondela apoiou a vasta e antiga freguesia de Molelos, a tal que j\u00e1 foi sede do [...]","og_url":"http:\/\/obeirao.pt\/online\/2021\/07\/21\/molelos-com-novos-e-importantes-passos-no-desenvolvimento\/","og_site_name":"Beir\u00e3o Online","article_publisher":"https:\/\/pt-br.facebook.com\/pages\/Amigos-de-Tondela\/273620439973877","article_published_time":"2021-07-21T14:30:51+00:00","article_modified_time":"2021-07-21T14:36:46+00:00","og_image":[{"width":960,"height":595,"url":"http:\/\/obeirao.pt\/online\/wp-content\/uploads\/2021\/07\/image1.jpeg","type":"image\/jpeg"}],"author":"Z\u00e9 Beir\u00e3o","twitter_card":"summary_large_image","twitter_creator":"@JoaquimDuarteP2","twitter_site":"@JoaquimDuarteP2","twitter_misc":{"Escrito por":"Z\u00e9 Beir\u00e3o","Tempo estimado de leitura":"5 minutos"},"schema":{"@context":"https:\/\/schema.org","@graph":[{"@type":"Article","@id":"http:\/\/obeirao.pt\/online\/2021\/07\/21\/molelos-com-novos-e-importantes-passos-no-desenvolvimento\/#article","isPartOf":{"@id":"http:\/\/obeirao.pt\/online\/2021\/07\/21\/molelos-com-novos-e-importantes-passos-no-desenvolvimento\/"},"author":{"name":"Z\u00e9 Beir\u00e3o","@id":"http:\/\/obeirao.pt\/online\/#\/schema\/person\/efac69bb5a33873e1c1bb9c1165ff38c"},"headline":"MOLELOS COM NOVOS E IMPORTANTES PASSOS NO DESENVOLVIMENTO","datePublished":"2021-07-21T14:30:51+00:00","dateModified":"2021-07-21T14:36:46+00:00","mainEntityOfPage":{"@id":"http:\/\/obeirao.pt\/online\/2021\/07\/21\/molelos-com-novos-e-importantes-passos-no-desenvolvimento\/"},"wordCount":720,"image":{"@id":"http:\/\/obeirao.pt\/online\/2021\/07\/21\/molelos-com-novos-e-importantes-passos-no-desenvolvimento\/#primaryimage"},"thumbnailUrl":"http:\/\/obeirao.pt\/online\/wp-content\/uploads\/2021\/07\/image1.jpeg","articleSection":["_Principal","Cidade","Comunidade Intermunicipal Viseu D\u00e3o Laf\u00f5es","Pa\u00eds","Regi\u00e3o","Tondela"],"inLanguage":"pt-PT"},{"@type":"WebPage","@id":"http:\/\/obeirao.pt\/online\/2021\/07\/21\/molelos-com-novos-e-importantes-passos-no-desenvolvimento\/","url":"http:\/\/obeirao.pt\/online\/2021\/07\/21\/molelos-com-novos-e-importantes-passos-no-desenvolvimento\/","name":"MOLELOS COM NOVOS E IMPORTANTES PASSOS NO DESENVOLVIMENTO - Beir\u00e3o Online","isPartOf":{"@id":"http:\/\/obeirao.pt\/online\/#website"},"primaryImageOfPage":{"@id":"http:\/\/obeirao.pt\/online\/2021\/07\/21\/molelos-com-novos-e-importantes-passos-no-desenvolvimento\/#primaryimage"},"image":{"@id":"http:\/\/obeirao.pt\/online\/2021\/07\/21\/molelos-com-novos-e-importantes-passos-no-desenvolvimento\/#primaryimage"},"thumbnailUrl":"http:\/\/obeirao.pt\/online\/wp-content\/uploads\/2021\/07\/image1.jpeg","datePublished":"2021-07-21T14:30:51+00:00","dateModified":"2021-07-21T14:36:46+00:00","author":{"@id":"http:\/\/obeirao.pt\/online\/#\/schema\/person\/efac69bb5a33873e1c1bb9c1165ff38c"},"breadcrumb":{"@id":"http:\/\/obeirao.pt\/online\/2021\/07\/21\/molelos-com-novos-e-importantes-passos-no-desenvolvimento\/#breadcrumb"},"inLanguage":"pt-PT","potentialAction":[{"@type":"ReadAction","target":["http:\/\/obeirao.pt\/online\/2021\/07\/21\/molelos-com-novos-e-importantes-passos-no-desenvolvimento\/"]}]},{"@type":"ImageObject","inLanguage":"pt-PT","@id":"http:\/\/obeirao.pt\/online\/2021\/07\/21\/molelos-com-novos-e-importantes-passos-no-desenvolvimento\/#primaryimage","url":"http:\/\/obeirao.pt\/online\/wp-content\/uploads\/2021\/07\/image1.jpeg","contentUrl":"http:\/\/obeirao.pt\/online\/wp-content\/uploads\/2021\/07\/image1.jpeg","width":960,"height":595},{"@type":"BreadcrumbList","@id":"http:\/\/obeirao.pt\/online\/2021\/07\/21\/molelos-com-novos-e-importantes-passos-no-desenvolvimento\/#breadcrumb","itemListElement":[{"@type":"ListItem","position":1,"name":"Home","item":"http:\/\/obeirao.pt\/online\/"},{"@type":"ListItem","position":2,"name":"MOLELOS COM NOVOS E IMPORTANTES PASSOS NO DESENVOLVIMENTO"}]},{"@type":"WebSite","@id":"http:\/\/obeirao.pt\/online\/#website","url":"http:\/\/obeirao.pt\/online\/","name":"Beir\u00e3o Online","description":"www.obeirao.pt","potentialAction":[{"@type":"SearchAction","target":{"@type":"EntryPoint","urlTemplate":"http:\/\/obeirao.pt\/online\/?s={search_term_string}"},"query-input":{"@type":"PropertyValueSpecification","valueRequired":true,"valueName":"search_term_string"}}],"inLanguage":"pt-PT"},{"@type":"Person","@id":"http:\/\/obeirao.pt\/online\/#\/schema\/person\/efac69bb5a33873e1c1bb9c1165ff38c","name":"Z\u00e9 Beir\u00e3o","image":{"@type":"ImageObject","inLanguage":"pt-PT","@id":"http:\/\/0.gravatar.com\/avatar\/c8c44d1f9327baa4d27e9b1149cd71b3?s=96&d=mm&r=g","url":"http:\/\/0.gravatar.com\/avatar\/c8c44d1f9327baa4d27e9b1149cd71b3?s=96&d=mm&r=g","contentUrl":"http:\/\/0.gravatar.com\/avatar\/c8c44d1f9327baa4d27e9b1149cd71b3?s=96&d=mm&r=g","caption":"Z\u00e9 Beir\u00e3o"},"url":"http:\/\/obeirao.pt\/online\/author\/zebeirao\/"}]}},"_links":{"self":[{"href":"http:\/\/obeirao.pt\/online\/wp-json\/wp\/v2\/posts\/6402"}],"collection":[{"href":"http:\/\/obeirao.pt\/online\/wp-json\/wp\/v2\/posts"}],"about":[{"href":"http:\/\/obeirao.pt\/online\/wp-json\/wp\/v2\/types\/post"}],"author":[{"embeddable":true,"href":"http:\/\/obeirao.pt\/online\/wp-json\/wp\/v2\/users\/2"}],"replies":[{"embeddable":true,"href":"http:\/\/obeirao.pt\/online\/wp-json\/wp\/v2\/comments?post=6402"}],"version-history":[{"count":3,"href":"http:\/\/obeirao.pt\/online\/wp-json\/wp\/v2\/posts\/6402\/revisions"}],"predecessor-version":[{"id":6411,"href":"http:\/\/obeirao.pt\/online\/wp-json\/wp\/v2\/posts\/6402\/revisions\/6411"}],"wp:featuredmedia":[{"embeddable":true,"href":"http:\/\/obeirao.pt\/online\/wp-json\/wp\/v2\/media\/6403"}],"wp:attachment":[{"href":"http:\/\/obeirao.pt\/online\/wp-json\/wp\/v2\/media?parent=6402"}],"wp:term":[{"taxonomy":"category","embeddable":true,"href":"http:\/\/obeirao.pt\/online\/wp-json\/wp\/v2\/categories?post=6402"},{"taxonomy":"post_tag","embeddable":true,"href":"http:\/\/obeirao.pt\/online\/wp-json\/wp\/v2\/tags?post=6402"}],"curies":[{"name":"wp","href":"https:\/\/api.w.org\/{rel}","templated":true}]}}