{"id":6460,"date":"2021-08-19T12:49:38","date_gmt":"2021-08-19T11:49:38","guid":{"rendered":"http:\/\/obeirao.pt\/online\/?p=6460"},"modified":"2021-08-19T13:01:49","modified_gmt":"2021-08-19T12:01:49","slug":"autarquicas-tondela-francisco-coutinho-ps-quer-tirar-a-camara-ao-psd","status":"publish","type":"post","link":"http:\/\/obeirao.pt\/online\/2021\/08\/19\/autarquicas-tondela-francisco-coutinho-ps-quer-tirar-a-camara-ao-psd\/","title":{"rendered":"AUT\u00c1RQUICAS\/TONDELA: FRANCISCO COUTINHO (PS) QUER TIRAR A C\u00c2MARA AO PSD"},"content":{"rendered":"<span class=\"span-reading-time rt-reading-time\" style=\"display: block;\"><span class=\"rt-label rt-prefix\">tempo de leitura:<\/span> <span class=\"rt-time\"> 4<\/span> <span class=\"rt-label rt-postfix\">minutos<\/span><\/span><p><a href=\"http:\/\/obeirao.pt\/online\/wp-content\/uploads\/2021\/08\/Coutinho-quer-tirar-a-C\u00e2mara-ao-PSD-scaled.jpg\"><img loading=\"lazy\" decoding=\"async\" class=\"wp-image-6461 size-medium alignleft\" src=\"http:\/\/obeirao.pt\/online\/wp-content\/uploads\/2021\/08\/Coutinho-quer-tirar-a-C\u00e2mara-ao-PSD-300x150.jpg\" alt=\"\" width=\"300\" height=\"150\" srcset=\"http:\/\/obeirao.pt\/online\/wp-content\/uploads\/2021\/08\/Coutinho-quer-tirar-a-C\u00e2mara-ao-PSD-300x150.jpg 300w, http:\/\/obeirao.pt\/online\/wp-content\/uploads\/2021\/08\/Coutinho-quer-tirar-a-C\u00e2mara-ao-PSD-scaled.jpg 1024w, http:\/\/obeirao.pt\/online\/wp-content\/uploads\/2021\/08\/Coutinho-quer-tirar-a-C\u00e2mara-ao-PSD-768x383.jpg 768w, http:\/\/obeirao.pt\/online\/wp-content\/uploads\/2021\/08\/Coutinho-quer-tirar-a-C\u00e2mara-ao-PSD-640x319.jpg 640w\" sizes=\"(max-width: 300px) 100vw, 300px\" \/><\/a><\/p>\n<p><span style=\"font-family: georgia, palatino, serif;font-size: 12pt;color: #000000\"><em><strong>A grande novidade na apresenta\u00e7\u00e3o p\u00fablica da candidatura de Francisco Coutinho \u00e0 presid\u00eancia da C\u00e2mara Municipal de Tondela, nas elei\u00e7\u00f5es aut\u00e1rquicas de 26 de Setembro de 2021, foi a presen\u00e7a do antigo Presidente do Munic\u00edpio, Ant\u00f3nio Tenreiro da Cruz, que o foi antes e depois do 25 de Abril, durante dezenas de anos, em mandatos do CDS e do PSD.<\/strong><\/em><!--more--><\/span><\/p>\n<p><a href=\"http:\/\/obeirao.pt\/online\/wp-content\/uploads\/2021\/08\/Rui-Santos-scaled.jpg\"><img loading=\"lazy\" decoding=\"async\" class=\"wp-image-6464 size-medium alignright\" src=\"http:\/\/obeirao.pt\/online\/wp-content\/uploads\/2021\/08\/Rui-Santos-300x200.jpg\" alt=\"\" width=\"300\" height=\"200\" srcset=\"http:\/\/obeirao.pt\/online\/wp-content\/uploads\/2021\/08\/Rui-Santos-300x200.jpg 300w, http:\/\/obeirao.pt\/online\/wp-content\/uploads\/2021\/08\/Rui-Santos-scaled.jpg 1024w, http:\/\/obeirao.pt\/online\/wp-content\/uploads\/2021\/08\/Rui-Santos-768x512.jpg 768w, http:\/\/obeirao.pt\/online\/wp-content\/uploads\/2021\/08\/Rui-Santos-640x427.jpg 640w\" sizes=\"(max-width: 300px) 100vw, 300px\" \/><\/a><\/p>\n<p><span style=\"font-family: georgia, palatino, serif;font-size: 12pt;color: #000000\">O primeiro orador da noite de sexta-feira, 6 de Agosto, foi o Presidente da Comiss\u00e3o Pol\u00edtica de Sec\u00e7\u00e3o, Rui Santos, que afirmou que o Partido Socialista \u201cn\u00e3o apresenta listas, mas equipas constru\u00eddas eficientemente, mobilizando cidad\u00e3os que n\u00e3o s\u00e3o dependentes de carreiras pol\u00edticas\u201d, de promessas de emprego ou de interesses mais ou menos claros para a participa\u00e7\u00e3o na vida c\u00edvica e para dar o seu contributo para um projecto de mudan\u00e7as pol\u00edticas municipais e nas freguesias\u201d.<\/span><\/p>\n<ul>\n<li><span style=\"font-family: georgia, palatino, serif;font-size: 18pt;color: #ff0000;background-color: #ffff00\"><strong><em>TONDELA CARECE DE HABITA\u00c7\u00c3O A CUSTOS CONTROLADOS<\/em><\/strong><\/span><\/li>\n<\/ul>\n<p><span style=\"font-family: georgia, palatino, serif;font-size: 12pt;color: #000000\">O conhecido pol\u00edtico, tamb\u00e9m ele, candidato \u00e0 C\u00e2mara noutras elei\u00e7\u00f5es, questionou o actual slogan do Munic\u00edpio, \u201cRegi\u00e3o de Bem-estar\u201d, lembrando que, com a instala\u00e7\u00e3o de novas empresas e a cria\u00e7\u00e3o de muitos postos de trabalho, o concelho n\u00e3o ganhou popula\u00e7\u00e3o, antes, em 10 anos perdeu mais de tr\u00eas milhares de pessoas. Aqui, lembrou os \u201cinteresses instalados\u201d no sector da constru\u00e7\u00e3o, que est\u00e3o a ser defendidos, em detrimento de uma pol\u00edtica correcta de cria\u00e7\u00e3o de habita\u00e7\u00e3o a custos controlados, evitando que as pessoas fiquem onde trabalham e v\u00e3o engrossar o rol dos novos residentes noutros munic\u00edpios que, esses sim, n\u00e3o criam assim tantos empregos.<\/span><\/p>\n<p><a href=\"http:\/\/obeirao.pt\/online\/wp-content\/uploads\/2021\/08\/Ant\u00f3nio-Tenreiro-scaled.jpg\"><img loading=\"lazy\" decoding=\"async\" class=\"wp-image-6467 size-medium alignleft\" src=\"http:\/\/obeirao.pt\/online\/wp-content\/uploads\/2021\/08\/Ant\u00f3nio-Tenreiro-300x160.jpg\" alt=\"\" width=\"300\" height=\"160\" srcset=\"http:\/\/obeirao.pt\/online\/wp-content\/uploads\/2021\/08\/Ant\u00f3nio-Tenreiro-300x160.jpg 300w, http:\/\/obeirao.pt\/online\/wp-content\/uploads\/2021\/08\/Ant\u00f3nio-Tenreiro-scaled.jpg 1024w, http:\/\/obeirao.pt\/online\/wp-content\/uploads\/2021\/08\/Ant\u00f3nio-Tenreiro-768x409.jpg 768w, http:\/\/obeirao.pt\/online\/wp-content\/uploads\/2021\/08\/Ant\u00f3nio-Tenreiro-640x341.jpg 640w\" sizes=\"(max-width: 300px) 100vw, 300px\" \/><\/a><\/p>\n<p><span style=\"font-family: georgia, palatino, serif;font-size: 12pt;color: #000000\">Seguiram-se o Presidente da Federa\u00e7\u00e3o de Viseu do PS, Jos\u00e9 Rui Cruz e o antigo Presidente da C\u00e2mara de Tondela, Ant\u00f3nio Tenreiro da Cruz, que afirmou que, ao longo dos \u00faltimos anos \u201cse tem degradado a gest\u00e3o da C\u00e2mara Municipal\u201d, sublinhando: \u201cTemos que mudar a gest\u00e3o da C\u00e2mara\u201d, acentuando, ainda mais, que \u201co \u00fanico partido que tem hip\u00f3tese de governar esta C\u00e2mara, \u00e9 o Partido Socialista\u201d. E continuou: \u201cA raz\u00e3o por que estou aqui, \u00e9 que julgo que ainda tenho um certo peso para falar \u00e0s pessoas&#8230; \u00e9 necess\u00e1rio mudar-mos a C\u00e2mara Municipal de Tondela\u201d.<\/span><\/p>\n<p><span style=\"font-family: georgia, palatino, serif;font-size: 12pt;color: #000000\">O antigo autarca revelou que \u00e9 \u201cdif\u00edcil conseguir falar com as pessoas respons\u00e1veis l\u00e1 dentro\u201d e que era \u201cnecess\u00e1rio mudar\u201d. Disse querer ajudar o Francisco Coutinho, por ser \u201cnecess\u00e1rio mudar a C\u00e2mara\u201d. Falou do \u201cambiente que existe na C\u00e2mara\u201d e que \u00e9 necess\u00e1rio \u201cvoltar \u00e0 democracia\u201d.<\/span><\/p>\n<p><span style=\"font-family: georgia, palatino, serif;font-size: 12pt;color: #000000\">Depois de serem anunciados os elementos da vasta Comiss\u00e3o de Honra, onde se contam Ant\u00f3nio de Pinho Marques, Adelino Coimbra Augusto, Lisete Gon\u00e7alves, Gilberto Amaral, Em\u00edlia Gouveia, entre tantos outros, foram apresentados os candidatos efectivos \u00e0 Assembleia Municipal, foi dada a palavra \u00e0 advogada Helena Coimbra, candidata \u00e0 presid\u00eancia da Assembleia Municipal, que afirmou que \u00e9 a \u201caltura da Assembleia Municipal ganhar outra dignidade\u201d.<\/span><\/p>\n<p><span style=\"font-family: georgia, palatino, serif;font-size: 12pt;color: #000000\">Foram depois anunciados os candidatos \u00e0s presid\u00eancias de Juntas de freguesia. (17 das 19), j\u00e1 que no Guard\u00e3o e Santiago de Besteiros, o PS diz apoiar as listas de independentes, sendo certo que Clara Isabel Cordeiro Coimbra \u00e9 a candidata de Tondela\/Nandufe.<\/span><\/p>\n<ul>\n<li><span style=\"font-family: georgia, palatino, serif;font-size: 18pt;color: #ff0000;background-color: #ffff00\"><strong><em>FRANCISCO COUTINHO DEFENDE \u201cMODERNIZA\u00c7\u00c3O DOS SERVI\u00c7OS CAMAR\u00c1RIOS<\/em><\/strong><\/span><\/li>\n<\/ul>\n<p><a href=\"http:\/\/obeirao.pt\/online\/wp-content\/uploads\/2021\/08\/Francisco-Coutinho-PS.jpg\"><img loading=\"lazy\" decoding=\"async\" class=\"wp-image-6469 size-medium alignleft\" src=\"http:\/\/obeirao.pt\/online\/wp-content\/uploads\/2021\/08\/Francisco-Coutinho-PS-300x247.jpg\" alt=\"\" width=\"300\" height=\"247\" srcset=\"http:\/\/obeirao.pt\/online\/wp-content\/uploads\/2021\/08\/Francisco-Coutinho-PS-300x247.jpg 300w, http:\/\/obeirao.pt\/online\/wp-content\/uploads\/2021\/08\/Francisco-Coutinho-PS-768x633.jpg 768w, http:\/\/obeirao.pt\/online\/wp-content\/uploads\/2021\/08\/Francisco-Coutinho-PS-640x528.jpg 640w, http:\/\/obeirao.pt\/online\/wp-content\/uploads\/2021\/08\/Francisco-Coutinho-PS.jpg 970w\" sizes=\"(max-width: 300px) 100vw, 300px\" \/><\/a><\/p>\n<p><span style=\"font-family: georgia, palatino, serif;font-size: 12pt;color: #000000\">O candidato pelo PS \u00e0 C\u00e2mara Municipal de Tondela, Francisco Coutinho, de 56 anos, natural desta cidade, tem como principal objectivo \u201ca moderniza\u00e7\u00e3o dos servi\u00e7os camar\u00e1rios\u201d.<\/span><\/p>\n<p><span style=\"font-family: georgia, palatino, serif;font-size: 12pt;color: #000000\">\u201cCom transpar\u00eancia e a participa\u00e7\u00e3o de todos os mun\u00edcipes, pretende-se uma gest\u00e3o mais eficiente e respons\u00e1vel, garantindo que o Munic\u00edpio preste com rigor e rapidez importantes servi\u00e7os aos tondelenses\u201d, disse durante a cerim\u00f3nia de apresenta\u00e7\u00e3o dos candidatos socialistas \u00e0 C\u00e2mara, Assembleia Municipal e \u00e0s diferentes Juntas e Uni\u00f5es de Freguesias de Tondela.<\/span><\/p>\n<p><span style=\"font-family: georgia, palatino, serif;font-size: 12pt;color: #000000\">Francisco Coutinho, sublinhou que \u201ca actual organiza\u00e7\u00e3o dos servi\u00e7os camar\u00e1rios, a sua filosofia e princ\u00edpios de funcionamento n\u00e3o est\u00e3o alinhados com as necessidades e expectativas das popula\u00e7\u00f5es, nem com a resolu\u00e7\u00e3o dos problemas b\u00e1sicos e estruturais que hoje o concelho evidencia\u201d, concluindo que \u201ctrabalhadores municipais motivados garantem uma gest\u00e3o eficiente\u201d.<\/span><\/p>\n<p><span style=\"font-family: georgia, palatino, serif;font-size: 12pt;color: #000000\">Na \u00e1rea do ambiente, Francisco Coutinho, avan\u00e7ou que \u201ctemos que antecipar o futuro e ser pr\u00f3-activos na cria\u00e7\u00e3o de uma cultural ambiental c\u00edvica e de protec\u00e7\u00e3o civil que nos torne capazes de melhorar e resistir \u00e0s crises\u201d.<\/span><\/p>\n<p><span style=\"font-family: georgia, palatino, serif;font-size: 12pt;color: #000000\">Para o candidato socialista, oficial de justi\u00e7a, ser\u00e1 ainda necess\u00e1rio \u201cassegurar uma estrat\u00e9gia concertada de marketing territorial que eleve bem alto o nome de Tondela, com todas as suas potencialidades\u201d.<\/span><\/p>\n<p><span style=\"font-family: georgia, palatino, serif;font-size: 12pt;color: #000000\">Por seu lado, Augusto Santos Silva, Ministro do Estado e dos Neg\u00f3cios Estrangeiros, acredita ser desta vez que o PS vai ganhar a C\u00e2mara em Tondela, reconhecendo, no seu discurso, muitas compet\u00eancias ao candidato socialista que, na sua opini\u00e3o, re\u00fane todos os requisitos necess\u00e1rios para a mudan\u00e7a, fazendo-se acompanhar por \u201cuma equipa empenhada\u201d no progresso de Tondela.<\/span><\/p>\n<p>&nbsp;<\/p>\n","protected":false},"excerpt":{"rendered":"<div class=\"mh-excerpt\"><span class=\"span-reading-time rt-reading-time\" style=\"display: block;\"><span class=\"rt-label rt-prefix\">tempo de leitura:<\/span> <span class=\"rt-time\"> 4<\/span> <span class=\"rt-label rt-postfix\">minutos<\/span><\/span>A grande novidade na apresenta\u00e7\u00e3o p\u00fablica da candidatura de Francisco Coutinho \u00e0 presid\u00eancia da C\u00e2mara Municipal de Tondela, nas elei\u00e7\u00f5es aut\u00e1rquicas de 26 de Setembro <a class=\"mh-excerpt-more\" href=\"http:\/\/obeirao.pt\/online\/2021\/08\/19\/autarquicas-tondela-francisco-coutinho-ps-quer-tirar-a-camara-ao-psd\/\" title=\"AUT\u00c1RQUICAS\/TONDELA: FRANCISCO COUTINHO (PS) QUER TIRAR A C\u00c2MARA AO PSD\">[&#8230;]<\/a><\/div>\n","protected":false},"author":2,"featured_media":6461,"comment_status":"closed","ping_status":"closed","sticky":false,"template":"","format":"standard","meta":{"footnotes":""},"categories":[2,5,188,6,4,63],"tags":[],"class_list":["post-6460","post","type-post","status-publish","format-standard","has-post-thumbnail","hentry","category-principal","category-cidade","category-comunidade-intermunicipal-viseu-dao-lafoes","category-pais","category-regiao","category-tondela"],"yoast_head":"<!-- This site is optimized with the Yoast SEO plugin v27.4 - https:\/\/yoast.com\/product\/yoast-seo-wordpress\/ -->\n<title>AUT\u00c1RQUICAS\/TONDELA: FRANCISCO COUTINHO (PS) QUER TIRAR A C\u00c2MARA AO PSD - Beir\u00e3o Online<\/title>\n<meta name=\"robots\" content=\"index, follow, max-snippet:-1, max-image-preview:large, max-video-preview:-1\" \/>\n<link rel=\"canonical\" href=\"http:\/\/obeirao.pt\/online\/2021\/08\/19\/autarquicas-tondela-francisco-coutinho-ps-quer-tirar-a-camara-ao-psd\/\" \/>\n<meta property=\"og:locale\" content=\"pt_PT\" \/>\n<meta property=\"og:type\" content=\"article\" \/>\n<meta property=\"og:title\" content=\"AUT\u00c1RQUICAS\/TONDELA: FRANCISCO COUTINHO (PS) QUER TIRAR A C\u00c2MARA AO PSD - Beir\u00e3o Online\" \/>\n<meta property=\"og:description\" content=\"tempo de leitura: 4 minutosA grande novidade na apresenta\u00e7\u00e3o p\u00fablica da candidatura de Francisco Coutinho \u00e0 presid\u00eancia da C\u00e2mara Municipal de Tondela, nas elei\u00e7\u00f5es aut\u00e1rquicas de 26 de Setembro [...]\" \/>\n<meta property=\"og:url\" content=\"http:\/\/obeirao.pt\/online\/2021\/08\/19\/autarquicas-tondela-francisco-coutinho-ps-quer-tirar-a-camara-ao-psd\/\" \/>\n<meta property=\"og:site_name\" content=\"Beir\u00e3o Online\" \/>\n<meta property=\"article:publisher\" content=\"https:\/\/pt-br.facebook.com\/pages\/Amigos-de-Tondela\/273620439973877\" \/>\n<meta property=\"article:published_time\" content=\"2021-08-19T11:49:38+00:00\" \/>\n<meta property=\"article:modified_time\" content=\"2021-08-19T12:01:49+00:00\" \/>\n<meta property=\"og:image\" content=\"http:\/\/obeirao.pt\/online\/wp-content\/uploads\/2021\/08\/Coutinho-quer-tirar-a-C\u00e2mara-ao-PSD-scaled.jpg\" \/>\n\t<meta property=\"og:image:width\" content=\"1024\" \/>\n\t<meta property=\"og:image:height\" content=\"511\" \/>\n\t<meta property=\"og:image:type\" content=\"image\/jpeg\" \/>\n<meta name=\"author\" content=\"Z\u00e9 Beir\u00e3o\" \/>\n<meta name=\"twitter:card\" content=\"summary_large_image\" \/>\n<meta name=\"twitter:creator\" content=\"@JoaquimDuarteP2\" \/>\n<meta name=\"twitter:site\" content=\"@JoaquimDuarteP2\" \/>\n<meta name=\"twitter:label1\" content=\"Escrito por\" \/>\n\t<meta name=\"twitter:data1\" content=\"Z\u00e9 Beir\u00e3o\" \/>\n\t<meta name=\"twitter:label2\" content=\"Tempo estimado de leitura\" \/>\n\t<meta name=\"twitter:data2\" content=\"5 minutos\" \/>\n<script type=\"application\/ld+json\" class=\"yoast-schema-graph\">{\"@context\":\"https:\\\/\\\/schema.org\",\"@graph\":[{\"@type\":\"Article\",\"@id\":\"http:\\\/\\\/obeirao.pt\\\/online\\\/2021\\\/08\\\/19\\\/autarquicas-tondela-francisco-coutinho-ps-quer-tirar-a-camara-ao-psd\\\/#article\",\"isPartOf\":{\"@id\":\"http:\\\/\\\/obeirao.pt\\\/online\\\/2021\\\/08\\\/19\\\/autarquicas-tondela-francisco-coutinho-ps-quer-tirar-a-camara-ao-psd\\\/\"},\"author\":{\"name\":\"Z\u00e9 Beir\u00e3o\",\"@id\":\"http:\\\/\\\/obeirao.pt\\\/online\\\/#\\\/schema\\\/person\\\/efac69bb5a33873e1c1bb9c1165ff38c\"},\"headline\":\"AUT\u00c1RQUICAS\\\/TONDELA: FRANCISCO COUTINHO (PS) QUER TIRAR A C\u00c2MARA AO PSD\",\"datePublished\":\"2021-08-19T11:49:38+00:00\",\"dateModified\":\"2021-08-19T12:01:49+00:00\",\"mainEntityOfPage\":{\"@id\":\"http:\\\/\\\/obeirao.pt\\\/online\\\/2021\\\/08\\\/19\\\/autarquicas-tondela-francisco-coutinho-ps-quer-tirar-a-camara-ao-psd\\\/\"},\"wordCount\":854,\"image\":{\"@id\":\"http:\\\/\\\/obeirao.pt\\\/online\\\/2021\\\/08\\\/19\\\/autarquicas-tondela-francisco-coutinho-ps-quer-tirar-a-camara-ao-psd\\\/#primaryimage\"},\"thumbnailUrl\":\"http:\\\/\\\/obeirao.pt\\\/online\\\/wp-content\\\/uploads\\\/2021\\\/08\\\/Coutinho-quer-tirar-a-C\u00e2mara-ao-PSD-scaled.jpg\",\"articleSection\":[\"_Principal\",\"Cidade\",\"Comunidade Intermunicipal Viseu D\u00e3o Laf\u00f5es\",\"Pa\u00eds\",\"Regi\u00e3o\",\"Tondela\"],\"inLanguage\":\"pt-PT\"},{\"@type\":\"WebPage\",\"@id\":\"http:\\\/\\\/obeirao.pt\\\/online\\\/2021\\\/08\\\/19\\\/autarquicas-tondela-francisco-coutinho-ps-quer-tirar-a-camara-ao-psd\\\/\",\"url\":\"http:\\\/\\\/obeirao.pt\\\/online\\\/2021\\\/08\\\/19\\\/autarquicas-tondela-francisco-coutinho-ps-quer-tirar-a-camara-ao-psd\\\/\",\"name\":\"AUT\u00c1RQUICAS\\\/TONDELA: FRANCISCO COUTINHO (PS) QUER TIRAR A C\u00c2MARA AO PSD - Beir\u00e3o Online\",\"isPartOf\":{\"@id\":\"http:\\\/\\\/obeirao.pt\\\/online\\\/#website\"},\"primaryImageOfPage\":{\"@id\":\"http:\\\/\\\/obeirao.pt\\\/online\\\/2021\\\/08\\\/19\\\/autarquicas-tondela-francisco-coutinho-ps-quer-tirar-a-camara-ao-psd\\\/#primaryimage\"},\"image\":{\"@id\":\"http:\\\/\\\/obeirao.pt\\\/online\\\/2021\\\/08\\\/19\\\/autarquicas-tondela-francisco-coutinho-ps-quer-tirar-a-camara-ao-psd\\\/#primaryimage\"},\"thumbnailUrl\":\"http:\\\/\\\/obeirao.pt\\\/online\\\/wp-content\\\/uploads\\\/2021\\\/08\\\/Coutinho-quer-tirar-a-C\u00e2mara-ao-PSD-scaled.jpg\",\"datePublished\":\"2021-08-19T11:49:38+00:00\",\"dateModified\":\"2021-08-19T12:01:49+00:00\",\"author\":{\"@id\":\"http:\\\/\\\/obeirao.pt\\\/online\\\/#\\\/schema\\\/person\\\/efac69bb5a33873e1c1bb9c1165ff38c\"},\"breadcrumb\":{\"@id\":\"http:\\\/\\\/obeirao.pt\\\/online\\\/2021\\\/08\\\/19\\\/autarquicas-tondela-francisco-coutinho-ps-quer-tirar-a-camara-ao-psd\\\/#breadcrumb\"},\"inLanguage\":\"pt-PT\",\"potentialAction\":[{\"@type\":\"ReadAction\",\"target\":[\"http:\\\/\\\/obeirao.pt\\\/online\\\/2021\\\/08\\\/19\\\/autarquicas-tondela-francisco-coutinho-ps-quer-tirar-a-camara-ao-psd\\\/\"]}]},{\"@type\":\"ImageObject\",\"inLanguage\":\"pt-PT\",\"@id\":\"http:\\\/\\\/obeirao.pt\\\/online\\\/2021\\\/08\\\/19\\\/autarquicas-tondela-francisco-coutinho-ps-quer-tirar-a-camara-ao-psd\\\/#primaryimage\",\"url\":\"http:\\\/\\\/obeirao.pt\\\/online\\\/wp-content\\\/uploads\\\/2021\\\/08\\\/Coutinho-quer-tirar-a-C\u00e2mara-ao-PSD-scaled.jpg\",\"contentUrl\":\"http:\\\/\\\/obeirao.pt\\\/online\\\/wp-content\\\/uploads\\\/2021\\\/08\\\/Coutinho-quer-tirar-a-C\u00e2mara-ao-PSD-scaled.jpg\",\"width\":1024,\"height\":511,\"caption\":\"????????????????????????????????????\"},{\"@type\":\"BreadcrumbList\",\"@id\":\"http:\\\/\\\/obeirao.pt\\\/online\\\/2021\\\/08\\\/19\\\/autarquicas-tondela-francisco-coutinho-ps-quer-tirar-a-camara-ao-psd\\\/#breadcrumb\",\"itemListElement\":[{\"@type\":\"ListItem\",\"position\":1,\"name\":\"Home\",\"item\":\"http:\\\/\\\/obeirao.pt\\\/online\\\/\"},{\"@type\":\"ListItem\",\"position\":2,\"name\":\"AUT\u00c1RQUICAS\\\/TONDELA: FRANCISCO COUTINHO (PS) QUER TIRAR A C\u00c2MARA AO PSD\"}]},{\"@type\":\"WebSite\",\"@id\":\"http:\\\/\\\/obeirao.pt\\\/online\\\/#website\",\"url\":\"http:\\\/\\\/obeirao.pt\\\/online\\\/\",\"name\":\"Beir\u00e3o Online\",\"description\":\"www.obeirao.pt\",\"potentialAction\":[{\"@type\":\"SearchAction\",\"target\":{\"@type\":\"EntryPoint\",\"urlTemplate\":\"http:\\\/\\\/obeirao.pt\\\/online\\\/?s={search_term_string}\"},\"query-input\":{\"@type\":\"PropertyValueSpecification\",\"valueRequired\":true,\"valueName\":\"search_term_string\"}}],\"inLanguage\":\"pt-PT\"},{\"@type\":\"Person\",\"@id\":\"http:\\\/\\\/obeirao.pt\\\/online\\\/#\\\/schema\\\/person\\\/efac69bb5a33873e1c1bb9c1165ff38c\",\"name\":\"Z\u00e9 Beir\u00e3o\",\"image\":{\"@type\":\"ImageObject\",\"inLanguage\":\"pt-PT\",\"@id\":\"http:\\\/\\\/0.gravatar.com\\\/avatar\\\/c8c44d1f9327baa4d27e9b1149cd71b3?s=96&d=mm&r=g\",\"url\":\"http:\\\/\\\/0.gravatar.com\\\/avatar\\\/c8c44d1f9327baa4d27e9b1149cd71b3?s=96&d=mm&r=g\",\"contentUrl\":\"http:\\\/\\\/0.gravatar.com\\\/avatar\\\/c8c44d1f9327baa4d27e9b1149cd71b3?s=96&d=mm&r=g\",\"caption\":\"Z\u00e9 Beir\u00e3o\"},\"url\":\"http:\\\/\\\/obeirao.pt\\\/online\\\/author\\\/zebeirao\\\/\"}]}<\/script>\n<!-- \/ Yoast SEO plugin. -->","yoast_head_json":{"title":"AUT\u00c1RQUICAS\/TONDELA: FRANCISCO COUTINHO (PS) QUER TIRAR A C\u00c2MARA AO PSD - Beir\u00e3o Online","robots":{"index":"index","follow":"follow","max-snippet":"max-snippet:-1","max-image-preview":"max-image-preview:large","max-video-preview":"max-video-preview:-1"},"canonical":"http:\/\/obeirao.pt\/online\/2021\/08\/19\/autarquicas-tondela-francisco-coutinho-ps-quer-tirar-a-camara-ao-psd\/","og_locale":"pt_PT","og_type":"article","og_title":"AUT\u00c1RQUICAS\/TONDELA: FRANCISCO COUTINHO (PS) QUER TIRAR A C\u00c2MARA AO PSD - Beir\u00e3o Online","og_description":"tempo de leitura: 4 minutosA grande novidade na apresenta\u00e7\u00e3o p\u00fablica da candidatura de Francisco Coutinho \u00e0 presid\u00eancia da C\u00e2mara Municipal de Tondela, nas elei\u00e7\u00f5es aut\u00e1rquicas de 26 de Setembro [...]","og_url":"http:\/\/obeirao.pt\/online\/2021\/08\/19\/autarquicas-tondela-francisco-coutinho-ps-quer-tirar-a-camara-ao-psd\/","og_site_name":"Beir\u00e3o Online","article_publisher":"https:\/\/pt-br.facebook.com\/pages\/Amigos-de-Tondela\/273620439973877","article_published_time":"2021-08-19T11:49:38+00:00","article_modified_time":"2021-08-19T12:01:49+00:00","og_image":[{"width":1024,"height":511,"url":"http:\/\/obeirao.pt\/online\/wp-content\/uploads\/2021\/08\/Coutinho-quer-tirar-a-C\u00e2mara-ao-PSD-scaled.jpg","type":"image\/jpeg"}],"author":"Z\u00e9 Beir\u00e3o","twitter_card":"summary_large_image","twitter_creator":"@JoaquimDuarteP2","twitter_site":"@JoaquimDuarteP2","twitter_misc":{"Escrito por":"Z\u00e9 Beir\u00e3o","Tempo estimado de leitura":"5 minutos"},"schema":{"@context":"https:\/\/schema.org","@graph":[{"@type":"Article","@id":"http:\/\/obeirao.pt\/online\/2021\/08\/19\/autarquicas-tondela-francisco-coutinho-ps-quer-tirar-a-camara-ao-psd\/#article","isPartOf":{"@id":"http:\/\/obeirao.pt\/online\/2021\/08\/19\/autarquicas-tondela-francisco-coutinho-ps-quer-tirar-a-camara-ao-psd\/"},"author":{"name":"Z\u00e9 Beir\u00e3o","@id":"http:\/\/obeirao.pt\/online\/#\/schema\/person\/efac69bb5a33873e1c1bb9c1165ff38c"},"headline":"AUT\u00c1RQUICAS\/TONDELA: FRANCISCO COUTINHO (PS) QUER TIRAR A C\u00c2MARA AO PSD","datePublished":"2021-08-19T11:49:38+00:00","dateModified":"2021-08-19T12:01:49+00:00","mainEntityOfPage":{"@id":"http:\/\/obeirao.pt\/online\/2021\/08\/19\/autarquicas-tondela-francisco-coutinho-ps-quer-tirar-a-camara-ao-psd\/"},"wordCount":854,"image":{"@id":"http:\/\/obeirao.pt\/online\/2021\/08\/19\/autarquicas-tondela-francisco-coutinho-ps-quer-tirar-a-camara-ao-psd\/#primaryimage"},"thumbnailUrl":"http:\/\/obeirao.pt\/online\/wp-content\/uploads\/2021\/08\/Coutinho-quer-tirar-a-C\u00e2mara-ao-PSD-scaled.jpg","articleSection":["_Principal","Cidade","Comunidade Intermunicipal Viseu D\u00e3o Laf\u00f5es","Pa\u00eds","Regi\u00e3o","Tondela"],"inLanguage":"pt-PT"},{"@type":"WebPage","@id":"http:\/\/obeirao.pt\/online\/2021\/08\/19\/autarquicas-tondela-francisco-coutinho-ps-quer-tirar-a-camara-ao-psd\/","url":"http:\/\/obeirao.pt\/online\/2021\/08\/19\/autarquicas-tondela-francisco-coutinho-ps-quer-tirar-a-camara-ao-psd\/","name":"AUT\u00c1RQUICAS\/TONDELA: FRANCISCO COUTINHO (PS) QUER TIRAR A C\u00c2MARA AO PSD - Beir\u00e3o Online","isPartOf":{"@id":"http:\/\/obeirao.pt\/online\/#website"},"primaryImageOfPage":{"@id":"http:\/\/obeirao.pt\/online\/2021\/08\/19\/autarquicas-tondela-francisco-coutinho-ps-quer-tirar-a-camara-ao-psd\/#primaryimage"},"image":{"@id":"http:\/\/obeirao.pt\/online\/2021\/08\/19\/autarquicas-tondela-francisco-coutinho-ps-quer-tirar-a-camara-ao-psd\/#primaryimage"},"thumbnailUrl":"http:\/\/obeirao.pt\/online\/wp-content\/uploads\/2021\/08\/Coutinho-quer-tirar-a-C\u00e2mara-ao-PSD-scaled.jpg","datePublished":"2021-08-19T11:49:38+00:00","dateModified":"2021-08-19T12:01:49+00:00","author":{"@id":"http:\/\/obeirao.pt\/online\/#\/schema\/person\/efac69bb5a33873e1c1bb9c1165ff38c"},"breadcrumb":{"@id":"http:\/\/obeirao.pt\/online\/2021\/08\/19\/autarquicas-tondela-francisco-coutinho-ps-quer-tirar-a-camara-ao-psd\/#breadcrumb"},"inLanguage":"pt-PT","potentialAction":[{"@type":"ReadAction","target":["http:\/\/obeirao.pt\/online\/2021\/08\/19\/autarquicas-tondela-francisco-coutinho-ps-quer-tirar-a-camara-ao-psd\/"]}]},{"@type":"ImageObject","inLanguage":"pt-PT","@id":"http:\/\/obeirao.pt\/online\/2021\/08\/19\/autarquicas-tondela-francisco-coutinho-ps-quer-tirar-a-camara-ao-psd\/#primaryimage","url":"http:\/\/obeirao.pt\/online\/wp-content\/uploads\/2021\/08\/Coutinho-quer-tirar-a-C\u00e2mara-ao-PSD-scaled.jpg","contentUrl":"http:\/\/obeirao.pt\/online\/wp-content\/uploads\/2021\/08\/Coutinho-quer-tirar-a-C\u00e2mara-ao-PSD-scaled.jpg","width":1024,"height":511,"caption":"????????????????????????????????????"},{"@type":"BreadcrumbList","@id":"http:\/\/obeirao.pt\/online\/2021\/08\/19\/autarquicas-tondela-francisco-coutinho-ps-quer-tirar-a-camara-ao-psd\/#breadcrumb","itemListElement":[{"@type":"ListItem","position":1,"name":"Home","item":"http:\/\/obeirao.pt\/online\/"},{"@type":"ListItem","position":2,"name":"AUT\u00c1RQUICAS\/TONDELA: FRANCISCO COUTINHO (PS) QUER TIRAR A C\u00c2MARA AO PSD"}]},{"@type":"WebSite","@id":"http:\/\/obeirao.pt\/online\/#website","url":"http:\/\/obeirao.pt\/online\/","name":"Beir\u00e3o Online","description":"www.obeirao.pt","potentialAction":[{"@type":"SearchAction","target":{"@type":"EntryPoint","urlTemplate":"http:\/\/obeirao.pt\/online\/?s={search_term_string}"},"query-input":{"@type":"PropertyValueSpecification","valueRequired":true,"valueName":"search_term_string"}}],"inLanguage":"pt-PT"},{"@type":"Person","@id":"http:\/\/obeirao.pt\/online\/#\/schema\/person\/efac69bb5a33873e1c1bb9c1165ff38c","name":"Z\u00e9 Beir\u00e3o","image":{"@type":"ImageObject","inLanguage":"pt-PT","@id":"http:\/\/0.gravatar.com\/avatar\/c8c44d1f9327baa4d27e9b1149cd71b3?s=96&d=mm&r=g","url":"http:\/\/0.gravatar.com\/avatar\/c8c44d1f9327baa4d27e9b1149cd71b3?s=96&d=mm&r=g","contentUrl":"http:\/\/0.gravatar.com\/avatar\/c8c44d1f9327baa4d27e9b1149cd71b3?s=96&d=mm&r=g","caption":"Z\u00e9 Beir\u00e3o"},"url":"http:\/\/obeirao.pt\/online\/author\/zebeirao\/"}]}},"_links":{"self":[{"href":"http:\/\/obeirao.pt\/online\/wp-json\/wp\/v2\/posts\/6460"}],"collection":[{"href":"http:\/\/obeirao.pt\/online\/wp-json\/wp\/v2\/posts"}],"about":[{"href":"http:\/\/obeirao.pt\/online\/wp-json\/wp\/v2\/types\/post"}],"author":[{"embeddable":true,"href":"http:\/\/obeirao.pt\/online\/wp-json\/wp\/v2\/users\/2"}],"replies":[{"embeddable":true,"href":"http:\/\/obeirao.pt\/online\/wp-json\/wp\/v2\/comments?post=6460"}],"version-history":[{"count":7,"href":"http:\/\/obeirao.pt\/online\/wp-json\/wp\/v2\/posts\/6460\/revisions"}],"predecessor-version":[{"id":6471,"href":"http:\/\/obeirao.pt\/online\/wp-json\/wp\/v2\/posts\/6460\/revisions\/6471"}],"wp:featuredmedia":[{"embeddable":true,"href":"http:\/\/obeirao.pt\/online\/wp-json\/wp\/v2\/media\/6461"}],"wp:attachment":[{"href":"http:\/\/obeirao.pt\/online\/wp-json\/wp\/v2\/media?parent=6460"}],"wp:term":[{"taxonomy":"category","embeddable":true,"href":"http:\/\/obeirao.pt\/online\/wp-json\/wp\/v2\/categories?post=6460"},{"taxonomy":"post_tag","embeddable":true,"href":"http:\/\/obeirao.pt\/online\/wp-json\/wp\/v2\/tags?post=6460"}],"curies":[{"name":"wp","href":"https:\/\/api.w.org\/{rel}","templated":true}]}}