{"id":6552,"date":"2021-10-05T16:08:14","date_gmt":"2021-10-05T15:08:14","guid":{"rendered":"http:\/\/obeirao.pt\/online\/?p=6552"},"modified":"2021-10-05T16:57:06","modified_gmt":"2021-10-05T15:57:06","slug":"tondelenses-voltam-a-confiar-em-jose-antonio-de-jesus-psd-para-cumprir-mais-um-mandato-a-frente-do-municipio","status":"publish","type":"post","link":"http:\/\/obeirao.pt\/online\/2021\/10\/05\/tondelenses-voltam-a-confiar-em-jose-antonio-de-jesus-psd-para-cumprir-mais-um-mandato-a-frente-do-municipio\/","title":{"rendered":"TONDELENSES VOLTAM A CONFIAR EM JOS\u00c9 ANT\u00d3NIO DE JESUS (PSD) PARA CUMPRIR MAIS UM MANDATO \u00c0 FRENTE DO MUNIC\u00cdPIO"},"content":{"rendered":"<span class=\"span-reading-time rt-reading-time\" style=\"display: block;\"><span class=\"rt-label rt-prefix\">tempo de leitura:<\/span> <span class=\"rt-time\"> 8<\/span> <span class=\"rt-label rt-postfix\">minutos<\/span><\/span><p><a href=\"http:\/\/obeirao.pt\/online\/wp-content\/uploads\/2021\/10\/Tondela-\u00e0-Frente-4-scaled.jpg\"><img loading=\"lazy\" decoding=\"async\" class=\"wp-image-6553 size-medium alignleft\" src=\"http:\/\/obeirao.pt\/online\/wp-content\/uploads\/2021\/10\/Tondela-\u00e0-Frente-4-300x181.jpg\" alt=\"\" width=\"300\" height=\"181\" srcset=\"http:\/\/obeirao.pt\/online\/wp-content\/uploads\/2021\/10\/Tondela-\u00e0-Frente-4-300x181.jpg 300w, http:\/\/obeirao.pt\/online\/wp-content\/uploads\/2021\/10\/Tondela-\u00e0-Frente-4-scaled.jpg 1024w, http:\/\/obeirao.pt\/online\/wp-content\/uploads\/2021\/10\/Tondela-\u00e0-Frente-4-768x464.jpg 768w, http:\/\/obeirao.pt\/online\/wp-content\/uploads\/2021\/10\/Tondela-\u00e0-Frente-4-640x387.jpg 640w\" sizes=\"(max-width: 300px) 100vw, 300px\" \/><\/a><\/p>\n<p><span style=\"font-family: georgia, palatino, serif\"><em><strong>Percorridas as sete partidas do concelho de Tondela, desde o vale \u00e0 Serra do Caramulo, com maior ou menor ruido, chegou ao fim a campanha das Elei\u00e7\u00f5es Aut\u00e1rquicas de 2021 e, depois de um dia de reflex\u00e3o, realizou-se o acto eleitoral no dia 26 de Setembro, sem quaisquer incidentes.<\/strong><\/em><!--more--><\/span><\/p>\n<p><span style=\"font-family: georgia, palatino, serif\">Havia a curiosidade de saber, at\u00e9 que ponto, ia a confian\u00e7a dos tondelenses perante o candidato que, h\u00e1 oito anos, dirige os destinos do concelho, dado o caso jur\u00eddico que ainda n\u00e3o foi dirimido em Tribunal e o candidato do PS, Francisco Coutinho, que est\u00e1 apostado em roubar a C\u00e2mara ao PSD.<\/span><\/p>\n<p><span style=\"font-family: georgia, palatino, serif\">A noite eleitoral, foi de grande expectativa, com a contagem de votos nas sedes de campanha, instaladas em dois pontos distintos da cidade \u2013 o PSD, na Avenida Visconde de Tondela e o PS, no Largo 1.\u00ba de Maio, ambas com a presen\u00e7a de apoiantes e simpatizantes, que aguardavam, ansiosos e expectantes, os resultados dessa contagem.<\/span><\/p>\n<p><a href=\"http:\/\/obeirao.pt\/online\/wp-content\/uploads\/2021\/10\/Tondela-\u00e0-Frente-1-2-scaled.jpg\"><img loading=\"lazy\" decoding=\"async\" class=\"wp-image-6556 size-medium alignright\" src=\"http:\/\/obeirao.pt\/online\/wp-content\/uploads\/2021\/10\/Tondela-\u00e0-Frente-1-2-300x178.jpg\" alt=\"\" width=\"300\" height=\"178\" srcset=\"http:\/\/obeirao.pt\/online\/wp-content\/uploads\/2021\/10\/Tondela-\u00e0-Frente-1-2-300x178.jpg 300w, http:\/\/obeirao.pt\/online\/wp-content\/uploads\/2021\/10\/Tondela-\u00e0-Frente-1-2-scaled.jpg 1024w, http:\/\/obeirao.pt\/online\/wp-content\/uploads\/2021\/10\/Tondela-\u00e0-Frente-1-2-768x456.jpg 768w, http:\/\/obeirao.pt\/online\/wp-content\/uploads\/2021\/10\/Tondela-\u00e0-Frente-1-2-640x380.jpg 640w\" sizes=\"(max-width: 300px) 100vw, 300px\" \/><\/a><\/p>\n<p><span style=\"font-family: georgia, palatino, serif\">De permeio, n\u00e3o se registaram grandes movimenta\u00e7\u00f5es de pessoas, apenas a curiosidade de saber quem ganhou e quem perdeu. Vieram apoiantes de muitas aldeias, mas, tudo muito discreto, at\u00e9 \u00e0 contagem final, pois a luta era de \u201ctaco a taco\u201d, com algumas freguesias a trocar de m\u00e3os, umas para o PS e para os independentes e, a maioria, para o PSD.<\/span><\/p>\n<p><span style=\"font-family: georgia, palatino, serif\">Ali\u00e1s, foi tamb\u00e9m assim, a n\u00edvel nacional, inclusivamente com as c\u00e2maras municipais. A noite, j\u00e1 n\u00e3o era \u201cuma crian\u00e7a\u201d, quando se fez luz nos resultados eleitorais no concelho de Tondela. O PSD voltou a conquistar a C\u00e2mara e a Assembleia Municipal, embora n\u00e3o por grande diferen\u00e7a de votos, mas os bastantes para ter, ainda, a maioria de mandatos. O candidato a presidente de C\u00e2mara, Francisco Coutinho (PS), ia conseguindo fazer hist\u00f3ria se, por uma margem negativa de 244 votos, n\u00e3o visse esfumar-se o sonho de conquistar a c\u00e2mara da sua terra natal, onde \u00e9 oficial de Justi\u00e7a e um executante experiente da Filarm\u00f3nica Tondelense, que serve desde muito jovem.<\/span><\/p>\n<p><a href=\"http:\/\/obeirao.pt\/online\/wp-content\/uploads\/2021\/10\/Tondela-\u00e0-Frente-caravana-scaled.jpg\"><img loading=\"lazy\" decoding=\"async\" class=\"wp-image-6558 size-medium alignleft\" src=\"http:\/\/obeirao.pt\/online\/wp-content\/uploads\/2021\/10\/Tondela-\u00e0-Frente-caravana-300x132.jpg\" alt=\"\" width=\"300\" height=\"132\" srcset=\"http:\/\/obeirao.pt\/online\/wp-content\/uploads\/2021\/10\/Tondela-\u00e0-Frente-caravana-300x132.jpg 300w, http:\/\/obeirao.pt\/online\/wp-content\/uploads\/2021\/10\/Tondela-\u00e0-Frente-caravana-scaled.jpg 1024w, http:\/\/obeirao.pt\/online\/wp-content\/uploads\/2021\/10\/Tondela-\u00e0-Frente-caravana-768x338.jpg 768w, http:\/\/obeirao.pt\/online\/wp-content\/uploads\/2021\/10\/Tondela-\u00e0-Frente-caravana-640x282.jpg 640w\" sizes=\"(max-width: 300px) 100vw, 300px\" \/><\/a><\/p>\n<p><span style=\"font-family: georgia, palatino, serif\">Ambas as caravanas estavam preparadas para, na conting\u00eancia de vencerem, percorrerem as ruas da cidade e do concelho, honra que coube \u00e0 caravana \u201claranja\u201d que, v\u00e1rias vezes, passou em frente \u00e0 sede de campanha do PS, em alta vozearia e buzinas estridentes, desfraldando as bandeiras do seu partido que, a n\u00edvel nacional, deu alguma \u201ctareia\u201d no partido de Ant\u00f3nio Costa que viu fugir-lhe a c\u00e2mara mais importante do pa\u00eds e de outras capitais de distrito, mas que alegou ser, ainda, o partido mais votado e, portanto, \u201cvencedor\u201d da noite eleitoral.<\/span><\/p>\n<p><span style=\"font-family: georgia, palatino, serif\">\u00c0 passagem da caravana de Jos\u00e9 Ant\u00f3nio de Jesus, \u201cresponderam\u201d os pros\u00e9litos de Francisco Coutinho, erguendo os punhos e a palavra de ordem: \u201cPS, PS, PS\u201d&#8230;<\/span><\/p>\n<p><span style=\"font-family: georgia, palatino, serif\">Saliente-se a correc\u00e7\u00e3o e o civismo dos apoiantes das duas candidaturas, n\u00e3o se registando quaisquer incidentes dignos de nota. E assim \u00e9 que \u00e9 bonito. Em democracia, ganha-se e perde-se por um voto que seja.<\/span><\/p>\n<p><span style=\"font-family: georgia, palatino, serif\">Ainda n\u00e3o foi desta que o Partido Socialista roubou a c\u00e2mara ao PSD, embora j\u00e1 o tente desde as primeiras elei\u00e7\u00f5es livres, atrav\u00e9s de candidatos como o foram C\u00edlio Correia, Rui Santos e Joaquim Santos.<\/span><\/p>\n<p><span style=\"font-size: 18pt;font-family: georgia, palatino, serif;color: #ff0000;background-color: #ffff00\"><strong>JOS\u00c9 ANT\u00d3NIO DE JESUS:<\/strong><\/span><\/p>\n<ul>\n<li><span style=\"font-size: 14pt;font-family: georgia, palatino, serif\"><strong><em>\u201c\u00c9 uma vit\u00f3ria contra os mercen\u00e1rios das redes sociais\u201d<\/em><\/strong><\/span><\/li>\n<\/ul>\n<p><a href=\"http:\/\/obeirao.pt\/online\/wp-content\/uploads\/2021\/10\/Tondela-\u00e0-Frente-3-scaled.jpg\"><img loading=\"lazy\" decoding=\"async\" class=\"wp-image-6560 size-medium alignright\" src=\"http:\/\/obeirao.pt\/online\/wp-content\/uploads\/2021\/10\/Tondela-\u00e0-Frente-3-300x149.jpg\" alt=\"\" width=\"300\" height=\"149\" srcset=\"http:\/\/obeirao.pt\/online\/wp-content\/uploads\/2021\/10\/Tondela-\u00e0-Frente-3-300x149.jpg 300w, http:\/\/obeirao.pt\/online\/wp-content\/uploads\/2021\/10\/Tondela-\u00e0-Frente-3-scaled.jpg 1024w, http:\/\/obeirao.pt\/online\/wp-content\/uploads\/2021\/10\/Tondela-\u00e0-Frente-3-768x381.jpg 768w, http:\/\/obeirao.pt\/online\/wp-content\/uploads\/2021\/10\/Tondela-\u00e0-Frente-3-640x317.jpg 640w\" sizes=\"(max-width: 300px) 100vw, 300px\" \/><\/a><\/p>\n<p><span style=\"font-family: georgia, palatino, serif\">Recuando na cronologia destes acontecimentos, conhecidos os resultados eleitorais, fazendo-se rodear do novo presidente da Assembleia Municipal, Ant\u00f3nio Leit\u00e3o Amaro, vereadores, apoiantes de campanha e de alguns presidentes de Junta tamb\u00e9m vencedores pelo PSD, o reconduzido presidente do Munic\u00edpio, teceu um vigoroso discurso, onde n\u00e3o poupou aqueles que, na \u201csombra\u201d das redes sociais, o t\u00eam atado fortemente.<\/span><\/p>\n<p><span style=\"font-family: georgia, palatino, serif\">\u201c\u00c9 uma vit\u00f3ria da humildade\u201d, come\u00e7ou por dizer Jos\u00e9 Ant\u00f3nio de Jesus e continuou, \u201c\u00e9 uma vit\u00f3ria do trabalho, \u00e9 uma vit\u00f3ria da compet\u00eancia\u201d, porque quem ganhou \u201ctem prova dada no trabalho feito\u201d.<\/span><\/p>\n<p>&nbsp;<\/p>\n<p><a href=\"http:\/\/obeirao.pt\/online\/wp-content\/uploads\/2021\/10\/Tondela-\u00e0-Frente-2-scaled.jpg\"><img loading=\"lazy\" decoding=\"async\" class=\"wp-image-6561 size-medium alignleft\" src=\"http:\/\/obeirao.pt\/online\/wp-content\/uploads\/2021\/10\/Tondela-\u00e0-Frente-2-300x170.jpg\" alt=\"\" width=\"300\" height=\"170\" srcset=\"http:\/\/obeirao.pt\/online\/wp-content\/uploads\/2021\/10\/Tondela-\u00e0-Frente-2-300x170.jpg 300w, http:\/\/obeirao.pt\/online\/wp-content\/uploads\/2021\/10\/Tondela-\u00e0-Frente-2-scaled.jpg 1024w, http:\/\/obeirao.pt\/online\/wp-content\/uploads\/2021\/10\/Tondela-\u00e0-Frente-2-768x435.jpg 768w, http:\/\/obeirao.pt\/online\/wp-content\/uploads\/2021\/10\/Tondela-\u00e0-Frente-2-640x363.jpg 640w, http:\/\/obeirao.pt\/online\/wp-content\/uploads\/2021\/10\/Tondela-\u00e0-Frente-2-678x381.jpg 678w\" sizes=\"(max-width: 300px) 100vw, 300px\" \/><\/a><\/p>\n<p><span style=\"font-family: georgia, palatino, serif\">\u201c\u00c9 uma vit\u00f3ria das pessoas humildes que n\u00e3o precisam de se mascarar com sorrisos amarelos e s\u00e3o francas, genu\u00ednas, aut\u00eanticas, verdadeiras e \u00e9 por isso que tiveram esta vit\u00f3ria&#8230; \u00e9 a vit\u00f3ria contra os mercen\u00e1rios das redes digitais, que durante dois anos e meio, outra coisa n\u00e3o fizeram porque pensavam que podiam matar o presidente da c\u00e2mara, mas nas urnas, fomos n\u00f3s que ganh\u00e1mos\u201d, sublinhou, com veem\u00eancia, Jos\u00e9 Ant\u00f3nio de Jesus, o grande vencedor da noite eleitoral.<\/span><\/p>\n<p><span style=\"font-family: georgia, palatino, serif\">\u201cEm democracia, quem manda \u00e9 quem vota, n\u00e3o \u00e9 quem escreve escondido atr\u00e1s dos teclados, \u00e9 por isso que, nesta vit\u00f3ria, tem a import\u00e2ncia que tem. Fosse ela por um voto que fosse, era importante que o nosso concelho n\u00e3o parasse no seu processo de desenvolvimento. \u00c9 por isso que este resultado, \u00e9 um resultado que honra todos aqueles que souberam resistir, todos aqueles que tiveram que ter sangue frio para n\u00e3o reagir \u00e0 provoca\u00e7\u00e3o durante esta campanha\u201d, sublinhou o autarca que, ao longos destes anos, tem sabido atrair investimento para o concelho.<\/span><\/p>\n<p><span style=\"font-family: georgia, palatino, serif\">Explicou ele que tanto ele como todos os candidatos vencedores fizeram uma campanha de informa\u00e7\u00e3o, explicando \u00e0s pessoas o que queriam fazer, o que queriam construir e o que estavam a fazer e onde queriam chegar e queriam por isso, fazer \u201cuma governa\u00e7\u00e3o que atinja todos aqueles que est\u00e3o no nosso concelho, na sa\u00fade, com importantes investimentos, na requalifica\u00e7\u00e3o da nossa rede de cuidados prim\u00e1rios, na continuada expans\u00e3o das zonas industriais\u201d.<\/span><\/p>\n<ul style=\"list-style-type: disc\">\n<li><span style=\"font-size: 18pt;font-family: georgia, palatino, serif;color: #ff0000;background-color: #ffff00\"><strong><em>\u201c\u00c9 preciso que a democracia volte a Tondela?\u201d<\/em><\/strong><\/span><\/li>\n<\/ul>\n<p><a href=\"http:\/\/obeirao.pt\/online\/wp-content\/uploads\/2021\/10\/Apoio-que-n\u00e3o-deu-frutos...-scaled.jpg\"><img loading=\"lazy\" decoding=\"async\" class=\"wp-image-6562 size-medium alignright\" src=\"http:\/\/obeirao.pt\/online\/wp-content\/uploads\/2021\/10\/Apoio-que-n\u00e3o-deu-frutos...-300x146.jpg\" alt=\"\" width=\"300\" height=\"146\" srcset=\"http:\/\/obeirao.pt\/online\/wp-content\/uploads\/2021\/10\/Apoio-que-n\u00e3o-deu-frutos...-300x146.jpg 300w, http:\/\/obeirao.pt\/online\/wp-content\/uploads\/2021\/10\/Apoio-que-n\u00e3o-deu-frutos...-scaled.jpg 1024w, http:\/\/obeirao.pt\/online\/wp-content\/uploads\/2021\/10\/Apoio-que-n\u00e3o-deu-frutos...-768x373.jpg 768w, http:\/\/obeirao.pt\/online\/wp-content\/uploads\/2021\/10\/Apoio-que-n\u00e3o-deu-frutos...-640x311.jpg 640w\" sizes=\"(max-width: 300px) 100vw, 300px\" \/><\/a><\/p>\n<p><span style=\"font-family: georgia, palatino, serif\">Referindo-se a situa\u00e7\u00f5es de apoio \u00e0 outra candidatura, quis deixar claro que, \u201ccomo \u00e9 poss\u00edvel que algu\u00e9m tenha feito uma campanha a acusar o actual presidente e novo presidente, de ser o presidente amigo dos empres\u00e1rios e, ao mesmo tempo, tenha escolhido para bra\u00e7o de mandat\u00e1rio n\u00e3o sabemos de qu\u00ea, uma figura que n\u00e3o \u00e9 do concelho e ningu\u00e9m conhece do concelho, a n\u00e3o ser que venha mais tarde instalar uma f\u00e1brica de c\u00e1psulas de caf\u00e9, aqui em Tondela\u201d. Como \u00e9 poss\u00edvel, que algu\u00e9m, que teve responsabilidades p\u00fablicas, que serviu o concelho, em democracia e antes da democracia, diga que \u00e9 preciso que a democracia volte a Tondela, algu\u00e9m n\u00e3o est\u00e1 bem\u201d, afirmando que tinha de ter \u201ccondescend\u00eancia por aqueles que perderam a lucidez, nesta campanha\u201d.<\/span><\/p>\n<p><a href=\"http:\/\/obeirao.pt\/online\/wp-content\/uploads\/2021\/10\/Tondela-\u00e0-Frente-5.-PSD-reconquista-a-Freguesia-scaled.jpg\"><img loading=\"lazy\" decoding=\"async\" class=\"wp-image-6563 size-medium alignleft\" src=\"http:\/\/obeirao.pt\/online\/wp-content\/uploads\/2021\/10\/Tondela-\u00e0-Frente-5.-PSD-reconquista-a-Freguesia-300x170.jpg\" alt=\"\" width=\"300\" height=\"170\" srcset=\"http:\/\/obeirao.pt\/online\/wp-content\/uploads\/2021\/10\/Tondela-\u00e0-Frente-5.-PSD-reconquista-a-Freguesia-300x170.jpg 300w, http:\/\/obeirao.pt\/online\/wp-content\/uploads\/2021\/10\/Tondela-\u00e0-Frente-5.-PSD-reconquista-a-Freguesia-scaled.jpg 1024w, http:\/\/obeirao.pt\/online\/wp-content\/uploads\/2021\/10\/Tondela-\u00e0-Frente-5.-PSD-reconquista-a-Freguesia-768x435.jpg 768w, http:\/\/obeirao.pt\/online\/wp-content\/uploads\/2021\/10\/Tondela-\u00e0-Frente-5.-PSD-reconquista-a-Freguesia-640x363.jpg 640w, http:\/\/obeirao.pt\/online\/wp-content\/uploads\/2021\/10\/Tondela-\u00e0-Frente-5.-PSD-reconquista-a-Freguesia-678x381.jpg 678w\" sizes=\"(max-width: 300px) 100vw, 300px\" \/><\/a><\/p>\n<p><span style=\"font-family: georgia, palatino, serif\">\u201cMeus amigos, quem votou em n\u00f3s, votou para governarmos, governarmos o concelho nos pr\u00f3ximos quatro anos, governarmos a assembleia municipal, liderada pelo Leit\u00e3o Amaro, governarmos a maioria das juntas de freguesia\u201d, tendo referido, em particular, a freguesia da cidade, que voltou \u00e0s m\u00e3os do PSD, agora passando a ser liderada por Pedro Neves\u201d e, com ela, tamb\u00e9m, a vit\u00f3ria de Jos\u00e9 Dias e a sua recondu\u00e7\u00e3o, na presid\u00eancia da Junta de Molelos, na \u00e1rea da cidade.<\/span><\/p>\n<p><span style=\"font-family: georgia, palatino, serif\">\u00a0\u201cQuero a todos dizer, as elei\u00e7\u00f5es s\u00e3o um momento de escolha, s\u00f3 nos candidat\u00e1mos a estas elei\u00e7\u00f5es pelo nosso concelho, foi por isso que dissemos e coloc\u00e1mos o slogan, \u2018<strong>o concelho de Tondela \u00e0 frente\u2019<\/strong>, \u00e9 isso que nos move, n\u00e3o \u00e9 a vaidade pessoal, j\u00e1 tivemos o poder que poder\u00edamos ter, n\u00e3o \u00e9 outra raz\u00e3o que n\u00e3o seja continuar a investir no nosso concelho, para que ele seja liderante, liderante na atrac\u00e7\u00e3o de emprego, \u00e9 isto que do\u00ed a muita gente, liderante na atrac\u00e7\u00e3o de empresas, liderante na qualidade de vida, liderante numa regi\u00e3o de bem-estar, que muitos se esfor\u00e7am por denegrir, quando deveriam ser os primeiros a apoiar o desenvolvimento do nosso concelho\u201d, sustentou.<\/span><\/p>\n<p><span style=\"font-family: georgia, palatino, serif\">\u201c\u00c9 por isso que a verea\u00e7\u00e3o socialista anterior esteve contra investimentos na sa\u00fade, esteve contra a da atrac\u00e7\u00e3o de investimentos, \u00e9 por isso que o povo disse nestas elei\u00e7\u00f5es que o concelho de Tondela vai continuar \u00e0 frente com todos n\u00f3s, com uma governan\u00e7a inclusiva, onde todos somos precisos, trabalharemos com todos, com aqueles que ganharam as respectivas freguesias democraticamente, mas n\u00e3o deixaremos de levantar a nossa voz contra aqueles que hoje, perdendo, v\u00e3o pensar amanh\u00e3 que ganharam as elei\u00e7\u00f5es porque, de facto, n\u00e3o sabem o que \u00e9 democracia, para muitos, a democracia s\u00f3 existe, quando se respeitam as minorias e tamb\u00e9m h\u00e1 democracia quando temos que respeitar as maiorias, n\u00f3s somos a maioria para governar\u201d, concluiu.<\/span><\/p>\n<p><span style=\"font-size: 18pt;font-family: georgia, palatino, serif;color: #ff0000;background-color: #ffff00\"><strong>FRANCISCO COUTINHO (PS):<\/strong><\/span><\/p>\n<ul style=\"list-style-type: disc\">\n<li><span style=\"font-size: 14pt;font-family: georgia, palatino, serif\"><strong><em>\u201cS\u00f3 \u00e9 vencido quem desiste <\/em><\/strong><\/span><span style=\"font-size: 14pt;font-family: georgia, palatino, serif\"><strong><em>de lutar\u201d\u00a0<\/em><\/strong><\/span><\/li>\n<\/ul>\n<p><a href=\"http:\/\/obeirao.pt\/online\/wp-content\/uploads\/2021\/10\/Francisco-Coutinho-no-lan\u00e7amento-da-campanha.jpg\"><img loading=\"lazy\" decoding=\"async\" class=\"wp-image-6564 size-medium alignleft\" src=\"http:\/\/obeirao.pt\/online\/wp-content\/uploads\/2021\/10\/Francisco-Coutinho-no-lan\u00e7amento-da-campanha-300x289.jpg\" alt=\"\" width=\"300\" height=\"289\" srcset=\"http:\/\/obeirao.pt\/online\/wp-content\/uploads\/2021\/10\/Francisco-Coutinho-no-lan\u00e7amento-da-campanha-300x289.jpg 300w, http:\/\/obeirao.pt\/online\/wp-content\/uploads\/2021\/10\/Francisco-Coutinho-no-lan\u00e7amento-da-campanha-768x741.jpg 768w, http:\/\/obeirao.pt\/online\/wp-content\/uploads\/2021\/10\/Francisco-Coutinho-no-lan\u00e7amento-da-campanha-640x617.jpg 640w, http:\/\/obeirao.pt\/online\/wp-content\/uploads\/2021\/10\/Francisco-Coutinho-no-lan\u00e7amento-da-campanha.jpg 867w\" sizes=\"(max-width: 300px) 100vw, 300px\" \/><\/a><\/p>\n<p><span style=\"font-family: georgia, palatino, serif\">A nossa reportagem esteve junto de Francisco Coutinho, o candidato a presidente da C\u00e2mara Municipal de Tondela, que acabara de ser derrotado por Jos\u00e9 Ant\u00f3nio de Jesus, contudo, n\u00e3o se mostrou frustrado, porque \u201cs\u00f3 \u00e9 vencido quem desiste de lutar\u201d, como disse.<\/span><\/p>\n<p><span style=\"font-family: georgia, palatino, serif\">\u201cAp\u00f3s uma impressionante mobiliza\u00e7\u00e3o, alcan\u00e7\u00e1mos um resultado hist\u00f3rico, embora tenhamos perdido as elei\u00e7\u00f5es por escassos 244 votos.\u00a0Apesar disso, n\u00e3o posso esquecer a for\u00e7a que nos foi dada, para fazer mais e melhor por Tondela\u201d, a todos agradecendo o apoio concedido.\u00a0<\/span><\/p>\n<p><span style=\"font-family: georgia, palatino, serif\">E deixa uma inten\u00e7\u00e3o de for\u00e7a e de determina\u00e7\u00e3o: \u201cContinuaremos o nosso caminho, pois a vit\u00f3ria est\u00e1 cada vez mais perto\u201d.<\/span><\/p>\n<p>&nbsp;<\/p>\n<p style=\"text-align: right\"><span style=\"font-size: 24pt;font-family: georgia, palatino, serif;color: #008080;background-color: #ffff00\"><strong>ELEI\u00c7\u00d5ES EM TONDELA EM N\u00daMEROS<\/strong><\/span><\/p>\n<p><a href=\"http:\/\/obeirao.pt\/online\/wp-content\/uploads\/2021\/10\/Em-Mosteirinho-s\u00e3o-cada-vez-menos-a-votar-scaled.jpg\"><img loading=\"lazy\" decoding=\"async\" class=\"wp-image-6565 size-medium alignright\" src=\"http:\/\/obeirao.pt\/online\/wp-content\/uploads\/2021\/10\/Em-Mosteirinho-s\u00e3o-cada-vez-menos-a-votar-300x171.jpg\" alt=\"\" width=\"300\" height=\"171\" srcset=\"http:\/\/obeirao.pt\/online\/wp-content\/uploads\/2021\/10\/Em-Mosteirinho-s\u00e3o-cada-vez-menos-a-votar-300x171.jpg 300w, http:\/\/obeirao.pt\/online\/wp-content\/uploads\/2021\/10\/Em-Mosteirinho-s\u00e3o-cada-vez-menos-a-votar-scaled.jpg 1024w, http:\/\/obeirao.pt\/online\/wp-content\/uploads\/2021\/10\/Em-Mosteirinho-s\u00e3o-cada-vez-menos-a-votar-768x438.jpg 768w, http:\/\/obeirao.pt\/online\/wp-content\/uploads\/2021\/10\/Em-Mosteirinho-s\u00e3o-cada-vez-menos-a-votar-640x365.jpg 640w\" sizes=\"(max-width: 300px) 100vw, 300px\" \/><\/a><\/p>\n<p><span style=\"font-family: georgia, palatino, serif\">Sobre as contas destas elei\u00e7\u00f5es no concelho de Tondela, embora o PSD tivesse ganho a C\u00e2mara, a Assembleia Municipal e em 12 freguesias das actuais 19, contudo, perdeu eleitores para o PS, que ganhou nas freguesias de Mouraz\/Vila Nova da Rainha, Caparrosa\/Silvares, Canas de Santa Maria, Lob\u00e3o da Beira e S. Jo\u00e3o do Monte\/Mosteirinho. Perde, tamb\u00e9m, um vereador para o PS, ficando o elenco composto por 4 elementos do PSD com o presidente e tr\u00eas do PS.<\/span><\/p>\n<p><span style=\"font-family: georgia, palatino, serif\">Listas de independentes, concorreram e ganharam em Santiago de Besteiros e Guard\u00e3o, derrotando, assim, os candidatos do PSD nestas freguesias, com as listas encabe\u00e7adas, respectivamente, por Agnelo Laranjeira e por Ant\u00f3nio Dias, apostado em substituir o anterior presidente, Ant\u00f3nio Ferreira.<\/span><\/p>\n<p><a href=\"http:\/\/obeirao.pt\/online\/wp-content\/uploads\/2021\/10\/Surpreendeu-a-vit\u00f3ria-do-PS-em-S.-Jo\u00e3o-do-Monte-e-Mosteirinho-scaled.jpg\"><img loading=\"lazy\" decoding=\"async\" class=\"wp-image-6566 size-medium alignleft\" src=\"http:\/\/obeirao.pt\/online\/wp-content\/uploads\/2021\/10\/Surpreendeu-a-vit\u00f3ria-do-PS-em-S.-Jo\u00e3o-do-Monte-e-Mosteirinho-300x194.jpg\" alt=\"\" width=\"300\" height=\"194\" srcset=\"http:\/\/obeirao.pt\/online\/wp-content\/uploads\/2021\/10\/Surpreendeu-a-vit\u00f3ria-do-PS-em-S.-Jo\u00e3o-do-Monte-e-Mosteirinho-300x194.jpg 300w, http:\/\/obeirao.pt\/online\/wp-content\/uploads\/2021\/10\/Surpreendeu-a-vit\u00f3ria-do-PS-em-S.-Jo\u00e3o-do-Monte-e-Mosteirinho-scaled.jpg 1024w, http:\/\/obeirao.pt\/online\/wp-content\/uploads\/2021\/10\/Surpreendeu-a-vit\u00f3ria-do-PS-em-S.-Jo\u00e3o-do-Monte-e-Mosteirinho-768x497.jpg 768w, http:\/\/obeirao.pt\/online\/wp-content\/uploads\/2021\/10\/Surpreendeu-a-vit\u00f3ria-do-PS-em-S.-Jo\u00e3o-do-Monte-e-Mosteirinho-640x414.jpg 640w\" sizes=\"(max-width: 300px) 100vw, 300px\" \/><\/a><\/p>\n<p><span style=\"font-family: georgia, palatino, serif\">Surpreenderam, pois, as vit\u00f3rias dos socialistas e dos independentes em freguesias onde normalmente quem ganha \u00e9 o PSD, como \u00e9 o caso de S. Jo\u00e3o do Monte\/Mosteirinho, ganha por Paulo Dinis, com David Santos, L\u00facia Pereira e Jorge Silva, destronando Ant\u00f3nio Pereira e Casimiro Rodrigues, que parecia estarem de \u201cpedra e cal\u201d \u00e0 frente da Junta, tamb\u00e9m com os restantes candidatos, Paula Pereira e Nuno Pereira.<\/span><\/p>\n<p><span style=\"font-family: georgia, palatino, serif\"><a href=\"http:\/\/obeirao.pt\/online\/wp-content\/uploads\/2021\/10\/imagesV3ZAN9VR.jpg\"><img loading=\"lazy\" decoding=\"async\" class=\"alignright wp-image-6567 \" src=\"http:\/\/obeirao.pt\/online\/wp-content\/uploads\/2021\/10\/imagesV3ZAN9VR.jpg\" alt=\"\" width=\"334\" height=\"227\" \/><\/a>Dizer que \u00e9 not\u00f3ria a desertifica\u00e7\u00e3o destas duas freguesias mais distantes da sede do concelho. Em Mosteirinho h\u00e1, actualmente, apenas 163 eleitores e, em S. Jo\u00e3o do Monte, freguesia dispersa e com muitos povoados, 687.<\/span><\/p>\n<ul style=\"list-style-type: disc\">\n<li><em><strong><span style=\"font-family: georgia, palatino, serif\">No c\u00f4mputo geral, para a C\u00e2mara Municipal de Tondela, o PSD obteve 44,92% dos votos (4 mandatos) e voltou a eleger Jos\u00e9 Ant\u00f3nio de Jesus como presidente da C\u00e2mara.<\/span><\/strong><\/em><\/li>\n<li><span style=\"font-family: georgia, palatino, serif\"><em><strong>O segundo partido mais votado \u00e9 o PS, com 43,38% (3 mandatos).<\/strong><\/em><\/span><\/li>\n<li><span style=\"font-family: georgia, palatino, serif\"><em><strong>O Chega obteve 3,71% dos votos, seguindo-se o PCP-PEV com 3,04%.<\/strong><\/em><\/span><\/li>\n<li><span style=\"font-family: georgia, palatino, serif\"><em><strong>Nas aut\u00e1rquicas de 2017, o PSD obteve em Tondela 57,49% dos votos (cinco mandatos), enquanto o PS conquistou 23,25% (dois mandatos), sendo bem evidente a subida em n\u00famero de votantes no PS, quase o dobro, situa\u00e7\u00e3o que dever\u00e1 merecer uma reflex\u00e3o da Comiss\u00e3o Pol\u00edtica do PSD de Tondela.<\/strong><\/em><\/span><\/li>\n<li style=\"text-align: right\"><span style=\"font-family: georgia, palatino, serif\"><em><strong>Z\u00c9 BEIR\u00c3O<\/strong><\/em><\/span><\/li>\n<li><img loading=\"lazy\" decoding=\"async\" class=\"alignnone size-full wp-image-4486\" src=\"http:\/\/obeirao.pt\/online\/wp-content\/uploads\/2020\/01\/logo_obeirao_2014.jpg\" alt=\"\" width=\"170\" height=\"165\" \/><\/li>\n<\/ul>\n","protected":false},"excerpt":{"rendered":"<div class=\"mh-excerpt\"><span class=\"span-reading-time rt-reading-time\" style=\"display: block;\"><span class=\"rt-label rt-prefix\">tempo de leitura:<\/span> <span class=\"rt-time\"> 8<\/span> <span class=\"rt-label rt-postfix\">minutos<\/span><\/span>Percorridas as sete partidas do concelho de Tondela, desde o vale \u00e0 Serra do Caramulo, com maior ou menor ruido, chegou ao fim a campanha <a class=\"mh-excerpt-more\" href=\"http:\/\/obeirao.pt\/online\/2021\/10\/05\/tondelenses-voltam-a-confiar-em-jose-antonio-de-jesus-psd-para-cumprir-mais-um-mandato-a-frente-do-municipio\/\" title=\"TONDELENSES VOLTAM A CONFIAR EM JOS\u00c9 ANT\u00d3NIO DE JESUS (PSD) PARA CUMPRIR MAIS UM MANDATO \u00c0 FRENTE DO MUNIC\u00cdPIO\">[&#8230;]<\/a><\/div>\n","protected":false},"author":2,"featured_media":6553,"comment_status":"closed","ping_status":"closed","sticky":false,"template":"","format":"standard","meta":{"footnotes":""},"categories":[2,5,188,6,4,63],"tags":[],"class_list":["post-6552","post","type-post","status-publish","format-standard","has-post-thumbnail","hentry","category-principal","category-cidade","category-comunidade-intermunicipal-viseu-dao-lafoes","category-pais","category-regiao","category-tondela"],"yoast_head":"<!-- This site is optimized with the Yoast SEO plugin v27.4 - https:\/\/yoast.com\/product\/yoast-seo-wordpress\/ -->\n<title>TONDELENSES VOLTAM A CONFIAR EM JOS\u00c9 ANT\u00d3NIO DE JESUS (PSD) PARA CUMPRIR MAIS UM MANDATO \u00c0 FRENTE DO MUNIC\u00cdPIO - Beir\u00e3o Online<\/title>\n<meta name=\"robots\" content=\"index, follow, max-snippet:-1, max-image-preview:large, max-video-preview:-1\" \/>\n<link rel=\"canonical\" href=\"http:\/\/obeirao.pt\/online\/2021\/10\/05\/tondelenses-voltam-a-confiar-em-jose-antonio-de-jesus-psd-para-cumprir-mais-um-mandato-a-frente-do-municipio\/\" \/>\n<meta property=\"og:locale\" content=\"pt_PT\" \/>\n<meta property=\"og:type\" content=\"article\" \/>\n<meta property=\"og:title\" content=\"TONDELENSES VOLTAM A CONFIAR EM JOS\u00c9 ANT\u00d3NIO DE JESUS (PSD) PARA CUMPRIR MAIS UM MANDATO \u00c0 FRENTE DO MUNIC\u00cdPIO - Beir\u00e3o Online\" \/>\n<meta property=\"og:description\" content=\"tempo de leitura: 8 minutosPercorridas as sete partidas do concelho de Tondela, desde o vale \u00e0 Serra do Caramulo, com maior ou menor ruido, chegou ao fim a campanha [...]\" \/>\n<meta property=\"og:url\" content=\"http:\/\/obeirao.pt\/online\/2021\/10\/05\/tondelenses-voltam-a-confiar-em-jose-antonio-de-jesus-psd-para-cumprir-mais-um-mandato-a-frente-do-municipio\/\" \/>\n<meta property=\"og:site_name\" content=\"Beir\u00e3o Online\" \/>\n<meta property=\"article:publisher\" content=\"https:\/\/pt-br.facebook.com\/pages\/Amigos-de-Tondela\/273620439973877\" \/>\n<meta property=\"article:published_time\" content=\"2021-10-05T15:08:14+00:00\" \/>\n<meta property=\"article:modified_time\" content=\"2021-10-05T15:57:06+00:00\" \/>\n<meta property=\"og:image\" content=\"http:\/\/obeirao.pt\/online\/wp-content\/uploads\/2021\/10\/Tondela-\u00e0-Frente-4-scaled.jpg\" \/>\n\t<meta property=\"og:image:width\" content=\"1024\" \/>\n\t<meta property=\"og:image:height\" content=\"619\" \/>\n\t<meta property=\"og:image:type\" content=\"image\/jpeg\" \/>\n<meta name=\"author\" content=\"Z\u00e9 Beir\u00e3o\" \/>\n<meta name=\"twitter:card\" content=\"summary_large_image\" \/>\n<meta name=\"twitter:creator\" content=\"@JoaquimDuarteP2\" \/>\n<meta name=\"twitter:site\" content=\"@JoaquimDuarteP2\" \/>\n<meta name=\"twitter:label1\" content=\"Escrito por\" \/>\n\t<meta name=\"twitter:data1\" content=\"Z\u00e9 Beir\u00e3o\" \/>\n\t<meta name=\"twitter:label2\" content=\"Tempo estimado de leitura\" \/>\n\t<meta name=\"twitter:data2\" content=\"11 minutos\" \/>\n<script type=\"application\/ld+json\" class=\"yoast-schema-graph\">{\"@context\":\"https:\\\/\\\/schema.org\",\"@graph\":[{\"@type\":\"Article\",\"@id\":\"http:\\\/\\\/obeirao.pt\\\/online\\\/2021\\\/10\\\/05\\\/tondelenses-voltam-a-confiar-em-jose-antonio-de-jesus-psd-para-cumprir-mais-um-mandato-a-frente-do-municipio\\\/#article\",\"isPartOf\":{\"@id\":\"http:\\\/\\\/obeirao.pt\\\/online\\\/2021\\\/10\\\/05\\\/tondelenses-voltam-a-confiar-em-jose-antonio-de-jesus-psd-para-cumprir-mais-um-mandato-a-frente-do-municipio\\\/\"},\"author\":{\"name\":\"Z\u00e9 Beir\u00e3o\",\"@id\":\"http:\\\/\\\/obeirao.pt\\\/online\\\/#\\\/schema\\\/person\\\/efac69bb5a33873e1c1bb9c1165ff38c\"},\"headline\":\"TONDELENSES VOLTAM A CONFIAR EM JOS\u00c9 ANT\u00d3NIO DE JESUS (PSD) PARA CUMPRIR MAIS UM MANDATO \u00c0 FRENTE DO MUNIC\u00cdPIO\",\"datePublished\":\"2021-10-05T15:08:14+00:00\",\"dateModified\":\"2021-10-05T15:57:06+00:00\",\"mainEntityOfPage\":{\"@id\":\"http:\\\/\\\/obeirao.pt\\\/online\\\/2021\\\/10\\\/05\\\/tondelenses-voltam-a-confiar-em-jose-antonio-de-jesus-psd-para-cumprir-mais-um-mandato-a-frente-do-municipio\\\/\"},\"wordCount\":1883,\"image\":{\"@id\":\"http:\\\/\\\/obeirao.pt\\\/online\\\/2021\\\/10\\\/05\\\/tondelenses-voltam-a-confiar-em-jose-antonio-de-jesus-psd-para-cumprir-mais-um-mandato-a-frente-do-municipio\\\/#primaryimage\"},\"thumbnailUrl\":\"http:\\\/\\\/obeirao.pt\\\/online\\\/wp-content\\\/uploads\\\/2021\\\/10\\\/Tondela-\u00e0-Frente-4-scaled.jpg\",\"articleSection\":[\"_Principal\",\"Cidade\",\"Comunidade Intermunicipal Viseu D\u00e3o Laf\u00f5es\",\"Pa\u00eds\",\"Regi\u00e3o\",\"Tondela\"],\"inLanguage\":\"pt-PT\"},{\"@type\":\"WebPage\",\"@id\":\"http:\\\/\\\/obeirao.pt\\\/online\\\/2021\\\/10\\\/05\\\/tondelenses-voltam-a-confiar-em-jose-antonio-de-jesus-psd-para-cumprir-mais-um-mandato-a-frente-do-municipio\\\/\",\"url\":\"http:\\\/\\\/obeirao.pt\\\/online\\\/2021\\\/10\\\/05\\\/tondelenses-voltam-a-confiar-em-jose-antonio-de-jesus-psd-para-cumprir-mais-um-mandato-a-frente-do-municipio\\\/\",\"name\":\"TONDELENSES VOLTAM A CONFIAR EM JOS\u00c9 ANT\u00d3NIO DE JESUS (PSD) PARA CUMPRIR MAIS UM MANDATO \u00c0 FRENTE DO MUNIC\u00cdPIO - Beir\u00e3o Online\",\"isPartOf\":{\"@id\":\"http:\\\/\\\/obeirao.pt\\\/online\\\/#website\"},\"primaryImageOfPage\":{\"@id\":\"http:\\\/\\\/obeirao.pt\\\/online\\\/2021\\\/10\\\/05\\\/tondelenses-voltam-a-confiar-em-jose-antonio-de-jesus-psd-para-cumprir-mais-um-mandato-a-frente-do-municipio\\\/#primaryimage\"},\"image\":{\"@id\":\"http:\\\/\\\/obeirao.pt\\\/online\\\/2021\\\/10\\\/05\\\/tondelenses-voltam-a-confiar-em-jose-antonio-de-jesus-psd-para-cumprir-mais-um-mandato-a-frente-do-municipio\\\/#primaryimage\"},\"thumbnailUrl\":\"http:\\\/\\\/obeirao.pt\\\/online\\\/wp-content\\\/uploads\\\/2021\\\/10\\\/Tondela-\u00e0-Frente-4-scaled.jpg\",\"datePublished\":\"2021-10-05T15:08:14+00:00\",\"dateModified\":\"2021-10-05T15:57:06+00:00\",\"author\":{\"@id\":\"http:\\\/\\\/obeirao.pt\\\/online\\\/#\\\/schema\\\/person\\\/efac69bb5a33873e1c1bb9c1165ff38c\"},\"breadcrumb\":{\"@id\":\"http:\\\/\\\/obeirao.pt\\\/online\\\/2021\\\/10\\\/05\\\/tondelenses-voltam-a-confiar-em-jose-antonio-de-jesus-psd-para-cumprir-mais-um-mandato-a-frente-do-municipio\\\/#breadcrumb\"},\"inLanguage\":\"pt-PT\",\"potentialAction\":[{\"@type\":\"ReadAction\",\"target\":[\"http:\\\/\\\/obeirao.pt\\\/online\\\/2021\\\/10\\\/05\\\/tondelenses-voltam-a-confiar-em-jose-antonio-de-jesus-psd-para-cumprir-mais-um-mandato-a-frente-do-municipio\\\/\"]}]},{\"@type\":\"ImageObject\",\"inLanguage\":\"pt-PT\",\"@id\":\"http:\\\/\\\/obeirao.pt\\\/online\\\/2021\\\/10\\\/05\\\/tondelenses-voltam-a-confiar-em-jose-antonio-de-jesus-psd-para-cumprir-mais-um-mandato-a-frente-do-municipio\\\/#primaryimage\",\"url\":\"http:\\\/\\\/obeirao.pt\\\/online\\\/wp-content\\\/uploads\\\/2021\\\/10\\\/Tondela-\u00e0-Frente-4-scaled.jpg\",\"contentUrl\":\"http:\\\/\\\/obeirao.pt\\\/online\\\/wp-content\\\/uploads\\\/2021\\\/10\\\/Tondela-\u00e0-Frente-4-scaled.jpg\",\"width\":1024,\"height\":619,\"caption\":\"????????????????????????????????????\"},{\"@type\":\"BreadcrumbList\",\"@id\":\"http:\\\/\\\/obeirao.pt\\\/online\\\/2021\\\/10\\\/05\\\/tondelenses-voltam-a-confiar-em-jose-antonio-de-jesus-psd-para-cumprir-mais-um-mandato-a-frente-do-municipio\\\/#breadcrumb\",\"itemListElement\":[{\"@type\":\"ListItem\",\"position\":1,\"name\":\"Home\",\"item\":\"http:\\\/\\\/obeirao.pt\\\/online\\\/\"},{\"@type\":\"ListItem\",\"position\":2,\"name\":\"TONDELENSES VOLTAM A CONFIAR EM JOS\u00c9 ANT\u00d3NIO DE JESUS (PSD) PARA CUMPRIR MAIS UM MANDATO \u00c0 FRENTE DO MUNIC\u00cdPIO\"}]},{\"@type\":\"WebSite\",\"@id\":\"http:\\\/\\\/obeirao.pt\\\/online\\\/#website\",\"url\":\"http:\\\/\\\/obeirao.pt\\\/online\\\/\",\"name\":\"Beir\u00e3o Online\",\"description\":\"www.obeirao.pt\",\"potentialAction\":[{\"@type\":\"SearchAction\",\"target\":{\"@type\":\"EntryPoint\",\"urlTemplate\":\"http:\\\/\\\/obeirao.pt\\\/online\\\/?s={search_term_string}\"},\"query-input\":{\"@type\":\"PropertyValueSpecification\",\"valueRequired\":true,\"valueName\":\"search_term_string\"}}],\"inLanguage\":\"pt-PT\"},{\"@type\":\"Person\",\"@id\":\"http:\\\/\\\/obeirao.pt\\\/online\\\/#\\\/schema\\\/person\\\/efac69bb5a33873e1c1bb9c1165ff38c\",\"name\":\"Z\u00e9 Beir\u00e3o\",\"image\":{\"@type\":\"ImageObject\",\"inLanguage\":\"pt-PT\",\"@id\":\"http:\\\/\\\/0.gravatar.com\\\/avatar\\\/c8c44d1f9327baa4d27e9b1149cd71b3?s=96&d=mm&r=g\",\"url\":\"http:\\\/\\\/0.gravatar.com\\\/avatar\\\/c8c44d1f9327baa4d27e9b1149cd71b3?s=96&d=mm&r=g\",\"contentUrl\":\"http:\\\/\\\/0.gravatar.com\\\/avatar\\\/c8c44d1f9327baa4d27e9b1149cd71b3?s=96&d=mm&r=g\",\"caption\":\"Z\u00e9 Beir\u00e3o\"},\"url\":\"http:\\\/\\\/obeirao.pt\\\/online\\\/author\\\/zebeirao\\\/\"}]}<\/script>\n<!-- \/ Yoast SEO plugin. -->","yoast_head_json":{"title":"TONDELENSES VOLTAM A CONFIAR EM JOS\u00c9 ANT\u00d3NIO DE JESUS (PSD) PARA CUMPRIR MAIS UM MANDATO \u00c0 FRENTE DO MUNIC\u00cdPIO - Beir\u00e3o Online","robots":{"index":"index","follow":"follow","max-snippet":"max-snippet:-1","max-image-preview":"max-image-preview:large","max-video-preview":"max-video-preview:-1"},"canonical":"http:\/\/obeirao.pt\/online\/2021\/10\/05\/tondelenses-voltam-a-confiar-em-jose-antonio-de-jesus-psd-para-cumprir-mais-um-mandato-a-frente-do-municipio\/","og_locale":"pt_PT","og_type":"article","og_title":"TONDELENSES VOLTAM A CONFIAR EM JOS\u00c9 ANT\u00d3NIO DE JESUS (PSD) PARA CUMPRIR MAIS UM MANDATO \u00c0 FRENTE DO MUNIC\u00cdPIO - Beir\u00e3o Online","og_description":"tempo de leitura: 8 minutosPercorridas as sete partidas do concelho de Tondela, desde o vale \u00e0 Serra do Caramulo, com maior ou menor ruido, chegou ao fim a campanha [...]","og_url":"http:\/\/obeirao.pt\/online\/2021\/10\/05\/tondelenses-voltam-a-confiar-em-jose-antonio-de-jesus-psd-para-cumprir-mais-um-mandato-a-frente-do-municipio\/","og_site_name":"Beir\u00e3o Online","article_publisher":"https:\/\/pt-br.facebook.com\/pages\/Amigos-de-Tondela\/273620439973877","article_published_time":"2021-10-05T15:08:14+00:00","article_modified_time":"2021-10-05T15:57:06+00:00","og_image":[{"width":1024,"height":619,"url":"http:\/\/obeirao.pt\/online\/wp-content\/uploads\/2021\/10\/Tondela-\u00e0-Frente-4-scaled.jpg","type":"image\/jpeg"}],"author":"Z\u00e9 Beir\u00e3o","twitter_card":"summary_large_image","twitter_creator":"@JoaquimDuarteP2","twitter_site":"@JoaquimDuarteP2","twitter_misc":{"Escrito por":"Z\u00e9 Beir\u00e3o","Tempo estimado de leitura":"11 minutos"},"schema":{"@context":"https:\/\/schema.org","@graph":[{"@type":"Article","@id":"http:\/\/obeirao.pt\/online\/2021\/10\/05\/tondelenses-voltam-a-confiar-em-jose-antonio-de-jesus-psd-para-cumprir-mais-um-mandato-a-frente-do-municipio\/#article","isPartOf":{"@id":"http:\/\/obeirao.pt\/online\/2021\/10\/05\/tondelenses-voltam-a-confiar-em-jose-antonio-de-jesus-psd-para-cumprir-mais-um-mandato-a-frente-do-municipio\/"},"author":{"name":"Z\u00e9 Beir\u00e3o","@id":"http:\/\/obeirao.pt\/online\/#\/schema\/person\/efac69bb5a33873e1c1bb9c1165ff38c"},"headline":"TONDELENSES VOLTAM A CONFIAR EM JOS\u00c9 ANT\u00d3NIO DE JESUS (PSD) PARA CUMPRIR MAIS UM MANDATO \u00c0 FRENTE DO MUNIC\u00cdPIO","datePublished":"2021-10-05T15:08:14+00:00","dateModified":"2021-10-05T15:57:06+00:00","mainEntityOfPage":{"@id":"http:\/\/obeirao.pt\/online\/2021\/10\/05\/tondelenses-voltam-a-confiar-em-jose-antonio-de-jesus-psd-para-cumprir-mais-um-mandato-a-frente-do-municipio\/"},"wordCount":1883,"image":{"@id":"http:\/\/obeirao.pt\/online\/2021\/10\/05\/tondelenses-voltam-a-confiar-em-jose-antonio-de-jesus-psd-para-cumprir-mais-um-mandato-a-frente-do-municipio\/#primaryimage"},"thumbnailUrl":"http:\/\/obeirao.pt\/online\/wp-content\/uploads\/2021\/10\/Tondela-\u00e0-Frente-4-scaled.jpg","articleSection":["_Principal","Cidade","Comunidade Intermunicipal Viseu D\u00e3o Laf\u00f5es","Pa\u00eds","Regi\u00e3o","Tondela"],"inLanguage":"pt-PT"},{"@type":"WebPage","@id":"http:\/\/obeirao.pt\/online\/2021\/10\/05\/tondelenses-voltam-a-confiar-em-jose-antonio-de-jesus-psd-para-cumprir-mais-um-mandato-a-frente-do-municipio\/","url":"http:\/\/obeirao.pt\/online\/2021\/10\/05\/tondelenses-voltam-a-confiar-em-jose-antonio-de-jesus-psd-para-cumprir-mais-um-mandato-a-frente-do-municipio\/","name":"TONDELENSES VOLTAM A CONFIAR EM JOS\u00c9 ANT\u00d3NIO DE JESUS (PSD) PARA CUMPRIR MAIS UM MANDATO \u00c0 FRENTE DO MUNIC\u00cdPIO - Beir\u00e3o Online","isPartOf":{"@id":"http:\/\/obeirao.pt\/online\/#website"},"primaryImageOfPage":{"@id":"http:\/\/obeirao.pt\/online\/2021\/10\/05\/tondelenses-voltam-a-confiar-em-jose-antonio-de-jesus-psd-para-cumprir-mais-um-mandato-a-frente-do-municipio\/#primaryimage"},"image":{"@id":"http:\/\/obeirao.pt\/online\/2021\/10\/05\/tondelenses-voltam-a-confiar-em-jose-antonio-de-jesus-psd-para-cumprir-mais-um-mandato-a-frente-do-municipio\/#primaryimage"},"thumbnailUrl":"http:\/\/obeirao.pt\/online\/wp-content\/uploads\/2021\/10\/Tondela-\u00e0-Frente-4-scaled.jpg","datePublished":"2021-10-05T15:08:14+00:00","dateModified":"2021-10-05T15:57:06+00:00","author":{"@id":"http:\/\/obeirao.pt\/online\/#\/schema\/person\/efac69bb5a33873e1c1bb9c1165ff38c"},"breadcrumb":{"@id":"http:\/\/obeirao.pt\/online\/2021\/10\/05\/tondelenses-voltam-a-confiar-em-jose-antonio-de-jesus-psd-para-cumprir-mais-um-mandato-a-frente-do-municipio\/#breadcrumb"},"inLanguage":"pt-PT","potentialAction":[{"@type":"ReadAction","target":["http:\/\/obeirao.pt\/online\/2021\/10\/05\/tondelenses-voltam-a-confiar-em-jose-antonio-de-jesus-psd-para-cumprir-mais-um-mandato-a-frente-do-municipio\/"]}]},{"@type":"ImageObject","inLanguage":"pt-PT","@id":"http:\/\/obeirao.pt\/online\/2021\/10\/05\/tondelenses-voltam-a-confiar-em-jose-antonio-de-jesus-psd-para-cumprir-mais-um-mandato-a-frente-do-municipio\/#primaryimage","url":"http:\/\/obeirao.pt\/online\/wp-content\/uploads\/2021\/10\/Tondela-\u00e0-Frente-4-scaled.jpg","contentUrl":"http:\/\/obeirao.pt\/online\/wp-content\/uploads\/2021\/10\/Tondela-\u00e0-Frente-4-scaled.jpg","width":1024,"height":619,"caption":"????????????????????????????????????"},{"@type":"BreadcrumbList","@id":"http:\/\/obeirao.pt\/online\/2021\/10\/05\/tondelenses-voltam-a-confiar-em-jose-antonio-de-jesus-psd-para-cumprir-mais-um-mandato-a-frente-do-municipio\/#breadcrumb","itemListElement":[{"@type":"ListItem","position":1,"name":"Home","item":"http:\/\/obeirao.pt\/online\/"},{"@type":"ListItem","position":2,"name":"TONDELENSES VOLTAM A CONFIAR EM JOS\u00c9 ANT\u00d3NIO DE JESUS (PSD) PARA CUMPRIR MAIS UM MANDATO \u00c0 FRENTE DO MUNIC\u00cdPIO"}]},{"@type":"WebSite","@id":"http:\/\/obeirao.pt\/online\/#website","url":"http:\/\/obeirao.pt\/online\/","name":"Beir\u00e3o Online","description":"www.obeirao.pt","potentialAction":[{"@type":"SearchAction","target":{"@type":"EntryPoint","urlTemplate":"http:\/\/obeirao.pt\/online\/?s={search_term_string}"},"query-input":{"@type":"PropertyValueSpecification","valueRequired":true,"valueName":"search_term_string"}}],"inLanguage":"pt-PT"},{"@type":"Person","@id":"http:\/\/obeirao.pt\/online\/#\/schema\/person\/efac69bb5a33873e1c1bb9c1165ff38c","name":"Z\u00e9 Beir\u00e3o","image":{"@type":"ImageObject","inLanguage":"pt-PT","@id":"http:\/\/0.gravatar.com\/avatar\/c8c44d1f9327baa4d27e9b1149cd71b3?s=96&d=mm&r=g","url":"http:\/\/0.gravatar.com\/avatar\/c8c44d1f9327baa4d27e9b1149cd71b3?s=96&d=mm&r=g","contentUrl":"http:\/\/0.gravatar.com\/avatar\/c8c44d1f9327baa4d27e9b1149cd71b3?s=96&d=mm&r=g","caption":"Z\u00e9 Beir\u00e3o"},"url":"http:\/\/obeirao.pt\/online\/author\/zebeirao\/"}]}},"_links":{"self":[{"href":"http:\/\/obeirao.pt\/online\/wp-json\/wp\/v2\/posts\/6552"}],"collection":[{"href":"http:\/\/obeirao.pt\/online\/wp-json\/wp\/v2\/posts"}],"about":[{"href":"http:\/\/obeirao.pt\/online\/wp-json\/wp\/v2\/types\/post"}],"author":[{"embeddable":true,"href":"http:\/\/obeirao.pt\/online\/wp-json\/wp\/v2\/users\/2"}],"replies":[{"embeddable":true,"href":"http:\/\/obeirao.pt\/online\/wp-json\/wp\/v2\/comments?post=6552"}],"version-history":[{"count":6,"href":"http:\/\/obeirao.pt\/online\/wp-json\/wp\/v2\/posts\/6552\/revisions"}],"predecessor-version":[{"id":6569,"href":"http:\/\/obeirao.pt\/online\/wp-json\/wp\/v2\/posts\/6552\/revisions\/6569"}],"wp:featuredmedia":[{"embeddable":true,"href":"http:\/\/obeirao.pt\/online\/wp-json\/wp\/v2\/media\/6553"}],"wp:attachment":[{"href":"http:\/\/obeirao.pt\/online\/wp-json\/wp\/v2\/media?parent=6552"}],"wp:term":[{"taxonomy":"category","embeddable":true,"href":"http:\/\/obeirao.pt\/online\/wp-json\/wp\/v2\/categories?post=6552"},{"taxonomy":"post_tag","embeddable":true,"href":"http:\/\/obeirao.pt\/online\/wp-json\/wp\/v2\/tags?post=6552"}],"curies":[{"name":"wp","href":"https:\/\/api.w.org\/{rel}","templated":true}]}}