{"id":6776,"date":"2021-12-22T21:22:19","date_gmt":"2021-12-22T21:22:19","guid":{"rendered":"http:\/\/obeirao.pt\/online\/?p=6776"},"modified":"2021-12-22T21:22:40","modified_gmt":"2021-12-22T21:22:40","slug":"assembleia-municipal-de-viseu-exige-urgencia-nas-obras-do-ip3","status":"publish","type":"post","link":"http:\/\/obeirao.pt\/online\/2021\/12\/22\/assembleia-municipal-de-viseu-exige-urgencia-nas-obras-do-ip3\/","title":{"rendered":"ASSEMBLEIA MUNICIPAL DE VISEU EXIGE URG\u00caNCIA NAS OBRAS DO IP3"},"content":{"rendered":"<span class=\"span-reading-time rt-reading-time\" style=\"display: block;\"><span class=\"rt-label rt-prefix\">tempo de leitura:<\/span> <span class=\"rt-time\"> 2<\/span> <span class=\"rt-label rt-postfix\">minutos<\/span><\/span><p><span style=\"font-size: 24pt\"><strong><a href=\"http:\/\/obeirao.pt\/online\/wp-content\/uploads\/2021\/12\/IP-3-8.jpg\"><img loading=\"lazy\" decoding=\"async\" class=\"wp-image-6777 size-medium alignleft\" src=\"http:\/\/obeirao.pt\/online\/wp-content\/uploads\/2021\/12\/IP-3-8-300x167.jpg\" alt=\"\" width=\"300\" height=\"167\" srcset=\"http:\/\/obeirao.pt\/online\/wp-content\/uploads\/2021\/12\/IP-3-8-300x167.jpg 300w, http:\/\/obeirao.pt\/online\/wp-content\/uploads\/2021\/12\/IP-3-8-768x427.jpg 768w, http:\/\/obeirao.pt\/online\/wp-content\/uploads\/2021\/12\/IP-3-8-640x356.jpg 640w, http:\/\/obeirao.pt\/online\/wp-content\/uploads\/2021\/12\/IP-3-8.jpg 818w\" sizes=\"(max-width: 300px) 100vw, 300px\" \/><\/a><\/strong><\/span><span style=\"font-family: georgia, palatino, serif;color: #000000\"><strong><em>A Assembleia Municipal de Viseu aprovou, por unanimidade, uma mo\u00e7\u00e3o exigindo urg\u00eancia na execu\u00e7\u00e3o das obras e duplica\u00e7\u00e3o do Itiner\u00e1rio Principal 3 (IP3), entre aquela cidade e Coimbra.\u00a0<\/em><\/strong><!--more--><\/span><\/p>\n<p><span style=\"font-family: georgia, palatino, serif;color: #000000\">A Assembleia Municipal de Viseu, reunida em 20 de Dezembro de 2021, deliberou \u201cmanifestar ao Governo a exig\u00eancia\u201d para que \u201cas obras de requalifica\u00e7\u00e3o e duplica\u00e7\u00e3o do IP3 tenham car\u00e1cter de urg\u00eancia, tendo em conta o elevado grau de sinistralidade da via, fundamental para a regi\u00e3o, sem que existam alternativas vi\u00e1veis\u201d, afirma a mo\u00e7\u00e3o.<\/span><\/p>\n<p><span style=\"font-family: georgia, palatino, serif;color: #000000\">O documento, apresentada pela \u00fanica representante do Bloco de Esquerda (BE) naquele \u00f3rg\u00e3o aut\u00e1rquico, Carolina Gomes, aprovado por unanimidade, tamb\u00e9m exige \u201ca salvaguarda da exist\u00eancia de bermas de seguran\u00e7a, que permitam a circula\u00e7\u00e3o de ve\u00edculos de emerg\u00eancia nos locais com apenas uma via\u201d, naquela estrada.<\/span><\/p>\n<p><span style=\"font-family: georgia, palatino, serif;color: #000000\">Quase 30 anos depois da inaugura\u00e7\u00e3o, \u201cfinalmente avan\u00e7aram as obras de requalifica\u00e7\u00e3o e duplica\u00e7\u00e3o do IP3 que, neste momento, segundo as \u00faltimas not\u00edcias, decorrem com um atraso de dois anos\u201d \u2013 inicialmente estava previsto terminarem em 2024, agora a sua conclus\u00e3o \u00e9 apontada para 2026.<\/span><\/p>\n<p><span style=\"font-family: georgia, palatino, serif;color: #000000\">As datas foram apresentadas pelo presidente da Comunidade Intermunicipal (CIM) Viseu D\u00e3o Laf\u00f5es e tamb\u00e9m presidente da C\u00e2mara Municipal de Viseu, Fernando Ruas, ap\u00f3s uma reuni\u00e3o com o vice-presidente e uma equipa t\u00e9cnica das Infraestruturas de Portugal (IP).<\/span><\/p>\n<p><span style=\"font-family: georgia, palatino, serif;color: #000000\">\u201cImporta ressalvar que esta via \u00e9, absolutamente, essencial para a mobilidade na regi\u00e3o de Viseu, n\u00e3o existindo qualquer alternativa vi\u00e1vel\u201d, sublinha a mo\u00e7\u00e3o.<\/span><\/p>\n<p><span style=\"font-family: georgia, palatino, serif;color: #000000\">O documento destaca ainda o \u201cgrande estado de degrada\u00e7\u00e3o\u201d da via, o seu perfil e a \u201cinexist\u00eancia de bermas de seguran\u00e7a em v\u00e1rios pontos\u201d, assim como \u201ca inac\u00e7\u00e3o de consecutivos governos, com in\u00fameras mo\u00e7\u00f5es a exigir a requalifica\u00e7\u00e3o do IP3\u201d aprovadas na Assembleia Municipal de Viseu e, por iniciativa de diversos partidos.<\/span><\/p>\n<p><span style=\"font-family: georgia, palatino, serif;color: #000000\">\u201cUma peti\u00e7\u00e3o promovida pelo Movimento pela Requalifica\u00e7\u00e3o Completa e Adequada do IP3, de diversas associa\u00e7\u00f5es empresariais da regi\u00e3o Viseu D\u00e3o Laf\u00f5es, reuniu mais de 18 mil assinaturas\u201d, lembra o documento, salientando que \u201co actual governo apresentou o compromisso de requalificar o IP3\u201d.<\/span><\/p>\n<p><span style=\"font-family: georgia, palatino, serif;color: #000000\">O projecto do Governo \u201cpassa pela duplica\u00e7\u00e3o desta via em 85% do seu percurso entre Viseu e Coimbra, ou seja, em perfil de auto-estrada, sem portagens, ficando com tr\u00eas vias (2+1) em 12% do trajecto e apenas duas vias (1+1) em 3% do percurso\u201d, conclui o documento.<\/span><\/p>\n<p>&nbsp;<\/p>\n","protected":false},"excerpt":{"rendered":"<div class=\"mh-excerpt\"><span class=\"span-reading-time rt-reading-time\" style=\"display: block;\"><span class=\"rt-label rt-prefix\">tempo de leitura:<\/span> <span class=\"rt-time\"> 2<\/span> <span class=\"rt-label rt-postfix\">minutos<\/span><\/span>A Assembleia Municipal de Viseu aprovou, por unanimidade, uma mo\u00e7\u00e3o exigindo urg\u00eancia na execu\u00e7\u00e3o das obras e duplica\u00e7\u00e3o do Itiner\u00e1rio Principal 3 (IP3), entre aquela <a class=\"mh-excerpt-more\" href=\"http:\/\/obeirao.pt\/online\/2021\/12\/22\/assembleia-municipal-de-viseu-exige-urgencia-nas-obras-do-ip3\/\" title=\"ASSEMBLEIA MUNICIPAL DE VISEU EXIGE URG\u00caNCIA NAS OBRAS DO IP3\">[&#8230;]<\/a><\/div>\n","protected":false},"author":2,"featured_media":6777,"comment_status":"closed","ping_status":"closed","sticky":false,"template":"","format":"standard","meta":{"footnotes":""},"categories":[2,188,6,4,201],"tags":[],"class_list":["post-6776","post","type-post","status-publish","format-standard","has-post-thumbnail","hentry","category-principal","category-comunidade-intermunicipal-viseu-dao-lafoes","category-pais","category-regiao","category-viseu-comunidade-intermunicipal-viseu-dao-lafoes"],"yoast_head":"<!-- This site is optimized with the Yoast SEO plugin v27.4 - https:\/\/yoast.com\/product\/yoast-seo-wordpress\/ -->\n<title>ASSEMBLEIA MUNICIPAL DE VISEU EXIGE URG\u00caNCIA NAS OBRAS DO IP3 - Beir\u00e3o Online<\/title>\n<meta name=\"robots\" content=\"index, follow, max-snippet:-1, max-image-preview:large, max-video-preview:-1\" \/>\n<link rel=\"canonical\" href=\"http:\/\/obeirao.pt\/online\/2021\/12\/22\/assembleia-municipal-de-viseu-exige-urgencia-nas-obras-do-ip3\/\" \/>\n<meta property=\"og:locale\" content=\"pt_PT\" \/>\n<meta property=\"og:type\" content=\"article\" \/>\n<meta property=\"og:title\" content=\"ASSEMBLEIA MUNICIPAL DE VISEU EXIGE URG\u00caNCIA NAS OBRAS DO IP3 - Beir\u00e3o Online\" \/>\n<meta property=\"og:description\" content=\"tempo de leitura: 2 minutosA Assembleia Municipal de Viseu aprovou, por unanimidade, uma mo\u00e7\u00e3o exigindo urg\u00eancia na execu\u00e7\u00e3o das obras e duplica\u00e7\u00e3o do Itiner\u00e1rio Principal 3 (IP3), entre aquela [...]\" \/>\n<meta property=\"og:url\" content=\"http:\/\/obeirao.pt\/online\/2021\/12\/22\/assembleia-municipal-de-viseu-exige-urgencia-nas-obras-do-ip3\/\" \/>\n<meta property=\"og:site_name\" content=\"Beir\u00e3o Online\" \/>\n<meta property=\"article:publisher\" content=\"https:\/\/pt-br.facebook.com\/pages\/Amigos-de-Tondela\/273620439973877\" \/>\n<meta property=\"article:published_time\" content=\"2021-12-22T21:22:19+00:00\" \/>\n<meta property=\"article:modified_time\" content=\"2021-12-22T21:22:40+00:00\" \/>\n<meta property=\"og:image\" content=\"http:\/\/obeirao.pt\/online\/wp-content\/uploads\/2021\/12\/IP-3-8.jpg\" \/>\n\t<meta property=\"og:image:width\" content=\"818\" \/>\n\t<meta property=\"og:image:height\" content=\"455\" \/>\n\t<meta property=\"og:image:type\" content=\"image\/jpeg\" \/>\n<meta name=\"author\" content=\"Z\u00e9 Beir\u00e3o\" \/>\n<meta name=\"twitter:card\" content=\"summary_large_image\" \/>\n<meta name=\"twitter:creator\" content=\"@JoaquimDuarteP2\" \/>\n<meta name=\"twitter:site\" content=\"@JoaquimDuarteP2\" \/>\n<meta name=\"twitter:label1\" content=\"Escrito por\" \/>\n\t<meta name=\"twitter:data1\" content=\"Z\u00e9 Beir\u00e3o\" \/>\n\t<meta name=\"twitter:label2\" content=\"Tempo estimado de leitura\" \/>\n\t<meta name=\"twitter:data2\" content=\"3 minutos\" \/>\n<script type=\"application\/ld+json\" class=\"yoast-schema-graph\">{\"@context\":\"https:\\\/\\\/schema.org\",\"@graph\":[{\"@type\":\"Article\",\"@id\":\"http:\\\/\\\/obeirao.pt\\\/online\\\/2021\\\/12\\\/22\\\/assembleia-municipal-de-viseu-exige-urgencia-nas-obras-do-ip3\\\/#article\",\"isPartOf\":{\"@id\":\"http:\\\/\\\/obeirao.pt\\\/online\\\/2021\\\/12\\\/22\\\/assembleia-municipal-de-viseu-exige-urgencia-nas-obras-do-ip3\\\/\"},\"author\":{\"name\":\"Z\u00e9 Beir\u00e3o\",\"@id\":\"http:\\\/\\\/obeirao.pt\\\/online\\\/#\\\/schema\\\/person\\\/efac69bb5a33873e1c1bb9c1165ff38c\"},\"headline\":\"ASSEMBLEIA MUNICIPAL DE VISEU EXIGE URG\u00caNCIA NAS OBRAS DO IP3\",\"datePublished\":\"2021-12-22T21:22:19+00:00\",\"dateModified\":\"2021-12-22T21:22:40+00:00\",\"mainEntityOfPage\":{\"@id\":\"http:\\\/\\\/obeirao.pt\\\/online\\\/2021\\\/12\\\/22\\\/assembleia-municipal-de-viseu-exige-urgencia-nas-obras-do-ip3\\\/\"},\"wordCount\":425,\"image\":{\"@id\":\"http:\\\/\\\/obeirao.pt\\\/online\\\/2021\\\/12\\\/22\\\/assembleia-municipal-de-viseu-exige-urgencia-nas-obras-do-ip3\\\/#primaryimage\"},\"thumbnailUrl\":\"http:\\\/\\\/obeirao.pt\\\/online\\\/wp-content\\\/uploads\\\/2021\\\/12\\\/IP-3-8.jpg\",\"articleSection\":[\"_Principal\",\"Comunidade Intermunicipal Viseu D\u00e3o Laf\u00f5es\",\"Pa\u00eds\",\"Regi\u00e3o\",\"Viseu\"],\"inLanguage\":\"pt-PT\"},{\"@type\":\"WebPage\",\"@id\":\"http:\\\/\\\/obeirao.pt\\\/online\\\/2021\\\/12\\\/22\\\/assembleia-municipal-de-viseu-exige-urgencia-nas-obras-do-ip3\\\/\",\"url\":\"http:\\\/\\\/obeirao.pt\\\/online\\\/2021\\\/12\\\/22\\\/assembleia-municipal-de-viseu-exige-urgencia-nas-obras-do-ip3\\\/\",\"name\":\"ASSEMBLEIA MUNICIPAL DE VISEU EXIGE URG\u00caNCIA NAS OBRAS DO IP3 - Beir\u00e3o Online\",\"isPartOf\":{\"@id\":\"http:\\\/\\\/obeirao.pt\\\/online\\\/#website\"},\"primaryImageOfPage\":{\"@id\":\"http:\\\/\\\/obeirao.pt\\\/online\\\/2021\\\/12\\\/22\\\/assembleia-municipal-de-viseu-exige-urgencia-nas-obras-do-ip3\\\/#primaryimage\"},\"image\":{\"@id\":\"http:\\\/\\\/obeirao.pt\\\/online\\\/2021\\\/12\\\/22\\\/assembleia-municipal-de-viseu-exige-urgencia-nas-obras-do-ip3\\\/#primaryimage\"},\"thumbnailUrl\":\"http:\\\/\\\/obeirao.pt\\\/online\\\/wp-content\\\/uploads\\\/2021\\\/12\\\/IP-3-8.jpg\",\"datePublished\":\"2021-12-22T21:22:19+00:00\",\"dateModified\":\"2021-12-22T21:22:40+00:00\",\"author\":{\"@id\":\"http:\\\/\\\/obeirao.pt\\\/online\\\/#\\\/schema\\\/person\\\/efac69bb5a33873e1c1bb9c1165ff38c\"},\"breadcrumb\":{\"@id\":\"http:\\\/\\\/obeirao.pt\\\/online\\\/2021\\\/12\\\/22\\\/assembleia-municipal-de-viseu-exige-urgencia-nas-obras-do-ip3\\\/#breadcrumb\"},\"inLanguage\":\"pt-PT\",\"potentialAction\":[{\"@type\":\"ReadAction\",\"target\":[\"http:\\\/\\\/obeirao.pt\\\/online\\\/2021\\\/12\\\/22\\\/assembleia-municipal-de-viseu-exige-urgencia-nas-obras-do-ip3\\\/\"]}]},{\"@type\":\"ImageObject\",\"inLanguage\":\"pt-PT\",\"@id\":\"http:\\\/\\\/obeirao.pt\\\/online\\\/2021\\\/12\\\/22\\\/assembleia-municipal-de-viseu-exige-urgencia-nas-obras-do-ip3\\\/#primaryimage\",\"url\":\"http:\\\/\\\/obeirao.pt\\\/online\\\/wp-content\\\/uploads\\\/2021\\\/12\\\/IP-3-8.jpg\",\"contentUrl\":\"http:\\\/\\\/obeirao.pt\\\/online\\\/wp-content\\\/uploads\\\/2021\\\/12\\\/IP-3-8.jpg\",\"width\":818,\"height\":455},{\"@type\":\"BreadcrumbList\",\"@id\":\"http:\\\/\\\/obeirao.pt\\\/online\\\/2021\\\/12\\\/22\\\/assembleia-municipal-de-viseu-exige-urgencia-nas-obras-do-ip3\\\/#breadcrumb\",\"itemListElement\":[{\"@type\":\"ListItem\",\"position\":1,\"name\":\"Home\",\"item\":\"http:\\\/\\\/obeirao.pt\\\/online\\\/\"},{\"@type\":\"ListItem\",\"position\":2,\"name\":\"ASSEMBLEIA MUNICIPAL DE VISEU EXIGE URG\u00caNCIA NAS OBRAS DO IP3\"}]},{\"@type\":\"WebSite\",\"@id\":\"http:\\\/\\\/obeirao.pt\\\/online\\\/#website\",\"url\":\"http:\\\/\\\/obeirao.pt\\\/online\\\/\",\"name\":\"Beir\u00e3o Online\",\"description\":\"www.obeirao.pt\",\"potentialAction\":[{\"@type\":\"SearchAction\",\"target\":{\"@type\":\"EntryPoint\",\"urlTemplate\":\"http:\\\/\\\/obeirao.pt\\\/online\\\/?s={search_term_string}\"},\"query-input\":{\"@type\":\"PropertyValueSpecification\",\"valueRequired\":true,\"valueName\":\"search_term_string\"}}],\"inLanguage\":\"pt-PT\"},{\"@type\":\"Person\",\"@id\":\"http:\\\/\\\/obeirao.pt\\\/online\\\/#\\\/schema\\\/person\\\/efac69bb5a33873e1c1bb9c1165ff38c\",\"name\":\"Z\u00e9 Beir\u00e3o\",\"image\":{\"@type\":\"ImageObject\",\"inLanguage\":\"pt-PT\",\"@id\":\"http:\\\/\\\/0.gravatar.com\\\/avatar\\\/c8c44d1f9327baa4d27e9b1149cd71b3?s=96&d=mm&r=g\",\"url\":\"http:\\\/\\\/0.gravatar.com\\\/avatar\\\/c8c44d1f9327baa4d27e9b1149cd71b3?s=96&d=mm&r=g\",\"contentUrl\":\"http:\\\/\\\/0.gravatar.com\\\/avatar\\\/c8c44d1f9327baa4d27e9b1149cd71b3?s=96&d=mm&r=g\",\"caption\":\"Z\u00e9 Beir\u00e3o\"},\"url\":\"http:\\\/\\\/obeirao.pt\\\/online\\\/author\\\/zebeirao\\\/\"}]}<\/script>\n<!-- \/ Yoast SEO plugin. -->","yoast_head_json":{"title":"ASSEMBLEIA MUNICIPAL DE VISEU EXIGE URG\u00caNCIA NAS OBRAS DO IP3 - Beir\u00e3o Online","robots":{"index":"index","follow":"follow","max-snippet":"max-snippet:-1","max-image-preview":"max-image-preview:large","max-video-preview":"max-video-preview:-1"},"canonical":"http:\/\/obeirao.pt\/online\/2021\/12\/22\/assembleia-municipal-de-viseu-exige-urgencia-nas-obras-do-ip3\/","og_locale":"pt_PT","og_type":"article","og_title":"ASSEMBLEIA MUNICIPAL DE VISEU EXIGE URG\u00caNCIA NAS OBRAS DO IP3 - Beir\u00e3o Online","og_description":"tempo de leitura: 2 minutosA Assembleia Municipal de Viseu aprovou, por unanimidade, uma mo\u00e7\u00e3o exigindo urg\u00eancia na execu\u00e7\u00e3o das obras e duplica\u00e7\u00e3o do Itiner\u00e1rio Principal 3 (IP3), entre aquela [...]","og_url":"http:\/\/obeirao.pt\/online\/2021\/12\/22\/assembleia-municipal-de-viseu-exige-urgencia-nas-obras-do-ip3\/","og_site_name":"Beir\u00e3o Online","article_publisher":"https:\/\/pt-br.facebook.com\/pages\/Amigos-de-Tondela\/273620439973877","article_published_time":"2021-12-22T21:22:19+00:00","article_modified_time":"2021-12-22T21:22:40+00:00","og_image":[{"width":818,"height":455,"url":"http:\/\/obeirao.pt\/online\/wp-content\/uploads\/2021\/12\/IP-3-8.jpg","type":"image\/jpeg"}],"author":"Z\u00e9 Beir\u00e3o","twitter_card":"summary_large_image","twitter_creator":"@JoaquimDuarteP2","twitter_site":"@JoaquimDuarteP2","twitter_misc":{"Escrito por":"Z\u00e9 Beir\u00e3o","Tempo estimado de leitura":"3 minutos"},"schema":{"@context":"https:\/\/schema.org","@graph":[{"@type":"Article","@id":"http:\/\/obeirao.pt\/online\/2021\/12\/22\/assembleia-municipal-de-viseu-exige-urgencia-nas-obras-do-ip3\/#article","isPartOf":{"@id":"http:\/\/obeirao.pt\/online\/2021\/12\/22\/assembleia-municipal-de-viseu-exige-urgencia-nas-obras-do-ip3\/"},"author":{"name":"Z\u00e9 Beir\u00e3o","@id":"http:\/\/obeirao.pt\/online\/#\/schema\/person\/efac69bb5a33873e1c1bb9c1165ff38c"},"headline":"ASSEMBLEIA MUNICIPAL DE VISEU EXIGE URG\u00caNCIA NAS OBRAS DO IP3","datePublished":"2021-12-22T21:22:19+00:00","dateModified":"2021-12-22T21:22:40+00:00","mainEntityOfPage":{"@id":"http:\/\/obeirao.pt\/online\/2021\/12\/22\/assembleia-municipal-de-viseu-exige-urgencia-nas-obras-do-ip3\/"},"wordCount":425,"image":{"@id":"http:\/\/obeirao.pt\/online\/2021\/12\/22\/assembleia-municipal-de-viseu-exige-urgencia-nas-obras-do-ip3\/#primaryimage"},"thumbnailUrl":"http:\/\/obeirao.pt\/online\/wp-content\/uploads\/2021\/12\/IP-3-8.jpg","articleSection":["_Principal","Comunidade Intermunicipal Viseu D\u00e3o Laf\u00f5es","Pa\u00eds","Regi\u00e3o","Viseu"],"inLanguage":"pt-PT"},{"@type":"WebPage","@id":"http:\/\/obeirao.pt\/online\/2021\/12\/22\/assembleia-municipal-de-viseu-exige-urgencia-nas-obras-do-ip3\/","url":"http:\/\/obeirao.pt\/online\/2021\/12\/22\/assembleia-municipal-de-viseu-exige-urgencia-nas-obras-do-ip3\/","name":"ASSEMBLEIA MUNICIPAL DE VISEU EXIGE URG\u00caNCIA NAS OBRAS DO IP3 - Beir\u00e3o Online","isPartOf":{"@id":"http:\/\/obeirao.pt\/online\/#website"},"primaryImageOfPage":{"@id":"http:\/\/obeirao.pt\/online\/2021\/12\/22\/assembleia-municipal-de-viseu-exige-urgencia-nas-obras-do-ip3\/#primaryimage"},"image":{"@id":"http:\/\/obeirao.pt\/online\/2021\/12\/22\/assembleia-municipal-de-viseu-exige-urgencia-nas-obras-do-ip3\/#primaryimage"},"thumbnailUrl":"http:\/\/obeirao.pt\/online\/wp-content\/uploads\/2021\/12\/IP-3-8.jpg","datePublished":"2021-12-22T21:22:19+00:00","dateModified":"2021-12-22T21:22:40+00:00","author":{"@id":"http:\/\/obeirao.pt\/online\/#\/schema\/person\/efac69bb5a33873e1c1bb9c1165ff38c"},"breadcrumb":{"@id":"http:\/\/obeirao.pt\/online\/2021\/12\/22\/assembleia-municipal-de-viseu-exige-urgencia-nas-obras-do-ip3\/#breadcrumb"},"inLanguage":"pt-PT","potentialAction":[{"@type":"ReadAction","target":["http:\/\/obeirao.pt\/online\/2021\/12\/22\/assembleia-municipal-de-viseu-exige-urgencia-nas-obras-do-ip3\/"]}]},{"@type":"ImageObject","inLanguage":"pt-PT","@id":"http:\/\/obeirao.pt\/online\/2021\/12\/22\/assembleia-municipal-de-viseu-exige-urgencia-nas-obras-do-ip3\/#primaryimage","url":"http:\/\/obeirao.pt\/online\/wp-content\/uploads\/2021\/12\/IP-3-8.jpg","contentUrl":"http:\/\/obeirao.pt\/online\/wp-content\/uploads\/2021\/12\/IP-3-8.jpg","width":818,"height":455},{"@type":"BreadcrumbList","@id":"http:\/\/obeirao.pt\/online\/2021\/12\/22\/assembleia-municipal-de-viseu-exige-urgencia-nas-obras-do-ip3\/#breadcrumb","itemListElement":[{"@type":"ListItem","position":1,"name":"Home","item":"http:\/\/obeirao.pt\/online\/"},{"@type":"ListItem","position":2,"name":"ASSEMBLEIA MUNICIPAL DE VISEU EXIGE URG\u00caNCIA NAS OBRAS DO IP3"}]},{"@type":"WebSite","@id":"http:\/\/obeirao.pt\/online\/#website","url":"http:\/\/obeirao.pt\/online\/","name":"Beir\u00e3o Online","description":"www.obeirao.pt","potentialAction":[{"@type":"SearchAction","target":{"@type":"EntryPoint","urlTemplate":"http:\/\/obeirao.pt\/online\/?s={search_term_string}"},"query-input":{"@type":"PropertyValueSpecification","valueRequired":true,"valueName":"search_term_string"}}],"inLanguage":"pt-PT"},{"@type":"Person","@id":"http:\/\/obeirao.pt\/online\/#\/schema\/person\/efac69bb5a33873e1c1bb9c1165ff38c","name":"Z\u00e9 Beir\u00e3o","image":{"@type":"ImageObject","inLanguage":"pt-PT","@id":"http:\/\/0.gravatar.com\/avatar\/c8c44d1f9327baa4d27e9b1149cd71b3?s=96&d=mm&r=g","url":"http:\/\/0.gravatar.com\/avatar\/c8c44d1f9327baa4d27e9b1149cd71b3?s=96&d=mm&r=g","contentUrl":"http:\/\/0.gravatar.com\/avatar\/c8c44d1f9327baa4d27e9b1149cd71b3?s=96&d=mm&r=g","caption":"Z\u00e9 Beir\u00e3o"},"url":"http:\/\/obeirao.pt\/online\/author\/zebeirao\/"}]}},"_links":{"self":[{"href":"http:\/\/obeirao.pt\/online\/wp-json\/wp\/v2\/posts\/6776"}],"collection":[{"href":"http:\/\/obeirao.pt\/online\/wp-json\/wp\/v2\/posts"}],"about":[{"href":"http:\/\/obeirao.pt\/online\/wp-json\/wp\/v2\/types\/post"}],"author":[{"embeddable":true,"href":"http:\/\/obeirao.pt\/online\/wp-json\/wp\/v2\/users\/2"}],"replies":[{"embeddable":true,"href":"http:\/\/obeirao.pt\/online\/wp-json\/wp\/v2\/comments?post=6776"}],"version-history":[{"count":1,"href":"http:\/\/obeirao.pt\/online\/wp-json\/wp\/v2\/posts\/6776\/revisions"}],"predecessor-version":[{"id":6778,"href":"http:\/\/obeirao.pt\/online\/wp-json\/wp\/v2\/posts\/6776\/revisions\/6778"}],"wp:featuredmedia":[{"embeddable":true,"href":"http:\/\/obeirao.pt\/online\/wp-json\/wp\/v2\/media\/6777"}],"wp:attachment":[{"href":"http:\/\/obeirao.pt\/online\/wp-json\/wp\/v2\/media?parent=6776"}],"wp:term":[{"taxonomy":"category","embeddable":true,"href":"http:\/\/obeirao.pt\/online\/wp-json\/wp\/v2\/categories?post=6776"},{"taxonomy":"post_tag","embeddable":true,"href":"http:\/\/obeirao.pt\/online\/wp-json\/wp\/v2\/tags?post=6776"}],"curies":[{"name":"wp","href":"https:\/\/api.w.org\/{rel}","templated":true}]}}