{"id":6838,"date":"2021-12-30T22:27:59","date_gmt":"2021-12-30T22:27:59","guid":{"rendered":"http:\/\/obeirao.pt\/online\/?p=6838"},"modified":"2021-12-30T22:29:03","modified_gmt":"2021-12-30T22:29:03","slug":"presidente-do-municipio-de-tondela-pede-suspensao-do-mandato","status":"publish","type":"post","link":"http:\/\/obeirao.pt\/online\/2021\/12\/30\/presidente-do-municipio-de-tondela-pede-suspensao-do-mandato\/","title":{"rendered":"PRESIDENTE DO MUNIC\u00cdPIO DE TONDELA PEDE SUSPENS\u00c3O DO MANDATO"},"content":{"rendered":"<span class=\"span-reading-time rt-reading-time\" style=\"display: block;\"><span class=\"rt-label rt-prefix\">tempo de leitura:<\/span> <span class=\"rt-time\"> 2<\/span> <span class=\"rt-label rt-postfix\">minutos<\/span><\/span><p><a href=\"http:\/\/obeirao.pt\/online\/wp-content\/uploads\/2021\/12\/JA-Jesus-PCTondela-1-scaled.jpeg\"><img loading=\"lazy\" decoding=\"async\" class=\"wp-image-6839 size-medium alignleft\" src=\"http:\/\/obeirao.pt\/online\/wp-content\/uploads\/2021\/12\/JA-Jesus-PCTondela-1-223x300.jpeg\" alt=\"\" width=\"223\" height=\"300\" srcset=\"http:\/\/obeirao.pt\/online\/wp-content\/uploads\/2021\/12\/JA-Jesus-PCTondela-1-223x300.jpeg 223w, http:\/\/obeirao.pt\/online\/wp-content\/uploads\/2021\/12\/JA-Jesus-PCTondela-1-scaled.jpeg 761w, http:\/\/obeirao.pt\/online\/wp-content\/uploads\/2021\/12\/JA-Jesus-PCTondela-1-768x1033.jpeg 768w, http:\/\/obeirao.pt\/online\/wp-content\/uploads\/2021\/12\/JA-Jesus-PCTondela-1-640x861.jpeg 640w\" sizes=\"(max-width: 223px) 100vw, 223px\" \/><\/a><\/p>\n<p><strong><span style=\"font-family: georgia, palatino, serif\"><span style=\"font-size: 18pt;color: #ff0000;background-color: #ffff00\">\u00daLTIMA HORA\u00a0 &#8211; <\/span><em>\u00a0<span style=\"font-size: 14pt\">Acabamos de tomar conhecimento de que o presidente da C\u00e2mara Municipal de Tondela, Jos\u00e9 Ant\u00f3nio de Jesus, tomou a decis\u00e3o, esta tarde, de suspender o seu mandato, segundo um comunicado da Comiss\u00e3o Pol\u00edtica de Sec\u00e7\u00e3o do PSD de Tondela.<\/span><\/em><!--more--><\/span><\/strong><\/p>\n<p><strong><span style=\"font-family: georgia, palatino, serif\">\u201cO Senhor Presidente da Camara Municipal de Tondela informou a Comiss\u00e3o Pol\u00edtica de Tondela do PSD da sua decis\u00e3o de suspender o seu mandato\u201d, diz a comiss\u00e3o num comunicado enviado ao nosso jornal e continua:<\/span><\/strong><\/p>\n<p><strong><span style=\"font-family: georgia, palatino, serif\">A CPS PSD de Tondela come\u00e7a por exprimir o seu p\u00fablico e profundo agradecimento ao Dr. Jos\u00e9 Ant\u00f3nio Jesus pelo seu esfor\u00e7o e empenho ao longo de anos de servi\u00e7o aut\u00e1rquico como Presidente da C\u00e2mara, Vereador e Membro da Assembleia Municipal e que tanto contribu\u00edram para o desenvolvimento do Munic\u00edpio de Tondela e para a prof\u00edcua implementa\u00e7\u00e3o e implanta\u00e7\u00e3o do projeto pol\u00edtico do PSD no concelho de Tondela.<\/span><\/strong><\/p>\n<p><strong><span style=\"font-family: georgia, palatino, serif\">A CPS compreende e expressou a sua concord\u00e2ncia com a suspens\u00e3o do mandato do Dr. Jos\u00e9 Antonio Jesus.<\/span><\/strong><\/p>\n<p><strong><span style=\"font-family: georgia, palatino, serif\">Aquela decis\u00e3o pessoal, tomada no plano pol\u00edtico, honra os compromissos e a identidade de sempre do PSD de Tondela, que coloca sempre o interesse p\u00fablico municipal acima de interesses partid\u00e1rios ou particulares.<\/span><\/strong><\/p>\n<p><strong><span style=\"font-family: georgia, palatino, serif\">A CPS do PSD de Tondela acredita e defende hoje, como sempre, o respeito integral pela presun\u00e7\u00e3o da inoc\u00eancia, que por todos deve ser respeitada.<\/span><\/strong><\/p>\n<p><strong><span style=\"font-family: georgia, palatino, serif\">A CPS do PSD Tondela afirma a total confian\u00e7a na continuidade do projeto aut\u00e1rquico do PSD, sucessivamente escolhido democraticamente pelos eleitores do Concelho de Tondela ao longo de mais de tr\u00eas d\u00e9cadas e que tem contribu\u00eddo para tornar este um dos munic\u00edpios mais desenvolvidos e com melhores n\u00edveis econ\u00f3micos e de bem-estar de todo o Interior do Pa\u00eds.<\/span><\/strong><\/p>\n<p><strong><span style=\"font-family: georgia, palatino, serif\">Tamb\u00e9m exprime total confian\u00e7a na continuidade das apostas no desenvolvimento econ\u00f3mico, na atra\u00e7\u00e3o de investimento e emprego qualificado, na promo\u00e7\u00e3o do turismo e produtos end\u00f3genos, no refor\u00e7o da melhoria das condi\u00e7\u00f5es de qualidade de vida designadamente na educa\u00e7\u00e3o, sa\u00fade, ambiente, habita\u00e7\u00e3o, solidariedade social, transportes, cultura e desporto.<\/span><\/strong><\/p>\n<p><strong><span style=\"font-family: georgia, palatino, serif\">A Comiss\u00e3o Pol\u00edtica do PSD de Tondela expressa total apoio e confian\u00e7a na capacidade e compromisso dos subsequentes eleitos do PSD para o Executivo Municipal &#8211; Carla Antunes Borges, Jo\u00e3o Carlos Figueiredo, Sofia Sim\u00f5es Ferreira e Jo\u00e3o Duarte &#8211; para desempenharem os seus mandatos dando continuidade ao projeto aut\u00e1rquico do PSD e aos compromissos assumidos, aprofundando permanentemente a proximidade e o envolvimento com os autarcas do munic\u00edpio, com a comunidade local e as suas for\u00e7as vivas, na plenitude das dezanove freguesias do nosso concelho.<\/span><\/strong><\/p>\n<p><strong><span style=\"font-family: georgia, palatino, serif\">Num momento de continuidade de pol\u00edticas, de projeto e de equipas, o PSD de Tondela reafirma e o refor\u00e7o do nosso compromisso de sempre com os Tondelenses, pelo desenvolvimento econ\u00f3mico e social e o bem-estar no Concelho de Tondela.<\/span><\/strong><\/p>\n<p><strong><span style=\"font-family: georgia, palatino, serif\">Hoje e sempre, Por Tondela \u00e0 Frente!<\/span><\/strong><\/p>\n<p><strong><span style=\"font-family: georgia, palatino, serif\">Tondela, 30 de dezembro de 2021<\/span><\/strong><\/p>\n<p><strong><span style=\"font-family: georgia, palatino, serif\">A Comiss\u00e3o Pol\u00edtica de Sec\u00e7\u00e3o do PSD de Tondela<\/span><\/strong><\/p>\n","protected":false},"excerpt":{"rendered":"<div class=\"mh-excerpt\"><span class=\"span-reading-time rt-reading-time\" style=\"display: block;\"><span class=\"rt-label rt-prefix\">tempo de leitura:<\/span> <span class=\"rt-time\"> 2<\/span> <span class=\"rt-label rt-postfix\">minutos<\/span><\/span>\u00daLTIMA HORA\u00a0 &#8211; \u00a0Acabamos de tomar conhecimento de que o presidente da C\u00e2mara Municipal de Tondela, Jos\u00e9 Ant\u00f3nio de Jesus, tomou a decis\u00e3o, esta tarde, <a class=\"mh-excerpt-more\" href=\"http:\/\/obeirao.pt\/online\/2021\/12\/30\/presidente-do-municipio-de-tondela-pede-suspensao-do-mandato\/\" title=\"PRESIDENTE DO MUNIC\u00cdPIO DE TONDELA PEDE SUSPENS\u00c3O DO MANDATO\">[&#8230;]<\/a><\/div>\n","protected":false},"author":2,"featured_media":6839,"comment_status":"closed","ping_status":"closed","sticky":false,"template":"","format":"standard","meta":{"footnotes":""},"categories":[2,5,188,6,4,63],"tags":[],"class_list":["post-6838","post","type-post","status-publish","format-standard","has-post-thumbnail","hentry","category-principal","category-cidade","category-comunidade-intermunicipal-viseu-dao-lafoes","category-pais","category-regiao","category-tondela"],"yoast_head":"<!-- This site is optimized with the Yoast SEO plugin v27.4 - https:\/\/yoast.com\/product\/yoast-seo-wordpress\/ -->\n<title>PRESIDENTE DO MUNIC\u00cdPIO DE TONDELA PEDE SUSPENS\u00c3O DO MANDATO - Beir\u00e3o Online<\/title>\n<meta name=\"robots\" content=\"index, follow, max-snippet:-1, max-image-preview:large, max-video-preview:-1\" \/>\n<link rel=\"canonical\" href=\"http:\/\/obeirao.pt\/online\/2021\/12\/30\/presidente-do-municipio-de-tondela-pede-suspensao-do-mandato\/\" \/>\n<meta property=\"og:locale\" content=\"pt_PT\" \/>\n<meta property=\"og:type\" content=\"article\" \/>\n<meta property=\"og:title\" content=\"PRESIDENTE DO MUNIC\u00cdPIO DE TONDELA PEDE SUSPENS\u00c3O DO MANDATO - Beir\u00e3o Online\" \/>\n<meta property=\"og:description\" content=\"tempo de leitura: 2 minutos\u00daLTIMA HORA\u00a0 &#8211; \u00a0Acabamos de tomar conhecimento de que o presidente da C\u00e2mara Municipal de Tondela, Jos\u00e9 Ant\u00f3nio de Jesus, tomou a decis\u00e3o, esta tarde, [...]\" \/>\n<meta property=\"og:url\" content=\"http:\/\/obeirao.pt\/online\/2021\/12\/30\/presidente-do-municipio-de-tondela-pede-suspensao-do-mandato\/\" \/>\n<meta property=\"og:site_name\" content=\"Beir\u00e3o Online\" \/>\n<meta property=\"article:publisher\" content=\"https:\/\/pt-br.facebook.com\/pages\/Amigos-de-Tondela\/273620439973877\" \/>\n<meta property=\"article:published_time\" content=\"2021-12-30T22:27:59+00:00\" \/>\n<meta property=\"article:modified_time\" content=\"2021-12-30T22:29:03+00:00\" \/>\n<meta property=\"og:image\" content=\"http:\/\/obeirao.pt\/online\/wp-content\/uploads\/2021\/12\/JA-Jesus-PCTondela-1-scaled.jpeg\" \/>\n\t<meta property=\"og:image:width\" content=\"761\" \/>\n\t<meta property=\"og:image:height\" content=\"1024\" \/>\n\t<meta property=\"og:image:type\" content=\"image\/jpeg\" \/>\n<meta name=\"author\" content=\"Z\u00e9 Beir\u00e3o\" \/>\n<meta name=\"twitter:card\" content=\"summary_large_image\" \/>\n<meta name=\"twitter:creator\" content=\"@JoaquimDuarteP2\" \/>\n<meta name=\"twitter:site\" content=\"@JoaquimDuarteP2\" \/>\n<meta name=\"twitter:label1\" content=\"Escrito por\" \/>\n\t<meta name=\"twitter:data1\" content=\"Z\u00e9 Beir\u00e3o\" \/>\n\t<meta name=\"twitter:label2\" content=\"Tempo estimado de leitura\" \/>\n\t<meta name=\"twitter:data2\" content=\"3 minutos\" \/>\n<script type=\"application\/ld+json\" class=\"yoast-schema-graph\">{\"@context\":\"https:\\\/\\\/schema.org\",\"@graph\":[{\"@type\":\"Article\",\"@id\":\"http:\\\/\\\/obeirao.pt\\\/online\\\/2021\\\/12\\\/30\\\/presidente-do-municipio-de-tondela-pede-suspensao-do-mandato\\\/#article\",\"isPartOf\":{\"@id\":\"http:\\\/\\\/obeirao.pt\\\/online\\\/2021\\\/12\\\/30\\\/presidente-do-municipio-de-tondela-pede-suspensao-do-mandato\\\/\"},\"author\":{\"name\":\"Z\u00e9 Beir\u00e3o\",\"@id\":\"http:\\\/\\\/obeirao.pt\\\/online\\\/#\\\/schema\\\/person\\\/efac69bb5a33873e1c1bb9c1165ff38c\"},\"headline\":\"PRESIDENTE DO MUNIC\u00cdPIO DE TONDELA PEDE SUSPENS\u00c3O DO MANDATO\",\"datePublished\":\"2021-12-30T22:27:59+00:00\",\"dateModified\":\"2021-12-30T22:29:03+00:00\",\"mainEntityOfPage\":{\"@id\":\"http:\\\/\\\/obeirao.pt\\\/online\\\/2021\\\/12\\\/30\\\/presidente-do-municipio-de-tondela-pede-suspensao-do-mandato\\\/\"},\"wordCount\":544,\"image\":{\"@id\":\"http:\\\/\\\/obeirao.pt\\\/online\\\/2021\\\/12\\\/30\\\/presidente-do-municipio-de-tondela-pede-suspensao-do-mandato\\\/#primaryimage\"},\"thumbnailUrl\":\"http:\\\/\\\/obeirao.pt\\\/online\\\/wp-content\\\/uploads\\\/2021\\\/12\\\/JA-Jesus-PCTondela-1-scaled.jpeg\",\"articleSection\":[\"_Principal\",\"Cidade\",\"Comunidade Intermunicipal Viseu D\u00e3o Laf\u00f5es\",\"Pa\u00eds\",\"Regi\u00e3o\",\"Tondela\"],\"inLanguage\":\"pt-PT\"},{\"@type\":\"WebPage\",\"@id\":\"http:\\\/\\\/obeirao.pt\\\/online\\\/2021\\\/12\\\/30\\\/presidente-do-municipio-de-tondela-pede-suspensao-do-mandato\\\/\",\"url\":\"http:\\\/\\\/obeirao.pt\\\/online\\\/2021\\\/12\\\/30\\\/presidente-do-municipio-de-tondela-pede-suspensao-do-mandato\\\/\",\"name\":\"PRESIDENTE DO MUNIC\u00cdPIO DE TONDELA PEDE SUSPENS\u00c3O DO MANDATO - Beir\u00e3o Online\",\"isPartOf\":{\"@id\":\"http:\\\/\\\/obeirao.pt\\\/online\\\/#website\"},\"primaryImageOfPage\":{\"@id\":\"http:\\\/\\\/obeirao.pt\\\/online\\\/2021\\\/12\\\/30\\\/presidente-do-municipio-de-tondela-pede-suspensao-do-mandato\\\/#primaryimage\"},\"image\":{\"@id\":\"http:\\\/\\\/obeirao.pt\\\/online\\\/2021\\\/12\\\/30\\\/presidente-do-municipio-de-tondela-pede-suspensao-do-mandato\\\/#primaryimage\"},\"thumbnailUrl\":\"http:\\\/\\\/obeirao.pt\\\/online\\\/wp-content\\\/uploads\\\/2021\\\/12\\\/JA-Jesus-PCTondela-1-scaled.jpeg\",\"datePublished\":\"2021-12-30T22:27:59+00:00\",\"dateModified\":\"2021-12-30T22:29:03+00:00\",\"author\":{\"@id\":\"http:\\\/\\\/obeirao.pt\\\/online\\\/#\\\/schema\\\/person\\\/efac69bb5a33873e1c1bb9c1165ff38c\"},\"breadcrumb\":{\"@id\":\"http:\\\/\\\/obeirao.pt\\\/online\\\/2021\\\/12\\\/30\\\/presidente-do-municipio-de-tondela-pede-suspensao-do-mandato\\\/#breadcrumb\"},\"inLanguage\":\"pt-PT\",\"potentialAction\":[{\"@type\":\"ReadAction\",\"target\":[\"http:\\\/\\\/obeirao.pt\\\/online\\\/2021\\\/12\\\/30\\\/presidente-do-municipio-de-tondela-pede-suspensao-do-mandato\\\/\"]}]},{\"@type\":\"ImageObject\",\"inLanguage\":\"pt-PT\",\"@id\":\"http:\\\/\\\/obeirao.pt\\\/online\\\/2021\\\/12\\\/30\\\/presidente-do-municipio-de-tondela-pede-suspensao-do-mandato\\\/#primaryimage\",\"url\":\"http:\\\/\\\/obeirao.pt\\\/online\\\/wp-content\\\/uploads\\\/2021\\\/12\\\/JA-Jesus-PCTondela-1-scaled.jpeg\",\"contentUrl\":\"http:\\\/\\\/obeirao.pt\\\/online\\\/wp-content\\\/uploads\\\/2021\\\/12\\\/JA-Jesus-PCTondela-1-scaled.jpeg\",\"width\":761,\"height\":1024,\"caption\":\"OLYMPUS DIGITAL CAMERA\"},{\"@type\":\"BreadcrumbList\",\"@id\":\"http:\\\/\\\/obeirao.pt\\\/online\\\/2021\\\/12\\\/30\\\/presidente-do-municipio-de-tondela-pede-suspensao-do-mandato\\\/#breadcrumb\",\"itemListElement\":[{\"@type\":\"ListItem\",\"position\":1,\"name\":\"Home\",\"item\":\"http:\\\/\\\/obeirao.pt\\\/online\\\/\"},{\"@type\":\"ListItem\",\"position\":2,\"name\":\"PRESIDENTE DO MUNIC\u00cdPIO DE TONDELA PEDE SUSPENS\u00c3O DO MANDATO\"}]},{\"@type\":\"WebSite\",\"@id\":\"http:\\\/\\\/obeirao.pt\\\/online\\\/#website\",\"url\":\"http:\\\/\\\/obeirao.pt\\\/online\\\/\",\"name\":\"Beir\u00e3o Online\",\"description\":\"www.obeirao.pt\",\"potentialAction\":[{\"@type\":\"SearchAction\",\"target\":{\"@type\":\"EntryPoint\",\"urlTemplate\":\"http:\\\/\\\/obeirao.pt\\\/online\\\/?s={search_term_string}\"},\"query-input\":{\"@type\":\"PropertyValueSpecification\",\"valueRequired\":true,\"valueName\":\"search_term_string\"}}],\"inLanguage\":\"pt-PT\"},{\"@type\":\"Person\",\"@id\":\"http:\\\/\\\/obeirao.pt\\\/online\\\/#\\\/schema\\\/person\\\/efac69bb5a33873e1c1bb9c1165ff38c\",\"name\":\"Z\u00e9 Beir\u00e3o\",\"image\":{\"@type\":\"ImageObject\",\"inLanguage\":\"pt-PT\",\"@id\":\"http:\\\/\\\/0.gravatar.com\\\/avatar\\\/c8c44d1f9327baa4d27e9b1149cd71b3?s=96&d=mm&r=g\",\"url\":\"http:\\\/\\\/0.gravatar.com\\\/avatar\\\/c8c44d1f9327baa4d27e9b1149cd71b3?s=96&d=mm&r=g\",\"contentUrl\":\"http:\\\/\\\/0.gravatar.com\\\/avatar\\\/c8c44d1f9327baa4d27e9b1149cd71b3?s=96&d=mm&r=g\",\"caption\":\"Z\u00e9 Beir\u00e3o\"},\"url\":\"http:\\\/\\\/obeirao.pt\\\/online\\\/author\\\/zebeirao\\\/\"}]}<\/script>\n<!-- \/ Yoast SEO plugin. -->","yoast_head_json":{"title":"PRESIDENTE DO MUNIC\u00cdPIO DE TONDELA PEDE SUSPENS\u00c3O DO MANDATO - Beir\u00e3o Online","robots":{"index":"index","follow":"follow","max-snippet":"max-snippet:-1","max-image-preview":"max-image-preview:large","max-video-preview":"max-video-preview:-1"},"canonical":"http:\/\/obeirao.pt\/online\/2021\/12\/30\/presidente-do-municipio-de-tondela-pede-suspensao-do-mandato\/","og_locale":"pt_PT","og_type":"article","og_title":"PRESIDENTE DO MUNIC\u00cdPIO DE TONDELA PEDE SUSPENS\u00c3O DO MANDATO - Beir\u00e3o Online","og_description":"tempo de leitura: 2 minutos\u00daLTIMA HORA\u00a0 &#8211; \u00a0Acabamos de tomar conhecimento de que o presidente da C\u00e2mara Municipal de Tondela, Jos\u00e9 Ant\u00f3nio de Jesus, tomou a decis\u00e3o, esta tarde, [...]","og_url":"http:\/\/obeirao.pt\/online\/2021\/12\/30\/presidente-do-municipio-de-tondela-pede-suspensao-do-mandato\/","og_site_name":"Beir\u00e3o Online","article_publisher":"https:\/\/pt-br.facebook.com\/pages\/Amigos-de-Tondela\/273620439973877","article_published_time":"2021-12-30T22:27:59+00:00","article_modified_time":"2021-12-30T22:29:03+00:00","og_image":[{"width":761,"height":1024,"url":"http:\/\/obeirao.pt\/online\/wp-content\/uploads\/2021\/12\/JA-Jesus-PCTondela-1-scaled.jpeg","type":"image\/jpeg"}],"author":"Z\u00e9 Beir\u00e3o","twitter_card":"summary_large_image","twitter_creator":"@JoaquimDuarteP2","twitter_site":"@JoaquimDuarteP2","twitter_misc":{"Escrito por":"Z\u00e9 Beir\u00e3o","Tempo estimado de leitura":"3 minutos"},"schema":{"@context":"https:\/\/schema.org","@graph":[{"@type":"Article","@id":"http:\/\/obeirao.pt\/online\/2021\/12\/30\/presidente-do-municipio-de-tondela-pede-suspensao-do-mandato\/#article","isPartOf":{"@id":"http:\/\/obeirao.pt\/online\/2021\/12\/30\/presidente-do-municipio-de-tondela-pede-suspensao-do-mandato\/"},"author":{"name":"Z\u00e9 Beir\u00e3o","@id":"http:\/\/obeirao.pt\/online\/#\/schema\/person\/efac69bb5a33873e1c1bb9c1165ff38c"},"headline":"PRESIDENTE DO MUNIC\u00cdPIO DE TONDELA PEDE SUSPENS\u00c3O DO MANDATO","datePublished":"2021-12-30T22:27:59+00:00","dateModified":"2021-12-30T22:29:03+00:00","mainEntityOfPage":{"@id":"http:\/\/obeirao.pt\/online\/2021\/12\/30\/presidente-do-municipio-de-tondela-pede-suspensao-do-mandato\/"},"wordCount":544,"image":{"@id":"http:\/\/obeirao.pt\/online\/2021\/12\/30\/presidente-do-municipio-de-tondela-pede-suspensao-do-mandato\/#primaryimage"},"thumbnailUrl":"http:\/\/obeirao.pt\/online\/wp-content\/uploads\/2021\/12\/JA-Jesus-PCTondela-1-scaled.jpeg","articleSection":["_Principal","Cidade","Comunidade Intermunicipal Viseu D\u00e3o Laf\u00f5es","Pa\u00eds","Regi\u00e3o","Tondela"],"inLanguage":"pt-PT"},{"@type":"WebPage","@id":"http:\/\/obeirao.pt\/online\/2021\/12\/30\/presidente-do-municipio-de-tondela-pede-suspensao-do-mandato\/","url":"http:\/\/obeirao.pt\/online\/2021\/12\/30\/presidente-do-municipio-de-tondela-pede-suspensao-do-mandato\/","name":"PRESIDENTE DO MUNIC\u00cdPIO DE TONDELA PEDE SUSPENS\u00c3O DO MANDATO - Beir\u00e3o Online","isPartOf":{"@id":"http:\/\/obeirao.pt\/online\/#website"},"primaryImageOfPage":{"@id":"http:\/\/obeirao.pt\/online\/2021\/12\/30\/presidente-do-municipio-de-tondela-pede-suspensao-do-mandato\/#primaryimage"},"image":{"@id":"http:\/\/obeirao.pt\/online\/2021\/12\/30\/presidente-do-municipio-de-tondela-pede-suspensao-do-mandato\/#primaryimage"},"thumbnailUrl":"http:\/\/obeirao.pt\/online\/wp-content\/uploads\/2021\/12\/JA-Jesus-PCTondela-1-scaled.jpeg","datePublished":"2021-12-30T22:27:59+00:00","dateModified":"2021-12-30T22:29:03+00:00","author":{"@id":"http:\/\/obeirao.pt\/online\/#\/schema\/person\/efac69bb5a33873e1c1bb9c1165ff38c"},"breadcrumb":{"@id":"http:\/\/obeirao.pt\/online\/2021\/12\/30\/presidente-do-municipio-de-tondela-pede-suspensao-do-mandato\/#breadcrumb"},"inLanguage":"pt-PT","potentialAction":[{"@type":"ReadAction","target":["http:\/\/obeirao.pt\/online\/2021\/12\/30\/presidente-do-municipio-de-tondela-pede-suspensao-do-mandato\/"]}]},{"@type":"ImageObject","inLanguage":"pt-PT","@id":"http:\/\/obeirao.pt\/online\/2021\/12\/30\/presidente-do-municipio-de-tondela-pede-suspensao-do-mandato\/#primaryimage","url":"http:\/\/obeirao.pt\/online\/wp-content\/uploads\/2021\/12\/JA-Jesus-PCTondela-1-scaled.jpeg","contentUrl":"http:\/\/obeirao.pt\/online\/wp-content\/uploads\/2021\/12\/JA-Jesus-PCTondela-1-scaled.jpeg","width":761,"height":1024,"caption":"OLYMPUS DIGITAL CAMERA"},{"@type":"BreadcrumbList","@id":"http:\/\/obeirao.pt\/online\/2021\/12\/30\/presidente-do-municipio-de-tondela-pede-suspensao-do-mandato\/#breadcrumb","itemListElement":[{"@type":"ListItem","position":1,"name":"Home","item":"http:\/\/obeirao.pt\/online\/"},{"@type":"ListItem","position":2,"name":"PRESIDENTE DO MUNIC\u00cdPIO DE TONDELA PEDE SUSPENS\u00c3O DO MANDATO"}]},{"@type":"WebSite","@id":"http:\/\/obeirao.pt\/online\/#website","url":"http:\/\/obeirao.pt\/online\/","name":"Beir\u00e3o Online","description":"www.obeirao.pt","potentialAction":[{"@type":"SearchAction","target":{"@type":"EntryPoint","urlTemplate":"http:\/\/obeirao.pt\/online\/?s={search_term_string}"},"query-input":{"@type":"PropertyValueSpecification","valueRequired":true,"valueName":"search_term_string"}}],"inLanguage":"pt-PT"},{"@type":"Person","@id":"http:\/\/obeirao.pt\/online\/#\/schema\/person\/efac69bb5a33873e1c1bb9c1165ff38c","name":"Z\u00e9 Beir\u00e3o","image":{"@type":"ImageObject","inLanguage":"pt-PT","@id":"http:\/\/0.gravatar.com\/avatar\/c8c44d1f9327baa4d27e9b1149cd71b3?s=96&d=mm&r=g","url":"http:\/\/0.gravatar.com\/avatar\/c8c44d1f9327baa4d27e9b1149cd71b3?s=96&d=mm&r=g","contentUrl":"http:\/\/0.gravatar.com\/avatar\/c8c44d1f9327baa4d27e9b1149cd71b3?s=96&d=mm&r=g","caption":"Z\u00e9 Beir\u00e3o"},"url":"http:\/\/obeirao.pt\/online\/author\/zebeirao\/"}]}},"_links":{"self":[{"href":"http:\/\/obeirao.pt\/online\/wp-json\/wp\/v2\/posts\/6838"}],"collection":[{"href":"http:\/\/obeirao.pt\/online\/wp-json\/wp\/v2\/posts"}],"about":[{"href":"http:\/\/obeirao.pt\/online\/wp-json\/wp\/v2\/types\/post"}],"author":[{"embeddable":true,"href":"http:\/\/obeirao.pt\/online\/wp-json\/wp\/v2\/users\/2"}],"replies":[{"embeddable":true,"href":"http:\/\/obeirao.pt\/online\/wp-json\/wp\/v2\/comments?post=6838"}],"version-history":[{"count":3,"href":"http:\/\/obeirao.pt\/online\/wp-json\/wp\/v2\/posts\/6838\/revisions"}],"predecessor-version":[{"id":6842,"href":"http:\/\/obeirao.pt\/online\/wp-json\/wp\/v2\/posts\/6838\/revisions\/6842"}],"wp:featuredmedia":[{"embeddable":true,"href":"http:\/\/obeirao.pt\/online\/wp-json\/wp\/v2\/media\/6839"}],"wp:attachment":[{"href":"http:\/\/obeirao.pt\/online\/wp-json\/wp\/v2\/media?parent=6838"}],"wp:term":[{"taxonomy":"category","embeddable":true,"href":"http:\/\/obeirao.pt\/online\/wp-json\/wp\/v2\/categories?post=6838"},{"taxonomy":"post_tag","embeddable":true,"href":"http:\/\/obeirao.pt\/online\/wp-json\/wp\/v2\/tags?post=6838"}],"curies":[{"name":"wp","href":"https:\/\/api.w.org\/{rel}","templated":true}]}}